{"id":18240,"date":"2010-12-29T11:54:48","date_gmt":"2010-12-29T14:54:48","guid":{"rendered":"http:\/\/www.inclusive.org.br\/?p=18240"},"modified":"2010-12-29T11:54:48","modified_gmt":"2010-12-29T14:54:48","slug":"quem-sabe-faz-a-hora-participacao-direta-cidadania-muito-alem-das-eleicoes","status":"publish","type":"post","link":"https:\/\/inclusivenews.com.br\/?p=18240","title":{"rendered":"Quem sabe faz a hora! Participa\u00e7\u00e3o Direta: cidadania muito al\u00e9m das elei\u00e7\u00f5es"},"content":{"rendered":"<p><a href=\"http:\/\/www.inclusivenews.com.br\/wp-content\/uploads\/2010\/04\/inclusive_revista_viracao.jpg\"><img loading=\"lazy\" decoding=\"async\" class=\"alignleft size-full wp-image-14930\" title=\"Inclusive - Revista Vira\u00e7\u00e3o - mudan\u00e7a, atitude e ousadia jovem.\" src=\"http:\/\/inclusivenews.com.br\/wp-content\/uploads\/2010\/04\/inclusive_revista_viracao.jpg\" alt=\"\" width=\"230\" height=\"180\" \/><\/a>Alessandro Muniz, Bruna Lopes, Da\u00edsa Alves, Eider Madeiros, Nadjara Martins, Philipe Barros, do Virajovem Natal (RN)*<\/p>\n<p>&#8220;Vivendo em coletividade, o bem estar de todos \u00e9 responsabilidade de cada cidad\u00e3o. E votar no per\u00edodo das elei\u00e7\u00f5es n\u00e3o \u00e9 a \u00fanica maneira de participar no cotidiano da sociedade em busca de sua constante melhoria. Podemos e devemos exercer a Participa\u00e7\u00e3o Direta, fazendo parte dos processos de decis\u00e3o e criando iniciativas que contribuem para melhorar nossa realidade, e muita gente faz isso no dia-a-dia. Vamos mostrar s\u00f3 alguns exemplos de como nossa atitude pode provocar mudan\u00e7as concretas.<\/p>\n<p>Mara Farias, de 19 anos, \u00e9 membro do Conselho Comunit\u00e1rio Padre Jo\u00e3o Maria, do bairro de Felipe Camar\u00e3o, zona oeste de Natal (RN), como coordenadora de cultura e juventude. Esse \u00e9 um dos dois conselhos que abrangem a regi\u00e3o onde moram cerca de 80 mil pessoas. A jovem conta que as decis\u00f5es da organiza\u00e7\u00e3o s\u00e3o feitas por meio de colegiado, com participa\u00e7\u00e3o de todos os coordenadores, n\u00e3o s\u00f3 do presidente.<\/p>\n<p>O Conselho atua como parceiro e apoia as iniciativas existentes no bairro, como a Biblioteca Comunit\u00e1ria F\u00e9 e Alegria, promovido pela ONG espanhola de mesmo nome, o Projeto de Extens\u00e3o da UFRN Sa\u00fade e Cidadania (Saci), grupos de capoeira, teatro, dan\u00e7a, de terapia e arte para idosos, escolas de samba locais, teatro de mamulengos etc.<\/p>\n<p>Al\u00e9m disso, cobra do poder p\u00fablico constantes melhorias para a comunidade. &#8220;gra\u00e7as ao Conselho, as ruas do bairro est\u00e3o mais iluminadas&#8221;, comenta Mara sobre a interven\u00e7\u00e3o na Secretaria Municipal de Urbanismo (Semurb) exigindo mais cuidado com os postes da localidade. Outro fato marcante foi a luta empreendida para conseguir por nome em uma rua que at\u00e9 ent\u00e3o n\u00e3o conseguia receber cartas nem contas devido \u00e0 situa\u00e7\u00e3o irregular. Hoje os moradores da rua Nossa Senhora das Dores podem receber suas correspond\u00eancias tranquilamente.<\/p>\n<p>Maria Suelha Teixeira, de 17 anos, participa da ONG inglesa Vis\u00e3o Mundial onde atua no grupo de jovens, que oferece palestras e realiza f\u00f3runs sobre os mais diversos temas. &#8220;A gente precisa correr atr\u00e1s dos nossos ideais, desde uma ilumina\u00e7\u00e3o legal at\u00e9 uma escola de qualidade&#8221;, afirma a jovem. Jucicleiton Silva do Nascimento, de 18 anos, mediador de leitura na Biblioteca Comunit\u00e1ria F\u00e9 e Alegria, conta que &#8220;nasceu para ser volunt\u00e1rio&#8221;, pois sente desejo de ajudar ao pr\u00f3ximo. Essa atitude beneficia toda a comunidade, e consequentemente, a ele.<\/p>\n<p>O Conselho Comunit\u00e1rio criou ainda a Rede Social, articula\u00e7\u00e3o entre representantes de todas as iniciativas do bairro, desde a\u00e7\u00f5es art\u00edstico-culturais, pol\u00edticas, religiosas, de juventude, que decidem por a\u00e7\u00f5es conjuntas para o bairro. Dois exemplos: um protesto em favor da 3\u00aa Unidade B\u00e1sica de Sa\u00fade, que enfrentava dificuldades de funcionamento, e a realiza\u00e7\u00e3o de um curso de forma\u00e7\u00e3o em pol\u00edticas p\u00fablicas.<\/p>\n<p>SOS Ponta Negra<br \/>\nOutra hist\u00f3ria de participa\u00e7\u00e3o direta \u00e9 a do movimento S.O.S Ponta Negra, que nasceu de uma indigna\u00e7\u00e3o. Tudo come\u00e7ou em agosto de 2006, quando o jornalista Yuno Silva, de 36 anos, ao visualizar um an\u00fancio imobili\u00e1rio que tinha como proposta a constru\u00e7\u00e3o de enormes edif\u00edcios ao lado do Morro do Careca (principal s\u00edmbolo tur\u00edstico da cidade de Natal, situado na praia de Ponta Negra) n\u00e3o se conformou com a situa\u00e7\u00e3o ilegal, questionou moradores do bairro e a prefeitura da cidade sobre tal constru\u00e7\u00e3o e constatou que ningu\u00e9m sabia sobre o neg\u00f3cio imobili\u00e1rio.<\/p>\n<p>Decidiu criar um blog (www.sospontanegra.blogspot.com) em protesto, que teve grande repercuss\u00e3o nacional e internacional, com cerca de 500 acessos diariamente de 130 pa\u00edses, com not\u00edcias publicadas em grandes jornais. O primeiro grande movimento foi o lan\u00e7amento da campanha &#8220;Eu n\u00e3o sou palha\u00e7o&#8221;. Outras manifesta\u00e7\u00f5es surgiram, como o Abra\u00e7o ao Morro do Careca, que, em sua terceira edi\u00e7\u00e3o contou com mais de duas mil pessoas.<\/p>\n<p>Outro efeito do S.O.S Ponta Negra foi a cria\u00e7\u00e3o de outros movimentos, como o Filhos de Ponta. Criado h\u00e1 dois anos, o projeto discute a seguran\u00e7a p\u00fablica do bairro, propondo a cria\u00e7\u00e3o de um &#8220;territ\u00f3rio de paz&#8221;, projeto j\u00e1 executado em Bogot\u00e1, na Col\u00f4mbia, e que teve bons resultados. Al\u00e9m disso, o Filhos de Ponta objetiva trabalhar com as \u00e1reas de educa\u00e7\u00e3o, cultura, lazer, esporte, qualifica\u00e7\u00e3o profissional e valoriza\u00e7\u00e3o da cultura.Yuno afirma que &#8220;a import\u00e2ncia das pessoas participarem \u00e9 de saberem que podem melhorar sua comunidade, a valoriza\u00e7\u00e3o da pr\u00f3pria identidade cultural&#8221;.<\/p>\n<p>Gr\u00eamio na escola<br \/>\nO estudante de Ensino M\u00e9dio Ayrton Arruda, de 17 anos, \u00e9 l\u00edder de sala e ex-integrante do gr\u00eamio estudantil da Escola Estadual Winston Churchill. Ayrton sempre desejou ingressar em movimentos pol\u00edticos, mas seu engajamento s\u00f3 aconteceu quando conheceu um integrante do Sindicato dos Trabalhadores em Educa\u00e7\u00e3o P\u00fablica no Rio Grande do Norte (SINTE\/RN) e ficou a par da realidade do ensino no Estado. Desde ent\u00e3o decidiu que, enquanto cidad\u00e3o, tinha o direito e o dever de lutar pelo que acreditava ser o melhor para sua comunidade.<\/p>\n<p>Al\u00e9m de promover projetos de incentivo \u00e0 cultura na escola, como aulas de dan\u00e7a, teatro e palestras, o gr\u00eamio n\u00e3o se limitava a a\u00e7\u00f5es dentro do ambiente escolar: aliou-se a manifestos sociais da cidade, como os protestos contra o aumento da passagem de \u00f4nibus. &#8220;O gr\u00eamio \u00e9 uma base aliada aos estudantes que mostra o poder que cada um tem de exigir melhorias na sociedade, mas cabe a cada um reivindic\u00e1-las&#8221;, afirma.<\/p>\n<p>A Presidente da Associa\u00e7\u00e3o Comunit\u00e1ria de Artes\u00e3os de M\u00e3e Lu\u00edza, Maria Luiza Oliveira, de 42 anos, \u00e9 militante da economia solid\u00e1ria desde 2004. \u00c9 artes\u00e3, assistente administrativo e cursa Servi\u00e7o Social. &#8220;Eu acredito que a economia solid\u00e1ria \u00e9 a alternativa real \u00e0 gera\u00e7\u00e3o de renda com perspectiva de desenvolvimento e diminui\u00e7\u00e3o da desigualdade&#8221;, fala Maria Luiza.<\/p>\n<p>A economia solid\u00e1ria \u00e9 uma outra forma de pensar a produ\u00e7\u00e3o, pautando-se pelo bem estar dos envolvidos e n\u00e3o em lucros. Baseia-se em associativismo ou cooperativismo. As atividades de economia solid\u00e1ria s\u00e3o regularmente atualizadas na base de dados do Sistema Nacional de Informa\u00e7\u00f5es em Economia Solid\u00e1ria (SIES) do Minist\u00e9rio do Trabalho e Emprego (MTE) e abrangem desde capacita\u00e7\u00f5es na \u00e1rea de associativismo at\u00e9 organiza\u00e7\u00e3o financeira, administrativa e produtiva de um empreendimento.<\/p>\n<p>O educador do ramo Lobinho dos Escoteiros, Daniel Esmeraldo da Silva, de 21 anos, tamb\u00e9m atua junto a crian\u00e7as e adolescentes e v\u00ea no escotismo uma alternativa de mostrar e construir valores para a juventude. &#8220;Os grandes benef\u00edcios que o escotismo leva para o jovem s\u00e3o: aprender a viver uma vida sem drogas e viver honestamente junto \u00e0 sociedade&#8221;, diz ele ao ser questionado sobre a tradicional atividade, na qual est\u00e1 envolvido h\u00e1 oito anos pelo 5\u00aa Grupo de Escoteiros do Mar Humberto Lustosa.<\/p>\n<p>Em Natal, o movimento escoteiro desenvolve atividades diversas como acampamento, t\u00e9cnicas de n\u00f3s e amarras, montagem de barracas e pr\u00e1ticas n\u00e1uticas. Al\u00e9m disso, os grupos da regi\u00e3o tamb\u00e9m se unem para dar apoio a eventos sociais de par\u00f3quias, para arrecadar alimentos para institui\u00e7\u00f5es beneficentes e estimular a popula\u00e7\u00e3o infantojuvenil de comunidades carentes \u00e0 pr\u00e1tica de esportes, \u00e0 busca de aventura e \u00e0 valoriza\u00e7\u00e3o dos estudos com disciplina e respeito.<\/p>\n<p>Milhares de outras pessoas est\u00e3o agindo nesse momento para transformar suas realidades, promovendo justi\u00e7a, educa\u00e7\u00e3o, consci\u00eancia coletiva, respeito e muitos outros valores importantes para um outro mundo poss\u00edvel. Ningu\u00e9m precisa esperar at\u00e9 as elei\u00e7\u00f5es para decidir o futuro da comunidade em que mora. Sejamos n\u00f3s os protagonistas da sociedade.<\/p>\n<p>*Um dos Conselhos Jovens da Vira presentes em 22 Estados e no Distrito Federal (rn@viracao.org)<\/p>\n<p>Fonte: Vira\u00e7\u00e3o<\/p>\n","protected":false},"excerpt":{"rendered":"<p>Podemos e devemos exercer a Participa\u00e7\u00e3o Direta, fazendo parte dos processos de decis\u00e3o e criando iniciativas que contribuem para melhorar nossa realidade, e muita gente faz isso no dia-a-dia. <\/p>\n","protected":false},"author":1,"featured_media":0,"comment_status":"open","ping_status":"open","sticky":false,"template":"","format":"standard","meta":{"site-container-style":"default","site-container-layout":"default","site-sidebar-layout":"default","disable-article-header":"default","disable-site-header":"default","disable-site-footer":"default","disable-content-area-spacing":"default","footnotes":""},"categories":[103,26,4,49],"tags":[],"class_list":["post-18240","post","type-post","status-publish","format-standard","hentry","category-comunidades","category-legislacao","category-noticias","category-politicas-publicas"],"yoast_head":"<!-- This site is optimized with the Yoast SEO plugin v27.4 - https:\/\/yoast.com\/product\/yoast-seo-wordpress\/ -->\n<title>Quem sabe faz a hora! Participa\u00e7\u00e3o Direta: cidadania muito al\u00e9m das elei\u00e7\u00f5es -<\/title>\n<meta name=\"robots\" content=\"index, follow, max-snippet:-1, max-image-preview:large, max-video-preview:-1\" \/>\n<link rel=\"canonical\" href=\"https:\/\/inclusivenews.com.br\/?p=18240\" \/>\n<meta property=\"og:locale\" content=\"pt_PT\" \/>\n<meta property=\"og:type\" content=\"article\" \/>\n<meta property=\"og:title\" content=\"Quem sabe faz a hora! Participa\u00e7\u00e3o Direta: cidadania muito al\u00e9m das elei\u00e7\u00f5es -\" \/>\n<meta property=\"og:description\" content=\"Podemos e devemos exercer a Participa\u00e7\u00e3o Direta, fazendo parte dos processos de decis\u00e3o e criando iniciativas que contribuem para melhorar nossa realidade, e muita gente faz isso no dia-a-dia.\" \/>\n<meta property=\"og:url\" content=\"https:\/\/inclusivenews.com.br\/?p=18240\" \/>\n<meta property=\"article:publisher\" content=\"https:\/\/www.facebook.com\/agenciainclusive\/\" \/>\n<meta property=\"article:published_time\" content=\"2010-12-29T14:54:48+00:00\" \/>\n<meta property=\"og:image\" content=\"http:\/\/inclusivenews.com.br\/wp-content\/uploads\/2010\/04\/inclusive_revista_viracao.jpg\" \/>\n<meta name=\"author\" content=\"inclusivenews2024\" \/>\n<meta name=\"twitter:card\" content=\"summary_large_image\" \/>\n<meta name=\"twitter:label1\" content=\"Escrito por\" \/>\n\t<meta name=\"twitter:data1\" content=\"inclusivenews2024\" \/>\n\t<meta name=\"twitter:label2\" content=\"Tempo estimado de leitura\" \/>\n\t<meta name=\"twitter:data2\" content=\"7 minutos\" \/>\n<script type=\"application\/ld+json\" class=\"yoast-schema-graph\">{\"@context\":\"https:\\\/\\\/schema.org\",\"@graph\":[{\"@type\":\"Article\",\"@id\":\"https:\\\/\\\/inclusivenews.com.br\\\/?p=18240#article\",\"isPartOf\":{\"@id\":\"https:\\\/\\\/inclusivenews.com.br\\\/?p=18240\"},\"author\":{\"name\":\"inclusivenews2024\",\"@id\":\"https:\\\/\\\/inclusivenews.com.br\\\/#\\\/schema\\\/person\\\/ae4ec7087559b8692fb33b6fffd2273b\"},\"headline\":\"Quem sabe faz a hora! Participa\u00e7\u00e3o Direta: cidadania muito al\u00e9m das elei\u00e7\u00f5es\",\"datePublished\":\"2010-12-29T14:54:48+00:00\",\"mainEntityOfPage\":{\"@id\":\"https:\\\/\\\/inclusivenews.com.br\\\/?p=18240\"},\"wordCount\":1346,\"commentCount\":0,\"publisher\":{\"@id\":\"https:\\\/\\\/inclusivenews.com.br\\\/#organization\"},\"image\":{\"@id\":\"https:\\\/\\\/inclusivenews.com.br\\\/?p=18240#primaryimage\"},\"thumbnailUrl\":\"http:\\\/\\\/inclusivenews.com.br\\\/wp-content\\\/uploads\\\/2010\\\/04\\\/inclusive_revista_viracao.jpg\",\"articleSection\":[\"Comunidades\",\"Legisla\u00e7\u00e3o ...\",\"NOT\u00cdCIAS\",\"Pol\u00edticas p\u00fablicas\"],\"inLanguage\":\"pt-PT\",\"potentialAction\":[{\"@type\":\"CommentAction\",\"name\":\"Comment\",\"target\":[\"https:\\\/\\\/inclusivenews.com.br\\\/?p=18240#respond\"]}]},{\"@type\":\"WebPage\",\"@id\":\"https:\\\/\\\/inclusivenews.com.br\\\/?p=18240\",\"url\":\"https:\\\/\\\/inclusivenews.com.br\\\/?p=18240\",\"name\":\"Quem sabe faz a hora! Participa\u00e7\u00e3o Direta: cidadania muito al\u00e9m das elei\u00e7\u00f5es -\",\"isPartOf\":{\"@id\":\"https:\\\/\\\/inclusivenews.com.br\\\/#website\"},\"primaryImageOfPage\":{\"@id\":\"https:\\\/\\\/inclusivenews.com.br\\\/?p=18240#primaryimage\"},\"image\":{\"@id\":\"https:\\\/\\\/inclusivenews.com.br\\\/?p=18240#primaryimage\"},\"thumbnailUrl\":\"http:\\\/\\\/inclusivenews.com.br\\\/wp-content\\\/uploads\\\/2010\\\/04\\\/inclusive_revista_viracao.jpg\",\"datePublished\":\"2010-12-29T14:54:48+00:00\",\"breadcrumb\":{\"@id\":\"https:\\\/\\\/inclusivenews.com.br\\\/?p=18240#breadcrumb\"},\"inLanguage\":\"pt-PT\",\"potentialAction\":[{\"@type\":\"ReadAction\",\"target\":[\"https:\\\/\\\/inclusivenews.com.br\\\/?p=18240\"]}]},{\"@type\":\"ImageObject\",\"inLanguage\":\"pt-PT\",\"@id\":\"https:\\\/\\\/inclusivenews.com.br\\\/?p=18240#primaryimage\",\"url\":\"\",\"contentUrl\":\"\"},{\"@type\":\"BreadcrumbList\",\"@id\":\"https:\\\/\\\/inclusivenews.com.br\\\/?p=18240#breadcrumb\",\"itemListElement\":[{\"@type\":\"ListItem\",\"position\":1,\"name\":\"In\u00edcio\",\"item\":\"https:\\\/\\\/inclusivenews.com.br\\\/\"},{\"@type\":\"ListItem\",\"position\":2,\"name\":\"Quem sabe faz a hora! Participa\u00e7\u00e3o Direta: cidadania muito al\u00e9m das elei\u00e7\u00f5es\"}]},{\"@type\":\"WebSite\",\"@id\":\"https:\\\/\\\/inclusivenews.com.br\\\/#website\",\"url\":\"https:\\\/\\\/inclusivenews.com.br\\\/\",\"name\":\"Inclusive News\",\"description\":\"Inclusive News\",\"publisher\":{\"@id\":\"https:\\\/\\\/inclusivenews.com.br\\\/#organization\"},\"potentialAction\":[{\"@type\":\"SearchAction\",\"target\":{\"@type\":\"EntryPoint\",\"urlTemplate\":\"https:\\\/\\\/inclusivenews.com.br\\\/?s={search_term_string}\"},\"query-input\":{\"@type\":\"PropertyValueSpecification\",\"valueRequired\":true,\"valueName\":\"search_term_string\"}}],\"inLanguage\":\"pt-PT\"},{\"@type\":\"Organization\",\"@id\":\"https:\\\/\\\/inclusivenews.com.br\\\/#organization\",\"name\":\"Inclusive - inclus\u00e3o e cidadania\",\"url\":\"https:\\\/\\\/inclusivenews.com.br\\\/\",\"logo\":{\"@type\":\"ImageObject\",\"inLanguage\":\"pt-PT\",\"@id\":\"https:\\\/\\\/inclusivenews.com.br\\\/#\\\/schema\\\/logo\\\/image\\\/\",\"url\":\"https:\\\/\\\/inclusivenews.com.br\\\/wp-content\\\/uploads\\\/2024\\\/03\\\/@grandesite.png\",\"contentUrl\":\"https:\\\/\\\/inclusivenews.com.br\\\/wp-content\\\/uploads\\\/2024\\\/03\\\/@grandesite.png\",\"width\":1080,\"height\":1080,\"caption\":\"Inclusive - inclus\u00e3o e cidadania\"},\"image\":{\"@id\":\"https:\\\/\\\/inclusivenews.com.br\\\/#\\\/schema\\\/logo\\\/image\\\/\"},\"sameAs\":[\"https:\\\/\\\/www.facebook.com\\\/agenciainclusive\\\/\",\"https:\\\/\\\/www.instagram.com\\\/newsinclusive\\\/\"]},{\"@type\":\"Person\",\"@id\":\"https:\\\/\\\/inclusivenews.com.br\\\/#\\\/schema\\\/person\\\/ae4ec7087559b8692fb33b6fffd2273b\",\"name\":\"inclusivenews2024\",\"image\":{\"@type\":\"ImageObject\",\"inLanguage\":\"pt-PT\",\"@id\":\"https:\\\/\\\/secure.gravatar.com\\\/avatar\\\/c5a7ef84c66fa914f55bc4f7ce26cfa275a3b9a1c5568b907bd184fb4dde7b40?s=96&d=mm&r=g\",\"url\":\"https:\\\/\\\/secure.gravatar.com\\\/avatar\\\/c5a7ef84c66fa914f55bc4f7ce26cfa275a3b9a1c5568b907bd184fb4dde7b40?s=96&d=mm&r=g\",\"contentUrl\":\"https:\\\/\\\/secure.gravatar.com\\\/avatar\\\/c5a7ef84c66fa914f55bc4f7ce26cfa275a3b9a1c5568b907bd184fb4dde7b40?s=96&d=mm&r=g\",\"caption\":\"inclusivenews2024\"},\"sameAs\":[\"https:\\\/\\\/inclusivenews.com.br\"],\"url\":\"https:\\\/\\\/inclusivenews.com.br\\\/?author=1\"}]}<\/script>\n<!-- \/ Yoast SEO plugin. -->","yoast_head_json":{"title":"Quem sabe faz a hora! Participa\u00e7\u00e3o Direta: cidadania muito al\u00e9m das elei\u00e7\u00f5es -","robots":{"index":"index","follow":"follow","max-snippet":"max-snippet:-1","max-image-preview":"max-image-preview:large","max-video-preview":"max-video-preview:-1"},"canonical":"https:\/\/inclusivenews.com.br\/?p=18240","og_locale":"pt_PT","og_type":"article","og_title":"Quem sabe faz a hora! Participa\u00e7\u00e3o Direta: cidadania muito al\u00e9m das elei\u00e7\u00f5es -","og_description":"Podemos e devemos exercer a Participa\u00e7\u00e3o Direta, fazendo parte dos processos de decis\u00e3o e criando iniciativas que contribuem para melhorar nossa realidade, e muita gente faz isso no dia-a-dia.","og_url":"https:\/\/inclusivenews.com.br\/?p=18240","article_publisher":"https:\/\/www.facebook.com\/agenciainclusive\/","article_published_time":"2010-12-29T14:54:48+00:00","og_image":[{"url":"http:\/\/inclusivenews.com.br\/wp-content\/uploads\/2010\/04\/inclusive_revista_viracao.jpg","type":"","width":"","height":""}],"author":"inclusivenews2024","twitter_card":"summary_large_image","twitter_misc":{"Escrito por":"inclusivenews2024","Tempo estimado de leitura":"7 minutos"},"schema":{"@context":"https:\/\/schema.org","@graph":[{"@type":"Article","@id":"https:\/\/inclusivenews.com.br\/?p=18240#article","isPartOf":{"@id":"https:\/\/inclusivenews.com.br\/?p=18240"},"author":{"name":"inclusivenews2024","@id":"https:\/\/inclusivenews.com.br\/#\/schema\/person\/ae4ec7087559b8692fb33b6fffd2273b"},"headline":"Quem sabe faz a hora! Participa\u00e7\u00e3o Direta: cidadania muito al\u00e9m das elei\u00e7\u00f5es","datePublished":"2010-12-29T14:54:48+00:00","mainEntityOfPage":{"@id":"https:\/\/inclusivenews.com.br\/?p=18240"},"wordCount":1346,"commentCount":0,"publisher":{"@id":"https:\/\/inclusivenews.com.br\/#organization"},"image":{"@id":"https:\/\/inclusivenews.com.br\/?p=18240#primaryimage"},"thumbnailUrl":"http:\/\/inclusivenews.com.br\/wp-content\/uploads\/2010\/04\/inclusive_revista_viracao.jpg","articleSection":["Comunidades","Legisla\u00e7\u00e3o ...","NOT\u00cdCIAS","Pol\u00edticas p\u00fablicas"],"inLanguage":"pt-PT","potentialAction":[{"@type":"CommentAction","name":"Comment","target":["https:\/\/inclusivenews.com.br\/?p=18240#respond"]}]},{"@type":"WebPage","@id":"https:\/\/inclusivenews.com.br\/?p=18240","url":"https:\/\/inclusivenews.com.br\/?p=18240","name":"Quem sabe faz a hora! Participa\u00e7\u00e3o Direta: cidadania muito al\u00e9m das elei\u00e7\u00f5es -","isPartOf":{"@id":"https:\/\/inclusivenews.com.br\/#website"},"primaryImageOfPage":{"@id":"https:\/\/inclusivenews.com.br\/?p=18240#primaryimage"},"image":{"@id":"https:\/\/inclusivenews.com.br\/?p=18240#primaryimage"},"thumbnailUrl":"http:\/\/inclusivenews.com.br\/wp-content\/uploads\/2010\/04\/inclusive_revista_viracao.jpg","datePublished":"2010-12-29T14:54:48+00:00","breadcrumb":{"@id":"https:\/\/inclusivenews.com.br\/?p=18240#breadcrumb"},"inLanguage":"pt-PT","potentialAction":[{"@type":"ReadAction","target":["https:\/\/inclusivenews.com.br\/?p=18240"]}]},{"@type":"ImageObject","inLanguage":"pt-PT","@id":"https:\/\/inclusivenews.com.br\/?p=18240#primaryimage","url":"","contentUrl":""},{"@type":"BreadcrumbList","@id":"https:\/\/inclusivenews.com.br\/?p=18240#breadcrumb","itemListElement":[{"@type":"ListItem","position":1,"name":"In\u00edcio","item":"https:\/\/inclusivenews.com.br\/"},{"@type":"ListItem","position":2,"name":"Quem sabe faz a hora! Participa\u00e7\u00e3o Direta: cidadania muito al\u00e9m das elei\u00e7\u00f5es"}]},{"@type":"WebSite","@id":"https:\/\/inclusivenews.com.br\/#website","url":"https:\/\/inclusivenews.com.br\/","name":"Inclusive News","description":"Inclusive News","publisher":{"@id":"https:\/\/inclusivenews.com.br\/#organization"},"potentialAction":[{"@type":"SearchAction","target":{"@type":"EntryPoint","urlTemplate":"https:\/\/inclusivenews.com.br\/?s={search_term_string}"},"query-input":{"@type":"PropertyValueSpecification","valueRequired":true,"valueName":"search_term_string"}}],"inLanguage":"pt-PT"},{"@type":"Organization","@id":"https:\/\/inclusivenews.com.br\/#organization","name":"Inclusive - inclus\u00e3o e cidadania","url":"https:\/\/inclusivenews.com.br\/","logo":{"@type":"ImageObject","inLanguage":"pt-PT","@id":"https:\/\/inclusivenews.com.br\/#\/schema\/logo\/image\/","url":"https:\/\/inclusivenews.com.br\/wp-content\/uploads\/2024\/03\/@grandesite.png","contentUrl":"https:\/\/inclusivenews.com.br\/wp-content\/uploads\/2024\/03\/@grandesite.png","width":1080,"height":1080,"caption":"Inclusive - inclus\u00e3o e cidadania"},"image":{"@id":"https:\/\/inclusivenews.com.br\/#\/schema\/logo\/image\/"},"sameAs":["https:\/\/www.facebook.com\/agenciainclusive\/","https:\/\/www.instagram.com\/newsinclusive\/"]},{"@type":"Person","@id":"https:\/\/inclusivenews.com.br\/#\/schema\/person\/ae4ec7087559b8692fb33b6fffd2273b","name":"inclusivenews2024","image":{"@type":"ImageObject","inLanguage":"pt-PT","@id":"https:\/\/secure.gravatar.com\/avatar\/c5a7ef84c66fa914f55bc4f7ce26cfa275a3b9a1c5568b907bd184fb4dde7b40?s=96&d=mm&r=g","url":"https:\/\/secure.gravatar.com\/avatar\/c5a7ef84c66fa914f55bc4f7ce26cfa275a3b9a1c5568b907bd184fb4dde7b40?s=96&d=mm&r=g","contentUrl":"https:\/\/secure.gravatar.com\/avatar\/c5a7ef84c66fa914f55bc4f7ce26cfa275a3b9a1c5568b907bd184fb4dde7b40?s=96&d=mm&r=g","caption":"inclusivenews2024"},"sameAs":["https:\/\/inclusivenews.com.br"],"url":"https:\/\/inclusivenews.com.br\/?author=1"}]}},"_links":{"self":[{"href":"https:\/\/inclusivenews.com.br\/index.php?rest_route=\/wp\/v2\/posts\/18240","targetHints":{"allow":["GET"]}}],"collection":[{"href":"https:\/\/inclusivenews.com.br\/index.php?rest_route=\/wp\/v2\/posts"}],"about":[{"href":"https:\/\/inclusivenews.com.br\/index.php?rest_route=\/wp\/v2\/types\/post"}],"author":[{"embeddable":true,"href":"https:\/\/inclusivenews.com.br\/index.php?rest_route=\/wp\/v2\/users\/1"}],"replies":[{"embeddable":true,"href":"https:\/\/inclusivenews.com.br\/index.php?rest_route=%2Fwp%2Fv2%2Fcomments&post=18240"}],"version-history":[{"count":0,"href":"https:\/\/inclusivenews.com.br\/index.php?rest_route=\/wp\/v2\/posts\/18240\/revisions"}],"wp:attachment":[{"href":"https:\/\/inclusivenews.com.br\/index.php?rest_route=%2Fwp%2Fv2%2Fmedia&parent=18240"}],"wp:term":[{"taxonomy":"category","embeddable":true,"href":"https:\/\/inclusivenews.com.br\/index.php?rest_route=%2Fwp%2Fv2%2Fcategories&post=18240"},{"taxonomy":"post_tag","embeddable":true,"href":"https:\/\/inclusivenews.com.br\/index.php?rest_route=%2Fwp%2Fv2%2Ftags&post=18240"}],"curies":[{"name":"wp","href":"https:\/\/api.w.org\/{rel}","templated":true}]}}