{"id":18306,"date":"2011-01-06T20:49:52","date_gmt":"2011-01-06T23:49:52","guid":{"rendered":"http:\/\/www.inclusive.org.br\/?p=18306"},"modified":"2011-01-06T20:49:52","modified_gmt":"2011-01-06T23:49:52","slug":"humberto-lippo-e-o-novo-secretario-nacional-de-promocao-dos-direitos-das-pessoas-com-deficiencia","status":"publish","type":"post","link":"https:\/\/inclusivenews.com.br\/?p=18306","title":{"rendered":"Humberto Lippo \u00e9 o novo Secret\u00e1rio Nacional de Promo\u00e7\u00e3o dos Direitos da Pessoa com Defici\u00eancia"},"content":{"rendered":"<figure id=\"attachment_18307\" aria-describedby=\"caption-attachment-18307\" style=\"width: 218px\" class=\"wp-caption alignleft\"><a href=\"http:\/\/www.inclusivenews.com.br\/wp-content\/uploads\/2011\/01\/lippo2.png\"><img loading=\"lazy\" decoding=\"async\" class=\"size-full wp-image-18307\" title=\"lippo2\" src=\"http:\/\/inclusivenews.com.br\/wp-content\/uploads\/2011\/01\/lippo2.png\" alt=\"O soci\u00f3logo Humberto Lippo \u00e9 o novo Secretario Nacional dos Direitos das Pessoas com Defici\u00eancia\" width=\"218\" height=\"262\" \/><\/a><figcaption id=\"caption-attachment-18307\" class=\"wp-caption-text\">O soci\u00f3logo Humberto Lippo \u00e9 o novo Secretario Nacional dos Direitos das Pessoas com Defici\u00eancia<\/figcaption><\/figure>\n<p>A ministra Maria do Ros\u00e1rio, da Secretaria de Direitos Humanos da Presid\u00eancia da Rep\u00fablica (SDH\/PR), promoveu nesta quinta-feira (6) uma reuni\u00e3o com toda a equipe para apresentar o novo secretariado. Al\u00e9m de diretores e coordenadores das diversas \u00e1reas, participaram da reuni\u00e3o gar\u00e7ons, motoristas, auxiliares administrativos e demais integrantes das equipes de apoio. \u201cNossas responsabilidades s\u00e3o diferentes, mas pe\u00e7o a todos que atuem de forma colaborativa, solid\u00e1ria e franca. Temos o desafio de formar um pa\u00eds consciente da import\u00e2ncia dos Direitos Humanos\u201d, disse a ministra.<\/p>\n<p>Maria do Ros\u00e1rio enfatizou a import\u00e2ncia de cada um dos membros da equipe da SDH. \u201cEstamos todos aqui lutar pela implementa\u00e7\u00e3o dos Direitos Humanos no Brasil, e vamos aproveitar a capacidade t\u00e9cnica e tamb\u00e9m a milit\u00e2ncia de cada um\u201d, afirmou a ministra.<\/p>\n<p>O novo secret\u00e1rio executivo, Andr\u00e9 L\u00e1zaro, disse ter encontrado \u201cpessoas profundamente motivadas\u201d e pediu que as tarefas em curso n\u00e3o sejam interrompidas.<\/p>\n<p>O secret\u00e1rio de gest\u00e3o da Pol\u00edtica de Direitos Humanos ser\u00e1 o professor Gleisson Rubin. A Secretaria Nacional de Promo\u00e7\u00e3o dos Direitos da Crian\u00e7a e do Adolescente seguir\u00e1 sob responsabilidade de Carmen Silveira de Oliveira, doutora em psicologia. A Secretaria Nacional de Promo\u00e7\u00e3o dos Direitos da Pessoa com Defici\u00eancia ser\u00e1 ocupada por Humberto Lippo, enquanto o novo secret\u00e1rio de Promo\u00e7\u00e3o e Defesa dos Direitos Humanos ser\u00e1 o advogado Ramais de Castro.<\/p>\n<p>Nota Inclusive &#8211; Humberto Lippo \u00e9 soci\u00f3logo. Ligado ao PT do RS, foi Presidente da Faders, Funda\u00e7\u00e3o de Articula\u00e7\u00e3o e Desenvolvimento de Pol\u00edticas P\u00fablicas para PPDs e PPAHs no Rio Grande do Sul,\u00a0 e atualmente trabalhava como gerente de Acessibilidade do Instituto de Pesquisa em Acessibilidade (IPESA) da ULBRA, Universidade Luterana do Brasil, em Porto Alegre.<\/p>\n<p>Fonte &#8211; SDH<\/p>\n","protected":false},"excerpt":{"rendered":"<p>Ligado ao PT do RS, foi Presidente da Faders, Funda\u00e7\u00e3o de Articula\u00e7\u00e3o e Desenvolvimento de Pol\u00edticas P\u00fablicas para PPDs e PPAHs no Rio Grande do Sul, e atualmente trabalhava como gerente de Acessibilidade do Instituto de Pesquisa em Acessibilidade (IPESA) da ULBRA<\/p>\n","protected":false},"author":1,"featured_media":0,"comment_status":"open","ping_status":"open","sticky":false,"template":"","format":"standard","meta":{"site-container-style":"default","site-container-layout":"default","site-sidebar-layout":"default","disable-article-header":"default","disable-site-header":"default","disable-site-footer":"default","disable-content-area-spacing":"default","footnotes":""},"categories":[44,38,48,4,49],"tags":[],"class_list":["post-18306","post","type-post","status-publish","format-standard","hentry","category-acessibilidade","category-deficiencia","category-inclusao","category-noticias","category-politicas-publicas"],"yoast_head":"<!-- This site is optimized with the Yoast SEO plugin v27.4 - https:\/\/yoast.com\/product\/yoast-seo-wordpress\/ -->\n<title>Humberto Lippo \u00e9 o novo Secret\u00e1rio Nacional de Promo\u00e7\u00e3o dos Direitos da Pessoa com Defici\u00eancia -<\/title>\n<meta name=\"robots\" content=\"index, follow, max-snippet:-1, max-image-preview:large, max-video-preview:-1\" \/>\n<link rel=\"canonical\" href=\"https:\/\/inclusivenews.com.br\/?p=18306\" \/>\n<meta property=\"og:locale\" content=\"pt_PT\" \/>\n<meta property=\"og:type\" content=\"article\" \/>\n<meta property=\"og:title\" content=\"Humberto Lippo \u00e9 o novo Secret\u00e1rio Nacional de Promo\u00e7\u00e3o dos Direitos da Pessoa com Defici\u00eancia -\" \/>\n<meta property=\"og:description\" content=\"Ligado ao PT do RS, foi Presidente da Faders, Funda\u00e7\u00e3o de Articula\u00e7\u00e3o e Desenvolvimento de Pol\u00edticas P\u00fablicas para PPDs e PPAHs no Rio Grande do Sul, e atualmente trabalhava como gerente de Acessibilidade do Instituto de Pesquisa em Acessibilidade (IPESA) da ULBRA\" \/>\n<meta property=\"og:url\" content=\"https:\/\/inclusivenews.com.br\/?p=18306\" \/>\n<meta property=\"article:publisher\" content=\"https:\/\/www.facebook.com\/agenciainclusive\/\" \/>\n<meta property=\"article:published_time\" content=\"2011-01-06T23:49:52+00:00\" \/>\n<meta property=\"og:image\" content=\"http:\/\/inclusivenews.com.br\/wp-content\/uploads\/2011\/01\/lippo2.png\" \/>\n<meta name=\"author\" content=\"inclusivenews2024\" \/>\n<meta name=\"twitter:card\" content=\"summary_large_image\" \/>\n<meta name=\"twitter:label1\" content=\"Escrito por\" \/>\n\t<meta name=\"twitter:data1\" content=\"inclusivenews2024\" \/>\n\t<meta name=\"twitter:label2\" content=\"Tempo estimado de leitura\" \/>\n\t<meta name=\"twitter:data2\" content=\"2 minutos\" \/>\n<script type=\"application\/ld+json\" class=\"yoast-schema-graph\">{\"@context\":\"https:\\\/\\\/schema.org\",\"@graph\":[{\"@type\":\"Article\",\"@id\":\"https:\\\/\\\/inclusivenews.com.br\\\/?p=18306#article\",\"isPartOf\":{\"@id\":\"https:\\\/\\\/inclusivenews.com.br\\\/?p=18306\"},\"author\":{\"name\":\"inclusivenews2024\",\"@id\":\"https:\\\/\\\/inclusivenews.com.br\\\/#\\\/schema\\\/person\\\/ae4ec7087559b8692fb33b6fffd2273b\"},\"headline\":\"Humberto Lippo \u00e9 o novo Secret\u00e1rio Nacional de Promo\u00e7\u00e3o dos Direitos da Pessoa com Defici\u00eancia\",\"datePublished\":\"2011-01-06T23:49:52+00:00\",\"mainEntityOfPage\":{\"@id\":\"https:\\\/\\\/inclusivenews.com.br\\\/?p=18306\"},\"wordCount\":352,\"commentCount\":3,\"publisher\":{\"@id\":\"https:\\\/\\\/inclusivenews.com.br\\\/#organization\"},\"image\":{\"@id\":\"https:\\\/\\\/inclusivenews.com.br\\\/?p=18306#primaryimage\"},\"thumbnailUrl\":\"http:\\\/\\\/inclusivenews.com.br\\\/wp-content\\\/uploads\\\/2011\\\/01\\\/lippo2.png\",\"articleSection\":[\"ACESSIBILIDADE\",\"Defici\u00eancia\",\"INCLUS\u00c3O SOCIAL\",\"NOT\u00cdCIAS\",\"Pol\u00edticas p\u00fablicas\"],\"inLanguage\":\"pt-PT\",\"potentialAction\":[{\"@type\":\"CommentAction\",\"name\":\"Comment\",\"target\":[\"https:\\\/\\\/inclusivenews.com.br\\\/?p=18306#respond\"]}]},{\"@type\":\"WebPage\",\"@id\":\"https:\\\/\\\/inclusivenews.com.br\\\/?p=18306\",\"url\":\"https:\\\/\\\/inclusivenews.com.br\\\/?p=18306\",\"name\":\"Humberto Lippo \u00e9 o novo Secret\u00e1rio Nacional de Promo\u00e7\u00e3o dos Direitos da Pessoa com Defici\u00eancia -\",\"isPartOf\":{\"@id\":\"https:\\\/\\\/inclusivenews.com.br\\\/#website\"},\"primaryImageOfPage\":{\"@id\":\"https:\\\/\\\/inclusivenews.com.br\\\/?p=18306#primaryimage\"},\"image\":{\"@id\":\"https:\\\/\\\/inclusivenews.com.br\\\/?p=18306#primaryimage\"},\"thumbnailUrl\":\"http:\\\/\\\/inclusivenews.com.br\\\/wp-content\\\/uploads\\\/2011\\\/01\\\/lippo2.png\",\"datePublished\":\"2011-01-06T23:49:52+00:00\",\"breadcrumb\":{\"@id\":\"https:\\\/\\\/inclusivenews.com.br\\\/?p=18306#breadcrumb\"},\"inLanguage\":\"pt-PT\",\"potentialAction\":[{\"@type\":\"ReadAction\",\"target\":[\"https:\\\/\\\/inclusivenews.com.br\\\/?p=18306\"]}]},{\"@type\":\"ImageObject\",\"inLanguage\":\"pt-PT\",\"@id\":\"https:\\\/\\\/inclusivenews.com.br\\\/?p=18306#primaryimage\",\"url\":\"\",\"contentUrl\":\"\"},{\"@type\":\"BreadcrumbList\",\"@id\":\"https:\\\/\\\/inclusivenews.com.br\\\/?p=18306#breadcrumb\",\"itemListElement\":[{\"@type\":\"ListItem\",\"position\":1,\"name\":\"In\u00edcio\",\"item\":\"https:\\\/\\\/inclusivenews.com.br\\\/\"},{\"@type\":\"ListItem\",\"position\":2,\"name\":\"Humberto Lippo \u00e9 o novo Secret\u00e1rio Nacional de Promo\u00e7\u00e3o dos Direitos da Pessoa com Defici\u00eancia\"}]},{\"@type\":\"WebSite\",\"@id\":\"https:\\\/\\\/inclusivenews.com.br\\\/#website\",\"url\":\"https:\\\/\\\/inclusivenews.com.br\\\/\",\"name\":\"Inclusive News\",\"description\":\"Inclusive News\",\"publisher\":{\"@id\":\"https:\\\/\\\/inclusivenews.com.br\\\/#organization\"},\"potentialAction\":[{\"@type\":\"SearchAction\",\"target\":{\"@type\":\"EntryPoint\",\"urlTemplate\":\"https:\\\/\\\/inclusivenews.com.br\\\/?s={search_term_string}\"},\"query-input\":{\"@type\":\"PropertyValueSpecification\",\"valueRequired\":true,\"valueName\":\"search_term_string\"}}],\"inLanguage\":\"pt-PT\"},{\"@type\":\"Organization\",\"@id\":\"https:\\\/\\\/inclusivenews.com.br\\\/#organization\",\"name\":\"Inclusive - inclus\u00e3o e cidadania\",\"url\":\"https:\\\/\\\/inclusivenews.com.br\\\/\",\"logo\":{\"@type\":\"ImageObject\",\"inLanguage\":\"pt-PT\",\"@id\":\"https:\\\/\\\/inclusivenews.com.br\\\/#\\\/schema\\\/logo\\\/image\\\/\",\"url\":\"https:\\\/\\\/inclusivenews.com.br\\\/wp-content\\\/uploads\\\/2024\\\/03\\\/@grandesite.png\",\"contentUrl\":\"https:\\\/\\\/inclusivenews.com.br\\\/wp-content\\\/uploads\\\/2024\\\/03\\\/@grandesite.png\",\"width\":1080,\"height\":1080,\"caption\":\"Inclusive - inclus\u00e3o e cidadania\"},\"image\":{\"@id\":\"https:\\\/\\\/inclusivenews.com.br\\\/#\\\/schema\\\/logo\\\/image\\\/\"},\"sameAs\":[\"https:\\\/\\\/www.facebook.com\\\/agenciainclusive\\\/\",\"https:\\\/\\\/www.instagram.com\\\/newsinclusive\\\/\"]},{\"@type\":\"Person\",\"@id\":\"https:\\\/\\\/inclusivenews.com.br\\\/#\\\/schema\\\/person\\\/ae4ec7087559b8692fb33b6fffd2273b\",\"name\":\"inclusivenews2024\",\"image\":{\"@type\":\"ImageObject\",\"inLanguage\":\"pt-PT\",\"@id\":\"https:\\\/\\\/secure.gravatar.com\\\/avatar\\\/c5a7ef84c66fa914f55bc4f7ce26cfa275a3b9a1c5568b907bd184fb4dde7b40?s=96&d=mm&r=g\",\"url\":\"https:\\\/\\\/secure.gravatar.com\\\/avatar\\\/c5a7ef84c66fa914f55bc4f7ce26cfa275a3b9a1c5568b907bd184fb4dde7b40?s=96&d=mm&r=g\",\"contentUrl\":\"https:\\\/\\\/secure.gravatar.com\\\/avatar\\\/c5a7ef84c66fa914f55bc4f7ce26cfa275a3b9a1c5568b907bd184fb4dde7b40?s=96&d=mm&r=g\",\"caption\":\"inclusivenews2024\"},\"sameAs\":[\"https:\\\/\\\/inclusivenews.com.br\"],\"url\":\"https:\\\/\\\/inclusivenews.com.br\\\/?author=1\"}]}<\/script>\n<!-- \/ Yoast SEO plugin. -->","yoast_head_json":{"title":"Humberto Lippo \u00e9 o novo Secret\u00e1rio Nacional de Promo\u00e7\u00e3o dos Direitos da Pessoa com Defici\u00eancia -","robots":{"index":"index","follow":"follow","max-snippet":"max-snippet:-1","max-image-preview":"max-image-preview:large","max-video-preview":"max-video-preview:-1"},"canonical":"https:\/\/inclusivenews.com.br\/?p=18306","og_locale":"pt_PT","og_type":"article","og_title":"Humberto Lippo \u00e9 o novo Secret\u00e1rio Nacional de Promo\u00e7\u00e3o dos Direitos da Pessoa com Defici\u00eancia -","og_description":"Ligado ao PT do RS, foi Presidente da Faders, Funda\u00e7\u00e3o de Articula\u00e7\u00e3o e Desenvolvimento de Pol\u00edticas P\u00fablicas para PPDs e PPAHs no Rio Grande do Sul, e atualmente trabalhava como gerente de Acessibilidade do Instituto de Pesquisa em Acessibilidade (IPESA) da ULBRA","og_url":"https:\/\/inclusivenews.com.br\/?p=18306","article_publisher":"https:\/\/www.facebook.com\/agenciainclusive\/","article_published_time":"2011-01-06T23:49:52+00:00","og_image":[{"url":"http:\/\/inclusivenews.com.br\/wp-content\/uploads\/2011\/01\/lippo2.png","type":"","width":"","height":""}],"author":"inclusivenews2024","twitter_card":"summary_large_image","twitter_misc":{"Escrito por":"inclusivenews2024","Tempo estimado de leitura":"2 minutos"},"schema":{"@context":"https:\/\/schema.org","@graph":[{"@type":"Article","@id":"https:\/\/inclusivenews.com.br\/?p=18306#article","isPartOf":{"@id":"https:\/\/inclusivenews.com.br\/?p=18306"},"author":{"name":"inclusivenews2024","@id":"https:\/\/inclusivenews.com.br\/#\/schema\/person\/ae4ec7087559b8692fb33b6fffd2273b"},"headline":"Humberto Lippo \u00e9 o novo Secret\u00e1rio Nacional de Promo\u00e7\u00e3o dos Direitos da Pessoa com Defici\u00eancia","datePublished":"2011-01-06T23:49:52+00:00","mainEntityOfPage":{"@id":"https:\/\/inclusivenews.com.br\/?p=18306"},"wordCount":352,"commentCount":3,"publisher":{"@id":"https:\/\/inclusivenews.com.br\/#organization"},"image":{"@id":"https:\/\/inclusivenews.com.br\/?p=18306#primaryimage"},"thumbnailUrl":"http:\/\/inclusivenews.com.br\/wp-content\/uploads\/2011\/01\/lippo2.png","articleSection":["ACESSIBILIDADE","Defici\u00eancia","INCLUS\u00c3O SOCIAL","NOT\u00cdCIAS","Pol\u00edticas p\u00fablicas"],"inLanguage":"pt-PT","potentialAction":[{"@type":"CommentAction","name":"Comment","target":["https:\/\/inclusivenews.com.br\/?p=18306#respond"]}]},{"@type":"WebPage","@id":"https:\/\/inclusivenews.com.br\/?p=18306","url":"https:\/\/inclusivenews.com.br\/?p=18306","name":"Humberto Lippo \u00e9 o novo Secret\u00e1rio Nacional de Promo\u00e7\u00e3o dos Direitos da Pessoa com Defici\u00eancia -","isPartOf":{"@id":"https:\/\/inclusivenews.com.br\/#website"},"primaryImageOfPage":{"@id":"https:\/\/inclusivenews.com.br\/?p=18306#primaryimage"},"image":{"@id":"https:\/\/inclusivenews.com.br\/?p=18306#primaryimage"},"thumbnailUrl":"http:\/\/inclusivenews.com.br\/wp-content\/uploads\/2011\/01\/lippo2.png","datePublished":"2011-01-06T23:49:52+00:00","breadcrumb":{"@id":"https:\/\/inclusivenews.com.br\/?p=18306#breadcrumb"},"inLanguage":"pt-PT","potentialAction":[{"@type":"ReadAction","target":["https:\/\/inclusivenews.com.br\/?p=18306"]}]},{"@type":"ImageObject","inLanguage":"pt-PT","@id":"https:\/\/inclusivenews.com.br\/?p=18306#primaryimage","url":"","contentUrl":""},{"@type":"BreadcrumbList","@id":"https:\/\/inclusivenews.com.br\/?p=18306#breadcrumb","itemListElement":[{"@type":"ListItem","position":1,"name":"In\u00edcio","item":"https:\/\/inclusivenews.com.br\/"},{"@type":"ListItem","position":2,"name":"Humberto Lippo \u00e9 o novo Secret\u00e1rio Nacional de Promo\u00e7\u00e3o dos Direitos da Pessoa com Defici\u00eancia"}]},{"@type":"WebSite","@id":"https:\/\/inclusivenews.com.br\/#website","url":"https:\/\/inclusivenews.com.br\/","name":"Inclusive News","description":"Inclusive News","publisher":{"@id":"https:\/\/inclusivenews.com.br\/#organization"},"potentialAction":[{"@type":"SearchAction","target":{"@type":"EntryPoint","urlTemplate":"https:\/\/inclusivenews.com.br\/?s={search_term_string}"},"query-input":{"@type":"PropertyValueSpecification","valueRequired":true,"valueName":"search_term_string"}}],"inLanguage":"pt-PT"},{"@type":"Organization","@id":"https:\/\/inclusivenews.com.br\/#organization","name":"Inclusive - inclus\u00e3o e cidadania","url":"https:\/\/inclusivenews.com.br\/","logo":{"@type":"ImageObject","inLanguage":"pt-PT","@id":"https:\/\/inclusivenews.com.br\/#\/schema\/logo\/image\/","url":"https:\/\/inclusivenews.com.br\/wp-content\/uploads\/2024\/03\/@grandesite.png","contentUrl":"https:\/\/inclusivenews.com.br\/wp-content\/uploads\/2024\/03\/@grandesite.png","width":1080,"height":1080,"caption":"Inclusive - inclus\u00e3o e cidadania"},"image":{"@id":"https:\/\/inclusivenews.com.br\/#\/schema\/logo\/image\/"},"sameAs":["https:\/\/www.facebook.com\/agenciainclusive\/","https:\/\/www.instagram.com\/newsinclusive\/"]},{"@type":"Person","@id":"https:\/\/inclusivenews.com.br\/#\/schema\/person\/ae4ec7087559b8692fb33b6fffd2273b","name":"inclusivenews2024","image":{"@type":"ImageObject","inLanguage":"pt-PT","@id":"https:\/\/secure.gravatar.com\/avatar\/c5a7ef84c66fa914f55bc4f7ce26cfa275a3b9a1c5568b907bd184fb4dde7b40?s=96&d=mm&r=g","url":"https:\/\/secure.gravatar.com\/avatar\/c5a7ef84c66fa914f55bc4f7ce26cfa275a3b9a1c5568b907bd184fb4dde7b40?s=96&d=mm&r=g","contentUrl":"https:\/\/secure.gravatar.com\/avatar\/c5a7ef84c66fa914f55bc4f7ce26cfa275a3b9a1c5568b907bd184fb4dde7b40?s=96&d=mm&r=g","caption":"inclusivenews2024"},"sameAs":["https:\/\/inclusivenews.com.br"],"url":"https:\/\/inclusivenews.com.br\/?author=1"}]}},"_links":{"self":[{"href":"https:\/\/inclusivenews.com.br\/index.php?rest_route=\/wp\/v2\/posts\/18306","targetHints":{"allow":["GET"]}}],"collection":[{"href":"https:\/\/inclusivenews.com.br\/index.php?rest_route=\/wp\/v2\/posts"}],"about":[{"href":"https:\/\/inclusivenews.com.br\/index.php?rest_route=\/wp\/v2\/types\/post"}],"author":[{"embeddable":true,"href":"https:\/\/inclusivenews.com.br\/index.php?rest_route=\/wp\/v2\/users\/1"}],"replies":[{"embeddable":true,"href":"https:\/\/inclusivenews.com.br\/index.php?rest_route=%2Fwp%2Fv2%2Fcomments&post=18306"}],"version-history":[{"count":0,"href":"https:\/\/inclusivenews.com.br\/index.php?rest_route=\/wp\/v2\/posts\/18306\/revisions"}],"wp:attachment":[{"href":"https:\/\/inclusivenews.com.br\/index.php?rest_route=%2Fwp%2Fv2%2Fmedia&parent=18306"}],"wp:term":[{"taxonomy":"category","embeddable":true,"href":"https:\/\/inclusivenews.com.br\/index.php?rest_route=%2Fwp%2Fv2%2Fcategories&post=18306"},{"taxonomy":"post_tag","embeddable":true,"href":"https:\/\/inclusivenews.com.br\/index.php?rest_route=%2Fwp%2Fv2%2Ftags&post=18306"}],"curies":[{"name":"wp","href":"https:\/\/api.w.org\/{rel}","templated":true}]}}