{"id":18318,"date":"2011-01-12T08:57:48","date_gmt":"2011-01-12T11:57:48","guid":{"rendered":"http:\/\/www.inclusive.org.br\/?p=18318"},"modified":"2011-01-12T08:57:48","modified_gmt":"2011-01-12T11:57:48","slug":"elas-da-favela","status":"publish","type":"post","link":"https:\/\/inclusivenews.com.br\/?p=18318","title":{"rendered":"Elas da favela"},"content":{"rendered":"<figure style=\"width: 130px\" class=\"wp-caption alignleft\"><img loading=\"lazy\" decoding=\"async\" title=\"Cartaz do filme, onde uma menina aparece de costas para a c\u00e2mara e de frente para a favela\" src=\"http:\/\/www.comunidadesegura.org\/files\/\/active\/0\/para_boletim.jpg\" alt=\"Cartaz do filme, onde uma menina aparece de costas para a c\u00e2mara e de frente para a favela\" width=\"130\" height=\"195\" \/><figcaption class=\"wp-caption-text\"> <\/figcaption><\/figure>\n<p>Vinte e sete de junho de 2007. A maior opera\u00e7\u00e3o policial realizada no Complexo do Alem\u00e3o, favela da Zona Oeste do Rio de Janeiro, desde sua ocupa\u00e7\u00e3o pela For\u00e7a Nacional de Seguran\u00e7a P\u00fablica, que j\u00e1 dura sete meses, deixou 19 mortos e 13 feridos.<\/p>\n<p>Da fatalidade surgiu a inspira\u00e7\u00e3o para o document\u00e1rio \u201cElas da Favela\u201d, lan\u00e7ado no Dia Internacional dos Direitos Humanos (10\/12), na Assembl\u00e9ia Legislativa do Estado do Rio de Janeiro (Alerj) e veiculado simultaneamente na TV Alerj. O curta-metragem \u00e9 resultado de quatro meses de pesquisa e entrevistas com mulheres do Complexo do Alem\u00e3o, que falam de suas experi\u00eancias em uma comunidade ocupada pela pol\u00edcia.<\/p>\n<p>\u201cA inten\u00e7\u00e3o era fazer um curta para que o filme fosse instrumento de debate, para que fomentasse discuss\u00f5es e servisse de material de apoio, apresentado antes de palestras e debates\u201d, conta Dafne Capella, diretora do filme, uma iniciativa do mandato do deputado estadual Marcelo Freixo.<\/p>\n<p>\u201cEscolhemos entrevistar mulheres pela import\u00e2ncia de se dar voz a quem sofre mais com a quest\u00e3o da \u2018inseguran\u00e7a p\u00fablica.\u2019 Ouve-se outros setores da sociedade, mas o morador da favela, de uma forma geral, que \u00e9 quem est\u00e1 no meio do fogo cruzado, n\u00e3o \u00e9 ouvido.\u201d, afirma Dafne. \u201cE em n\u00e3o se dando voz ao morador da favela, menos ainda \u00e0 mulher.\u201d<\/p>\n<p>Na contram\u00e3o dessa tend\u00eancia, o document\u00e1rio faz quest\u00e3o de ampliar essas vozes. S\u00e3o seis mulheres que falam de ser m\u00e3e, filha, irm\u00e3, amiga e esposa em uma favela ocupada pela pol\u00edcia, sem que entretanto sua seguran\u00e7a esteja garantida. Em alguns casos, muito pelo contr\u00e1rio.<\/p>\n<p>\u00c9 o caso de Josicleide, que relata uma situa\u00e7\u00e3o que pode parecer o pesadelo de qualquer m\u00e3e, mas ali se tornou realidade. Seu filho, menor de idade, foi baleado dentro de casa e levado para o hospital. Ap\u00f3s receber cuidados m\u00e9dicos, o jovem foi preso injustamente e passou oito dias no Departamento Geral de A\u00e7\u00f5es Socioeducativas (Degase) sob alega\u00e7\u00e3o de que estaria envolvido com o tr\u00e1fico de drogas. Quando o engano foi confirmado, a fam\u00edlia recebeu uma mo\u00e7\u00e3o de desagravo do juiz Siro Darlan, titular da 1\u00aa Vara da Inf\u00e2ncia e da Juventude do Rio de Janeiro.<\/p>\n<p>Josicleide conta que seu filho achou desnecess\u00e1rio buscar a mo\u00e7\u00e3o, mas ela fez quest\u00e3o de guardar o papel. \u201cCaso a idoneidade do filho desta mulher fosse questionada novamente, ela poderia mostrar que n\u00e3o era bem assim. Mas no final das contas, \u00e9 muito pouco, porque ela sabe, o filho dela sabe, mas o resto da sociedade e pol\u00edcia continuam acreditando que ele \u00e9 suspeito\u201d, avalia Dafne.<\/p>\n<p>M\u00e3es da favela<\/p>\n<p>Se ser m\u00e3e \u00e9 padecer no para\u00edso, no Complexo do Alem\u00e3o isso se confirma pelos relatos das entrevistadas. Dona Jacira, por exemplo, viu seus filhos serem levados para o lado de fora de sua casa enquanto ela e as mulheres da fam\u00edlia foram trancadas do lado de dentro. Neste momento ela conta que come\u00e7ou a chorar e foi verbalmente agredida por um policial.<\/p>\n<p>Dona Jacira diz que nenhum filho dela jamais havia falado palavr\u00e3o dentro de casa e se revolta com a atitude do policial. \u201cPor ela ter uma casa grande, com vista boa, viu sua resid\u00eancia invadida sem mandado, seus filhos retirados \u00e0 for\u00e7a e, porque se sensibilizou com a situa\u00e7\u00e3o \u2013 o que \u00e9 algo bem feminino \u2013, foi agredida por quem deveria ser um representante da lei, por quem deveria garantir a seguran\u00e7a de todos, inclusive dela\u201d, resume Dafne.<\/p>\n<p>Recentemente, o governador S\u00e9rgio Cabral defendeu o aborto como um poss\u00edvel atenuante para a viol\u00eancia no Rio de Janeiro. Em entrevista ao portal G1, o governador afirmou que &#8220;Tem tudo a ver com viol\u00eancia. Voc\u00ea pega o n\u00famero de filhos por m\u00e3e na Lagoa Rodrigo de Freitas, Tijuca, M\u00e9ier e Copacabana, \u00e9 padr\u00e3o sueco. Agora, pega na Rocinha. \u00c9 padr\u00e3o Z\u00e2mbia, Gab\u00e3o. Isso \u00e9 uma f\u00e1brica de produzir marginal.&#8221;<\/p>\n<p>Dafne recha\u00e7a a desastrada declara\u00e7\u00e3o. \u201cA mulher que tem um filho ou que est\u00e1 gr\u00e1vida sente que esperam que o filho necessariamente se torne um criminoso, simplesmente porque nasceu na favela. Uma crian\u00e7a que nasce na favela n\u00e3o est\u00e1 no caminho do tr\u00e1fico, definitivamente\u201d, avalia.<\/p>\n<p>\u00c9 o que a diretora p\u00f4de comprovar durante o tempo em que entrevistou mulheres no Complexo do Alem\u00e3o. M\u00e3es de cidad\u00e3os brasileiros, elas parecem ter que provar o tempo todo e antecipadamente a sua inoc\u00eancia e de seus familiares. \u201cEssas mulheres t\u00eam que trabalhar muito mais para garantir o que as pessoas que n\u00e3o est\u00e3o ali t\u00eam com menos dificuldade. \u00c9 mais trabalhoso, \u00e9 mais penoso e \u00e9 sofrido\u201d, afirma Dafne.<\/p>\n<p>As protagonistas do \u201cElas da Favela\u201d se equilibram entre o conflito e a tentativa de restaurar a normalidade de suas vidas. Para Dafne, ainda que o Complexo do Alem\u00e3o seja o local onde essas mulheres t\u00eam sua vida social, \u00e9 ali tamb\u00e9m que vivem momentos de medo. \u201cO fato de n\u00e3o estarem no conflito armado expl\u00edcito n\u00e3o impede seu envolvimento em todo esse processo. Elas e sua fam\u00edlia n\u00e3o ficam afastadas dessa realidade, mas ficam ref\u00e9ns sempre.\u201d<\/p>\n<p>Apesar da realidade de conflito, Dafne rejeita a utiliza\u00e7\u00e3o do termo \u201cguerra\u201d para definir a ocupa\u00e7\u00e3o no Complexo do Alem\u00e3o. \u201cEm uma guerra n\u00e3o h\u00e1 identidade \u00e9tica com o inimigo, o assassinato \u00e9 legitimado porque acredita-se que o inimigo est\u00e1 pronto para fazer o mesmo. Essa vis\u00e3o de que temos uma guerra s\u00f3 afasta ainda mais a favela do que se chama &#8216;sociedade&#8217;. E nesta guerra o inimigo \u00e9 o favelado e n\u00e3o o traficante. Ent\u00e3o legitima-se uma pol\u00edtica violenta, que n\u00e3o muda em absolutamente nada a vida de quem est\u00e1 na favela e fora dela\u201d, define.<\/p>\n<p>Em uma cidade onde o corpo policial \u00e9 essencialmente masculino, assim como as fileiras do tr\u00e1fico de drogas, s\u00e3o as m\u00e3es, filhas, esposas, irm\u00e3s, amigas e namoradas que guardam a tristeza e o medo da perda. Para a diretora, a quest\u00e3o ultrapassa a falta de recorte de g\u00eanero na pol\u00edtica de seguran\u00e7a p\u00fablica. \u201cO que falta \u00e9 uma pol\u00edtica de seguran\u00e7a p\u00fablica. Ponto\u201d, afirma categ\u00f3rica.<\/p>\n<p>______________________<\/p>\n<p><strong>Fonte:<\/strong> <a href=\"http:\/\/www.comunidadesegura.org\/pt-br\/node\/37655\">Comunidade Segura<\/a><\/p>\n","protected":false},"excerpt":{"rendered":"<p>Da fatalidade surgiu a inspira\u00e7\u00e3o para o document\u00e1rio \u201cElas da Favela\u201d, lan\u00e7ado no Dia Internacional dos Direitos Humanos (10\/12), na Assembl\u00e9ia Legislativa do Estado do Rio de Janeiro (Alerj) e veiculado simultaneamente na TV Alerj. O curta-metragem \u00e9 resultado de quatro meses de pesquisa e entrevistas com mulheres do Complexo do Alem\u00e3o, que falam de suas experi\u00eancias em uma comunidade ocupada pela pol\u00edcia.<\/p>\n","protected":false},"author":1,"featured_media":0,"comment_status":"open","ping_status":"open","sticky":false,"template":"","format":"standard","meta":{"site-container-style":"default","site-container-layout":"default","site-sidebar-layout":"default","disable-article-header":"default","disable-site-header":"default","disable-site-footer":"default","disable-content-area-spacing":"default","footnotes":""},"categories":[57,50],"tags":[],"class_list":["post-18318","post","type-post","status-publish","format-standard","hentry","category-filmes-e-midias","category-lancamentos"],"yoast_head":"<!-- This site is optimized with the Yoast SEO plugin v27.4 - https:\/\/yoast.com\/product\/yoast-seo-wordpress\/ -->\n<title>Elas da favela -<\/title>\n<meta name=\"robots\" content=\"index, follow, max-snippet:-1, max-image-preview:large, max-video-preview:-1\" \/>\n<link rel=\"canonical\" href=\"https:\/\/inclusivenews.com.br\/?p=18318\" \/>\n<meta property=\"og:locale\" content=\"pt_PT\" \/>\n<meta property=\"og:type\" content=\"article\" \/>\n<meta property=\"og:title\" content=\"Elas da favela -\" \/>\n<meta property=\"og:description\" content=\"Da fatalidade surgiu a inspira\u00e7\u00e3o para o document\u00e1rio \u201cElas da Favela\u201d, lan\u00e7ado no Dia Internacional dos Direitos Humanos (10\/12), na Assembl\u00e9ia Legislativa do Estado do Rio de Janeiro (Alerj) e veiculado simultaneamente na TV Alerj. O curta-metragem \u00e9 resultado de quatro meses de pesquisa e entrevistas com mulheres do Complexo do Alem\u00e3o, que falam de suas experi\u00eancias em uma comunidade ocupada pela pol\u00edcia.\" \/>\n<meta property=\"og:url\" content=\"https:\/\/inclusivenews.com.br\/?p=18318\" \/>\n<meta property=\"article:publisher\" content=\"https:\/\/www.facebook.com\/agenciainclusive\/\" \/>\n<meta property=\"article:published_time\" content=\"2011-01-12T11:57:48+00:00\" \/>\n<meta property=\"og:image\" content=\"http:\/\/www.comunidadesegura.org\/files\/\/active\/0\/para_boletim.jpg\" \/>\n<meta name=\"author\" content=\"inclusivenews2024\" \/>\n<meta name=\"twitter:card\" content=\"summary_large_image\" \/>\n<meta name=\"twitter:label1\" content=\"Escrito por\" \/>\n\t<meta name=\"twitter:data1\" content=\"inclusivenews2024\" \/>\n\t<meta name=\"twitter:label2\" content=\"Tempo estimado de leitura\" \/>\n\t<meta name=\"twitter:data2\" content=\"5 minutos\" \/>\n<script type=\"application\/ld+json\" class=\"yoast-schema-graph\">{\"@context\":\"https:\\\/\\\/schema.org\",\"@graph\":[{\"@type\":\"Article\",\"@id\":\"https:\\\/\\\/inclusivenews.com.br\\\/?p=18318#article\",\"isPartOf\":{\"@id\":\"https:\\\/\\\/inclusivenews.com.br\\\/?p=18318\"},\"author\":{\"name\":\"inclusivenews2024\",\"@id\":\"https:\\\/\\\/inclusivenews.com.br\\\/#\\\/schema\\\/person\\\/ae4ec7087559b8692fb33b6fffd2273b\"},\"headline\":\"Elas da favela\",\"datePublished\":\"2011-01-12T11:57:48+00:00\",\"mainEntityOfPage\":{\"@id\":\"https:\\\/\\\/inclusivenews.com.br\\\/?p=18318\"},\"wordCount\":1087,\"commentCount\":0,\"publisher\":{\"@id\":\"https:\\\/\\\/inclusivenews.com.br\\\/#organization\"},\"image\":{\"@id\":\"https:\\\/\\\/inclusivenews.com.br\\\/?p=18318#primaryimage\"},\"thumbnailUrl\":\"http:\\\/\\\/www.comunidadesegura.org\\\/files\\\/\\\/active\\\/0\\\/para_boletim.jpg\",\"articleSection\":[\"Filmes e m\u00eddias\",\"Lan\u00e7amentos\"],\"inLanguage\":\"pt-PT\",\"potentialAction\":[{\"@type\":\"CommentAction\",\"name\":\"Comment\",\"target\":[\"https:\\\/\\\/inclusivenews.com.br\\\/?p=18318#respond\"]}]},{\"@type\":\"WebPage\",\"@id\":\"https:\\\/\\\/inclusivenews.com.br\\\/?p=18318\",\"url\":\"https:\\\/\\\/inclusivenews.com.br\\\/?p=18318\",\"name\":\"Elas da favela -\",\"isPartOf\":{\"@id\":\"https:\\\/\\\/inclusivenews.com.br\\\/#website\"},\"primaryImageOfPage\":{\"@id\":\"https:\\\/\\\/inclusivenews.com.br\\\/?p=18318#primaryimage\"},\"image\":{\"@id\":\"https:\\\/\\\/inclusivenews.com.br\\\/?p=18318#primaryimage\"},\"thumbnailUrl\":\"http:\\\/\\\/www.comunidadesegura.org\\\/files\\\/\\\/active\\\/0\\\/para_boletim.jpg\",\"datePublished\":\"2011-01-12T11:57:48+00:00\",\"breadcrumb\":{\"@id\":\"https:\\\/\\\/inclusivenews.com.br\\\/?p=18318#breadcrumb\"},\"inLanguage\":\"pt-PT\",\"potentialAction\":[{\"@type\":\"ReadAction\",\"target\":[\"https:\\\/\\\/inclusivenews.com.br\\\/?p=18318\"]}]},{\"@type\":\"ImageObject\",\"inLanguage\":\"pt-PT\",\"@id\":\"https:\\\/\\\/inclusivenews.com.br\\\/?p=18318#primaryimage\",\"url\":\"http:\\\/\\\/www.comunidadesegura.org\\\/files\\\/\\\/active\\\/0\\\/para_boletim.jpg\",\"contentUrl\":\"http:\\\/\\\/www.comunidadesegura.org\\\/files\\\/\\\/active\\\/0\\\/para_boletim.jpg\"},{\"@type\":\"BreadcrumbList\",\"@id\":\"https:\\\/\\\/inclusivenews.com.br\\\/?p=18318#breadcrumb\",\"itemListElement\":[{\"@type\":\"ListItem\",\"position\":1,\"name\":\"In\u00edcio\",\"item\":\"https:\\\/\\\/inclusivenews.com.br\\\/\"},{\"@type\":\"ListItem\",\"position\":2,\"name\":\"Elas da favela\"}]},{\"@type\":\"WebSite\",\"@id\":\"https:\\\/\\\/inclusivenews.com.br\\\/#website\",\"url\":\"https:\\\/\\\/inclusivenews.com.br\\\/\",\"name\":\"Inclusive News\",\"description\":\"Inclusive News\",\"publisher\":{\"@id\":\"https:\\\/\\\/inclusivenews.com.br\\\/#organization\"},\"potentialAction\":[{\"@type\":\"SearchAction\",\"target\":{\"@type\":\"EntryPoint\",\"urlTemplate\":\"https:\\\/\\\/inclusivenews.com.br\\\/?s={search_term_string}\"},\"query-input\":{\"@type\":\"PropertyValueSpecification\",\"valueRequired\":true,\"valueName\":\"search_term_string\"}}],\"inLanguage\":\"pt-PT\"},{\"@type\":\"Organization\",\"@id\":\"https:\\\/\\\/inclusivenews.com.br\\\/#organization\",\"name\":\"Inclusive - inclus\u00e3o e cidadania\",\"url\":\"https:\\\/\\\/inclusivenews.com.br\\\/\",\"logo\":{\"@type\":\"ImageObject\",\"inLanguage\":\"pt-PT\",\"@id\":\"https:\\\/\\\/inclusivenews.com.br\\\/#\\\/schema\\\/logo\\\/image\\\/\",\"url\":\"https:\\\/\\\/inclusivenews.com.br\\\/wp-content\\\/uploads\\\/2024\\\/03\\\/@grandesite.png\",\"contentUrl\":\"https:\\\/\\\/inclusivenews.com.br\\\/wp-content\\\/uploads\\\/2024\\\/03\\\/@grandesite.png\",\"width\":1080,\"height\":1080,\"caption\":\"Inclusive - inclus\u00e3o e cidadania\"},\"image\":{\"@id\":\"https:\\\/\\\/inclusivenews.com.br\\\/#\\\/schema\\\/logo\\\/image\\\/\"},\"sameAs\":[\"https:\\\/\\\/www.facebook.com\\\/agenciainclusive\\\/\",\"https:\\\/\\\/www.instagram.com\\\/newsinclusive\\\/\"]},{\"@type\":\"Person\",\"@id\":\"https:\\\/\\\/inclusivenews.com.br\\\/#\\\/schema\\\/person\\\/ae4ec7087559b8692fb33b6fffd2273b\",\"name\":\"inclusivenews2024\",\"image\":{\"@type\":\"ImageObject\",\"inLanguage\":\"pt-PT\",\"@id\":\"https:\\\/\\\/secure.gravatar.com\\\/avatar\\\/c5a7ef84c66fa914f55bc4f7ce26cfa275a3b9a1c5568b907bd184fb4dde7b40?s=96&d=mm&r=g\",\"url\":\"https:\\\/\\\/secure.gravatar.com\\\/avatar\\\/c5a7ef84c66fa914f55bc4f7ce26cfa275a3b9a1c5568b907bd184fb4dde7b40?s=96&d=mm&r=g\",\"contentUrl\":\"https:\\\/\\\/secure.gravatar.com\\\/avatar\\\/c5a7ef84c66fa914f55bc4f7ce26cfa275a3b9a1c5568b907bd184fb4dde7b40?s=96&d=mm&r=g\",\"caption\":\"inclusivenews2024\"},\"sameAs\":[\"https:\\\/\\\/inclusivenews.com.br\"],\"url\":\"https:\\\/\\\/inclusivenews.com.br\\\/?author=1\"}]}<\/script>\n<!-- \/ Yoast SEO plugin. -->","yoast_head_json":{"title":"Elas da favela -","robots":{"index":"index","follow":"follow","max-snippet":"max-snippet:-1","max-image-preview":"max-image-preview:large","max-video-preview":"max-video-preview:-1"},"canonical":"https:\/\/inclusivenews.com.br\/?p=18318","og_locale":"pt_PT","og_type":"article","og_title":"Elas da favela -","og_description":"Da fatalidade surgiu a inspira\u00e7\u00e3o para o document\u00e1rio \u201cElas da Favela\u201d, lan\u00e7ado no Dia Internacional dos Direitos Humanos (10\/12), na Assembl\u00e9ia Legislativa do Estado do Rio de Janeiro (Alerj) e veiculado simultaneamente na TV Alerj. O curta-metragem \u00e9 resultado de quatro meses de pesquisa e entrevistas com mulheres do Complexo do Alem\u00e3o, que falam de suas experi\u00eancias em uma comunidade ocupada pela pol\u00edcia.","og_url":"https:\/\/inclusivenews.com.br\/?p=18318","article_publisher":"https:\/\/www.facebook.com\/agenciainclusive\/","article_published_time":"2011-01-12T11:57:48+00:00","og_image":[{"url":"http:\/\/www.comunidadesegura.org\/files\/\/active\/0\/para_boletim.jpg","type":"","width":"","height":""}],"author":"inclusivenews2024","twitter_card":"summary_large_image","twitter_misc":{"Escrito por":"inclusivenews2024","Tempo estimado de leitura":"5 minutos"},"schema":{"@context":"https:\/\/schema.org","@graph":[{"@type":"Article","@id":"https:\/\/inclusivenews.com.br\/?p=18318#article","isPartOf":{"@id":"https:\/\/inclusivenews.com.br\/?p=18318"},"author":{"name":"inclusivenews2024","@id":"https:\/\/inclusivenews.com.br\/#\/schema\/person\/ae4ec7087559b8692fb33b6fffd2273b"},"headline":"Elas da favela","datePublished":"2011-01-12T11:57:48+00:00","mainEntityOfPage":{"@id":"https:\/\/inclusivenews.com.br\/?p=18318"},"wordCount":1087,"commentCount":0,"publisher":{"@id":"https:\/\/inclusivenews.com.br\/#organization"},"image":{"@id":"https:\/\/inclusivenews.com.br\/?p=18318#primaryimage"},"thumbnailUrl":"http:\/\/www.comunidadesegura.org\/files\/\/active\/0\/para_boletim.jpg","articleSection":["Filmes e m\u00eddias","Lan\u00e7amentos"],"inLanguage":"pt-PT","potentialAction":[{"@type":"CommentAction","name":"Comment","target":["https:\/\/inclusivenews.com.br\/?p=18318#respond"]}]},{"@type":"WebPage","@id":"https:\/\/inclusivenews.com.br\/?p=18318","url":"https:\/\/inclusivenews.com.br\/?p=18318","name":"Elas da favela -","isPartOf":{"@id":"https:\/\/inclusivenews.com.br\/#website"},"primaryImageOfPage":{"@id":"https:\/\/inclusivenews.com.br\/?p=18318#primaryimage"},"image":{"@id":"https:\/\/inclusivenews.com.br\/?p=18318#primaryimage"},"thumbnailUrl":"http:\/\/www.comunidadesegura.org\/files\/\/active\/0\/para_boletim.jpg","datePublished":"2011-01-12T11:57:48+00:00","breadcrumb":{"@id":"https:\/\/inclusivenews.com.br\/?p=18318#breadcrumb"},"inLanguage":"pt-PT","potentialAction":[{"@type":"ReadAction","target":["https:\/\/inclusivenews.com.br\/?p=18318"]}]},{"@type":"ImageObject","inLanguage":"pt-PT","@id":"https:\/\/inclusivenews.com.br\/?p=18318#primaryimage","url":"http:\/\/www.comunidadesegura.org\/files\/\/active\/0\/para_boletim.jpg","contentUrl":"http:\/\/www.comunidadesegura.org\/files\/\/active\/0\/para_boletim.jpg"},{"@type":"BreadcrumbList","@id":"https:\/\/inclusivenews.com.br\/?p=18318#breadcrumb","itemListElement":[{"@type":"ListItem","position":1,"name":"In\u00edcio","item":"https:\/\/inclusivenews.com.br\/"},{"@type":"ListItem","position":2,"name":"Elas da favela"}]},{"@type":"WebSite","@id":"https:\/\/inclusivenews.com.br\/#website","url":"https:\/\/inclusivenews.com.br\/","name":"Inclusive News","description":"Inclusive News","publisher":{"@id":"https:\/\/inclusivenews.com.br\/#organization"},"potentialAction":[{"@type":"SearchAction","target":{"@type":"EntryPoint","urlTemplate":"https:\/\/inclusivenews.com.br\/?s={search_term_string}"},"query-input":{"@type":"PropertyValueSpecification","valueRequired":true,"valueName":"search_term_string"}}],"inLanguage":"pt-PT"},{"@type":"Organization","@id":"https:\/\/inclusivenews.com.br\/#organization","name":"Inclusive - inclus\u00e3o e cidadania","url":"https:\/\/inclusivenews.com.br\/","logo":{"@type":"ImageObject","inLanguage":"pt-PT","@id":"https:\/\/inclusivenews.com.br\/#\/schema\/logo\/image\/","url":"https:\/\/inclusivenews.com.br\/wp-content\/uploads\/2024\/03\/@grandesite.png","contentUrl":"https:\/\/inclusivenews.com.br\/wp-content\/uploads\/2024\/03\/@grandesite.png","width":1080,"height":1080,"caption":"Inclusive - inclus\u00e3o e cidadania"},"image":{"@id":"https:\/\/inclusivenews.com.br\/#\/schema\/logo\/image\/"},"sameAs":["https:\/\/www.facebook.com\/agenciainclusive\/","https:\/\/www.instagram.com\/newsinclusive\/"]},{"@type":"Person","@id":"https:\/\/inclusivenews.com.br\/#\/schema\/person\/ae4ec7087559b8692fb33b6fffd2273b","name":"inclusivenews2024","image":{"@type":"ImageObject","inLanguage":"pt-PT","@id":"https:\/\/secure.gravatar.com\/avatar\/c5a7ef84c66fa914f55bc4f7ce26cfa275a3b9a1c5568b907bd184fb4dde7b40?s=96&d=mm&r=g","url":"https:\/\/secure.gravatar.com\/avatar\/c5a7ef84c66fa914f55bc4f7ce26cfa275a3b9a1c5568b907bd184fb4dde7b40?s=96&d=mm&r=g","contentUrl":"https:\/\/secure.gravatar.com\/avatar\/c5a7ef84c66fa914f55bc4f7ce26cfa275a3b9a1c5568b907bd184fb4dde7b40?s=96&d=mm&r=g","caption":"inclusivenews2024"},"sameAs":["https:\/\/inclusivenews.com.br"],"url":"https:\/\/inclusivenews.com.br\/?author=1"}]}},"_links":{"self":[{"href":"https:\/\/inclusivenews.com.br\/index.php?rest_route=\/wp\/v2\/posts\/18318","targetHints":{"allow":["GET"]}}],"collection":[{"href":"https:\/\/inclusivenews.com.br\/index.php?rest_route=\/wp\/v2\/posts"}],"about":[{"href":"https:\/\/inclusivenews.com.br\/index.php?rest_route=\/wp\/v2\/types\/post"}],"author":[{"embeddable":true,"href":"https:\/\/inclusivenews.com.br\/index.php?rest_route=\/wp\/v2\/users\/1"}],"replies":[{"embeddable":true,"href":"https:\/\/inclusivenews.com.br\/index.php?rest_route=%2Fwp%2Fv2%2Fcomments&post=18318"}],"version-history":[{"count":0,"href":"https:\/\/inclusivenews.com.br\/index.php?rest_route=\/wp\/v2\/posts\/18318\/revisions"}],"wp:attachment":[{"href":"https:\/\/inclusivenews.com.br\/index.php?rest_route=%2Fwp%2Fv2%2Fmedia&parent=18318"}],"wp:term":[{"taxonomy":"category","embeddable":true,"href":"https:\/\/inclusivenews.com.br\/index.php?rest_route=%2Fwp%2Fv2%2Fcategories&post=18318"},{"taxonomy":"post_tag","embeddable":true,"href":"https:\/\/inclusivenews.com.br\/index.php?rest_route=%2Fwp%2Fv2%2Ftags&post=18318"}],"curies":[{"name":"wp","href":"https:\/\/api.w.org\/{rel}","templated":true}]}}