{"id":18325,"date":"2011-01-12T08:55:04","date_gmt":"2011-01-12T11:55:04","guid":{"rendered":"http:\/\/www.inclusive.org.br\/?p=18325"},"modified":"2011-01-12T08:55:04","modified_gmt":"2011-01-12T11:55:04","slug":"pesquisa-aponta-a-existencia-de-preconceito-no-ensino-religioso-brasileiro","status":"publish","type":"post","link":"https:\/\/inclusivenews.com.br\/?p=18325","title":{"rendered":"Pesquisa aponta a exist\u00eancia de preconceito no ensino religioso brasileiro"},"content":{"rendered":"<figure style=\"width: 220px\" class=\"wp-caption alignleft\"><img loading=\"lazy\" decoding=\"async\" class=\" \" title=\"Capa da publica\u00e7\u00e3o, com ilustra\u00e7\u00e3o abstrata\" src=\"http:\/\/www.cnpq.br\/img\/noticias\/img_materias\/2010\/1227.jpg\" alt=\"Capa da publica\u00e7\u00e3o, com ilustra\u00e7\u00e3o abstrata\" width=\"220\" height=\"320\" \/><figcaption class=\"wp-caption-text\"> <\/figcaption><\/figure>\n<p>Para fornecer um panorama do cen\u00e1rio pol\u00edtico que fundamenta o exerc\u00edcio do ensino religioso nas escolas do pa\u00eds, um grupo de pesquisadoras analisou, entre 2008 e 2010, as regulamenta\u00e7\u00f5es estaduais para entender de que forma essa disciplina figura nos marcos legais de cada estado e qual a diversidade social e cultural presente nos livros did\u00e1ticos dessa disciplina. O Brasil \u00e9 um Estado laico, ou seja, n\u00e3o adota nenhuma religi\u00e3o oficial. Entretanto, \u00e9 uma na\u00e7\u00e3o que promove e respeita a diversidade religiosa.<\/p>\n<p>O estudo aponta lacunas e contradi\u00e7\u00f5es nas pr\u00e1ticas legislativa, normativa e did\u00e1tica sobre o ensino religioso nas escolas p\u00fablicas a partir do marco constitucional e dos acordos internacionais firmados pelo pa\u00eds, que prev\u00eaem como atribui\u00e7\u00e3o da educa\u00e7\u00e3o p\u00fablica a forma\u00e7\u00e3o b\u00e1sica comum e o respeito aos valores culturais e art\u00edsticos. A pesquisa foi coordenada pela antrop\u00f3loga Debora Diniz, bolsista do Conselho Nacional de Desenvolvimento Cient\u00edfico e Tecnol\u00f3gico (CNPq\/MCT).<\/p>\n<p>\u201cAo analisarmos as regulamenta\u00e7\u00f5es estaduais sobre ensino religioso, busc\u00e1vamos entender de que forma essa disciplina figurava nos marcos legais de cada estado. A an\u00e1lise dos livros de ensino religioso, por outro lado, buscava descortinar de que forma essa disciplina \u00e9 dada em sala de aula. O livro did\u00e1tico \u00e9 um elemento central para a a\u00e7\u00e3o de ensino-aprendizagem nas escolas p\u00fablicas. E \u00e9 no contexto escolar que s\u00e3o constru\u00eddas novas pr\u00e1ticas sociais. Assim, a an\u00e1lise dos livros de ensino religioso buscou verificar de que forma os temas da diversidade cultural e social, do proselitismo religioso e do pluralismo religioso s\u00e3o tratados\u201d, explica Diniz.<\/p>\n<p>Falta regulamenta\u00e7\u00e3o<\/p>\n<p>O conte\u00fado do ensino religioso bem como o material did\u00e1tico a ser utilizado n\u00e3o \u00e9 regulamentado pelo Minist\u00e9rio da Educa\u00e7\u00e3o. Dessa forma n\u00e3o \u00e9 poss\u00edvel saber ao certo que material \u00e9 usado, por isso foram analisados os 25 livros de ensino religioso mais adotados pelas escolas p\u00fablicas do Brasil, produzidos por editoras laicas e seculares. Para a pesquisadora, nas regulamenta\u00e7\u00f5es estaduais sobre o ensino religioso existe pouca clareza sobre a modalidade de ensino adotada em cada estado, bem como sobre o conte\u00fado dessa disciplina e sobre os crit\u00e9rios de habilita\u00e7\u00e3o e admiss\u00e3o dos professores.<\/p>\n<p>\u201cEssa falta de clareza abre espa\u00e7o para o proselitismo religioso. Em estados como a Bahia e o Rio de Janeiro, por exemplo, o ensino religioso tem car\u00e1ter confessional, isto \u00e9, o ensino religioso se confunde com educa\u00e7\u00e3o religiosa. Nesses estados a disciplina \u00e9 oferecida por professores ou orientadores religiosos credenciados por igrejas ou entidades religiosas. A confessionalidade do ensino contraria a Lei de Diretrizes e Bases da Educa\u00e7\u00e3o e tamb\u00e9m o texto constitucional que pro\u00edbem o proselitismo religioso\u201d , afirma Debora.<\/p>\n<p>Segundo a pesquisa, a falta de regulamenta\u00e7\u00e3o sobre o conte\u00fado do ensino religioso refletiu-se tamb\u00e9m no conte\u00fado dos livros did\u00e1ticos. \u201cEncontramos uma preponder\u00e2ncia de representa\u00e7\u00e3o das religi\u00f5es crist\u00e3s, sobretudo do catolicismo. As religi\u00f5es afro-brasileiras e ind\u00edgenas eram sub-representadas, nem sequer eram reconhecidas como religi\u00f5es; era conferido \u00e0quelas uma identidade primitiva ou de cren\u00e7as m\u00e1gicas. N\u00e3o havia nenhuma representa\u00e7\u00e3o positiva de pessoas ou grupos sem religi\u00e3o. Al\u00e9m disso, encontramos um cen\u00e1rio de estigmatiza\u00e7\u00e3o da pessoa com defici\u00eancia\u201d, esclarece Diniz.<\/p>\n<p>Para a estudiosa, o Estado brasileiro, apesar de laico, n\u00e3o adota uma posi\u00e7\u00e3o neutra em mat\u00e9ria religiosa e confessional. \u201cAs religi\u00f5es participam ativamente das institui\u00e7\u00f5es b\u00e1sicas do Estado. No campo educacional, as escolas p\u00fablicas recorrentemente se constituem como espa\u00e7os de disputas. Refletir sobre o ensino religioso nas escolas p\u00fablicas significa repensar o papel do Estado na promo\u00e7\u00e3o da justi\u00e7a religiosa e, em \u00faltima inst\u00e2ncia, na garantia da laicidade. O que \u00e9 importante frente a esse cen\u00e1rio \u00e9 que sejam definidos delineamentos claros quanto ao ensino religioso, especialmente no que se refere ao conte\u00fado dessa disciplina, para que as escolas n\u00e3o sejam utilizadas como espa\u00e7o para o proselitismo\u201d, finaliza.<\/p>\n<p>Livro<\/p>\n<p>Os resultados foram publicados no livro \u201cLaicidade e Ensino Religioso no Brasil\u201d. A pesquisa teve a participa\u00e7\u00e3o de Tatiana Lion\u00e7o e Vanessa Carri\u00e3o e contou com apoio do Programa de Inicia\u00e7\u00e3o Cient\u00edfica da Universidade de Bras\u00edlia (UNB), da Comiss\u00e3o de Cidadania e Reprodu\u00e7\u00e3o e da UNESCO.<br \/>\n_______________________________________<\/p>\n<p><strong>Fonte: <\/strong><a href=\"http:\/\/www.pavablog.com\/2011\/01\/04\/pesquisa-aponta-a-existencia-de-preconceito-no-ensino-religioso-brasileiro\/\">CNPq \/dica da Simone Costa \/ no Pavablog<\/a><\/p>\n","protected":false},"excerpt":{"rendered":"<p>Para a antrop\u00f3loga D\u00e9bora Diniz, refletir sobre o ensino religioso nas escolas p\u00fablicas significa repensar o papel do Estado na promo\u00e7\u00e3o da justi\u00e7a religiosa e, em \u00faltima inst\u00e2ncia, na garantia da laicidade. Do Pavablog.<\/p>\n","protected":false},"author":1,"featured_media":0,"comment_status":"open","ping_status":"open","sticky":false,"template":"","format":"standard","meta":{"site-container-style":"default","site-container-layout":"default","site-sidebar-layout":"default","disable-article-header":"default","disable-site-header":"default","disable-site-footer":"default","disable-content-area-spacing":"default","footnotes":""},"categories":[6,51,4,10],"tags":[165],"class_list":["post-18325","post","type-post","status-publish","format-standard","hentry","category-educacao","category-livros","category-noticias","category-publicacoes","tag-religiao"],"yoast_head":"<!-- This site is optimized with the Yoast SEO plugin v27.4 - https:\/\/yoast.com\/product\/yoast-seo-wordpress\/ -->\n<title>Pesquisa aponta a exist\u00eancia de preconceito no ensino religioso brasileiro -<\/title>\n<meta name=\"robots\" content=\"index, follow, max-snippet:-1, max-image-preview:large, max-video-preview:-1\" \/>\n<link rel=\"canonical\" href=\"https:\/\/inclusivenews.com.br\/?p=18325\" \/>\n<meta property=\"og:locale\" content=\"pt_PT\" \/>\n<meta property=\"og:type\" content=\"article\" \/>\n<meta property=\"og:title\" content=\"Pesquisa aponta a exist\u00eancia de preconceito no ensino religioso brasileiro -\" \/>\n<meta property=\"og:description\" content=\"Para a antrop\u00f3loga D\u00e9bora Diniz, refletir sobre o ensino religioso nas escolas p\u00fablicas significa repensar o papel do Estado na promo\u00e7\u00e3o da justi\u00e7a religiosa e, em \u00faltima inst\u00e2ncia, na garantia da laicidade. Do Pavablog.\" \/>\n<meta property=\"og:url\" content=\"https:\/\/inclusivenews.com.br\/?p=18325\" \/>\n<meta property=\"article:publisher\" content=\"https:\/\/www.facebook.com\/agenciainclusive\/\" \/>\n<meta property=\"article:published_time\" content=\"2011-01-12T11:55:04+00:00\" \/>\n<meta property=\"og:image\" content=\"http:\/\/www.cnpq.br\/img\/noticias\/img_materias\/2010\/1227.jpg\" \/>\n<meta name=\"author\" content=\"inclusivenews2024\" \/>\n<meta name=\"twitter:card\" content=\"summary_large_image\" \/>\n<meta name=\"twitter:label1\" content=\"Escrito por\" \/>\n\t<meta name=\"twitter:data1\" content=\"inclusivenews2024\" \/>\n\t<meta name=\"twitter:label2\" content=\"Tempo estimado de leitura\" \/>\n\t<meta name=\"twitter:data2\" content=\"4 minutos\" \/>\n<script type=\"application\/ld+json\" class=\"yoast-schema-graph\">{\"@context\":\"https:\\\/\\\/schema.org\",\"@graph\":[{\"@type\":\"Article\",\"@id\":\"https:\\\/\\\/inclusivenews.com.br\\\/?p=18325#article\",\"isPartOf\":{\"@id\":\"https:\\\/\\\/inclusivenews.com.br\\\/?p=18325\"},\"author\":{\"name\":\"inclusivenews2024\",\"@id\":\"https:\\\/\\\/inclusivenews.com.br\\\/#\\\/schema\\\/person\\\/ae4ec7087559b8692fb33b6fffd2273b\"},\"headline\":\"Pesquisa aponta a exist\u00eancia de preconceito no ensino religioso brasileiro\",\"datePublished\":\"2011-01-12T11:55:04+00:00\",\"mainEntityOfPage\":{\"@id\":\"https:\\\/\\\/inclusivenews.com.br\\\/?p=18325\"},\"wordCount\":772,\"commentCount\":1,\"publisher\":{\"@id\":\"https:\\\/\\\/inclusivenews.com.br\\\/#organization\"},\"image\":{\"@id\":\"https:\\\/\\\/inclusivenews.com.br\\\/?p=18325#primaryimage\"},\"thumbnailUrl\":\"http:\\\/\\\/www.cnpq.br\\\/img\\\/noticias\\\/img_materias\\\/2010\\\/1227.jpg\",\"keywords\":[\"Religi\u00e3o\"],\"articleSection\":[\"EDUCA\u00c7\u00c3O\",\"Livros\",\"NOT\u00cdCIAS\",\"PUBLICA\u00c7\u00d5ES\"],\"inLanguage\":\"pt-PT\",\"potentialAction\":[{\"@type\":\"CommentAction\",\"name\":\"Comment\",\"target\":[\"https:\\\/\\\/inclusivenews.com.br\\\/?p=18325#respond\"]}]},{\"@type\":\"WebPage\",\"@id\":\"https:\\\/\\\/inclusivenews.com.br\\\/?p=18325\",\"url\":\"https:\\\/\\\/inclusivenews.com.br\\\/?p=18325\",\"name\":\"Pesquisa aponta a exist\u00eancia de preconceito no ensino religioso brasileiro -\",\"isPartOf\":{\"@id\":\"https:\\\/\\\/inclusivenews.com.br\\\/#website\"},\"primaryImageOfPage\":{\"@id\":\"https:\\\/\\\/inclusivenews.com.br\\\/?p=18325#primaryimage\"},\"image\":{\"@id\":\"https:\\\/\\\/inclusivenews.com.br\\\/?p=18325#primaryimage\"},\"thumbnailUrl\":\"http:\\\/\\\/www.cnpq.br\\\/img\\\/noticias\\\/img_materias\\\/2010\\\/1227.jpg\",\"datePublished\":\"2011-01-12T11:55:04+00:00\",\"breadcrumb\":{\"@id\":\"https:\\\/\\\/inclusivenews.com.br\\\/?p=18325#breadcrumb\"},\"inLanguage\":\"pt-PT\",\"potentialAction\":[{\"@type\":\"ReadAction\",\"target\":[\"https:\\\/\\\/inclusivenews.com.br\\\/?p=18325\"]}]},{\"@type\":\"ImageObject\",\"inLanguage\":\"pt-PT\",\"@id\":\"https:\\\/\\\/inclusivenews.com.br\\\/?p=18325#primaryimage\",\"url\":\"http:\\\/\\\/www.cnpq.br\\\/img\\\/noticias\\\/img_materias\\\/2010\\\/1227.jpg\",\"contentUrl\":\"http:\\\/\\\/www.cnpq.br\\\/img\\\/noticias\\\/img_materias\\\/2010\\\/1227.jpg\"},{\"@type\":\"BreadcrumbList\",\"@id\":\"https:\\\/\\\/inclusivenews.com.br\\\/?p=18325#breadcrumb\",\"itemListElement\":[{\"@type\":\"ListItem\",\"position\":1,\"name\":\"In\u00edcio\",\"item\":\"https:\\\/\\\/inclusivenews.com.br\\\/\"},{\"@type\":\"ListItem\",\"position\":2,\"name\":\"Pesquisa aponta a exist\u00eancia de preconceito no ensino religioso brasileiro\"}]},{\"@type\":\"WebSite\",\"@id\":\"https:\\\/\\\/inclusivenews.com.br\\\/#website\",\"url\":\"https:\\\/\\\/inclusivenews.com.br\\\/\",\"name\":\"Inclusive News\",\"description\":\"Inclusive News\",\"publisher\":{\"@id\":\"https:\\\/\\\/inclusivenews.com.br\\\/#organization\"},\"potentialAction\":[{\"@type\":\"SearchAction\",\"target\":{\"@type\":\"EntryPoint\",\"urlTemplate\":\"https:\\\/\\\/inclusivenews.com.br\\\/?s={search_term_string}\"},\"query-input\":{\"@type\":\"PropertyValueSpecification\",\"valueRequired\":true,\"valueName\":\"search_term_string\"}}],\"inLanguage\":\"pt-PT\"},{\"@type\":\"Organization\",\"@id\":\"https:\\\/\\\/inclusivenews.com.br\\\/#organization\",\"name\":\"Inclusive - inclus\u00e3o e cidadania\",\"url\":\"https:\\\/\\\/inclusivenews.com.br\\\/\",\"logo\":{\"@type\":\"ImageObject\",\"inLanguage\":\"pt-PT\",\"@id\":\"https:\\\/\\\/inclusivenews.com.br\\\/#\\\/schema\\\/logo\\\/image\\\/\",\"url\":\"https:\\\/\\\/inclusivenews.com.br\\\/wp-content\\\/uploads\\\/2024\\\/03\\\/@grandesite.png\",\"contentUrl\":\"https:\\\/\\\/inclusivenews.com.br\\\/wp-content\\\/uploads\\\/2024\\\/03\\\/@grandesite.png\",\"width\":1080,\"height\":1080,\"caption\":\"Inclusive - inclus\u00e3o e cidadania\"},\"image\":{\"@id\":\"https:\\\/\\\/inclusivenews.com.br\\\/#\\\/schema\\\/logo\\\/image\\\/\"},\"sameAs\":[\"https:\\\/\\\/www.facebook.com\\\/agenciainclusive\\\/\",\"https:\\\/\\\/www.instagram.com\\\/newsinclusive\\\/\"]},{\"@type\":\"Person\",\"@id\":\"https:\\\/\\\/inclusivenews.com.br\\\/#\\\/schema\\\/person\\\/ae4ec7087559b8692fb33b6fffd2273b\",\"name\":\"inclusivenews2024\",\"image\":{\"@type\":\"ImageObject\",\"inLanguage\":\"pt-PT\",\"@id\":\"https:\\\/\\\/secure.gravatar.com\\\/avatar\\\/c5a7ef84c66fa914f55bc4f7ce26cfa275a3b9a1c5568b907bd184fb4dde7b40?s=96&d=mm&r=g\",\"url\":\"https:\\\/\\\/secure.gravatar.com\\\/avatar\\\/c5a7ef84c66fa914f55bc4f7ce26cfa275a3b9a1c5568b907bd184fb4dde7b40?s=96&d=mm&r=g\",\"contentUrl\":\"https:\\\/\\\/secure.gravatar.com\\\/avatar\\\/c5a7ef84c66fa914f55bc4f7ce26cfa275a3b9a1c5568b907bd184fb4dde7b40?s=96&d=mm&r=g\",\"caption\":\"inclusivenews2024\"},\"sameAs\":[\"https:\\\/\\\/inclusivenews.com.br\"],\"url\":\"https:\\\/\\\/inclusivenews.com.br\\\/?author=1\"}]}<\/script>\n<!-- \/ Yoast SEO plugin. -->","yoast_head_json":{"title":"Pesquisa aponta a exist\u00eancia de preconceito no ensino religioso brasileiro -","robots":{"index":"index","follow":"follow","max-snippet":"max-snippet:-1","max-image-preview":"max-image-preview:large","max-video-preview":"max-video-preview:-1"},"canonical":"https:\/\/inclusivenews.com.br\/?p=18325","og_locale":"pt_PT","og_type":"article","og_title":"Pesquisa aponta a exist\u00eancia de preconceito no ensino religioso brasileiro -","og_description":"Para a antrop\u00f3loga D\u00e9bora Diniz, refletir sobre o ensino religioso nas escolas p\u00fablicas significa repensar o papel do Estado na promo\u00e7\u00e3o da justi\u00e7a religiosa e, em \u00faltima inst\u00e2ncia, na garantia da laicidade. Do Pavablog.","og_url":"https:\/\/inclusivenews.com.br\/?p=18325","article_publisher":"https:\/\/www.facebook.com\/agenciainclusive\/","article_published_time":"2011-01-12T11:55:04+00:00","og_image":[{"url":"http:\/\/www.cnpq.br\/img\/noticias\/img_materias\/2010\/1227.jpg","type":"","width":"","height":""}],"author":"inclusivenews2024","twitter_card":"summary_large_image","twitter_misc":{"Escrito por":"inclusivenews2024","Tempo estimado de leitura":"4 minutos"},"schema":{"@context":"https:\/\/schema.org","@graph":[{"@type":"Article","@id":"https:\/\/inclusivenews.com.br\/?p=18325#article","isPartOf":{"@id":"https:\/\/inclusivenews.com.br\/?p=18325"},"author":{"name":"inclusivenews2024","@id":"https:\/\/inclusivenews.com.br\/#\/schema\/person\/ae4ec7087559b8692fb33b6fffd2273b"},"headline":"Pesquisa aponta a exist\u00eancia de preconceito no ensino religioso brasileiro","datePublished":"2011-01-12T11:55:04+00:00","mainEntityOfPage":{"@id":"https:\/\/inclusivenews.com.br\/?p=18325"},"wordCount":772,"commentCount":1,"publisher":{"@id":"https:\/\/inclusivenews.com.br\/#organization"},"image":{"@id":"https:\/\/inclusivenews.com.br\/?p=18325#primaryimage"},"thumbnailUrl":"http:\/\/www.cnpq.br\/img\/noticias\/img_materias\/2010\/1227.jpg","keywords":["Religi\u00e3o"],"articleSection":["EDUCA\u00c7\u00c3O","Livros","NOT\u00cdCIAS","PUBLICA\u00c7\u00d5ES"],"inLanguage":"pt-PT","potentialAction":[{"@type":"CommentAction","name":"Comment","target":["https:\/\/inclusivenews.com.br\/?p=18325#respond"]}]},{"@type":"WebPage","@id":"https:\/\/inclusivenews.com.br\/?p=18325","url":"https:\/\/inclusivenews.com.br\/?p=18325","name":"Pesquisa aponta a exist\u00eancia de preconceito no ensino religioso brasileiro -","isPartOf":{"@id":"https:\/\/inclusivenews.com.br\/#website"},"primaryImageOfPage":{"@id":"https:\/\/inclusivenews.com.br\/?p=18325#primaryimage"},"image":{"@id":"https:\/\/inclusivenews.com.br\/?p=18325#primaryimage"},"thumbnailUrl":"http:\/\/www.cnpq.br\/img\/noticias\/img_materias\/2010\/1227.jpg","datePublished":"2011-01-12T11:55:04+00:00","breadcrumb":{"@id":"https:\/\/inclusivenews.com.br\/?p=18325#breadcrumb"},"inLanguage":"pt-PT","potentialAction":[{"@type":"ReadAction","target":["https:\/\/inclusivenews.com.br\/?p=18325"]}]},{"@type":"ImageObject","inLanguage":"pt-PT","@id":"https:\/\/inclusivenews.com.br\/?p=18325#primaryimage","url":"http:\/\/www.cnpq.br\/img\/noticias\/img_materias\/2010\/1227.jpg","contentUrl":"http:\/\/www.cnpq.br\/img\/noticias\/img_materias\/2010\/1227.jpg"},{"@type":"BreadcrumbList","@id":"https:\/\/inclusivenews.com.br\/?p=18325#breadcrumb","itemListElement":[{"@type":"ListItem","position":1,"name":"In\u00edcio","item":"https:\/\/inclusivenews.com.br\/"},{"@type":"ListItem","position":2,"name":"Pesquisa aponta a exist\u00eancia de preconceito no ensino religioso brasileiro"}]},{"@type":"WebSite","@id":"https:\/\/inclusivenews.com.br\/#website","url":"https:\/\/inclusivenews.com.br\/","name":"Inclusive News","description":"Inclusive News","publisher":{"@id":"https:\/\/inclusivenews.com.br\/#organization"},"potentialAction":[{"@type":"SearchAction","target":{"@type":"EntryPoint","urlTemplate":"https:\/\/inclusivenews.com.br\/?s={search_term_string}"},"query-input":{"@type":"PropertyValueSpecification","valueRequired":true,"valueName":"search_term_string"}}],"inLanguage":"pt-PT"},{"@type":"Organization","@id":"https:\/\/inclusivenews.com.br\/#organization","name":"Inclusive - inclus\u00e3o e cidadania","url":"https:\/\/inclusivenews.com.br\/","logo":{"@type":"ImageObject","inLanguage":"pt-PT","@id":"https:\/\/inclusivenews.com.br\/#\/schema\/logo\/image\/","url":"https:\/\/inclusivenews.com.br\/wp-content\/uploads\/2024\/03\/@grandesite.png","contentUrl":"https:\/\/inclusivenews.com.br\/wp-content\/uploads\/2024\/03\/@grandesite.png","width":1080,"height":1080,"caption":"Inclusive - inclus\u00e3o e cidadania"},"image":{"@id":"https:\/\/inclusivenews.com.br\/#\/schema\/logo\/image\/"},"sameAs":["https:\/\/www.facebook.com\/agenciainclusive\/","https:\/\/www.instagram.com\/newsinclusive\/"]},{"@type":"Person","@id":"https:\/\/inclusivenews.com.br\/#\/schema\/person\/ae4ec7087559b8692fb33b6fffd2273b","name":"inclusivenews2024","image":{"@type":"ImageObject","inLanguage":"pt-PT","@id":"https:\/\/secure.gravatar.com\/avatar\/c5a7ef84c66fa914f55bc4f7ce26cfa275a3b9a1c5568b907bd184fb4dde7b40?s=96&d=mm&r=g","url":"https:\/\/secure.gravatar.com\/avatar\/c5a7ef84c66fa914f55bc4f7ce26cfa275a3b9a1c5568b907bd184fb4dde7b40?s=96&d=mm&r=g","contentUrl":"https:\/\/secure.gravatar.com\/avatar\/c5a7ef84c66fa914f55bc4f7ce26cfa275a3b9a1c5568b907bd184fb4dde7b40?s=96&d=mm&r=g","caption":"inclusivenews2024"},"sameAs":["https:\/\/inclusivenews.com.br"],"url":"https:\/\/inclusivenews.com.br\/?author=1"}]}},"_links":{"self":[{"href":"https:\/\/inclusivenews.com.br\/index.php?rest_route=\/wp\/v2\/posts\/18325","targetHints":{"allow":["GET"]}}],"collection":[{"href":"https:\/\/inclusivenews.com.br\/index.php?rest_route=\/wp\/v2\/posts"}],"about":[{"href":"https:\/\/inclusivenews.com.br\/index.php?rest_route=\/wp\/v2\/types\/post"}],"author":[{"embeddable":true,"href":"https:\/\/inclusivenews.com.br\/index.php?rest_route=\/wp\/v2\/users\/1"}],"replies":[{"embeddable":true,"href":"https:\/\/inclusivenews.com.br\/index.php?rest_route=%2Fwp%2Fv2%2Fcomments&post=18325"}],"version-history":[{"count":0,"href":"https:\/\/inclusivenews.com.br\/index.php?rest_route=\/wp\/v2\/posts\/18325\/revisions"}],"wp:attachment":[{"href":"https:\/\/inclusivenews.com.br\/index.php?rest_route=%2Fwp%2Fv2%2Fmedia&parent=18325"}],"wp:term":[{"taxonomy":"category","embeddable":true,"href":"https:\/\/inclusivenews.com.br\/index.php?rest_route=%2Fwp%2Fv2%2Fcategories&post=18325"},{"taxonomy":"post_tag","embeddable":true,"href":"https:\/\/inclusivenews.com.br\/index.php?rest_route=%2Fwp%2Fv2%2Ftags&post=18325"}],"curies":[{"name":"wp","href":"https:\/\/api.w.org\/{rel}","templated":true}]}}