{"id":18329,"date":"2011-01-12T08:55:46","date_gmt":"2011-01-12T11:55:46","guid":{"rendered":"http:\/\/www.inclusive.org.br\/?p=18329"},"modified":"2011-01-12T08:55:46","modified_gmt":"2011-01-12T11:55:46","slug":"curso-de-gerenciamento-de-projetos-culturais-as-pessoas-com-deficiencia-14-1902","status":"publish","type":"post","link":"https:\/\/inclusivenews.com.br\/?p=18329","title":{"rendered":"Curso de gerenciamento de projetos culturais \u00e0s pessoas com defici\u00eancia (14-19\/02)"},"content":{"rendered":"<figure id=\"attachment_12520\" aria-describedby=\"caption-attachment-12520\" style=\"width: 192px\" class=\"wp-caption alignleft\"><a href=\"http:\/\/www.inclusivenews.com.br\/wp-content\/uploads\/2009\/11\/Untitled-12.jpg\"><img loading=\"lazy\" decoding=\"async\" class=\"size-full wp-image-12520 \" title=\"Pintura com v\u00e1rias pessoas diferentes\" src=\"http:\/\/inclusivenews.com.br\/wp-content\/uploads\/2009\/11\/Untitled-12.jpg\" alt=\"Pintura com v\u00e1rias pessoas diferentes\" width=\"192\" height=\"192\" srcset=\"https:\/\/inclusivenews.com.br\/wp-content\/uploads\/2009\/11\/Untitled-12.jpg 240w, https:\/\/inclusivenews.com.br\/wp-content\/uploads\/2009\/11\/Untitled-12-150x150.jpg 150w\" sizes=\"auto, (max-width: 192px) 100vw, 192px\" \/><\/a><figcaption id=\"caption-attachment-12520\" class=\"wp-caption-text\"> <\/figcaption><\/figure>\n<p>Como formar p\u00fablico de pessoas com defici\u00eancia para usufru\u00edrem das atividades culturais?<\/p>\n<p>A segunda edi\u00e7\u00e3o do Curso Cria\u00e7\u00e3o e Gerenciamento de Projetos Culturais Acess\u00edveis \u00e0 Pessoas com Defici\u00eancia, tem como objetivo capacitar profissionais e estudantes a desenvolverem projetos de inclus\u00e3o e acessibilidade cultural em espa\u00e7os culturais, museus, centros de divulga\u00e7\u00e3o cultural e cient\u00edfica, organiza\u00e7\u00f5es sociais, escolas, universidades, ag\u00eancias e turismo e empresas.<\/p>\n<p>O curso foca na cria\u00e7\u00e3o e gest\u00e3o de projetos e apresenta metodologias para a inclus\u00e3o de pessoas com defici\u00eancia na elabora\u00e7\u00e3o, execu\u00e7\u00e3o e avalia\u00e7\u00e3o das propostas.<\/p>\n<p>P\u00fablico Alvo: museus e espa\u00e7os culturais, escolas p\u00fablicas e particulares, estudantes de gradua\u00e7\u00e3o e p\u00f3s-gradua\u00e7\u00e3o em \u00e1reas de cultura e educa\u00e7\u00e3o, organiza\u00e7\u00f5es sociais e ag\u00eancias de turismo.<\/p>\n<p>Material: palestras, viv\u00eancias, visitas t\u00e9cnicas, mesa-redonda com pessoas com defici\u00eancia, modelo de avalia\u00e7\u00e3o de acessibilidade em espa\u00e7os e projetos culturais, apresenta\u00e7\u00e3o e avalia\u00e7\u00e3o de casos e projetos de acessibilidade cultural nacionais e internacionais (Europa e Estados Unidos) apostila em CD-ROM e Certificado de participa\u00e7\u00e3o.<\/p>\n<p><strong>Data: <\/strong>14 \u00e0 19 de Fevereiro de 2011, das 9h \u00e0s 16h.<\/p>\n<p><strong>Carga Hor\u00e1ria:<\/strong> 30 horas<\/p>\n<p><strong>Local: <\/strong>Audit\u00f3rio da Funda\u00e7\u00e3o Dorina Nowill para Cegos<br \/>\nRua Dr. Diogo de Faria, 558. Vila Clementino. S\u00e3o Paulo \u2013 SP<br \/>\n(Metr\u00f4 Santa Cruz)<\/p>\n<p><strong>Inscri\u00e7\u00e3o:<\/strong> pelo site <a href=\"http:\/\/goo.gl\/wUEq\">http:\/\/goo.gl\/wUEq<\/a><\/p>\n<p><strong>Coordena\u00e7\u00e3o:<\/strong> Viviane Panelli Sarraf, Consultora de acessibilidade cultural da Funda\u00e7\u00e3o Dorina Nowill para Cegos, Diretora-Fundadora da Museus Acess\u00edveis Servi\u00e7os Museol\u00f3gicos e Culturais, especialista em Museologia e Mestre em Ci\u00eancia da Informa\u00e7\u00e3o pela Universidade de S\u00e3o Paulo, Doutoranda em Comunica\u00e7\u00e3o e Semi\u00f3tica pela PUC-SP com trabalhos acad\u00eamicos na \u00e1rea de acessibilidade em museus. Criadora da RINAM \u2013 Rede de Informa\u00e7\u00e3o de Acessibilidade em Museus www.rinam.com.br. J\u00e1 obteve premia\u00e7\u00f5es na \u00e1rea cultural e de empreendedorismo, tem artigos publicados em peri\u00f3dicos cient\u00edficos e m\u00eddia e publicou em 2010 o livro Museum Rehabilitation: Cultural Inclusion Policies through Accessibility, pela editora alem\u00e3 VDM Verlag.<\/p>\n<p><strong>Contato:<\/strong> viviane.sarraf@fundacaodorina.org.br<br \/>\nou 11 5087-0999 ramal 0955 (\u00e0s segundas e quintas-feiras pela manh\u00e3).<\/p>\n<p>Viviane Sarraf<br \/>\nMuseus Acess\u00edveis<br \/>\nRINAM: Rede de Informa\u00e7\u00e3o de Acessibilidade em Museus <a href=\"http:\/\/www.rinam.com.br\">www.rinam.com.br<\/a><\/p>\n","protected":false},"excerpt":{"rendered":"<p>A segunda edi\u00e7\u00e3o do Curso Cria\u00e7\u00e3o e Gerenciamento de Projetos Culturais Acess\u00edveis \u00e0 Pessoas com Defici\u00eancia, tem como objetivo capacitar profissionais e estudantes a desenvolverem projetos de inclus\u00e3o e acessibilidade cultural em espa\u00e7os culturais, museus, centros de divulga\u00e7\u00e3o cultural e cient\u00edfica, organiza\u00e7\u00f5es sociais, escolas, universidades, ag\u00eancias e turismo e empresas. O curso \u00e9 uma realiza\u00e7\u00e3o de Museus Acess\u00edveis e da Funda\u00e7\u00e3o Dorina Nowill para Cegos.<\/p>\n","protected":false},"author":1,"featured_media":0,"comment_status":"open","ping_status":"open","sticky":false,"template":"","format":"standard","meta":{"site-container-style":"default","site-container-layout":"default","site-sidebar-layout":"default","disable-article-header":"default","disable-site-header":"default","disable-site-footer":"default","disable-content-area-spacing":"default","footnotes":""},"categories":[12,4],"tags":[],"class_list":["post-18329","post","type-post","status-publish","format-standard","hentry","category-cursos-e-eventos","category-noticias"],"yoast_head":"<!-- This site is optimized with the Yoast SEO plugin v27.4 - https:\/\/yoast.com\/product\/yoast-seo-wordpress\/ -->\n<title>Curso de gerenciamento de projetos culturais \u00e0s pessoas com defici\u00eancia (14-19\/02) -<\/title>\n<meta name=\"robots\" content=\"index, follow, max-snippet:-1, max-image-preview:large, max-video-preview:-1\" \/>\n<link rel=\"canonical\" href=\"https:\/\/inclusivenews.com.br\/?p=18329\" \/>\n<meta property=\"og:locale\" content=\"pt_PT\" \/>\n<meta property=\"og:type\" content=\"article\" \/>\n<meta property=\"og:title\" content=\"Curso de gerenciamento de projetos culturais \u00e0s pessoas com defici\u00eancia (14-19\/02) -\" \/>\n<meta property=\"og:description\" content=\"A segunda edi\u00e7\u00e3o do Curso Cria\u00e7\u00e3o e Gerenciamento de Projetos Culturais Acess\u00edveis \u00e0 Pessoas com Defici\u00eancia, tem como objetivo capacitar profissionais e estudantes a desenvolverem projetos de inclus\u00e3o e acessibilidade cultural em espa\u00e7os culturais, museus, centros de divulga\u00e7\u00e3o cultural e cient\u00edfica, organiza\u00e7\u00f5es sociais, escolas, universidades, ag\u00eancias e turismo e empresas. O curso \u00e9 uma realiza\u00e7\u00e3o de Museus Acess\u00edveis e da Funda\u00e7\u00e3o Dorina Nowill para Cegos.\" \/>\n<meta property=\"og:url\" content=\"https:\/\/inclusivenews.com.br\/?p=18329\" \/>\n<meta property=\"article:publisher\" content=\"https:\/\/www.facebook.com\/agenciainclusive\/\" \/>\n<meta property=\"article:published_time\" content=\"2011-01-12T11:55:46+00:00\" \/>\n<meta property=\"og:image\" content=\"http:\/\/inclusivenews.com.br\/wp-content\/uploads\/2009\/11\/Untitled-12.jpg\" \/>\n<meta name=\"author\" content=\"inclusivenews2024\" \/>\n<meta name=\"twitter:card\" content=\"summary_large_image\" \/>\n<meta name=\"twitter:label1\" content=\"Escrito por\" \/>\n\t<meta name=\"twitter:data1\" content=\"inclusivenews2024\" \/>\n\t<meta name=\"twitter:label2\" content=\"Tempo estimado de leitura\" \/>\n\t<meta name=\"twitter:data2\" content=\"2 minutos\" \/>\n<script type=\"application\/ld+json\" class=\"yoast-schema-graph\">{\"@context\":\"https:\\\/\\\/schema.org\",\"@graph\":[{\"@type\":\"Article\",\"@id\":\"https:\\\/\\\/inclusivenews.com.br\\\/?p=18329#article\",\"isPartOf\":{\"@id\":\"https:\\\/\\\/inclusivenews.com.br\\\/?p=18329\"},\"author\":{\"name\":\"inclusivenews2024\",\"@id\":\"https:\\\/\\\/inclusivenews.com.br\\\/#\\\/schema\\\/person\\\/ae4ec7087559b8692fb33b6fffd2273b\"},\"headline\":\"Curso de gerenciamento de projetos culturais \u00e0s pessoas com defici\u00eancia (14-19\\\/02)\",\"datePublished\":\"2011-01-12T11:55:46+00:00\",\"mainEntityOfPage\":{\"@id\":\"https:\\\/\\\/inclusivenews.com.br\\\/?p=18329\"},\"wordCount\":408,\"commentCount\":1,\"publisher\":{\"@id\":\"https:\\\/\\\/inclusivenews.com.br\\\/#organization\"},\"image\":{\"@id\":\"https:\\\/\\\/inclusivenews.com.br\\\/?p=18329#primaryimage\"},\"thumbnailUrl\":\"http:\\\/\\\/inclusivenews.com.br\\\/wp-content\\\/uploads\\\/2009\\\/11\\\/Untitled-12.jpg\",\"articleSection\":[\"Cursos e eventos\",\"NOT\u00cdCIAS\"],\"inLanguage\":\"pt-PT\",\"potentialAction\":[{\"@type\":\"CommentAction\",\"name\":\"Comment\",\"target\":[\"https:\\\/\\\/inclusivenews.com.br\\\/?p=18329#respond\"]}]},{\"@type\":\"WebPage\",\"@id\":\"https:\\\/\\\/inclusivenews.com.br\\\/?p=18329\",\"url\":\"https:\\\/\\\/inclusivenews.com.br\\\/?p=18329\",\"name\":\"Curso de gerenciamento de projetos culturais \u00e0s pessoas com defici\u00eancia (14-19\\\/02) -\",\"isPartOf\":{\"@id\":\"https:\\\/\\\/inclusivenews.com.br\\\/#website\"},\"primaryImageOfPage\":{\"@id\":\"https:\\\/\\\/inclusivenews.com.br\\\/?p=18329#primaryimage\"},\"image\":{\"@id\":\"https:\\\/\\\/inclusivenews.com.br\\\/?p=18329#primaryimage\"},\"thumbnailUrl\":\"http:\\\/\\\/inclusivenews.com.br\\\/wp-content\\\/uploads\\\/2009\\\/11\\\/Untitled-12.jpg\",\"datePublished\":\"2011-01-12T11:55:46+00:00\",\"breadcrumb\":{\"@id\":\"https:\\\/\\\/inclusivenews.com.br\\\/?p=18329#breadcrumb\"},\"inLanguage\":\"pt-PT\",\"potentialAction\":[{\"@type\":\"ReadAction\",\"target\":[\"https:\\\/\\\/inclusivenews.com.br\\\/?p=18329\"]}]},{\"@type\":\"ImageObject\",\"inLanguage\":\"pt-PT\",\"@id\":\"https:\\\/\\\/inclusivenews.com.br\\\/?p=18329#primaryimage\",\"url\":\"https:\\\/\\\/inclusivenews.com.br\\\/wp-content\\\/uploads\\\/2009\\\/11\\\/Untitled-12.jpg\",\"contentUrl\":\"https:\\\/\\\/inclusivenews.com.br\\\/wp-content\\\/uploads\\\/2009\\\/11\\\/Untitled-12.jpg\",\"width\":240,\"height\":240,\"caption\":\"Na imagem, a representa\u00e7\u00e3o ilustrativa do tema do evento: um mosaico onde s\u00e3o apresentados e distribu\u00eddos v\u00e1rios rostos e de diversas caracter\u00edsticas.\"},{\"@type\":\"BreadcrumbList\",\"@id\":\"https:\\\/\\\/inclusivenews.com.br\\\/?p=18329#breadcrumb\",\"itemListElement\":[{\"@type\":\"ListItem\",\"position\":1,\"name\":\"In\u00edcio\",\"item\":\"https:\\\/\\\/inclusivenews.com.br\\\/\"},{\"@type\":\"ListItem\",\"position\":2,\"name\":\"Curso de gerenciamento de projetos culturais \u00e0s pessoas com defici\u00eancia (14-19\\\/02)\"}]},{\"@type\":\"WebSite\",\"@id\":\"https:\\\/\\\/inclusivenews.com.br\\\/#website\",\"url\":\"https:\\\/\\\/inclusivenews.com.br\\\/\",\"name\":\"Inclusive News\",\"description\":\"Inclusive News\",\"publisher\":{\"@id\":\"https:\\\/\\\/inclusivenews.com.br\\\/#organization\"},\"potentialAction\":[{\"@type\":\"SearchAction\",\"target\":{\"@type\":\"EntryPoint\",\"urlTemplate\":\"https:\\\/\\\/inclusivenews.com.br\\\/?s={search_term_string}\"},\"query-input\":{\"@type\":\"PropertyValueSpecification\",\"valueRequired\":true,\"valueName\":\"search_term_string\"}}],\"inLanguage\":\"pt-PT\"},{\"@type\":\"Organization\",\"@id\":\"https:\\\/\\\/inclusivenews.com.br\\\/#organization\",\"name\":\"Inclusive - inclus\u00e3o e cidadania\",\"url\":\"https:\\\/\\\/inclusivenews.com.br\\\/\",\"logo\":{\"@type\":\"ImageObject\",\"inLanguage\":\"pt-PT\",\"@id\":\"https:\\\/\\\/inclusivenews.com.br\\\/#\\\/schema\\\/logo\\\/image\\\/\",\"url\":\"https:\\\/\\\/inclusivenews.com.br\\\/wp-content\\\/uploads\\\/2024\\\/03\\\/@grandesite.png\",\"contentUrl\":\"https:\\\/\\\/inclusivenews.com.br\\\/wp-content\\\/uploads\\\/2024\\\/03\\\/@grandesite.png\",\"width\":1080,\"height\":1080,\"caption\":\"Inclusive - inclus\u00e3o e cidadania\"},\"image\":{\"@id\":\"https:\\\/\\\/inclusivenews.com.br\\\/#\\\/schema\\\/logo\\\/image\\\/\"},\"sameAs\":[\"https:\\\/\\\/www.facebook.com\\\/agenciainclusive\\\/\",\"https:\\\/\\\/www.instagram.com\\\/newsinclusive\\\/\"]},{\"@type\":\"Person\",\"@id\":\"https:\\\/\\\/inclusivenews.com.br\\\/#\\\/schema\\\/person\\\/ae4ec7087559b8692fb33b6fffd2273b\",\"name\":\"inclusivenews2024\",\"image\":{\"@type\":\"ImageObject\",\"inLanguage\":\"pt-PT\",\"@id\":\"https:\\\/\\\/secure.gravatar.com\\\/avatar\\\/c5a7ef84c66fa914f55bc4f7ce26cfa275a3b9a1c5568b907bd184fb4dde7b40?s=96&d=mm&r=g\",\"url\":\"https:\\\/\\\/secure.gravatar.com\\\/avatar\\\/c5a7ef84c66fa914f55bc4f7ce26cfa275a3b9a1c5568b907bd184fb4dde7b40?s=96&d=mm&r=g\",\"contentUrl\":\"https:\\\/\\\/secure.gravatar.com\\\/avatar\\\/c5a7ef84c66fa914f55bc4f7ce26cfa275a3b9a1c5568b907bd184fb4dde7b40?s=96&d=mm&r=g\",\"caption\":\"inclusivenews2024\"},\"sameAs\":[\"https:\\\/\\\/inclusivenews.com.br\"],\"url\":\"https:\\\/\\\/inclusivenews.com.br\\\/?author=1\"}]}<\/script>\n<!-- \/ Yoast SEO plugin. -->","yoast_head_json":{"title":"Curso de gerenciamento de projetos culturais \u00e0s pessoas com defici\u00eancia (14-19\/02) -","robots":{"index":"index","follow":"follow","max-snippet":"max-snippet:-1","max-image-preview":"max-image-preview:large","max-video-preview":"max-video-preview:-1"},"canonical":"https:\/\/inclusivenews.com.br\/?p=18329","og_locale":"pt_PT","og_type":"article","og_title":"Curso de gerenciamento de projetos culturais \u00e0s pessoas com defici\u00eancia (14-19\/02) -","og_description":"A segunda edi\u00e7\u00e3o do Curso Cria\u00e7\u00e3o e Gerenciamento de Projetos Culturais Acess\u00edveis \u00e0 Pessoas com Defici\u00eancia, tem como objetivo capacitar profissionais e estudantes a desenvolverem projetos de inclus\u00e3o e acessibilidade cultural em espa\u00e7os culturais, museus, centros de divulga\u00e7\u00e3o cultural e cient\u00edfica, organiza\u00e7\u00f5es sociais, escolas, universidades, ag\u00eancias e turismo e empresas. O curso \u00e9 uma realiza\u00e7\u00e3o de Museus Acess\u00edveis e da Funda\u00e7\u00e3o Dorina Nowill para Cegos.","og_url":"https:\/\/inclusivenews.com.br\/?p=18329","article_publisher":"https:\/\/www.facebook.com\/agenciainclusive\/","article_published_time":"2011-01-12T11:55:46+00:00","og_image":[{"url":"http:\/\/inclusivenews.com.br\/wp-content\/uploads\/2009\/11\/Untitled-12.jpg","type":"","width":"","height":""}],"author":"inclusivenews2024","twitter_card":"summary_large_image","twitter_misc":{"Escrito por":"inclusivenews2024","Tempo estimado de leitura":"2 minutos"},"schema":{"@context":"https:\/\/schema.org","@graph":[{"@type":"Article","@id":"https:\/\/inclusivenews.com.br\/?p=18329#article","isPartOf":{"@id":"https:\/\/inclusivenews.com.br\/?p=18329"},"author":{"name":"inclusivenews2024","@id":"https:\/\/inclusivenews.com.br\/#\/schema\/person\/ae4ec7087559b8692fb33b6fffd2273b"},"headline":"Curso de gerenciamento de projetos culturais \u00e0s pessoas com defici\u00eancia (14-19\/02)","datePublished":"2011-01-12T11:55:46+00:00","mainEntityOfPage":{"@id":"https:\/\/inclusivenews.com.br\/?p=18329"},"wordCount":408,"commentCount":1,"publisher":{"@id":"https:\/\/inclusivenews.com.br\/#organization"},"image":{"@id":"https:\/\/inclusivenews.com.br\/?p=18329#primaryimage"},"thumbnailUrl":"http:\/\/inclusivenews.com.br\/wp-content\/uploads\/2009\/11\/Untitled-12.jpg","articleSection":["Cursos e eventos","NOT\u00cdCIAS"],"inLanguage":"pt-PT","potentialAction":[{"@type":"CommentAction","name":"Comment","target":["https:\/\/inclusivenews.com.br\/?p=18329#respond"]}]},{"@type":"WebPage","@id":"https:\/\/inclusivenews.com.br\/?p=18329","url":"https:\/\/inclusivenews.com.br\/?p=18329","name":"Curso de gerenciamento de projetos culturais \u00e0s pessoas com defici\u00eancia (14-19\/02) -","isPartOf":{"@id":"https:\/\/inclusivenews.com.br\/#website"},"primaryImageOfPage":{"@id":"https:\/\/inclusivenews.com.br\/?p=18329#primaryimage"},"image":{"@id":"https:\/\/inclusivenews.com.br\/?p=18329#primaryimage"},"thumbnailUrl":"http:\/\/inclusivenews.com.br\/wp-content\/uploads\/2009\/11\/Untitled-12.jpg","datePublished":"2011-01-12T11:55:46+00:00","breadcrumb":{"@id":"https:\/\/inclusivenews.com.br\/?p=18329#breadcrumb"},"inLanguage":"pt-PT","potentialAction":[{"@type":"ReadAction","target":["https:\/\/inclusivenews.com.br\/?p=18329"]}]},{"@type":"ImageObject","inLanguage":"pt-PT","@id":"https:\/\/inclusivenews.com.br\/?p=18329#primaryimage","url":"https:\/\/inclusivenews.com.br\/wp-content\/uploads\/2009\/11\/Untitled-12.jpg","contentUrl":"https:\/\/inclusivenews.com.br\/wp-content\/uploads\/2009\/11\/Untitled-12.jpg","width":240,"height":240,"caption":"Na imagem, a representa\u00e7\u00e3o ilustrativa do tema do evento: um mosaico onde s\u00e3o apresentados e distribu\u00eddos v\u00e1rios rostos e de diversas caracter\u00edsticas."},{"@type":"BreadcrumbList","@id":"https:\/\/inclusivenews.com.br\/?p=18329#breadcrumb","itemListElement":[{"@type":"ListItem","position":1,"name":"In\u00edcio","item":"https:\/\/inclusivenews.com.br\/"},{"@type":"ListItem","position":2,"name":"Curso de gerenciamento de projetos culturais \u00e0s pessoas com defici\u00eancia (14-19\/02)"}]},{"@type":"WebSite","@id":"https:\/\/inclusivenews.com.br\/#website","url":"https:\/\/inclusivenews.com.br\/","name":"Inclusive News","description":"Inclusive News","publisher":{"@id":"https:\/\/inclusivenews.com.br\/#organization"},"potentialAction":[{"@type":"SearchAction","target":{"@type":"EntryPoint","urlTemplate":"https:\/\/inclusivenews.com.br\/?s={search_term_string}"},"query-input":{"@type":"PropertyValueSpecification","valueRequired":true,"valueName":"search_term_string"}}],"inLanguage":"pt-PT"},{"@type":"Organization","@id":"https:\/\/inclusivenews.com.br\/#organization","name":"Inclusive - inclus\u00e3o e cidadania","url":"https:\/\/inclusivenews.com.br\/","logo":{"@type":"ImageObject","inLanguage":"pt-PT","@id":"https:\/\/inclusivenews.com.br\/#\/schema\/logo\/image\/","url":"https:\/\/inclusivenews.com.br\/wp-content\/uploads\/2024\/03\/@grandesite.png","contentUrl":"https:\/\/inclusivenews.com.br\/wp-content\/uploads\/2024\/03\/@grandesite.png","width":1080,"height":1080,"caption":"Inclusive - inclus\u00e3o e cidadania"},"image":{"@id":"https:\/\/inclusivenews.com.br\/#\/schema\/logo\/image\/"},"sameAs":["https:\/\/www.facebook.com\/agenciainclusive\/","https:\/\/www.instagram.com\/newsinclusive\/"]},{"@type":"Person","@id":"https:\/\/inclusivenews.com.br\/#\/schema\/person\/ae4ec7087559b8692fb33b6fffd2273b","name":"inclusivenews2024","image":{"@type":"ImageObject","inLanguage":"pt-PT","@id":"https:\/\/secure.gravatar.com\/avatar\/c5a7ef84c66fa914f55bc4f7ce26cfa275a3b9a1c5568b907bd184fb4dde7b40?s=96&d=mm&r=g","url":"https:\/\/secure.gravatar.com\/avatar\/c5a7ef84c66fa914f55bc4f7ce26cfa275a3b9a1c5568b907bd184fb4dde7b40?s=96&d=mm&r=g","contentUrl":"https:\/\/secure.gravatar.com\/avatar\/c5a7ef84c66fa914f55bc4f7ce26cfa275a3b9a1c5568b907bd184fb4dde7b40?s=96&d=mm&r=g","caption":"inclusivenews2024"},"sameAs":["https:\/\/inclusivenews.com.br"],"url":"https:\/\/inclusivenews.com.br\/?author=1"}]}},"_links":{"self":[{"href":"https:\/\/inclusivenews.com.br\/index.php?rest_route=\/wp\/v2\/posts\/18329","targetHints":{"allow":["GET"]}}],"collection":[{"href":"https:\/\/inclusivenews.com.br\/index.php?rest_route=\/wp\/v2\/posts"}],"about":[{"href":"https:\/\/inclusivenews.com.br\/index.php?rest_route=\/wp\/v2\/types\/post"}],"author":[{"embeddable":true,"href":"https:\/\/inclusivenews.com.br\/index.php?rest_route=\/wp\/v2\/users\/1"}],"replies":[{"embeddable":true,"href":"https:\/\/inclusivenews.com.br\/index.php?rest_route=%2Fwp%2Fv2%2Fcomments&post=18329"}],"version-history":[{"count":0,"href":"https:\/\/inclusivenews.com.br\/index.php?rest_route=\/wp\/v2\/posts\/18329\/revisions"}],"wp:attachment":[{"href":"https:\/\/inclusivenews.com.br\/index.php?rest_route=%2Fwp%2Fv2%2Fmedia&parent=18329"}],"wp:term":[{"taxonomy":"category","embeddable":true,"href":"https:\/\/inclusivenews.com.br\/index.php?rest_route=%2Fwp%2Fv2%2Fcategories&post=18329"},{"taxonomy":"post_tag","embeddable":true,"href":"https:\/\/inclusivenews.com.br\/index.php?rest_route=%2Fwp%2Fv2%2Ftags&post=18329"}],"curies":[{"name":"wp","href":"https:\/\/api.w.org\/{rel}","templated":true}]}}