{"id":18334,"date":"2011-01-12T08:57:12","date_gmt":"2011-01-12T11:57:12","guid":{"rendered":"http:\/\/www.inclusive.org.br\/?p=18334"},"modified":"2011-01-12T08:57:12","modified_gmt":"2011-01-12T11:57:12","slug":"marcela-e-michel-inveja-e-preconceito","status":"publish","type":"post","link":"https:\/\/inclusivenews.com.br\/?p=18334","title":{"rendered":"Marcela e Michel, inveja e preconceito"},"content":{"rendered":"<figure style=\"width: 282px\" class=\"wp-caption alignleft\"><img loading=\"lazy\" decoding=\"async\" title=\"Marcela e Michel\" src=\"http:\/\/guiadoscuriosos.com.br\/blog\/wp-content\/uploads\/2011\/01\/Michel-Temer-Marcela-Temer.jpg\" alt=\"Marcela e Michel\" width=\"282\" height=\"167\" \/><figcaption class=\"wp-caption-text\">Marcela e Michel<\/figcaption><\/figure>\n<p><strong>Por Roberto B\u00edscaro, do Blog do Albino Incoerente.<\/strong><\/p>\n<p>Grande destaque na posse da Dilma foi o casal Michel e Marcela Temer. Um dos assuntos mais comentados no twitter e em sites. Dizem que a mo\u00e7a roubou a cena. Realmente, Marcela \u00e9 muito bonita. Um famoso comentou que \u201cn\u00e3o temos Carla Bruni, mas temos Marcela Temer. Estamos bem na fita.\u201d Que sentimento de inferioridade mal velado \u00e9 esse? O \u201cmas\u201d soa como se a nossa prata da casa valesse menos que a francesa. Eles t\u00eam Carla, n\u00f3s, Marcela. N\u00e3o precisamos de conjun\u00e7\u00e3o adversativa. Que recalque colonial de p\u00f4r a Europa como centro do mundo, n\u00e3o?<\/p>\n<p>Na verdade, o centro das aten\u00e7\u00f5es foi a diferen\u00e7a de idade entre eles. Michel tem 70 anos ao passo que Marcela, 27. Indisfar\u00e7\u00e1veis nos coment\u00e1rios lidos, afloram 2 quest\u00f5es: preconceito e inveja.<\/p>\n<p>Um comediante da moda ironizou que Marcela est\u00e1 com Temer por interesse e n\u00e3o por amor, fazendo compara\u00e7\u00e3o rasteira com o PT. Deixando o casal (e o PT) de lado e pensando em termos mais abrangentes: quem garante que amor intergeracional seja imposs\u00edvel? As veredas do cora\u00e7\u00e3o e do desejo s\u00e3o mais complexas, flu\u00eddas e inclusivas do que sup\u00f5e o senso comum. Que preconceito \u00e9 esse de pensar que um homem ou uma mulher madura n\u00e3o possa conquistar o cora\u00e7\u00e3o e o corpo de algu\u00e9m mais jovem? Essa postura reflete a cultura hegem\u00f4nica, que hipervaloriza a juventude e enxerga o mais velho como ultrapassado, decadente e sem atrativo. No mundo da obsolesc\u00eancia programada, n\u00e3o surpreende essa forma de preconceito. Mas, provoca pesar que formadores de opini\u00e3o o reproduzam de modo t\u00e3o leviano.<\/p>\n<p>Dilatando ainda mais o racioc\u00ednio, quer dizer que a uni\u00e3o de um cadeirante ou de uma pessoa albina com algu\u00e9m que anda ou tem pigmento s\u00f3 seria poss\u00edvel na base do interesse? Jovem tem que casar com jovem, velho com velho, cadeirante com cadeirante; \u00e9 essa a l\u00f3gica ou a garantia para um \u201camor desinteressado\u201d? Ent\u00e3o, todo albino ou cadeirante teria que ter posses para arrumar algu\u00e9m. E sabemos que n\u00e3o \u00e9 assim que ocorre.<\/p>\n<p>Vamos nos deter por um instante na quest\u00e3o do \u201cinteresse\u201d. Atrelamos o termo \u00e0 quest\u00e3o pecuni\u00e1ria ou a segundas inten\u00e7\u00f5es pouco honrosas. Algo feito por interesse sempre conota negatividade. Todas nossas rela\u00e7\u00f5es, por\u00e9m, s\u00e3o interesseiras. Calma, n\u00e3o virei c\u00ednico! Extirpemos a no\u00e7\u00e3o pejorativa do termo e reflitamos: por que Jo\u00e3o ou Maria conquistou seu cora\u00e7\u00e3o? Porque o contato com eles interessa mutuamente, porque existe confian\u00e7a, coisas compartilhadas, porque voc\u00ea se sente bem ao lado dele(a). Tem que haver algum b\u00f4nus nas rela\u00e7\u00f5es pessoais, caso contr\u00e1rio n\u00e3o as estabelecemos. Isso n\u00e3o \u00e9 maquiavelismo, \u00e9 simplesmente buscar a felicidade, objetivo \u00faltimo do ser humano, como j\u00e1 dizia Arist\u00f3teles na sua Ret\u00f3rica. A rela\u00e7\u00e3o entre uma pessoa jovem e uma mais velha tamb\u00e9m \u00e9 baseada no interesse. E quem diz que n\u00e3o pode haver interesses comuns entre pessoas de gera\u00e7\u00f5es distintas? A vida n\u00e3o \u00e9 uma f\u00f3rmula matem\u00e1tica, onde tudo \u00e9 pr\u00e9-determinado e sempre igual. Teria mais interesse comum um casal da mesma idade, no qual ele fosse executivo e ela dona de casa?<\/p>\n<p>Outro coment\u00e1rio que li foi o fato de Marcela Temer haver sido vice-Miss em algumas ocasi\u00f5es e agora estar casada com o vice-presidente. Sugeria-se que ela se casasse com Rubinho Barrichelo e torcesse para o Vasco. Nada entendo de esportes, mas a piada me pareceu referir-se ao fato de o piloto e o time de futebol n\u00e3o terem sido campe\u00f5es em seus esportes. Entramos no segundo ponto da como\u00e7\u00e3o Michel-Marcela, a inveja. Ser\u00e1 que o piadista conseguiu chegar t\u00e3o alto quanto Temer e a esposa? Considerando-se que temos uma presidente, talvez Marcela at\u00e9 seja a primeira-dama. Mas, a quest\u00e3o nem \u00e9 essa&#8230;<\/p>\n<p>O ponto \u00e9: ao inv\u00e9s de ficar bancando a raposa perante as uvas, as pessoas deviam se concentrar mais em suas pr\u00f3prias vidas. Se largassem m\u00e3o de patrulhar as escolhas alheias, teriam mais id\u00e9ias e energia para perseguirem seus pr\u00f3prios ideais e n\u00e3o ficar desperdi\u00e7ando seu tempo em preocupa\u00e7\u00f5es tolas. Certamente, conquistariam sucessos e n\u00e3o necessitariam gorar o dos outros. A gente tem que ser um pouco individualista, sim. N\u00e3o no sentido de n\u00e3o nos preocuparmos com os demais, mas sim, para gerirmos nossa exist\u00eancia como a coisa mais preciosa deste mundo.<\/p>\n<p>Outro dia uma mulher me perguntou quanto eu pagava para aparecer \u201cem tantos\u201d programas de TV. O tom era \u00e1cido, e n\u00e3o deixei por menos. Respondi que n\u00e3o eram \u201ctantos\u201d assim e acrescentei que o motivo para os convites era meu trabalho duro no blog. \u201cComo n\u00e3o perco tempo pensando na sua vida, me sobra bastante para me concentrar na minha\u201d, conclui, sangrando a jugular da invejosa.<\/p>\n<p>O Brasil elegeu uma mulher divorciada para a presid\u00eancia. Temos um casal intergeracional no vice-comando. Dever\u00edamos saudar isso como bom exemplo de diversidade e quebra de preconceitos. Como sinal de que arranjos distintos de organiza\u00e7\u00e3o de vida s\u00e3o poss\u00edveis e fact\u00edveis. E n\u00e3o nos perdermos com invejas injustificadas, que servem mais para emperrar a vida de quem as sente.<\/p>\n<p>___________________________<\/p>\n<p><strong>Fonte:<\/strong> <a href=\"http:\/\/www.albinoincoerente.com\/2011\/01\/marcela-e-michel-ou-inveja-e.html\">Blog do Albino Incoerente<\/a><\/p>\n","protected":false},"excerpt":{"rendered":"<p>Por Roberto B\u00edscaro, do Blog do Albino Incoerente. &#8220;O Brasil elegeu uma mulher divorciada para a presid\u00eancia. Temos um casal intergeracional no vice-comando. Dever\u00edamos saudar isso como bom exemplo de diversidade e quebra de preconceitos. Como sinal de que arranjos distintos de organiza\u00e7\u00e3o de vida s\u00e3o poss\u00edveis e fact\u00edveis. E n\u00e3o nos perdermos com invejas injustificadas, que servem mais para emperrar a vida de quem as sente.&#8221;<\/p>\n","protected":false},"author":1,"featured_media":0,"comment_status":"open","ping_status":"open","sticky":false,"template":"","format":"standard","meta":{"site-container-style":"default","site-container-layout":"default","site-sidebar-layout":"default","disable-article-header":"default","disable-site-header":"default","disable-site-footer":"default","disable-content-area-spacing":"default","footnotes":""},"categories":[36,40,8,41],"tags":[],"class_list":["post-18334","post","type-post","status-publish","format-standard","hentry","category-colunas-especiais","category-diversidade","category-textos-e-artigos","category-preconceito"],"yoast_head":"<!-- This site is optimized with the Yoast SEO plugin v27.4 - https:\/\/yoast.com\/product\/yoast-seo-wordpress\/ -->\n<title>Marcela e Michel, inveja e preconceito -<\/title>\n<meta name=\"robots\" content=\"index, follow, max-snippet:-1, max-image-preview:large, max-video-preview:-1\" \/>\n<link rel=\"canonical\" href=\"https:\/\/inclusivenews.com.br\/?p=18334\" \/>\n<meta property=\"og:locale\" content=\"pt_PT\" \/>\n<meta property=\"og:type\" content=\"article\" \/>\n<meta property=\"og:title\" content=\"Marcela e Michel, inveja e preconceito -\" \/>\n<meta property=\"og:description\" content=\"Por Roberto B\u00edscaro, do Blog do Albino Incoerente. &quot;O Brasil elegeu uma mulher divorciada para a presid\u00eancia. Temos um casal intergeracional no vice-comando. Dever\u00edamos saudar isso como bom exemplo de diversidade e quebra de preconceitos. Como sinal de que arranjos distintos de organiza\u00e7\u00e3o de vida s\u00e3o poss\u00edveis e fact\u00edveis. E n\u00e3o nos perdermos com invejas injustificadas, que servem mais para emperrar a vida de quem as sente.&quot;\" \/>\n<meta property=\"og:url\" content=\"https:\/\/inclusivenews.com.br\/?p=18334\" \/>\n<meta property=\"article:publisher\" content=\"https:\/\/www.facebook.com\/agenciainclusive\/\" \/>\n<meta property=\"article:published_time\" content=\"2011-01-12T11:57:12+00:00\" \/>\n<meta property=\"og:image\" content=\"http:\/\/guiadoscuriosos.com.br\/blog\/wp-content\/uploads\/2011\/01\/Michel-Temer-Marcela-Temer.jpg\" \/>\n<meta name=\"author\" content=\"inclusivenews2024\" \/>\n<meta name=\"twitter:card\" content=\"summary_large_image\" \/>\n<meta name=\"twitter:label1\" content=\"Escrito por\" \/>\n\t<meta name=\"twitter:data1\" content=\"inclusivenews2024\" \/>\n\t<meta name=\"twitter:label2\" content=\"Tempo estimado de leitura\" \/>\n\t<meta name=\"twitter:data2\" content=\"5 minutos\" \/>\n<script type=\"application\/ld+json\" class=\"yoast-schema-graph\">{\"@context\":\"https:\\\/\\\/schema.org\",\"@graph\":[{\"@type\":\"Article\",\"@id\":\"https:\\\/\\\/inclusivenews.com.br\\\/?p=18334#article\",\"isPartOf\":{\"@id\":\"https:\\\/\\\/inclusivenews.com.br\\\/?p=18334\"},\"author\":{\"name\":\"inclusivenews2024\",\"@id\":\"https:\\\/\\\/inclusivenews.com.br\\\/#\\\/schema\\\/person\\\/ae4ec7087559b8692fb33b6fffd2273b\"},\"headline\":\"Marcela e Michel, inveja e preconceito\",\"datePublished\":\"2011-01-12T11:57:12+00:00\",\"mainEntityOfPage\":{\"@id\":\"https:\\\/\\\/inclusivenews.com.br\\\/?p=18334\"},\"wordCount\":934,\"commentCount\":1,\"publisher\":{\"@id\":\"https:\\\/\\\/inclusivenews.com.br\\\/#organization\"},\"image\":{\"@id\":\"https:\\\/\\\/inclusivenews.com.br\\\/?p=18334#primaryimage\"},\"thumbnailUrl\":\"http:\\\/\\\/guiadoscuriosos.com.br\\\/blog\\\/wp-content\\\/uploads\\\/2011\\\/01\\\/Michel-Temer-Marcela-Temer.jpg\",\"articleSection\":[\"Colunas especiais\",\"Diversidade\",\"OPINI\u00c3O\",\"Preconceito\"],\"inLanguage\":\"pt-PT\",\"potentialAction\":[{\"@type\":\"CommentAction\",\"name\":\"Comment\",\"target\":[\"https:\\\/\\\/inclusivenews.com.br\\\/?p=18334#respond\"]}]},{\"@type\":\"WebPage\",\"@id\":\"https:\\\/\\\/inclusivenews.com.br\\\/?p=18334\",\"url\":\"https:\\\/\\\/inclusivenews.com.br\\\/?p=18334\",\"name\":\"Marcela e Michel, inveja e preconceito -\",\"isPartOf\":{\"@id\":\"https:\\\/\\\/inclusivenews.com.br\\\/#website\"},\"primaryImageOfPage\":{\"@id\":\"https:\\\/\\\/inclusivenews.com.br\\\/?p=18334#primaryimage\"},\"image\":{\"@id\":\"https:\\\/\\\/inclusivenews.com.br\\\/?p=18334#primaryimage\"},\"thumbnailUrl\":\"http:\\\/\\\/guiadoscuriosos.com.br\\\/blog\\\/wp-content\\\/uploads\\\/2011\\\/01\\\/Michel-Temer-Marcela-Temer.jpg\",\"datePublished\":\"2011-01-12T11:57:12+00:00\",\"breadcrumb\":{\"@id\":\"https:\\\/\\\/inclusivenews.com.br\\\/?p=18334#breadcrumb\"},\"inLanguage\":\"pt-PT\",\"potentialAction\":[{\"@type\":\"ReadAction\",\"target\":[\"https:\\\/\\\/inclusivenews.com.br\\\/?p=18334\"]}]},{\"@type\":\"ImageObject\",\"inLanguage\":\"pt-PT\",\"@id\":\"https:\\\/\\\/inclusivenews.com.br\\\/?p=18334#primaryimage\",\"url\":\"http:\\\/\\\/guiadoscuriosos.com.br\\\/blog\\\/wp-content\\\/uploads\\\/2011\\\/01\\\/Michel-Temer-Marcela-Temer.jpg\",\"contentUrl\":\"http:\\\/\\\/guiadoscuriosos.com.br\\\/blog\\\/wp-content\\\/uploads\\\/2011\\\/01\\\/Michel-Temer-Marcela-Temer.jpg\"},{\"@type\":\"BreadcrumbList\",\"@id\":\"https:\\\/\\\/inclusivenews.com.br\\\/?p=18334#breadcrumb\",\"itemListElement\":[{\"@type\":\"ListItem\",\"position\":1,\"name\":\"In\u00edcio\",\"item\":\"https:\\\/\\\/inclusivenews.com.br\\\/\"},{\"@type\":\"ListItem\",\"position\":2,\"name\":\"Marcela e Michel, inveja e preconceito\"}]},{\"@type\":\"WebSite\",\"@id\":\"https:\\\/\\\/inclusivenews.com.br\\\/#website\",\"url\":\"https:\\\/\\\/inclusivenews.com.br\\\/\",\"name\":\"Inclusive News\",\"description\":\"Inclusive News\",\"publisher\":{\"@id\":\"https:\\\/\\\/inclusivenews.com.br\\\/#organization\"},\"potentialAction\":[{\"@type\":\"SearchAction\",\"target\":{\"@type\":\"EntryPoint\",\"urlTemplate\":\"https:\\\/\\\/inclusivenews.com.br\\\/?s={search_term_string}\"},\"query-input\":{\"@type\":\"PropertyValueSpecification\",\"valueRequired\":true,\"valueName\":\"search_term_string\"}}],\"inLanguage\":\"pt-PT\"},{\"@type\":\"Organization\",\"@id\":\"https:\\\/\\\/inclusivenews.com.br\\\/#organization\",\"name\":\"Inclusive - inclus\u00e3o e cidadania\",\"url\":\"https:\\\/\\\/inclusivenews.com.br\\\/\",\"logo\":{\"@type\":\"ImageObject\",\"inLanguage\":\"pt-PT\",\"@id\":\"https:\\\/\\\/inclusivenews.com.br\\\/#\\\/schema\\\/logo\\\/image\\\/\",\"url\":\"https:\\\/\\\/inclusivenews.com.br\\\/wp-content\\\/uploads\\\/2024\\\/03\\\/@grandesite.png\",\"contentUrl\":\"https:\\\/\\\/inclusivenews.com.br\\\/wp-content\\\/uploads\\\/2024\\\/03\\\/@grandesite.png\",\"width\":1080,\"height\":1080,\"caption\":\"Inclusive - inclus\u00e3o e cidadania\"},\"image\":{\"@id\":\"https:\\\/\\\/inclusivenews.com.br\\\/#\\\/schema\\\/logo\\\/image\\\/\"},\"sameAs\":[\"https:\\\/\\\/www.facebook.com\\\/agenciainclusive\\\/\",\"https:\\\/\\\/www.instagram.com\\\/newsinclusive\\\/\"]},{\"@type\":\"Person\",\"@id\":\"https:\\\/\\\/inclusivenews.com.br\\\/#\\\/schema\\\/person\\\/ae4ec7087559b8692fb33b6fffd2273b\",\"name\":\"inclusivenews2024\",\"image\":{\"@type\":\"ImageObject\",\"inLanguage\":\"pt-PT\",\"@id\":\"https:\\\/\\\/secure.gravatar.com\\\/avatar\\\/c5a7ef84c66fa914f55bc4f7ce26cfa275a3b9a1c5568b907bd184fb4dde7b40?s=96&d=mm&r=g\",\"url\":\"https:\\\/\\\/secure.gravatar.com\\\/avatar\\\/c5a7ef84c66fa914f55bc4f7ce26cfa275a3b9a1c5568b907bd184fb4dde7b40?s=96&d=mm&r=g\",\"contentUrl\":\"https:\\\/\\\/secure.gravatar.com\\\/avatar\\\/c5a7ef84c66fa914f55bc4f7ce26cfa275a3b9a1c5568b907bd184fb4dde7b40?s=96&d=mm&r=g\",\"caption\":\"inclusivenews2024\"},\"sameAs\":[\"https:\\\/\\\/inclusivenews.com.br\"],\"url\":\"https:\\\/\\\/inclusivenews.com.br\\\/?author=1\"}]}<\/script>\n<!-- \/ Yoast SEO plugin. -->","yoast_head_json":{"title":"Marcela e Michel, inveja e preconceito -","robots":{"index":"index","follow":"follow","max-snippet":"max-snippet:-1","max-image-preview":"max-image-preview:large","max-video-preview":"max-video-preview:-1"},"canonical":"https:\/\/inclusivenews.com.br\/?p=18334","og_locale":"pt_PT","og_type":"article","og_title":"Marcela e Michel, inveja e preconceito -","og_description":"Por Roberto B\u00edscaro, do Blog do Albino Incoerente. \"O Brasil elegeu uma mulher divorciada para a presid\u00eancia. Temos um casal intergeracional no vice-comando. Dever\u00edamos saudar isso como bom exemplo de diversidade e quebra de preconceitos. Como sinal de que arranjos distintos de organiza\u00e7\u00e3o de vida s\u00e3o poss\u00edveis e fact\u00edveis. E n\u00e3o nos perdermos com invejas injustificadas, que servem mais para emperrar a vida de quem as sente.\"","og_url":"https:\/\/inclusivenews.com.br\/?p=18334","article_publisher":"https:\/\/www.facebook.com\/agenciainclusive\/","article_published_time":"2011-01-12T11:57:12+00:00","og_image":[{"url":"http:\/\/guiadoscuriosos.com.br\/blog\/wp-content\/uploads\/2011\/01\/Michel-Temer-Marcela-Temer.jpg","type":"","width":"","height":""}],"author":"inclusivenews2024","twitter_card":"summary_large_image","twitter_misc":{"Escrito por":"inclusivenews2024","Tempo estimado de leitura":"5 minutos"},"schema":{"@context":"https:\/\/schema.org","@graph":[{"@type":"Article","@id":"https:\/\/inclusivenews.com.br\/?p=18334#article","isPartOf":{"@id":"https:\/\/inclusivenews.com.br\/?p=18334"},"author":{"name":"inclusivenews2024","@id":"https:\/\/inclusivenews.com.br\/#\/schema\/person\/ae4ec7087559b8692fb33b6fffd2273b"},"headline":"Marcela e Michel, inveja e preconceito","datePublished":"2011-01-12T11:57:12+00:00","mainEntityOfPage":{"@id":"https:\/\/inclusivenews.com.br\/?p=18334"},"wordCount":934,"commentCount":1,"publisher":{"@id":"https:\/\/inclusivenews.com.br\/#organization"},"image":{"@id":"https:\/\/inclusivenews.com.br\/?p=18334#primaryimage"},"thumbnailUrl":"http:\/\/guiadoscuriosos.com.br\/blog\/wp-content\/uploads\/2011\/01\/Michel-Temer-Marcela-Temer.jpg","articleSection":["Colunas especiais","Diversidade","OPINI\u00c3O","Preconceito"],"inLanguage":"pt-PT","potentialAction":[{"@type":"CommentAction","name":"Comment","target":["https:\/\/inclusivenews.com.br\/?p=18334#respond"]}]},{"@type":"WebPage","@id":"https:\/\/inclusivenews.com.br\/?p=18334","url":"https:\/\/inclusivenews.com.br\/?p=18334","name":"Marcela e Michel, inveja e preconceito -","isPartOf":{"@id":"https:\/\/inclusivenews.com.br\/#website"},"primaryImageOfPage":{"@id":"https:\/\/inclusivenews.com.br\/?p=18334#primaryimage"},"image":{"@id":"https:\/\/inclusivenews.com.br\/?p=18334#primaryimage"},"thumbnailUrl":"http:\/\/guiadoscuriosos.com.br\/blog\/wp-content\/uploads\/2011\/01\/Michel-Temer-Marcela-Temer.jpg","datePublished":"2011-01-12T11:57:12+00:00","breadcrumb":{"@id":"https:\/\/inclusivenews.com.br\/?p=18334#breadcrumb"},"inLanguage":"pt-PT","potentialAction":[{"@type":"ReadAction","target":["https:\/\/inclusivenews.com.br\/?p=18334"]}]},{"@type":"ImageObject","inLanguage":"pt-PT","@id":"https:\/\/inclusivenews.com.br\/?p=18334#primaryimage","url":"http:\/\/guiadoscuriosos.com.br\/blog\/wp-content\/uploads\/2011\/01\/Michel-Temer-Marcela-Temer.jpg","contentUrl":"http:\/\/guiadoscuriosos.com.br\/blog\/wp-content\/uploads\/2011\/01\/Michel-Temer-Marcela-Temer.jpg"},{"@type":"BreadcrumbList","@id":"https:\/\/inclusivenews.com.br\/?p=18334#breadcrumb","itemListElement":[{"@type":"ListItem","position":1,"name":"In\u00edcio","item":"https:\/\/inclusivenews.com.br\/"},{"@type":"ListItem","position":2,"name":"Marcela e Michel, inveja e preconceito"}]},{"@type":"WebSite","@id":"https:\/\/inclusivenews.com.br\/#website","url":"https:\/\/inclusivenews.com.br\/","name":"Inclusive News","description":"Inclusive News","publisher":{"@id":"https:\/\/inclusivenews.com.br\/#organization"},"potentialAction":[{"@type":"SearchAction","target":{"@type":"EntryPoint","urlTemplate":"https:\/\/inclusivenews.com.br\/?s={search_term_string}"},"query-input":{"@type":"PropertyValueSpecification","valueRequired":true,"valueName":"search_term_string"}}],"inLanguage":"pt-PT"},{"@type":"Organization","@id":"https:\/\/inclusivenews.com.br\/#organization","name":"Inclusive - inclus\u00e3o e cidadania","url":"https:\/\/inclusivenews.com.br\/","logo":{"@type":"ImageObject","inLanguage":"pt-PT","@id":"https:\/\/inclusivenews.com.br\/#\/schema\/logo\/image\/","url":"https:\/\/inclusivenews.com.br\/wp-content\/uploads\/2024\/03\/@grandesite.png","contentUrl":"https:\/\/inclusivenews.com.br\/wp-content\/uploads\/2024\/03\/@grandesite.png","width":1080,"height":1080,"caption":"Inclusive - inclus\u00e3o e cidadania"},"image":{"@id":"https:\/\/inclusivenews.com.br\/#\/schema\/logo\/image\/"},"sameAs":["https:\/\/www.facebook.com\/agenciainclusive\/","https:\/\/www.instagram.com\/newsinclusive\/"]},{"@type":"Person","@id":"https:\/\/inclusivenews.com.br\/#\/schema\/person\/ae4ec7087559b8692fb33b6fffd2273b","name":"inclusivenews2024","image":{"@type":"ImageObject","inLanguage":"pt-PT","@id":"https:\/\/secure.gravatar.com\/avatar\/c5a7ef84c66fa914f55bc4f7ce26cfa275a3b9a1c5568b907bd184fb4dde7b40?s=96&d=mm&r=g","url":"https:\/\/secure.gravatar.com\/avatar\/c5a7ef84c66fa914f55bc4f7ce26cfa275a3b9a1c5568b907bd184fb4dde7b40?s=96&d=mm&r=g","contentUrl":"https:\/\/secure.gravatar.com\/avatar\/c5a7ef84c66fa914f55bc4f7ce26cfa275a3b9a1c5568b907bd184fb4dde7b40?s=96&d=mm&r=g","caption":"inclusivenews2024"},"sameAs":["https:\/\/inclusivenews.com.br"],"url":"https:\/\/inclusivenews.com.br\/?author=1"}]}},"_links":{"self":[{"href":"https:\/\/inclusivenews.com.br\/index.php?rest_route=\/wp\/v2\/posts\/18334","targetHints":{"allow":["GET"]}}],"collection":[{"href":"https:\/\/inclusivenews.com.br\/index.php?rest_route=\/wp\/v2\/posts"}],"about":[{"href":"https:\/\/inclusivenews.com.br\/index.php?rest_route=\/wp\/v2\/types\/post"}],"author":[{"embeddable":true,"href":"https:\/\/inclusivenews.com.br\/index.php?rest_route=\/wp\/v2\/users\/1"}],"replies":[{"embeddable":true,"href":"https:\/\/inclusivenews.com.br\/index.php?rest_route=%2Fwp%2Fv2%2Fcomments&post=18334"}],"version-history":[{"count":0,"href":"https:\/\/inclusivenews.com.br\/index.php?rest_route=\/wp\/v2\/posts\/18334\/revisions"}],"wp:attachment":[{"href":"https:\/\/inclusivenews.com.br\/index.php?rest_route=%2Fwp%2Fv2%2Fmedia&parent=18334"}],"wp:term":[{"taxonomy":"category","embeddable":true,"href":"https:\/\/inclusivenews.com.br\/index.php?rest_route=%2Fwp%2Fv2%2Fcategories&post=18334"},{"taxonomy":"post_tag","embeddable":true,"href":"https:\/\/inclusivenews.com.br\/index.php?rest_route=%2Fwp%2Fv2%2Ftags&post=18334"}],"curies":[{"name":"wp","href":"https:\/\/api.w.org\/{rel}","templated":true}]}}