{"id":18346,"date":"2011-01-15T21:09:24","date_gmt":"2011-01-16T00:09:24","guid":{"rendered":"http:\/\/www.inclusive.org.br\/?p=18346"},"modified":"2011-01-15T21:09:24","modified_gmt":"2011-01-16T00:09:24","slug":"a-hora-e-de-solidariedade","status":"publish","type":"post","link":"https:\/\/inclusivenews.com.br\/?p=18346","title":{"rendered":"A hora \u00e9 de solidariedade"},"content":{"rendered":"<figure id=\"attachment_18349\" aria-describedby=\"caption-attachment-18349\" style=\"width: 139px\" class=\"wp-caption alignleft\"><a href=\"http:\/\/www.inclusivenews.com.br\/wp-content\/uploads\/2011\/01\/solidariedade_adiante.gif\"><img loading=\"lazy\" decoding=\"async\" class=\"size-full wp-image-18349\" title=\"Placa de solidariedade aos desabrigados pela chuva\" src=\"http:\/\/inclusivenews.com.br\/wp-content\/uploads\/2011\/01\/solidariedade_adiante.gif\" alt=\"Placa de solidariedade aos desabrigados pela chuva\" width=\"139\" height=\"140\" \/><\/a><figcaption id=\"caption-attachment-18349\" class=\"wp-caption-text\"> <\/figcaption><\/figure>\n<p>A OAB RJ e a ALERJ tamb\u00e9m montaram plant\u00e3o para doa\u00e7\u00f5es.Vamos mobilizar amigos, familiares, colegas de trabalho, ativistas, empres\u00e1rios e todos que possam colaborar.<\/p>\n<p>HEMORIO Salve vidas: apelo por doa\u00e7\u00e3o de sangue. Sede na Rua Frei Caneca,n\u00ba 8, Centro.Doe hoje e amanh\u00e3.Disque-Sangue: 0800-282 0708<\/p>\n<p>Volunt\u00e1rios:<\/p>\n<p>Nova Friburgo<br \/>\nA Prefeitura de Nova Friburgo informa que as pessoas interessadas em trabalhar como volunt\u00e1rias podem se cadastrar na sede da Secretaria de Assist\u00eancia Social, que funciona na Rua Augusto Spinelli, 160, Centro \u2013 Nova Friburgo. Tel (22) 2522-5278<\/p>\n<p>Teres\u00f3polis<br \/>\nA Prefeitura de Teres\u00f3polis informa que as pessoas interessadas em trabalhar como volunt\u00e1rias podem se cadastrar na sede da Defesa Civil, e n\u00e3o mais no Gin\u00e1sio Pedr\u00e3o. A Defesa Civil funciona na Rua J\u00falio Rosa, 444, na Tijuca. Tel. (21) 2742-7025<\/p>\n<p>Contas banc\u00e1rias:<\/p>\n<p>Defesa Civil: Banco do Brasil (001), ag\u00eancia 0741-2, conta 110000-9<br \/>\nDefesa Civil: Caixa Econ\u00f4mica Federal (104), ag\u00eancia 4146, conta 2011-1<br \/>\nCruz Vermelha: Banco Real (356), ag\u00eancia 0201, conta 1793928-5.<\/p>\n<p>Doa\u00e7\u00f5es Priorit\u00e1rias:<\/p>\n<p>Prioridade 1 \u00e9 roupa \u00edntima. Nova ou em boas condi\u00e7\u00f5es de uso e limpa. (Infelizmente, recebem-se cuecas e calcinhas sujas)<br \/>\nRoupas comuns de uso podem ser doadas, mas n\u00e3o s\u00e3o t\u00e3o necess\u00e1rias. Colchonetes e cobertores<br \/>\n(tamb\u00e9m len\u00e7\u00f3is e travesseiros)<\/p>\n<p>\u00c1gua de prefer\u00eancia em garrafas de 1,5 l (pacote com 6). Gal\u00f5es s\u00e3o pouco pr\u00e1ticos para manejar e est\u00e3o sujeitos a contamina\u00e7\u00e3o na hora de distribuir<br \/>\nao inv\u00e9s de \u00e1gua, pastilhas de cloro que transformam a \u00e1gua (local) suja em pot\u00e1vel. S\u00e3o mais baratas e muito mais f\u00e1ceis de transportarAlimentos n\u00e3o perec\u00edveis<\/p>\n<p>\u201cN\u00e3o perec\u00edvel\u201d n\u00e3o \u00e9 s\u00f3 arroz, feij\u00e3o, farinha.<br \/>\nCarnes enlatadas ou preparadas em embalagem a v\u00e1cuo devem compor o pacote (sardinha, atum, salsicha, carne seca&#8230;)<br \/>\nLeite LONGA VIDA EM CAIXAS. Leite em p\u00f3 tamb\u00e9m \u00e9 \u00fatil, mas gasta \u00e1gua.<br \/>\nFraldas infantis e geri\u00e1tricas; mamadeiras, chupetas<\/p>\n<p>Material de higiene pessoal: escova e pasta de dentes, sabonetes, pentes, escovas de cabelo, desodorante, l\u00e2minas de barbear descart\u00e1veis, \u00e1lcool l\u00edquido e principalmente, ALCOOL GEL Material de higiene geral.<\/p>\n<p>MUITA \u00e1gua sanit\u00e1ria (c\u00e2ndida)<br \/>\nesponja e bombril<br \/>\ndetergente<br \/>\nsab\u00e3o em p\u00f3 ou em pedraCaixas de papel\u00e3o de tamanho m\u00e9dio, mesmo usadas e fita adesiva.<\/p>\n<p>Se poss\u00edvel, j\u00e1 leve sua doa\u00e7\u00e3o embalada em caixas devidamente etiquetadas com informa\u00e7\u00e3o sobre o conte\u00fado.<\/p>\n<p>O que N\u00c3O Doar<\/p>\n<p>M\u00f3veis, eletrodom\u00e9sticos e similares. Ainda n\u00e3o h\u00e1 casas para isso, nem lugar de armazenagem. Se tiver destino certo, fa\u00e7a a doa\u00e7\u00e3o e o transporte diretamente.<\/p>\n<p>Petr\u00f3polis<br \/>\nForam montados tr\u00eas postos para doa\u00e7\u00e3o de \u00e1gua, colch\u00e3o e material de limpeza e higiene  na regi\u00e3o de Itaipava: na Igreja Wesleyana, no Vale do Cuiab\u00e1; na Igreja de Santa Luzia, na Estrada das Arcas; e no centro de Petr\u00f3polis, na sede da Secretaria de Trabalho, A\u00e7\u00e3o Social e Cidadania (R. Aureliano Coutinho,  n\u00famero 81).<\/p>\n<p>Pol\u00edcia Militar<br \/>\nTodos os batalh\u00f5es da PM do Rio de Janeiro v\u00e3o receber doa\u00e7\u00f5es  a partir desta quinta-feira (13). Os comandantes dos batalh\u00f5es recomendam a doa\u00e7\u00e3o de \u00e1gua mineral, alimentos n\u00e3o perec\u00edveis e material de higiene pessoal.<\/p>\n<p>Rodovi\u00e1ria<br \/>\nA Rodovi\u00e1ria Novo Rio recebe doa\u00e7\u00f5es para a Cruz Vermelha. Os donativos ser\u00e3o recebidos no piso de embarque inferior, das 9h \u00e0s 17h.<\/p>\n<p>Viva Rio<br \/>\nO Programa de Voluntariado do Viva Rio tamb\u00e9m iniciou uma campanha de arrecada\u00e7\u00e3o de roupas e mantimentos para a regi\u00e3o serrana do Rio de Janeiro, especialmente Nova Friburgo, Teres\u00f3polis e Petr\u00f3polis. Para ajudar, basta fazer a doa\u00e7\u00e3o na sede do Viva Rio (Rua do Russel, 76, Gl\u00f3ria) ou atrav\u00e9s de dep\u00f3sito banc\u00e1rio na conta do Viva Rio, no Banco do Brasil, ag\u00eancia 1769-8, conta-corrente 411396-9 e CNPJ: 00343941\/0001-28. Para mais informa\u00e7\u00f5es o Viva Rio disponibiliza os telefones (21) 2555-3750 e (21) 2555-3785.<\/p>\n<p>Postos em supermercados e rodovias<br \/>\nO grupo de supermercados P\u00e3o de A\u00e7\u00facar montou postos de arrecada\u00e7\u00e3o em todas as 100 lojas da rede no estado do Rio. As doa\u00e7\u00f5es podem ser feitas nos estabelecimentos P\u00e3o de A\u00e7\u00facar, ABC Compre Bem, Sendas , Extra Supermercados e Assa\u00ed. De acordo com o grupo, os donativos ser\u00e3o entregues at\u00e9 26 de janeiro.<\/p>\n<p>A partir de quinta-feira (13), a Pol\u00edcia Rodovi\u00e1ria Federal vai montar quatro postos de arrecada\u00e7\u00e3o de alimentos e produtos de higiene pessoal. Dois pontos v\u00e3o funcionar 24 horas, um deles ser\u00e1 instalado na BR-116, na altura do ped\u00e1gio da Rio-Mag\u00e9, e o outro na BR-101, no trecho de Casimiro de Abreu.<\/p>\n<p>Outros dois postos, na Rio-Petr\u00f3polis e na Rodovia Presidente Dutra, v\u00e3o funcionar das 8h \u00e0s 17 horas. A PRF informou que os alimentos arrecadados ser\u00e3o entregues para a Cruz Vermelha, que ficar\u00e1 encarregada de fazer a distribui\u00e7\u00e3o \u00e0s v\u00edtimas.<\/p>\n<p>Ouvidoria SEASDH<\/p>\n","protected":false},"excerpt":{"rendered":"<p>Saiba como ajudar as v\u00edtimas das enchentes no Rio de Janeiro. OAB e ALERJ tamb\u00e9m montaram plant\u00e3o para doa\u00e7\u00f5es.<\/p>\n","protected":false},"author":1,"featured_media":0,"comment_status":"open","ping_status":"open","sticky":false,"template":"","format":"standard","meta":{"site-container-style":"default","site-container-layout":"default","site-sidebar-layout":"default","disable-article-header":"default","disable-site-header":"default","disable-site-footer":"default","disable-content-area-spacing":"default","footnotes":""},"categories":[4],"tags":[],"class_list":["post-18346","post","type-post","status-publish","format-standard","hentry","category-noticias"],"yoast_head":"<!-- This site is optimized with the Yoast SEO plugin v27.4 - https:\/\/yoast.com\/product\/yoast-seo-wordpress\/ -->\n<title>A hora \u00e9 de solidariedade -<\/title>\n<meta name=\"robots\" content=\"index, follow, max-snippet:-1, max-image-preview:large, max-video-preview:-1\" \/>\n<link rel=\"canonical\" href=\"https:\/\/inclusivenews.com.br\/?p=18346\" \/>\n<meta property=\"og:locale\" content=\"pt_PT\" \/>\n<meta property=\"og:type\" content=\"article\" \/>\n<meta property=\"og:title\" content=\"A hora \u00e9 de solidariedade -\" \/>\n<meta property=\"og:description\" content=\"Saiba como ajudar as v\u00edtimas das enchentes no Rio de Janeiro. OAB e ALERJ tamb\u00e9m montaram plant\u00e3o para doa\u00e7\u00f5es.\" \/>\n<meta property=\"og:url\" content=\"https:\/\/inclusivenews.com.br\/?p=18346\" \/>\n<meta property=\"article:publisher\" content=\"https:\/\/www.facebook.com\/agenciainclusive\/\" \/>\n<meta property=\"article:published_time\" content=\"2011-01-16T00:09:24+00:00\" \/>\n<meta property=\"og:image\" content=\"http:\/\/inclusivenews.com.br\/wp-content\/uploads\/2011\/01\/solidariedade_adiante.gif\" \/>\n<meta name=\"author\" content=\"inclusivenews2024\" \/>\n<meta name=\"twitter:card\" content=\"summary_large_image\" \/>\n<meta name=\"twitter:label1\" content=\"Escrito por\" \/>\n\t<meta name=\"twitter:data1\" content=\"inclusivenews2024\" \/>\n\t<meta name=\"twitter:label2\" content=\"Tempo estimado de leitura\" \/>\n\t<meta name=\"twitter:data2\" content=\"4 minutos\" \/>\n<script type=\"application\/ld+json\" class=\"yoast-schema-graph\">{\"@context\":\"https:\\\/\\\/schema.org\",\"@graph\":[{\"@type\":\"Article\",\"@id\":\"https:\\\/\\\/inclusivenews.com.br\\\/?p=18346#article\",\"isPartOf\":{\"@id\":\"https:\\\/\\\/inclusivenews.com.br\\\/?p=18346\"},\"author\":{\"name\":\"inclusivenews2024\",\"@id\":\"https:\\\/\\\/inclusivenews.com.br\\\/#\\\/schema\\\/person\\\/ae4ec7087559b8692fb33b6fffd2273b\"},\"headline\":\"A hora \u00e9 de solidariedade\",\"datePublished\":\"2011-01-16T00:09:24+00:00\",\"mainEntityOfPage\":{\"@id\":\"https:\\\/\\\/inclusivenews.com.br\\\/?p=18346\"},\"wordCount\":848,\"commentCount\":0,\"publisher\":{\"@id\":\"https:\\\/\\\/inclusivenews.com.br\\\/#organization\"},\"image\":{\"@id\":\"https:\\\/\\\/inclusivenews.com.br\\\/?p=18346#primaryimage\"},\"thumbnailUrl\":\"http:\\\/\\\/inclusivenews.com.br\\\/wp-content\\\/uploads\\\/2011\\\/01\\\/solidariedade_adiante.gif\",\"articleSection\":[\"NOT\u00cdCIAS\"],\"inLanguage\":\"pt-PT\",\"potentialAction\":[{\"@type\":\"CommentAction\",\"name\":\"Comment\",\"target\":[\"https:\\\/\\\/inclusivenews.com.br\\\/?p=18346#respond\"]}]},{\"@type\":\"WebPage\",\"@id\":\"https:\\\/\\\/inclusivenews.com.br\\\/?p=18346\",\"url\":\"https:\\\/\\\/inclusivenews.com.br\\\/?p=18346\",\"name\":\"A hora \u00e9 de solidariedade -\",\"isPartOf\":{\"@id\":\"https:\\\/\\\/inclusivenews.com.br\\\/#website\"},\"primaryImageOfPage\":{\"@id\":\"https:\\\/\\\/inclusivenews.com.br\\\/?p=18346#primaryimage\"},\"image\":{\"@id\":\"https:\\\/\\\/inclusivenews.com.br\\\/?p=18346#primaryimage\"},\"thumbnailUrl\":\"http:\\\/\\\/inclusivenews.com.br\\\/wp-content\\\/uploads\\\/2011\\\/01\\\/solidariedade_adiante.gif\",\"datePublished\":\"2011-01-16T00:09:24+00:00\",\"breadcrumb\":{\"@id\":\"https:\\\/\\\/inclusivenews.com.br\\\/?p=18346#breadcrumb\"},\"inLanguage\":\"pt-PT\",\"potentialAction\":[{\"@type\":\"ReadAction\",\"target\":[\"https:\\\/\\\/inclusivenews.com.br\\\/?p=18346\"]}]},{\"@type\":\"ImageObject\",\"inLanguage\":\"pt-PT\",\"@id\":\"https:\\\/\\\/inclusivenews.com.br\\\/?p=18346#primaryimage\",\"url\":\"\",\"contentUrl\":\"\"},{\"@type\":\"BreadcrumbList\",\"@id\":\"https:\\\/\\\/inclusivenews.com.br\\\/?p=18346#breadcrumb\",\"itemListElement\":[{\"@type\":\"ListItem\",\"position\":1,\"name\":\"In\u00edcio\",\"item\":\"https:\\\/\\\/inclusivenews.com.br\\\/\"},{\"@type\":\"ListItem\",\"position\":2,\"name\":\"A hora \u00e9 de solidariedade\"}]},{\"@type\":\"WebSite\",\"@id\":\"https:\\\/\\\/inclusivenews.com.br\\\/#website\",\"url\":\"https:\\\/\\\/inclusivenews.com.br\\\/\",\"name\":\"Inclusive News\",\"description\":\"Inclusive News\",\"publisher\":{\"@id\":\"https:\\\/\\\/inclusivenews.com.br\\\/#organization\"},\"potentialAction\":[{\"@type\":\"SearchAction\",\"target\":{\"@type\":\"EntryPoint\",\"urlTemplate\":\"https:\\\/\\\/inclusivenews.com.br\\\/?s={search_term_string}\"},\"query-input\":{\"@type\":\"PropertyValueSpecification\",\"valueRequired\":true,\"valueName\":\"search_term_string\"}}],\"inLanguage\":\"pt-PT\"},{\"@type\":\"Organization\",\"@id\":\"https:\\\/\\\/inclusivenews.com.br\\\/#organization\",\"name\":\"Inclusive - inclus\u00e3o e cidadania\",\"url\":\"https:\\\/\\\/inclusivenews.com.br\\\/\",\"logo\":{\"@type\":\"ImageObject\",\"inLanguage\":\"pt-PT\",\"@id\":\"https:\\\/\\\/inclusivenews.com.br\\\/#\\\/schema\\\/logo\\\/image\\\/\",\"url\":\"https:\\\/\\\/inclusivenews.com.br\\\/wp-content\\\/uploads\\\/2024\\\/03\\\/@grandesite.png\",\"contentUrl\":\"https:\\\/\\\/inclusivenews.com.br\\\/wp-content\\\/uploads\\\/2024\\\/03\\\/@grandesite.png\",\"width\":1080,\"height\":1080,\"caption\":\"Inclusive - inclus\u00e3o e cidadania\"},\"image\":{\"@id\":\"https:\\\/\\\/inclusivenews.com.br\\\/#\\\/schema\\\/logo\\\/image\\\/\"},\"sameAs\":[\"https:\\\/\\\/www.facebook.com\\\/agenciainclusive\\\/\",\"https:\\\/\\\/www.instagram.com\\\/newsinclusive\\\/\"]},{\"@type\":\"Person\",\"@id\":\"https:\\\/\\\/inclusivenews.com.br\\\/#\\\/schema\\\/person\\\/ae4ec7087559b8692fb33b6fffd2273b\",\"name\":\"inclusivenews2024\",\"image\":{\"@type\":\"ImageObject\",\"inLanguage\":\"pt-PT\",\"@id\":\"https:\\\/\\\/secure.gravatar.com\\\/avatar\\\/c5a7ef84c66fa914f55bc4f7ce26cfa275a3b9a1c5568b907bd184fb4dde7b40?s=96&d=mm&r=g\",\"url\":\"https:\\\/\\\/secure.gravatar.com\\\/avatar\\\/c5a7ef84c66fa914f55bc4f7ce26cfa275a3b9a1c5568b907bd184fb4dde7b40?s=96&d=mm&r=g\",\"contentUrl\":\"https:\\\/\\\/secure.gravatar.com\\\/avatar\\\/c5a7ef84c66fa914f55bc4f7ce26cfa275a3b9a1c5568b907bd184fb4dde7b40?s=96&d=mm&r=g\",\"caption\":\"inclusivenews2024\"},\"sameAs\":[\"https:\\\/\\\/inclusivenews.com.br\"],\"url\":\"https:\\\/\\\/inclusivenews.com.br\\\/?author=1\"}]}<\/script>\n<!-- \/ Yoast SEO plugin. -->","yoast_head_json":{"title":"A hora \u00e9 de solidariedade -","robots":{"index":"index","follow":"follow","max-snippet":"max-snippet:-1","max-image-preview":"max-image-preview:large","max-video-preview":"max-video-preview:-1"},"canonical":"https:\/\/inclusivenews.com.br\/?p=18346","og_locale":"pt_PT","og_type":"article","og_title":"A hora \u00e9 de solidariedade -","og_description":"Saiba como ajudar as v\u00edtimas das enchentes no Rio de Janeiro. OAB e ALERJ tamb\u00e9m montaram plant\u00e3o para doa\u00e7\u00f5es.","og_url":"https:\/\/inclusivenews.com.br\/?p=18346","article_publisher":"https:\/\/www.facebook.com\/agenciainclusive\/","article_published_time":"2011-01-16T00:09:24+00:00","og_image":[{"url":"http:\/\/inclusivenews.com.br\/wp-content\/uploads\/2011\/01\/solidariedade_adiante.gif","type":"","width":"","height":""}],"author":"inclusivenews2024","twitter_card":"summary_large_image","twitter_misc":{"Escrito por":"inclusivenews2024","Tempo estimado de leitura":"4 minutos"},"schema":{"@context":"https:\/\/schema.org","@graph":[{"@type":"Article","@id":"https:\/\/inclusivenews.com.br\/?p=18346#article","isPartOf":{"@id":"https:\/\/inclusivenews.com.br\/?p=18346"},"author":{"name":"inclusivenews2024","@id":"https:\/\/inclusivenews.com.br\/#\/schema\/person\/ae4ec7087559b8692fb33b6fffd2273b"},"headline":"A hora \u00e9 de solidariedade","datePublished":"2011-01-16T00:09:24+00:00","mainEntityOfPage":{"@id":"https:\/\/inclusivenews.com.br\/?p=18346"},"wordCount":848,"commentCount":0,"publisher":{"@id":"https:\/\/inclusivenews.com.br\/#organization"},"image":{"@id":"https:\/\/inclusivenews.com.br\/?p=18346#primaryimage"},"thumbnailUrl":"http:\/\/inclusivenews.com.br\/wp-content\/uploads\/2011\/01\/solidariedade_adiante.gif","articleSection":["NOT\u00cdCIAS"],"inLanguage":"pt-PT","potentialAction":[{"@type":"CommentAction","name":"Comment","target":["https:\/\/inclusivenews.com.br\/?p=18346#respond"]}]},{"@type":"WebPage","@id":"https:\/\/inclusivenews.com.br\/?p=18346","url":"https:\/\/inclusivenews.com.br\/?p=18346","name":"A hora \u00e9 de solidariedade -","isPartOf":{"@id":"https:\/\/inclusivenews.com.br\/#website"},"primaryImageOfPage":{"@id":"https:\/\/inclusivenews.com.br\/?p=18346#primaryimage"},"image":{"@id":"https:\/\/inclusivenews.com.br\/?p=18346#primaryimage"},"thumbnailUrl":"http:\/\/inclusivenews.com.br\/wp-content\/uploads\/2011\/01\/solidariedade_adiante.gif","datePublished":"2011-01-16T00:09:24+00:00","breadcrumb":{"@id":"https:\/\/inclusivenews.com.br\/?p=18346#breadcrumb"},"inLanguage":"pt-PT","potentialAction":[{"@type":"ReadAction","target":["https:\/\/inclusivenews.com.br\/?p=18346"]}]},{"@type":"ImageObject","inLanguage":"pt-PT","@id":"https:\/\/inclusivenews.com.br\/?p=18346#primaryimage","url":"","contentUrl":""},{"@type":"BreadcrumbList","@id":"https:\/\/inclusivenews.com.br\/?p=18346#breadcrumb","itemListElement":[{"@type":"ListItem","position":1,"name":"In\u00edcio","item":"https:\/\/inclusivenews.com.br\/"},{"@type":"ListItem","position":2,"name":"A hora \u00e9 de solidariedade"}]},{"@type":"WebSite","@id":"https:\/\/inclusivenews.com.br\/#website","url":"https:\/\/inclusivenews.com.br\/","name":"Inclusive News","description":"Inclusive News","publisher":{"@id":"https:\/\/inclusivenews.com.br\/#organization"},"potentialAction":[{"@type":"SearchAction","target":{"@type":"EntryPoint","urlTemplate":"https:\/\/inclusivenews.com.br\/?s={search_term_string}"},"query-input":{"@type":"PropertyValueSpecification","valueRequired":true,"valueName":"search_term_string"}}],"inLanguage":"pt-PT"},{"@type":"Organization","@id":"https:\/\/inclusivenews.com.br\/#organization","name":"Inclusive - inclus\u00e3o e cidadania","url":"https:\/\/inclusivenews.com.br\/","logo":{"@type":"ImageObject","inLanguage":"pt-PT","@id":"https:\/\/inclusivenews.com.br\/#\/schema\/logo\/image\/","url":"https:\/\/inclusivenews.com.br\/wp-content\/uploads\/2024\/03\/@grandesite.png","contentUrl":"https:\/\/inclusivenews.com.br\/wp-content\/uploads\/2024\/03\/@grandesite.png","width":1080,"height":1080,"caption":"Inclusive - inclus\u00e3o e cidadania"},"image":{"@id":"https:\/\/inclusivenews.com.br\/#\/schema\/logo\/image\/"},"sameAs":["https:\/\/www.facebook.com\/agenciainclusive\/","https:\/\/www.instagram.com\/newsinclusive\/"]},{"@type":"Person","@id":"https:\/\/inclusivenews.com.br\/#\/schema\/person\/ae4ec7087559b8692fb33b6fffd2273b","name":"inclusivenews2024","image":{"@type":"ImageObject","inLanguage":"pt-PT","@id":"https:\/\/secure.gravatar.com\/avatar\/c5a7ef84c66fa914f55bc4f7ce26cfa275a3b9a1c5568b907bd184fb4dde7b40?s=96&d=mm&r=g","url":"https:\/\/secure.gravatar.com\/avatar\/c5a7ef84c66fa914f55bc4f7ce26cfa275a3b9a1c5568b907bd184fb4dde7b40?s=96&d=mm&r=g","contentUrl":"https:\/\/secure.gravatar.com\/avatar\/c5a7ef84c66fa914f55bc4f7ce26cfa275a3b9a1c5568b907bd184fb4dde7b40?s=96&d=mm&r=g","caption":"inclusivenews2024"},"sameAs":["https:\/\/inclusivenews.com.br"],"url":"https:\/\/inclusivenews.com.br\/?author=1"}]}},"_links":{"self":[{"href":"https:\/\/inclusivenews.com.br\/index.php?rest_route=\/wp\/v2\/posts\/18346","targetHints":{"allow":["GET"]}}],"collection":[{"href":"https:\/\/inclusivenews.com.br\/index.php?rest_route=\/wp\/v2\/posts"}],"about":[{"href":"https:\/\/inclusivenews.com.br\/index.php?rest_route=\/wp\/v2\/types\/post"}],"author":[{"embeddable":true,"href":"https:\/\/inclusivenews.com.br\/index.php?rest_route=\/wp\/v2\/users\/1"}],"replies":[{"embeddable":true,"href":"https:\/\/inclusivenews.com.br\/index.php?rest_route=%2Fwp%2Fv2%2Fcomments&post=18346"}],"version-history":[{"count":0,"href":"https:\/\/inclusivenews.com.br\/index.php?rest_route=\/wp\/v2\/posts\/18346\/revisions"}],"wp:attachment":[{"href":"https:\/\/inclusivenews.com.br\/index.php?rest_route=%2Fwp%2Fv2%2Fmedia&parent=18346"}],"wp:term":[{"taxonomy":"category","embeddable":true,"href":"https:\/\/inclusivenews.com.br\/index.php?rest_route=%2Fwp%2Fv2%2Fcategories&post=18346"},{"taxonomy":"post_tag","embeddable":true,"href":"https:\/\/inclusivenews.com.br\/index.php?rest_route=%2Fwp%2Fv2%2Ftags&post=18346"}],"curies":[{"name":"wp","href":"https:\/\/api.w.org\/{rel}","templated":true}]}}