{"id":18356,"date":"2011-01-18T01:08:25","date_gmt":"2011-01-18T04:08:25","guid":{"rendered":"http:\/\/www.inclusive.org.br\/?p=18356"},"modified":"2011-01-18T01:08:25","modified_gmt":"2011-01-18T04:08:25","slug":"a-despedida-de-izabel-maior-da-corde","status":"publish","type":"post","link":"https:\/\/inclusivenews.com.br\/?p=18356","title":{"rendered":"A despedida de Izabel Maior da CORDE"},"content":{"rendered":"<figure id=\"attachment_18357\" aria-describedby=\"caption-attachment-18357\" style=\"width: 432px\" class=\"wp-caption alignleft\"><a href=\"http:\/\/www.inclusivenews.com.br\/wp-content\/uploads\/2011\/01\/165366_1383464205854_1809477883_719978_3231245_n.jpg\"><img loading=\"lazy\" decoding=\"async\" class=\"size-full wp-image-18357 \" title=\"165366_1383464205854_1809477883_719978_3231245_n\" src=\"http:\/\/inclusivenews.com.br\/wp-content\/uploads\/2011\/01\/165366_1383464205854_1809477883_719978_3231245_n.jpg\" alt=\"Pessoas que deram depoimentos para o documentario e livro Historia do Movimento Politico das Pessoas com Deficiencia \" width=\"432\" height=\"324\" \/><\/a><figcaption id=\"caption-attachment-18357\" class=\"wp-caption-text\">Pessoas que deram depoimentos para o documentario e livro Historia do Movimento Politico das Pessoas com Deficiencia <\/figcaption><\/figure>\n<p>Queridas e queridos amigos, amigas e colegas da SDH e da SNPD\/CORDE,<\/p>\n<p>\u00c9 muito dif\u00edcil resumir as sensa\u00e7\u00f5es e emo\u00e7\u00f5es vividas nos 8 anos e 3 meses em que tive o privil\u00e9gio e a honra de compartilhar com voc\u00eas o sonho e a realiza\u00e7\u00e3o de trabalhos pelos Direitos Humanos.<\/p>\n<p>Fui pioneira como pessoa com defici\u00eancia nos dois cargos e aconteceu o \u201cNada sobre n\u00f3s sem n\u00f3s\u201d. Cada dia de conquista valeu por mil e cada dia de eventual derrota virou aprendizado.<\/p>\n<p>Foram momentos marcantes para a inclus\u00e3o e a expans\u00e3o de iguais oportunidades para as pessoas com defici\u00eancia de nosso Brasil. Pude coordenar e conduzir. Deixo a cargo de cada um o dever de avan\u00e7ar e levo comigo a esperan\u00e7a de ver a luta pelos Direitos Humanos de todos alcan\u00e7ar o pleno resultado: a valoriza\u00e7\u00e3o e o respeito \u00e0s habilidades e compet\u00eancias de cada pessoa humana, em especial, aquelas com defici\u00eancia intelectual, auditiva, visual, f\u00edsica e m\u00faltipla.<\/p>\n<p>Completo uma etapa da pol\u00edtica p\u00fablica voltada para esse segmento, com a certeza que contei com o est\u00edmulo, o apoio e a parceria de altos governantes, gestores setoriais, colegas, associa\u00e7\u00f5es, organismos internacionais e companheiros de v\u00e1rios pa\u00edses que atuam nessa \u00e1rea. O Brasil est\u00e1 mais conhecido e reconhecido como um Pa\u00eds que promove e garante os direitos das pessoas com defici\u00eancia. Ratificamos a Conven\u00e7\u00e3o sobre os Direitos das Pessoas com Defici\u00eancia e seu Protocolo Facultativo, ambos com equival\u00eancia de emenda constitucional.<\/p>\n<p>N\u00e3o desejo fazer um relat\u00f3rio das atividades porque tudo est\u00e1 registrado nas publica\u00e7\u00f5es da eterna CORDE e nos mais elaborados e in\u00e9ditos projetos que pudemos produzir durante esse per\u00edodo de trabalho \u00e1rduo, mas extremamente gratificante. O que se faz com paix\u00e3o aquece a alma e nos fortalece. \u00c9 assim que registrarei minha estada na SDH.<\/p>\n<p>Pe\u00e7o a todas e todos, licen\u00e7a para mencionar o Decreto do C\u00e3o Guia e o Decreto da Acessibilidade. Mudan\u00e7as podem ser percebidas nas legendas na televis\u00e3o, nos s\u00edtios eletr\u00f4nicos acess\u00edveis, na presen\u00e7a dos int\u00e9rpretes de Libras, na audiodescri\u00e7\u00e3o nascente, nos transportes coletivos acess\u00edveis, na tecnologia assistiva, nas constru\u00e7\u00f5es e na paisagem urbana. A Uni\u00e3o, Estados, Distrito Federal e Munic\u00edpios, junto com a sociedade, os militantes e tamb\u00e9m o empresariado est\u00e3o mudando a realidade e dando forma \u00e0 cultura do desenho universal, que \u00e9 um direito de todas e de cada pessoa.<\/p>\n<p>Cidade Acess\u00edvel \u00e9 Direitos Humanos em breve estar\u00e1 na m\u00eddia. \u00c9 um dos resultados da Agenda Social e de tantas outras a\u00e7\u00f5es desenvolvidas no passado. O filme e o livro Hist\u00f3ria do Movimento Pol\u00edtico das Pessoas com Defici\u00eancia no Brasil \u00e9 um marco, o legado que nos inspira e com o qual homenageamos nossos pioneiros. A parceria com a OEI assegura esse projeto.<\/p>\n<p>Mantenho a certeza de que acreditar \u00e9 o melhor caminho e trabalhar \u00e9 a garantia de ver as mudan\u00e7as acontecerem, no compasso da vida e da capacidade de desenvolvimento da sociedade.<\/p>\n<p>A demanda social sempre haver\u00e1 de ser o combust\u00edvel a dar energia para apressar as a\u00e7\u00f5es. Entidades e conselhos de direitos s\u00e3o necess\u00e1rios na caminhada conjunta. O CONADE foi uma escola, em todos os sentidos.<\/p>\n<p>Aprendi muito na Casa dos Direitos Humanos. Os valores mais elevados guardarei para sempre na mente e no cora\u00e7\u00e3o. Os deslizes, inclusive os meus pr\u00f3prios, servir\u00e3o para reajustes e aprimoramentos, porque nada \u00e9 em v\u00e3o.<\/p>\n<p>Com a gra\u00e7a de Deus, muito carinho recebi e compartilhei. Foi um presente de ouro haver conhecido pessoas \u00e9ticas e verdadeiras que fazem o mundo mais colorido, brilhante e forte.<\/p>\n<p>Aos que vieram at\u00e9 aqui, como equipe, acreditando nas mesmas propostas, quero agradecer profundamente, com um sorriso e uma l\u00e1grima de emo\u00e7\u00e3o.<\/p>\n<p>Para aqueles que recebem a j\u00f3ia \u2013 a nossa Secretaria Nacional de Promo\u00e7\u00e3o dos Direitos da Pessoa com Defici\u00eancia &#8211; desejo resultados positivos, muita for\u00e7a e muita sorte nas lutas do dia a dia e que, ao final de suas jornadas, se sintam t\u00e3o felizes como me sentirei por ter vivido essa magn\u00edfica experi\u00eancia na CORDE.<\/p>\n<p>Meu carinhoso abra\u00e7o e grande agradecimento.<\/p>\n<p>Izabel Maior<\/p>\n<p>12 de janeiro de 2011<\/p>\n","protected":false},"excerpt":{"rendered":"<p>Deixo a cargo de cada um o dever de avan\u00e7ar e levo comigo a esperan\u00e7a de ver a luta pelos Direitos Humanos de todos alcan\u00e7ar o pleno resultado: a valoriza\u00e7\u00e3o e o respeito \u00e0s habilidades e compet\u00eancias de cada pessoa humana, em especial, aquelas com defici\u00eancia intelectual, auditiva, visual, f\u00edsica e m\u00faltipla.<\/p>\n","protected":false},"author":1,"featured_media":0,"comment_status":"open","ping_status":"open","sticky":false,"template":"","format":"standard","meta":{"site-container-style":"default","site-container-layout":"default","site-sidebar-layout":"default","disable-article-header":"default","disable-site-header":"default","disable-site-footer":"default","disable-content-area-spacing":"default","footnotes":""},"categories":[38,4],"tags":[],"class_list":["post-18356","post","type-post","status-publish","format-standard","hentry","category-deficiencia","category-noticias"],"yoast_head":"<!-- This site is optimized with the Yoast SEO plugin v27.5 - https:\/\/yoast.com\/product\/yoast-seo-wordpress\/ -->\n<title>A despedida de Izabel Maior da CORDE -<\/title>\n<meta name=\"robots\" content=\"index, follow, max-snippet:-1, max-image-preview:large, max-video-preview:-1\" \/>\n<link rel=\"canonical\" href=\"https:\/\/inclusivenews.com.br\/?p=18356\" \/>\n<meta property=\"og:locale\" content=\"pt_PT\" \/>\n<meta property=\"og:type\" content=\"article\" \/>\n<meta property=\"og:title\" content=\"A despedida de Izabel Maior da CORDE -\" \/>\n<meta property=\"og:description\" content=\"Deixo a cargo de cada um o dever de avan\u00e7ar e levo comigo a esperan\u00e7a de ver a luta pelos Direitos Humanos de todos alcan\u00e7ar o pleno resultado: a valoriza\u00e7\u00e3o e o respeito \u00e0s habilidades e compet\u00eancias de cada pessoa humana, em especial, aquelas com defici\u00eancia intelectual, auditiva, visual, f\u00edsica e m\u00faltipla.\" \/>\n<meta property=\"og:url\" content=\"https:\/\/inclusivenews.com.br\/?p=18356\" \/>\n<meta property=\"article:publisher\" content=\"https:\/\/www.facebook.com\/agenciainclusive\/\" \/>\n<meta property=\"article:published_time\" content=\"2011-01-18T04:08:25+00:00\" \/>\n<meta property=\"og:image\" content=\"http:\/\/inclusivenews.com.br\/wp-content\/uploads\/2011\/01\/165366_1383464205854_1809477883_719978_3231245_n.jpg\" \/>\n<meta name=\"author\" content=\"inclusivenews2024\" \/>\n<meta name=\"twitter:card\" content=\"summary_large_image\" \/>\n<meta name=\"twitter:label1\" content=\"Escrito por\" \/>\n\t<meta name=\"twitter:data1\" content=\"inclusivenews2024\" \/>\n\t<meta name=\"twitter:label2\" content=\"Tempo estimado de leitura\" \/>\n\t<meta name=\"twitter:data2\" content=\"4 minutos\" \/>\n<script type=\"application\/ld+json\" class=\"yoast-schema-graph\">{\"@context\":\"https:\\\/\\\/schema.org\",\"@graph\":[{\"@type\":\"Article\",\"@id\":\"https:\\\/\\\/inclusivenews.com.br\\\/?p=18356#article\",\"isPartOf\":{\"@id\":\"https:\\\/\\\/inclusivenews.com.br\\\/?p=18356\"},\"author\":{\"name\":\"inclusivenews2024\",\"@id\":\"https:\\\/\\\/inclusivenews.com.br\\\/#\\\/schema\\\/person\\\/ae4ec7087559b8692fb33b6fffd2273b\"},\"headline\":\"A despedida de Izabel Maior da CORDE\",\"datePublished\":\"2011-01-18T04:08:25+00:00\",\"mainEntityOfPage\":{\"@id\":\"https:\\\/\\\/inclusivenews.com.br\\\/?p=18356\"},\"wordCount\":767,\"commentCount\":7,\"publisher\":{\"@id\":\"https:\\\/\\\/inclusivenews.com.br\\\/#organization\"},\"image\":{\"@id\":\"https:\\\/\\\/inclusivenews.com.br\\\/?p=18356#primaryimage\"},\"thumbnailUrl\":\"http:\\\/\\\/inclusivenews.com.br\\\/wp-content\\\/uploads\\\/2011\\\/01\\\/165366_1383464205854_1809477883_719978_3231245_n.jpg\",\"articleSection\":[\"Defici\u00eancia\",\"NOT\u00cdCIAS\"],\"inLanguage\":\"pt-PT\",\"potentialAction\":[{\"@type\":\"CommentAction\",\"name\":\"Comment\",\"target\":[\"https:\\\/\\\/inclusivenews.com.br\\\/?p=18356#respond\"]}]},{\"@type\":\"WebPage\",\"@id\":\"https:\\\/\\\/inclusivenews.com.br\\\/?p=18356\",\"url\":\"https:\\\/\\\/inclusivenews.com.br\\\/?p=18356\",\"name\":\"A despedida de Izabel Maior da CORDE -\",\"isPartOf\":{\"@id\":\"https:\\\/\\\/inclusivenews.com.br\\\/#website\"},\"primaryImageOfPage\":{\"@id\":\"https:\\\/\\\/inclusivenews.com.br\\\/?p=18356#primaryimage\"},\"image\":{\"@id\":\"https:\\\/\\\/inclusivenews.com.br\\\/?p=18356#primaryimage\"},\"thumbnailUrl\":\"http:\\\/\\\/inclusivenews.com.br\\\/wp-content\\\/uploads\\\/2011\\\/01\\\/165366_1383464205854_1809477883_719978_3231245_n.jpg\",\"datePublished\":\"2011-01-18T04:08:25+00:00\",\"breadcrumb\":{\"@id\":\"https:\\\/\\\/inclusivenews.com.br\\\/?p=18356#breadcrumb\"},\"inLanguage\":\"pt-PT\",\"potentialAction\":[{\"@type\":\"ReadAction\",\"target\":[\"https:\\\/\\\/inclusivenews.com.br\\\/?p=18356\"]}]},{\"@type\":\"ImageObject\",\"inLanguage\":\"pt-PT\",\"@id\":\"https:\\\/\\\/inclusivenews.com.br\\\/?p=18356#primaryimage\",\"url\":\"\",\"contentUrl\":\"\"},{\"@type\":\"BreadcrumbList\",\"@id\":\"https:\\\/\\\/inclusivenews.com.br\\\/?p=18356#breadcrumb\",\"itemListElement\":[{\"@type\":\"ListItem\",\"position\":1,\"name\":\"In\u00edcio\",\"item\":\"https:\\\/\\\/inclusivenews.com.br\\\/\"},{\"@type\":\"ListItem\",\"position\":2,\"name\":\"A despedida de Izabel Maior da CORDE\"}]},{\"@type\":\"WebSite\",\"@id\":\"https:\\\/\\\/inclusivenews.com.br\\\/#website\",\"url\":\"https:\\\/\\\/inclusivenews.com.br\\\/\",\"name\":\"Inclusive News\",\"description\":\"Inclusive News\",\"publisher\":{\"@id\":\"https:\\\/\\\/inclusivenews.com.br\\\/#organization\"},\"potentialAction\":[{\"@type\":\"SearchAction\",\"target\":{\"@type\":\"EntryPoint\",\"urlTemplate\":\"https:\\\/\\\/inclusivenews.com.br\\\/?s={search_term_string}\"},\"query-input\":{\"@type\":\"PropertyValueSpecification\",\"valueRequired\":true,\"valueName\":\"search_term_string\"}}],\"inLanguage\":\"pt-PT\"},{\"@type\":\"Organization\",\"@id\":\"https:\\\/\\\/inclusivenews.com.br\\\/#organization\",\"name\":\"Inclusive - inclus\u00e3o e cidadania\",\"url\":\"https:\\\/\\\/inclusivenews.com.br\\\/\",\"logo\":{\"@type\":\"ImageObject\",\"inLanguage\":\"pt-PT\",\"@id\":\"https:\\\/\\\/inclusivenews.com.br\\\/#\\\/schema\\\/logo\\\/image\\\/\",\"url\":\"https:\\\/\\\/inclusivenews.com.br\\\/wp-content\\\/uploads\\\/2024\\\/03\\\/@grandesite.png\",\"contentUrl\":\"https:\\\/\\\/inclusivenews.com.br\\\/wp-content\\\/uploads\\\/2024\\\/03\\\/@grandesite.png\",\"width\":1080,\"height\":1080,\"caption\":\"Inclusive - inclus\u00e3o e cidadania\"},\"image\":{\"@id\":\"https:\\\/\\\/inclusivenews.com.br\\\/#\\\/schema\\\/logo\\\/image\\\/\"},\"sameAs\":[\"https:\\\/\\\/www.facebook.com\\\/agenciainclusive\\\/\",\"https:\\\/\\\/www.instagram.com\\\/newsinclusive\\\/\"]},{\"@type\":\"Person\",\"@id\":\"https:\\\/\\\/inclusivenews.com.br\\\/#\\\/schema\\\/person\\\/ae4ec7087559b8692fb33b6fffd2273b\",\"name\":\"inclusivenews2024\",\"image\":{\"@type\":\"ImageObject\",\"inLanguage\":\"pt-PT\",\"@id\":\"https:\\\/\\\/secure.gravatar.com\\\/avatar\\\/c5a7ef84c66fa914f55bc4f7ce26cfa275a3b9a1c5568b907bd184fb4dde7b40?s=96&d=mm&r=g\",\"url\":\"https:\\\/\\\/secure.gravatar.com\\\/avatar\\\/c5a7ef84c66fa914f55bc4f7ce26cfa275a3b9a1c5568b907bd184fb4dde7b40?s=96&d=mm&r=g\",\"contentUrl\":\"https:\\\/\\\/secure.gravatar.com\\\/avatar\\\/c5a7ef84c66fa914f55bc4f7ce26cfa275a3b9a1c5568b907bd184fb4dde7b40?s=96&d=mm&r=g\",\"caption\":\"inclusivenews2024\"},\"sameAs\":[\"https:\\\/\\\/inclusivenews.com.br\"],\"url\":\"https:\\\/\\\/inclusivenews.com.br\\\/?author=1\"}]}<\/script>\n<!-- \/ Yoast SEO plugin. -->","yoast_head_json":{"title":"A despedida de Izabel Maior da CORDE -","robots":{"index":"index","follow":"follow","max-snippet":"max-snippet:-1","max-image-preview":"max-image-preview:large","max-video-preview":"max-video-preview:-1"},"canonical":"https:\/\/inclusivenews.com.br\/?p=18356","og_locale":"pt_PT","og_type":"article","og_title":"A despedida de Izabel Maior da CORDE -","og_description":"Deixo a cargo de cada um o dever de avan\u00e7ar e levo comigo a esperan\u00e7a de ver a luta pelos Direitos Humanos de todos alcan\u00e7ar o pleno resultado: a valoriza\u00e7\u00e3o e o respeito \u00e0s habilidades e compet\u00eancias de cada pessoa humana, em especial, aquelas com defici\u00eancia intelectual, auditiva, visual, f\u00edsica e m\u00faltipla.","og_url":"https:\/\/inclusivenews.com.br\/?p=18356","article_publisher":"https:\/\/www.facebook.com\/agenciainclusive\/","article_published_time":"2011-01-18T04:08:25+00:00","og_image":[{"url":"http:\/\/inclusivenews.com.br\/wp-content\/uploads\/2011\/01\/165366_1383464205854_1809477883_719978_3231245_n.jpg","type":"","width":"","height":""}],"author":"inclusivenews2024","twitter_card":"summary_large_image","twitter_misc":{"Escrito por":"inclusivenews2024","Tempo estimado de leitura":"4 minutos"},"schema":{"@context":"https:\/\/schema.org","@graph":[{"@type":"Article","@id":"https:\/\/inclusivenews.com.br\/?p=18356#article","isPartOf":{"@id":"https:\/\/inclusivenews.com.br\/?p=18356"},"author":{"name":"inclusivenews2024","@id":"https:\/\/inclusivenews.com.br\/#\/schema\/person\/ae4ec7087559b8692fb33b6fffd2273b"},"headline":"A despedida de Izabel Maior da CORDE","datePublished":"2011-01-18T04:08:25+00:00","mainEntityOfPage":{"@id":"https:\/\/inclusivenews.com.br\/?p=18356"},"wordCount":767,"commentCount":7,"publisher":{"@id":"https:\/\/inclusivenews.com.br\/#organization"},"image":{"@id":"https:\/\/inclusivenews.com.br\/?p=18356#primaryimage"},"thumbnailUrl":"http:\/\/inclusivenews.com.br\/wp-content\/uploads\/2011\/01\/165366_1383464205854_1809477883_719978_3231245_n.jpg","articleSection":["Defici\u00eancia","NOT\u00cdCIAS"],"inLanguage":"pt-PT","potentialAction":[{"@type":"CommentAction","name":"Comment","target":["https:\/\/inclusivenews.com.br\/?p=18356#respond"]}]},{"@type":"WebPage","@id":"https:\/\/inclusivenews.com.br\/?p=18356","url":"https:\/\/inclusivenews.com.br\/?p=18356","name":"A despedida de Izabel Maior da CORDE -","isPartOf":{"@id":"https:\/\/inclusivenews.com.br\/#website"},"primaryImageOfPage":{"@id":"https:\/\/inclusivenews.com.br\/?p=18356#primaryimage"},"image":{"@id":"https:\/\/inclusivenews.com.br\/?p=18356#primaryimage"},"thumbnailUrl":"http:\/\/inclusivenews.com.br\/wp-content\/uploads\/2011\/01\/165366_1383464205854_1809477883_719978_3231245_n.jpg","datePublished":"2011-01-18T04:08:25+00:00","breadcrumb":{"@id":"https:\/\/inclusivenews.com.br\/?p=18356#breadcrumb"},"inLanguage":"pt-PT","potentialAction":[{"@type":"ReadAction","target":["https:\/\/inclusivenews.com.br\/?p=18356"]}]},{"@type":"ImageObject","inLanguage":"pt-PT","@id":"https:\/\/inclusivenews.com.br\/?p=18356#primaryimage","url":"","contentUrl":""},{"@type":"BreadcrumbList","@id":"https:\/\/inclusivenews.com.br\/?p=18356#breadcrumb","itemListElement":[{"@type":"ListItem","position":1,"name":"In\u00edcio","item":"https:\/\/inclusivenews.com.br\/"},{"@type":"ListItem","position":2,"name":"A despedida de Izabel Maior da CORDE"}]},{"@type":"WebSite","@id":"https:\/\/inclusivenews.com.br\/#website","url":"https:\/\/inclusivenews.com.br\/","name":"Inclusive News","description":"Inclusive News","publisher":{"@id":"https:\/\/inclusivenews.com.br\/#organization"},"potentialAction":[{"@type":"SearchAction","target":{"@type":"EntryPoint","urlTemplate":"https:\/\/inclusivenews.com.br\/?s={search_term_string}"},"query-input":{"@type":"PropertyValueSpecification","valueRequired":true,"valueName":"search_term_string"}}],"inLanguage":"pt-PT"},{"@type":"Organization","@id":"https:\/\/inclusivenews.com.br\/#organization","name":"Inclusive - inclus\u00e3o e cidadania","url":"https:\/\/inclusivenews.com.br\/","logo":{"@type":"ImageObject","inLanguage":"pt-PT","@id":"https:\/\/inclusivenews.com.br\/#\/schema\/logo\/image\/","url":"https:\/\/inclusivenews.com.br\/wp-content\/uploads\/2024\/03\/@grandesite.png","contentUrl":"https:\/\/inclusivenews.com.br\/wp-content\/uploads\/2024\/03\/@grandesite.png","width":1080,"height":1080,"caption":"Inclusive - inclus\u00e3o e cidadania"},"image":{"@id":"https:\/\/inclusivenews.com.br\/#\/schema\/logo\/image\/"},"sameAs":["https:\/\/www.facebook.com\/agenciainclusive\/","https:\/\/www.instagram.com\/newsinclusive\/"]},{"@type":"Person","@id":"https:\/\/inclusivenews.com.br\/#\/schema\/person\/ae4ec7087559b8692fb33b6fffd2273b","name":"inclusivenews2024","image":{"@type":"ImageObject","inLanguage":"pt-PT","@id":"https:\/\/secure.gravatar.com\/avatar\/c5a7ef84c66fa914f55bc4f7ce26cfa275a3b9a1c5568b907bd184fb4dde7b40?s=96&d=mm&r=g","url":"https:\/\/secure.gravatar.com\/avatar\/c5a7ef84c66fa914f55bc4f7ce26cfa275a3b9a1c5568b907bd184fb4dde7b40?s=96&d=mm&r=g","contentUrl":"https:\/\/secure.gravatar.com\/avatar\/c5a7ef84c66fa914f55bc4f7ce26cfa275a3b9a1c5568b907bd184fb4dde7b40?s=96&d=mm&r=g","caption":"inclusivenews2024"},"sameAs":["https:\/\/inclusivenews.com.br"],"url":"https:\/\/inclusivenews.com.br\/?author=1"}]}},"_links":{"self":[{"href":"https:\/\/inclusivenews.com.br\/index.php?rest_route=\/wp\/v2\/posts\/18356","targetHints":{"allow":["GET"]}}],"collection":[{"href":"https:\/\/inclusivenews.com.br\/index.php?rest_route=\/wp\/v2\/posts"}],"about":[{"href":"https:\/\/inclusivenews.com.br\/index.php?rest_route=\/wp\/v2\/types\/post"}],"author":[{"embeddable":true,"href":"https:\/\/inclusivenews.com.br\/index.php?rest_route=\/wp\/v2\/users\/1"}],"replies":[{"embeddable":true,"href":"https:\/\/inclusivenews.com.br\/index.php?rest_route=%2Fwp%2Fv2%2Fcomments&post=18356"}],"version-history":[{"count":0,"href":"https:\/\/inclusivenews.com.br\/index.php?rest_route=\/wp\/v2\/posts\/18356\/revisions"}],"wp:attachment":[{"href":"https:\/\/inclusivenews.com.br\/index.php?rest_route=%2Fwp%2Fv2%2Fmedia&parent=18356"}],"wp:term":[{"taxonomy":"category","embeddable":true,"href":"https:\/\/inclusivenews.com.br\/index.php?rest_route=%2Fwp%2Fv2%2Fcategories&post=18356"},{"taxonomy":"post_tag","embeddable":true,"href":"https:\/\/inclusivenews.com.br\/index.php?rest_route=%2Fwp%2Fv2%2Ftags&post=18356"}],"curies":[{"name":"wp","href":"https:\/\/api.w.org\/{rel}","templated":true}]}}