{"id":18359,"date":"2011-01-18T01:10:06","date_gmt":"2011-01-18T04:10:06","guid":{"rendered":"http:\/\/www.inclusive.org.br\/?p=18359"},"modified":"2011-01-18T01:10:06","modified_gmt":"2011-01-18T04:10:06","slug":"os-anos-izabel-maior","status":"publish","type":"post","link":"https:\/\/inclusivenews.com.br\/?p=18359","title":{"rendered":"Os Anos Izabel Maior"},"content":{"rendered":"<p>&nbsp;<\/p>\n<p>&nbsp;<\/p>\n<p><a href=\"http:\/\/www.inclusivenews.com.br\/wp-content\/uploads\/2011\/01\/izabel-premio.jpg\"><img loading=\"lazy\" decoding=\"async\" class=\"size-full wp-image-18360\" title=\"izabel premio\" src=\"http:\/\/inclusivenews.com.br\/wp-content\/uploads\/2011\/01\/izabel-premio.jpg\" alt=\"Izabel Maior e ao fundo o Congresso Nacional ao entardecer\" width=\"400\" height=\"268\" \/><\/a><\/p>\n<p>&nbsp;<\/p>\n<p><em>Por Patricia Almeida<\/em><\/p>\n<p>&nbsp;<\/p>\n<p><em>Depois de 8 anos e tr\u00eas meses, Izabel Maior sai da Secretaria Nacional de Promo\u00e7\u00e3o dos Direitos da Pessoa com Defici\u00eancia deixando muitas realiza\u00e7\u00f5es e saudades.<\/em><\/p>\n<p>\u201cEla \u00e9 t\u00e3o boa que entrou no governo Fernando Henrique e continuou com o Lula\u201d. J\u00e1 n\u00e3o me lembro quem fez esse coment\u00e1rio, mas para mim, foi argumento suficiente para eu querer ir trabalhar com a \u201cDoutora Izabel\u201d, titular da CORDE, a ent\u00e3o Coordenadoria Nacional para a Integra\u00e7\u00e3o da Pessoa Portadora de Defici\u00eancia, \u00f3rg\u00e3o da Secretaria dos Direitos Humanos da Presid\u00eancia da Rep\u00fablica) .<\/p>\n<p>Peguei um avi\u00e3o e fui para S\u00e3o Paulo participar de um semin\u00e1rio sobre defici\u00eancia em que sabia que ela estaria. Depois do evento fui me apresentar, dizendo que era funcion\u00e1ria p\u00fablica federal, tinha tido uma filha com s\u00edndrome de Down e estava interessada em trabalhar na \u00e1rea da defici\u00eancia. Sem nem saber quem eu era, me disse para ir a CORDE, em Bras\u00edlia no dia seguinte para conversarmos.<\/p>\n<p>Levei meu curr\u00edculo de jornalista de TV e do servi\u00e7o brasileiro da BBC, experi\u00eancias no cerimonial do Itamaraty e como chefe de gabinete de Embaixada, espanhol e ingl\u00eas fluentes e ela comentou: \u201cNossa! Uma assessora de luxo!\u201d<\/p>\n<p>Luxo \u00e9, agora eu sei, o adjetivo menos adequado \u00e0 area da defici\u00eancia. Passei a integrar uma equipe de meia d\u00fazia de gatos pingados mas que, por sua dedica\u00e7\u00e3o e engajamento, conseguiam realizar um trabalho fant\u00e1stico, seja no que diz respeito \u00e0 formula\u00e7\u00e3o de pol\u00edticas p\u00fablicas, quanto a sua implementa\u00e7\u00e3o, sendo esta parte sempre a mais dif\u00edcil.<\/p>\n<p>Se o Brasil tem hoje uma das legisla\u00e7\u00f5es mais fortes com rela\u00e7\u00e3o \u00e0 pessoa com defici\u00eancia, isso \u00e9 devido em grande parte a essa lutadora incans\u00e1vel, uma das pioneiras do movimento pol\u00edtico da pessoas com defici\u00eancia no Brasil. Sempre com alma de ativista e o olhar voltado para os mais vulner\u00e1veis dentre os vulner\u00e1veis, Izabel Maior re\u00fane em uma mesma pessoa conhecimento te\u00f3rico de m\u00e9dica fisiatra, professora universit\u00e1ria com mestrado em defici\u00eancia pela Universidade de Salamanca e especializa\u00e7\u00e3o em Bio\u00e9tica na UnB, e o saber t\u00e9cnico de gestora p\u00fablica, o que permitiu avan\u00e7armos incrivelmente nos \u00faltimos anos.<\/p>\n<p>Em sua gest\u00e3o \u00e0 frente da CORDE o pa\u00eds foi al\u00e7ado ao papel de protagonista e l\u00edder na \u00e1rea da defici\u00eancia tamb\u00e9m no exterior. Em 2004 o Brasil foi eleito pela organiza\u00e7\u00e3o n\u00e3o governamental internacional IDRM \u2013 <em>International Disability Rights Monitor <\/em>como um dos cinco pa\u00edses mais inclusivos das Am\u00e9ricas. A formula\u00e7\u00e3o da Conven\u00e7\u00e3o sobre os Direitos das Pessoas com Defici\u00eancia pela ONU contou com participa\u00e7\u00e3o ativa brasileira sob coordena\u00e7\u00e3o da Doutora Izabel. A Conven\u00e7\u00e3o foi ratificada em 2008 com status constitucional, em grande parte gra\u00e7as ao seu poder de mobiliza\u00e7\u00e3o, em parceria com o movimento social. Em 2010 Izabel Maior recebeu merecido pr\u00eamio pela sua contribui\u00e7\u00e3o ao desenvolvimento de um continente mais inclusivo da Organiza\u00e7\u00e3o dos Estados Americanos (OEA). Ainda em 2010 foi finalista do prestigioso Pr\u00eamio Claudia, na categoria pol\u00edticas p\u00fablicas.<\/p>\n<p>Enquanto eu trabalhava na CORDE, Izabel me contava os casos de lutas passadas, sempre falando da vontade que tinha de deixar esta hist\u00f3ria por escrito. A cada not\u00edcia sobre um companheiro do movimento ca\u00eddo ela se dizia triste e ao mesmo tempo preocupada: \u201cas lideran\u00e7as do movimento est\u00e3o morrendo e essa hist\u00f3ria nunca foi contada\u201d.<\/p>\n<p>A Doutora Izabel sai da Secretaria de Direitos Humanos deixando mais esse legado &#8211; o livro e filme-document\u00e1rio \u201cHist\u00f3ria do Movimento Pol\u00edtico das Pessoas com Defici\u00eancia no Brasil\u201d, produzido em parceria com a OEI &#8211; Organiza\u00e7\u00e3o dos Estados Ibero\u2010americanos para a Educa\u00e7\u00e3o, a Ci\u00eancia e a Cultura, com todos os recursos de acessibilidade e em tr\u00eas l\u00ednguas: portugu\u00eas, ingl\u00eas e espanhol.<\/p>\n<p>Embora muito bem contada a partir de entrevistas com membros do movimento, dois dos quais vieram a falecer ap\u00f3s terem tido seus depoimentos gravados, Adilson Ventura e Dorina Nowill, a hist\u00f3ria n\u00e3o faz jus a uma de suas principais protagonistas, a pr\u00f3pria Izabel Maria de Loureiro Maior. Mas quem a conhece sabe que sem sua determina\u00e7\u00e3o muito do que foi alcan\u00e7ado n\u00e3o teria sido poss\u00edvel.<\/p>\n<p>J\u00e1 nost\u00e1gica, mas confortada por saber que Izabel continuar\u00e1 contribuindo para a inclus\u00e3o da pessoa com defici\u00eancia onde quer que esteja, como eu mesmo fiz depois que sa\u00ed da CORDE e passei a militar na sociedade civil, quero demonstrar minha gratid\u00e3o e prestar homenagem a essa admir\u00e1vel ex-chefe e companheira de luta, cuja trajet\u00f3ria \u00e0 frente da \u00e1rea da defici\u00eancia ser\u00e1 com o tempo conhecida como \u201cOs Anos Izabel Maior\u201d.<\/p>\n<p>Para ver o document\u00e1rio, clique no link abaixo<\/p>\n<p><a href=\"http:\/\/www.inclusive.org.br\/?p=18348\">http:\/\/www.inclusive.org.br\/?p=18348<\/a><\/p>\n<p>Leia tamb\u00e9m<\/p>\n<p><a href=\"http:\/\/www.inclusive.org.br\/?p=18356\">A despedida de Izabel Maior da CORDE<\/a><\/p>\n","protected":false},"excerpt":{"rendered":"<p>Depois de 8 anos e tr\u00eas meses, Izabel Maior sai da Secretaria Nacional de Promo\u00e7\u00e3o dos Direitos da Pessoa com Defici\u00eancia deixando muitas realiza\u00e7\u00f5es e saudades.<\/p>\n","protected":false},"author":1,"featured_media":0,"comment_status":"closed","ping_status":"closed","sticky":false,"template":"","format":"standard","meta":{"site-container-style":"default","site-container-layout":"default","site-sidebar-layout":"default","disable-article-header":"default","disable-site-header":"default","disable-site-footer":"default","disable-content-area-spacing":"default","footnotes":""},"categories":[35,38,4,8],"tags":[],"class_list":["post-18359","post","type-post","status-publish","format-standard","hentry","category-de-nossa-parte","category-deficiencia","category-noticias","category-textos-e-artigos"],"yoast_head":"<!-- This site is optimized with the Yoast SEO plugin v27.5 - https:\/\/yoast.com\/product\/yoast-seo-wordpress\/ -->\n<title>Os Anos Izabel Maior -<\/title>\n<meta name=\"robots\" content=\"index, follow, max-snippet:-1, max-image-preview:large, max-video-preview:-1\" \/>\n<link rel=\"canonical\" href=\"https:\/\/inclusivenews.com.br\/?p=18359\" \/>\n<meta property=\"og:locale\" content=\"pt_PT\" \/>\n<meta property=\"og:type\" content=\"article\" \/>\n<meta property=\"og:title\" content=\"Os Anos Izabel Maior -\" \/>\n<meta property=\"og:description\" content=\"Depois de 8 anos e tr\u00eas meses, Izabel Maior sai da Secretaria Nacional de Promo\u00e7\u00e3o dos Direitos da Pessoa com Defici\u00eancia deixando muitas realiza\u00e7\u00f5es e saudades.\" \/>\n<meta property=\"og:url\" content=\"https:\/\/inclusivenews.com.br\/?p=18359\" \/>\n<meta property=\"article:publisher\" content=\"https:\/\/www.facebook.com\/agenciainclusive\/\" \/>\n<meta property=\"article:published_time\" content=\"2011-01-18T04:10:06+00:00\" \/>\n<meta property=\"og:image\" content=\"http:\/\/inclusivenews.com.br\/wp-content\/uploads\/2011\/01\/izabel-premio.jpg\" \/>\n<meta name=\"author\" content=\"inclusivenews2024\" \/>\n<meta name=\"twitter:card\" content=\"summary_large_image\" \/>\n<meta name=\"twitter:label1\" content=\"Escrito por\" \/>\n\t<meta name=\"twitter:data1\" content=\"inclusivenews2024\" \/>\n\t<meta name=\"twitter:label2\" content=\"Tempo estimado de leitura\" \/>\n\t<meta name=\"twitter:data2\" content=\"4 minutos\" \/>\n<script type=\"application\/ld+json\" class=\"yoast-schema-graph\">{\"@context\":\"https:\\\/\\\/schema.org\",\"@graph\":[{\"@type\":\"Article\",\"@id\":\"https:\\\/\\\/inclusivenews.com.br\\\/?p=18359#article\",\"isPartOf\":{\"@id\":\"https:\\\/\\\/inclusivenews.com.br\\\/?p=18359\"},\"author\":{\"name\":\"inclusivenews2024\",\"@id\":\"https:\\\/\\\/inclusivenews.com.br\\\/#\\\/schema\\\/person\\\/ae4ec7087559b8692fb33b6fffd2273b\"},\"headline\":\"Os Anos Izabel Maior\",\"datePublished\":\"2011-01-18T04:10:06+00:00\",\"mainEntityOfPage\":{\"@id\":\"https:\\\/\\\/inclusivenews.com.br\\\/?p=18359\"},\"wordCount\":864,\"publisher\":{\"@id\":\"https:\\\/\\\/inclusivenews.com.br\\\/#organization\"},\"image\":{\"@id\":\"https:\\\/\\\/inclusivenews.com.br\\\/?p=18359#primaryimage\"},\"thumbnailUrl\":\"http:\\\/\\\/inclusivenews.com.br\\\/wp-content\\\/uploads\\\/2011\\\/01\\\/izabel-premio.jpg\",\"articleSection\":[\"+ De nossa parte\",\"Defici\u00eancia\",\"NOT\u00cdCIAS\",\"OPINI\u00c3O\"],\"inLanguage\":\"pt-PT\"},{\"@type\":\"WebPage\",\"@id\":\"https:\\\/\\\/inclusivenews.com.br\\\/?p=18359\",\"url\":\"https:\\\/\\\/inclusivenews.com.br\\\/?p=18359\",\"name\":\"Os Anos Izabel Maior -\",\"isPartOf\":{\"@id\":\"https:\\\/\\\/inclusivenews.com.br\\\/#website\"},\"primaryImageOfPage\":{\"@id\":\"https:\\\/\\\/inclusivenews.com.br\\\/?p=18359#primaryimage\"},\"image\":{\"@id\":\"https:\\\/\\\/inclusivenews.com.br\\\/?p=18359#primaryimage\"},\"thumbnailUrl\":\"http:\\\/\\\/inclusivenews.com.br\\\/wp-content\\\/uploads\\\/2011\\\/01\\\/izabel-premio.jpg\",\"datePublished\":\"2011-01-18T04:10:06+00:00\",\"breadcrumb\":{\"@id\":\"https:\\\/\\\/inclusivenews.com.br\\\/?p=18359#breadcrumb\"},\"inLanguage\":\"pt-PT\",\"potentialAction\":[{\"@type\":\"ReadAction\",\"target\":[\"https:\\\/\\\/inclusivenews.com.br\\\/?p=18359\"]}]},{\"@type\":\"ImageObject\",\"inLanguage\":\"pt-PT\",\"@id\":\"https:\\\/\\\/inclusivenews.com.br\\\/?p=18359#primaryimage\",\"url\":\"\",\"contentUrl\":\"\"},{\"@type\":\"BreadcrumbList\",\"@id\":\"https:\\\/\\\/inclusivenews.com.br\\\/?p=18359#breadcrumb\",\"itemListElement\":[{\"@type\":\"ListItem\",\"position\":1,\"name\":\"In\u00edcio\",\"item\":\"https:\\\/\\\/inclusivenews.com.br\\\/\"},{\"@type\":\"ListItem\",\"position\":2,\"name\":\"Os Anos Izabel Maior\"}]},{\"@type\":\"WebSite\",\"@id\":\"https:\\\/\\\/inclusivenews.com.br\\\/#website\",\"url\":\"https:\\\/\\\/inclusivenews.com.br\\\/\",\"name\":\"Inclusive News\",\"description\":\"Inclusive News\",\"publisher\":{\"@id\":\"https:\\\/\\\/inclusivenews.com.br\\\/#organization\"},\"potentialAction\":[{\"@type\":\"SearchAction\",\"target\":{\"@type\":\"EntryPoint\",\"urlTemplate\":\"https:\\\/\\\/inclusivenews.com.br\\\/?s={search_term_string}\"},\"query-input\":{\"@type\":\"PropertyValueSpecification\",\"valueRequired\":true,\"valueName\":\"search_term_string\"}}],\"inLanguage\":\"pt-PT\"},{\"@type\":\"Organization\",\"@id\":\"https:\\\/\\\/inclusivenews.com.br\\\/#organization\",\"name\":\"Inclusive - inclus\u00e3o e cidadania\",\"url\":\"https:\\\/\\\/inclusivenews.com.br\\\/\",\"logo\":{\"@type\":\"ImageObject\",\"inLanguage\":\"pt-PT\",\"@id\":\"https:\\\/\\\/inclusivenews.com.br\\\/#\\\/schema\\\/logo\\\/image\\\/\",\"url\":\"https:\\\/\\\/inclusivenews.com.br\\\/wp-content\\\/uploads\\\/2024\\\/03\\\/@grandesite.png\",\"contentUrl\":\"https:\\\/\\\/inclusivenews.com.br\\\/wp-content\\\/uploads\\\/2024\\\/03\\\/@grandesite.png\",\"width\":1080,\"height\":1080,\"caption\":\"Inclusive - inclus\u00e3o e cidadania\"},\"image\":{\"@id\":\"https:\\\/\\\/inclusivenews.com.br\\\/#\\\/schema\\\/logo\\\/image\\\/\"},\"sameAs\":[\"https:\\\/\\\/www.facebook.com\\\/agenciainclusive\\\/\",\"https:\\\/\\\/www.instagram.com\\\/newsinclusive\\\/\"]},{\"@type\":\"Person\",\"@id\":\"https:\\\/\\\/inclusivenews.com.br\\\/#\\\/schema\\\/person\\\/ae4ec7087559b8692fb33b6fffd2273b\",\"name\":\"inclusivenews2024\",\"image\":{\"@type\":\"ImageObject\",\"inLanguage\":\"pt-PT\",\"@id\":\"https:\\\/\\\/secure.gravatar.com\\\/avatar\\\/c5a7ef84c66fa914f55bc4f7ce26cfa275a3b9a1c5568b907bd184fb4dde7b40?s=96&d=mm&r=g\",\"url\":\"https:\\\/\\\/secure.gravatar.com\\\/avatar\\\/c5a7ef84c66fa914f55bc4f7ce26cfa275a3b9a1c5568b907bd184fb4dde7b40?s=96&d=mm&r=g\",\"contentUrl\":\"https:\\\/\\\/secure.gravatar.com\\\/avatar\\\/c5a7ef84c66fa914f55bc4f7ce26cfa275a3b9a1c5568b907bd184fb4dde7b40?s=96&d=mm&r=g\",\"caption\":\"inclusivenews2024\"},\"sameAs\":[\"https:\\\/\\\/inclusivenews.com.br\"],\"url\":\"https:\\\/\\\/inclusivenews.com.br\\\/?author=1\"}]}<\/script>\n<!-- \/ Yoast SEO plugin. -->","yoast_head_json":{"title":"Os Anos Izabel Maior -","robots":{"index":"index","follow":"follow","max-snippet":"max-snippet:-1","max-image-preview":"max-image-preview:large","max-video-preview":"max-video-preview:-1"},"canonical":"https:\/\/inclusivenews.com.br\/?p=18359","og_locale":"pt_PT","og_type":"article","og_title":"Os Anos Izabel Maior -","og_description":"Depois de 8 anos e tr\u00eas meses, Izabel Maior sai da Secretaria Nacional de Promo\u00e7\u00e3o dos Direitos da Pessoa com Defici\u00eancia deixando muitas realiza\u00e7\u00f5es e saudades.","og_url":"https:\/\/inclusivenews.com.br\/?p=18359","article_publisher":"https:\/\/www.facebook.com\/agenciainclusive\/","article_published_time":"2011-01-18T04:10:06+00:00","og_image":[{"url":"http:\/\/inclusivenews.com.br\/wp-content\/uploads\/2011\/01\/izabel-premio.jpg","type":"","width":"","height":""}],"author":"inclusivenews2024","twitter_card":"summary_large_image","twitter_misc":{"Escrito por":"inclusivenews2024","Tempo estimado de leitura":"4 minutos"},"schema":{"@context":"https:\/\/schema.org","@graph":[{"@type":"Article","@id":"https:\/\/inclusivenews.com.br\/?p=18359#article","isPartOf":{"@id":"https:\/\/inclusivenews.com.br\/?p=18359"},"author":{"name":"inclusivenews2024","@id":"https:\/\/inclusivenews.com.br\/#\/schema\/person\/ae4ec7087559b8692fb33b6fffd2273b"},"headline":"Os Anos Izabel Maior","datePublished":"2011-01-18T04:10:06+00:00","mainEntityOfPage":{"@id":"https:\/\/inclusivenews.com.br\/?p=18359"},"wordCount":864,"publisher":{"@id":"https:\/\/inclusivenews.com.br\/#organization"},"image":{"@id":"https:\/\/inclusivenews.com.br\/?p=18359#primaryimage"},"thumbnailUrl":"http:\/\/inclusivenews.com.br\/wp-content\/uploads\/2011\/01\/izabel-premio.jpg","articleSection":["+ De nossa parte","Defici\u00eancia","NOT\u00cdCIAS","OPINI\u00c3O"],"inLanguage":"pt-PT"},{"@type":"WebPage","@id":"https:\/\/inclusivenews.com.br\/?p=18359","url":"https:\/\/inclusivenews.com.br\/?p=18359","name":"Os Anos Izabel Maior -","isPartOf":{"@id":"https:\/\/inclusivenews.com.br\/#website"},"primaryImageOfPage":{"@id":"https:\/\/inclusivenews.com.br\/?p=18359#primaryimage"},"image":{"@id":"https:\/\/inclusivenews.com.br\/?p=18359#primaryimage"},"thumbnailUrl":"http:\/\/inclusivenews.com.br\/wp-content\/uploads\/2011\/01\/izabel-premio.jpg","datePublished":"2011-01-18T04:10:06+00:00","breadcrumb":{"@id":"https:\/\/inclusivenews.com.br\/?p=18359#breadcrumb"},"inLanguage":"pt-PT","potentialAction":[{"@type":"ReadAction","target":["https:\/\/inclusivenews.com.br\/?p=18359"]}]},{"@type":"ImageObject","inLanguage":"pt-PT","@id":"https:\/\/inclusivenews.com.br\/?p=18359#primaryimage","url":"","contentUrl":""},{"@type":"BreadcrumbList","@id":"https:\/\/inclusivenews.com.br\/?p=18359#breadcrumb","itemListElement":[{"@type":"ListItem","position":1,"name":"In\u00edcio","item":"https:\/\/inclusivenews.com.br\/"},{"@type":"ListItem","position":2,"name":"Os Anos Izabel Maior"}]},{"@type":"WebSite","@id":"https:\/\/inclusivenews.com.br\/#website","url":"https:\/\/inclusivenews.com.br\/","name":"Inclusive News","description":"Inclusive News","publisher":{"@id":"https:\/\/inclusivenews.com.br\/#organization"},"potentialAction":[{"@type":"SearchAction","target":{"@type":"EntryPoint","urlTemplate":"https:\/\/inclusivenews.com.br\/?s={search_term_string}"},"query-input":{"@type":"PropertyValueSpecification","valueRequired":true,"valueName":"search_term_string"}}],"inLanguage":"pt-PT"},{"@type":"Organization","@id":"https:\/\/inclusivenews.com.br\/#organization","name":"Inclusive - inclus\u00e3o e cidadania","url":"https:\/\/inclusivenews.com.br\/","logo":{"@type":"ImageObject","inLanguage":"pt-PT","@id":"https:\/\/inclusivenews.com.br\/#\/schema\/logo\/image\/","url":"https:\/\/inclusivenews.com.br\/wp-content\/uploads\/2024\/03\/@grandesite.png","contentUrl":"https:\/\/inclusivenews.com.br\/wp-content\/uploads\/2024\/03\/@grandesite.png","width":1080,"height":1080,"caption":"Inclusive - inclus\u00e3o e cidadania"},"image":{"@id":"https:\/\/inclusivenews.com.br\/#\/schema\/logo\/image\/"},"sameAs":["https:\/\/www.facebook.com\/agenciainclusive\/","https:\/\/www.instagram.com\/newsinclusive\/"]},{"@type":"Person","@id":"https:\/\/inclusivenews.com.br\/#\/schema\/person\/ae4ec7087559b8692fb33b6fffd2273b","name":"inclusivenews2024","image":{"@type":"ImageObject","inLanguage":"pt-PT","@id":"https:\/\/secure.gravatar.com\/avatar\/c5a7ef84c66fa914f55bc4f7ce26cfa275a3b9a1c5568b907bd184fb4dde7b40?s=96&d=mm&r=g","url":"https:\/\/secure.gravatar.com\/avatar\/c5a7ef84c66fa914f55bc4f7ce26cfa275a3b9a1c5568b907bd184fb4dde7b40?s=96&d=mm&r=g","contentUrl":"https:\/\/secure.gravatar.com\/avatar\/c5a7ef84c66fa914f55bc4f7ce26cfa275a3b9a1c5568b907bd184fb4dde7b40?s=96&d=mm&r=g","caption":"inclusivenews2024"},"sameAs":["https:\/\/inclusivenews.com.br"],"url":"https:\/\/inclusivenews.com.br\/?author=1"}]}},"_links":{"self":[{"href":"https:\/\/inclusivenews.com.br\/index.php?rest_route=\/wp\/v2\/posts\/18359","targetHints":{"allow":["GET"]}}],"collection":[{"href":"https:\/\/inclusivenews.com.br\/index.php?rest_route=\/wp\/v2\/posts"}],"about":[{"href":"https:\/\/inclusivenews.com.br\/index.php?rest_route=\/wp\/v2\/types\/post"}],"author":[{"embeddable":true,"href":"https:\/\/inclusivenews.com.br\/index.php?rest_route=\/wp\/v2\/users\/1"}],"replies":[{"embeddable":true,"href":"https:\/\/inclusivenews.com.br\/index.php?rest_route=%2Fwp%2Fv2%2Fcomments&post=18359"}],"version-history":[{"count":0,"href":"https:\/\/inclusivenews.com.br\/index.php?rest_route=\/wp\/v2\/posts\/18359\/revisions"}],"wp:attachment":[{"href":"https:\/\/inclusivenews.com.br\/index.php?rest_route=%2Fwp%2Fv2%2Fmedia&parent=18359"}],"wp:term":[{"taxonomy":"category","embeddable":true,"href":"https:\/\/inclusivenews.com.br\/index.php?rest_route=%2Fwp%2Fv2%2Fcategories&post=18359"},{"taxonomy":"post_tag","embeddable":true,"href":"https:\/\/inclusivenews.com.br\/index.php?rest_route=%2Fwp%2Fv2%2Ftags&post=18359"}],"curies":[{"name":"wp","href":"https:\/\/api.w.org\/{rel}","templated":true}]}}