{"id":18366,"date":"2011-01-20T07:19:28","date_gmt":"2011-01-20T10:19:28","guid":{"rendered":"http:\/\/www.inclusive.org.br\/?p=18366"},"modified":"2011-01-20T07:19:28","modified_gmt":"2011-01-20T10:19:28","slug":"congresso-nacional-de-direito-homoafetivo-23-2503","status":"publish","type":"post","link":"https:\/\/inclusivenews.com.br\/?p=18366","title":{"rendered":"Congresso Nacional de Direito Homoafetivo (23-25\/03)"},"content":{"rendered":"<figure style=\"width: 94px\" class=\"wp-caption alignleft\"><img loading=\"lazy\" decoding=\"async\" class=\" \" title=\"Logotipo do Grupo de Trabalho de Diversidade Sexual e Combate \u00e0 Homofobia\" src=\"http:\/\/www.congressodirhomoafetivo.net\/images\/logo-grupo.jpg\" alt=\"Logotipo do Grupo de Trabalho de Diversidade Sexual e Combate \u00e0 Homofobia\" width=\"94\" height=\"93\" \/><figcaption class=\"wp-caption-text\"> <\/figcaption><\/figure>\n<p>O Direito Homoafetivo tem se desenvolvido como um novo ramo do Direito, com todo um arcabou\u00e7o de prote\u00e7\u00e3o Jur\u00eddica que passa pelas rela\u00e7\u00f5es familiares, de direito pessoal, sucess\u00f3rio, previdenci\u00e1rio, criminal, entre outras.<\/p>\n<p>Atentos \u00e0s transforma\u00e7\u00f5es sociais, o IBDFAM &#8211; Instituto Brasileiro de Direito de Fam\u00edlia &#8211; atrav\u00e9s de sua Comiss\u00e3o da Diversidade Sexual e Direito Homoafetivo, a OAB\/RJ, e as diversas Seccionais da Ordem dos Advogados do Brasil, atrav\u00e9s de seus Grupos de Trabalho e Comiss\u00f5es de Diversidade Sexual e Combate \u00e0 Homofobia, apoiam o I Congresso Nacional de Direito Homoafetivo, coordenado pela Dra. Maria Berenice Dias.<\/p>\n<p>O Evento ocorrer\u00e1 nos dias 23, 24 e 25 de mar\u00e7o de 2011, na Cidade do Rio de Janeiro.<\/p>\n<p><a href=\"http:\/\/www.congressodirhomoafetivo.net\/Congresso%20Direito%20Homoafetivo.doc\">Link para a programa\u00e7\u00e3o.<\/a><\/p>\n<p>Coordena\u00e7\u00e3o geral:<br \/>\nDra. Maria Berenice Dias<\/p>\n<p>Coordena\u00e7\u00e3o local:<br \/>\nDrs. Mar\u00edlia Arruda, Ana Gerbase, Patr\u00edcia Sanches, Raquel Castro, Silvana Monte<\/p>\n<p>Realiza\u00e7\u00e3o:<br \/>\nComiss\u00e3o da Diversidade e Direito Homoafetivo do IBDFAM;<\/p>\n<p>Grupo de Trabalho da Diversidade Sexual e Combate \u00e0 Homofobia \u2013 Comiss\u00e3o de Direitos Humanos da OAB\/RJ.<\/p>\n","protected":false},"excerpt":{"rendered":"<p>O IBDFAM &#8211; Instituto Brasileiro de Direito de Fam\u00edlia e a Ordem dos Advogados do Brasil, atrav\u00e9s de seus Grupos de Trabalho e Comiss\u00f5es de Diversidade Sexual e Combate \u00e0 Homofobia, apoiam o I Congresso Nacional de Direito Homoafetivo, coordenado pela Dra. Maria Berenice Dias.<\/p>\n","protected":false},"author":1,"featured_media":0,"comment_status":"open","ping_status":"open","sticky":false,"template":"","format":"standard","meta":{"site-container-style":"default","site-container-layout":"default","site-sidebar-layout":"default","disable-article-header":"default","disable-site-header":"default","disable-site-footer":"default","disable-content-area-spacing":"default","footnotes":""},"categories":[12,4],"tags":[],"class_list":["post-18366","post","type-post","status-publish","format-standard","hentry","category-cursos-e-eventos","category-noticias"],"yoast_head":"<!-- This site is optimized with the Yoast SEO plugin v27.5 - https:\/\/yoast.com\/product\/yoast-seo-wordpress\/ -->\n<title>Congresso Nacional de Direito Homoafetivo (23-25\/03) -<\/title>\n<meta name=\"robots\" content=\"index, follow, max-snippet:-1, max-image-preview:large, max-video-preview:-1\" \/>\n<link rel=\"canonical\" href=\"https:\/\/inclusivenews.com.br\/?p=18366\" \/>\n<meta property=\"og:locale\" content=\"pt_PT\" \/>\n<meta property=\"og:type\" content=\"article\" \/>\n<meta property=\"og:title\" content=\"Congresso Nacional de Direito Homoafetivo (23-25\/03) -\" \/>\n<meta property=\"og:description\" content=\"O IBDFAM - Instituto Brasileiro de Direito de Fam\u00edlia e a Ordem dos Advogados do Brasil, atrav\u00e9s de seus Grupos de Trabalho e Comiss\u00f5es de Diversidade Sexual e Combate \u00e0 Homofobia, apoiam o I Congresso Nacional de Direito Homoafetivo, coordenado pela Dra. Maria Berenice Dias.\" \/>\n<meta property=\"og:url\" content=\"https:\/\/inclusivenews.com.br\/?p=18366\" \/>\n<meta property=\"article:publisher\" content=\"https:\/\/www.facebook.com\/agenciainclusive\/\" \/>\n<meta property=\"article:published_time\" content=\"2011-01-20T10:19:28+00:00\" \/>\n<meta property=\"og:image\" content=\"http:\/\/www.congressodirhomoafetivo.net\/images\/logo-grupo.jpg\" \/>\n<meta name=\"author\" content=\"inclusivenews2024\" \/>\n<meta name=\"twitter:card\" content=\"summary_large_image\" \/>\n<meta name=\"twitter:label1\" content=\"Escrito por\" \/>\n\t<meta name=\"twitter:data1\" content=\"inclusivenews2024\" \/>\n\t<meta name=\"twitter:label2\" content=\"Tempo estimado de leitura\" \/>\n\t<meta name=\"twitter:data2\" content=\"1 minuto\" \/>\n<script type=\"application\/ld+json\" class=\"yoast-schema-graph\">{\"@context\":\"https:\\\/\\\/schema.org\",\"@graph\":[{\"@type\":\"Article\",\"@id\":\"https:\\\/\\\/inclusivenews.com.br\\\/?p=18366#article\",\"isPartOf\":{\"@id\":\"https:\\\/\\\/inclusivenews.com.br\\\/?p=18366\"},\"author\":{\"name\":\"inclusivenews2024\",\"@id\":\"https:\\\/\\\/inclusivenews.com.br\\\/#\\\/schema\\\/person\\\/ae4ec7087559b8692fb33b6fffd2273b\"},\"headline\":\"Congresso Nacional de Direito Homoafetivo (23-25\\\/03)\",\"datePublished\":\"2011-01-20T10:19:28+00:00\",\"mainEntityOfPage\":{\"@id\":\"https:\\\/\\\/inclusivenews.com.br\\\/?p=18366\"},\"wordCount\":194,\"commentCount\":3,\"publisher\":{\"@id\":\"https:\\\/\\\/inclusivenews.com.br\\\/#organization\"},\"image\":{\"@id\":\"https:\\\/\\\/inclusivenews.com.br\\\/?p=18366#primaryimage\"},\"thumbnailUrl\":\"http:\\\/\\\/www.congressodirhomoafetivo.net\\\/images\\\/logo-grupo.jpg\",\"articleSection\":[\"Cursos e eventos\",\"NOT\u00cdCIAS\"],\"inLanguage\":\"pt-PT\",\"potentialAction\":[{\"@type\":\"CommentAction\",\"name\":\"Comment\",\"target\":[\"https:\\\/\\\/inclusivenews.com.br\\\/?p=18366#respond\"]}]},{\"@type\":\"WebPage\",\"@id\":\"https:\\\/\\\/inclusivenews.com.br\\\/?p=18366\",\"url\":\"https:\\\/\\\/inclusivenews.com.br\\\/?p=18366\",\"name\":\"Congresso Nacional de Direito Homoafetivo (23-25\\\/03) -\",\"isPartOf\":{\"@id\":\"https:\\\/\\\/inclusivenews.com.br\\\/#website\"},\"primaryImageOfPage\":{\"@id\":\"https:\\\/\\\/inclusivenews.com.br\\\/?p=18366#primaryimage\"},\"image\":{\"@id\":\"https:\\\/\\\/inclusivenews.com.br\\\/?p=18366#primaryimage\"},\"thumbnailUrl\":\"http:\\\/\\\/www.congressodirhomoafetivo.net\\\/images\\\/logo-grupo.jpg\",\"datePublished\":\"2011-01-20T10:19:28+00:00\",\"breadcrumb\":{\"@id\":\"https:\\\/\\\/inclusivenews.com.br\\\/?p=18366#breadcrumb\"},\"inLanguage\":\"pt-PT\",\"potentialAction\":[{\"@type\":\"ReadAction\",\"target\":[\"https:\\\/\\\/inclusivenews.com.br\\\/?p=18366\"]}]},{\"@type\":\"ImageObject\",\"inLanguage\":\"pt-PT\",\"@id\":\"https:\\\/\\\/inclusivenews.com.br\\\/?p=18366#primaryimage\",\"url\":\"http:\\\/\\\/www.congressodirhomoafetivo.net\\\/images\\\/logo-grupo.jpg\",\"contentUrl\":\"http:\\\/\\\/www.congressodirhomoafetivo.net\\\/images\\\/logo-grupo.jpg\"},{\"@type\":\"BreadcrumbList\",\"@id\":\"https:\\\/\\\/inclusivenews.com.br\\\/?p=18366#breadcrumb\",\"itemListElement\":[{\"@type\":\"ListItem\",\"position\":1,\"name\":\"In\u00edcio\",\"item\":\"https:\\\/\\\/inclusivenews.com.br\\\/\"},{\"@type\":\"ListItem\",\"position\":2,\"name\":\"Congresso Nacional de Direito Homoafetivo (23-25\\\/03)\"}]},{\"@type\":\"WebSite\",\"@id\":\"https:\\\/\\\/inclusivenews.com.br\\\/#website\",\"url\":\"https:\\\/\\\/inclusivenews.com.br\\\/\",\"name\":\"Inclusive News\",\"description\":\"Inclusive News\",\"publisher\":{\"@id\":\"https:\\\/\\\/inclusivenews.com.br\\\/#organization\"},\"potentialAction\":[{\"@type\":\"SearchAction\",\"target\":{\"@type\":\"EntryPoint\",\"urlTemplate\":\"https:\\\/\\\/inclusivenews.com.br\\\/?s={search_term_string}\"},\"query-input\":{\"@type\":\"PropertyValueSpecification\",\"valueRequired\":true,\"valueName\":\"search_term_string\"}}],\"inLanguage\":\"pt-PT\"},{\"@type\":\"Organization\",\"@id\":\"https:\\\/\\\/inclusivenews.com.br\\\/#organization\",\"name\":\"Inclusive - inclus\u00e3o e cidadania\",\"url\":\"https:\\\/\\\/inclusivenews.com.br\\\/\",\"logo\":{\"@type\":\"ImageObject\",\"inLanguage\":\"pt-PT\",\"@id\":\"https:\\\/\\\/inclusivenews.com.br\\\/#\\\/schema\\\/logo\\\/image\\\/\",\"url\":\"https:\\\/\\\/inclusivenews.com.br\\\/wp-content\\\/uploads\\\/2024\\\/03\\\/@grandesite.png\",\"contentUrl\":\"https:\\\/\\\/inclusivenews.com.br\\\/wp-content\\\/uploads\\\/2024\\\/03\\\/@grandesite.png\",\"width\":1080,\"height\":1080,\"caption\":\"Inclusive - inclus\u00e3o e cidadania\"},\"image\":{\"@id\":\"https:\\\/\\\/inclusivenews.com.br\\\/#\\\/schema\\\/logo\\\/image\\\/\"},\"sameAs\":[\"https:\\\/\\\/www.facebook.com\\\/agenciainclusive\\\/\",\"https:\\\/\\\/www.instagram.com\\\/newsinclusive\\\/\"]},{\"@type\":\"Person\",\"@id\":\"https:\\\/\\\/inclusivenews.com.br\\\/#\\\/schema\\\/person\\\/ae4ec7087559b8692fb33b6fffd2273b\",\"name\":\"inclusivenews2024\",\"image\":{\"@type\":\"ImageObject\",\"inLanguage\":\"pt-PT\",\"@id\":\"https:\\\/\\\/secure.gravatar.com\\\/avatar\\\/c5a7ef84c66fa914f55bc4f7ce26cfa275a3b9a1c5568b907bd184fb4dde7b40?s=96&d=mm&r=g\",\"url\":\"https:\\\/\\\/secure.gravatar.com\\\/avatar\\\/c5a7ef84c66fa914f55bc4f7ce26cfa275a3b9a1c5568b907bd184fb4dde7b40?s=96&d=mm&r=g\",\"contentUrl\":\"https:\\\/\\\/secure.gravatar.com\\\/avatar\\\/c5a7ef84c66fa914f55bc4f7ce26cfa275a3b9a1c5568b907bd184fb4dde7b40?s=96&d=mm&r=g\",\"caption\":\"inclusivenews2024\"},\"sameAs\":[\"https:\\\/\\\/inclusivenews.com.br\"],\"url\":\"https:\\\/\\\/inclusivenews.com.br\\\/?author=1\"}]}<\/script>\n<!-- \/ Yoast SEO plugin. -->","yoast_head_json":{"title":"Congresso Nacional de Direito Homoafetivo (23-25\/03) -","robots":{"index":"index","follow":"follow","max-snippet":"max-snippet:-1","max-image-preview":"max-image-preview:large","max-video-preview":"max-video-preview:-1"},"canonical":"https:\/\/inclusivenews.com.br\/?p=18366","og_locale":"pt_PT","og_type":"article","og_title":"Congresso Nacional de Direito Homoafetivo (23-25\/03) -","og_description":"O IBDFAM - Instituto Brasileiro de Direito de Fam\u00edlia e a Ordem dos Advogados do Brasil, atrav\u00e9s de seus Grupos de Trabalho e Comiss\u00f5es de Diversidade Sexual e Combate \u00e0 Homofobia, apoiam o I Congresso Nacional de Direito Homoafetivo, coordenado pela Dra. Maria Berenice Dias.","og_url":"https:\/\/inclusivenews.com.br\/?p=18366","article_publisher":"https:\/\/www.facebook.com\/agenciainclusive\/","article_published_time":"2011-01-20T10:19:28+00:00","og_image":[{"url":"http:\/\/www.congressodirhomoafetivo.net\/images\/logo-grupo.jpg","type":"","width":"","height":""}],"author":"inclusivenews2024","twitter_card":"summary_large_image","twitter_misc":{"Escrito por":"inclusivenews2024","Tempo estimado de leitura":"1 minuto"},"schema":{"@context":"https:\/\/schema.org","@graph":[{"@type":"Article","@id":"https:\/\/inclusivenews.com.br\/?p=18366#article","isPartOf":{"@id":"https:\/\/inclusivenews.com.br\/?p=18366"},"author":{"name":"inclusivenews2024","@id":"https:\/\/inclusivenews.com.br\/#\/schema\/person\/ae4ec7087559b8692fb33b6fffd2273b"},"headline":"Congresso Nacional de Direito Homoafetivo (23-25\/03)","datePublished":"2011-01-20T10:19:28+00:00","mainEntityOfPage":{"@id":"https:\/\/inclusivenews.com.br\/?p=18366"},"wordCount":194,"commentCount":3,"publisher":{"@id":"https:\/\/inclusivenews.com.br\/#organization"},"image":{"@id":"https:\/\/inclusivenews.com.br\/?p=18366#primaryimage"},"thumbnailUrl":"http:\/\/www.congressodirhomoafetivo.net\/images\/logo-grupo.jpg","articleSection":["Cursos e eventos","NOT\u00cdCIAS"],"inLanguage":"pt-PT","potentialAction":[{"@type":"CommentAction","name":"Comment","target":["https:\/\/inclusivenews.com.br\/?p=18366#respond"]}]},{"@type":"WebPage","@id":"https:\/\/inclusivenews.com.br\/?p=18366","url":"https:\/\/inclusivenews.com.br\/?p=18366","name":"Congresso Nacional de Direito Homoafetivo (23-25\/03) -","isPartOf":{"@id":"https:\/\/inclusivenews.com.br\/#website"},"primaryImageOfPage":{"@id":"https:\/\/inclusivenews.com.br\/?p=18366#primaryimage"},"image":{"@id":"https:\/\/inclusivenews.com.br\/?p=18366#primaryimage"},"thumbnailUrl":"http:\/\/www.congressodirhomoafetivo.net\/images\/logo-grupo.jpg","datePublished":"2011-01-20T10:19:28+00:00","breadcrumb":{"@id":"https:\/\/inclusivenews.com.br\/?p=18366#breadcrumb"},"inLanguage":"pt-PT","potentialAction":[{"@type":"ReadAction","target":["https:\/\/inclusivenews.com.br\/?p=18366"]}]},{"@type":"ImageObject","inLanguage":"pt-PT","@id":"https:\/\/inclusivenews.com.br\/?p=18366#primaryimage","url":"http:\/\/www.congressodirhomoafetivo.net\/images\/logo-grupo.jpg","contentUrl":"http:\/\/www.congressodirhomoafetivo.net\/images\/logo-grupo.jpg"},{"@type":"BreadcrumbList","@id":"https:\/\/inclusivenews.com.br\/?p=18366#breadcrumb","itemListElement":[{"@type":"ListItem","position":1,"name":"In\u00edcio","item":"https:\/\/inclusivenews.com.br\/"},{"@type":"ListItem","position":2,"name":"Congresso Nacional de Direito Homoafetivo (23-25\/03)"}]},{"@type":"WebSite","@id":"https:\/\/inclusivenews.com.br\/#website","url":"https:\/\/inclusivenews.com.br\/","name":"Inclusive News","description":"Inclusive News","publisher":{"@id":"https:\/\/inclusivenews.com.br\/#organization"},"potentialAction":[{"@type":"SearchAction","target":{"@type":"EntryPoint","urlTemplate":"https:\/\/inclusivenews.com.br\/?s={search_term_string}"},"query-input":{"@type":"PropertyValueSpecification","valueRequired":true,"valueName":"search_term_string"}}],"inLanguage":"pt-PT"},{"@type":"Organization","@id":"https:\/\/inclusivenews.com.br\/#organization","name":"Inclusive - inclus\u00e3o e cidadania","url":"https:\/\/inclusivenews.com.br\/","logo":{"@type":"ImageObject","inLanguage":"pt-PT","@id":"https:\/\/inclusivenews.com.br\/#\/schema\/logo\/image\/","url":"https:\/\/inclusivenews.com.br\/wp-content\/uploads\/2024\/03\/@grandesite.png","contentUrl":"https:\/\/inclusivenews.com.br\/wp-content\/uploads\/2024\/03\/@grandesite.png","width":1080,"height":1080,"caption":"Inclusive - inclus\u00e3o e cidadania"},"image":{"@id":"https:\/\/inclusivenews.com.br\/#\/schema\/logo\/image\/"},"sameAs":["https:\/\/www.facebook.com\/agenciainclusive\/","https:\/\/www.instagram.com\/newsinclusive\/"]},{"@type":"Person","@id":"https:\/\/inclusivenews.com.br\/#\/schema\/person\/ae4ec7087559b8692fb33b6fffd2273b","name":"inclusivenews2024","image":{"@type":"ImageObject","inLanguage":"pt-PT","@id":"https:\/\/secure.gravatar.com\/avatar\/c5a7ef84c66fa914f55bc4f7ce26cfa275a3b9a1c5568b907bd184fb4dde7b40?s=96&d=mm&r=g","url":"https:\/\/secure.gravatar.com\/avatar\/c5a7ef84c66fa914f55bc4f7ce26cfa275a3b9a1c5568b907bd184fb4dde7b40?s=96&d=mm&r=g","contentUrl":"https:\/\/secure.gravatar.com\/avatar\/c5a7ef84c66fa914f55bc4f7ce26cfa275a3b9a1c5568b907bd184fb4dde7b40?s=96&d=mm&r=g","caption":"inclusivenews2024"},"sameAs":["https:\/\/inclusivenews.com.br"],"url":"https:\/\/inclusivenews.com.br\/?author=1"}]}},"_links":{"self":[{"href":"https:\/\/inclusivenews.com.br\/index.php?rest_route=\/wp\/v2\/posts\/18366","targetHints":{"allow":["GET"]}}],"collection":[{"href":"https:\/\/inclusivenews.com.br\/index.php?rest_route=\/wp\/v2\/posts"}],"about":[{"href":"https:\/\/inclusivenews.com.br\/index.php?rest_route=\/wp\/v2\/types\/post"}],"author":[{"embeddable":true,"href":"https:\/\/inclusivenews.com.br\/index.php?rest_route=\/wp\/v2\/users\/1"}],"replies":[{"embeddable":true,"href":"https:\/\/inclusivenews.com.br\/index.php?rest_route=%2Fwp%2Fv2%2Fcomments&post=18366"}],"version-history":[{"count":0,"href":"https:\/\/inclusivenews.com.br\/index.php?rest_route=\/wp\/v2\/posts\/18366\/revisions"}],"wp:attachment":[{"href":"https:\/\/inclusivenews.com.br\/index.php?rest_route=%2Fwp%2Fv2%2Fmedia&parent=18366"}],"wp:term":[{"taxonomy":"category","embeddable":true,"href":"https:\/\/inclusivenews.com.br\/index.php?rest_route=%2Fwp%2Fv2%2Fcategories&post=18366"},{"taxonomy":"post_tag","embeddable":true,"href":"https:\/\/inclusivenews.com.br\/index.php?rest_route=%2Fwp%2Fv2%2Ftags&post=18366"}],"curies":[{"name":"wp","href":"https:\/\/api.w.org\/{rel}","templated":true}]}}