{"id":18382,"date":"2011-01-21T15:50:43","date_gmt":"2011-01-21T18:50:43","guid":{"rendered":"http:\/\/www.inclusive.org.br\/?p=18382"},"modified":"2011-01-21T15:50:43","modified_gmt":"2011-01-21T18:50:43","slug":"ministra-anuncia-criacao-de-comites-emergenciais-para-proteger-as-criancas-vitimas-das-enchentes-no-rio","status":"publish","type":"post","link":"https:\/\/inclusivenews.com.br\/?p=18382","title":{"rendered":"Ministra anuncia cria\u00e7\u00e3o de comit\u00eas emergenciais para proteger as crian\u00e7as v\u00edtimas das enchentes no Rio"},"content":{"rendered":"<figure id=\"attachment_18383\" aria-describedby=\"caption-attachment-18383\" style=\"width: 356px\" class=\"wp-caption alignleft\"><a href=\"http:\/\/www.inclusivenews.com.br\/wp-content\/uploads\/2011\/01\/enchente.jpg\"><img loading=\"lazy\" decoding=\"async\" class=\"size-full wp-image-18383    \" title=\"enchente\" src=\"http:\/\/inclusivenews.com.br\/wp-content\/uploads\/2011\/01\/enchente.jpg\" alt=\"A Minsitra Maria do Rosario e dois outros homens, agachados, conversam com m\u00e3e com filho no colo, em abrigo\" width=\"356\" height=\"284\" \/><\/a><figcaption id=\"caption-attachment-18383\" class=\"wp-caption-text\">A Minsitra Maria do Rosario e dois outros homens, agachados, conversam com m\u00e3e com filho no colo, em abrigo<\/figcaption><\/figure>\n<p>Iniciativa, in\u00e9dita no Brasil, servir\u00e1 como refer\u00eancia para novas a\u00e7\u00f5es  do g\u00eanero e est\u00e1 de acordo com a determina\u00e7\u00e3o da presidenta Dilma  Rousseff de priorizar a\u00e7\u00f5es que defendam e promovam os direitos de  crian\u00e7as e adolescentes<\/p>\n<p>A ministra-chefe da Secretaria de Direitos Humanos da Presid\u00eancia da  Rep\u00fablica (SDH\/PR), Maria do Ros\u00e1rio, anunciou nesta quarta-feira (19) a  cria\u00e7\u00e3o de comit\u00eas emergenciais para a prote\u00e7\u00e3o de crian\u00e7as e  adolescentes em cada cidade atingida pelas tempestades no Rio de  Janeiro. A iniciativa, in\u00e9dita no Brasil, servir\u00e1 como refer\u00eancia para  novas a\u00e7\u00f5es do g\u00eanero e est\u00e1 de acordo com a determina\u00e7\u00e3o da presidenta  Dilma Rousseff de priorizar a\u00e7\u00f5es que defendam e promovam os direitos de  crian\u00e7as e adolescentes.<\/p>\n<p>\u201cNas situa\u00e7\u00f5es de calamidade p\u00fablica,  as crian\u00e7as e adolescentes s\u00e3o sempre as mais atingidas. \u00c9 necess\u00e1rio  que tudo seja feito para minimizar o sofrimento e as perdas. Esse \u00e9 o  objetivo da a\u00e7\u00e3o que agrega a Uni\u00e3o, o Estado e os munic\u00edpios. Todos os  procedimentos devem ser articulados para que prevale\u00e7a o superior  interesse das crian\u00e7as e adolescentes. Isso inclui as a\u00e7\u00f5es dos  Conselhos Tutelares e \u00f3rg\u00e3os de Justi\u00e7a\u201d, afirmou a ministra.<\/p>\n<p>A  proposta de cria\u00e7\u00e3o dos comit\u00eas foi constru\u00edda em conjunto com o  Minist\u00e9rio do Desenvolvimento Social e Combate \u00e0 Fome, com o governo  estadual, atrav\u00e9s do secret\u00e1rio de Assist\u00eancia Social e Direitos  Humanos, Rodrigo Neves, e autoridades locais.<\/p>\n<p>Os comit\u00eas ser\u00e3o  formados por representantes dos governos federal, estadual e das cidades  afetadas \u2013 Teres\u00f3polis, Petr\u00f3polis e Nova Friburgo. Tamb\u00e9m integram a  a\u00e7\u00e3o o Minist\u00e9rio P\u00fablico, ju\u00edzes das varas da Inf\u00e2ncia, a Ordem dos  Advogados do Brasil (OAB), Conselhos de Direitos da Crian\u00e7a, Conselhos  Tutelares e entidades de defesa da inf\u00e2ncia.<\/p>\n<p>Entre as tarefas de  cada comit\u00ea est\u00e1 a elabora\u00e7\u00e3o de um diagn\u00f3stico preciso da situa\u00e7\u00e3o de  todas as crian\u00e7as e adolescentes em situa\u00e7\u00e3o de risco e suas fam\u00edlias. A  SDH indicou um procedimento a ser seguido. A primeira a\u00e7\u00e3o deve ser a  busca de familiares das crian\u00e7as. N\u00e3o se concretizando isso, cada  crian\u00e7a deve ser encaminhada para uma institui\u00e7\u00e3o especializada, sob  responsabilidade do governo estadual. No caso das fam\u00edlias que se  encontram em alojamentos coletivos, o n\u00facleo familiar deve ser  preservado e cada crian\u00e7a dever\u00e1 estar sob responsabilidade legal de  parentes adultos.<\/p>\n<p><strong>Teres\u00f3polis<\/strong> \u2013 Maria do Ros\u00e1rio  chegou a Teres\u00f3polis no final da manh\u00e3 desta quarta-feira (19), depois  de sobrevoar a regi\u00e3o castigada pelas chuvas e deslizamentos de terra.<\/p>\n<p>Na  prefeitura municipal, a ministra foi recebida pelo prefeito Jorge M\u00e1rio  e por dezenas de entidades de defesa da inf\u00e2ncia, que relataram a  situa\u00e7\u00e3o no munic\u00edpio. \u201cEstamos cientes de que as medidas necess\u00e1rias  est\u00e3o sendo plenamente tomadas pelo governo do estado e as prefeituras. A  informa\u00e7\u00e3o que recebemos da Justi\u00e7a e do Minist\u00e9rio P\u00fablico \u00e9 de que as  2.892 crian\u00e7as desalojadas pelas chuvas em Teres\u00f3polis foram  identificadas e est\u00e3o com um familiar que atende como guardi\u00e3o. A  maioria est\u00e1 com um dos pais ou ambos. Mas todos est\u00e3o com um  respons\u00e1vel da pr\u00f3pria fam\u00edlia, o que nos tranquiliza\u201d, esclareceu Maria  do Ros\u00e1rio.<\/p>\n<p>A ministra disse ainda que o levantamento ser\u00e1  feito em todos os munic\u00edpios atingidos. \u201cTodas as pol\u00edticas adotadas s\u00e3o  emergencais e transit\u00f3rias, visando o bem da crian\u00e7a&#8221;, ressaltou.<\/p>\n<p>Ap\u00f3s  a reuni\u00e3o, a ministra visitou um abrigo montado no dep\u00f3sito de uma  empresa de bebidas, no bairro Meudon, onde est\u00e3o alojadas cerca de 400  pessoas. Tamb\u00e9m em Teres\u00f3polis, Maria do Ros\u00e1rio teve encontro com o  vice-governador do Rio de Janeiro, Luiz Fernando Pez\u00e3o, que agradeceu a  aten\u00e7\u00e3o do governo federal. &#8220;O governo da presidenta Dilma tem sido  exemplar no apoio, estando presente desde o primeiro momento&#8221;, destacou  Pez\u00e3o.<\/p>\n<p><strong>Nova Friburgo<\/strong> \u2013 Ap\u00f3s visitar Teres\u00f3polis,  a ministra seguiu para o munic\u00edpio de Nova Friburgo, onde visitou uma  institui\u00e7\u00e3o que recebe crian\u00e7as. Segundo informa\u00e7\u00f5es das autoridades do  munic\u00edpio, dos 1.157 abrigados, 290 s\u00e3o adolescentes e 230 s\u00e3o crian\u00e7as.<\/p>\n<p><strong>Demais cidades <\/strong>\u2013  As autoridades recomendaram que a a\u00e7\u00e3o seja estendida a todos os  munic\u00edpios atingidos. Al\u00e9m de Teres\u00f3polis e Nova Friburgo, as cidades de  Petr\u00f3polis, Areal, Sumidouro, Bom Jardim e S\u00e3o Jos\u00e9 do Rio Preto tamb\u00e9m  sofreram fortemente as consequ\u00eancias das chuvas que castigaram a regi\u00e3o  serrana do Rio na \u00faltima semana.<\/p>\n","protected":false},"excerpt":{"rendered":"<p>Iniciativa, in\u00e9dita no Brasil, servir\u00e1 como refer\u00eancia para novas a\u00e7\u00f5es do g\u00eanero e est\u00e1 de acordo com a determina\u00e7\u00e3o de priorizar a\u00e7\u00f5es que defendam e promovam os direitos de crian\u00e7as e adolescentes<\/p>\n","protected":false},"author":1,"featured_media":0,"comment_status":"open","ping_status":"open","sticky":false,"template":"","format":"standard","meta":{"site-container-style":"default","site-container-layout":"default","site-sidebar-layout":"default","disable-article-header":"default","disable-site-header":"default","disable-site-footer":"default","disable-content-area-spacing":"default","footnotes":""},"categories":[11,4],"tags":[],"class_list":["post-18382","post","type-post","status-publish","format-standard","hentry","category-direitos-humanos","category-noticias"],"yoast_head":"<!-- This site is optimized with the Yoast SEO plugin v27.4 - https:\/\/yoast.com\/product\/yoast-seo-wordpress\/ -->\n<title>Ministra anuncia cria\u00e7\u00e3o de comit\u00eas emergenciais para proteger as crian\u00e7as v\u00edtimas das enchentes no Rio -<\/title>\n<meta name=\"robots\" content=\"index, follow, max-snippet:-1, max-image-preview:large, max-video-preview:-1\" \/>\n<link rel=\"canonical\" href=\"https:\/\/inclusivenews.com.br\/?p=18382\" \/>\n<meta property=\"og:locale\" content=\"pt_PT\" \/>\n<meta property=\"og:type\" content=\"article\" \/>\n<meta property=\"og:title\" content=\"Ministra anuncia cria\u00e7\u00e3o de comit\u00eas emergenciais para proteger as crian\u00e7as v\u00edtimas das enchentes no Rio -\" \/>\n<meta property=\"og:description\" content=\"Iniciativa, in\u00e9dita no Brasil, servir\u00e1 como refer\u00eancia para novas a\u00e7\u00f5es do g\u00eanero e est\u00e1 de acordo com a determina\u00e7\u00e3o de priorizar a\u00e7\u00f5es que defendam e promovam os direitos de crian\u00e7as e adolescentes\" \/>\n<meta property=\"og:url\" content=\"https:\/\/inclusivenews.com.br\/?p=18382\" \/>\n<meta property=\"article:publisher\" content=\"https:\/\/www.facebook.com\/agenciainclusive\/\" \/>\n<meta property=\"article:published_time\" content=\"2011-01-21T18:50:43+00:00\" \/>\n<meta property=\"og:image\" content=\"http:\/\/inclusivenews.com.br\/wp-content\/uploads\/2011\/01\/enchente.jpg\" \/>\n<meta name=\"author\" content=\"inclusivenews2024\" \/>\n<meta name=\"twitter:card\" content=\"summary_large_image\" \/>\n<meta name=\"twitter:label1\" content=\"Escrito por\" \/>\n\t<meta name=\"twitter:data1\" content=\"inclusivenews2024\" \/>\n\t<meta name=\"twitter:label2\" content=\"Tempo estimado de leitura\" \/>\n\t<meta name=\"twitter:data2\" content=\"4 minutos\" \/>\n<script type=\"application\/ld+json\" class=\"yoast-schema-graph\">{\"@context\":\"https:\\\/\\\/schema.org\",\"@graph\":[{\"@type\":\"Article\",\"@id\":\"https:\\\/\\\/inclusivenews.com.br\\\/?p=18382#article\",\"isPartOf\":{\"@id\":\"https:\\\/\\\/inclusivenews.com.br\\\/?p=18382\"},\"author\":{\"name\":\"inclusivenews2024\",\"@id\":\"https:\\\/\\\/inclusivenews.com.br\\\/#\\\/schema\\\/person\\\/ae4ec7087559b8692fb33b6fffd2273b\"},\"headline\":\"Ministra anuncia cria\u00e7\u00e3o de comit\u00eas emergenciais para proteger as crian\u00e7as v\u00edtimas das enchentes no Rio\",\"datePublished\":\"2011-01-21T18:50:43+00:00\",\"mainEntityOfPage\":{\"@id\":\"https:\\\/\\\/inclusivenews.com.br\\\/?p=18382\"},\"wordCount\":842,\"commentCount\":0,\"publisher\":{\"@id\":\"https:\\\/\\\/inclusivenews.com.br\\\/#organization\"},\"image\":{\"@id\":\"https:\\\/\\\/inclusivenews.com.br\\\/?p=18382#primaryimage\"},\"thumbnailUrl\":\"http:\\\/\\\/inclusivenews.com.br\\\/wp-content\\\/uploads\\\/2011\\\/01\\\/enchente.jpg\",\"articleSection\":[\"DIREITOS HUMANOS\",\"NOT\u00cdCIAS\"],\"inLanguage\":\"pt-PT\",\"potentialAction\":[{\"@type\":\"CommentAction\",\"name\":\"Comment\",\"target\":[\"https:\\\/\\\/inclusivenews.com.br\\\/?p=18382#respond\"]}]},{\"@type\":\"WebPage\",\"@id\":\"https:\\\/\\\/inclusivenews.com.br\\\/?p=18382\",\"url\":\"https:\\\/\\\/inclusivenews.com.br\\\/?p=18382\",\"name\":\"Ministra anuncia cria\u00e7\u00e3o de comit\u00eas emergenciais para proteger as crian\u00e7as v\u00edtimas das enchentes no Rio -\",\"isPartOf\":{\"@id\":\"https:\\\/\\\/inclusivenews.com.br\\\/#website\"},\"primaryImageOfPage\":{\"@id\":\"https:\\\/\\\/inclusivenews.com.br\\\/?p=18382#primaryimage\"},\"image\":{\"@id\":\"https:\\\/\\\/inclusivenews.com.br\\\/?p=18382#primaryimage\"},\"thumbnailUrl\":\"http:\\\/\\\/inclusivenews.com.br\\\/wp-content\\\/uploads\\\/2011\\\/01\\\/enchente.jpg\",\"datePublished\":\"2011-01-21T18:50:43+00:00\",\"breadcrumb\":{\"@id\":\"https:\\\/\\\/inclusivenews.com.br\\\/?p=18382#breadcrumb\"},\"inLanguage\":\"pt-PT\",\"potentialAction\":[{\"@type\":\"ReadAction\",\"target\":[\"https:\\\/\\\/inclusivenews.com.br\\\/?p=18382\"]}]},{\"@type\":\"ImageObject\",\"inLanguage\":\"pt-PT\",\"@id\":\"https:\\\/\\\/inclusivenews.com.br\\\/?p=18382#primaryimage\",\"url\":\"\",\"contentUrl\":\"\"},{\"@type\":\"BreadcrumbList\",\"@id\":\"https:\\\/\\\/inclusivenews.com.br\\\/?p=18382#breadcrumb\",\"itemListElement\":[{\"@type\":\"ListItem\",\"position\":1,\"name\":\"In\u00edcio\",\"item\":\"https:\\\/\\\/inclusivenews.com.br\\\/\"},{\"@type\":\"ListItem\",\"position\":2,\"name\":\"Ministra anuncia cria\u00e7\u00e3o de comit\u00eas emergenciais para proteger as crian\u00e7as v\u00edtimas das enchentes no Rio\"}]},{\"@type\":\"WebSite\",\"@id\":\"https:\\\/\\\/inclusivenews.com.br\\\/#website\",\"url\":\"https:\\\/\\\/inclusivenews.com.br\\\/\",\"name\":\"Inclusive News\",\"description\":\"Inclusive News\",\"publisher\":{\"@id\":\"https:\\\/\\\/inclusivenews.com.br\\\/#organization\"},\"potentialAction\":[{\"@type\":\"SearchAction\",\"target\":{\"@type\":\"EntryPoint\",\"urlTemplate\":\"https:\\\/\\\/inclusivenews.com.br\\\/?s={search_term_string}\"},\"query-input\":{\"@type\":\"PropertyValueSpecification\",\"valueRequired\":true,\"valueName\":\"search_term_string\"}}],\"inLanguage\":\"pt-PT\"},{\"@type\":\"Organization\",\"@id\":\"https:\\\/\\\/inclusivenews.com.br\\\/#organization\",\"name\":\"Inclusive - inclus\u00e3o e cidadania\",\"url\":\"https:\\\/\\\/inclusivenews.com.br\\\/\",\"logo\":{\"@type\":\"ImageObject\",\"inLanguage\":\"pt-PT\",\"@id\":\"https:\\\/\\\/inclusivenews.com.br\\\/#\\\/schema\\\/logo\\\/image\\\/\",\"url\":\"https:\\\/\\\/inclusivenews.com.br\\\/wp-content\\\/uploads\\\/2024\\\/03\\\/@grandesite.png\",\"contentUrl\":\"https:\\\/\\\/inclusivenews.com.br\\\/wp-content\\\/uploads\\\/2024\\\/03\\\/@grandesite.png\",\"width\":1080,\"height\":1080,\"caption\":\"Inclusive - inclus\u00e3o e cidadania\"},\"image\":{\"@id\":\"https:\\\/\\\/inclusivenews.com.br\\\/#\\\/schema\\\/logo\\\/image\\\/\"},\"sameAs\":[\"https:\\\/\\\/www.facebook.com\\\/agenciainclusive\\\/\",\"https:\\\/\\\/www.instagram.com\\\/newsinclusive\\\/\"]},{\"@type\":\"Person\",\"@id\":\"https:\\\/\\\/inclusivenews.com.br\\\/#\\\/schema\\\/person\\\/ae4ec7087559b8692fb33b6fffd2273b\",\"name\":\"inclusivenews2024\",\"image\":{\"@type\":\"ImageObject\",\"inLanguage\":\"pt-PT\",\"@id\":\"https:\\\/\\\/secure.gravatar.com\\\/avatar\\\/c5a7ef84c66fa914f55bc4f7ce26cfa275a3b9a1c5568b907bd184fb4dde7b40?s=96&d=mm&r=g\",\"url\":\"https:\\\/\\\/secure.gravatar.com\\\/avatar\\\/c5a7ef84c66fa914f55bc4f7ce26cfa275a3b9a1c5568b907bd184fb4dde7b40?s=96&d=mm&r=g\",\"contentUrl\":\"https:\\\/\\\/secure.gravatar.com\\\/avatar\\\/c5a7ef84c66fa914f55bc4f7ce26cfa275a3b9a1c5568b907bd184fb4dde7b40?s=96&d=mm&r=g\",\"caption\":\"inclusivenews2024\"},\"sameAs\":[\"https:\\\/\\\/inclusivenews.com.br\"],\"url\":\"https:\\\/\\\/inclusivenews.com.br\\\/?author=1\"}]}<\/script>\n<!-- \/ Yoast SEO plugin. -->","yoast_head_json":{"title":"Ministra anuncia cria\u00e7\u00e3o de comit\u00eas emergenciais para proteger as crian\u00e7as v\u00edtimas das enchentes no Rio -","robots":{"index":"index","follow":"follow","max-snippet":"max-snippet:-1","max-image-preview":"max-image-preview:large","max-video-preview":"max-video-preview:-1"},"canonical":"https:\/\/inclusivenews.com.br\/?p=18382","og_locale":"pt_PT","og_type":"article","og_title":"Ministra anuncia cria\u00e7\u00e3o de comit\u00eas emergenciais para proteger as crian\u00e7as v\u00edtimas das enchentes no Rio -","og_description":"Iniciativa, in\u00e9dita no Brasil, servir\u00e1 como refer\u00eancia para novas a\u00e7\u00f5es do g\u00eanero e est\u00e1 de acordo com a determina\u00e7\u00e3o de priorizar a\u00e7\u00f5es que defendam e promovam os direitos de crian\u00e7as e adolescentes","og_url":"https:\/\/inclusivenews.com.br\/?p=18382","article_publisher":"https:\/\/www.facebook.com\/agenciainclusive\/","article_published_time":"2011-01-21T18:50:43+00:00","og_image":[{"url":"http:\/\/inclusivenews.com.br\/wp-content\/uploads\/2011\/01\/enchente.jpg","type":"","width":"","height":""}],"author":"inclusivenews2024","twitter_card":"summary_large_image","twitter_misc":{"Escrito por":"inclusivenews2024","Tempo estimado de leitura":"4 minutos"},"schema":{"@context":"https:\/\/schema.org","@graph":[{"@type":"Article","@id":"https:\/\/inclusivenews.com.br\/?p=18382#article","isPartOf":{"@id":"https:\/\/inclusivenews.com.br\/?p=18382"},"author":{"name":"inclusivenews2024","@id":"https:\/\/inclusivenews.com.br\/#\/schema\/person\/ae4ec7087559b8692fb33b6fffd2273b"},"headline":"Ministra anuncia cria\u00e7\u00e3o de comit\u00eas emergenciais para proteger as crian\u00e7as v\u00edtimas das enchentes no Rio","datePublished":"2011-01-21T18:50:43+00:00","mainEntityOfPage":{"@id":"https:\/\/inclusivenews.com.br\/?p=18382"},"wordCount":842,"commentCount":0,"publisher":{"@id":"https:\/\/inclusivenews.com.br\/#organization"},"image":{"@id":"https:\/\/inclusivenews.com.br\/?p=18382#primaryimage"},"thumbnailUrl":"http:\/\/inclusivenews.com.br\/wp-content\/uploads\/2011\/01\/enchente.jpg","articleSection":["DIREITOS HUMANOS","NOT\u00cdCIAS"],"inLanguage":"pt-PT","potentialAction":[{"@type":"CommentAction","name":"Comment","target":["https:\/\/inclusivenews.com.br\/?p=18382#respond"]}]},{"@type":"WebPage","@id":"https:\/\/inclusivenews.com.br\/?p=18382","url":"https:\/\/inclusivenews.com.br\/?p=18382","name":"Ministra anuncia cria\u00e7\u00e3o de comit\u00eas emergenciais para proteger as crian\u00e7as v\u00edtimas das enchentes no Rio -","isPartOf":{"@id":"https:\/\/inclusivenews.com.br\/#website"},"primaryImageOfPage":{"@id":"https:\/\/inclusivenews.com.br\/?p=18382#primaryimage"},"image":{"@id":"https:\/\/inclusivenews.com.br\/?p=18382#primaryimage"},"thumbnailUrl":"http:\/\/inclusivenews.com.br\/wp-content\/uploads\/2011\/01\/enchente.jpg","datePublished":"2011-01-21T18:50:43+00:00","breadcrumb":{"@id":"https:\/\/inclusivenews.com.br\/?p=18382#breadcrumb"},"inLanguage":"pt-PT","potentialAction":[{"@type":"ReadAction","target":["https:\/\/inclusivenews.com.br\/?p=18382"]}]},{"@type":"ImageObject","inLanguage":"pt-PT","@id":"https:\/\/inclusivenews.com.br\/?p=18382#primaryimage","url":"","contentUrl":""},{"@type":"BreadcrumbList","@id":"https:\/\/inclusivenews.com.br\/?p=18382#breadcrumb","itemListElement":[{"@type":"ListItem","position":1,"name":"In\u00edcio","item":"https:\/\/inclusivenews.com.br\/"},{"@type":"ListItem","position":2,"name":"Ministra anuncia cria\u00e7\u00e3o de comit\u00eas emergenciais para proteger as crian\u00e7as v\u00edtimas das enchentes no Rio"}]},{"@type":"WebSite","@id":"https:\/\/inclusivenews.com.br\/#website","url":"https:\/\/inclusivenews.com.br\/","name":"Inclusive News","description":"Inclusive News","publisher":{"@id":"https:\/\/inclusivenews.com.br\/#organization"},"potentialAction":[{"@type":"SearchAction","target":{"@type":"EntryPoint","urlTemplate":"https:\/\/inclusivenews.com.br\/?s={search_term_string}"},"query-input":{"@type":"PropertyValueSpecification","valueRequired":true,"valueName":"search_term_string"}}],"inLanguage":"pt-PT"},{"@type":"Organization","@id":"https:\/\/inclusivenews.com.br\/#organization","name":"Inclusive - inclus\u00e3o e cidadania","url":"https:\/\/inclusivenews.com.br\/","logo":{"@type":"ImageObject","inLanguage":"pt-PT","@id":"https:\/\/inclusivenews.com.br\/#\/schema\/logo\/image\/","url":"https:\/\/inclusivenews.com.br\/wp-content\/uploads\/2024\/03\/@grandesite.png","contentUrl":"https:\/\/inclusivenews.com.br\/wp-content\/uploads\/2024\/03\/@grandesite.png","width":1080,"height":1080,"caption":"Inclusive - inclus\u00e3o e cidadania"},"image":{"@id":"https:\/\/inclusivenews.com.br\/#\/schema\/logo\/image\/"},"sameAs":["https:\/\/www.facebook.com\/agenciainclusive\/","https:\/\/www.instagram.com\/newsinclusive\/"]},{"@type":"Person","@id":"https:\/\/inclusivenews.com.br\/#\/schema\/person\/ae4ec7087559b8692fb33b6fffd2273b","name":"inclusivenews2024","image":{"@type":"ImageObject","inLanguage":"pt-PT","@id":"https:\/\/secure.gravatar.com\/avatar\/c5a7ef84c66fa914f55bc4f7ce26cfa275a3b9a1c5568b907bd184fb4dde7b40?s=96&d=mm&r=g","url":"https:\/\/secure.gravatar.com\/avatar\/c5a7ef84c66fa914f55bc4f7ce26cfa275a3b9a1c5568b907bd184fb4dde7b40?s=96&d=mm&r=g","contentUrl":"https:\/\/secure.gravatar.com\/avatar\/c5a7ef84c66fa914f55bc4f7ce26cfa275a3b9a1c5568b907bd184fb4dde7b40?s=96&d=mm&r=g","caption":"inclusivenews2024"},"sameAs":["https:\/\/inclusivenews.com.br"],"url":"https:\/\/inclusivenews.com.br\/?author=1"}]}},"_links":{"self":[{"href":"https:\/\/inclusivenews.com.br\/index.php?rest_route=\/wp\/v2\/posts\/18382","targetHints":{"allow":["GET"]}}],"collection":[{"href":"https:\/\/inclusivenews.com.br\/index.php?rest_route=\/wp\/v2\/posts"}],"about":[{"href":"https:\/\/inclusivenews.com.br\/index.php?rest_route=\/wp\/v2\/types\/post"}],"author":[{"embeddable":true,"href":"https:\/\/inclusivenews.com.br\/index.php?rest_route=\/wp\/v2\/users\/1"}],"replies":[{"embeddable":true,"href":"https:\/\/inclusivenews.com.br\/index.php?rest_route=%2Fwp%2Fv2%2Fcomments&post=18382"}],"version-history":[{"count":0,"href":"https:\/\/inclusivenews.com.br\/index.php?rest_route=\/wp\/v2\/posts\/18382\/revisions"}],"wp:attachment":[{"href":"https:\/\/inclusivenews.com.br\/index.php?rest_route=%2Fwp%2Fv2%2Fmedia&parent=18382"}],"wp:term":[{"taxonomy":"category","embeddable":true,"href":"https:\/\/inclusivenews.com.br\/index.php?rest_route=%2Fwp%2Fv2%2Fcategories&post=18382"},{"taxonomy":"post_tag","embeddable":true,"href":"https:\/\/inclusivenews.com.br\/index.php?rest_route=%2Fwp%2Fv2%2Ftags&post=18382"}],"curies":[{"name":"wp","href":"https:\/\/api.w.org\/{rel}","templated":true}]}}