{"id":18390,"date":"2011-01-27T19:53:05","date_gmt":"2011-01-27T22:53:05","guid":{"rendered":"http:\/\/www.inclusive.org.br\/?p=18390"},"modified":"2011-01-27T19:53:05","modified_gmt":"2011-01-27T22:53:05","slug":"terminologia-2","status":"publish","type":"post","link":"https:\/\/inclusivenews.com.br\/?p=18390","title":{"rendered":"Terminologia"},"content":{"rendered":"<p><strong> <\/strong><\/p>\n<figure style=\"width: 224px\" class=\"wp-caption alignleft\"><strong><img loading=\"lazy\" decoding=\"async\" class=\" \" title=\"Palavras soltas em constru\u00e7\u00e3o gr\u00e1fica\" src=\"http:\/\/3.bp.blogspot.com\/_oI5geQWeqIM\/R1Aud3XBwBI\/AAAAAAAAFQY\/yK90fSfkqKQ\/s320\/palavras+todas.jpg\" alt=\"Palavras soltas em constru\u00e7\u00e3o gr\u00e1fica\" width=\"224\" height=\"221\" \/><\/strong><figcaption class=\"wp-caption-text\"> <\/figcaption><\/figure>\n<p><strong>Por Roberto B\u00edscaro, do Blog do Albino Incoerente<\/strong><\/p>\n<p><strong> <\/strong><\/p>\n<p>N\u00e3o muito antigamente, aprend\u00edamos que policial em ingl\u00eas era \u201cpoliceman\u201d e o feminino, \u201cpolicewoman&#8221;. Modernamente, professores que ainda ensinam assim est\u00e3o defasados. O mais adequado \u00e9 ensinar \u201cpolice officer\u201d, porque indica policiais dos dois g\u00eaneros. O movimento feminista foi um dos respons\u00e1veis por essa mudan\u00e7a no idioma. Muitas palavras deixaram de ser sexistas. Outros grupos, como negros e os GLBTT, tamb\u00e9m pressionaram e pressionam a l\u00edngua a fim de serem representados menos preconceituosa ou negativamente.<\/p>\n<p>Verificaram-se mudan\u00e7as vocabulares n\u00e3o apenas em decorr\u00eancia direta dos movimentos pelos direitos civis. Termos como \u201cblind\u201d foram questionados e novas terminologias foram propostas, como, por exemplo, \u201cvisually challenged\u201d.<\/p>\n<p>Em que pese algum exagero politicamente correto em alguns casos, altera\u00e7\u00f5es terminol\u00f3gicas t\u00eam sua import\u00e2ncia, mormente no que concerne \u00e0 auto-estima dos grupos e indiv\u00edduos designados pelos novos termos.<\/p>\n<p>Palavras s\u00e3o realmente importantes. Pensamos atrav\u00e9s delas, nos explicamos e constru\u00edmos nossas identidades por meio delas, interagimos com os outros especialmente pelo meio verbal. Destarte, o vocabul\u00e1rio usado pra nos referir a n\u00f3s mesmos e que os demais utilizam para se pronunciarem sobre n\u00f3s \u00e9 arma conseq\u00fcente na luta interna e externa que travamos pra obter (auto-) respeito.<\/p>\n<p>Vejamos alguns exemplos, com rela\u00e7\u00e3o a n\u00f3s, pessoas com albinismo.<\/p>\n<p>PESSOA COM ALBINISMO<br \/>\nFrequentemente, procuro usar essa express\u00e3o ao inv\u00e9s de apenas \u201calbino\u201d, a n\u00e3o ser quando fica estranho, como no nome do blog ou em ora\u00e7\u00f5es carregadas de palavras ou preposi\u00e7\u00f5es. A tend\u00eancia de se usar a express\u00e3o \u201cpessoa com\u201d antes do nome da caracter\u00edstica gen\u00e9tica \u00e9 precisamente para tornar patente que somos PESSOAS com essa peculiaridade, mas, somos mais do que isso. \u201cAlbino\u201d, \u201cdiab\u00e9tico\u201d, \u201caid\u00e9tico\u201d e afins nos reduzem a uma ess\u00eancia \u00fanica! Parece que somos \u201calbinos\u201d o tempo todo e somente albinos, quando n\u00e3o \u00e9 verdade.<\/p>\n<p>Na maior parte do tempo, sequer me recordo de que sou albino, porque possuo uma mir\u00edade de outras identidades! Sou professor, amigo, filho, cliente, ciumento, f\u00e3 roxo da Princesa Diana (viram? Quando se trata de Lady Di, viro at\u00e9 colorido!).<\/p>\n<p>Proponho que em portugu\u00eas adotemos tamb\u00e9m a variante \u201cpessoa albina\u201d. Sem a preposi\u00e7\u00e3o, talvez fique mais f\u00e1cil para falar ou inserir em ora\u00e7\u00f5es escritas. N\u00e3o temos que esperar que criem palavras ou express\u00f5es definidoras para n\u00f3s; somos perfeitamente capazes e livres pra faz\u00ea-lo.<\/p>\n<p>SOFRO DE&#8230;<br \/>\nEssa deveria ser riscada do mapa e esquecida para todo o sempre! \u201cSofrer de albinismo\u201d, sofrer de diabetes\u201d? Humillhantemnte melodram\u00e1tico&#8230; Quando era moleque havia um desenho animado onde havia um le\u00e3o e uma hiena. Essa \u00faltima, passava o tempo todo dizendo \u201c\u00f3 dia, \u00f3 vida, \u00f3 azar!\u201d Sofrer de&#8230;\u201d parece express\u00e3o dessa hiena!<\/p>\n<p>Geralmente, n\u00e3o \u201csofremos\u201d por conta do albinismo e sim porque n\u00e3o h\u00e1 pol\u00edticas p\u00fabicas de sa\u00fade espec\u00edficas para n\u00f3s, porque muitos n\u00e3o conseguem trabalho ou apenas arrumam sub-empregos, porque vivemos numa sociedade n\u00e3o preparada para nossas especificidades.<\/p>\n<p>\u201cSofrer de albinismo\u201d tem o insidioso poder nefasto de desviar a aten\u00e7\u00e3o do problema mais premente! Al\u00e9m do mais, nos coloca em posi\u00e7\u00e3o de pobres objetos indefesos de piedade. Respeito a gente conquista, se dando ao respeito primeiro!<\/p>\n<p>V\u00cdTIMA DO&#8230;.<br \/>\nV\u00edtima? Onde foi o terremoto, enchente ou erup\u00e7\u00e3o vulc\u00e2nica? \u201cV\u00edtima do albinismo\u201d, \u201cv\u00edtima da AIDS\u201d&#8230; Mais melodrama constrangedor!<\/p>\n<p>A n\u00e3o ser que voc\u00ea queira se sentir como a hiena do desenho animado, n\u00e3o se descreva ou deixe que o descrevam assim! \u201cV\u00edtima\u201d nega nossa capacidade de a\u00e7\u00e3o. Para os que gostam de filosofia, existe raz\u00e3o mais s\u00e9ria para recha\u00e7armos o termo, segundo nos ensina a norte-americana Susan Sontag: \u201cv\u00edtimas (referindo-se ao voc\u00e1bulo e n\u00e3o \u00e0 pessoas) sugere inoc\u00eancia. E inoc\u00eancia, pela inexor\u00e1vel l\u00f3gica que governa todos os termos relacionais, sugere culpa.\u201d (SONTAG, Susan. Illness as metaphor and AIDS and its metaphors. New York: Anchor Books, 1990. p. 99)<\/p>\n<p>PORTADOR DE&#8230;<br \/>\nEssa express\u00e3o na lista de indesej\u00e1veis talvez pegue muita gente de surpresa. Tenho visto in\u00fameros s\u00edtios, mat\u00e9rias de jornais, projetos de lei e textos acad\u00eamicos \u2013 todos repletos de boas inten\u00e7\u00f5es, \u00e0s quais agrade\u00e7o de cora\u00e7\u00e3o! &#8211; com essa infeliz express\u00e3o: \u201cportador disso ou daquilo\u201d.<\/p>\n<p>Por que n\u00e3o \u201cpessoa\u201d? Por que essa objetifica\u00e7\u00e3o? J\u00e1 pensaram a respeito? Porta-copo, porta-CD, porta-avi\u00e3o&#8230; Quer dizer que sou um \u201cporta-albinismo?\u201d Se ainda fosse porta-avi\u00e3o, tudo bem; venderia a aeronave e ficaria rico!<\/p>\n<p>A gente porta arma, RG e sei l\u00e1 mais o qu\u00ea.<br \/>\nSomos pessoas com albinismo, seres humanos multifacetados e capazes e n\u00e3o objetos\/recept\u00e1culos para guardar albinismo!<\/p>\n<p>Nas quase 650 postagens, certamente devo ter ca\u00eddo em alguma das armadilhas agora denunciadas. Reconhe\u00e7o ser dif\u00edcil cambiar arraigados h\u00e1bitos vocabulares, mas, devemos tentar.<\/p>\n<p>Especialmente n\u00f3s, pessoas com albinismo. Enquanto nos auto-definirmos como \u201cv\u00edtimas\u201d, \u201csofredores\u201d ou \u201cportadores\u201d, os outros continuar\u00e3o a nos perceber dessa forma.<\/p>\n<p>____________<\/p>\n<p><strong>Fonte:<\/strong> <a href=\"http:\/\/www.albinoincoerente.com\/2010\/02\/terminologia.html\">O autor<\/a><\/p>\n","protected":false},"excerpt":{"rendered":"<p>Por Roberto B\u00edscaro. &#8220;Palavras s\u00e3o realmente importantes. Pensamos atrav\u00e9s delas, nos explicamos e constru\u00edmos nossas identidades por meio delas, interagimos com os outros especialmente pelo meio verbal.&#8221;<\/p>\n","protected":false},"author":1,"featured_media":0,"comment_status":"open","ping_status":"open","sticky":false,"template":"","format":"standard","meta":{"site-container-style":"default","site-container-layout":"default","site-sidebar-layout":"default","disable-article-header":"default","disable-site-header":"default","disable-site-footer":"default","disable-content-area-spacing":"default","footnotes":""},"categories":[36,8],"tags":[],"class_list":["post-18390","post","type-post","status-publish","format-standard","hentry","category-colunas-especiais","category-textos-e-artigos"],"yoast_head":"<!-- This site is optimized with the Yoast SEO plugin v27.4 - https:\/\/yoast.com\/product\/yoast-seo-wordpress\/ -->\n<title>Terminologia -<\/title>\n<meta name=\"robots\" content=\"index, follow, max-snippet:-1, max-image-preview:large, max-video-preview:-1\" \/>\n<link rel=\"canonical\" href=\"https:\/\/inclusivenews.com.br\/?p=18390\" \/>\n<meta property=\"og:locale\" content=\"pt_PT\" \/>\n<meta property=\"og:type\" content=\"article\" \/>\n<meta property=\"og:title\" content=\"Terminologia -\" \/>\n<meta property=\"og:description\" content=\"Por Roberto B\u00edscaro. &quot;Palavras s\u00e3o realmente importantes. Pensamos atrav\u00e9s delas, nos explicamos e constru\u00edmos nossas identidades por meio delas, interagimos com os outros especialmente pelo meio verbal.&quot;\" \/>\n<meta property=\"og:url\" content=\"https:\/\/inclusivenews.com.br\/?p=18390\" \/>\n<meta property=\"article:publisher\" content=\"https:\/\/www.facebook.com\/agenciainclusive\/\" \/>\n<meta property=\"article:published_time\" content=\"2011-01-27T22:53:05+00:00\" \/>\n<meta property=\"og:image\" content=\"http:\/\/3.bp.blogspot.com\/_oI5geQWeqIM\/R1Aud3XBwBI\/AAAAAAAAFQY\/yK90fSfkqKQ\/s320\/palavras+todas.jpg\" \/>\n<meta name=\"author\" content=\"inclusivenews2024\" \/>\n<meta name=\"twitter:card\" content=\"summary_large_image\" \/>\n<meta name=\"twitter:label1\" content=\"Escrito por\" \/>\n\t<meta name=\"twitter:data1\" content=\"inclusivenews2024\" \/>\n\t<meta name=\"twitter:label2\" content=\"Tempo estimado de leitura\" \/>\n\t<meta name=\"twitter:data2\" content=\"4 minutos\" \/>\n<script type=\"application\/ld+json\" class=\"yoast-schema-graph\">{\"@context\":\"https:\\\/\\\/schema.org\",\"@graph\":[{\"@type\":\"Article\",\"@id\":\"https:\\\/\\\/inclusivenews.com.br\\\/?p=18390#article\",\"isPartOf\":{\"@id\":\"https:\\\/\\\/inclusivenews.com.br\\\/?p=18390\"},\"author\":{\"name\":\"inclusivenews2024\",\"@id\":\"https:\\\/\\\/inclusivenews.com.br\\\/#\\\/schema\\\/person\\\/ae4ec7087559b8692fb33b6fffd2273b\"},\"headline\":\"Terminologia\",\"datePublished\":\"2011-01-27T22:53:05+00:00\",\"mainEntityOfPage\":{\"@id\":\"https:\\\/\\\/inclusivenews.com.br\\\/?p=18390\"},\"wordCount\":878,\"commentCount\":0,\"publisher\":{\"@id\":\"https:\\\/\\\/inclusivenews.com.br\\\/#organization\"},\"image\":{\"@id\":\"https:\\\/\\\/inclusivenews.com.br\\\/?p=18390#primaryimage\"},\"thumbnailUrl\":\"http:\\\/\\\/3.bp.blogspot.com\\\/_oI5geQWeqIM\\\/R1Aud3XBwBI\\\/AAAAAAAAFQY\\\/yK90fSfkqKQ\\\/s320\\\/palavras+todas.jpg\",\"articleSection\":[\"Colunas especiais\",\"OPINI\u00c3O\"],\"inLanguage\":\"pt-PT\",\"potentialAction\":[{\"@type\":\"CommentAction\",\"name\":\"Comment\",\"target\":[\"https:\\\/\\\/inclusivenews.com.br\\\/?p=18390#respond\"]}]},{\"@type\":\"WebPage\",\"@id\":\"https:\\\/\\\/inclusivenews.com.br\\\/?p=18390\",\"url\":\"https:\\\/\\\/inclusivenews.com.br\\\/?p=18390\",\"name\":\"Terminologia -\",\"isPartOf\":{\"@id\":\"https:\\\/\\\/inclusivenews.com.br\\\/#website\"},\"primaryImageOfPage\":{\"@id\":\"https:\\\/\\\/inclusivenews.com.br\\\/?p=18390#primaryimage\"},\"image\":{\"@id\":\"https:\\\/\\\/inclusivenews.com.br\\\/?p=18390#primaryimage\"},\"thumbnailUrl\":\"http:\\\/\\\/3.bp.blogspot.com\\\/_oI5geQWeqIM\\\/R1Aud3XBwBI\\\/AAAAAAAAFQY\\\/yK90fSfkqKQ\\\/s320\\\/palavras+todas.jpg\",\"datePublished\":\"2011-01-27T22:53:05+00:00\",\"breadcrumb\":{\"@id\":\"https:\\\/\\\/inclusivenews.com.br\\\/?p=18390#breadcrumb\"},\"inLanguage\":\"pt-PT\",\"potentialAction\":[{\"@type\":\"ReadAction\",\"target\":[\"https:\\\/\\\/inclusivenews.com.br\\\/?p=18390\"]}]},{\"@type\":\"ImageObject\",\"inLanguage\":\"pt-PT\",\"@id\":\"https:\\\/\\\/inclusivenews.com.br\\\/?p=18390#primaryimage\",\"url\":\"http:\\\/\\\/3.bp.blogspot.com\\\/_oI5geQWeqIM\\\/R1Aud3XBwBI\\\/AAAAAAAAFQY\\\/yK90fSfkqKQ\\\/s320\\\/palavras+todas.jpg\",\"contentUrl\":\"http:\\\/\\\/3.bp.blogspot.com\\\/_oI5geQWeqIM\\\/R1Aud3XBwBI\\\/AAAAAAAAFQY\\\/yK90fSfkqKQ\\\/s320\\\/palavras+todas.jpg\"},{\"@type\":\"BreadcrumbList\",\"@id\":\"https:\\\/\\\/inclusivenews.com.br\\\/?p=18390#breadcrumb\",\"itemListElement\":[{\"@type\":\"ListItem\",\"position\":1,\"name\":\"In\u00edcio\",\"item\":\"https:\\\/\\\/inclusivenews.com.br\\\/\"},{\"@type\":\"ListItem\",\"position\":2,\"name\":\"Terminologia\"}]},{\"@type\":\"WebSite\",\"@id\":\"https:\\\/\\\/inclusivenews.com.br\\\/#website\",\"url\":\"https:\\\/\\\/inclusivenews.com.br\\\/\",\"name\":\"Inclusive News\",\"description\":\"Inclusive News\",\"publisher\":{\"@id\":\"https:\\\/\\\/inclusivenews.com.br\\\/#organization\"},\"potentialAction\":[{\"@type\":\"SearchAction\",\"target\":{\"@type\":\"EntryPoint\",\"urlTemplate\":\"https:\\\/\\\/inclusivenews.com.br\\\/?s={search_term_string}\"},\"query-input\":{\"@type\":\"PropertyValueSpecification\",\"valueRequired\":true,\"valueName\":\"search_term_string\"}}],\"inLanguage\":\"pt-PT\"},{\"@type\":\"Organization\",\"@id\":\"https:\\\/\\\/inclusivenews.com.br\\\/#organization\",\"name\":\"Inclusive - inclus\u00e3o e cidadania\",\"url\":\"https:\\\/\\\/inclusivenews.com.br\\\/\",\"logo\":{\"@type\":\"ImageObject\",\"inLanguage\":\"pt-PT\",\"@id\":\"https:\\\/\\\/inclusivenews.com.br\\\/#\\\/schema\\\/logo\\\/image\\\/\",\"url\":\"https:\\\/\\\/inclusivenews.com.br\\\/wp-content\\\/uploads\\\/2024\\\/03\\\/@grandesite.png\",\"contentUrl\":\"https:\\\/\\\/inclusivenews.com.br\\\/wp-content\\\/uploads\\\/2024\\\/03\\\/@grandesite.png\",\"width\":1080,\"height\":1080,\"caption\":\"Inclusive - inclus\u00e3o e cidadania\"},\"image\":{\"@id\":\"https:\\\/\\\/inclusivenews.com.br\\\/#\\\/schema\\\/logo\\\/image\\\/\"},\"sameAs\":[\"https:\\\/\\\/www.facebook.com\\\/agenciainclusive\\\/\",\"https:\\\/\\\/www.instagram.com\\\/newsinclusive\\\/\"]},{\"@type\":\"Person\",\"@id\":\"https:\\\/\\\/inclusivenews.com.br\\\/#\\\/schema\\\/person\\\/ae4ec7087559b8692fb33b6fffd2273b\",\"name\":\"inclusivenews2024\",\"image\":{\"@type\":\"ImageObject\",\"inLanguage\":\"pt-PT\",\"@id\":\"https:\\\/\\\/secure.gravatar.com\\\/avatar\\\/c5a7ef84c66fa914f55bc4f7ce26cfa275a3b9a1c5568b907bd184fb4dde7b40?s=96&d=mm&r=g\",\"url\":\"https:\\\/\\\/secure.gravatar.com\\\/avatar\\\/c5a7ef84c66fa914f55bc4f7ce26cfa275a3b9a1c5568b907bd184fb4dde7b40?s=96&d=mm&r=g\",\"contentUrl\":\"https:\\\/\\\/secure.gravatar.com\\\/avatar\\\/c5a7ef84c66fa914f55bc4f7ce26cfa275a3b9a1c5568b907bd184fb4dde7b40?s=96&d=mm&r=g\",\"caption\":\"inclusivenews2024\"},\"sameAs\":[\"https:\\\/\\\/inclusivenews.com.br\"],\"url\":\"https:\\\/\\\/inclusivenews.com.br\\\/?author=1\"}]}<\/script>\n<!-- \/ Yoast SEO plugin. -->","yoast_head_json":{"title":"Terminologia -","robots":{"index":"index","follow":"follow","max-snippet":"max-snippet:-1","max-image-preview":"max-image-preview:large","max-video-preview":"max-video-preview:-1"},"canonical":"https:\/\/inclusivenews.com.br\/?p=18390","og_locale":"pt_PT","og_type":"article","og_title":"Terminologia -","og_description":"Por Roberto B\u00edscaro. \"Palavras s\u00e3o realmente importantes. Pensamos atrav\u00e9s delas, nos explicamos e constru\u00edmos nossas identidades por meio delas, interagimos com os outros especialmente pelo meio verbal.\"","og_url":"https:\/\/inclusivenews.com.br\/?p=18390","article_publisher":"https:\/\/www.facebook.com\/agenciainclusive\/","article_published_time":"2011-01-27T22:53:05+00:00","og_image":[{"url":"http:\/\/3.bp.blogspot.com\/_oI5geQWeqIM\/R1Aud3XBwBI\/AAAAAAAAFQY\/yK90fSfkqKQ\/s320\/palavras+todas.jpg","type":"","width":"","height":""}],"author":"inclusivenews2024","twitter_card":"summary_large_image","twitter_misc":{"Escrito por":"inclusivenews2024","Tempo estimado de leitura":"4 minutos"},"schema":{"@context":"https:\/\/schema.org","@graph":[{"@type":"Article","@id":"https:\/\/inclusivenews.com.br\/?p=18390#article","isPartOf":{"@id":"https:\/\/inclusivenews.com.br\/?p=18390"},"author":{"name":"inclusivenews2024","@id":"https:\/\/inclusivenews.com.br\/#\/schema\/person\/ae4ec7087559b8692fb33b6fffd2273b"},"headline":"Terminologia","datePublished":"2011-01-27T22:53:05+00:00","mainEntityOfPage":{"@id":"https:\/\/inclusivenews.com.br\/?p=18390"},"wordCount":878,"commentCount":0,"publisher":{"@id":"https:\/\/inclusivenews.com.br\/#organization"},"image":{"@id":"https:\/\/inclusivenews.com.br\/?p=18390#primaryimage"},"thumbnailUrl":"http:\/\/3.bp.blogspot.com\/_oI5geQWeqIM\/R1Aud3XBwBI\/AAAAAAAAFQY\/yK90fSfkqKQ\/s320\/palavras+todas.jpg","articleSection":["Colunas especiais","OPINI\u00c3O"],"inLanguage":"pt-PT","potentialAction":[{"@type":"CommentAction","name":"Comment","target":["https:\/\/inclusivenews.com.br\/?p=18390#respond"]}]},{"@type":"WebPage","@id":"https:\/\/inclusivenews.com.br\/?p=18390","url":"https:\/\/inclusivenews.com.br\/?p=18390","name":"Terminologia -","isPartOf":{"@id":"https:\/\/inclusivenews.com.br\/#website"},"primaryImageOfPage":{"@id":"https:\/\/inclusivenews.com.br\/?p=18390#primaryimage"},"image":{"@id":"https:\/\/inclusivenews.com.br\/?p=18390#primaryimage"},"thumbnailUrl":"http:\/\/3.bp.blogspot.com\/_oI5geQWeqIM\/R1Aud3XBwBI\/AAAAAAAAFQY\/yK90fSfkqKQ\/s320\/palavras+todas.jpg","datePublished":"2011-01-27T22:53:05+00:00","breadcrumb":{"@id":"https:\/\/inclusivenews.com.br\/?p=18390#breadcrumb"},"inLanguage":"pt-PT","potentialAction":[{"@type":"ReadAction","target":["https:\/\/inclusivenews.com.br\/?p=18390"]}]},{"@type":"ImageObject","inLanguage":"pt-PT","@id":"https:\/\/inclusivenews.com.br\/?p=18390#primaryimage","url":"http:\/\/3.bp.blogspot.com\/_oI5geQWeqIM\/R1Aud3XBwBI\/AAAAAAAAFQY\/yK90fSfkqKQ\/s320\/palavras+todas.jpg","contentUrl":"http:\/\/3.bp.blogspot.com\/_oI5geQWeqIM\/R1Aud3XBwBI\/AAAAAAAAFQY\/yK90fSfkqKQ\/s320\/palavras+todas.jpg"},{"@type":"BreadcrumbList","@id":"https:\/\/inclusivenews.com.br\/?p=18390#breadcrumb","itemListElement":[{"@type":"ListItem","position":1,"name":"In\u00edcio","item":"https:\/\/inclusivenews.com.br\/"},{"@type":"ListItem","position":2,"name":"Terminologia"}]},{"@type":"WebSite","@id":"https:\/\/inclusivenews.com.br\/#website","url":"https:\/\/inclusivenews.com.br\/","name":"Inclusive News","description":"Inclusive News","publisher":{"@id":"https:\/\/inclusivenews.com.br\/#organization"},"potentialAction":[{"@type":"SearchAction","target":{"@type":"EntryPoint","urlTemplate":"https:\/\/inclusivenews.com.br\/?s={search_term_string}"},"query-input":{"@type":"PropertyValueSpecification","valueRequired":true,"valueName":"search_term_string"}}],"inLanguage":"pt-PT"},{"@type":"Organization","@id":"https:\/\/inclusivenews.com.br\/#organization","name":"Inclusive - inclus\u00e3o e cidadania","url":"https:\/\/inclusivenews.com.br\/","logo":{"@type":"ImageObject","inLanguage":"pt-PT","@id":"https:\/\/inclusivenews.com.br\/#\/schema\/logo\/image\/","url":"https:\/\/inclusivenews.com.br\/wp-content\/uploads\/2024\/03\/@grandesite.png","contentUrl":"https:\/\/inclusivenews.com.br\/wp-content\/uploads\/2024\/03\/@grandesite.png","width":1080,"height":1080,"caption":"Inclusive - inclus\u00e3o e cidadania"},"image":{"@id":"https:\/\/inclusivenews.com.br\/#\/schema\/logo\/image\/"},"sameAs":["https:\/\/www.facebook.com\/agenciainclusive\/","https:\/\/www.instagram.com\/newsinclusive\/"]},{"@type":"Person","@id":"https:\/\/inclusivenews.com.br\/#\/schema\/person\/ae4ec7087559b8692fb33b6fffd2273b","name":"inclusivenews2024","image":{"@type":"ImageObject","inLanguage":"pt-PT","@id":"https:\/\/secure.gravatar.com\/avatar\/c5a7ef84c66fa914f55bc4f7ce26cfa275a3b9a1c5568b907bd184fb4dde7b40?s=96&d=mm&r=g","url":"https:\/\/secure.gravatar.com\/avatar\/c5a7ef84c66fa914f55bc4f7ce26cfa275a3b9a1c5568b907bd184fb4dde7b40?s=96&d=mm&r=g","contentUrl":"https:\/\/secure.gravatar.com\/avatar\/c5a7ef84c66fa914f55bc4f7ce26cfa275a3b9a1c5568b907bd184fb4dde7b40?s=96&d=mm&r=g","caption":"inclusivenews2024"},"sameAs":["https:\/\/inclusivenews.com.br"],"url":"https:\/\/inclusivenews.com.br\/?author=1"}]}},"_links":{"self":[{"href":"https:\/\/inclusivenews.com.br\/index.php?rest_route=\/wp\/v2\/posts\/18390","targetHints":{"allow":["GET"]}}],"collection":[{"href":"https:\/\/inclusivenews.com.br\/index.php?rest_route=\/wp\/v2\/posts"}],"about":[{"href":"https:\/\/inclusivenews.com.br\/index.php?rest_route=\/wp\/v2\/types\/post"}],"author":[{"embeddable":true,"href":"https:\/\/inclusivenews.com.br\/index.php?rest_route=\/wp\/v2\/users\/1"}],"replies":[{"embeddable":true,"href":"https:\/\/inclusivenews.com.br\/index.php?rest_route=%2Fwp%2Fv2%2Fcomments&post=18390"}],"version-history":[{"count":0,"href":"https:\/\/inclusivenews.com.br\/index.php?rest_route=\/wp\/v2\/posts\/18390\/revisions"}],"wp:attachment":[{"href":"https:\/\/inclusivenews.com.br\/index.php?rest_route=%2Fwp%2Fv2%2Fmedia&parent=18390"}],"wp:term":[{"taxonomy":"category","embeddable":true,"href":"https:\/\/inclusivenews.com.br\/index.php?rest_route=%2Fwp%2Fv2%2Fcategories&post=18390"},{"taxonomy":"post_tag","embeddable":true,"href":"https:\/\/inclusivenews.com.br\/index.php?rest_route=%2Fwp%2Fv2%2Ftags&post=18390"}],"curies":[{"name":"wp","href":"https:\/\/api.w.org\/{rel}","templated":true}]}}