{"id":18393,"date":"2011-01-27T19:53:22","date_gmt":"2011-01-27T22:53:22","guid":{"rendered":"http:\/\/www.inclusive.org.br\/?p=18393"},"modified":"2011-01-27T19:53:22","modified_gmt":"2011-01-27T22:53:22","slug":"educacao-inclusiva-unesco-e-agencia-europeia-reconhecem-boas-praticas-em-portugal","status":"publish","type":"post","link":"https:\/\/inclusivenews.com.br\/?p=18393","title":{"rendered":"Educa\u00e7\u00e3o Inclusiva: UNESCO e Ag\u00eancia Europeia reconhecem boas pr\u00e1ticas em Portugal"},"content":{"rendered":"<figure id=\"attachment_13445\" aria-describedby=\"caption-attachment-13445\" style=\"width: 150px\" class=\"wp-caption alignleft\"><a href=\"http:\/\/www.inclusivenews.com.br\/wp-content\/uploads\/2010\/01\/unesco.jpg\"><img loading=\"lazy\" decoding=\"async\" class=\"size-full wp-image-13445 \" title=\"Logotipo da UNESCO.\" src=\"http:\/\/inclusivenews.com.br\/wp-content\/uploads\/2010\/01\/unesco.jpg\" alt=\"Logotipo da UNESCO.\" width=\"150\" height=\"114\" \/><\/a><figcaption id=\"caption-attachment-13445\" class=\"wp-caption-text\"> <\/figcaption><\/figure>\n<p>O projecto Inclusive Education in Action \u2013 IEA, desenvolvido pela UNESCO e pela European  Agency for Development in Special Needs Education, tem como finalidade influenciar o  desenvolvimento de sistemas educativos, a n\u00edvel mundial, que garantam a equidade e a  igualdade de oportunidades.<\/p>\n<p>O website <a href=\"http:\/\/www.inclusive-education-in-action.org\">http:\/\/www.inclusive-education-in-action.org<\/a> constitui o  principal instrumento  de partilha de informa\u00e7\u00e3o, disponibilizando, para al\u00e9m de dados sobre o pr\u00f3prio projecto,  materiais de suporte e exemplos de boas pr\u00e1ticas, organizados em diferentes categorias e  apresentados sob diferentes perspectivas. A pesquisa no site pode ser efectuada por \u00e1reas  tem\u00e1ticas, por regi\u00f5es geogr\u00e1ficas\/pa\u00edses, por ac\u00e7\u00f5es ou por tipo de materiais (e.g. fotografias, v\u00eddeos, etc.).<\/p>\n<p>Os exemplos apresentados pretendem mostrar como diversas pessoas, em todo o mundo,  apostam no desenvolvimento da educa\u00e7\u00e3o inclusiva, reconhecendo a inclus\u00e3o como um  direito humano fundamental e a base para uma sociedade mais justa e igualit\u00e1ria. Conscientes  de que nem sempre os exemplos apresentados poder\u00e3o ser aplicados em diferentes situa\u00e7\u00f5es  e locais, a equipa respons\u00e1vel pelo projecto IEA pretende que constituam um est\u00edmulo para a  discuss\u00e3o e possam inspirar decisores pol\u00edticos e comunidades educativas a tra\u00e7ar os seus  pr\u00f3prios percursos para a inclus\u00e3o.<\/p>\n<p>Portugal, a pedido da Ag\u00eancia Europeia, participa com um v\u00eddeo produzido pelo Minist\u00e9rio da  Educa\u00e7\u00e3o, filmado nos agrupamentos de escolas n.\u00ba 1 de \u00c9vora, Pedro Eanes Lobato e Gr\u00e3o  Vasco. O v\u00eddeo mostra alunos com diferentes capacidades envolvidos em diversas actividades  da vida escolar apresentando, em paralelo, os direitos dos alunos com necessidades educativas  especiais estabelecidos na legisla\u00e7\u00e3o portuguesa.<\/p>\n<p>Para visualiza\u00e7\u00e3o do v\u00eddeo, clicar  <a href=\"http:\/\/www.inclusive-education-in-action.org\/iea\/index.php?menuid=25&amp;reporeid=216#video\" target=\"_blank\" rel=\"noopener\">AQUI<\/a>.<\/p>\n<p>__________________________________<\/p>\n<p><strong>Fonte:<\/strong> <a href=\"http:\/\/www.deficiente-forum.com\/\">http:\/\/www.deficiente-forum.com\/<\/a><\/p>\n","protected":false},"excerpt":{"rendered":"<p>Os exemplos apresentados pretendem mostrar como diversas pessoas, em todo o mundo, apostam no desenvolvimento da educa\u00e7\u00e3o inclusiva, reconhecendo a inclus\u00e3o como um direito humano fundamental e a base para uma sociedade mais justa e igualit\u00e1ria.<\/p>\n","protected":false},"author":1,"featured_media":0,"comment_status":"open","ping_status":"open","sticky":false,"template":"","format":"standard","meta":{"site-container-style":"default","site-container-layout":"default","site-sidebar-layout":"default","disable-article-header":"default","disable-site-header":"default","disable-site-footer":"default","disable-content-area-spacing":"default","footnotes":""},"categories":[38,6,48,4],"tags":[],"class_list":["post-18393","post","type-post","status-publish","format-standard","hentry","category-deficiencia","category-educacao","category-inclusao","category-noticias"],"yoast_head":"<!-- This site is optimized with the Yoast SEO plugin v27.4 - https:\/\/yoast.com\/product\/yoast-seo-wordpress\/ -->\n<title>Educa\u00e7\u00e3o Inclusiva: UNESCO e Ag\u00eancia Europeia reconhecem boas pr\u00e1ticas em Portugal -<\/title>\n<meta name=\"robots\" content=\"index, follow, max-snippet:-1, max-image-preview:large, max-video-preview:-1\" \/>\n<link rel=\"canonical\" href=\"https:\/\/inclusivenews.com.br\/?p=18393\" \/>\n<meta property=\"og:locale\" content=\"pt_PT\" \/>\n<meta property=\"og:type\" content=\"article\" \/>\n<meta property=\"og:title\" content=\"Educa\u00e7\u00e3o Inclusiva: UNESCO e Ag\u00eancia Europeia reconhecem boas pr\u00e1ticas em Portugal -\" \/>\n<meta property=\"og:description\" content=\"Os exemplos apresentados pretendem mostrar como diversas pessoas, em todo o mundo, apostam no desenvolvimento da educa\u00e7\u00e3o inclusiva, reconhecendo a inclus\u00e3o como um direito humano fundamental e a base para uma sociedade mais justa e igualit\u00e1ria.\" \/>\n<meta property=\"og:url\" content=\"https:\/\/inclusivenews.com.br\/?p=18393\" \/>\n<meta property=\"article:publisher\" content=\"https:\/\/www.facebook.com\/agenciainclusive\/\" \/>\n<meta property=\"article:published_time\" content=\"2011-01-27T22:53:22+00:00\" \/>\n<meta property=\"og:image\" content=\"http:\/\/inclusivenews.com.br\/wp-content\/uploads\/2010\/01\/unesco.jpg\" \/>\n<meta name=\"author\" content=\"inclusivenews2024\" \/>\n<meta name=\"twitter:card\" content=\"summary_large_image\" \/>\n<meta name=\"twitter:label1\" content=\"Escrito por\" \/>\n\t<meta name=\"twitter:data1\" content=\"inclusivenews2024\" \/>\n\t<meta name=\"twitter:label2\" content=\"Tempo estimado de leitura\" \/>\n\t<meta name=\"twitter:data2\" content=\"1 minuto\" \/>\n<script type=\"application\/ld+json\" class=\"yoast-schema-graph\">{\"@context\":\"https:\\\/\\\/schema.org\",\"@graph\":[{\"@type\":\"Article\",\"@id\":\"https:\\\/\\\/inclusivenews.com.br\\\/?p=18393#article\",\"isPartOf\":{\"@id\":\"https:\\\/\\\/inclusivenews.com.br\\\/?p=18393\"},\"author\":{\"name\":\"inclusivenews2024\",\"@id\":\"https:\\\/\\\/inclusivenews.com.br\\\/#\\\/schema\\\/person\\\/ae4ec7087559b8692fb33b6fffd2273b\"},\"headline\":\"Educa\u00e7\u00e3o Inclusiva: UNESCO e Ag\u00eancia Europeia reconhecem boas pr\u00e1ticas em Portugal\",\"datePublished\":\"2011-01-27T22:53:22+00:00\",\"mainEntityOfPage\":{\"@id\":\"https:\\\/\\\/inclusivenews.com.br\\\/?p=18393\"},\"wordCount\":313,\"commentCount\":0,\"publisher\":{\"@id\":\"https:\\\/\\\/inclusivenews.com.br\\\/#organization\"},\"image\":{\"@id\":\"https:\\\/\\\/inclusivenews.com.br\\\/?p=18393#primaryimage\"},\"thumbnailUrl\":\"http:\\\/\\\/inclusivenews.com.br\\\/wp-content\\\/uploads\\\/2010\\\/01\\\/unesco.jpg\",\"articleSection\":[\"Defici\u00eancia\",\"EDUCA\u00c7\u00c3O\",\"INCLUS\u00c3O SOCIAL\",\"NOT\u00cdCIAS\"],\"inLanguage\":\"pt-PT\",\"potentialAction\":[{\"@type\":\"CommentAction\",\"name\":\"Comment\",\"target\":[\"https:\\\/\\\/inclusivenews.com.br\\\/?p=18393#respond\"]}]},{\"@type\":\"WebPage\",\"@id\":\"https:\\\/\\\/inclusivenews.com.br\\\/?p=18393\",\"url\":\"https:\\\/\\\/inclusivenews.com.br\\\/?p=18393\",\"name\":\"Educa\u00e7\u00e3o Inclusiva: UNESCO e Ag\u00eancia Europeia reconhecem boas pr\u00e1ticas em Portugal -\",\"isPartOf\":{\"@id\":\"https:\\\/\\\/inclusivenews.com.br\\\/#website\"},\"primaryImageOfPage\":{\"@id\":\"https:\\\/\\\/inclusivenews.com.br\\\/?p=18393#primaryimage\"},\"image\":{\"@id\":\"https:\\\/\\\/inclusivenews.com.br\\\/?p=18393#primaryimage\"},\"thumbnailUrl\":\"http:\\\/\\\/inclusivenews.com.br\\\/wp-content\\\/uploads\\\/2010\\\/01\\\/unesco.jpg\",\"datePublished\":\"2011-01-27T22:53:22+00:00\",\"breadcrumb\":{\"@id\":\"https:\\\/\\\/inclusivenews.com.br\\\/?p=18393#breadcrumb\"},\"inLanguage\":\"pt-PT\",\"potentialAction\":[{\"@type\":\"ReadAction\",\"target\":[\"https:\\\/\\\/inclusivenews.com.br\\\/?p=18393\"]}]},{\"@type\":\"ImageObject\",\"inLanguage\":\"pt-PT\",\"@id\":\"https:\\\/\\\/inclusivenews.com.br\\\/?p=18393#primaryimage\",\"url\":\"\",\"contentUrl\":\"\"},{\"@type\":\"BreadcrumbList\",\"@id\":\"https:\\\/\\\/inclusivenews.com.br\\\/?p=18393#breadcrumb\",\"itemListElement\":[{\"@type\":\"ListItem\",\"position\":1,\"name\":\"In\u00edcio\",\"item\":\"https:\\\/\\\/inclusivenews.com.br\\\/\"},{\"@type\":\"ListItem\",\"position\":2,\"name\":\"Educa\u00e7\u00e3o Inclusiva: UNESCO e Ag\u00eancia Europeia reconhecem boas pr\u00e1ticas em Portugal\"}]},{\"@type\":\"WebSite\",\"@id\":\"https:\\\/\\\/inclusivenews.com.br\\\/#website\",\"url\":\"https:\\\/\\\/inclusivenews.com.br\\\/\",\"name\":\"Inclusive News\",\"description\":\"Inclusive News\",\"publisher\":{\"@id\":\"https:\\\/\\\/inclusivenews.com.br\\\/#organization\"},\"potentialAction\":[{\"@type\":\"SearchAction\",\"target\":{\"@type\":\"EntryPoint\",\"urlTemplate\":\"https:\\\/\\\/inclusivenews.com.br\\\/?s={search_term_string}\"},\"query-input\":{\"@type\":\"PropertyValueSpecification\",\"valueRequired\":true,\"valueName\":\"search_term_string\"}}],\"inLanguage\":\"pt-PT\"},{\"@type\":\"Organization\",\"@id\":\"https:\\\/\\\/inclusivenews.com.br\\\/#organization\",\"name\":\"Inclusive - inclus\u00e3o e cidadania\",\"url\":\"https:\\\/\\\/inclusivenews.com.br\\\/\",\"logo\":{\"@type\":\"ImageObject\",\"inLanguage\":\"pt-PT\",\"@id\":\"https:\\\/\\\/inclusivenews.com.br\\\/#\\\/schema\\\/logo\\\/image\\\/\",\"url\":\"https:\\\/\\\/inclusivenews.com.br\\\/wp-content\\\/uploads\\\/2024\\\/03\\\/@grandesite.png\",\"contentUrl\":\"https:\\\/\\\/inclusivenews.com.br\\\/wp-content\\\/uploads\\\/2024\\\/03\\\/@grandesite.png\",\"width\":1080,\"height\":1080,\"caption\":\"Inclusive - inclus\u00e3o e cidadania\"},\"image\":{\"@id\":\"https:\\\/\\\/inclusivenews.com.br\\\/#\\\/schema\\\/logo\\\/image\\\/\"},\"sameAs\":[\"https:\\\/\\\/www.facebook.com\\\/agenciainclusive\\\/\",\"https:\\\/\\\/www.instagram.com\\\/newsinclusive\\\/\"]},{\"@type\":\"Person\",\"@id\":\"https:\\\/\\\/inclusivenews.com.br\\\/#\\\/schema\\\/person\\\/ae4ec7087559b8692fb33b6fffd2273b\",\"name\":\"inclusivenews2024\",\"image\":{\"@type\":\"ImageObject\",\"inLanguage\":\"pt-PT\",\"@id\":\"https:\\\/\\\/secure.gravatar.com\\\/avatar\\\/c5a7ef84c66fa914f55bc4f7ce26cfa275a3b9a1c5568b907bd184fb4dde7b40?s=96&d=mm&r=g\",\"url\":\"https:\\\/\\\/secure.gravatar.com\\\/avatar\\\/c5a7ef84c66fa914f55bc4f7ce26cfa275a3b9a1c5568b907bd184fb4dde7b40?s=96&d=mm&r=g\",\"contentUrl\":\"https:\\\/\\\/secure.gravatar.com\\\/avatar\\\/c5a7ef84c66fa914f55bc4f7ce26cfa275a3b9a1c5568b907bd184fb4dde7b40?s=96&d=mm&r=g\",\"caption\":\"inclusivenews2024\"},\"sameAs\":[\"https:\\\/\\\/inclusivenews.com.br\"],\"url\":\"https:\\\/\\\/inclusivenews.com.br\\\/?author=1\"}]}<\/script>\n<!-- \/ Yoast SEO plugin. -->","yoast_head_json":{"title":"Educa\u00e7\u00e3o Inclusiva: UNESCO e Ag\u00eancia Europeia reconhecem boas pr\u00e1ticas em Portugal -","robots":{"index":"index","follow":"follow","max-snippet":"max-snippet:-1","max-image-preview":"max-image-preview:large","max-video-preview":"max-video-preview:-1"},"canonical":"https:\/\/inclusivenews.com.br\/?p=18393","og_locale":"pt_PT","og_type":"article","og_title":"Educa\u00e7\u00e3o Inclusiva: UNESCO e Ag\u00eancia Europeia reconhecem boas pr\u00e1ticas em Portugal -","og_description":"Os exemplos apresentados pretendem mostrar como diversas pessoas, em todo o mundo, apostam no desenvolvimento da educa\u00e7\u00e3o inclusiva, reconhecendo a inclus\u00e3o como um direito humano fundamental e a base para uma sociedade mais justa e igualit\u00e1ria.","og_url":"https:\/\/inclusivenews.com.br\/?p=18393","article_publisher":"https:\/\/www.facebook.com\/agenciainclusive\/","article_published_time":"2011-01-27T22:53:22+00:00","og_image":[{"url":"http:\/\/inclusivenews.com.br\/wp-content\/uploads\/2010\/01\/unesco.jpg","type":"","width":"","height":""}],"author":"inclusivenews2024","twitter_card":"summary_large_image","twitter_misc":{"Escrito por":"inclusivenews2024","Tempo estimado de leitura":"1 minuto"},"schema":{"@context":"https:\/\/schema.org","@graph":[{"@type":"Article","@id":"https:\/\/inclusivenews.com.br\/?p=18393#article","isPartOf":{"@id":"https:\/\/inclusivenews.com.br\/?p=18393"},"author":{"name":"inclusivenews2024","@id":"https:\/\/inclusivenews.com.br\/#\/schema\/person\/ae4ec7087559b8692fb33b6fffd2273b"},"headline":"Educa\u00e7\u00e3o Inclusiva: UNESCO e Ag\u00eancia Europeia reconhecem boas pr\u00e1ticas em Portugal","datePublished":"2011-01-27T22:53:22+00:00","mainEntityOfPage":{"@id":"https:\/\/inclusivenews.com.br\/?p=18393"},"wordCount":313,"commentCount":0,"publisher":{"@id":"https:\/\/inclusivenews.com.br\/#organization"},"image":{"@id":"https:\/\/inclusivenews.com.br\/?p=18393#primaryimage"},"thumbnailUrl":"http:\/\/inclusivenews.com.br\/wp-content\/uploads\/2010\/01\/unesco.jpg","articleSection":["Defici\u00eancia","EDUCA\u00c7\u00c3O","INCLUS\u00c3O SOCIAL","NOT\u00cdCIAS"],"inLanguage":"pt-PT","potentialAction":[{"@type":"CommentAction","name":"Comment","target":["https:\/\/inclusivenews.com.br\/?p=18393#respond"]}]},{"@type":"WebPage","@id":"https:\/\/inclusivenews.com.br\/?p=18393","url":"https:\/\/inclusivenews.com.br\/?p=18393","name":"Educa\u00e7\u00e3o Inclusiva: UNESCO e Ag\u00eancia Europeia reconhecem boas pr\u00e1ticas em Portugal -","isPartOf":{"@id":"https:\/\/inclusivenews.com.br\/#website"},"primaryImageOfPage":{"@id":"https:\/\/inclusivenews.com.br\/?p=18393#primaryimage"},"image":{"@id":"https:\/\/inclusivenews.com.br\/?p=18393#primaryimage"},"thumbnailUrl":"http:\/\/inclusivenews.com.br\/wp-content\/uploads\/2010\/01\/unesco.jpg","datePublished":"2011-01-27T22:53:22+00:00","breadcrumb":{"@id":"https:\/\/inclusivenews.com.br\/?p=18393#breadcrumb"},"inLanguage":"pt-PT","potentialAction":[{"@type":"ReadAction","target":["https:\/\/inclusivenews.com.br\/?p=18393"]}]},{"@type":"ImageObject","inLanguage":"pt-PT","@id":"https:\/\/inclusivenews.com.br\/?p=18393#primaryimage","url":"","contentUrl":""},{"@type":"BreadcrumbList","@id":"https:\/\/inclusivenews.com.br\/?p=18393#breadcrumb","itemListElement":[{"@type":"ListItem","position":1,"name":"In\u00edcio","item":"https:\/\/inclusivenews.com.br\/"},{"@type":"ListItem","position":2,"name":"Educa\u00e7\u00e3o Inclusiva: UNESCO e Ag\u00eancia Europeia reconhecem boas pr\u00e1ticas em Portugal"}]},{"@type":"WebSite","@id":"https:\/\/inclusivenews.com.br\/#website","url":"https:\/\/inclusivenews.com.br\/","name":"Inclusive News","description":"Inclusive News","publisher":{"@id":"https:\/\/inclusivenews.com.br\/#organization"},"potentialAction":[{"@type":"SearchAction","target":{"@type":"EntryPoint","urlTemplate":"https:\/\/inclusivenews.com.br\/?s={search_term_string}"},"query-input":{"@type":"PropertyValueSpecification","valueRequired":true,"valueName":"search_term_string"}}],"inLanguage":"pt-PT"},{"@type":"Organization","@id":"https:\/\/inclusivenews.com.br\/#organization","name":"Inclusive - inclus\u00e3o e cidadania","url":"https:\/\/inclusivenews.com.br\/","logo":{"@type":"ImageObject","inLanguage":"pt-PT","@id":"https:\/\/inclusivenews.com.br\/#\/schema\/logo\/image\/","url":"https:\/\/inclusivenews.com.br\/wp-content\/uploads\/2024\/03\/@grandesite.png","contentUrl":"https:\/\/inclusivenews.com.br\/wp-content\/uploads\/2024\/03\/@grandesite.png","width":1080,"height":1080,"caption":"Inclusive - inclus\u00e3o e cidadania"},"image":{"@id":"https:\/\/inclusivenews.com.br\/#\/schema\/logo\/image\/"},"sameAs":["https:\/\/www.facebook.com\/agenciainclusive\/","https:\/\/www.instagram.com\/newsinclusive\/"]},{"@type":"Person","@id":"https:\/\/inclusivenews.com.br\/#\/schema\/person\/ae4ec7087559b8692fb33b6fffd2273b","name":"inclusivenews2024","image":{"@type":"ImageObject","inLanguage":"pt-PT","@id":"https:\/\/secure.gravatar.com\/avatar\/c5a7ef84c66fa914f55bc4f7ce26cfa275a3b9a1c5568b907bd184fb4dde7b40?s=96&d=mm&r=g","url":"https:\/\/secure.gravatar.com\/avatar\/c5a7ef84c66fa914f55bc4f7ce26cfa275a3b9a1c5568b907bd184fb4dde7b40?s=96&d=mm&r=g","contentUrl":"https:\/\/secure.gravatar.com\/avatar\/c5a7ef84c66fa914f55bc4f7ce26cfa275a3b9a1c5568b907bd184fb4dde7b40?s=96&d=mm&r=g","caption":"inclusivenews2024"},"sameAs":["https:\/\/inclusivenews.com.br"],"url":"https:\/\/inclusivenews.com.br\/?author=1"}]}},"_links":{"self":[{"href":"https:\/\/inclusivenews.com.br\/index.php?rest_route=\/wp\/v2\/posts\/18393","targetHints":{"allow":["GET"]}}],"collection":[{"href":"https:\/\/inclusivenews.com.br\/index.php?rest_route=\/wp\/v2\/posts"}],"about":[{"href":"https:\/\/inclusivenews.com.br\/index.php?rest_route=\/wp\/v2\/types\/post"}],"author":[{"embeddable":true,"href":"https:\/\/inclusivenews.com.br\/index.php?rest_route=\/wp\/v2\/users\/1"}],"replies":[{"embeddable":true,"href":"https:\/\/inclusivenews.com.br\/index.php?rest_route=%2Fwp%2Fv2%2Fcomments&post=18393"}],"version-history":[{"count":0,"href":"https:\/\/inclusivenews.com.br\/index.php?rest_route=\/wp\/v2\/posts\/18393\/revisions"}],"wp:attachment":[{"href":"https:\/\/inclusivenews.com.br\/index.php?rest_route=%2Fwp%2Fv2%2Fmedia&parent=18393"}],"wp:term":[{"taxonomy":"category","embeddable":true,"href":"https:\/\/inclusivenews.com.br\/index.php?rest_route=%2Fwp%2Fv2%2Fcategories&post=18393"},{"taxonomy":"post_tag","embeddable":true,"href":"https:\/\/inclusivenews.com.br\/index.php?rest_route=%2Fwp%2Fv2%2Ftags&post=18393"}],"curies":[{"name":"wp","href":"https:\/\/api.w.org\/{rel}","templated":true}]}}