{"id":18449,"date":"2011-02-10T03:01:48","date_gmt":"2011-02-10T06:01:48","guid":{"rendered":"http:\/\/www.inclusive.org.br\/?p=18449"},"modified":"2011-02-10T03:01:48","modified_gmt":"2011-02-10T06:01:48","slug":"o-papel-do-professor-hospitalar","status":"publish","type":"post","link":"https:\/\/inclusivenews.com.br\/?p=18449","title":{"rendered":"O papel do professor hospitalar"},"content":{"rendered":"<figure id=\"attachment_18216\" aria-describedby=\"caption-attachment-18216\" style=\"width: 199px\" class=\"wp-caption alignleft\"><a href=\"http:\/\/www.inclusivenews.com.br\/wp-content\/uploads\/2010\/12\/educacao-hospitalar.jpg\"><img loading=\"lazy\" decoding=\"async\" class=\"size-medium wp-image-18216\" title=\"educacao hospitalar\" src=\"http:\/\/inclusivenews.com.br\/wp-content\/uploads\/2010\/12\/educacao-hospitalar-199x300.jpg\" alt=\"Menino com duas pernas engessadas l\u00ea livro ao lado de professora\" width=\"199\" height=\"300\" \/><\/a><figcaption id=\"caption-attachment-18216\" class=\"wp-caption-text\">Menino com duas pernas engessadas l\u00ea livro ao lado de professora<\/figcaption><\/figure>\n<p>Os acad\u00eamicos do curso de Pedagogia acompanharam no dia 28 de outubro, nos per\u00edodos matutino e noturno, a palestra Pedagogia no Contexto Hospitalar, ministrada pela professora Ingrid Lapa De Camillis Gil, doutora em Psicologia e professora hospitalar da Rede Sarah de Hospitais de Reabilita\u00e7\u00e3o.<\/p>\n<p>Durante a palestra, Ingrid Camillis falou sobre a composi\u00e7\u00e3o da equipe que trabalha com pacientes do hospital: psic\u00f3logos, pedagogos, nutricionistas, m\u00e9dicos, entre outros profissionais que trabalham em conjunto para a reabilita\u00e7\u00e3o dos pacientes.<\/p>\n<p>\u201cO pedagogo, como qualquer outro profissional na \u00e1rea de reabilita\u00e7\u00e3o, agrega conhecimento para a equipe. Ele utiliza esses conhecimentos, instrumentos de trabalho e perspectivas para ampliar as possibilidades na reabilita\u00e7\u00e3o dos pacientes\u201d, disse Ingrid.<\/p>\n<p><img decoding=\"async\" src=\"http:\/\/www.facitec.br\/figuras\/0129102010.jpg\" border=\"0\" alt=\"\" hspace=\"10\" vspace=\"10\" align=\"right\" \/>A palestrante tamb\u00e9m discorreu sobre a contribui\u00e7\u00e3o do pedagogo no ambiente hospitalar. Entre os pontos destacados est\u00e3o: avaliar e intervir nos processos de desenvolvimento e aprendizagem, promover a inclus\u00e3o ou reinclus\u00e3o do paciente no meio escolar, profissional e social, criar estrat\u00e9gias ou recursos alternativos para a educa\u00e7\u00e3o e reeduca\u00e7\u00e3o dos pacientes e realizar orienta\u00e7\u00f5es ao paciente, \u00e0 fam\u00edlia e \u00e0 escola ou trabalho.<\/p>\n<p>Dando continuidade, Ingrid Camillis fez um breve hist\u00f3rico sobre como \u00e9 encarada a defici\u00eancia em nossa sociedade: desde os povos antigos, quando os portadores de defici\u00eancia eram abandonados, exclu\u00eddos e at\u00e9 exterminados por serem considerados \u201canormais\u201d; passando pela Idade M\u00e9dia, quando, por meio do Cristianismo, os deficientes s\u00e3o considerados seres com alma at\u00e9 \u00e0 Idade Moderna, quando a defici\u00eancia come\u00e7ou a ser objeto de pesquisa gra\u00e7as \u00e0s evolu\u00e7\u00f5es da medicina.<\/p>\n<p>Ingrid Camillis tamb\u00e9m falou sobre o hist\u00f3rico educacional, em rela\u00e7\u00e3o \u00e0s pessoas portadoras de defici\u00eancia: os deficientes eram considerados indignos a educa\u00e7\u00e3o, eram ignorados, rejeitados, internados em manic\u00f4mios e at\u00e9 presos. Em 1960 essa realidade come\u00e7a a mudar no Brasil, com a implementa\u00e7\u00e3o de pol\u00edticas para a educa\u00e7\u00e3o especial. Mais ainda assim, o modelo de educa\u00e7\u00e3o especial implementado nessa \u00e9poca beneficiava mais a sociedade do que o pr\u00f3prio indiv\u00edduo portador de defici\u00eancia.<\/p>\n<p>J\u00e1 no s\u00e9culo XX a defici\u00eancia passa a ser entendida como um desenvolvimento diferente e n\u00e3o \u201cdeficiente\u201d. Nos dias atuais, iniciou-se a ideia de que a escola deve-se adaptar \u00e0s peculiaridades dos alunos, e n\u00e3o o contr\u00e1rio. Al\u00e9m disso, o conceito de educa\u00e7\u00e3o inclusiva se amplia com a integra\u00e7\u00e3o entre a escola especial e a educa\u00e7\u00e3o geral.<\/p>\n<p><img decoding=\"async\" src=\"http:\/\/www.facitec.br\/figuras\/0329102010.jpg\" border=\"0\" alt=\"\" hspace=\"10\" vspace=\"10\" align=\"right\" \/>A professora hospitalar tamb\u00e9m falou sobre como devemos lidar com a quest\u00e3o da defici\u00eancia. Ingrid Camillis cita que o primeiro passo \u00e9 reconhecer as dificuldades das pessoas, refletir e compartilhar d\u00favidas, construir em conjunto atitudes e comportamentos que ampliem as possibilidades de inclus\u00e3o dos portadores de defici\u00eancia e buscar apoio para enfrentar os desafios.<\/p>\n<p>Ap\u00f3s as exposi\u00e7\u00f5es da palestrante, foi aberto espa\u00e7o para perguntas. Um dos questionamentos mais interessantes foi do professor do curso de Pedagogia, Messias Ramos Costa, que \u00e9 portador de defici\u00eancia auditiva. Messias Costa questionou, por meio de uma tradutora, se existe um tradutor de L\u00edngua Brasileira de Sinais \u2013 LIBRAS, na Rede Sarah. A palestrante respondeu que no momento n\u00e3o existe um tradutor na rede de Bras\u00edlia. Messias Costa disse que \u00e9 importante ter um profissional nessa \u00e1rea, pois os surdos muitas vezes n\u00e3o s\u00e3o entendidos e n\u00e3o conseguem se comunicar, por falta de profissionais especializados na rede de sa\u00fade.<\/p>\n<p><strong> <\/strong><\/p>\n<p>Para encerrar, Ingrid Camillis leu um poema, sugerido pela acad\u00eamica Mykaella Soares, que estava presente na palestra, do aluno Alexandre Lemos, da Associa\u00e7\u00e3o de Pais e Amigos dos Excepcionais \u2013 APAE, de 28 anos, com idade mental de 15 anos. Abaixo o poema na \u00edntegra:<\/p>\n<p><strong>ILUS\u00d5ES DO AMANH\u00c3 <\/strong><\/p>\n<p><em>&#8216;Por que eu vivo procurando um motivo de viver,<br \/>\nSe a vida \u00e0s vezes parece de mim esquecer? <\/em><br \/>\n<em>Procuro em todas, mas todas n\u00e3o s\u00e3o voc\u00ea.<br \/>\nEu quero apenas viver, se n\u00e3o for para mim, que seja pra voc\u00ea.<\/em><\/p>\n<p><em>Mas \u00e0s vezes voc\u00ea parece me ignorar,<br \/>\nSem nem ao menos me olhar,<br \/>\nMe machucando pra valer.<\/em><\/p>\n<p><em>Atr\u00e1s dos meus sonhos eu vou correr.<br \/>\nEu vou me achar, pra mais tarde em voc\u00ea me perder.<br \/>\nSe a vida d\u00e1 presente pra cada um, o meu, cad\u00ea?<\/em><\/p>\n<p><em>Ser\u00e1 que esse mundo tem jeito?<br \/>\nEsse mundo cheio de preconceito.<br \/>\nQuando estou s\u00f3, preso na minha solid\u00e3o,<br \/>\nJuntando peda\u00e7os de mim que ca\u00edam ao ch\u00e3o,<br \/>\nJuro que \u00e0s vezes nem ao menos sei, quem sou.<\/em><\/p>\n<p><em> <\/em><\/p>\n<p><em>Talvez eu seja um tolo, que acredita num sonho.<br \/>\nNa procura de te esquecer, eu fiz brotar a flor.<br \/>\nPara carregar junto ao peito, <\/em><br \/>\n<em>E crer que esse mundo ainda tem jeito.<\/em><\/p>\n<p><em> <\/em><\/p>\n<p><em>E como pr\u00edncipe sonhador&#8230;<br \/>\nSou um tolo que acredita, ainda, no amor.&#8217; <\/em><\/p>\n<p><strong>PR\u00cdNCIPE POETA (Alexandre Lemos &#8211; APAE)<\/strong><\/p>\n<p><img decoding=\"async\" src=\"http:\/\/www.facitec.br\/figuras\/0229102010.jpg\" border=\"0\" alt=\"\" hspace=\"10\" vspace=\"10\" align=\"right\" \/>Sobre a palestra, a acad\u00eamica que sugeriu o poema que \u201cfoi bastante relevante, pois o assunto \u00e9 um tema relativamente novo. Tenho certeza de que o conhecimento sobre a pedagogia no contexto hospitalar, apresentado pela palestrante, ser\u00e1 muito \u00fatil em nossa forma\u00e7\u00e3o como futuros pedagogos\u201d, comentou a acad\u00eamica.<\/p>\n<p>A Rede Sarah \u00e9 uma das maiores do mundo na \u00e1rea de reabilita\u00e7\u00e3o. Em Bras\u00edlia h\u00e1 duas unidades: a sede, fundada em 1980, e a unidade Lago Norte, inaugurada em 2003. Al\u00e9m disso, a Rede possui unidades em Bel\u00e9m, Belo Horizonte, Macap\u00e1, Fortaleza, Rio de Janeiro, Salvador e S\u00e3o Lu\u00eds.<\/p>\n<p>Em Bras\u00edlia, al\u00e9m de hospital, o Sarah tamb\u00e9m \u00e9 Centro de Administra\u00e7\u00e3o e Gest\u00e3o Hospitalar, Centro de Ensino e Pesquisas, Centro de Pesquisas em Educa\u00e7\u00e3o e Preven\u00e7\u00e3o, Centro de Controle de Qualidade e Centro de Forma\u00e7\u00e3o de Recursos Humanos. Al\u00e9m disso, tamb\u00e9m funciona na unidade do Distrito Federal o curso de mestrado em Ci\u00eancias da Reabilita\u00e7\u00e3o.<\/p>\n<p>Os interessados em conhecer a Rede Sarah, em Bras\u00edlia, podem realizar uma visita t\u00e9cnica. Informa\u00e7\u00f5es pelo site<a rel=\"nofollow noopener\" href=\"http:\/\/www.sarah.br\/\" target=\"_blank\"><span style=\"color: #000000; font-size: xx-small;\">www.sarah.br<\/span><\/a> ou pelo telefone: 3319-1111.<br \/>\n<em><br \/>\nAssessoria de Comunica\u00e7\u00e3o Facitec \u2013 ASCOM<br \/>\nPor: Ana Carolina Silva (Assistente de Comunica\u00e7\u00e3o)<br \/>\nFotografia: Ana Carolina Silva (Assistente de Comunica\u00e7\u00e3o)<br \/>\nCoordena\u00e7\u00e3o: V\u00e2nia Balbino de Souza <\/em><\/p>\n<p><em>Fonte: FACITEC<\/em><\/p>\n","protected":false},"excerpt":{"rendered":"<p>O pedagogo, como qualquer outro profissional na \u00e1rea de reabilita\u00e7\u00e3o, agrega conhecimento para a equipe. Ele utiliza esses conhecimentos, instrumentos de trabalho e perspectivas para ampliar as possibilidades na reabilita\u00e7\u00e3o dos pacientes.<\/p>\n","protected":false},"author":1,"featured_media":0,"comment_status":"open","ping_status":"open","sticky":false,"template":"","format":"standard","meta":{"site-container-style":"default","site-container-layout":"default","site-sidebar-layout":"default","disable-article-header":"default","disable-site-header":"default","disable-site-footer":"default","disable-content-area-spacing":"default","footnotes":""},"categories":[38,6,4,37],"tags":[],"class_list":["post-18449","post","type-post","status-publish","format-standard","hentry","category-deficiencia","category-educacao","category-noticias","category-saude"],"yoast_head":"<!-- This site is optimized with the Yoast SEO plugin v27.5 - https:\/\/yoast.com\/product\/yoast-seo-wordpress\/ -->\n<title>O papel do professor hospitalar -<\/title>\n<meta name=\"robots\" content=\"index, follow, max-snippet:-1, max-image-preview:large, max-video-preview:-1\" \/>\n<link rel=\"canonical\" href=\"https:\/\/inclusivenews.com.br\/?p=18449\" \/>\n<meta property=\"og:locale\" content=\"pt_PT\" \/>\n<meta property=\"og:type\" content=\"article\" \/>\n<meta property=\"og:title\" content=\"O papel do professor hospitalar -\" \/>\n<meta property=\"og:description\" content=\"O pedagogo, como qualquer outro profissional na \u00e1rea de reabilita\u00e7\u00e3o, agrega conhecimento para a equipe. Ele utiliza esses conhecimentos, instrumentos de trabalho e perspectivas para ampliar as possibilidades na reabilita\u00e7\u00e3o dos pacientes.\" \/>\n<meta property=\"og:url\" content=\"https:\/\/inclusivenews.com.br\/?p=18449\" \/>\n<meta property=\"article:publisher\" content=\"https:\/\/www.facebook.com\/agenciainclusive\/\" \/>\n<meta property=\"article:published_time\" content=\"2011-02-10T06:01:48+00:00\" \/>\n<meta property=\"og:image\" content=\"http:\/\/inclusivenews.com.br\/wp-content\/uploads\/2010\/12\/educacao-hospitalar-199x300.jpg\" \/>\n<meta name=\"author\" content=\"inclusivenews2024\" \/>\n<meta name=\"twitter:card\" content=\"summary_large_image\" \/>\n<meta name=\"twitter:label1\" content=\"Escrito por\" \/>\n\t<meta name=\"twitter:data1\" content=\"inclusivenews2024\" \/>\n\t<meta name=\"twitter:label2\" content=\"Tempo estimado de leitura\" \/>\n\t<meta name=\"twitter:data2\" content=\"5 minutos\" \/>\n<script type=\"application\/ld+json\" class=\"yoast-schema-graph\">{\"@context\":\"https:\\\/\\\/schema.org\",\"@graph\":[{\"@type\":\"Article\",\"@id\":\"https:\\\/\\\/inclusivenews.com.br\\\/?p=18449#article\",\"isPartOf\":{\"@id\":\"https:\\\/\\\/inclusivenews.com.br\\\/?p=18449\"},\"author\":{\"name\":\"inclusivenews2024\",\"@id\":\"https:\\\/\\\/inclusivenews.com.br\\\/#\\\/schema\\\/person\\\/ae4ec7087559b8692fb33b6fffd2273b\"},\"headline\":\"O papel do professor hospitalar\",\"datePublished\":\"2011-02-10T06:01:48+00:00\",\"mainEntityOfPage\":{\"@id\":\"https:\\\/\\\/inclusivenews.com.br\\\/?p=18449\"},\"wordCount\":1067,\"commentCount\":5,\"publisher\":{\"@id\":\"https:\\\/\\\/inclusivenews.com.br\\\/#organization\"},\"image\":{\"@id\":\"https:\\\/\\\/inclusivenews.com.br\\\/?p=18449#primaryimage\"},\"thumbnailUrl\":\"http:\\\/\\\/inclusivenews.com.br\\\/wp-content\\\/uploads\\\/2010\\\/12\\\/educacao-hospitalar-199x300.jpg\",\"articleSection\":[\"Defici\u00eancia\",\"EDUCA\u00c7\u00c3O\",\"NOT\u00cdCIAS\",\"Sa\u00fade\"],\"inLanguage\":\"pt-PT\",\"potentialAction\":[{\"@type\":\"CommentAction\",\"name\":\"Comment\",\"target\":[\"https:\\\/\\\/inclusivenews.com.br\\\/?p=18449#respond\"]}]},{\"@type\":\"WebPage\",\"@id\":\"https:\\\/\\\/inclusivenews.com.br\\\/?p=18449\",\"url\":\"https:\\\/\\\/inclusivenews.com.br\\\/?p=18449\",\"name\":\"O papel do professor hospitalar -\",\"isPartOf\":{\"@id\":\"https:\\\/\\\/inclusivenews.com.br\\\/#website\"},\"primaryImageOfPage\":{\"@id\":\"https:\\\/\\\/inclusivenews.com.br\\\/?p=18449#primaryimage\"},\"image\":{\"@id\":\"https:\\\/\\\/inclusivenews.com.br\\\/?p=18449#primaryimage\"},\"thumbnailUrl\":\"http:\\\/\\\/inclusivenews.com.br\\\/wp-content\\\/uploads\\\/2010\\\/12\\\/educacao-hospitalar-199x300.jpg\",\"datePublished\":\"2011-02-10T06:01:48+00:00\",\"breadcrumb\":{\"@id\":\"https:\\\/\\\/inclusivenews.com.br\\\/?p=18449#breadcrumb\"},\"inLanguage\":\"pt-PT\",\"potentialAction\":[{\"@type\":\"ReadAction\",\"target\":[\"https:\\\/\\\/inclusivenews.com.br\\\/?p=18449\"]}]},{\"@type\":\"ImageObject\",\"inLanguage\":\"pt-PT\",\"@id\":\"https:\\\/\\\/inclusivenews.com.br\\\/?p=18449#primaryimage\",\"url\":\"\",\"contentUrl\":\"\"},{\"@type\":\"BreadcrumbList\",\"@id\":\"https:\\\/\\\/inclusivenews.com.br\\\/?p=18449#breadcrumb\",\"itemListElement\":[{\"@type\":\"ListItem\",\"position\":1,\"name\":\"In\u00edcio\",\"item\":\"https:\\\/\\\/inclusivenews.com.br\\\/\"},{\"@type\":\"ListItem\",\"position\":2,\"name\":\"O papel do professor hospitalar\"}]},{\"@type\":\"WebSite\",\"@id\":\"https:\\\/\\\/inclusivenews.com.br\\\/#website\",\"url\":\"https:\\\/\\\/inclusivenews.com.br\\\/\",\"name\":\"Inclusive News\",\"description\":\"Inclusive News\",\"publisher\":{\"@id\":\"https:\\\/\\\/inclusivenews.com.br\\\/#organization\"},\"potentialAction\":[{\"@type\":\"SearchAction\",\"target\":{\"@type\":\"EntryPoint\",\"urlTemplate\":\"https:\\\/\\\/inclusivenews.com.br\\\/?s={search_term_string}\"},\"query-input\":{\"@type\":\"PropertyValueSpecification\",\"valueRequired\":true,\"valueName\":\"search_term_string\"}}],\"inLanguage\":\"pt-PT\"},{\"@type\":\"Organization\",\"@id\":\"https:\\\/\\\/inclusivenews.com.br\\\/#organization\",\"name\":\"Inclusive - inclus\u00e3o e cidadania\",\"url\":\"https:\\\/\\\/inclusivenews.com.br\\\/\",\"logo\":{\"@type\":\"ImageObject\",\"inLanguage\":\"pt-PT\",\"@id\":\"https:\\\/\\\/inclusivenews.com.br\\\/#\\\/schema\\\/logo\\\/image\\\/\",\"url\":\"https:\\\/\\\/inclusivenews.com.br\\\/wp-content\\\/uploads\\\/2024\\\/03\\\/@grandesite.png\",\"contentUrl\":\"https:\\\/\\\/inclusivenews.com.br\\\/wp-content\\\/uploads\\\/2024\\\/03\\\/@grandesite.png\",\"width\":1080,\"height\":1080,\"caption\":\"Inclusive - inclus\u00e3o e cidadania\"},\"image\":{\"@id\":\"https:\\\/\\\/inclusivenews.com.br\\\/#\\\/schema\\\/logo\\\/image\\\/\"},\"sameAs\":[\"https:\\\/\\\/www.facebook.com\\\/agenciainclusive\\\/\",\"https:\\\/\\\/www.instagram.com\\\/newsinclusive\\\/\"]},{\"@type\":\"Person\",\"@id\":\"https:\\\/\\\/inclusivenews.com.br\\\/#\\\/schema\\\/person\\\/ae4ec7087559b8692fb33b6fffd2273b\",\"name\":\"inclusivenews2024\",\"image\":{\"@type\":\"ImageObject\",\"inLanguage\":\"pt-PT\",\"@id\":\"https:\\\/\\\/secure.gravatar.com\\\/avatar\\\/c5a7ef84c66fa914f55bc4f7ce26cfa275a3b9a1c5568b907bd184fb4dde7b40?s=96&d=mm&r=g\",\"url\":\"https:\\\/\\\/secure.gravatar.com\\\/avatar\\\/c5a7ef84c66fa914f55bc4f7ce26cfa275a3b9a1c5568b907bd184fb4dde7b40?s=96&d=mm&r=g\",\"contentUrl\":\"https:\\\/\\\/secure.gravatar.com\\\/avatar\\\/c5a7ef84c66fa914f55bc4f7ce26cfa275a3b9a1c5568b907bd184fb4dde7b40?s=96&d=mm&r=g\",\"caption\":\"inclusivenews2024\"},\"sameAs\":[\"https:\\\/\\\/inclusivenews.com.br\"],\"url\":\"https:\\\/\\\/inclusivenews.com.br\\\/?author=1\"}]}<\/script>\n<!-- \/ Yoast SEO plugin. -->","yoast_head_json":{"title":"O papel do professor hospitalar -","robots":{"index":"index","follow":"follow","max-snippet":"max-snippet:-1","max-image-preview":"max-image-preview:large","max-video-preview":"max-video-preview:-1"},"canonical":"https:\/\/inclusivenews.com.br\/?p=18449","og_locale":"pt_PT","og_type":"article","og_title":"O papel do professor hospitalar -","og_description":"O pedagogo, como qualquer outro profissional na \u00e1rea de reabilita\u00e7\u00e3o, agrega conhecimento para a equipe. Ele utiliza esses conhecimentos, instrumentos de trabalho e perspectivas para ampliar as possibilidades na reabilita\u00e7\u00e3o dos pacientes.","og_url":"https:\/\/inclusivenews.com.br\/?p=18449","article_publisher":"https:\/\/www.facebook.com\/agenciainclusive\/","article_published_time":"2011-02-10T06:01:48+00:00","og_image":[{"url":"http:\/\/inclusivenews.com.br\/wp-content\/uploads\/2010\/12\/educacao-hospitalar-199x300.jpg","type":"","width":"","height":""}],"author":"inclusivenews2024","twitter_card":"summary_large_image","twitter_misc":{"Escrito por":"inclusivenews2024","Tempo estimado de leitura":"5 minutos"},"schema":{"@context":"https:\/\/schema.org","@graph":[{"@type":"Article","@id":"https:\/\/inclusivenews.com.br\/?p=18449#article","isPartOf":{"@id":"https:\/\/inclusivenews.com.br\/?p=18449"},"author":{"name":"inclusivenews2024","@id":"https:\/\/inclusivenews.com.br\/#\/schema\/person\/ae4ec7087559b8692fb33b6fffd2273b"},"headline":"O papel do professor hospitalar","datePublished":"2011-02-10T06:01:48+00:00","mainEntityOfPage":{"@id":"https:\/\/inclusivenews.com.br\/?p=18449"},"wordCount":1067,"commentCount":5,"publisher":{"@id":"https:\/\/inclusivenews.com.br\/#organization"},"image":{"@id":"https:\/\/inclusivenews.com.br\/?p=18449#primaryimage"},"thumbnailUrl":"http:\/\/inclusivenews.com.br\/wp-content\/uploads\/2010\/12\/educacao-hospitalar-199x300.jpg","articleSection":["Defici\u00eancia","EDUCA\u00c7\u00c3O","NOT\u00cdCIAS","Sa\u00fade"],"inLanguage":"pt-PT","potentialAction":[{"@type":"CommentAction","name":"Comment","target":["https:\/\/inclusivenews.com.br\/?p=18449#respond"]}]},{"@type":"WebPage","@id":"https:\/\/inclusivenews.com.br\/?p=18449","url":"https:\/\/inclusivenews.com.br\/?p=18449","name":"O papel do professor hospitalar -","isPartOf":{"@id":"https:\/\/inclusivenews.com.br\/#website"},"primaryImageOfPage":{"@id":"https:\/\/inclusivenews.com.br\/?p=18449#primaryimage"},"image":{"@id":"https:\/\/inclusivenews.com.br\/?p=18449#primaryimage"},"thumbnailUrl":"http:\/\/inclusivenews.com.br\/wp-content\/uploads\/2010\/12\/educacao-hospitalar-199x300.jpg","datePublished":"2011-02-10T06:01:48+00:00","breadcrumb":{"@id":"https:\/\/inclusivenews.com.br\/?p=18449#breadcrumb"},"inLanguage":"pt-PT","potentialAction":[{"@type":"ReadAction","target":["https:\/\/inclusivenews.com.br\/?p=18449"]}]},{"@type":"ImageObject","inLanguage":"pt-PT","@id":"https:\/\/inclusivenews.com.br\/?p=18449#primaryimage","url":"","contentUrl":""},{"@type":"BreadcrumbList","@id":"https:\/\/inclusivenews.com.br\/?p=18449#breadcrumb","itemListElement":[{"@type":"ListItem","position":1,"name":"In\u00edcio","item":"https:\/\/inclusivenews.com.br\/"},{"@type":"ListItem","position":2,"name":"O papel do professor hospitalar"}]},{"@type":"WebSite","@id":"https:\/\/inclusivenews.com.br\/#website","url":"https:\/\/inclusivenews.com.br\/","name":"Inclusive News","description":"Inclusive News","publisher":{"@id":"https:\/\/inclusivenews.com.br\/#organization"},"potentialAction":[{"@type":"SearchAction","target":{"@type":"EntryPoint","urlTemplate":"https:\/\/inclusivenews.com.br\/?s={search_term_string}"},"query-input":{"@type":"PropertyValueSpecification","valueRequired":true,"valueName":"search_term_string"}}],"inLanguage":"pt-PT"},{"@type":"Organization","@id":"https:\/\/inclusivenews.com.br\/#organization","name":"Inclusive - inclus\u00e3o e cidadania","url":"https:\/\/inclusivenews.com.br\/","logo":{"@type":"ImageObject","inLanguage":"pt-PT","@id":"https:\/\/inclusivenews.com.br\/#\/schema\/logo\/image\/","url":"https:\/\/inclusivenews.com.br\/wp-content\/uploads\/2024\/03\/@grandesite.png","contentUrl":"https:\/\/inclusivenews.com.br\/wp-content\/uploads\/2024\/03\/@grandesite.png","width":1080,"height":1080,"caption":"Inclusive - inclus\u00e3o e cidadania"},"image":{"@id":"https:\/\/inclusivenews.com.br\/#\/schema\/logo\/image\/"},"sameAs":["https:\/\/www.facebook.com\/agenciainclusive\/","https:\/\/www.instagram.com\/newsinclusive\/"]},{"@type":"Person","@id":"https:\/\/inclusivenews.com.br\/#\/schema\/person\/ae4ec7087559b8692fb33b6fffd2273b","name":"inclusivenews2024","image":{"@type":"ImageObject","inLanguage":"pt-PT","@id":"https:\/\/secure.gravatar.com\/avatar\/c5a7ef84c66fa914f55bc4f7ce26cfa275a3b9a1c5568b907bd184fb4dde7b40?s=96&d=mm&r=g","url":"https:\/\/secure.gravatar.com\/avatar\/c5a7ef84c66fa914f55bc4f7ce26cfa275a3b9a1c5568b907bd184fb4dde7b40?s=96&d=mm&r=g","contentUrl":"https:\/\/secure.gravatar.com\/avatar\/c5a7ef84c66fa914f55bc4f7ce26cfa275a3b9a1c5568b907bd184fb4dde7b40?s=96&d=mm&r=g","caption":"inclusivenews2024"},"sameAs":["https:\/\/inclusivenews.com.br"],"url":"https:\/\/inclusivenews.com.br\/?author=1"}]}},"_links":{"self":[{"href":"https:\/\/inclusivenews.com.br\/index.php?rest_route=\/wp\/v2\/posts\/18449","targetHints":{"allow":["GET"]}}],"collection":[{"href":"https:\/\/inclusivenews.com.br\/index.php?rest_route=\/wp\/v2\/posts"}],"about":[{"href":"https:\/\/inclusivenews.com.br\/index.php?rest_route=\/wp\/v2\/types\/post"}],"author":[{"embeddable":true,"href":"https:\/\/inclusivenews.com.br\/index.php?rest_route=\/wp\/v2\/users\/1"}],"replies":[{"embeddable":true,"href":"https:\/\/inclusivenews.com.br\/index.php?rest_route=%2Fwp%2Fv2%2Fcomments&post=18449"}],"version-history":[{"count":0,"href":"https:\/\/inclusivenews.com.br\/index.php?rest_route=\/wp\/v2\/posts\/18449\/revisions"}],"wp:attachment":[{"href":"https:\/\/inclusivenews.com.br\/index.php?rest_route=%2Fwp%2Fv2%2Fmedia&parent=18449"}],"wp:term":[{"taxonomy":"category","embeddable":true,"href":"https:\/\/inclusivenews.com.br\/index.php?rest_route=%2Fwp%2Fv2%2Fcategories&post=18449"},{"taxonomy":"post_tag","embeddable":true,"href":"https:\/\/inclusivenews.com.br\/index.php?rest_route=%2Fwp%2Fv2%2Ftags&post=18449"}],"curies":[{"name":"wp","href":"https:\/\/api.w.org\/{rel}","templated":true}]}}