{"id":18460,"date":"2011-02-10T03:11:33","date_gmt":"2011-02-10T06:11:33","guid":{"rendered":"http:\/\/www.inclusive.org.br\/?p=18460"},"modified":"2011-02-10T03:11:33","modified_gmt":"2011-02-10T06:11:33","slug":"mudou-lula-ou-mudou-o-fsm","status":"publish","type":"post","link":"https:\/\/inclusivenews.com.br\/?p=18460","title":{"rendered":"Mudou Lula ou mudou o FSM?"},"content":{"rendered":"<figure id=\"attachment_18461\" aria-describedby=\"caption-attachment-18461\" style=\"width: 151px\" class=\"wp-caption alignleft\"><a href=\"http:\/\/www.inclusivenews.com.br\/wp-content\/uploads\/2011\/02\/logo-forum.png\"><img loading=\"lazy\" decoding=\"async\" class=\"size-full wp-image-18461\" title=\"logo forum\" src=\"http:\/\/inclusivenews.com.br\/wp-content\/uploads\/2011\/02\/logo-forum.png\" alt=\"Logo do F\u00f3rum Social Mundial Dacar 2011 - oval amarela na borda, vermelha no centro e ilutra\u00e7\u00e3o estilizada de pessoas em azul, branco e verde\" width=\"151\" height=\"110\" \/><\/a><figcaption id=\"caption-attachment-18461\" class=\"wp-caption-text\">Logo do F\u00f3rum Social Mundial Dacar 2011 - oval amarela na borda, vermelha no centro e ilutra\u00e7\u00e3o estilizada de pessoas em azul, branco e verde<\/figcaption><\/figure>\n<p>&#8220;Mudou <strong>Lula<\/strong> e o governo brasileiro ou mudou o <strong>FSM<\/strong>?&#8221;, pergunta <strong>Emir Sader<\/strong>, soci\u00f3logo, no seu blog, 08-02-2011.<\/p>\n<p>Segundo Sader, &#8220;o <strong>F\u00f3rum de Dacar<\/strong> foi um avan\u00e7o na  supera\u00e7\u00e3o das barreiras artificiais entre for\u00e7as sociais e for\u00e7as  politicas, entre resist\u00eancia e constru\u00e7\u00e3o de alternativas. Pela evolu\u00e7\u00e3o  do <strong>FSM<\/strong> e de <strong>Lula<\/strong> foi poss\u00edvel a passagem das diferen\u00e7as e dos conflitos de 2003 \u00e0 converg\u00eancia de 2011&#8243;.<\/p>\n<p><strong>Eis o artigo.<\/strong><\/p>\n<p>Na reuni\u00e3o do <strong>Comit\u00ea Internacional do F\u00f3rum Social Mundial<\/strong> de 2001 com <strong>Lula<\/strong>, este foi duramente interpelado por todas as interven\u00e7\u00f5es, seja sobre o papel do Brasil na <strong>OMC<\/strong>,  sobre as rela\u00e7\u00f5es do governo brasileiro com as empresas de  agroneg\u00f3cios, seja pelo lugar do governo na polariza\u00e7\u00e3o politica  mundial.<\/p>\n<p>Neste <strong>F\u00f3rum de 2011<\/strong>, <strong>Lula<\/strong> foi  aclamado como ningu\u00e9m, aparece como um grande l\u00edder de proje\u00e7\u00e3o mundial.  Naquela que deveria ser a reuni\u00e3o correspondente \u00e0 de 2001, com o  Ministro Secretario Geral do governo, <strong>Gilberto Carvalho<\/strong>, ningu\u00e9m levantou nenhum questionamento \u2013 nem sobre <strong>Belo Monte<\/strong>, <strong>S\u00e3o Francisco<\/strong>, <strong>OMC<\/strong>, <strong>Haiti<\/strong> ou qualquer outra quest\u00e3o -, ao contr\u00e1rio, houve enorme congra\u00e7amento, especialmente entre ONGs e governo.<\/p>\n<p>Mudou <strong>Lula<\/strong> e o governo brasileiro ou mudou o <strong>FSM<\/strong>?<\/p>\n<p>Ambos mudaram. Basta dizer que a abertura deste <strong>FSM<\/strong> teve apenas duas interven\u00e7\u00f5es \u2013 a do presidente da Bol\u00edvia, <strong>Evo Morales<\/strong>, e a do Ministro do governo Dilma,<strong> Gilberto Carvalho<\/strong>.  Isto \u00e9, ao contr\u00e1rio dos Foros anteriores, inclu\u00eddo o de Bel\u00e9m, em que a  presen\u00e7a de 5 presidentes latino-americanos teve que encontrar um  espa\u00e7o paralelo \u00e0 programa\u00e7\u00e3o do F\u00f3rum, desta vez dois representantes de  governo ocuparam lugar central e \u2013 tirando a corda excessivamente para o  outro lado &#8211; nenhum movimento social falou na abertura do <strong>FSM<\/strong>.<\/p>\n<p>De qualquer maneira avan\u00e7ou-se de uma atitude de exclus\u00e3o de  governos, partidos, pol\u00edticos, para a incorpora\u00e7\u00e3o de representantes de  governos progressistas da Am\u00e9rica Latina no corpo mesmo do <strong>FSM<\/strong>.  Certamente mudou a situa\u00e7\u00e3o politica e isto representa um  reconhecimento de que os governos progressistas da Am\u00e9rica Latina est\u00e3o  construindo o outro mundo poss\u00edvel.<\/p>\n<p><strong>Lula<\/strong>, antes objeto de grandes cr\u00edticas, aparece como  um grande l\u00edder dos povos de Sul do mundo, engajado na constru\u00e7\u00e3o de um  mundo multipolar, na critica dura \u00e0 domina\u00e7\u00e3o do mundo pelas potencias  tradicionais, na cr\u00edtica \u00e0 forma como os pa\u00edses do centro do capitalismo  geraram a crise atual e n\u00e3o conseguem sair dela, por se manterem no  marco das posi\u00e7\u00f5es neoliberais.<\/p>\n<p>Mas certamente tamb\u00e9m mudou o <strong>FSM<\/strong>. Se v\u00ea uma  participa\u00e7\u00e3o relativamente menor dos movimentos sociais e mesmo das  pr\u00f3prias ONGs. A situa\u00e7\u00e3o destas ficou mais explicita em interven\u00e7\u00f5es na  reuni\u00e3o com <strong>Gilberto Carvalho<\/strong>, onde representantes das  ONGs expressaram a crise financeira que as afeta, al\u00e9m da vis\u00e3o de que  nunca teriam sido anti governamentais, mas contra governos neoliberais e  aceitando a proposta do governo de uma comiss\u00e3o permanente de  intercambio entre o governo do Brasil e o <strong>Comit\u00ea Internacional do FSM<\/strong>.<\/p>\n<p>\u00c9 bom que seja assim, mas sempre que o <strong>FSM<\/strong> fortale\u00e7a a presen\u00e7a dos movimentos sociais \u2013 sua forma central de exist\u00eancia.<\/p>\n<p><strong>Lula<\/strong> tampouco \u00e9 o mesmo de 2003. Seu discurso foi se  desenvolvendo conforme o mundo foi mudando e, com ele, a politica  externa brasileira foi se tornando mais abrangente. O diagn\u00f3stico da  crise feito por <strong>Lula<\/strong> aponta para responsabilidades  centrais das pot\u00eancias capitalistas e sua forma de resgatar aos bancos,  mas n\u00e3o a economia dos seus pa\u00edses e a massa da popula\u00e7\u00e3o \u2013 vitimas  diretas da crise.<\/p>\n<p>O Brasil foi desenvolvendo uma estrat\u00e9gia internacional centrada nas  alian\u00e7as com os pa\u00edses do Sul do mundo \u2013 sela na Am\u00e9rica do Sul, assim  com os <strong>Brics<\/strong> -, trabalhando na dire\u00e7\u00e3o de um mundo  economicamente multipolar. Da mesma forma que o Brasil foi incorporando  temas como a quest\u00e3o palestina e o conflito dos EUA com o Ir\u00e3, no  entendimento de que outros atores deveriam intervir, n\u00e3o apenas para  buscar evitar novos focos de guerra, mas tamb\u00e9m para desarticular focos  existentes, com solu\u00e7\u00f5es que contemplem todas as partes envolvidas.<\/p>\n<p>S\u00e3o todos temas caros ao pr\u00f3prio <strong>FSM<\/strong>, que n\u00e3o teria  mesmo como n\u00e3o se alinhar com os governos progressistas  latino-americanos que, mesmo com matizes distintos, buscam a constru\u00e7\u00e3o  de alternativas ao neoliberalismo.<\/p>\n<p>Desse ponto de vista, o <strong>F\u00f3rum de Dacar<\/strong> foi um avan\u00e7o  na supera\u00e7\u00e3o das barreiras artificiais entre for\u00e7as sociais e for\u00e7as  politicas, entre resist\u00eancia e constru\u00e7\u00e3o de alternativas. Pela evolu\u00e7\u00e3o  do <strong>FSM<\/strong> e de <strong>Lula<\/strong> foi poss\u00edvel a passagem das diferen\u00e7as e dos conflitos de 2003 \u00e0 converg\u00eancia de 2011.<\/p>\n<p>O pr\u00f3ximo \u2013 que, ao que tudo indica, ser\u00e1 realizado em <strong>Porto Alegre<\/strong> \u2013 pode permitir uma formata\u00e7\u00e3o distinta, talvez colocando no centro mesmo do <strong>FSM<\/strong> a rela\u00e7\u00e3o desses governos com os movimentos sociais, especialmente nos  temas em que existem diferen\u00e7as e tens\u00f5es \u2013 como as quest\u00f5es do meio  ambiente, da reforma agr\u00e1ria, da explora\u00e7\u00e3o dos recursos naturais, da  democratiza\u00e7\u00e3o dos meios de comunica\u00e7\u00e3o, entre outros. Assim o <strong>FSM<\/strong> assumiria um formato adequado \u00e0s condi\u00e7\u00f5es atuais de luta pela  supera\u00e7\u00e3o do neoliberalismo, que representam uma vit\u00f3ria das teses  defendidas desde sua origem pelo F\u00f3rum e que, por isso mesmo, demandam a  atualiza\u00e7\u00e3o de suas formas de exist\u00eancia, para estar \u00e0 altura dos  desafios atuais da constru\u00e7\u00e3o do outro mundo poss\u00edvel.<\/p>\n<p>Fonte: <a href=\"http:\/\/www.ihu.unisinos.br\/index.php?option=com_noticias&amp;Itemid=18&amp;task=detalhe&amp;id=40516\">Instituto Humanitas<\/a><\/p>\n","protected":false},"excerpt":{"rendered":"<p>Segundo Emir Sader, &#8220;o F\u00f3rum de Dacar foi um avan\u00e7o na supera\u00e7\u00e3o das barreiras artificiais entre for\u00e7as sociais e for\u00e7as politicas, entre resist\u00eancia e constru\u00e7\u00e3o de alternativas.<\/p>\n","protected":false},"author":1,"featured_media":0,"comment_status":"open","ping_status":"open","sticky":false,"template":"","format":"standard","meta":{"site-container-style":"default","site-container-layout":"default","site-sidebar-layout":"default","disable-article-header":"default","disable-site-header":"default","disable-site-footer":"default","disable-content-area-spacing":"default","footnotes":""},"categories":[48,4,8],"tags":[],"class_list":["post-18460","post","type-post","status-publish","format-standard","hentry","category-inclusao","category-noticias","category-textos-e-artigos"],"yoast_head":"<!-- This site is optimized with the Yoast SEO plugin v27.5 - https:\/\/yoast.com\/product\/yoast-seo-wordpress\/ -->\n<title>Mudou Lula ou mudou o FSM? -<\/title>\n<meta name=\"robots\" content=\"index, follow, max-snippet:-1, max-image-preview:large, max-video-preview:-1\" \/>\n<link rel=\"canonical\" href=\"https:\/\/inclusivenews.com.br\/?p=18460\" \/>\n<meta property=\"og:locale\" content=\"pt_PT\" \/>\n<meta property=\"og:type\" content=\"article\" \/>\n<meta property=\"og:title\" content=\"Mudou Lula ou mudou o FSM? -\" \/>\n<meta property=\"og:description\" content=\"Segundo Emir Sader, &quot;o F\u00f3rum de Dacar foi um avan\u00e7o na supera\u00e7\u00e3o das barreiras artificiais entre for\u00e7as sociais e for\u00e7as politicas, entre resist\u00eancia e constru\u00e7\u00e3o de alternativas.\" \/>\n<meta property=\"og:url\" content=\"https:\/\/inclusivenews.com.br\/?p=18460\" \/>\n<meta property=\"article:publisher\" content=\"https:\/\/www.facebook.com\/agenciainclusive\/\" \/>\n<meta property=\"article:published_time\" content=\"2011-02-10T06:11:33+00:00\" \/>\n<meta property=\"og:image\" content=\"http:\/\/inclusivenews.com.br\/wp-content\/uploads\/2011\/02\/logo-forum.png\" \/>\n<meta name=\"author\" content=\"inclusivenews2024\" \/>\n<meta name=\"twitter:card\" content=\"summary_large_image\" \/>\n<meta name=\"twitter:label1\" content=\"Escrito por\" \/>\n\t<meta name=\"twitter:data1\" content=\"inclusivenews2024\" \/>\n\t<meta name=\"twitter:label2\" content=\"Tempo estimado de leitura\" \/>\n\t<meta name=\"twitter:data2\" content=\"5 minutos\" \/>\n<script type=\"application\/ld+json\" class=\"yoast-schema-graph\">{\"@context\":\"https:\\\/\\\/schema.org\",\"@graph\":[{\"@type\":\"Article\",\"@id\":\"https:\\\/\\\/inclusivenews.com.br\\\/?p=18460#article\",\"isPartOf\":{\"@id\":\"https:\\\/\\\/inclusivenews.com.br\\\/?p=18460\"},\"author\":{\"name\":\"inclusivenews2024\",\"@id\":\"https:\\\/\\\/inclusivenews.com.br\\\/#\\\/schema\\\/person\\\/ae4ec7087559b8692fb33b6fffd2273b\"},\"headline\":\"Mudou Lula ou mudou o FSM?\",\"datePublished\":\"2011-02-10T06:11:33+00:00\",\"mainEntityOfPage\":{\"@id\":\"https:\\\/\\\/inclusivenews.com.br\\\/?p=18460\"},\"wordCount\":984,\"commentCount\":0,\"publisher\":{\"@id\":\"https:\\\/\\\/inclusivenews.com.br\\\/#organization\"},\"image\":{\"@id\":\"https:\\\/\\\/inclusivenews.com.br\\\/?p=18460#primaryimage\"},\"thumbnailUrl\":\"http:\\\/\\\/inclusivenews.com.br\\\/wp-content\\\/uploads\\\/2011\\\/02\\\/logo-forum.png\",\"articleSection\":[\"INCLUS\u00c3O SOCIAL\",\"NOT\u00cdCIAS\",\"OPINI\u00c3O\"],\"inLanguage\":\"pt-PT\",\"potentialAction\":[{\"@type\":\"CommentAction\",\"name\":\"Comment\",\"target\":[\"https:\\\/\\\/inclusivenews.com.br\\\/?p=18460#respond\"]}]},{\"@type\":\"WebPage\",\"@id\":\"https:\\\/\\\/inclusivenews.com.br\\\/?p=18460\",\"url\":\"https:\\\/\\\/inclusivenews.com.br\\\/?p=18460\",\"name\":\"Mudou Lula ou mudou o FSM? -\",\"isPartOf\":{\"@id\":\"https:\\\/\\\/inclusivenews.com.br\\\/#website\"},\"primaryImageOfPage\":{\"@id\":\"https:\\\/\\\/inclusivenews.com.br\\\/?p=18460#primaryimage\"},\"image\":{\"@id\":\"https:\\\/\\\/inclusivenews.com.br\\\/?p=18460#primaryimage\"},\"thumbnailUrl\":\"http:\\\/\\\/inclusivenews.com.br\\\/wp-content\\\/uploads\\\/2011\\\/02\\\/logo-forum.png\",\"datePublished\":\"2011-02-10T06:11:33+00:00\",\"breadcrumb\":{\"@id\":\"https:\\\/\\\/inclusivenews.com.br\\\/?p=18460#breadcrumb\"},\"inLanguage\":\"pt-PT\",\"potentialAction\":[{\"@type\":\"ReadAction\",\"target\":[\"https:\\\/\\\/inclusivenews.com.br\\\/?p=18460\"]}]},{\"@type\":\"ImageObject\",\"inLanguage\":\"pt-PT\",\"@id\":\"https:\\\/\\\/inclusivenews.com.br\\\/?p=18460#primaryimage\",\"url\":\"\",\"contentUrl\":\"\"},{\"@type\":\"BreadcrumbList\",\"@id\":\"https:\\\/\\\/inclusivenews.com.br\\\/?p=18460#breadcrumb\",\"itemListElement\":[{\"@type\":\"ListItem\",\"position\":1,\"name\":\"In\u00edcio\",\"item\":\"https:\\\/\\\/inclusivenews.com.br\\\/\"},{\"@type\":\"ListItem\",\"position\":2,\"name\":\"Mudou Lula ou mudou o FSM?\"}]},{\"@type\":\"WebSite\",\"@id\":\"https:\\\/\\\/inclusivenews.com.br\\\/#website\",\"url\":\"https:\\\/\\\/inclusivenews.com.br\\\/\",\"name\":\"Inclusive News\",\"description\":\"Inclusive News\",\"publisher\":{\"@id\":\"https:\\\/\\\/inclusivenews.com.br\\\/#organization\"},\"potentialAction\":[{\"@type\":\"SearchAction\",\"target\":{\"@type\":\"EntryPoint\",\"urlTemplate\":\"https:\\\/\\\/inclusivenews.com.br\\\/?s={search_term_string}\"},\"query-input\":{\"@type\":\"PropertyValueSpecification\",\"valueRequired\":true,\"valueName\":\"search_term_string\"}}],\"inLanguage\":\"pt-PT\"},{\"@type\":\"Organization\",\"@id\":\"https:\\\/\\\/inclusivenews.com.br\\\/#organization\",\"name\":\"Inclusive - inclus\u00e3o e cidadania\",\"url\":\"https:\\\/\\\/inclusivenews.com.br\\\/\",\"logo\":{\"@type\":\"ImageObject\",\"inLanguage\":\"pt-PT\",\"@id\":\"https:\\\/\\\/inclusivenews.com.br\\\/#\\\/schema\\\/logo\\\/image\\\/\",\"url\":\"https:\\\/\\\/inclusivenews.com.br\\\/wp-content\\\/uploads\\\/2024\\\/03\\\/@grandesite.png\",\"contentUrl\":\"https:\\\/\\\/inclusivenews.com.br\\\/wp-content\\\/uploads\\\/2024\\\/03\\\/@grandesite.png\",\"width\":1080,\"height\":1080,\"caption\":\"Inclusive - inclus\u00e3o e cidadania\"},\"image\":{\"@id\":\"https:\\\/\\\/inclusivenews.com.br\\\/#\\\/schema\\\/logo\\\/image\\\/\"},\"sameAs\":[\"https:\\\/\\\/www.facebook.com\\\/agenciainclusive\\\/\",\"https:\\\/\\\/www.instagram.com\\\/newsinclusive\\\/\"]},{\"@type\":\"Person\",\"@id\":\"https:\\\/\\\/inclusivenews.com.br\\\/#\\\/schema\\\/person\\\/ae4ec7087559b8692fb33b6fffd2273b\",\"name\":\"inclusivenews2024\",\"image\":{\"@type\":\"ImageObject\",\"inLanguage\":\"pt-PT\",\"@id\":\"https:\\\/\\\/secure.gravatar.com\\\/avatar\\\/c5a7ef84c66fa914f55bc4f7ce26cfa275a3b9a1c5568b907bd184fb4dde7b40?s=96&d=mm&r=g\",\"url\":\"https:\\\/\\\/secure.gravatar.com\\\/avatar\\\/c5a7ef84c66fa914f55bc4f7ce26cfa275a3b9a1c5568b907bd184fb4dde7b40?s=96&d=mm&r=g\",\"contentUrl\":\"https:\\\/\\\/secure.gravatar.com\\\/avatar\\\/c5a7ef84c66fa914f55bc4f7ce26cfa275a3b9a1c5568b907bd184fb4dde7b40?s=96&d=mm&r=g\",\"caption\":\"inclusivenews2024\"},\"sameAs\":[\"https:\\\/\\\/inclusivenews.com.br\"],\"url\":\"https:\\\/\\\/inclusivenews.com.br\\\/?author=1\"}]}<\/script>\n<!-- \/ Yoast SEO plugin. -->","yoast_head_json":{"title":"Mudou Lula ou mudou o FSM? -","robots":{"index":"index","follow":"follow","max-snippet":"max-snippet:-1","max-image-preview":"max-image-preview:large","max-video-preview":"max-video-preview:-1"},"canonical":"https:\/\/inclusivenews.com.br\/?p=18460","og_locale":"pt_PT","og_type":"article","og_title":"Mudou Lula ou mudou o FSM? -","og_description":"Segundo Emir Sader, \"o F\u00f3rum de Dacar foi um avan\u00e7o na supera\u00e7\u00e3o das barreiras artificiais entre for\u00e7as sociais e for\u00e7as politicas, entre resist\u00eancia e constru\u00e7\u00e3o de alternativas.","og_url":"https:\/\/inclusivenews.com.br\/?p=18460","article_publisher":"https:\/\/www.facebook.com\/agenciainclusive\/","article_published_time":"2011-02-10T06:11:33+00:00","og_image":[{"url":"http:\/\/inclusivenews.com.br\/wp-content\/uploads\/2011\/02\/logo-forum.png","type":"","width":"","height":""}],"author":"inclusivenews2024","twitter_card":"summary_large_image","twitter_misc":{"Escrito por":"inclusivenews2024","Tempo estimado de leitura":"5 minutos"},"schema":{"@context":"https:\/\/schema.org","@graph":[{"@type":"Article","@id":"https:\/\/inclusivenews.com.br\/?p=18460#article","isPartOf":{"@id":"https:\/\/inclusivenews.com.br\/?p=18460"},"author":{"name":"inclusivenews2024","@id":"https:\/\/inclusivenews.com.br\/#\/schema\/person\/ae4ec7087559b8692fb33b6fffd2273b"},"headline":"Mudou Lula ou mudou o FSM?","datePublished":"2011-02-10T06:11:33+00:00","mainEntityOfPage":{"@id":"https:\/\/inclusivenews.com.br\/?p=18460"},"wordCount":984,"commentCount":0,"publisher":{"@id":"https:\/\/inclusivenews.com.br\/#organization"},"image":{"@id":"https:\/\/inclusivenews.com.br\/?p=18460#primaryimage"},"thumbnailUrl":"http:\/\/inclusivenews.com.br\/wp-content\/uploads\/2011\/02\/logo-forum.png","articleSection":["INCLUS\u00c3O SOCIAL","NOT\u00cdCIAS","OPINI\u00c3O"],"inLanguage":"pt-PT","potentialAction":[{"@type":"CommentAction","name":"Comment","target":["https:\/\/inclusivenews.com.br\/?p=18460#respond"]}]},{"@type":"WebPage","@id":"https:\/\/inclusivenews.com.br\/?p=18460","url":"https:\/\/inclusivenews.com.br\/?p=18460","name":"Mudou Lula ou mudou o FSM? -","isPartOf":{"@id":"https:\/\/inclusivenews.com.br\/#website"},"primaryImageOfPage":{"@id":"https:\/\/inclusivenews.com.br\/?p=18460#primaryimage"},"image":{"@id":"https:\/\/inclusivenews.com.br\/?p=18460#primaryimage"},"thumbnailUrl":"http:\/\/inclusivenews.com.br\/wp-content\/uploads\/2011\/02\/logo-forum.png","datePublished":"2011-02-10T06:11:33+00:00","breadcrumb":{"@id":"https:\/\/inclusivenews.com.br\/?p=18460#breadcrumb"},"inLanguage":"pt-PT","potentialAction":[{"@type":"ReadAction","target":["https:\/\/inclusivenews.com.br\/?p=18460"]}]},{"@type":"ImageObject","inLanguage":"pt-PT","@id":"https:\/\/inclusivenews.com.br\/?p=18460#primaryimage","url":"","contentUrl":""},{"@type":"BreadcrumbList","@id":"https:\/\/inclusivenews.com.br\/?p=18460#breadcrumb","itemListElement":[{"@type":"ListItem","position":1,"name":"In\u00edcio","item":"https:\/\/inclusivenews.com.br\/"},{"@type":"ListItem","position":2,"name":"Mudou Lula ou mudou o FSM?"}]},{"@type":"WebSite","@id":"https:\/\/inclusivenews.com.br\/#website","url":"https:\/\/inclusivenews.com.br\/","name":"Inclusive News","description":"Inclusive News","publisher":{"@id":"https:\/\/inclusivenews.com.br\/#organization"},"potentialAction":[{"@type":"SearchAction","target":{"@type":"EntryPoint","urlTemplate":"https:\/\/inclusivenews.com.br\/?s={search_term_string}"},"query-input":{"@type":"PropertyValueSpecification","valueRequired":true,"valueName":"search_term_string"}}],"inLanguage":"pt-PT"},{"@type":"Organization","@id":"https:\/\/inclusivenews.com.br\/#organization","name":"Inclusive - inclus\u00e3o e cidadania","url":"https:\/\/inclusivenews.com.br\/","logo":{"@type":"ImageObject","inLanguage":"pt-PT","@id":"https:\/\/inclusivenews.com.br\/#\/schema\/logo\/image\/","url":"https:\/\/inclusivenews.com.br\/wp-content\/uploads\/2024\/03\/@grandesite.png","contentUrl":"https:\/\/inclusivenews.com.br\/wp-content\/uploads\/2024\/03\/@grandesite.png","width":1080,"height":1080,"caption":"Inclusive - inclus\u00e3o e cidadania"},"image":{"@id":"https:\/\/inclusivenews.com.br\/#\/schema\/logo\/image\/"},"sameAs":["https:\/\/www.facebook.com\/agenciainclusive\/","https:\/\/www.instagram.com\/newsinclusive\/"]},{"@type":"Person","@id":"https:\/\/inclusivenews.com.br\/#\/schema\/person\/ae4ec7087559b8692fb33b6fffd2273b","name":"inclusivenews2024","image":{"@type":"ImageObject","inLanguage":"pt-PT","@id":"https:\/\/secure.gravatar.com\/avatar\/c5a7ef84c66fa914f55bc4f7ce26cfa275a3b9a1c5568b907bd184fb4dde7b40?s=96&d=mm&r=g","url":"https:\/\/secure.gravatar.com\/avatar\/c5a7ef84c66fa914f55bc4f7ce26cfa275a3b9a1c5568b907bd184fb4dde7b40?s=96&d=mm&r=g","contentUrl":"https:\/\/secure.gravatar.com\/avatar\/c5a7ef84c66fa914f55bc4f7ce26cfa275a3b9a1c5568b907bd184fb4dde7b40?s=96&d=mm&r=g","caption":"inclusivenews2024"},"sameAs":["https:\/\/inclusivenews.com.br"],"url":"https:\/\/inclusivenews.com.br\/?author=1"}]}},"_links":{"self":[{"href":"https:\/\/inclusivenews.com.br\/index.php?rest_route=\/wp\/v2\/posts\/18460","targetHints":{"allow":["GET"]}}],"collection":[{"href":"https:\/\/inclusivenews.com.br\/index.php?rest_route=\/wp\/v2\/posts"}],"about":[{"href":"https:\/\/inclusivenews.com.br\/index.php?rest_route=\/wp\/v2\/types\/post"}],"author":[{"embeddable":true,"href":"https:\/\/inclusivenews.com.br\/index.php?rest_route=\/wp\/v2\/users\/1"}],"replies":[{"embeddable":true,"href":"https:\/\/inclusivenews.com.br\/index.php?rest_route=%2Fwp%2Fv2%2Fcomments&post=18460"}],"version-history":[{"count":0,"href":"https:\/\/inclusivenews.com.br\/index.php?rest_route=\/wp\/v2\/posts\/18460\/revisions"}],"wp:attachment":[{"href":"https:\/\/inclusivenews.com.br\/index.php?rest_route=%2Fwp%2Fv2%2Fmedia&parent=18460"}],"wp:term":[{"taxonomy":"category","embeddable":true,"href":"https:\/\/inclusivenews.com.br\/index.php?rest_route=%2Fwp%2Fv2%2Fcategories&post=18460"},{"taxonomy":"post_tag","embeddable":true,"href":"https:\/\/inclusivenews.com.br\/index.php?rest_route=%2Fwp%2Fv2%2Ftags&post=18460"}],"curies":[{"name":"wp","href":"https:\/\/api.w.org\/{rel}","templated":true}]}}