{"id":18487,"date":"2011-02-17T03:15:34","date_gmt":"2011-02-17T06:15:34","guid":{"rendered":"http:\/\/www.inclusive.org.br\/?p=18487"},"modified":"2011-02-17T03:15:34","modified_gmt":"2011-02-17T06:15:34","slug":"racismo-ninguem-sente-ninguem-ve-ninguem-sabe-o-que-e","status":"publish","type":"post","link":"https:\/\/inclusivenews.com.br\/?p=18487","title":{"rendered":"Racismo: ningu\u00e9m sente, ningu\u00e9m v\u00ea, ningu\u00e9m sabe o que \u00e9"},"content":{"rendered":"<p><strong> <\/strong><\/p>\n<p><strong><span style=\"font-size: xx-small;\"> <\/span><\/strong><\/p>\n<p><strong><\/p>\n<figure id=\"attachment_18488\" aria-describedby=\"caption-attachment-18488\" style=\"width: 250px\" class=\"wp-caption alignleft\"><a href=\"http:\/\/www.inclusivenews.com.br\/wp-content\/uploads\/2011\/02\/racismo.jpg\"><img loading=\"lazy\" decoding=\"async\" class=\"size-full wp-image-18488\" title=\"racismo\" src=\"http:\/\/inclusivenews.com.br\/wp-content\/uploads\/2011\/02\/racismo.jpg\" alt=\"Ao fundo pe\u00e7as brancas de jogo de xadrez, em primeiro plano, um pe\u00e3o preto.\" width=\"250\" height=\"168\" \/><\/a><figcaption id=\"caption-attachment-18488\" class=\"wp-caption-text\">Ao fundo pe\u00e7as brancas de jogo de xadrez, em primeiro plano, um pe\u00e3o preto.<\/figcaption><\/figure>\n<p><\/strong><\/p>\n<p><strong>Ana Maria Gon\u00e7alves<\/strong><\/p>\n<p><strong> <\/strong>Diante de tantos anos de nega\u00e7\u00e3o e sil\u00eancio, \u00e9 preciso come\u00e7ar a entender que os preconceitos, como o racismo, s\u00e3o produtos da cultura na qual est\u00e3o inseridos, e como tais adaptam-se \u00e0s condi\u00e7\u00f5es de manifesta\u00e7\u00e3o aceit\u00e1veis e estabelecidas pela sociedade, manifestando-se \u00e0s claras ou de forma velada e simb\u00f3lica.<\/p>\n<p>Diante da revela\u00e7\u00e3o feita por um famoso cantor brasileiro, negro, de que sua filha de seis anos estava sendo discriminada durante a aula em uma das escolas de bal\u00e9 mais tradicionais de S\u00e3o Paulo, com as outras alunas se recusando a dar as m\u00e3os para ela, ou do depoimento de uma menina, tamb\u00e9m de seis anos, aluna de escola p\u00fablica, no qual conta que as coleguinhas n\u00e3o querem brincar com ela durante o recreio porque sentem nojo por ela ser negra, resta-nos parar e perguntar: a quantas situa\u00e7\u00f5es de humilha\u00e7\u00e3o essas e outras crian\u00e7as continuar\u00e3o a ser submetidas pela vida afora, antes que a sociedade tome para si a responsabilidade de discutir, entender e combater o racismo?<\/p>\n<p>O racismo, como o percebemos hoje, \u00e9 uma institui\u00e7\u00e3o relativamente recente na hist\u00f3ria na humanidade. At\u00e9 por volta da Idade M\u00e9dia, os principais fatores de discrimina\u00e7\u00e3o eram religiosos, pol\u00edticos ou referentes \u00e0 nacionalidade e \u00e0 linguagem do indiv\u00edduo. No s\u00e9culo XV, quando os europeus desembarcaram na \u00c1frica, e principalmente com o in\u00edcio do tr\u00e1fico negreiro, usaram a ci\u00eancia a favor do colonialismo e desenvolveram teorias de superioridade evolutiva, baseadas em diferen\u00e7as biol\u00f3gicas, que justificavam seus interesses de expans\u00e3o e poder. Estava criado o racismo etnoc\u00eantrico, fundamentado em doutrinas b\u00edblicas, filos\u00f3ficas e cient\u00edficas que n\u00e3o resistiram \u00e0 evolu\u00e7\u00e3o dos tempos, mas que deixaram marcas indel\u00e9veis e profundas nas sociedades que as usaram para justificar a escravid\u00e3o, como \u00e9 o caso da sociedade brasileira. O conceito de \u201cra\u00e7a\u201d \u2013 e termos derivados \u2013 hoje em dia \u00e9 apenas pol\u00edtico e social, e se justifica porque os tra\u00e7os f\u00edsicos (cabelo, cor da pele, formato de nariz e boca etc) caracter\u00edsticos da popula\u00e7\u00e3o negra ainda est\u00e3o ligados \u00e0 percep\u00e7\u00e3o negativa historicamente constru\u00edda.<\/p>\n<p>No final do s\u00e9culo XIX, com a aboli\u00e7\u00e3o da escravatura e ainda sob forte influ\u00eancia das teses de superioridade europeia, come\u00e7a a ser colocado em pr\u00e1tica um projeto de constru\u00e7\u00e3o de uma nova na\u00e7\u00e3o brasileira, que deveria ser melhorada atrav\u00e9s do embranquecimento de seu povo. Acreditava-se que, com o passar dos anos, marginalizada, inferiorizada, difamada e abandonada \u00e0 pr\u00f3pria sorte, a popula\u00e7\u00e3o negra desapareceria. At\u00e9 mesmo o acesso \u00e0 educa\u00e7\u00e3o e a possibilidade de conseguir trabalho lhe foram negados, com o governo dando total prioridade a pol\u00edticas que subsidiaram a vinda de mais de 3 milh\u00f5es de imigrantes europeus para o Brasil. Algumas d\u00e9cadas mais tarde, a teoria do embranquecimento deu lugar \u00e0 da miscigena\u00e7\u00e3o, que acabou criando um dos mitos mais prejudiciais \u00e0 luta contra o racismo: o mito da democracia racial. Foi ele que, durante d\u00e9cadas, impediu o Brasil de se tornar um pa\u00eds realmente democr\u00e1tico, com tratamento e oportunidade iguais para todos, ao negar reconhecimento a um problema que atinge mais da metade da nossa popula\u00e7\u00e3o.<\/p>\n<p>Diante de tantos anos de nega\u00e7\u00e3o e sil\u00eancio, \u00e9 preciso come\u00e7ar a entender que os preconceitos, como o racismo, s\u00e3o produtos da cultura na qual est\u00e3o inseridos, e como tais adaptam-se \u00e0s condi\u00e7\u00f5es de manifesta\u00e7\u00e3o aceit\u00e1veis e estabelecidas pela sociedade, manifestando-se \u00e0s claras ou de forma velada e simb\u00f3lica. \u00c9 por isso que apenas a raz\u00e3o, que nos levou a criar leis que criminalizam atitudes racistas e algumas a\u00e7\u00f5es afirmativas, n\u00e3o ser\u00e1 suficiente para modificar o imagin\u00e1rio e as representa\u00e7\u00f5es coletivas negativas que se tem do negro na nossa sociedade, como observa o antrop\u00f3logo e professor Kabengele Munanga na apresenta\u00e7\u00e3o do livro Superando o racismo na escola. Segundo ele, \u201cconsiderando que esse imagin\u00e1rio e essas representa\u00e7\u00f5es, em parte situados no inconsciente coletivo, possuem uma dimens\u00e3o afetiva e emocional, dimens\u00e3o onde brotam e s\u00e3o cultivadas as cren\u00e7as, os estere\u00f3tipos e os valores que codificam as atitudes, \u00e9 preciso descobrir e inventar t\u00e9cnicas e linguagens capazes de superar os limites da pura raz\u00e3o e de tocar no imagin\u00e1rio e nas representa\u00e7\u00f5es. Enfim, capazes de deixar aflorar os preconceitos escondidos na estrutura profunda do nosso psiquismo\u201d.<\/p>\n<p>Se hoje j\u00e1 se admite que o Brasil \u00e9 um pa\u00eds racista, \u00e9 preciso admitir tamb\u00e9m que nossos pensamentos e atitudes s\u00e3o condicionados por essa cultura e essa ideologia racista, pois crescemos introjetando e reproduzindo o que j\u00e1 est\u00e1 estabelecido socialmente. Para mostrar como isso funciona, um interessante trabalho, desenvolvido no departamento de Psicologia da Universidade Federal de Sergipe, analisa pesquisa realizada com crian\u00e7as de 5 a 8 anos. Foi pedido a essas crian\u00e7as que desenhassem uma crian\u00e7a branca e uma crian\u00e7a negra e as classificassem, em termos de prefer\u00eancia, em rela\u00e7\u00e3o a cinco categorias: riqueza, beleza, intelig\u00eancia, proximidade e contato. O resultado foi um alto \u00edndice de racismo, com a crian\u00e7a negra sendo fortemente rejeitada em todas as categorias. O que o estudo queria mostrar \u00e9 que as crian\u00e7as s\u00e3o abertamente preconceituosas, e que essa caracter\u00edstica perde for\u00e7a a partir da matura\u00e7\u00e3o das estruturas cognitivas que permitem que ela deixe de julgar as pessoas com quem se relaciona apenas pela apar\u00eancia e passe a levar em conta conceitos como bondade ou amizade. Acabou mostrando tamb\u00e9m que o racismo, longe de desaparecer com a idade e a necessidade de socializa\u00e7\u00e3o, caso n\u00e3o haja nenhuma iniciativa nesse sentido por parte de pais e\/ou educadores, \u00e9 introjetado e velado pelo aprendizado das normas sociais vigentes, passando a se manifestar de forma indireta e, em muitos casos, inconsciente. O racismo volta ent\u00e3o a habitar e alimentar o inconsciente coletivo, que trata de reproduzi-lo de uma gera\u00e7\u00e3o para outra, tornando-o cada vez mais insidioso, dif\u00edcil de provar e combater.<\/p>\n<p>Por isso, cabe t\u00e3o bem a pergunta da campanha Di\u00e1logos Contra o Racismo \u2013 Pela Igualdade Racial: onde voc\u00ea guarda seu racismo? Complemento com mais uma: o que voc\u00ea tem feito para n\u00e3o deix\u00e1-lo de heran\u00e7a para seus filhos?<\/p>\n<p><em><strong><span style=\"font-size: xx-small;\">*Esta mat\u00e9ria \u00e9 parte integrante da Revista F\u00f3rum, edi\u00e7\u00e3o 94, de janeiro de 2011, em circula\u00e7\u00e3o nas bancas. Para assinar acesse &#8211; <\/span><\/strong><a href=\"http:\/\/www.publisherbrasil.com.br\/revistaforum\/\" target=\"_blank\" rel=\"noopener\"><strong><span style=\"font-size: xx-small;\">http:\/\/www.publisherbrasil.com.br\/revistaforum\/<\/span><\/strong><\/a><\/em><em><strong><span style=\"font-size: xx-small;\">. Para conhecer acesse <\/span><\/strong><a href=\"http:\/\/www.revistaforum.com.br\/\" target=\"_blank\" rel=\"noopener\"><strong><span style=\"font-size: xx-small;\">http:\/\/www.revistaforum.com.br\/<\/span><\/strong><\/a><\/em><\/p>\n","protected":false},"excerpt":{"rendered":"<p> O que voc\u00ea tem feito para n\u00e3o deixar o racismo de heran\u00e7a para seus filhos?<\/p>\n","protected":false},"author":1,"featured_media":0,"comment_status":"open","ping_status":"open","sticky":false,"template":"","format":"standard","meta":{"site-container-style":"default","site-container-layout":"default","site-sidebar-layout":"default","disable-article-header":"default","disable-site-header":"default","disable-site-footer":"default","disable-content-area-spacing":"default","footnotes":""},"categories":[39,6,8,41],"tags":[],"class_list":["post-18487","post","type-post","status-publish","format-standard","hentry","category-discriminacao","category-educacao","category-textos-e-artigos","category-preconceito"],"yoast_head":"<!-- This site is optimized with the Yoast SEO plugin v27.5 - https:\/\/yoast.com\/product\/yoast-seo-wordpress\/ -->\n<title>Racismo: ningu\u00e9m sente, ningu\u00e9m v\u00ea, ningu\u00e9m sabe o que \u00e9 -<\/title>\n<meta name=\"robots\" content=\"index, follow, max-snippet:-1, max-image-preview:large, max-video-preview:-1\" \/>\n<link rel=\"canonical\" href=\"https:\/\/inclusivenews.com.br\/?p=18487\" \/>\n<meta property=\"og:locale\" content=\"pt_PT\" \/>\n<meta property=\"og:type\" content=\"article\" \/>\n<meta property=\"og:title\" content=\"Racismo: ningu\u00e9m sente, ningu\u00e9m v\u00ea, ningu\u00e9m sabe o que \u00e9 -\" \/>\n<meta property=\"og:description\" content=\"O que voc\u00ea tem feito para n\u00e3o deixar o racismo de heran\u00e7a para seus filhos?\" \/>\n<meta property=\"og:url\" content=\"https:\/\/inclusivenews.com.br\/?p=18487\" \/>\n<meta property=\"article:publisher\" content=\"https:\/\/www.facebook.com\/agenciainclusive\/\" \/>\n<meta property=\"article:published_time\" content=\"2011-02-17T06:15:34+00:00\" \/>\n<meta property=\"og:image\" content=\"http:\/\/inclusivenews.com.br\/wp-content\/uploads\/2011\/02\/racismo.jpg\" \/>\n<meta name=\"author\" content=\"inclusivenews2024\" \/>\n<meta name=\"twitter:card\" content=\"summary_large_image\" \/>\n<meta name=\"twitter:label1\" content=\"Escrito por\" \/>\n\t<meta name=\"twitter:data1\" content=\"inclusivenews2024\" \/>\n\t<meta name=\"twitter:label2\" content=\"Tempo estimado de leitura\" \/>\n\t<meta name=\"twitter:data2\" content=\"6 minutos\" \/>\n<script type=\"application\/ld+json\" class=\"yoast-schema-graph\">{\"@context\":\"https:\\\/\\\/schema.org\",\"@graph\":[{\"@type\":\"Article\",\"@id\":\"https:\\\/\\\/inclusivenews.com.br\\\/?p=18487#article\",\"isPartOf\":{\"@id\":\"https:\\\/\\\/inclusivenews.com.br\\\/?p=18487\"},\"author\":{\"name\":\"inclusivenews2024\",\"@id\":\"https:\\\/\\\/inclusivenews.com.br\\\/#\\\/schema\\\/person\\\/ae4ec7087559b8692fb33b6fffd2273b\"},\"headline\":\"Racismo: ningu\u00e9m sente, ningu\u00e9m v\u00ea, ningu\u00e9m sabe o que \u00e9\",\"datePublished\":\"2011-02-17T06:15:34+00:00\",\"mainEntityOfPage\":{\"@id\":\"https:\\\/\\\/inclusivenews.com.br\\\/?p=18487\"},\"wordCount\":1156,\"commentCount\":0,\"publisher\":{\"@id\":\"https:\\\/\\\/inclusivenews.com.br\\\/#organization\"},\"image\":{\"@id\":\"https:\\\/\\\/inclusivenews.com.br\\\/?p=18487#primaryimage\"},\"thumbnailUrl\":\"http:\\\/\\\/inclusivenews.com.br\\\/wp-content\\\/uploads\\\/2011\\\/02\\\/racismo.jpg\",\"articleSection\":[\"Discrimina\u00e7\u00e3o\",\"EDUCA\u00c7\u00c3O\",\"OPINI\u00c3O\",\"Preconceito\"],\"inLanguage\":\"pt-PT\",\"potentialAction\":[{\"@type\":\"CommentAction\",\"name\":\"Comment\",\"target\":[\"https:\\\/\\\/inclusivenews.com.br\\\/?p=18487#respond\"]}]},{\"@type\":\"WebPage\",\"@id\":\"https:\\\/\\\/inclusivenews.com.br\\\/?p=18487\",\"url\":\"https:\\\/\\\/inclusivenews.com.br\\\/?p=18487\",\"name\":\"Racismo: ningu\u00e9m sente, ningu\u00e9m v\u00ea, ningu\u00e9m sabe o que \u00e9 -\",\"isPartOf\":{\"@id\":\"https:\\\/\\\/inclusivenews.com.br\\\/#website\"},\"primaryImageOfPage\":{\"@id\":\"https:\\\/\\\/inclusivenews.com.br\\\/?p=18487#primaryimage\"},\"image\":{\"@id\":\"https:\\\/\\\/inclusivenews.com.br\\\/?p=18487#primaryimage\"},\"thumbnailUrl\":\"http:\\\/\\\/inclusivenews.com.br\\\/wp-content\\\/uploads\\\/2011\\\/02\\\/racismo.jpg\",\"datePublished\":\"2011-02-17T06:15:34+00:00\",\"breadcrumb\":{\"@id\":\"https:\\\/\\\/inclusivenews.com.br\\\/?p=18487#breadcrumb\"},\"inLanguage\":\"pt-PT\",\"potentialAction\":[{\"@type\":\"ReadAction\",\"target\":[\"https:\\\/\\\/inclusivenews.com.br\\\/?p=18487\"]}]},{\"@type\":\"ImageObject\",\"inLanguage\":\"pt-PT\",\"@id\":\"https:\\\/\\\/inclusivenews.com.br\\\/?p=18487#primaryimage\",\"url\":\"\",\"contentUrl\":\"\"},{\"@type\":\"BreadcrumbList\",\"@id\":\"https:\\\/\\\/inclusivenews.com.br\\\/?p=18487#breadcrumb\",\"itemListElement\":[{\"@type\":\"ListItem\",\"position\":1,\"name\":\"In\u00edcio\",\"item\":\"https:\\\/\\\/inclusivenews.com.br\\\/\"},{\"@type\":\"ListItem\",\"position\":2,\"name\":\"Racismo: ningu\u00e9m sente, ningu\u00e9m v\u00ea, ningu\u00e9m sabe o que \u00e9\"}]},{\"@type\":\"WebSite\",\"@id\":\"https:\\\/\\\/inclusivenews.com.br\\\/#website\",\"url\":\"https:\\\/\\\/inclusivenews.com.br\\\/\",\"name\":\"Inclusive News\",\"description\":\"Inclusive News\",\"publisher\":{\"@id\":\"https:\\\/\\\/inclusivenews.com.br\\\/#organization\"},\"potentialAction\":[{\"@type\":\"SearchAction\",\"target\":{\"@type\":\"EntryPoint\",\"urlTemplate\":\"https:\\\/\\\/inclusivenews.com.br\\\/?s={search_term_string}\"},\"query-input\":{\"@type\":\"PropertyValueSpecification\",\"valueRequired\":true,\"valueName\":\"search_term_string\"}}],\"inLanguage\":\"pt-PT\"},{\"@type\":\"Organization\",\"@id\":\"https:\\\/\\\/inclusivenews.com.br\\\/#organization\",\"name\":\"Inclusive - inclus\u00e3o e cidadania\",\"url\":\"https:\\\/\\\/inclusivenews.com.br\\\/\",\"logo\":{\"@type\":\"ImageObject\",\"inLanguage\":\"pt-PT\",\"@id\":\"https:\\\/\\\/inclusivenews.com.br\\\/#\\\/schema\\\/logo\\\/image\\\/\",\"url\":\"https:\\\/\\\/inclusivenews.com.br\\\/wp-content\\\/uploads\\\/2024\\\/03\\\/@grandesite.png\",\"contentUrl\":\"https:\\\/\\\/inclusivenews.com.br\\\/wp-content\\\/uploads\\\/2024\\\/03\\\/@grandesite.png\",\"width\":1080,\"height\":1080,\"caption\":\"Inclusive - inclus\u00e3o e cidadania\"},\"image\":{\"@id\":\"https:\\\/\\\/inclusivenews.com.br\\\/#\\\/schema\\\/logo\\\/image\\\/\"},\"sameAs\":[\"https:\\\/\\\/www.facebook.com\\\/agenciainclusive\\\/\",\"https:\\\/\\\/www.instagram.com\\\/newsinclusive\\\/\"]},{\"@type\":\"Person\",\"@id\":\"https:\\\/\\\/inclusivenews.com.br\\\/#\\\/schema\\\/person\\\/ae4ec7087559b8692fb33b6fffd2273b\",\"name\":\"inclusivenews2024\",\"image\":{\"@type\":\"ImageObject\",\"inLanguage\":\"pt-PT\",\"@id\":\"https:\\\/\\\/secure.gravatar.com\\\/avatar\\\/c5a7ef84c66fa914f55bc4f7ce26cfa275a3b9a1c5568b907bd184fb4dde7b40?s=96&d=mm&r=g\",\"url\":\"https:\\\/\\\/secure.gravatar.com\\\/avatar\\\/c5a7ef84c66fa914f55bc4f7ce26cfa275a3b9a1c5568b907bd184fb4dde7b40?s=96&d=mm&r=g\",\"contentUrl\":\"https:\\\/\\\/secure.gravatar.com\\\/avatar\\\/c5a7ef84c66fa914f55bc4f7ce26cfa275a3b9a1c5568b907bd184fb4dde7b40?s=96&d=mm&r=g\",\"caption\":\"inclusivenews2024\"},\"sameAs\":[\"https:\\\/\\\/inclusivenews.com.br\"],\"url\":\"https:\\\/\\\/inclusivenews.com.br\\\/?author=1\"}]}<\/script>\n<!-- \/ Yoast SEO plugin. -->","yoast_head_json":{"title":"Racismo: ningu\u00e9m sente, ningu\u00e9m v\u00ea, ningu\u00e9m sabe o que \u00e9 -","robots":{"index":"index","follow":"follow","max-snippet":"max-snippet:-1","max-image-preview":"max-image-preview:large","max-video-preview":"max-video-preview:-1"},"canonical":"https:\/\/inclusivenews.com.br\/?p=18487","og_locale":"pt_PT","og_type":"article","og_title":"Racismo: ningu\u00e9m sente, ningu\u00e9m v\u00ea, ningu\u00e9m sabe o que \u00e9 -","og_description":"O que voc\u00ea tem feito para n\u00e3o deixar o racismo de heran\u00e7a para seus filhos?","og_url":"https:\/\/inclusivenews.com.br\/?p=18487","article_publisher":"https:\/\/www.facebook.com\/agenciainclusive\/","article_published_time":"2011-02-17T06:15:34+00:00","og_image":[{"url":"http:\/\/inclusivenews.com.br\/wp-content\/uploads\/2011\/02\/racismo.jpg","type":"","width":"","height":""}],"author":"inclusivenews2024","twitter_card":"summary_large_image","twitter_misc":{"Escrito por":"inclusivenews2024","Tempo estimado de leitura":"6 minutos"},"schema":{"@context":"https:\/\/schema.org","@graph":[{"@type":"Article","@id":"https:\/\/inclusivenews.com.br\/?p=18487#article","isPartOf":{"@id":"https:\/\/inclusivenews.com.br\/?p=18487"},"author":{"name":"inclusivenews2024","@id":"https:\/\/inclusivenews.com.br\/#\/schema\/person\/ae4ec7087559b8692fb33b6fffd2273b"},"headline":"Racismo: ningu\u00e9m sente, ningu\u00e9m v\u00ea, ningu\u00e9m sabe o que \u00e9","datePublished":"2011-02-17T06:15:34+00:00","mainEntityOfPage":{"@id":"https:\/\/inclusivenews.com.br\/?p=18487"},"wordCount":1156,"commentCount":0,"publisher":{"@id":"https:\/\/inclusivenews.com.br\/#organization"},"image":{"@id":"https:\/\/inclusivenews.com.br\/?p=18487#primaryimage"},"thumbnailUrl":"http:\/\/inclusivenews.com.br\/wp-content\/uploads\/2011\/02\/racismo.jpg","articleSection":["Discrimina\u00e7\u00e3o","EDUCA\u00c7\u00c3O","OPINI\u00c3O","Preconceito"],"inLanguage":"pt-PT","potentialAction":[{"@type":"CommentAction","name":"Comment","target":["https:\/\/inclusivenews.com.br\/?p=18487#respond"]}]},{"@type":"WebPage","@id":"https:\/\/inclusivenews.com.br\/?p=18487","url":"https:\/\/inclusivenews.com.br\/?p=18487","name":"Racismo: ningu\u00e9m sente, ningu\u00e9m v\u00ea, ningu\u00e9m sabe o que \u00e9 -","isPartOf":{"@id":"https:\/\/inclusivenews.com.br\/#website"},"primaryImageOfPage":{"@id":"https:\/\/inclusivenews.com.br\/?p=18487#primaryimage"},"image":{"@id":"https:\/\/inclusivenews.com.br\/?p=18487#primaryimage"},"thumbnailUrl":"http:\/\/inclusivenews.com.br\/wp-content\/uploads\/2011\/02\/racismo.jpg","datePublished":"2011-02-17T06:15:34+00:00","breadcrumb":{"@id":"https:\/\/inclusivenews.com.br\/?p=18487#breadcrumb"},"inLanguage":"pt-PT","potentialAction":[{"@type":"ReadAction","target":["https:\/\/inclusivenews.com.br\/?p=18487"]}]},{"@type":"ImageObject","inLanguage":"pt-PT","@id":"https:\/\/inclusivenews.com.br\/?p=18487#primaryimage","url":"","contentUrl":""},{"@type":"BreadcrumbList","@id":"https:\/\/inclusivenews.com.br\/?p=18487#breadcrumb","itemListElement":[{"@type":"ListItem","position":1,"name":"In\u00edcio","item":"https:\/\/inclusivenews.com.br\/"},{"@type":"ListItem","position":2,"name":"Racismo: ningu\u00e9m sente, ningu\u00e9m v\u00ea, ningu\u00e9m sabe o que \u00e9"}]},{"@type":"WebSite","@id":"https:\/\/inclusivenews.com.br\/#website","url":"https:\/\/inclusivenews.com.br\/","name":"Inclusive News","description":"Inclusive News","publisher":{"@id":"https:\/\/inclusivenews.com.br\/#organization"},"potentialAction":[{"@type":"SearchAction","target":{"@type":"EntryPoint","urlTemplate":"https:\/\/inclusivenews.com.br\/?s={search_term_string}"},"query-input":{"@type":"PropertyValueSpecification","valueRequired":true,"valueName":"search_term_string"}}],"inLanguage":"pt-PT"},{"@type":"Organization","@id":"https:\/\/inclusivenews.com.br\/#organization","name":"Inclusive - inclus\u00e3o e cidadania","url":"https:\/\/inclusivenews.com.br\/","logo":{"@type":"ImageObject","inLanguage":"pt-PT","@id":"https:\/\/inclusivenews.com.br\/#\/schema\/logo\/image\/","url":"https:\/\/inclusivenews.com.br\/wp-content\/uploads\/2024\/03\/@grandesite.png","contentUrl":"https:\/\/inclusivenews.com.br\/wp-content\/uploads\/2024\/03\/@grandesite.png","width":1080,"height":1080,"caption":"Inclusive - inclus\u00e3o e cidadania"},"image":{"@id":"https:\/\/inclusivenews.com.br\/#\/schema\/logo\/image\/"},"sameAs":["https:\/\/www.facebook.com\/agenciainclusive\/","https:\/\/www.instagram.com\/newsinclusive\/"]},{"@type":"Person","@id":"https:\/\/inclusivenews.com.br\/#\/schema\/person\/ae4ec7087559b8692fb33b6fffd2273b","name":"inclusivenews2024","image":{"@type":"ImageObject","inLanguage":"pt-PT","@id":"https:\/\/secure.gravatar.com\/avatar\/c5a7ef84c66fa914f55bc4f7ce26cfa275a3b9a1c5568b907bd184fb4dde7b40?s=96&d=mm&r=g","url":"https:\/\/secure.gravatar.com\/avatar\/c5a7ef84c66fa914f55bc4f7ce26cfa275a3b9a1c5568b907bd184fb4dde7b40?s=96&d=mm&r=g","contentUrl":"https:\/\/secure.gravatar.com\/avatar\/c5a7ef84c66fa914f55bc4f7ce26cfa275a3b9a1c5568b907bd184fb4dde7b40?s=96&d=mm&r=g","caption":"inclusivenews2024"},"sameAs":["https:\/\/inclusivenews.com.br"],"url":"https:\/\/inclusivenews.com.br\/?author=1"}]}},"_links":{"self":[{"href":"https:\/\/inclusivenews.com.br\/index.php?rest_route=\/wp\/v2\/posts\/18487","targetHints":{"allow":["GET"]}}],"collection":[{"href":"https:\/\/inclusivenews.com.br\/index.php?rest_route=\/wp\/v2\/posts"}],"about":[{"href":"https:\/\/inclusivenews.com.br\/index.php?rest_route=\/wp\/v2\/types\/post"}],"author":[{"embeddable":true,"href":"https:\/\/inclusivenews.com.br\/index.php?rest_route=\/wp\/v2\/users\/1"}],"replies":[{"embeddable":true,"href":"https:\/\/inclusivenews.com.br\/index.php?rest_route=%2Fwp%2Fv2%2Fcomments&post=18487"}],"version-history":[{"count":0,"href":"https:\/\/inclusivenews.com.br\/index.php?rest_route=\/wp\/v2\/posts\/18487\/revisions"}],"wp:attachment":[{"href":"https:\/\/inclusivenews.com.br\/index.php?rest_route=%2Fwp%2Fv2%2Fmedia&parent=18487"}],"wp:term":[{"taxonomy":"category","embeddable":true,"href":"https:\/\/inclusivenews.com.br\/index.php?rest_route=%2Fwp%2Fv2%2Fcategories&post=18487"},{"taxonomy":"post_tag","embeddable":true,"href":"https:\/\/inclusivenews.com.br\/index.php?rest_route=%2Fwp%2Fv2%2Ftags&post=18487"}],"curies":[{"name":"wp","href":"https:\/\/api.w.org\/{rel}","templated":true}]}}