{"id":18507,"date":"2011-02-17T02:18:13","date_gmt":"2011-02-17T05:18:13","guid":{"rendered":"http:\/\/www.inclusive.org.br\/?p=18507"},"modified":"2011-02-17T02:18:13","modified_gmt":"2011-02-17T05:18:13","slug":"oficinas-terapeuticas-do-projeto-incluir-ba","status":"publish","type":"post","link":"https:\/\/inclusivenews.com.br\/?p=18507","title":{"rendered":"Oficinas Terap\u00eauticas do Projeto Incluir &#8211; BA"},"content":{"rendered":"<figure id=\"attachment_18508\" aria-describedby=\"caption-attachment-18508\" style=\"width: 145px\" class=\"wp-caption alignleft\"><a href=\"http:\/\/www.inclusivenews.com.br\/wp-content\/uploads\/2011\/02\/logo.gif\"><img loading=\"lazy\" decoding=\"async\" class=\"size-full wp-image-18508\" title=\"logo\" src=\"http:\/\/inclusivenews.com.br\/wp-content\/uploads\/2011\/02\/logo.gif\" alt=\"Logotipo do Projeto Incluir\" width=\"145\" height=\"85\" \/><\/a><figcaption id=\"caption-attachment-18508\" class=\"wp-caption-text\">Logotipo do Projeto Incluir<\/figcaption><\/figure>\n<p>A Associa\u00e7\u00e3o Baiana de Pessoas com Defici\u00eancia \/ Projeto Incluir &#8211; \u00e9 uma<br \/>\nOrganiza\u00e7\u00e3o da Sociedade Civil de Interesse P\u00fablico (OSCIP), sem fins<br \/>\nlucrativos, que visa a Inclus\u00e3o Social de Pessoas com Defici\u00eancia (PD).<\/p>\n<p>Nossa Miss\u00e3o \u00e9 promover a Inclus\u00e3o Social de Pessoas com defici\u00eancia,<br \/>\noferecendo servi\u00e7os na \u00e1rea de inclus\u00e3o social e inclus\u00e3o para o trabalho,<br \/>\nalicer\u00e7ados no conceito de Oficinas Terap\u00eauticas Produtivas. A Presta\u00e7\u00e3o<br \/>\ndesses servi\u00e7os caracteriza o foco de trabalho da entidade, complementado<br \/>\npor outras atividades como: inser\u00e7\u00e3o no mercado formal de trabalho, e<br \/>\noutros.<\/p>\n<p>As Oficinas Terap\u00eauticas acontecer\u00e3o com o patroc\u00ednio da PETROBRAS de<br \/>\nFevereiro \u00e0 Julho de 2011. A finalidade principal deste projeto \u00e9<br \/>\npropiciar o aprendizado de tarefas que possibilitem a capacita\u00e7\u00e3o<br \/>\nprofissional de pessoas cujas defici\u00eancias e principalmente falta de<br \/>\noportunidades n\u00e3o permitem que estejam integradas na sociedade.<br \/>\nA capacita\u00e7\u00e3o das turmas em cada Oficina dar-se-\u00e1 no per\u00edodo de 06 (seis)<br \/>\nmeses cujas modalidades s\u00e3o: SERIGRAFIA, INFORM\u00c1TICA E ARTESANATOS<br \/>\nVARIADOS.<\/p>\n<p>HIST\u00d3RICO DA INSTITUI\u00c7\u00c3O:<br \/>\nO projeto Incluir foi criado em 04 de julho de 2002, por familiares e<br \/>\namigos de pessoas com defici\u00eancias, a partir de um grupo de pais com<br \/>\nobjetivos e ideais em comum, que iniciaram um ciclo de encontros e<br \/>\ndiscuss\u00f5es para encontrar meios de alterar a realidade de pessoas<br \/>\ncarentes, com defici\u00eancia e que vivem numa situa\u00e7\u00e3o de risco social<br \/>\neminente.<\/p>\n<p>Alguns questionamentos foram feitos pelos pais fundadores desta<br \/>\nAssocia\u00e7\u00e3o, dentre eles, os principais eram: como ocupar o tempo das<br \/>\npessoas com defici\u00eancia e tir\u00e1-las da exclus\u00e3o social? Como capacit\u00e1-las<br \/>\nprofissionalmente e inseri-las no mercado de trabalho? Como torn\u00e1-las<br \/>\nfelizes e produtivas? Como garantir o futuro delas?<\/p>\n<p>O Foco de trabalho do Projeto Incluir \u00e9 prestar servi\u00e7os inovadores<br \/>\nalicer\u00e7ados no conceito de Oficinas Terap\u00eauticas, atendendo estritamente a<br \/>\npessoas com defici\u00eancias.<\/p>\n<p>Per\u00edodo de inscri\u00e7\u00f5es: 15\/02\/2011 \u00e0 28\/02\/2011<\/p>\n<p>Totalmente gratuito! Vagas Limitadas!<\/p>\n<p>Essa \u00e9 mais uma a\u00e7\u00e3o do Projeto Incluir, em prol da inclus\u00e3o social das<br \/>\npessoas com defici\u00eancia.<\/p>\n<p>PR\u00c9-REQUISITO:<br \/>\nInform\u00e1tica: Pessoa com defici\u00eancia que tenha o 1\u00ba grau (saiba ler e<br \/>\nescrever);<br \/>\nArtesanatos variados: Pessoas com defici\u00eancia com idade a partir de 14<br \/>\nanos;<br \/>\nSerigrafia: Pessoas com defici\u00eancia com idade a partir de 18 anos.<\/p>\n<p>DOCUMENTA\u00c7\u00c3O NECESS\u00c1RIA PARA INSCRI\u00c7\u00c3O:<br \/>\nXerox do RG do benefici\u00e1rio e do respons\u00e1vel;<br \/>\nXerox do CPF do benefici\u00e1rio (caso possua);<br \/>\nXerox do relat\u00f3rio ou atestado m\u00e9dico com o CID da defici\u00eancia;<br \/>\nXerox do comprovante de resid\u00eancia.<\/p>\n<p>Al\u00e9m destas atividades, temos turmas de Educa\u00e7\u00e3o F\u00edsica e<br \/>\npsicomotricidades, dan\u00e7a e consci\u00eancia corporal e Musicoterapia!!<\/p>\n<p>Maiores informa\u00e7\u00f5es pelos telefones:<\/p>\n<p>32471429 \/ 32036186 \/ 88951429 \/ 88851427 ou na sede do Projeto<br \/>\nIncluir, Rua Dr. Galdino Magalh\u00e3es Ribeiro, n\u00ba 33 Federa\u00e7\u00e3o (Em frente \u00e0<br \/>\nCl\u00ednica COI).<\/p>\n","protected":false},"excerpt":{"rendered":"<p>Entre as modalidades est\u00e3o serigrafia, inform\u00e1tica e artesanatos variados.<\/p>\n","protected":false},"author":1,"featured_media":0,"comment_status":"open","ping_status":"open","sticky":false,"template":"","format":"standard","meta":{"site-container-style":"default","site-container-layout":"default","site-sidebar-layout":"default","disable-article-header":"default","disable-site-header":"default","disable-site-footer":"default","disable-content-area-spacing":"default","footnotes":""},"categories":[12,38,6,46,4],"tags":[],"class_list":["post-18507","post","type-post","status-publish","format-standard","hentry","category-cursos-e-eventos","category-deficiencia","category-educacao","category-mercado-de-trabalho","category-noticias"],"yoast_head":"<!-- This site is optimized with the Yoast SEO plugin v27.5 - https:\/\/yoast.com\/product\/yoast-seo-wordpress\/ -->\n<title>Oficinas Terap\u00eauticas do Projeto Incluir - BA -<\/title>\n<meta name=\"robots\" content=\"index, follow, max-snippet:-1, max-image-preview:large, max-video-preview:-1\" \/>\n<link rel=\"canonical\" href=\"https:\/\/inclusivenews.com.br\/?p=18507\" \/>\n<meta property=\"og:locale\" content=\"pt_PT\" \/>\n<meta property=\"og:type\" content=\"article\" \/>\n<meta property=\"og:title\" content=\"Oficinas Terap\u00eauticas do Projeto Incluir - BA -\" \/>\n<meta property=\"og:description\" content=\"Entre as modalidades est\u00e3o serigrafia, inform\u00e1tica e artesanatos variados.\" \/>\n<meta property=\"og:url\" content=\"https:\/\/inclusivenews.com.br\/?p=18507\" \/>\n<meta property=\"article:publisher\" content=\"https:\/\/www.facebook.com\/agenciainclusive\/\" \/>\n<meta property=\"article:published_time\" content=\"2011-02-17T05:18:13+00:00\" \/>\n<meta property=\"og:image\" content=\"http:\/\/inclusivenews.com.br\/wp-content\/uploads\/2011\/02\/logo.gif\" \/>\n<meta name=\"author\" content=\"inclusivenews2024\" \/>\n<meta name=\"twitter:card\" content=\"summary_large_image\" \/>\n<meta name=\"twitter:label1\" content=\"Escrito por\" \/>\n\t<meta name=\"twitter:data1\" content=\"inclusivenews2024\" \/>\n\t<meta name=\"twitter:label2\" content=\"Tempo estimado de leitura\" \/>\n\t<meta name=\"twitter:data2\" content=\"2 minutos\" \/>\n<script type=\"application\/ld+json\" class=\"yoast-schema-graph\">{\"@context\":\"https:\\\/\\\/schema.org\",\"@graph\":[{\"@type\":\"Article\",\"@id\":\"https:\\\/\\\/inclusivenews.com.br\\\/?p=18507#article\",\"isPartOf\":{\"@id\":\"https:\\\/\\\/inclusivenews.com.br\\\/?p=18507\"},\"author\":{\"name\":\"inclusivenews2024\",\"@id\":\"https:\\\/\\\/inclusivenews.com.br\\\/#\\\/schema\\\/person\\\/ae4ec7087559b8692fb33b6fffd2273b\"},\"headline\":\"Oficinas Terap\u00eauticas do Projeto Incluir &#8211; BA\",\"datePublished\":\"2011-02-17T05:18:13+00:00\",\"mainEntityOfPage\":{\"@id\":\"https:\\\/\\\/inclusivenews.com.br\\\/?p=18507\"},\"wordCount\":501,\"commentCount\":0,\"publisher\":{\"@id\":\"https:\\\/\\\/inclusivenews.com.br\\\/#organization\"},\"image\":{\"@id\":\"https:\\\/\\\/inclusivenews.com.br\\\/?p=18507#primaryimage\"},\"thumbnailUrl\":\"http:\\\/\\\/inclusivenews.com.br\\\/wp-content\\\/uploads\\\/2011\\\/02\\\/logo.gif\",\"articleSection\":[\"Cursos e eventos\",\"Defici\u00eancia\",\"EDUCA\u00c7\u00c3O\",\"Mercado de Trabalho\",\"NOT\u00cdCIAS\"],\"inLanguage\":\"pt-PT\",\"potentialAction\":[{\"@type\":\"CommentAction\",\"name\":\"Comment\",\"target\":[\"https:\\\/\\\/inclusivenews.com.br\\\/?p=18507#respond\"]}]},{\"@type\":\"WebPage\",\"@id\":\"https:\\\/\\\/inclusivenews.com.br\\\/?p=18507\",\"url\":\"https:\\\/\\\/inclusivenews.com.br\\\/?p=18507\",\"name\":\"Oficinas Terap\u00eauticas do Projeto Incluir - BA -\",\"isPartOf\":{\"@id\":\"https:\\\/\\\/inclusivenews.com.br\\\/#website\"},\"primaryImageOfPage\":{\"@id\":\"https:\\\/\\\/inclusivenews.com.br\\\/?p=18507#primaryimage\"},\"image\":{\"@id\":\"https:\\\/\\\/inclusivenews.com.br\\\/?p=18507#primaryimage\"},\"thumbnailUrl\":\"http:\\\/\\\/inclusivenews.com.br\\\/wp-content\\\/uploads\\\/2011\\\/02\\\/logo.gif\",\"datePublished\":\"2011-02-17T05:18:13+00:00\",\"breadcrumb\":{\"@id\":\"https:\\\/\\\/inclusivenews.com.br\\\/?p=18507#breadcrumb\"},\"inLanguage\":\"pt-PT\",\"potentialAction\":[{\"@type\":\"ReadAction\",\"target\":[\"https:\\\/\\\/inclusivenews.com.br\\\/?p=18507\"]}]},{\"@type\":\"ImageObject\",\"inLanguage\":\"pt-PT\",\"@id\":\"https:\\\/\\\/inclusivenews.com.br\\\/?p=18507#primaryimage\",\"url\":\"\",\"contentUrl\":\"\"},{\"@type\":\"BreadcrumbList\",\"@id\":\"https:\\\/\\\/inclusivenews.com.br\\\/?p=18507#breadcrumb\",\"itemListElement\":[{\"@type\":\"ListItem\",\"position\":1,\"name\":\"In\u00edcio\",\"item\":\"https:\\\/\\\/inclusivenews.com.br\\\/\"},{\"@type\":\"ListItem\",\"position\":2,\"name\":\"Oficinas Terap\u00eauticas do Projeto Incluir &#8211; BA\"}]},{\"@type\":\"WebSite\",\"@id\":\"https:\\\/\\\/inclusivenews.com.br\\\/#website\",\"url\":\"https:\\\/\\\/inclusivenews.com.br\\\/\",\"name\":\"Inclusive News\",\"description\":\"Inclusive News\",\"publisher\":{\"@id\":\"https:\\\/\\\/inclusivenews.com.br\\\/#organization\"},\"potentialAction\":[{\"@type\":\"SearchAction\",\"target\":{\"@type\":\"EntryPoint\",\"urlTemplate\":\"https:\\\/\\\/inclusivenews.com.br\\\/?s={search_term_string}\"},\"query-input\":{\"@type\":\"PropertyValueSpecification\",\"valueRequired\":true,\"valueName\":\"search_term_string\"}}],\"inLanguage\":\"pt-PT\"},{\"@type\":\"Organization\",\"@id\":\"https:\\\/\\\/inclusivenews.com.br\\\/#organization\",\"name\":\"Inclusive - inclus\u00e3o e cidadania\",\"url\":\"https:\\\/\\\/inclusivenews.com.br\\\/\",\"logo\":{\"@type\":\"ImageObject\",\"inLanguage\":\"pt-PT\",\"@id\":\"https:\\\/\\\/inclusivenews.com.br\\\/#\\\/schema\\\/logo\\\/image\\\/\",\"url\":\"https:\\\/\\\/inclusivenews.com.br\\\/wp-content\\\/uploads\\\/2024\\\/03\\\/@grandesite.png\",\"contentUrl\":\"https:\\\/\\\/inclusivenews.com.br\\\/wp-content\\\/uploads\\\/2024\\\/03\\\/@grandesite.png\",\"width\":1080,\"height\":1080,\"caption\":\"Inclusive - inclus\u00e3o e cidadania\"},\"image\":{\"@id\":\"https:\\\/\\\/inclusivenews.com.br\\\/#\\\/schema\\\/logo\\\/image\\\/\"},\"sameAs\":[\"https:\\\/\\\/www.facebook.com\\\/agenciainclusive\\\/\",\"https:\\\/\\\/www.instagram.com\\\/newsinclusive\\\/\"]},{\"@type\":\"Person\",\"@id\":\"https:\\\/\\\/inclusivenews.com.br\\\/#\\\/schema\\\/person\\\/ae4ec7087559b8692fb33b6fffd2273b\",\"name\":\"inclusivenews2024\",\"image\":{\"@type\":\"ImageObject\",\"inLanguage\":\"pt-PT\",\"@id\":\"https:\\\/\\\/secure.gravatar.com\\\/avatar\\\/c5a7ef84c66fa914f55bc4f7ce26cfa275a3b9a1c5568b907bd184fb4dde7b40?s=96&d=mm&r=g\",\"url\":\"https:\\\/\\\/secure.gravatar.com\\\/avatar\\\/c5a7ef84c66fa914f55bc4f7ce26cfa275a3b9a1c5568b907bd184fb4dde7b40?s=96&d=mm&r=g\",\"contentUrl\":\"https:\\\/\\\/secure.gravatar.com\\\/avatar\\\/c5a7ef84c66fa914f55bc4f7ce26cfa275a3b9a1c5568b907bd184fb4dde7b40?s=96&d=mm&r=g\",\"caption\":\"inclusivenews2024\"},\"sameAs\":[\"https:\\\/\\\/inclusivenews.com.br\"],\"url\":\"https:\\\/\\\/inclusivenews.com.br\\\/?author=1\"}]}<\/script>\n<!-- \/ Yoast SEO plugin. -->","yoast_head_json":{"title":"Oficinas Terap\u00eauticas do Projeto Incluir - BA -","robots":{"index":"index","follow":"follow","max-snippet":"max-snippet:-1","max-image-preview":"max-image-preview:large","max-video-preview":"max-video-preview:-1"},"canonical":"https:\/\/inclusivenews.com.br\/?p=18507","og_locale":"pt_PT","og_type":"article","og_title":"Oficinas Terap\u00eauticas do Projeto Incluir - BA -","og_description":"Entre as modalidades est\u00e3o serigrafia, inform\u00e1tica e artesanatos variados.","og_url":"https:\/\/inclusivenews.com.br\/?p=18507","article_publisher":"https:\/\/www.facebook.com\/agenciainclusive\/","article_published_time":"2011-02-17T05:18:13+00:00","og_image":[{"url":"http:\/\/inclusivenews.com.br\/wp-content\/uploads\/2011\/02\/logo.gif","type":"","width":"","height":""}],"author":"inclusivenews2024","twitter_card":"summary_large_image","twitter_misc":{"Escrito por":"inclusivenews2024","Tempo estimado de leitura":"2 minutos"},"schema":{"@context":"https:\/\/schema.org","@graph":[{"@type":"Article","@id":"https:\/\/inclusivenews.com.br\/?p=18507#article","isPartOf":{"@id":"https:\/\/inclusivenews.com.br\/?p=18507"},"author":{"name":"inclusivenews2024","@id":"https:\/\/inclusivenews.com.br\/#\/schema\/person\/ae4ec7087559b8692fb33b6fffd2273b"},"headline":"Oficinas Terap\u00eauticas do Projeto Incluir &#8211; BA","datePublished":"2011-02-17T05:18:13+00:00","mainEntityOfPage":{"@id":"https:\/\/inclusivenews.com.br\/?p=18507"},"wordCount":501,"commentCount":0,"publisher":{"@id":"https:\/\/inclusivenews.com.br\/#organization"},"image":{"@id":"https:\/\/inclusivenews.com.br\/?p=18507#primaryimage"},"thumbnailUrl":"http:\/\/inclusivenews.com.br\/wp-content\/uploads\/2011\/02\/logo.gif","articleSection":["Cursos e eventos","Defici\u00eancia","EDUCA\u00c7\u00c3O","Mercado de Trabalho","NOT\u00cdCIAS"],"inLanguage":"pt-PT","potentialAction":[{"@type":"CommentAction","name":"Comment","target":["https:\/\/inclusivenews.com.br\/?p=18507#respond"]}]},{"@type":"WebPage","@id":"https:\/\/inclusivenews.com.br\/?p=18507","url":"https:\/\/inclusivenews.com.br\/?p=18507","name":"Oficinas Terap\u00eauticas do Projeto Incluir - BA -","isPartOf":{"@id":"https:\/\/inclusivenews.com.br\/#website"},"primaryImageOfPage":{"@id":"https:\/\/inclusivenews.com.br\/?p=18507#primaryimage"},"image":{"@id":"https:\/\/inclusivenews.com.br\/?p=18507#primaryimage"},"thumbnailUrl":"http:\/\/inclusivenews.com.br\/wp-content\/uploads\/2011\/02\/logo.gif","datePublished":"2011-02-17T05:18:13+00:00","breadcrumb":{"@id":"https:\/\/inclusivenews.com.br\/?p=18507#breadcrumb"},"inLanguage":"pt-PT","potentialAction":[{"@type":"ReadAction","target":["https:\/\/inclusivenews.com.br\/?p=18507"]}]},{"@type":"ImageObject","inLanguage":"pt-PT","@id":"https:\/\/inclusivenews.com.br\/?p=18507#primaryimage","url":"","contentUrl":""},{"@type":"BreadcrumbList","@id":"https:\/\/inclusivenews.com.br\/?p=18507#breadcrumb","itemListElement":[{"@type":"ListItem","position":1,"name":"In\u00edcio","item":"https:\/\/inclusivenews.com.br\/"},{"@type":"ListItem","position":2,"name":"Oficinas Terap\u00eauticas do Projeto Incluir &#8211; BA"}]},{"@type":"WebSite","@id":"https:\/\/inclusivenews.com.br\/#website","url":"https:\/\/inclusivenews.com.br\/","name":"Inclusive News","description":"Inclusive News","publisher":{"@id":"https:\/\/inclusivenews.com.br\/#organization"},"potentialAction":[{"@type":"SearchAction","target":{"@type":"EntryPoint","urlTemplate":"https:\/\/inclusivenews.com.br\/?s={search_term_string}"},"query-input":{"@type":"PropertyValueSpecification","valueRequired":true,"valueName":"search_term_string"}}],"inLanguage":"pt-PT"},{"@type":"Organization","@id":"https:\/\/inclusivenews.com.br\/#organization","name":"Inclusive - inclus\u00e3o e cidadania","url":"https:\/\/inclusivenews.com.br\/","logo":{"@type":"ImageObject","inLanguage":"pt-PT","@id":"https:\/\/inclusivenews.com.br\/#\/schema\/logo\/image\/","url":"https:\/\/inclusivenews.com.br\/wp-content\/uploads\/2024\/03\/@grandesite.png","contentUrl":"https:\/\/inclusivenews.com.br\/wp-content\/uploads\/2024\/03\/@grandesite.png","width":1080,"height":1080,"caption":"Inclusive - inclus\u00e3o e cidadania"},"image":{"@id":"https:\/\/inclusivenews.com.br\/#\/schema\/logo\/image\/"},"sameAs":["https:\/\/www.facebook.com\/agenciainclusive\/","https:\/\/www.instagram.com\/newsinclusive\/"]},{"@type":"Person","@id":"https:\/\/inclusivenews.com.br\/#\/schema\/person\/ae4ec7087559b8692fb33b6fffd2273b","name":"inclusivenews2024","image":{"@type":"ImageObject","inLanguage":"pt-PT","@id":"https:\/\/secure.gravatar.com\/avatar\/c5a7ef84c66fa914f55bc4f7ce26cfa275a3b9a1c5568b907bd184fb4dde7b40?s=96&d=mm&r=g","url":"https:\/\/secure.gravatar.com\/avatar\/c5a7ef84c66fa914f55bc4f7ce26cfa275a3b9a1c5568b907bd184fb4dde7b40?s=96&d=mm&r=g","contentUrl":"https:\/\/secure.gravatar.com\/avatar\/c5a7ef84c66fa914f55bc4f7ce26cfa275a3b9a1c5568b907bd184fb4dde7b40?s=96&d=mm&r=g","caption":"inclusivenews2024"},"sameAs":["https:\/\/inclusivenews.com.br"],"url":"https:\/\/inclusivenews.com.br\/?author=1"}]}},"_links":{"self":[{"href":"https:\/\/inclusivenews.com.br\/index.php?rest_route=\/wp\/v2\/posts\/18507","targetHints":{"allow":["GET"]}}],"collection":[{"href":"https:\/\/inclusivenews.com.br\/index.php?rest_route=\/wp\/v2\/posts"}],"about":[{"href":"https:\/\/inclusivenews.com.br\/index.php?rest_route=\/wp\/v2\/types\/post"}],"author":[{"embeddable":true,"href":"https:\/\/inclusivenews.com.br\/index.php?rest_route=\/wp\/v2\/users\/1"}],"replies":[{"embeddable":true,"href":"https:\/\/inclusivenews.com.br\/index.php?rest_route=%2Fwp%2Fv2%2Fcomments&post=18507"}],"version-history":[{"count":0,"href":"https:\/\/inclusivenews.com.br\/index.php?rest_route=\/wp\/v2\/posts\/18507\/revisions"}],"wp:attachment":[{"href":"https:\/\/inclusivenews.com.br\/index.php?rest_route=%2Fwp%2Fv2%2Fmedia&parent=18507"}],"wp:term":[{"taxonomy":"category","embeddable":true,"href":"https:\/\/inclusivenews.com.br\/index.php?rest_route=%2Fwp%2Fv2%2Fcategories&post=18507"},{"taxonomy":"post_tag","embeddable":true,"href":"https:\/\/inclusivenews.com.br\/index.php?rest_route=%2Fwp%2Fv2%2Ftags&post=18507"}],"curies":[{"name":"wp","href":"https:\/\/api.w.org\/{rel}","templated":true}]}}