{"id":18510,"date":"2011-02-17T02:25:50","date_gmt":"2011-02-17T05:25:50","guid":{"rendered":"http:\/\/www.inclusive.org.br\/?p=18510"},"modified":"2011-02-17T02:25:50","modified_gmt":"2011-02-17T05:25:50","slug":"o-brasil-e-um-pais-racista","status":"publish","type":"post","link":"https:\/\/inclusivenews.com.br\/?p=18510","title":{"rendered":"O Brasil \u00e9 um pa\u00eds racista?"},"content":{"rendered":"<p><span style=\"font-family: Georgia,serif; color: #888888;\"> <\/span><\/p>\n<div>\n<figure id=\"attachment_18488\" aria-describedby=\"caption-attachment-18488\" style=\"width: 250px\" class=\"wp-caption alignleft\"><span><a href=\"http:\/\/www.inclusivenews.com.br\/wp-content\/uploads\/2011\/02\/racismo.jpg\"><img loading=\"lazy\" decoding=\"async\" class=\"size-full wp-image-18488\" title=\"racismo\" src=\"http:\/\/inclusivenews.com.br\/wp-content\/uploads\/2011\/02\/racismo.jpg\" alt=\"Ao fundo pe\u00e7as brancas de jogo de xadrez, em primeiro plano, um pe\u00e3o preto.\" width=\"250\" height=\"168\" \/><\/a><\/span><figcaption id=\"caption-attachment-18488\" class=\"wp-caption-text\">Ao fundo pe\u00e7as brancas de jogo de xadrez, em primeiro plano, um pe\u00e3o preto.<\/figcaption><\/figure>\n<p>Por Walter Hupsel<\/p>\n<\/div>\n<p><span style=\"font-family: Georgia,serif;\"> <\/span><\/p>\n<div>Quando os Estados nacionais come\u00e7aram a se consolidar  precisaram construir uma narrativa sobe si mesmos que os diferenciasse dos  outros. Os Estados Unidos, carentes de m\u00e3o de obra e com um imenso territ\u00f3rio  hostil, criaram o mito da \u201cTerra da Oportunidade\u201d, onde qualquer um, caso se  esfor\u00e7asse, conseguiria sucesso. Aqui, criamos v\u00e1rios mitos, e o que mais  persiste \u00e9 o das \u201ctr\u00eas ra\u00e7as\u201d que convivem harmoniosamente.<\/div>\n<p><span style=\"font-family: Georgia,serif;\"> <\/span><\/p>\n<div>Esta fal\u00e1cia brasileira encontra adeptos at\u00e9 hoje, que  insistem em dizer que n\u00e3o existe racismo entre n\u00f3s e a discrimina\u00e7\u00e3o seria, no  m\u00e1ximo, de car\u00e1cter socioecon\u00f4mico. Nessa linha, haveria uma discrimina\u00e7\u00e3o  contra os pobres (potencialmente ladr\u00f5es) que, por uma tristeza hist\u00f3rica, por  um legado de mais de cem anos nunca encarado de frente, s\u00e3o maioritariamente  negros. Isso aplaca nossa culpa e joga nosso racismo para baixo do tapete,  transformando-o numa coisa mais palat\u00e1vel.<\/div>\n<p><span style=\"font-family: Georgia,serif;\"> <\/span><\/p>\n<div>Esta tese foi repetida exaustivamente quando do debate  sobre as cotas raciais. \u201cN\u00e3o somos racistas, n\u00e3o h\u00e1 discrimina\u00e7\u00e3o racial,  portanto, as cotas, ao inv\u00e9s de solucionarem um problema, o criar\u00e3o\u201d. Em suma \u00e9  este o pensamento de Ali Kamel e seu pupilos, Arnaldo Jabor e Dem\u00e9trio Magnoli  (este \u00faltimo brilhantemente refutado, com requintes de crueldade, pelo professor  do Departamento de Antropologia da USP, Kabengele Munanga).<\/div>\n<p><span style=\"font-family: Georgia,serif;\"> <\/span><\/p>\n<div>Somos cordiais, amigos, sambistas por excel\u00eancia,  boleiros desde o nascimento, despidos de qualquer racismo. Quem insiste no  contr\u00e1rio \u00e9 porque quer dividir este povo t\u00e3o am\u00e1vel! Mas eles esqueceram de  combinar com a Ag\u00eancia Estado. Uma mat\u00e9ria publicada na \u00falitma ter\u00e7a-feira (08)  mencionava que somos mais exigentes que os gringos na hora de adotar uma  crian\u00e7a. \u201cSegundo dados do Tribunal de Justi\u00e7a do Estado de S\u00e3o Paulo (TJ-SP),  quase 100% dos casais brasileiros recusam crian\u00e7as negras, pardas e ind\u00edgenas,  enquanto 77% dos estrangeiros s\u00e3o indiferentes \u00e0 cor da  pele.\u201d<\/div>\n<p><span style=\"font-family: Georgia,serif;\"> <\/span><\/p>\n<div>Aqui, nesta simples mat\u00e9ria, o racismo \u00e9 desmascarado  duplamente. Vejamos a propor\u00e7\u00e3o. Quase 100% dos poss\u00edveis pais adotivos  brasileiros n\u00e3o adotam crian\u00e7as que n\u00e3o sejam brancas. Para os estrangeiros,  isso fica em torno de 23%.<\/div>\n<p><span style=\"font-family: Georgia,serif;\"> <\/span><\/p>\n<div>A verdade, no entanto, se revela quanto mais se tenta  escond\u00ea-la. Digamos que isto seja um famoso \u201cato falho\u201d. A mat\u00e9ria fala que  somos \u201cmais exigentes\u201d que os gringos. Numa primeira leitura imaginei algo mais  irrelevante como exig\u00eancia, talvez a idade. Pais adotivos quereriam beb\u00eas, e n\u00e3o  crian\u00e7as, ou n\u00e3o querem que o bebe seja fruto de um incesto\u2026<\/div>\n<p><span style=\"font-family: Georgia,serif;\"> <\/span><\/p>\n<div>Mas n\u00e3o, os casais brasileiros se recusam a adotar  n\u00e3o-brancos e condenam os milhares de rec\u00e9m-nascidos negros, pardos ou ind\u00edgenas  a uma vida em orfanato simplesmente por serem\u2026 negros, pardos ou  ind\u00edgenas!<\/div>\n<p><span style=\"font-family: Georgia,serif;\"> <\/span><\/p>\n<div>Segundo a mesma mat\u00e9ria, temos hoje 31.000 mil casais  querendo adotar, ansiosos por ter um filho, e apenas 8000 crian\u00e7as para ado\u00e7\u00e3o.  Mas n\u00e3o t\u00e3o ansiosos assim, afinal somos um povo criterioso, exigente, n\u00e3o nos  contentamos com qualquer crian\u00e7a. Ela tem que ter sa\u00fade, ser fruto de uma  rela\u00e7\u00e3o saud\u00e1vel\u2026 e, a maior das exig\u00eancias: ser branca.<\/div>\n<p><span style=\"font-family: Georgia,serif;\"> <\/span><\/p>\n<div>A reportagem se refere exatamente a isso, em uma  linguagem criteriosamente escolhida para tentar esconder o enorme preconceito e,  por isso mesmo, o revela. Num jogo de mostra-e-esconde, tentamos esconder nosso  racismo, mas revelamos, como nunca, nossa hipocrisia.<\/div>\n<p><em> <\/em><\/p>\n<div><em><em>Walter Hupsel \u00e9 doutorando  em Ci\u00eancia Pol\u00edtica pela USP e Professor de Ci\u00eancia Pol\u00edtica e Rela\u00e7\u00f5es  Internacionais na Faculdade Santa Marcelina. Nasceu em Salvador. Walter Hupsel  escreve a coluna Pol\u00edtica on the Rocks. <\/em><\/em><\/div>\n<div><em><em>Fonte &#8211;\u00a0 Zwela Angola<br \/>\n<\/em><\/em><\/div>\n<p><em> <\/em><\/p>\n","protected":false},"excerpt":{"rendered":"<p>Quase 100% dos poss\u00edveis pais adotivos brasileiros n\u00e3o adotam crian\u00e7as que n\u00e3o sejam brancas. <\/p>\n","protected":false},"author":1,"featured_media":0,"comment_status":"open","ping_status":"open","sticky":false,"template":"","format":"standard","meta":{"site-container-style":"default","site-container-layout":"default","site-sidebar-layout":"default","disable-article-header":"default","disable-site-header":"default","disable-site-footer":"default","disable-content-area-spacing":"default","footnotes":""},"categories":[39,4,8,41],"tags":[],"class_list":["post-18510","post","type-post","status-publish","format-standard","hentry","category-discriminacao","category-noticias","category-textos-e-artigos","category-preconceito"],"yoast_head":"<!-- This site is optimized with the Yoast SEO plugin v27.5 - https:\/\/yoast.com\/product\/yoast-seo-wordpress\/ -->\n<title>O Brasil \u00e9 um pa\u00eds racista? -<\/title>\n<meta name=\"robots\" content=\"index, follow, max-snippet:-1, max-image-preview:large, max-video-preview:-1\" \/>\n<link rel=\"canonical\" href=\"https:\/\/inclusivenews.com.br\/?p=18510\" \/>\n<meta property=\"og:locale\" content=\"pt_PT\" \/>\n<meta property=\"og:type\" content=\"article\" \/>\n<meta property=\"og:title\" content=\"O Brasil \u00e9 um pa\u00eds racista? -\" \/>\n<meta property=\"og:description\" content=\"Quase 100% dos poss\u00edveis pais adotivos brasileiros n\u00e3o adotam crian\u00e7as que n\u00e3o sejam brancas.\" \/>\n<meta property=\"og:url\" content=\"https:\/\/inclusivenews.com.br\/?p=18510\" \/>\n<meta property=\"article:publisher\" content=\"https:\/\/www.facebook.com\/agenciainclusive\/\" \/>\n<meta property=\"article:published_time\" content=\"2011-02-17T05:25:50+00:00\" \/>\n<meta property=\"og:image\" content=\"http:\/\/inclusivenews.com.br\/wp-content\/uploads\/2011\/02\/racismo.jpg\" \/>\n<meta name=\"author\" content=\"inclusivenews2024\" \/>\n<meta name=\"twitter:card\" content=\"summary_large_image\" \/>\n<meta name=\"twitter:label1\" content=\"Escrito por\" \/>\n\t<meta name=\"twitter:data1\" content=\"inclusivenews2024\" \/>\n\t<meta name=\"twitter:label2\" content=\"Tempo estimado de leitura\" \/>\n\t<meta name=\"twitter:data2\" content=\"3 minutos\" \/>\n<script type=\"application\/ld+json\" class=\"yoast-schema-graph\">{\"@context\":\"https:\\\/\\\/schema.org\",\"@graph\":[{\"@type\":\"Article\",\"@id\":\"https:\\\/\\\/inclusivenews.com.br\\\/?p=18510#article\",\"isPartOf\":{\"@id\":\"https:\\\/\\\/inclusivenews.com.br\\\/?p=18510\"},\"author\":{\"name\":\"inclusivenews2024\",\"@id\":\"https:\\\/\\\/inclusivenews.com.br\\\/#\\\/schema\\\/person\\\/ae4ec7087559b8692fb33b6fffd2273b\"},\"headline\":\"O Brasil \u00e9 um pa\u00eds racista?\",\"datePublished\":\"2011-02-17T05:25:50+00:00\",\"mainEntityOfPage\":{\"@id\":\"https:\\\/\\\/inclusivenews.com.br\\\/?p=18510\"},\"wordCount\":644,\"commentCount\":2,\"publisher\":{\"@id\":\"https:\\\/\\\/inclusivenews.com.br\\\/#organization\"},\"image\":{\"@id\":\"https:\\\/\\\/inclusivenews.com.br\\\/?p=18510#primaryimage\"},\"thumbnailUrl\":\"http:\\\/\\\/inclusivenews.com.br\\\/wp-content\\\/uploads\\\/2011\\\/02\\\/racismo.jpg\",\"articleSection\":[\"Discrimina\u00e7\u00e3o\",\"NOT\u00cdCIAS\",\"OPINI\u00c3O\",\"Preconceito\"],\"inLanguage\":\"pt-PT\",\"potentialAction\":[{\"@type\":\"CommentAction\",\"name\":\"Comment\",\"target\":[\"https:\\\/\\\/inclusivenews.com.br\\\/?p=18510#respond\"]}]},{\"@type\":\"WebPage\",\"@id\":\"https:\\\/\\\/inclusivenews.com.br\\\/?p=18510\",\"url\":\"https:\\\/\\\/inclusivenews.com.br\\\/?p=18510\",\"name\":\"O Brasil \u00e9 um pa\u00eds racista? -\",\"isPartOf\":{\"@id\":\"https:\\\/\\\/inclusivenews.com.br\\\/#website\"},\"primaryImageOfPage\":{\"@id\":\"https:\\\/\\\/inclusivenews.com.br\\\/?p=18510#primaryimage\"},\"image\":{\"@id\":\"https:\\\/\\\/inclusivenews.com.br\\\/?p=18510#primaryimage\"},\"thumbnailUrl\":\"http:\\\/\\\/inclusivenews.com.br\\\/wp-content\\\/uploads\\\/2011\\\/02\\\/racismo.jpg\",\"datePublished\":\"2011-02-17T05:25:50+00:00\",\"breadcrumb\":{\"@id\":\"https:\\\/\\\/inclusivenews.com.br\\\/?p=18510#breadcrumb\"},\"inLanguage\":\"pt-PT\",\"potentialAction\":[{\"@type\":\"ReadAction\",\"target\":[\"https:\\\/\\\/inclusivenews.com.br\\\/?p=18510\"]}]},{\"@type\":\"ImageObject\",\"inLanguage\":\"pt-PT\",\"@id\":\"https:\\\/\\\/inclusivenews.com.br\\\/?p=18510#primaryimage\",\"url\":\"\",\"contentUrl\":\"\"},{\"@type\":\"BreadcrumbList\",\"@id\":\"https:\\\/\\\/inclusivenews.com.br\\\/?p=18510#breadcrumb\",\"itemListElement\":[{\"@type\":\"ListItem\",\"position\":1,\"name\":\"In\u00edcio\",\"item\":\"https:\\\/\\\/inclusivenews.com.br\\\/\"},{\"@type\":\"ListItem\",\"position\":2,\"name\":\"O Brasil \u00e9 um pa\u00eds racista?\"}]},{\"@type\":\"WebSite\",\"@id\":\"https:\\\/\\\/inclusivenews.com.br\\\/#website\",\"url\":\"https:\\\/\\\/inclusivenews.com.br\\\/\",\"name\":\"Inclusive News\",\"description\":\"Inclusive News\",\"publisher\":{\"@id\":\"https:\\\/\\\/inclusivenews.com.br\\\/#organization\"},\"potentialAction\":[{\"@type\":\"SearchAction\",\"target\":{\"@type\":\"EntryPoint\",\"urlTemplate\":\"https:\\\/\\\/inclusivenews.com.br\\\/?s={search_term_string}\"},\"query-input\":{\"@type\":\"PropertyValueSpecification\",\"valueRequired\":true,\"valueName\":\"search_term_string\"}}],\"inLanguage\":\"pt-PT\"},{\"@type\":\"Organization\",\"@id\":\"https:\\\/\\\/inclusivenews.com.br\\\/#organization\",\"name\":\"Inclusive - inclus\u00e3o e cidadania\",\"url\":\"https:\\\/\\\/inclusivenews.com.br\\\/\",\"logo\":{\"@type\":\"ImageObject\",\"inLanguage\":\"pt-PT\",\"@id\":\"https:\\\/\\\/inclusivenews.com.br\\\/#\\\/schema\\\/logo\\\/image\\\/\",\"url\":\"https:\\\/\\\/inclusivenews.com.br\\\/wp-content\\\/uploads\\\/2024\\\/03\\\/@grandesite.png\",\"contentUrl\":\"https:\\\/\\\/inclusivenews.com.br\\\/wp-content\\\/uploads\\\/2024\\\/03\\\/@grandesite.png\",\"width\":1080,\"height\":1080,\"caption\":\"Inclusive - inclus\u00e3o e cidadania\"},\"image\":{\"@id\":\"https:\\\/\\\/inclusivenews.com.br\\\/#\\\/schema\\\/logo\\\/image\\\/\"},\"sameAs\":[\"https:\\\/\\\/www.facebook.com\\\/agenciainclusive\\\/\",\"https:\\\/\\\/www.instagram.com\\\/newsinclusive\\\/\"]},{\"@type\":\"Person\",\"@id\":\"https:\\\/\\\/inclusivenews.com.br\\\/#\\\/schema\\\/person\\\/ae4ec7087559b8692fb33b6fffd2273b\",\"name\":\"inclusivenews2024\",\"image\":{\"@type\":\"ImageObject\",\"inLanguage\":\"pt-PT\",\"@id\":\"https:\\\/\\\/secure.gravatar.com\\\/avatar\\\/c5a7ef84c66fa914f55bc4f7ce26cfa275a3b9a1c5568b907bd184fb4dde7b40?s=96&d=mm&r=g\",\"url\":\"https:\\\/\\\/secure.gravatar.com\\\/avatar\\\/c5a7ef84c66fa914f55bc4f7ce26cfa275a3b9a1c5568b907bd184fb4dde7b40?s=96&d=mm&r=g\",\"contentUrl\":\"https:\\\/\\\/secure.gravatar.com\\\/avatar\\\/c5a7ef84c66fa914f55bc4f7ce26cfa275a3b9a1c5568b907bd184fb4dde7b40?s=96&d=mm&r=g\",\"caption\":\"inclusivenews2024\"},\"sameAs\":[\"https:\\\/\\\/inclusivenews.com.br\"],\"url\":\"https:\\\/\\\/inclusivenews.com.br\\\/?author=1\"}]}<\/script>\n<!-- \/ Yoast SEO plugin. -->","yoast_head_json":{"title":"O Brasil \u00e9 um pa\u00eds racista? -","robots":{"index":"index","follow":"follow","max-snippet":"max-snippet:-1","max-image-preview":"max-image-preview:large","max-video-preview":"max-video-preview:-1"},"canonical":"https:\/\/inclusivenews.com.br\/?p=18510","og_locale":"pt_PT","og_type":"article","og_title":"O Brasil \u00e9 um pa\u00eds racista? -","og_description":"Quase 100% dos poss\u00edveis pais adotivos brasileiros n\u00e3o adotam crian\u00e7as que n\u00e3o sejam brancas.","og_url":"https:\/\/inclusivenews.com.br\/?p=18510","article_publisher":"https:\/\/www.facebook.com\/agenciainclusive\/","article_published_time":"2011-02-17T05:25:50+00:00","og_image":[{"url":"http:\/\/inclusivenews.com.br\/wp-content\/uploads\/2011\/02\/racismo.jpg","type":"","width":"","height":""}],"author":"inclusivenews2024","twitter_card":"summary_large_image","twitter_misc":{"Escrito por":"inclusivenews2024","Tempo estimado de leitura":"3 minutos"},"schema":{"@context":"https:\/\/schema.org","@graph":[{"@type":"Article","@id":"https:\/\/inclusivenews.com.br\/?p=18510#article","isPartOf":{"@id":"https:\/\/inclusivenews.com.br\/?p=18510"},"author":{"name":"inclusivenews2024","@id":"https:\/\/inclusivenews.com.br\/#\/schema\/person\/ae4ec7087559b8692fb33b6fffd2273b"},"headline":"O Brasil \u00e9 um pa\u00eds racista?","datePublished":"2011-02-17T05:25:50+00:00","mainEntityOfPage":{"@id":"https:\/\/inclusivenews.com.br\/?p=18510"},"wordCount":644,"commentCount":2,"publisher":{"@id":"https:\/\/inclusivenews.com.br\/#organization"},"image":{"@id":"https:\/\/inclusivenews.com.br\/?p=18510#primaryimage"},"thumbnailUrl":"http:\/\/inclusivenews.com.br\/wp-content\/uploads\/2011\/02\/racismo.jpg","articleSection":["Discrimina\u00e7\u00e3o","NOT\u00cdCIAS","OPINI\u00c3O","Preconceito"],"inLanguage":"pt-PT","potentialAction":[{"@type":"CommentAction","name":"Comment","target":["https:\/\/inclusivenews.com.br\/?p=18510#respond"]}]},{"@type":"WebPage","@id":"https:\/\/inclusivenews.com.br\/?p=18510","url":"https:\/\/inclusivenews.com.br\/?p=18510","name":"O Brasil \u00e9 um pa\u00eds racista? -","isPartOf":{"@id":"https:\/\/inclusivenews.com.br\/#website"},"primaryImageOfPage":{"@id":"https:\/\/inclusivenews.com.br\/?p=18510#primaryimage"},"image":{"@id":"https:\/\/inclusivenews.com.br\/?p=18510#primaryimage"},"thumbnailUrl":"http:\/\/inclusivenews.com.br\/wp-content\/uploads\/2011\/02\/racismo.jpg","datePublished":"2011-02-17T05:25:50+00:00","breadcrumb":{"@id":"https:\/\/inclusivenews.com.br\/?p=18510#breadcrumb"},"inLanguage":"pt-PT","potentialAction":[{"@type":"ReadAction","target":["https:\/\/inclusivenews.com.br\/?p=18510"]}]},{"@type":"ImageObject","inLanguage":"pt-PT","@id":"https:\/\/inclusivenews.com.br\/?p=18510#primaryimage","url":"","contentUrl":""},{"@type":"BreadcrumbList","@id":"https:\/\/inclusivenews.com.br\/?p=18510#breadcrumb","itemListElement":[{"@type":"ListItem","position":1,"name":"In\u00edcio","item":"https:\/\/inclusivenews.com.br\/"},{"@type":"ListItem","position":2,"name":"O Brasil \u00e9 um pa\u00eds racista?"}]},{"@type":"WebSite","@id":"https:\/\/inclusivenews.com.br\/#website","url":"https:\/\/inclusivenews.com.br\/","name":"Inclusive News","description":"Inclusive News","publisher":{"@id":"https:\/\/inclusivenews.com.br\/#organization"},"potentialAction":[{"@type":"SearchAction","target":{"@type":"EntryPoint","urlTemplate":"https:\/\/inclusivenews.com.br\/?s={search_term_string}"},"query-input":{"@type":"PropertyValueSpecification","valueRequired":true,"valueName":"search_term_string"}}],"inLanguage":"pt-PT"},{"@type":"Organization","@id":"https:\/\/inclusivenews.com.br\/#organization","name":"Inclusive - inclus\u00e3o e cidadania","url":"https:\/\/inclusivenews.com.br\/","logo":{"@type":"ImageObject","inLanguage":"pt-PT","@id":"https:\/\/inclusivenews.com.br\/#\/schema\/logo\/image\/","url":"https:\/\/inclusivenews.com.br\/wp-content\/uploads\/2024\/03\/@grandesite.png","contentUrl":"https:\/\/inclusivenews.com.br\/wp-content\/uploads\/2024\/03\/@grandesite.png","width":1080,"height":1080,"caption":"Inclusive - inclus\u00e3o e cidadania"},"image":{"@id":"https:\/\/inclusivenews.com.br\/#\/schema\/logo\/image\/"},"sameAs":["https:\/\/www.facebook.com\/agenciainclusive\/","https:\/\/www.instagram.com\/newsinclusive\/"]},{"@type":"Person","@id":"https:\/\/inclusivenews.com.br\/#\/schema\/person\/ae4ec7087559b8692fb33b6fffd2273b","name":"inclusivenews2024","image":{"@type":"ImageObject","inLanguage":"pt-PT","@id":"https:\/\/secure.gravatar.com\/avatar\/c5a7ef84c66fa914f55bc4f7ce26cfa275a3b9a1c5568b907bd184fb4dde7b40?s=96&d=mm&r=g","url":"https:\/\/secure.gravatar.com\/avatar\/c5a7ef84c66fa914f55bc4f7ce26cfa275a3b9a1c5568b907bd184fb4dde7b40?s=96&d=mm&r=g","contentUrl":"https:\/\/secure.gravatar.com\/avatar\/c5a7ef84c66fa914f55bc4f7ce26cfa275a3b9a1c5568b907bd184fb4dde7b40?s=96&d=mm&r=g","caption":"inclusivenews2024"},"sameAs":["https:\/\/inclusivenews.com.br"],"url":"https:\/\/inclusivenews.com.br\/?author=1"}]}},"_links":{"self":[{"href":"https:\/\/inclusivenews.com.br\/index.php?rest_route=\/wp\/v2\/posts\/18510","targetHints":{"allow":["GET"]}}],"collection":[{"href":"https:\/\/inclusivenews.com.br\/index.php?rest_route=\/wp\/v2\/posts"}],"about":[{"href":"https:\/\/inclusivenews.com.br\/index.php?rest_route=\/wp\/v2\/types\/post"}],"author":[{"embeddable":true,"href":"https:\/\/inclusivenews.com.br\/index.php?rest_route=\/wp\/v2\/users\/1"}],"replies":[{"embeddable":true,"href":"https:\/\/inclusivenews.com.br\/index.php?rest_route=%2Fwp%2Fv2%2Fcomments&post=18510"}],"version-history":[{"count":0,"href":"https:\/\/inclusivenews.com.br\/index.php?rest_route=\/wp\/v2\/posts\/18510\/revisions"}],"wp:attachment":[{"href":"https:\/\/inclusivenews.com.br\/index.php?rest_route=%2Fwp%2Fv2%2Fmedia&parent=18510"}],"wp:term":[{"taxonomy":"category","embeddable":true,"href":"https:\/\/inclusivenews.com.br\/index.php?rest_route=%2Fwp%2Fv2%2Fcategories&post=18510"},{"taxonomy":"post_tag","embeddable":true,"href":"https:\/\/inclusivenews.com.br\/index.php?rest_route=%2Fwp%2Fv2%2Ftags&post=18510"}],"curies":[{"name":"wp","href":"https:\/\/api.w.org\/{rel}","templated":true}]}}