{"id":18511,"date":"2011-02-17T02:36:14","date_gmt":"2011-02-17T05:36:14","guid":{"rendered":"http:\/\/www.inclusive.org.br\/?p=18511"},"modified":"2011-02-17T02:36:14","modified_gmt":"2011-02-17T05:36:14","slug":"a-participacao-dos-pais-na-escola-influencia-uma-melhor-aprendizagem","status":"publish","type":"post","link":"https:\/\/inclusivenews.com.br\/?p=18511","title":{"rendered":"A Participa\u00e7\u00e3o dos Pais na Escola Influencia Uma Melhor Aprendizagem"},"content":{"rendered":"<p><a href=\"http:\/\/www.inclusivenews.com.br\/wp-content\/uploads\/2009\/10\/logotipo_PlanetaEducacao.jpg\"><img loading=\"lazy\" decoding=\"async\" class=\"alignleft size-full wp-image-12135\" title=\"Logotipo do Planeta Educacao, um globo terrestre formado pela letra E\" src=\"http:\/\/inclusivenews.com.br\/wp-content\/uploads\/2009\/10\/logotipo_PlanetaEducacao.jpg\" alt=\"\" width=\"185\" height=\"120\" \/><\/a>Este  texto tem a inten\u00e7\u00e3o de enfocar a import\u00e2ncia  dos pais na escola, analisando a  import\u00e2ncia do trabalho conjunto  fam\u00edlia-escola no processo  ensino-aprendizagem.<\/p>\n<p>Mas quais s\u00e3o as v\u00e1rias causas dos  problemas de aprendizagem da crian\u00e7a?<\/p>\n<p>O desenvolvimento  infantil \u00e9 um processo global. \u00c9  evidente que as dificuldades de aprendizagem  est\u00e3o relacionadas tanto  \u00e0s caracter\u00edsticas pr\u00f3prias da crian\u00e7a, quanto \u00e0s  atitudes inadequadas  da fam\u00edlia e da escola que afetam a crian\u00e7a enquanto  pessoa em  desenvolvimento.<\/p>\n<p>\u201cA crian\u00e7a que desde cedo, tem contato com outra, \u00e9   sabidamente mais soci\u00e1vel, menos egoc\u00eantrica e mais tolerante. Viver em  grupo \u00e9  altamente positivo.<\/p>\n<p>Toda  crian\u00e7a come\u00e7a a aprender a partir do  nascimento e, desde ent\u00e3o, vai  construindo a sua modalidade de  aprendizagem no conv\u00edvio familiar, com  decorr\u00eancia de alguns fatores,  como as trocas emocionais, a aprendizagem  social, a observa\u00e7\u00e3o e a  imita\u00e7\u00e3o s\u00e3o processos importantes que se efetivam  nesse contato.<\/p>\n<p>Naturalmente  que, depois da fam\u00edlia, \u00e9 na escola  que as crian\u00e7as permanecem mais tempo, e as  expectativas em rela\u00e7\u00e3o ao  seu desempenho escolar aumentam, assumindo maior  import\u00e2ncia na vida em  fam\u00edlia.<\/p>\n<p>Mas n\u00e3o compete  apenas \u00e0 escola a fun\u00e7\u00e3o de educar,  mas tamb\u00e9m \u00e0 fam\u00edlia em primeiro lugar. E  se hoje se tem a sobrecarga  da vida moderna, \u00e9 sumamente importante lembrar que  o que vale n\u00e3o \u00e9 o  tempo que se passa junto com os filhos, mas a maneira como  estabelecem  as rela\u00e7\u00f5es com eles.<\/p>\n<p>Isso \u00e9 o que importa, pois se os filhos sabem  que  podem contar com os a pais quando necessitarem, se os pais t\u00eam uma parte  do  seu tempo di\u00e1rio e de lazer reservado para dar aten\u00e7\u00e3o e conversar  com os  filhos, se os limites s\u00e3o estabelecidos com flexibilidade e  justi\u00e7a, sem culpas  ou necessidades compensat\u00f3rias, pode-se esperar,  ent\u00e3o, menor probabilidade de  problemas.<\/p>\n<p>Considerar-se-\u00e1 que o principal  agente de forma\u00e7\u00e3o  da crian\u00e7a \u00e9 a fam\u00edlia. Por\u00e9m que a crise que a fam\u00edlia vem  enfrentando  por todas essas transforma\u00e7\u00f5es que teve, alteraram profundamente a   qualidade de vida da crian\u00e7a.<\/p>\n<p>A desestrutura familiar permeia a nossa sociedade  o  que influencia diretamente na forma\u00e7\u00e3o primeira da crian\u00e7a, pais  separados  t\u00eam uma grande influ\u00eancia no desenvolvimento psicol\u00f3gico,  emocional e afetivo  das nossas crian\u00e7as.<\/p>\n<p>Uma boa  comunica\u00e7\u00e3o entre pais e filhos exige em  primeiro lugar, traduzir o amor,  respeito, confian\u00e7a, aten\u00e7\u00e3o e atender  as suas necessidades b\u00e1sicas. Com essa  participa\u00e7\u00e3o dos pais no  processo de ensino-aprendizagem, ela ganha mais  confian\u00e7a, vendo que  todos se interessam por ela, e tamb\u00e9m porque voc\u00ea passa a  conhecer  quais s\u00e3o as dificuldades e quais os conhecimentos que ela tem.<\/p>\n<p>Comunicar-se com os  filhos \u00e9 dar apoio, conhecer as  suas dificuldades, verificar pelo que eles  est\u00e3o passando, estimulando  suas potencialidades, dando liberdades e incentivo,  e respeitando os  sentimentos da crian\u00e7a.<\/p>\n<p>A fam\u00edlia que propicia  curiosidade em seus filhos,  desde pequeno, valorizando suas atitudes e criando  situa\u00e7\u00f5es para que  eles estabele\u00e7am rela\u00e7\u00f5es e desenvolvam o pensamento  cient\u00edfico, em sua  rotina, \u00e9 uma fam\u00edlia que sempre valoriza e respeita as  atividades  relacionadas \u00e1 vida escolar de seus filhos.<\/p>\n<p>Um dos problemas que  afeta as crian\u00e7as no  desempenho escolar \u00e9 a falta dos pais no processo de  aprendizagem, e  n\u00e3o pela situa\u00e7\u00e3o financeira, mas sim, o desinteresse, a falta  de tempo  por causa do trabalho, a falta de apoio, de carinho e amor, causam   fracasso no processo educativo de seu filho, at\u00e9 mesmo desanima o aluno;  \u00e1reas  que precisam ser trabalhadas junto ao aluno e a fam\u00edlia, o que  impede o bom  desempenho das fun\u00e7\u00f5es da escola.<\/p>\n<p>O que tem acontecido com as  fam\u00edlias na sociedade global?<\/p>\n<p>Os  pais precisam ter certeza de que educar \u00e9   importante. Acreditar que colocar limites, apresentar valores, despertar   desejos nos filhos \u00e9 iniciar o processo de compreens\u00e3o do mundo e  conviv\u00eancia  com o outro.<\/p>\n<blockquote><p><strong>J\u00falia  Aparecida S\u00e9ccolo<\/strong> \u00e9  pedagoga com P\u00f3s-Gradua\u00e7\u00e3o Lato Senso \u2013  Gest\u00e3o Educacional, formada em   Programa\u00e7\u00e3o  Neurolinguistica e \u00e9 formada internacionalmente em   Coaching, atuando em Treinamentos, Palestras e Workshops.<\/p>\n<p>Fonte &#8211; Planeta Educa\u00e7\u00e3o<\/p><\/blockquote>\n","protected":false},"excerpt":{"rendered":"<p>Com essa participa\u00e7\u00e3o dos pais no processo de ensino-aprendizagem, ela ganha mais confian\u00e7a, vendo que todos se interessam por ela, e tamb\u00e9m porque voc\u00ea passa a conhecer quais s\u00e3o as dificuldades e quais os conhecimentos que ela tem.<\/p>\n","protected":false},"author":1,"featured_media":0,"comment_status":"open","ping_status":"open","sticky":false,"template":"","format":"standard","meta":{"site-container-style":"default","site-container-layout":"default","site-sidebar-layout":"default","disable-article-header":"default","disable-site-header":"default","disable-site-footer":"default","disable-content-area-spacing":"default","footnotes":""},"categories":[6,4,8],"tags":[],"class_list":["post-18511","post","type-post","status-publish","format-standard","hentry","category-educacao","category-noticias","category-textos-e-artigos"],"yoast_head":"<!-- This site is optimized with the Yoast SEO plugin v27.5 - https:\/\/yoast.com\/product\/yoast-seo-wordpress\/ -->\n<title>A Participa\u00e7\u00e3o dos Pais na Escola Influencia Uma Melhor Aprendizagem -<\/title>\n<meta name=\"robots\" content=\"index, follow, max-snippet:-1, max-image-preview:large, max-video-preview:-1\" \/>\n<link rel=\"canonical\" href=\"https:\/\/inclusivenews.com.br\/?p=18511\" \/>\n<meta property=\"og:locale\" content=\"pt_PT\" \/>\n<meta property=\"og:type\" content=\"article\" \/>\n<meta property=\"og:title\" content=\"A Participa\u00e7\u00e3o dos Pais na Escola Influencia Uma Melhor Aprendizagem -\" \/>\n<meta property=\"og:description\" content=\"Com essa participa\u00e7\u00e3o dos pais no processo de ensino-aprendizagem, ela ganha mais confian\u00e7a, vendo que todos se interessam por ela, e tamb\u00e9m porque voc\u00ea passa a conhecer quais s\u00e3o as dificuldades e quais os conhecimentos que ela tem.\" \/>\n<meta property=\"og:url\" content=\"https:\/\/inclusivenews.com.br\/?p=18511\" \/>\n<meta property=\"article:publisher\" content=\"https:\/\/www.facebook.com\/agenciainclusive\/\" \/>\n<meta property=\"article:published_time\" content=\"2011-02-17T05:36:14+00:00\" \/>\n<meta property=\"og:image\" content=\"http:\/\/inclusivenews.com.br\/wp-content\/uploads\/2009\/10\/logotipo_PlanetaEducacao.jpg\" \/>\n<meta name=\"author\" content=\"inclusivenews2024\" \/>\n<meta name=\"twitter:card\" content=\"summary_large_image\" \/>\n<meta name=\"twitter:label1\" content=\"Escrito por\" \/>\n\t<meta name=\"twitter:data1\" content=\"inclusivenews2024\" \/>\n\t<meta name=\"twitter:label2\" content=\"Tempo estimado de leitura\" \/>\n\t<meta name=\"twitter:data2\" content=\"4 minutos\" \/>\n<script type=\"application\/ld+json\" class=\"yoast-schema-graph\">{\"@context\":\"https:\\\/\\\/schema.org\",\"@graph\":[{\"@type\":\"Article\",\"@id\":\"https:\\\/\\\/inclusivenews.com.br\\\/?p=18511#article\",\"isPartOf\":{\"@id\":\"https:\\\/\\\/inclusivenews.com.br\\\/?p=18511\"},\"author\":{\"name\":\"inclusivenews2024\",\"@id\":\"https:\\\/\\\/inclusivenews.com.br\\\/#\\\/schema\\\/person\\\/ae4ec7087559b8692fb33b6fffd2273b\"},\"headline\":\"A Participa\u00e7\u00e3o dos Pais na Escola Influencia Uma Melhor Aprendizagem\",\"datePublished\":\"2011-02-17T05:36:14+00:00\",\"mainEntityOfPage\":{\"@id\":\"https:\\\/\\\/inclusivenews.com.br\\\/?p=18511\"},\"wordCount\":726,\"commentCount\":0,\"publisher\":{\"@id\":\"https:\\\/\\\/inclusivenews.com.br\\\/#organization\"},\"image\":{\"@id\":\"https:\\\/\\\/inclusivenews.com.br\\\/?p=18511#primaryimage\"},\"thumbnailUrl\":\"http:\\\/\\\/inclusivenews.com.br\\\/wp-content\\\/uploads\\\/2009\\\/10\\\/logotipo_PlanetaEducacao.jpg\",\"articleSection\":[\"EDUCA\u00c7\u00c3O\",\"NOT\u00cdCIAS\",\"OPINI\u00c3O\"],\"inLanguage\":\"pt-PT\",\"potentialAction\":[{\"@type\":\"CommentAction\",\"name\":\"Comment\",\"target\":[\"https:\\\/\\\/inclusivenews.com.br\\\/?p=18511#respond\"]}]},{\"@type\":\"WebPage\",\"@id\":\"https:\\\/\\\/inclusivenews.com.br\\\/?p=18511\",\"url\":\"https:\\\/\\\/inclusivenews.com.br\\\/?p=18511\",\"name\":\"A Participa\u00e7\u00e3o dos Pais na Escola Influencia Uma Melhor Aprendizagem -\",\"isPartOf\":{\"@id\":\"https:\\\/\\\/inclusivenews.com.br\\\/#website\"},\"primaryImageOfPage\":{\"@id\":\"https:\\\/\\\/inclusivenews.com.br\\\/?p=18511#primaryimage\"},\"image\":{\"@id\":\"https:\\\/\\\/inclusivenews.com.br\\\/?p=18511#primaryimage\"},\"thumbnailUrl\":\"http:\\\/\\\/inclusivenews.com.br\\\/wp-content\\\/uploads\\\/2009\\\/10\\\/logotipo_PlanetaEducacao.jpg\",\"datePublished\":\"2011-02-17T05:36:14+00:00\",\"breadcrumb\":{\"@id\":\"https:\\\/\\\/inclusivenews.com.br\\\/?p=18511#breadcrumb\"},\"inLanguage\":\"pt-PT\",\"potentialAction\":[{\"@type\":\"ReadAction\",\"target\":[\"https:\\\/\\\/inclusivenews.com.br\\\/?p=18511\"]}]},{\"@type\":\"ImageObject\",\"inLanguage\":\"pt-PT\",\"@id\":\"https:\\\/\\\/inclusivenews.com.br\\\/?p=18511#primaryimage\",\"url\":\"https:\\\/\\\/inclusivenews.com.br\\\/wp-content\\\/uploads\\\/2009\\\/10\\\/logotipo_PlanetaEducacao.jpg\",\"contentUrl\":\"https:\\\/\\\/inclusivenews.com.br\\\/wp-content\\\/uploads\\\/2009\\\/10\\\/logotipo_PlanetaEducacao.jpg\",\"width\":185,\"height\":120},{\"@type\":\"BreadcrumbList\",\"@id\":\"https:\\\/\\\/inclusivenews.com.br\\\/?p=18511#breadcrumb\",\"itemListElement\":[{\"@type\":\"ListItem\",\"position\":1,\"name\":\"In\u00edcio\",\"item\":\"https:\\\/\\\/inclusivenews.com.br\\\/\"},{\"@type\":\"ListItem\",\"position\":2,\"name\":\"A Participa\u00e7\u00e3o dos Pais na Escola Influencia Uma Melhor Aprendizagem\"}]},{\"@type\":\"WebSite\",\"@id\":\"https:\\\/\\\/inclusivenews.com.br\\\/#website\",\"url\":\"https:\\\/\\\/inclusivenews.com.br\\\/\",\"name\":\"Inclusive News\",\"description\":\"Inclusive News\",\"publisher\":{\"@id\":\"https:\\\/\\\/inclusivenews.com.br\\\/#organization\"},\"potentialAction\":[{\"@type\":\"SearchAction\",\"target\":{\"@type\":\"EntryPoint\",\"urlTemplate\":\"https:\\\/\\\/inclusivenews.com.br\\\/?s={search_term_string}\"},\"query-input\":{\"@type\":\"PropertyValueSpecification\",\"valueRequired\":true,\"valueName\":\"search_term_string\"}}],\"inLanguage\":\"pt-PT\"},{\"@type\":\"Organization\",\"@id\":\"https:\\\/\\\/inclusivenews.com.br\\\/#organization\",\"name\":\"Inclusive - inclus\u00e3o e cidadania\",\"url\":\"https:\\\/\\\/inclusivenews.com.br\\\/\",\"logo\":{\"@type\":\"ImageObject\",\"inLanguage\":\"pt-PT\",\"@id\":\"https:\\\/\\\/inclusivenews.com.br\\\/#\\\/schema\\\/logo\\\/image\\\/\",\"url\":\"https:\\\/\\\/inclusivenews.com.br\\\/wp-content\\\/uploads\\\/2024\\\/03\\\/@grandesite.png\",\"contentUrl\":\"https:\\\/\\\/inclusivenews.com.br\\\/wp-content\\\/uploads\\\/2024\\\/03\\\/@grandesite.png\",\"width\":1080,\"height\":1080,\"caption\":\"Inclusive - inclus\u00e3o e cidadania\"},\"image\":{\"@id\":\"https:\\\/\\\/inclusivenews.com.br\\\/#\\\/schema\\\/logo\\\/image\\\/\"},\"sameAs\":[\"https:\\\/\\\/www.facebook.com\\\/agenciainclusive\\\/\",\"https:\\\/\\\/www.instagram.com\\\/newsinclusive\\\/\"]},{\"@type\":\"Person\",\"@id\":\"https:\\\/\\\/inclusivenews.com.br\\\/#\\\/schema\\\/person\\\/ae4ec7087559b8692fb33b6fffd2273b\",\"name\":\"inclusivenews2024\",\"image\":{\"@type\":\"ImageObject\",\"inLanguage\":\"pt-PT\",\"@id\":\"https:\\\/\\\/secure.gravatar.com\\\/avatar\\\/c5a7ef84c66fa914f55bc4f7ce26cfa275a3b9a1c5568b907bd184fb4dde7b40?s=96&d=mm&r=g\",\"url\":\"https:\\\/\\\/secure.gravatar.com\\\/avatar\\\/c5a7ef84c66fa914f55bc4f7ce26cfa275a3b9a1c5568b907bd184fb4dde7b40?s=96&d=mm&r=g\",\"contentUrl\":\"https:\\\/\\\/secure.gravatar.com\\\/avatar\\\/c5a7ef84c66fa914f55bc4f7ce26cfa275a3b9a1c5568b907bd184fb4dde7b40?s=96&d=mm&r=g\",\"caption\":\"inclusivenews2024\"},\"sameAs\":[\"https:\\\/\\\/inclusivenews.com.br\"],\"url\":\"https:\\\/\\\/inclusivenews.com.br\\\/?author=1\"}]}<\/script>\n<!-- \/ Yoast SEO plugin. -->","yoast_head_json":{"title":"A Participa\u00e7\u00e3o dos Pais na Escola Influencia Uma Melhor Aprendizagem -","robots":{"index":"index","follow":"follow","max-snippet":"max-snippet:-1","max-image-preview":"max-image-preview:large","max-video-preview":"max-video-preview:-1"},"canonical":"https:\/\/inclusivenews.com.br\/?p=18511","og_locale":"pt_PT","og_type":"article","og_title":"A Participa\u00e7\u00e3o dos Pais na Escola Influencia Uma Melhor Aprendizagem -","og_description":"Com essa participa\u00e7\u00e3o dos pais no processo de ensino-aprendizagem, ela ganha mais confian\u00e7a, vendo que todos se interessam por ela, e tamb\u00e9m porque voc\u00ea passa a conhecer quais s\u00e3o as dificuldades e quais os conhecimentos que ela tem.","og_url":"https:\/\/inclusivenews.com.br\/?p=18511","article_publisher":"https:\/\/www.facebook.com\/agenciainclusive\/","article_published_time":"2011-02-17T05:36:14+00:00","og_image":[{"url":"http:\/\/inclusivenews.com.br\/wp-content\/uploads\/2009\/10\/logotipo_PlanetaEducacao.jpg","type":"","width":"","height":""}],"author":"inclusivenews2024","twitter_card":"summary_large_image","twitter_misc":{"Escrito por":"inclusivenews2024","Tempo estimado de leitura":"4 minutos"},"schema":{"@context":"https:\/\/schema.org","@graph":[{"@type":"Article","@id":"https:\/\/inclusivenews.com.br\/?p=18511#article","isPartOf":{"@id":"https:\/\/inclusivenews.com.br\/?p=18511"},"author":{"name":"inclusivenews2024","@id":"https:\/\/inclusivenews.com.br\/#\/schema\/person\/ae4ec7087559b8692fb33b6fffd2273b"},"headline":"A Participa\u00e7\u00e3o dos Pais na Escola Influencia Uma Melhor Aprendizagem","datePublished":"2011-02-17T05:36:14+00:00","mainEntityOfPage":{"@id":"https:\/\/inclusivenews.com.br\/?p=18511"},"wordCount":726,"commentCount":0,"publisher":{"@id":"https:\/\/inclusivenews.com.br\/#organization"},"image":{"@id":"https:\/\/inclusivenews.com.br\/?p=18511#primaryimage"},"thumbnailUrl":"http:\/\/inclusivenews.com.br\/wp-content\/uploads\/2009\/10\/logotipo_PlanetaEducacao.jpg","articleSection":["EDUCA\u00c7\u00c3O","NOT\u00cdCIAS","OPINI\u00c3O"],"inLanguage":"pt-PT","potentialAction":[{"@type":"CommentAction","name":"Comment","target":["https:\/\/inclusivenews.com.br\/?p=18511#respond"]}]},{"@type":"WebPage","@id":"https:\/\/inclusivenews.com.br\/?p=18511","url":"https:\/\/inclusivenews.com.br\/?p=18511","name":"A Participa\u00e7\u00e3o dos Pais na Escola Influencia Uma Melhor Aprendizagem -","isPartOf":{"@id":"https:\/\/inclusivenews.com.br\/#website"},"primaryImageOfPage":{"@id":"https:\/\/inclusivenews.com.br\/?p=18511#primaryimage"},"image":{"@id":"https:\/\/inclusivenews.com.br\/?p=18511#primaryimage"},"thumbnailUrl":"http:\/\/inclusivenews.com.br\/wp-content\/uploads\/2009\/10\/logotipo_PlanetaEducacao.jpg","datePublished":"2011-02-17T05:36:14+00:00","breadcrumb":{"@id":"https:\/\/inclusivenews.com.br\/?p=18511#breadcrumb"},"inLanguage":"pt-PT","potentialAction":[{"@type":"ReadAction","target":["https:\/\/inclusivenews.com.br\/?p=18511"]}]},{"@type":"ImageObject","inLanguage":"pt-PT","@id":"https:\/\/inclusivenews.com.br\/?p=18511#primaryimage","url":"https:\/\/inclusivenews.com.br\/wp-content\/uploads\/2009\/10\/logotipo_PlanetaEducacao.jpg","contentUrl":"https:\/\/inclusivenews.com.br\/wp-content\/uploads\/2009\/10\/logotipo_PlanetaEducacao.jpg","width":185,"height":120},{"@type":"BreadcrumbList","@id":"https:\/\/inclusivenews.com.br\/?p=18511#breadcrumb","itemListElement":[{"@type":"ListItem","position":1,"name":"In\u00edcio","item":"https:\/\/inclusivenews.com.br\/"},{"@type":"ListItem","position":2,"name":"A Participa\u00e7\u00e3o dos Pais na Escola Influencia Uma Melhor Aprendizagem"}]},{"@type":"WebSite","@id":"https:\/\/inclusivenews.com.br\/#website","url":"https:\/\/inclusivenews.com.br\/","name":"Inclusive News","description":"Inclusive News","publisher":{"@id":"https:\/\/inclusivenews.com.br\/#organization"},"potentialAction":[{"@type":"SearchAction","target":{"@type":"EntryPoint","urlTemplate":"https:\/\/inclusivenews.com.br\/?s={search_term_string}"},"query-input":{"@type":"PropertyValueSpecification","valueRequired":true,"valueName":"search_term_string"}}],"inLanguage":"pt-PT"},{"@type":"Organization","@id":"https:\/\/inclusivenews.com.br\/#organization","name":"Inclusive - inclus\u00e3o e cidadania","url":"https:\/\/inclusivenews.com.br\/","logo":{"@type":"ImageObject","inLanguage":"pt-PT","@id":"https:\/\/inclusivenews.com.br\/#\/schema\/logo\/image\/","url":"https:\/\/inclusivenews.com.br\/wp-content\/uploads\/2024\/03\/@grandesite.png","contentUrl":"https:\/\/inclusivenews.com.br\/wp-content\/uploads\/2024\/03\/@grandesite.png","width":1080,"height":1080,"caption":"Inclusive - inclus\u00e3o e cidadania"},"image":{"@id":"https:\/\/inclusivenews.com.br\/#\/schema\/logo\/image\/"},"sameAs":["https:\/\/www.facebook.com\/agenciainclusive\/","https:\/\/www.instagram.com\/newsinclusive\/"]},{"@type":"Person","@id":"https:\/\/inclusivenews.com.br\/#\/schema\/person\/ae4ec7087559b8692fb33b6fffd2273b","name":"inclusivenews2024","image":{"@type":"ImageObject","inLanguage":"pt-PT","@id":"https:\/\/secure.gravatar.com\/avatar\/c5a7ef84c66fa914f55bc4f7ce26cfa275a3b9a1c5568b907bd184fb4dde7b40?s=96&d=mm&r=g","url":"https:\/\/secure.gravatar.com\/avatar\/c5a7ef84c66fa914f55bc4f7ce26cfa275a3b9a1c5568b907bd184fb4dde7b40?s=96&d=mm&r=g","contentUrl":"https:\/\/secure.gravatar.com\/avatar\/c5a7ef84c66fa914f55bc4f7ce26cfa275a3b9a1c5568b907bd184fb4dde7b40?s=96&d=mm&r=g","caption":"inclusivenews2024"},"sameAs":["https:\/\/inclusivenews.com.br"],"url":"https:\/\/inclusivenews.com.br\/?author=1"}]}},"_links":{"self":[{"href":"https:\/\/inclusivenews.com.br\/index.php?rest_route=\/wp\/v2\/posts\/18511","targetHints":{"allow":["GET"]}}],"collection":[{"href":"https:\/\/inclusivenews.com.br\/index.php?rest_route=\/wp\/v2\/posts"}],"about":[{"href":"https:\/\/inclusivenews.com.br\/index.php?rest_route=\/wp\/v2\/types\/post"}],"author":[{"embeddable":true,"href":"https:\/\/inclusivenews.com.br\/index.php?rest_route=\/wp\/v2\/users\/1"}],"replies":[{"embeddable":true,"href":"https:\/\/inclusivenews.com.br\/index.php?rest_route=%2Fwp%2Fv2%2Fcomments&post=18511"}],"version-history":[{"count":0,"href":"https:\/\/inclusivenews.com.br\/index.php?rest_route=\/wp\/v2\/posts\/18511\/revisions"}],"wp:attachment":[{"href":"https:\/\/inclusivenews.com.br\/index.php?rest_route=%2Fwp%2Fv2%2Fmedia&parent=18511"}],"wp:term":[{"taxonomy":"category","embeddable":true,"href":"https:\/\/inclusivenews.com.br\/index.php?rest_route=%2Fwp%2Fv2%2Fcategories&post=18511"},{"taxonomy":"post_tag","embeddable":true,"href":"https:\/\/inclusivenews.com.br\/index.php?rest_route=%2Fwp%2Fv2%2Ftags&post=18511"}],"curies":[{"name":"wp","href":"https:\/\/api.w.org\/{rel}","templated":true}]}}