{"id":18513,"date":"2011-02-17T03:00:51","date_gmt":"2011-02-17T06:00:51","guid":{"rendered":"http:\/\/www.inclusive.org.br\/?p=18513"},"modified":"2011-02-17T03:00:51","modified_gmt":"2011-02-17T06:00:51","slug":"expo-povos-indigenas-no-brasil","status":"publish","type":"post","link":"https:\/\/inclusivenews.com.br\/?p=18513","title":{"rendered":"Expo &#8211; Povos ind\u00edgenas no Brasil"},"content":{"rendered":"<table border=\"0\" cellspacing=\"0\" cellpadding=\"0\" width=\"100%\">\n<tbody>\n<tr align=\"left\" valign=\"top\">\n<td>\n<dl>\n<dt><img loading=\"lazy\" decoding=\"async\" title=\"Convite da Exposi\u00e7\u00e3o - Ind\u00edgena pinta abdomem de variadas cores.\" src=\"http:\/\/www.viapolitica.com.br\/fotos_outro_olhar_2\/ed_236\/070211_outro_olhar_13.jpg\" border=\"0\" alt=\"Convite da Exposi\u00e7\u00e3o - Ind\u00edgena pinta abdomem de variadas cores.\" width=\"380\" height=\"252\" \/><\/dt>\n<\/dl>\n<\/td>\n<\/tr>\n<tr align=\"center\" valign=\"top\">\n<td><span style=\"color: #ffffff;\">.<\/span><\/td>\n<\/tr>\n<tr align=\"right\" valign=\"top\">\n<td align=\"left\"><strong>Fotos de Rosa Gauditano<\/strong><\/td>\n<\/tr>\n<tr align=\"center\" valign=\"top\">\n<td><span style=\"color: #ffffff;\">.<\/span><\/td>\n<\/tr>\n<tr align=\"right\" valign=\"top\">\n<td><a href=\"http:\/\/www.viapolitica.com.br\/outro_olhar_anteriores.php\">Anteriore<\/a><\/td>\n<\/tr>\n<tr align=\"center\" valign=\"top\">\n<td>\n<div>\n<p><strong><br \/>\n<\/strong><em>A  fot\u00f3grafa Rosa Gauditano, cujo acervo  fotogr\u00e1fico e art\u00edstico \u00e9  reconhecido internacionalmente, desde o dia 1\u00ba de  fevereiro exp\u00f5e, em  Bras\u00edlia, 60 imagens que fazem parte do projeto \u201cPovos  Ind\u00edgenas no  Brasil\u201d. A iniciativa, patrocinada pela Caixa Econ\u00f4mica Federal  (CEF),  abrange ainda dois cat\u00e1logos para distribui\u00e7\u00e3o gratuita em escolas   ind\u00edgenas de 34 etnias e em bibliotecas, escolas p\u00fablicas e particulares   paulistas. Comp\u00f5em a mostra \u2013 que estar\u00e1 em S\u00e3o Paulo a partir de 9 de  mar\u00e7o \u2013 \u00a0dois document\u00e1rios realizados por \u00edndios  xavante e um mapa  que localiza os povos fotografados, produzido pelo Instituto   SocioAmbiental (ISA). <\/em><\/p>\n<p><em>Rosa  Gauditano, que dirige a ONG Nossa  Tribo, selecionou 12 imagens que integram o  projeto. Apresentamos  tamb\u00e9m, a seguir, um texto sobre a obra da fot\u00f3grafa,  redigido pelas  curadoras e pesquisadoras associadas Angela  Magalh\u00e3es e Nadja Fonseca  Peregrino, e outro da antrop\u00f3loga Camila  Gauditano de Cerqueira, do  ISA, sobre os ind\u00edgenas no Brasil.<\/em><strong> <\/strong><\/p>\n<p><strong>Leia tamb\u00e9m:<\/strong><\/p>\n<p><strong><a href=\"http:\/\/www.viapolitica.com.br\/paginas_extras\/070211_A_persistencia_da_memoria.htm\" target=\"_blank\" rel=\"noopener\">A persist\u00eancia da mem\u00f3ria<\/a><\/strong><\/p>\n<p><strong><a href=\"http:\/\/www.viapolitica.com.br\/paginas_extras\/070211_O_desafio_da_realidade.htm\" target=\"_blank\" rel=\"noopener\">O desafio da realidade<\/a><\/strong><\/p>\n<p><strong> <\/strong><\/p>\n<\/div>\n<\/td>\n<\/tr>\n<tr align=\"center\" valign=\"top\">\n<td><\/td>\n<\/tr>\n<tr align=\"center\" valign=\"top\">\n<td><\/td>\n<\/tr>\n<tr align=\"center\" valign=\"top\">\n<td>\n<p><figure style=\"width: 280px\" class=\"wp-caption alignnone\"><img loading=\"lazy\" decoding=\"async\" style=\"border: 0pt none;\" title=\"Homem ind\u00edgena com rosto ecorpo pintado de preto e branco, com faixa vermelha e preta na testa e esp\u00e9cie de brinco comprido na boca, olhando para baixo.\" src=\"http:\/\/www.viapolitica.com.br\/fotos_outro_olhar_2\/ed_236\/070211_outro_olhar_2.jpg\" border=\"0\" alt=\"Homem ind\u00edgena com rosto ecorpo pintado de preto e branco, com faixa vermelha e preta na testa e esp\u00e9cie de brinco comprido na boca, olhando para baixo.\" width=\"280\" height=\"427\" \/><figcaption class=\"wp-caption-text\">Homem ind\u00edgena com rosto ecorpo pintado de preto e branco, com faixa vermelha e preta na testa e esp\u00e9cie de brinco comprido na boca, olhando para baixo.<\/figcaption><\/figure><\/td>\n<\/tr>\n<tr align=\"center\" valign=\"top\">\n<td><\/td>\n<\/tr>\n<tr align=\"center\" valign=\"top\">\n<td>\n<p><figure style=\"width: 280px\" class=\"wp-caption alignnone\"><img loading=\"lazy\" decoding=\"async\" style=\"border: 0pt none;\" title=\"Ind\u00edgena de perfil, com costas, pesco\u00e7o e rosto pintados de branco e cinza, com faixa amarela e vermelha amarrada na testa e objeto amarelo e azul no rosto.\" src=\"http:\/\/www.viapolitica.com.br\/fotos_outro_olhar_2\/ed_236\/070211_outro_olhar_3.jpg\" border=\"0\" alt=\"Ind\u00edgena de perfil, com costas, pesco\u00e7o e rosto pintados de branco e cinza, com faixa amarela e vermelha amarrada na testa e objeto amarelo e azul no rosto.\" width=\"280\" height=\"425\" \/><figcaption class=\"wp-caption-text\">Ind\u00edgena de perfil, com costas, pesco\u00e7o e rosto pintados de branco e cinza, com faixa amarela e vermelha amarrada na testa e objeto amarelo e azul no rosto.<\/figcaption><\/figure><\/td>\n<\/tr>\n<tr align=\"center\" valign=\"top\">\n<td><\/td>\n<\/tr>\n<tr align=\"center\" valign=\"top\">\n<td>\n<p><figure style=\"width: 280px\" class=\"wp-caption alignnone\"><img loading=\"lazy\" decoding=\"async\" style=\"border: 0pt none;\" title=\"Crian\u00e7a ind\u00edgena com colar de mi\u00e7anga verde e amerela no pesco\u00e7o, cocar com penas das mesmas cores e bolas vermelhas pintadas no rosto.\" src=\"http:\/\/www.viapolitica.com.br\/fotos_outro_olhar_2\/ed_236\/070211_outro_olhar_4.jpg\" border=\"0\" alt=\"Crian\u00e7a ind\u00edgena com colar de mi\u00e7anga verde e amerela no pesco\u00e7o, cocar com penas das mesmas cores e bolas vermelhas pintadas no rosto.\" width=\"280\" height=\"420\" \/><figcaption class=\"wp-caption-text\">Crian\u00e7a ind\u00edgena com colar de mi\u00e7anga verde e amerela no pesco\u00e7o, cocar com penas das mesmas cores e bolas vermelhas pintadas no rosto.<\/figcaption><\/figure><\/td>\n<\/tr>\n<tr align=\"center\" valign=\"top\">\n<td><\/td>\n<\/tr>\n<tr align=\"center\" valign=\"top\">\n<td>\n<p><figure style=\"width: 280px\" class=\"wp-caption alignnone\"><img loading=\"lazy\" decoding=\"async\" style=\"border: 0pt none;\" title=\"Mulher ind\u00edgena de cabelos longos, cocar de penas brancas na cabe\u00e7a e fumando cachimbo de madeira.\" src=\"http:\/\/www.viapolitica.com.br\/fotos_outro_olhar_2\/ed_236\/070211_outro_olhar_5.jpg\" border=\"0\" alt=\"Mulher ind\u00edgena de cabelos longos, cocar de penas brancas na cabe\u00e7a e fumando cachimbo de madeira.\" width=\"280\" height=\"426\" \/><figcaption class=\"wp-caption-text\">Mulher ind\u00edgena de cabelos longos, cocar de penas brancas na cabe\u00e7a e fumando cachimbo de madeira.<\/figcaption><\/figure><\/td>\n<\/tr>\n<tr align=\"center\" valign=\"top\">\n<td><\/td>\n<\/tr>\n<tr align=\"center\" valign=\"top\">\n<td>\n<p><figure style=\"width: 280px\" class=\"wp-caption alignnone\"><img loading=\"lazy\" decoding=\"async\" style=\"border: 0pt none;\" title=\"Ind\u00edgena com rosto pintado de vermelho e preto e coroa de folhas verdes compridas tampando parcialmente o rosto.\" src=\"http:\/\/www.viapolitica.com.br\/fotos_outro_olhar_2\/ed_236\/070211_outro_olhar_1.jpg\" border=\"0\" alt=\"Ind\u00edgena com rosto pintado de vermelho e preto e coroa de folhas verdes compridas tampando parcialmente o rosto.\" width=\"280\" height=\"423\" \/><figcaption class=\"wp-caption-text\">Ind\u00edgena com rosto pintado de vermelho e preto e coroa de folhas verdes compridas tampando parcialmente o rosto.<\/figcaption><\/figure><\/td>\n<\/tr>\n<tr align=\"center\" valign=\"top\">\n<td><\/td>\n<\/tr>\n<tr align=\"center\" valign=\"top\">\n<td>\n<p><figure style=\"width: 380px\" class=\"wp-caption alignnone\"><img loading=\"lazy\" decoding=\"async\" style=\"border: 0pt none;\" title=\"Ind\u00edgena, olhando para baixo, com peixe dentro da boca, com o rabo de fora.\" src=\"http:\/\/www.viapolitica.com.br\/fotos_outro_olhar_2\/ed_236\/070211_outro_olhar_6.jpg\" border=\"0\" alt=\"Ind\u00edgena, olhando para baixo, com peixe dentro da boca, com o rabo de fora.\" width=\"380\" height=\"251\" \/><figcaption class=\"wp-caption-text\">Ind\u00edgena, olhando para baixo, com peixe dentro da boca, com o rabo de fora.<\/figcaption><\/figure><\/td>\n<\/tr>\n<tr align=\"center\" valign=\"top\">\n<td><\/td>\n<\/tr>\n<tr align=\"center\" valign=\"top\">\n<td>\n<p><figure style=\"width: 380px\" class=\"wp-caption alignnone\"><img loading=\"lazy\" decoding=\"async\" style=\"border: 0pt none;\" title=\"Grupo de ind\u00edgenas.\" src=\"http:\/\/www.viapolitica.com.br\/fotos_outro_olhar_2\/ed_236\/070211_outro_olhar_7.jpg\" border=\"0\" alt=\"Grupo de ind\u00edgenas.\" width=\"380\" height=\"250\" \/><figcaption class=\"wp-caption-text\">Grupo de ind\u00edgenas.<\/figcaption><\/figure><\/td>\n<\/tr>\n<tr align=\"center\" valign=\"top\">\n<td><\/td>\n<\/tr>\n<tr align=\"center\" valign=\"top\">\n<td>\n<p><figure style=\"width: 380px\" class=\"wp-caption alignnone\"><img loading=\"lazy\" decoding=\"async\" style=\"border: 0pt none;\" title=\"Duas crian\u00e7as ind\u00edgenas sentadas na areia, brincando e sorrindo.\" src=\"http:\/\/www.viapolitica.com.br\/fotos_outro_olhar_2\/ed_236\/070211_outro_olhar_8.jpg\" border=\"0\" alt=\"Duas crian\u00e7as ind\u00edgenas sentadas na areia, brincando e sorrindo.\" width=\"380\" height=\"250\" \/><figcaption class=\"wp-caption-text\">Duas crian\u00e7as ind\u00edgenas sentadas na areia, brincando e sorrindo.<\/figcaption><\/figure><\/td>\n<\/tr>\n<tr align=\"center\" valign=\"top\">\n<td><\/td>\n<\/tr>\n<tr align=\"center\" valign=\"top\">\n<td>\n<p><figure style=\"width: 380px\" class=\"wp-caption alignnone\"><img loading=\"lazy\" decoding=\"async\" style=\"border: 0pt none;\" title=\"Um ind\u00edgena arruma o enfeite de outro.\" src=\"http:\/\/www.viapolitica.com.br\/fotos_outro_olhar_2\/ed_236\/070211_outro_olhar_9.jpg\" border=\"0\" alt=\"Um ind\u00edgena arruma o enfeite de outro.\" width=\"380\" height=\"262\" \/><figcaption class=\"wp-caption-text\">Um ind\u00edgena arruma o enfeite de outro.<\/figcaption><\/figure><\/td>\n<\/tr>\n<tr align=\"center\" valign=\"top\">\n<td><\/td>\n<\/tr>\n<tr align=\"center\" valign=\"top\">\n<td>\n<p><figure style=\"width: 380px\" class=\"wp-caption alignnone\"><img loading=\"lazy\" decoding=\"async\" style=\"border: 0pt none;\" title=\"Chocalhos ind\u00edgenas.\" src=\"http:\/\/www.viapolitica.com.br\/fotos_outro_olhar_2\/ed_236\/070211_outro_olhar_10.jpg\" border=\"0\" alt=\"Chocalhos ind\u00edgenas.\" width=\"380\" height=\"220\" \/><figcaption class=\"wp-caption-text\">Chocalhos ind\u00edgenas.<\/figcaption><\/figure><\/td>\n<\/tr>\n<tr align=\"center\" valign=\"top\">\n<td><\/td>\n<\/tr>\n<tr align=\"center\" valign=\"top\">\n<td>\n<p><figure style=\"width: 380px\" class=\"wp-caption alignnone\"><img loading=\"lazy\" decoding=\"async\" style=\"border: 0pt none;\" title=\"Grupo de ind\u00edgenas com traje de palha cobrindo todo o corpo, posam em frente a sede da associa\u00e7\u00e3o ind\u00edgena.\" src=\"http:\/\/www.viapolitica.com.br\/fotos_outro_olhar_2\/ed_236\/070211_outro_olhar_11.jpg\" border=\"0\" alt=\"Grupo de ind\u00edgenas com traje de palha cobrindo todo o corpo, posam em frente a sede da associa\u00e7\u00e3o ind\u00edgena.\" width=\"380\" height=\"258\" \/><figcaption class=\"wp-caption-text\">Grupo de ind\u00edgenas com traje de palha cobrindo todo o corpo, posam em frente a sede da associa\u00e7\u00e3o ind\u00edgena.<\/figcaption><\/figure><\/td>\n<\/tr>\n<tr align=\"center\" valign=\"top\">\n<td><\/td>\n<\/tr>\n<tr align=\"center\" valign=\"top\">\n<td>\n<p><figure style=\"width: 380px\" class=\"wp-caption alignnone\"><img loading=\"lazy\" decoding=\"async\" style=\"border: 0pt none;\" title=\"Corpo de ind\u00edgena ca\u00eddo no asfalto e homens do ex\u00e9rcito armados andando a volta, enquanto um homem bate uma foto.\" src=\"http:\/\/www.viapolitica.com.br\/fotos_outro_olhar_2\/ed_236\/070211_outro_olhar_12.jpg\" border=\"0\" alt=\"Corpo de ind\u00edgena ca\u00eddo no asfalto e homens do ex\u00e9rcito armados andando a volta, enquanto um homem bate uma foto.\" width=\"380\" height=\"256\" \/><figcaption class=\"wp-caption-text\">Corpo de ind\u00edgena ca\u00eddo no asfalto e homens do ex\u00e9rcito armados andando a volta, enquanto um homem bate uma foto.<\/figcaption><\/figure><\/td>\n<\/tr>\n<tr align=\"center\" valign=\"top\">\n<td><\/td>\n<\/tr>\n<tr align=\"center\" valign=\"top\">\n<td>\n<p><figure style=\"width: 380px\" class=\"wp-caption alignnone\"><img loading=\"lazy\" decoding=\"async\" style=\"border: 0pt none;\" title=\"Convite da Exposi\u00e7\u00e3o - Ind\u00edgena pinta abdomem de variadas cores.\" src=\"http:\/\/www.viapolitica.com.br\/fotos_outro_olhar_2\/ed_236\/070211_outro_olhar_13.jpg\" border=\"0\" alt=\"Convite da Exposi\u00e7\u00e3o - Ind\u00edgena pinta abdomem de variadas cores.\" width=\"380\" height=\"252\" \/><figcaption class=\"wp-caption-text\">Convite da Exposi\u00e7\u00e3o - Ind\u00edgena pinta abdomem de variadas cores.<\/figcaption><\/figure><\/td>\n<\/tr>\n<tr align=\"center\" valign=\"top\">\n<td><\/td>\n<\/tr>\n<tr align=\"center\" valign=\"top\">\n<td>\n<div>\n<p>5\/2\/2011<\/p>\n<p><strong>Fonte: ViaPol\u00edtica\/Nossa  Tribo\/A autora<\/strong><\/p>\n<\/div>\n<\/td>\n<\/tr>\n<\/tbody>\n<\/table>\n","protected":false},"excerpt":{"rendered":"<p>A Fot\u00f3grafa Rosa Gauditano exp\u00f5e na Caixa Econ\u00f4mica Federal em Bras\u00edlia.<\/p>\n","protected":false},"author":1,"featured_media":0,"comment_status":"open","ping_status":"open","sticky":false,"template":"","format":"standard","meta":{"site-container-style":"default","site-container-layout":"default","site-sidebar-layout":"default","disable-article-header":"default","disable-site-header":"default","disable-site-footer":"default","disable-content-area-spacing":"default","footnotes":""},"categories":[29,4],"tags":[19],"class_list":["post-18513","post","type-post","status-publish","format-standard","hentry","category-cultura","category-noticias","tag-fotografia"],"yoast_head":"<!-- This site is optimized with the Yoast SEO plugin v27.5 - https:\/\/yoast.com\/product\/yoast-seo-wordpress\/ -->\n<title>Expo - Povos ind\u00edgenas no Brasil -<\/title>\n<meta name=\"robots\" content=\"index, follow, max-snippet:-1, max-image-preview:large, max-video-preview:-1\" \/>\n<link rel=\"canonical\" href=\"https:\/\/inclusivenews.com.br\/?p=18513\" \/>\n<meta property=\"og:locale\" content=\"pt_PT\" \/>\n<meta property=\"og:type\" content=\"article\" \/>\n<meta property=\"og:title\" content=\"Expo - Povos ind\u00edgenas no Brasil -\" \/>\n<meta property=\"og:description\" content=\"A Fot\u00f3grafa Rosa Gauditano exp\u00f5e na Caixa Econ\u00f4mica Federal em Bras\u00edlia.\" \/>\n<meta property=\"og:url\" content=\"https:\/\/inclusivenews.com.br\/?p=18513\" \/>\n<meta property=\"article:publisher\" content=\"https:\/\/www.facebook.com\/agenciainclusive\/\" \/>\n<meta property=\"article:published_time\" content=\"2011-02-17T06:00:51+00:00\" \/>\n<meta property=\"og:image\" content=\"http:\/\/www.viapolitica.com.br\/fotos_outro_olhar_2\/ed_236\/070211_outro_olhar_13.jpg\" \/>\n<meta name=\"author\" content=\"inclusivenews2024\" \/>\n<meta name=\"twitter:card\" content=\"summary_large_image\" \/>\n<meta name=\"twitter:label1\" content=\"Escrito por\" \/>\n\t<meta name=\"twitter:data1\" content=\"inclusivenews2024\" \/>\n\t<meta name=\"twitter:label2\" content=\"Tempo estimado de leitura\" \/>\n\t<meta name=\"twitter:data2\" content=\"2 minutos\" \/>\n<script type=\"application\/ld+json\" class=\"yoast-schema-graph\">{\"@context\":\"https:\\\/\\\/schema.org\",\"@graph\":[{\"@type\":\"Article\",\"@id\":\"https:\\\/\\\/inclusivenews.com.br\\\/?p=18513#article\",\"isPartOf\":{\"@id\":\"https:\\\/\\\/inclusivenews.com.br\\\/?p=18513\"},\"author\":{\"name\":\"inclusivenews2024\",\"@id\":\"https:\\\/\\\/inclusivenews.com.br\\\/#\\\/schema\\\/person\\\/ae4ec7087559b8692fb33b6fffd2273b\"},\"headline\":\"Expo &#8211; Povos ind\u00edgenas no Brasil\",\"datePublished\":\"2011-02-17T06:00:51+00:00\",\"mainEntityOfPage\":{\"@id\":\"https:\\\/\\\/inclusivenews.com.br\\\/?p=18513\"},\"wordCount\":505,\"commentCount\":1,\"publisher\":{\"@id\":\"https:\\\/\\\/inclusivenews.com.br\\\/#organization\"},\"image\":{\"@id\":\"https:\\\/\\\/inclusivenews.com.br\\\/?p=18513#primaryimage\"},\"thumbnailUrl\":\"http:\\\/\\\/www.viapolitica.com.br\\\/fotos_outro_olhar_2\\\/ed_236\\\/070211_outro_olhar_13.jpg\",\"keywords\":[\"Fotografia\"],\"articleSection\":[\"Cultura\",\"NOT\u00cdCIAS\"],\"inLanguage\":\"pt-PT\",\"potentialAction\":[{\"@type\":\"CommentAction\",\"name\":\"Comment\",\"target\":[\"https:\\\/\\\/inclusivenews.com.br\\\/?p=18513#respond\"]}]},{\"@type\":\"WebPage\",\"@id\":\"https:\\\/\\\/inclusivenews.com.br\\\/?p=18513\",\"url\":\"https:\\\/\\\/inclusivenews.com.br\\\/?p=18513\",\"name\":\"Expo - Povos ind\u00edgenas no Brasil -\",\"isPartOf\":{\"@id\":\"https:\\\/\\\/inclusivenews.com.br\\\/#website\"},\"primaryImageOfPage\":{\"@id\":\"https:\\\/\\\/inclusivenews.com.br\\\/?p=18513#primaryimage\"},\"image\":{\"@id\":\"https:\\\/\\\/inclusivenews.com.br\\\/?p=18513#primaryimage\"},\"thumbnailUrl\":\"http:\\\/\\\/www.viapolitica.com.br\\\/fotos_outro_olhar_2\\\/ed_236\\\/070211_outro_olhar_13.jpg\",\"datePublished\":\"2011-02-17T06:00:51+00:00\",\"breadcrumb\":{\"@id\":\"https:\\\/\\\/inclusivenews.com.br\\\/?p=18513#breadcrumb\"},\"inLanguage\":\"pt-PT\",\"potentialAction\":[{\"@type\":\"ReadAction\",\"target\":[\"https:\\\/\\\/inclusivenews.com.br\\\/?p=18513\"]}]},{\"@type\":\"ImageObject\",\"inLanguage\":\"pt-PT\",\"@id\":\"https:\\\/\\\/inclusivenews.com.br\\\/?p=18513#primaryimage\",\"url\":\"http:\\\/\\\/www.viapolitica.com.br\\\/fotos_outro_olhar_2\\\/ed_236\\\/070211_outro_olhar_13.jpg\",\"contentUrl\":\"http:\\\/\\\/www.viapolitica.com.br\\\/fotos_outro_olhar_2\\\/ed_236\\\/070211_outro_olhar_13.jpg\"},{\"@type\":\"BreadcrumbList\",\"@id\":\"https:\\\/\\\/inclusivenews.com.br\\\/?p=18513#breadcrumb\",\"itemListElement\":[{\"@type\":\"ListItem\",\"position\":1,\"name\":\"In\u00edcio\",\"item\":\"https:\\\/\\\/inclusivenews.com.br\\\/\"},{\"@type\":\"ListItem\",\"position\":2,\"name\":\"Expo &#8211; Povos ind\u00edgenas no Brasil\"}]},{\"@type\":\"WebSite\",\"@id\":\"https:\\\/\\\/inclusivenews.com.br\\\/#website\",\"url\":\"https:\\\/\\\/inclusivenews.com.br\\\/\",\"name\":\"Inclusive News\",\"description\":\"Inclusive News\",\"publisher\":{\"@id\":\"https:\\\/\\\/inclusivenews.com.br\\\/#organization\"},\"potentialAction\":[{\"@type\":\"SearchAction\",\"target\":{\"@type\":\"EntryPoint\",\"urlTemplate\":\"https:\\\/\\\/inclusivenews.com.br\\\/?s={search_term_string}\"},\"query-input\":{\"@type\":\"PropertyValueSpecification\",\"valueRequired\":true,\"valueName\":\"search_term_string\"}}],\"inLanguage\":\"pt-PT\"},{\"@type\":\"Organization\",\"@id\":\"https:\\\/\\\/inclusivenews.com.br\\\/#organization\",\"name\":\"Inclusive - inclus\u00e3o e cidadania\",\"url\":\"https:\\\/\\\/inclusivenews.com.br\\\/\",\"logo\":{\"@type\":\"ImageObject\",\"inLanguage\":\"pt-PT\",\"@id\":\"https:\\\/\\\/inclusivenews.com.br\\\/#\\\/schema\\\/logo\\\/image\\\/\",\"url\":\"https:\\\/\\\/inclusivenews.com.br\\\/wp-content\\\/uploads\\\/2024\\\/03\\\/@grandesite.png\",\"contentUrl\":\"https:\\\/\\\/inclusivenews.com.br\\\/wp-content\\\/uploads\\\/2024\\\/03\\\/@grandesite.png\",\"width\":1080,\"height\":1080,\"caption\":\"Inclusive - inclus\u00e3o e cidadania\"},\"image\":{\"@id\":\"https:\\\/\\\/inclusivenews.com.br\\\/#\\\/schema\\\/logo\\\/image\\\/\"},\"sameAs\":[\"https:\\\/\\\/www.facebook.com\\\/agenciainclusive\\\/\",\"https:\\\/\\\/www.instagram.com\\\/newsinclusive\\\/\"]},{\"@type\":\"Person\",\"@id\":\"https:\\\/\\\/inclusivenews.com.br\\\/#\\\/schema\\\/person\\\/ae4ec7087559b8692fb33b6fffd2273b\",\"name\":\"inclusivenews2024\",\"image\":{\"@type\":\"ImageObject\",\"inLanguage\":\"pt-PT\",\"@id\":\"https:\\\/\\\/secure.gravatar.com\\\/avatar\\\/c5a7ef84c66fa914f55bc4f7ce26cfa275a3b9a1c5568b907bd184fb4dde7b40?s=96&d=mm&r=g\",\"url\":\"https:\\\/\\\/secure.gravatar.com\\\/avatar\\\/c5a7ef84c66fa914f55bc4f7ce26cfa275a3b9a1c5568b907bd184fb4dde7b40?s=96&d=mm&r=g\",\"contentUrl\":\"https:\\\/\\\/secure.gravatar.com\\\/avatar\\\/c5a7ef84c66fa914f55bc4f7ce26cfa275a3b9a1c5568b907bd184fb4dde7b40?s=96&d=mm&r=g\",\"caption\":\"inclusivenews2024\"},\"sameAs\":[\"https:\\\/\\\/inclusivenews.com.br\"],\"url\":\"https:\\\/\\\/inclusivenews.com.br\\\/?author=1\"}]}<\/script>\n<!-- \/ Yoast SEO plugin. -->","yoast_head_json":{"title":"Expo - Povos ind\u00edgenas no Brasil -","robots":{"index":"index","follow":"follow","max-snippet":"max-snippet:-1","max-image-preview":"max-image-preview:large","max-video-preview":"max-video-preview:-1"},"canonical":"https:\/\/inclusivenews.com.br\/?p=18513","og_locale":"pt_PT","og_type":"article","og_title":"Expo - Povos ind\u00edgenas no Brasil -","og_description":"A Fot\u00f3grafa Rosa Gauditano exp\u00f5e na Caixa Econ\u00f4mica Federal em Bras\u00edlia.","og_url":"https:\/\/inclusivenews.com.br\/?p=18513","article_publisher":"https:\/\/www.facebook.com\/agenciainclusive\/","article_published_time":"2011-02-17T06:00:51+00:00","og_image":[{"url":"http:\/\/www.viapolitica.com.br\/fotos_outro_olhar_2\/ed_236\/070211_outro_olhar_13.jpg","type":"","width":"","height":""}],"author":"inclusivenews2024","twitter_card":"summary_large_image","twitter_misc":{"Escrito por":"inclusivenews2024","Tempo estimado de leitura":"2 minutos"},"schema":{"@context":"https:\/\/schema.org","@graph":[{"@type":"Article","@id":"https:\/\/inclusivenews.com.br\/?p=18513#article","isPartOf":{"@id":"https:\/\/inclusivenews.com.br\/?p=18513"},"author":{"name":"inclusivenews2024","@id":"https:\/\/inclusivenews.com.br\/#\/schema\/person\/ae4ec7087559b8692fb33b6fffd2273b"},"headline":"Expo &#8211; Povos ind\u00edgenas no Brasil","datePublished":"2011-02-17T06:00:51+00:00","mainEntityOfPage":{"@id":"https:\/\/inclusivenews.com.br\/?p=18513"},"wordCount":505,"commentCount":1,"publisher":{"@id":"https:\/\/inclusivenews.com.br\/#organization"},"image":{"@id":"https:\/\/inclusivenews.com.br\/?p=18513#primaryimage"},"thumbnailUrl":"http:\/\/www.viapolitica.com.br\/fotos_outro_olhar_2\/ed_236\/070211_outro_olhar_13.jpg","keywords":["Fotografia"],"articleSection":["Cultura","NOT\u00cdCIAS"],"inLanguage":"pt-PT","potentialAction":[{"@type":"CommentAction","name":"Comment","target":["https:\/\/inclusivenews.com.br\/?p=18513#respond"]}]},{"@type":"WebPage","@id":"https:\/\/inclusivenews.com.br\/?p=18513","url":"https:\/\/inclusivenews.com.br\/?p=18513","name":"Expo - Povos ind\u00edgenas no Brasil -","isPartOf":{"@id":"https:\/\/inclusivenews.com.br\/#website"},"primaryImageOfPage":{"@id":"https:\/\/inclusivenews.com.br\/?p=18513#primaryimage"},"image":{"@id":"https:\/\/inclusivenews.com.br\/?p=18513#primaryimage"},"thumbnailUrl":"http:\/\/www.viapolitica.com.br\/fotos_outro_olhar_2\/ed_236\/070211_outro_olhar_13.jpg","datePublished":"2011-02-17T06:00:51+00:00","breadcrumb":{"@id":"https:\/\/inclusivenews.com.br\/?p=18513#breadcrumb"},"inLanguage":"pt-PT","potentialAction":[{"@type":"ReadAction","target":["https:\/\/inclusivenews.com.br\/?p=18513"]}]},{"@type":"ImageObject","inLanguage":"pt-PT","@id":"https:\/\/inclusivenews.com.br\/?p=18513#primaryimage","url":"http:\/\/www.viapolitica.com.br\/fotos_outro_olhar_2\/ed_236\/070211_outro_olhar_13.jpg","contentUrl":"http:\/\/www.viapolitica.com.br\/fotos_outro_olhar_2\/ed_236\/070211_outro_olhar_13.jpg"},{"@type":"BreadcrumbList","@id":"https:\/\/inclusivenews.com.br\/?p=18513#breadcrumb","itemListElement":[{"@type":"ListItem","position":1,"name":"In\u00edcio","item":"https:\/\/inclusivenews.com.br\/"},{"@type":"ListItem","position":2,"name":"Expo &#8211; Povos ind\u00edgenas no Brasil"}]},{"@type":"WebSite","@id":"https:\/\/inclusivenews.com.br\/#website","url":"https:\/\/inclusivenews.com.br\/","name":"Inclusive News","description":"Inclusive News","publisher":{"@id":"https:\/\/inclusivenews.com.br\/#organization"},"potentialAction":[{"@type":"SearchAction","target":{"@type":"EntryPoint","urlTemplate":"https:\/\/inclusivenews.com.br\/?s={search_term_string}"},"query-input":{"@type":"PropertyValueSpecification","valueRequired":true,"valueName":"search_term_string"}}],"inLanguage":"pt-PT"},{"@type":"Organization","@id":"https:\/\/inclusivenews.com.br\/#organization","name":"Inclusive - inclus\u00e3o e cidadania","url":"https:\/\/inclusivenews.com.br\/","logo":{"@type":"ImageObject","inLanguage":"pt-PT","@id":"https:\/\/inclusivenews.com.br\/#\/schema\/logo\/image\/","url":"https:\/\/inclusivenews.com.br\/wp-content\/uploads\/2024\/03\/@grandesite.png","contentUrl":"https:\/\/inclusivenews.com.br\/wp-content\/uploads\/2024\/03\/@grandesite.png","width":1080,"height":1080,"caption":"Inclusive - inclus\u00e3o e cidadania"},"image":{"@id":"https:\/\/inclusivenews.com.br\/#\/schema\/logo\/image\/"},"sameAs":["https:\/\/www.facebook.com\/agenciainclusive\/","https:\/\/www.instagram.com\/newsinclusive\/"]},{"@type":"Person","@id":"https:\/\/inclusivenews.com.br\/#\/schema\/person\/ae4ec7087559b8692fb33b6fffd2273b","name":"inclusivenews2024","image":{"@type":"ImageObject","inLanguage":"pt-PT","@id":"https:\/\/secure.gravatar.com\/avatar\/c5a7ef84c66fa914f55bc4f7ce26cfa275a3b9a1c5568b907bd184fb4dde7b40?s=96&d=mm&r=g","url":"https:\/\/secure.gravatar.com\/avatar\/c5a7ef84c66fa914f55bc4f7ce26cfa275a3b9a1c5568b907bd184fb4dde7b40?s=96&d=mm&r=g","contentUrl":"https:\/\/secure.gravatar.com\/avatar\/c5a7ef84c66fa914f55bc4f7ce26cfa275a3b9a1c5568b907bd184fb4dde7b40?s=96&d=mm&r=g","caption":"inclusivenews2024"},"sameAs":["https:\/\/inclusivenews.com.br"],"url":"https:\/\/inclusivenews.com.br\/?author=1"}]}},"_links":{"self":[{"href":"https:\/\/inclusivenews.com.br\/index.php?rest_route=\/wp\/v2\/posts\/18513","targetHints":{"allow":["GET"]}}],"collection":[{"href":"https:\/\/inclusivenews.com.br\/index.php?rest_route=\/wp\/v2\/posts"}],"about":[{"href":"https:\/\/inclusivenews.com.br\/index.php?rest_route=\/wp\/v2\/types\/post"}],"author":[{"embeddable":true,"href":"https:\/\/inclusivenews.com.br\/index.php?rest_route=\/wp\/v2\/users\/1"}],"replies":[{"embeddable":true,"href":"https:\/\/inclusivenews.com.br\/index.php?rest_route=%2Fwp%2Fv2%2Fcomments&post=18513"}],"version-history":[{"count":0,"href":"https:\/\/inclusivenews.com.br\/index.php?rest_route=\/wp\/v2\/posts\/18513\/revisions"}],"wp:attachment":[{"href":"https:\/\/inclusivenews.com.br\/index.php?rest_route=%2Fwp%2Fv2%2Fmedia&parent=18513"}],"wp:term":[{"taxonomy":"category","embeddable":true,"href":"https:\/\/inclusivenews.com.br\/index.php?rest_route=%2Fwp%2Fv2%2Fcategories&post=18513"},{"taxonomy":"post_tag","embeddable":true,"href":"https:\/\/inclusivenews.com.br\/index.php?rest_route=%2Fwp%2Fv2%2Ftags&post=18513"}],"curies":[{"name":"wp","href":"https:\/\/api.w.org\/{rel}","templated":true}]}}