{"id":18519,"date":"2011-02-19T10:21:56","date_gmt":"2011-02-19T13:21:56","guid":{"rendered":"http:\/\/www.inclusive.org.br\/?p=18519"},"modified":"2011-02-19T10:21:56","modified_gmt":"2011-02-19T13:21:56","slug":"carta-aberta-da-sociedade-civil-sobre-a-comissao-de-defesa-dos-direitos-da-pessoa-com-deficiencia","status":"publish","type":"post","link":"https:\/\/inclusivenews.com.br\/?p=18519","title":{"rendered":"Carta aberta da sociedade civil sobre a comiss\u00e3o de defesa dos direitos da pessoa com defici\u00eancia"},"content":{"rendered":"<div class=\"mceTemp\">\n<dl id=\"attachment_16107\" class=\"wp-caption alignleft\" style=\"width: 310px;\">\n<dt class=\"wp-caption-dt\"><a href=\"http:\/\/www.inclusivenews.com.br\/wp-content\/uploads\/2010\/06\/cadeira-formada-por-pessoas.jpg\"><img loading=\"lazy\" decoding=\"async\" class=\"size-medium wp-image-16107\" title=\"cadeira formada por pessoas\" src=\"http:\/\/inclusivenews.com.br\/wp-content\/uploads\/2010\/06\/cadeira-formada-por-pessoas-300x270.jpg\" alt=\"Desenho de cadeira de rodas vista de cima, formada por uni\u00e3o de pessoas\" width=\"300\" height=\"270\" \/><\/a><\/dt>\n<\/dl>\n<\/div>\n<div>\n<div>\n<div>\n<div>\n<p>Segue abaixo carta aberta da sociedade civil ao Sen Lindbergh Farias para a ades\u00e3o de assinaturas. Nestes  \u00faltimos dias acompanhamos movimentos no Senado e na C\u00e2mara em rela\u00e7\u00e3o  aos projetos de lei sobre Pessoas com Defici\u00eancia. No bojo deste movimento, prop\u00f4s o Sen  Lindbergh a cria\u00e7\u00e3o de uma comiss\u00e3o tempor\u00e1ria para aperfei\u00e7oamento da  legisla\u00e7\u00e3o sobre os direitos das Pessoas com Defici\u00eancia. Antecedendo a forma\u00e7\u00e3o desta  comiss\u00e3o o mencionado senador convocou a sociedade civil para uma  reuni\u00e3o aberta no proximo dia 21, as 15hs, no Senado. Como o tempo \u00e9  muito curto, v\u00e3rias lideran\u00e7as n\u00e3o poder\u00e3o comparecer e n\u00e3o poder\u00e3o ser  ouvidas. Por este motivo, estamos propondo o envio desta carta aberta da  sociedade civil. Se voc\u00ea est\u00e1 de acordo com o texto, a sua assinatura  com o seu nome, e\/ou o nome da sua organiza\u00e7\u00e3o ( origem local, estadual,  nacional ou\u00a0 internacional ) ser\u00e1 de grande import\u00e2ncia  para defender a Conven\u00e7\u00e3o sobre os Direitos das Pessoas com Defici\u00eancia e para balizar um  processo de real consulta e participa\u00e7\u00e3o da sociedade civil.<\/p>\n<p>Se concondarem, assinem e divulguem!<\/p>\n<\/div>\n<div>Obrigada!<\/div>\n<div>Regina Atalla<\/div>\n<div>Claudia Grabois<\/div>\n<div>Alexandre Mapurunga<\/div>\n<\/div>\n<\/div>\n<div>\n<div>Carta Aberta da Sociedade Civil<\/div>\n<div>\n<p>Ao Senador Lindbergh Farias<\/p>\n<p>Ao  tempo que enviamos cordiais sauda\u00e7\u00f5es, gostar\u00edamos de parabenizar V.  Exa. pela iniciativa de consultar e contar com a participa\u00e7\u00e3o da  sociedade civil neste processo de aperfei\u00e7oamento da legisla\u00e7\u00e3o sobre os  Direitos das Pessoas com Defici\u00eancia, atitude que demonstra respeito  para com os protagonistas desta luta, cuja hist\u00f3ria e milit\u00e2ncia nos  credenciam e nos qualificam como leg\u00edtimos interlocutores e  especialistas neste complexo tema.<\/p>\n<p>Na impossibilidade de estarmos  presentes na Reuni\u00e3o Preparat\u00f3ria que ir\u00e1 discutir, dentre outros temas,  o Aperfei\u00e7oamento da Legisla\u00e7\u00e3o sobre Direitos das Pessoas com  Defici\u00eancia, conforme Requerimento de sua autoria para constitui\u00e7\u00e3o da  Comiss\u00e3o Tempor\u00e1ria Interna sobre o referido assunto, no dia 21 de  fevereiro, n\u00f3s, ativistas e representantes de organiza\u00e7\u00f5es da sociedade  civil, abaixo assinados, gostar\u00edamos de registrar o seguinte.<\/p>\n<p>1 \u2013  Qualquer aperfei\u00e7oamento da legisla\u00e7\u00e3o sobre os Direitos das Pessoas com Defici\u00eancia deve  estar em conson\u00e2ncia com a Conven\u00e7\u00e3o sobre os Direitos da Pessoas com  Defici\u00eancia, ratificada pelo Brasil como emenda constitucional, cujo  texto foi constru\u00eddo com intensa participa\u00e7\u00e3o da sociedade civil dos  pa\u00edses membros da ONU, inclusive do Brasil, que adotou o seguinte lema:  Nada sobre as Pessoas com Defici\u00eancia, sem as pessoas com Defici\u00eancia!<\/p>\n<p>2  \u2013 Esta Conven\u00e7\u00e3o internacional, que \u00e9 o primeiro tratado de Direitos  Humanos do S\u00e9culo XXI, especialmente dirigido aos 650 milh\u00f5es de pessoas  com defici\u00eancia, em todo o mundo, j\u00e1 ratificado por 97 pa\u00edses,  incorpora avan\u00e7os e mudan\u00e7as profundas na abordagem e no tratamento dos  direitos desta parcela da popula\u00e7\u00e3o no campo civil, social, pol\u00edtico,  cultural, econ\u00f4mico que n\u00e3o podem mais ser desconsideradas em qualquer  iniciativa legislativa sobre a \u00e1rea.<\/p>\n<p>3 \u2013 \u00c9 preciso que todos os  parlamentares saibam que 70% das pessoas com defici\u00eancia em nosso pa\u00eds  vivem em situa\u00e7\u00e3o de pobreza ou de extrema pobreza; mais de 50% das  crian\u00e7as e jovens com defici\u00eancia est\u00e3o fora da escola; os \u00edndices de  desemprego s\u00e3o alarmantes, que o direito de ir e vir ainda n\u00e3o \u00e9 uma  realidade para a maioria deste grupo. Estes indicadores resultam de um  processo hist\u00f3rico de marginalidade social e preconceito, que exige  respostas firmes e urgentes de nossos representantes e tomadores de  decis\u00e3o para mudar esta realidade e restaurar a cidadania e a dignidade  de 27 milh\u00f5es de brasileiros e brasileiras com defici\u00eancia.<\/p>\n<p>4 \u2013  Que \u00e9 fundamental iniciar um trabalho educativo, atrav\u00e9s de semin\u00e1rios,  com os parlamentares, para que conhe\u00e7am e dominem todos os dispositivos  deste tratado, tendo em vista a melhor compreens\u00e3o de princ\u00edpios chaves  que devem orientar toda proposta legislativa.<\/p>\n<p>5 \u2013 \u00c9 necess\u00e1rio  desenvolver um processo de discuss\u00e3o com a intensa participa\u00e7\u00e3o da  sociedade civil organizada, com seriedade, tempo e profundidade para a  proposi\u00e7\u00e3o da regulamenta\u00e7\u00e3o de v\u00e1rios dispositivos deste tratado  internacional que, por sua generalidade, exigem detalhamento para  conferir maior efetividade a sua aplicabilidade.<\/p>\n<p>6 \u2013 Considerando  o ex\u00edguo tempo de convoca\u00e7\u00e3o desta reuni\u00e3o, fato que limita a  participa\u00e7\u00e3o de lideran\u00e7as do movimento, uma vez que a mobilidade das  pessoas com defici\u00eancia \u00e9 mais restrita e que a maioria das organiza\u00e7\u00f5es  n\u00e3o contam com recursos econ\u00f4micos para o financiamento de viagens  a\u00e9reas, solicitamos que a pr\u00f3xima reuni\u00e3o seja convocada com pelo menos 1  m\u00eas de anteced\u00eancia para que tenhamos condi\u00e7\u00e3o de mobilizar os recursos  para tal participa\u00e7\u00e3o e para que o objetivo de contar com ampla e  diversa representatividade neste processo que ora se inicia possa ser  cumprido.<\/p>\n<p>Assinaturas:<\/p>\n<p>1.\u00a0\u00a0\u00a0\u00a0\u00a0\u00a0Regina Atalla \u2013 Presidente da Rede Latino-Americana de ONGs de Pessoas com Defici\u00eancia e suas Fam\u00edlias \u2013 RIADIS \u2013 Diretora do CVI Brasil, Diretora do CVI Bahia, Ex conselheira do CONADE.<\/p>\n<p>2.\u00a0\u00a0\u00a0\u00a0\u00a0\u00a0Claudia Grabois \u2013 Advogada \u2013 Ex presidente da Federa\u00e7\u00e3o Brasileira das Associa\u00e7\u00f5es de\u00a0S\u00edndrome de Down\u00a0e ex conselheira do\u00a0CONADE, ativista do movimento de defesa dos direitos\u00a0humanos\/pessoas com defici\u00eancia \u2013 Rede Inclusiva e Meta Social \u2013 RJ, ex diretora do IHA-SME\/RJ, \u00a0moderadora e mobilizadora\u00a0em redes sociais\/internet.<\/p>\n<p>3.\u00a0\u00a0\u00a0\u00a0\u00a0\u00a0Alexandre Mapurunga \u2013 Diretor Jur\u00eddico\u00a0\u00a0da Associa\u00e7\u00e3o Brasileira por Direitos das Pessoas com Autismo \u2013 ABRA\u00c7A.\u00a0Membro MPcD Cear\u00e1 e da Casa da Esperan\u00e7a.<\/p>\n<p>4.\u00a0\u00a0\u00a0\u00a0\u00a0\u00a0Adelino Ozores &#8211; Bacharel em Direito; Rep\u00f3rter TELELIBRAS da ONG Vez da Voz; Membro da Comiss\u00e3o Organizadora da Rede Atitude. S\u00e3o Paulo \u2013 SP.<\/p>\n<p>5.\u00a0\u00a0\u00a0\u00a0\u00a0\u00a0. \u00c1gueda Maria G. Coelho &#8211; Servidora P\u00fablica, Fortaleza\/Cear\u00e1<\/p>\n<p>6.\u00a0\u00a0\u00a0\u00a0\u00a0\u00a0Alessandro Camara de Souza, cientista social, mestre em ci\u00eancias pol\u00edticas e assessor da Secretaria Municipal de Acessibilidade e Cidadania de Niter\u00f3i. RJ.<\/p>\n<p>7.\u00a0\u00a0\u00a0\u00a0\u00a0\u00a0Alex Garcia &#8211; Pessoa Surdocega. Presidente da Agapasm. Especialista em Educa\u00e7\u00e3o Especial. L\u00edder Internacional para o Emprego de Pessoas com Defici\u00eancia (I-LEAD) Mobility International USA. Membro da World Federation of Deafblind. Escritor e Colunista da Revista REA\u00c7\u00c3O\u00a0e do Portal Planeta Educa\u00e7\u00e3o. RS.<\/p>\n<p>8.\u00a0\u00a0\u00a0\u00a0\u00a0\u00a0Alexandre Cassiano de Andrade, SAC (Soc. Assist\u00eancia ao Cego do Ceara), MOVIMENTO DOS SEM CAL\u00c7ADAS DE FORTALEZA CEAR\u00c1. deficiente visual, estudante da UECE\/CE<\/p>\n<p>9.\u00a0\u00a0\u00a0\u00a0\u00a0\u00a0Ana Cris Ferreira \u2013 Centro de Vida Independente de Niter\u00f3i &#8211; CVI Niter\u00f3i.<\/p>\n<p>10.\u00a0\u00a0\u00a0Ana Christina de Albuquerque Ferret &#8211; Pedagoga -na luta por uma Educa\u00e7\u00e3o Inclusiva ha 21 anos na EM Vitor Meireles &#8211; RJ.<\/p>\n<p>11.\u00a0\u00a0\u00a0Ana Rosa C N L Aroucha &#8211; Assistente Social &#8211; CONED\/PE &#8211; militante do movimento pelos direitos das Pessoas com Defici\u00eancia<\/p>\n<p>12.\u00a0\u00a0\u00a0Anahi Guedes de Mello, cientista social, pesquisadora do N\u00facleo de Estudos sobre Defici\u00eancia &#8211; NED\/UFSC, RG: 3.306.400. SC.<\/p>\n<p>13.\u00a0\u00a0\u00a0Anast\u00e1zia Ladeira &#8211; Professora e ativista do movimento de defesa dos direitos das pessoas com defici\u00eancia.<\/p>\n<p>14.\u00a0\u00a0\u00a0Andrea Tikhomiroff &#8211; Pedagoga, participante dos grupos S\u00edndrome de Down e Happy Down do Yahoo \u2013 Serra Negra \u2013 SP.<\/p>\n<p>15.\u00a0\u00a0\u00a0Andrei Bastos &#8211; Jornalista e membro colaborador da Comiss\u00e3o de Direitos Humanos e Assist\u00eancia Judici\u00e1ria da OAB\/RJ.<\/p>\n<p>16.\u00a0\u00a0\u00a0Angela Goes &#8211;\u00a0 Profa. Aposentada, Bacharelanda em Direito, Especialista em Direito P\u00fablico \u2013 Itabuna &#8211; BA<\/p>\n<p>17.\u00a0\u00a0\u00a0Antonio Santos Pereira\u00a0 &#8211; Militante do Movimento de Pessoas com defici\u00eancia &#8211; Artista &#8211;\u00a0 Integrando do Grupo Perspectivas em Movimento.-BA.<\/p>\n<p>18.\u00a0\u00a0\u00a0Antonio R. Navarro \u2013 Professor.<\/p>\n<p>19.\u00a0\u00a0\u00a0Argemiro de Paula Garcia Filho &#8211; coordenador da Associa\u00e7\u00e3o de Familiares e Amigos da Gente Autista &#8211; AFAGA &#8211; BA<\/p>\n<p>20.\u00a0\u00a0\u00a0Arnaldo Fernandes &#8211; Graduado em Direito, Assessor Parlamentar em Fortaleza e membro do Movimento de Pessoas com Defici\u00eancia. CE.<\/p>\n<p>21.\u00a0\u00a0\u00a0B\u00e1rbara Parente &#8211; Bacharel em direito, p\u00f3s-graduanda em Seguran\u00e7a P\u00fablica e Direitos Humanos,\u00a0\u00a0ativista do movimento de defesa das pessoas com defici\u00eancia &#8211; Blog Conversando sobre Inclus\u00e3o.<\/p>\n<p>22.\u00a0\u00a0\u00a0Benvinda Maria de S\u00e1, R.G.\u00a0\u00a08.412.736,\u00a0\u00a0MOVIMENTO DOS SEM CAL\u00c7ADAS, FORTALEZA-CE, volunt\u00e1ria do LIVRO FALADO.<\/p>\n<p>23.\u00a0\u00a0\u00a0Breno Viola \u2013 Rede Inclusiva \u2013 RJ.<\/p>\n<p>24.\u00a0\u00a0\u00a0Carla Code\u00e7o Arquieta \u2013 RJ \u2013 moderadora dos grupos de discuss\u00e3o Sindrome de Down RJDown.<\/p>\n<p>25.\u00a0\u00a0\u00a0Carlos Botelho &#8211; Presidente da Associa\u00e7\u00e3o Desportiva do Paraplegicos de Sorocaba \u2013 ADPS &#8211; SP<\/p>\n<p>26.\u00a0\u00a0\u00a0Carlos Raugust &#8211;\u00a0Vice-Presidente da APNEN, Membro do Conselho Municipal de Direitos da Pessoa Portadora de Necessidades Especiais de Nova Odessa, Membro do Conselho Municipal do Meio Ambiente, do Conselho da Habita\u00e7\u00e3o, Conselho da Alimenta\u00e7\u00e3o, Conselho da Sa\u00fade.<\/p>\n<p>27.\u00a0\u00a0\u00a0.\u00a0\u00a0Claudia Aguiar &#8211; ativista do movimento de defesa dos direitos das pessoas com defici\u00eancia-Petr\u00f3polis RJ.<\/p>\n<p>28.\u00a0\u00a0\u00a0Cl\u00e1udia de Noronha Santos &#8211; Advogada e licenciada em Letras, integrante das listas de discuss\u00e3o intituladas RJDown, S\u00edndrome de Down e Happy Down<\/p>\n<p>29.\u00a0\u00a0\u00a0Claudio Vereza &#8211; Deputado Estadual\/PT\/ES &#8211; Presidente da Frente Parlamentar Estadual em Defesa da Assist\u00eancia; Vice-presidente das Comiss\u00f5es de Constitui\u00e7\u00e3o e Justi\u00e7a e de Cultura e Comunica\u00e7\u00e3o Social\u00a0\u00a0da Ass. Legislativa-ES &#8211; Membro do Conselho Deliberativo da Apae\/Vit\u00f3ria\/ES.<\/p>\n<p>30.\u00a0\u00a0\u00a0Deborah Maria Prates Barbosa \u2013 Advogada cega usu\u00e1ria de C\u00e3o-Guia \u2013 RJ.<\/p>\n<p>31.\u00a0\u00a0\u00a0Evangel Vale \u2013 Vice-Presidente do Conselho Estadual dos Direitos da Pessoa com Defici\u00eancia\u00a0\u00a0da Bahia \u2013 Conselheiro do CONADE \u2013 BA.<\/p>\n<p>32.\u00a0\u00a0\u00a0FABIO FERNANDES DA\u00a0SILVA = JORNALISTA- REPORTER DA\u00a0PREFEITURA DO\u00a0RJ (PARALISIA CEREBRAL)<\/p>\n<p>33.\u00a0\u00a0\u00a0Francisco Nuncio Cerignoni \u2013 RG 4800221 \u2013 Federa\u00e7\u00e3o das Fraternidades de Pessoas com<\/p>\n<p>Defici\u00eancia do Brasil \u2013 FCD Brasil.<\/p>\n<p>34.\u00a0\u00a0\u00a0Carmelita Lopes &#8211;\u00a0\u00a0HUMANITAS \u2013 Direitos Humanos e Cidadania<\/p>\n<p>35.\u00a0\u00a0\u00a0Celia Neder Kalil Mangabeira, m\u00e9dica, Coordenadora do Programa de\u00a0Educa\u00e7\u00e3o<br \/>\nda Universidade Estadual de Santa Cruz Aprendendo Down. Presidente do N\u00facleo Aprendendo Down, associa\u00e7\u00e3o filiada a FBASD.- BA<\/p>\n<p>36.\u00a0\u00a0\u00a0Cleide Ramos Reis \u2013 Promotora de Justi\u00e7a \u2013 MP \u2013 BA.<\/p>\n<p>37.\u00a0\u00a0\u00a0Concei\u00e7\u00e3o Oliveira, blogueira, historiadora, autora de livros did\u00e1ticos<\/p>\n<p>38.\u00a0\u00a0\u00a0Dalva Amaral do Nascimento &#8211; Psic\u00f3loga, Psicopedagoga, estudante de LIBRAS<\/p>\n<p>39.\u00a0\u00a0\u00a0Deline Cutrim de Lima- Coletivo de Mulheres com defici\u00eancia do Maranh\u00e3o.<\/p>\n<p>40.\u00a0\u00a0\u00a0Domingos\u00a0\u00a0S\u00e1vio Tavares\u00a0\u00a0Timb\u00f3 &#8211; Existir\/Associa\u00e7\u00e3o Inclusiva de fortaleza \u2013 CE<\/p>\n<p>41.\u00a0\u00a0\u00a0Elza Ambr\u00f3sio\u00a0&#8211; Memorial da Inclus\u00e3o: os Caminhos da Pessoa com Defici\u00eancia \u2013\u00a0SP.<\/p>\n<p>42.\u00a0\u00a0\u00a0Evanir Abenhaim &#8211; CEDE &#8211; Centro de Estudo e Desenvolvimento, Salvador &#8211; BA.<\/p>\n<p>43.\u00a0\u00a0\u00a0Eurenice Farias Martins &#8211; Existir\/Associa\u00e7\u00e3o Inclusiva de Fortaleza \u2013 CE.<\/p>\n<p>44.\u00a0\u00a0\u00a0F\u00e1tima Dourado,\u00a0,\u00a0M\u00e9dica Pediatra e Psiquiatra Infantil, M\u00e3e de dois rapazes com autismo, Fundadora e\u00a0Diretora Cl\u00ednica da Casa da Esperan\u00e7a, \u00a0Presidente da ABRA\u00c7A &#8211; Associa\u00e7\u00e3o Brasileira para a a\u00e7\u00e3o por direitos das pessoas com Autismo.<\/p>\n<p>45.\u00a0\u00a0\u00a0Fernanda Cristina Ferreira Nunes &#8211; Cientista social (CPDOC\/FGV)<\/p>\n<p>46.\u00a0\u00a0\u00a0Flavio Rossini &#8211; presidente do COMDEF Mesquita \u2013 RJ.<\/p>\n<p>47.\u00a0\u00a0\u00a0\u00a0Geraldo Nogueira &#8211; Presidente da COMISS\u00c3O DE DEFESA DOS DIREITOS DA PESSOA COM DEFICI\u00caNCIA DA OAB-RJ &#8211; CDPD\/OAB-RJ.<\/p>\n<p>48.\u00a0\u00a0\u00a0\u00a0Helena Neviani &#8211;\u00a0Jornalista &#8211; S\u00e3o Paulo<\/p>\n<p>49.\u00a0\u00a0\u00a0H\u00e9lio de Ara\u00fajo &#8211;\u00a0Professor e ativista do movimento de defesa dos direitos das pessoas com defici\u00eancia \u2013 PE.<\/p>\n<p>50.\u00a0\u00a0\u00a0H\u00e9lio Morais Pereira &#8211;\u00a0\u00a0Administrador de Empresas &#8211;\u00a0\u00a0Goi\u00e2nia &#8211;\u00a0\u00a0Goi\u00e1s &#8211; Deficiente visual e\u00a0\u00a0colaborador volunt\u00e1rio em entidades locais que apoiam os deficientes visuais.<\/p>\n<p>51.\u00a0\u00a0\u00a0Heloisa Helena Ferrari Chagas \u2013 Ex Diretora do CVI-Brasil, professora universit\u00e1ria, gestora p\u00fablica &#8211; Movimento Independente das Pessoas com Defici\u00eancia do Paran\u00e1 &#8211; PR<\/p>\n<p>52.\u00a0\u00a0\u00a0Isabel de Loyola e Silva &#8211; Servidora Publica Federal &#8211; (defici\u00eancia auditiva)<\/p>\n<p>53.\u00a0\u00a0\u00a0Isabel Gusman, mestranda em direitos humanos .<\/p>\n<p>54.\u00a0\u00a0\u00a0Isaura Maria Rodrigues &#8211; Abeadetins\/almas -TO<\/p>\n<p>55.\u00a0\u00a0\u00a0Jaime Grabois &#8211; estudante de direito,\u00a0irm\u00e3o de adolescente com s\u00edndrome de down e ativista de\u00a0Direitos Humanos. \u2013 RJ.<\/p>\n<p>56.\u00a0\u00a0\u00a0Jandira Feghali \u2013 Deputada Federal \u2013 PcdoB &#8211; RJ<\/p>\n<p>57.\u00a0\u00a0\u00a0Jandira Griman &#8211; Rede dos Amigos Solid\u00e1rios -REASOL<\/p>\n<p>58.\u00a0\u00a0\u00a0Jane A. Mendon\u00e7a<\/p>\n<p>59.\u00a0\u00a0\u00a0Janine Andreiv Rodrigues, T\u00e9cnica Judici\u00e1ria Federal<\/p>\n<p>60.\u00a0\u00a0\u00a0Jefferson Mateus Silveira Bueno \u2013 Piracaia \u2013 SP.<\/p>\n<p>61.\u00a0\u00a0\u00a0Jo\u00e3o Eduardo Brasil Hass Gon\u00e7alves, Administrador\u00a0Postal e Advogado, membro do MPcD &#8211; Movimento das Pessoas com Defici\u00eancia do Cear\u00e1 e do UniversoDown.<\/p>\n<p>62.\u00a0\u00a0\u00a0Jo\u00e3o Eduardo Pereira Filho &#8211; Engenheiro Agr\u00f4nomo, aposentado, pai de pessoa autista<\/p>\n<p>63. \u00a0 Jorge Marcio Pereira de Andrade &#8211; M\u00e9dico, psicanalista, psiquiatra, analista institucional e criador do DEFNET<\/p>\n<p>64.\u00a0\u00a0\u00a0Jorge Rolim de Castro \u2013 Coordenador do Grupo Retina Cear\u00e1 e membro da Comiss\u00e3o Estadual de Sa\u00fade Ocular\u00a0 e de Preven\u00e7\u00e3o \u00e0 Cegueira do Cear\u00e1.<\/p>\n<p>65.\u00a0\u00a0\u00a0Jose Carlos Brito Lacerda &#8211; representante das Pessoas com Defici\u00eancia do N\u00facleo de Educa\u00e7\u00e3o F\u00edsica e Esporte Adaptado da Universidade Estadual de Feira de Santana-Ba.<\/p>\n<p>66.\u00a0\u00a0\u00a0Jos\u00e9 Luiz Zanzini &#8211; Diretor da CPA- Comiss\u00e3o Permanente de Acessibilidade da Cidade de S\u00e3o Paulo e membro CMPD- Conselho Municipal da Pessoa com Defici\u00eancia da Cidade de S\u00e3o Paulo.<\/p>\n<p>67.\u00a0\u00a0\u00a0Katia Ferraz Ferreira \u2013 Educadora Ambiental &#8211; Presidente do Centro de Vida Independente de Belo Horizonte &#8211; CVI-BH.<\/p>\n<p>68.\u00a0\u00a0\u00a0Katia Fonseca \u2013 Presidente do Conselho Nacional dos Centros de Vida Independente \u2013 CVI Brasil.<\/p>\n<p>69.\u00a0\u00a0\u00a0Kellerson Viana, Presidente do Conselho Municipal das Pessoas Portadoras de Defici\u00eancia de Belo Horizonte &#8211; MG<\/p>\n<p>70.\u00a0\u00a0\u00a0Lilia Pinto Martins \u2013 Presidente do Centro de Vida Independente do Rio de Janeiro \u2013 CVI-Rio<\/p>\n<p>71.\u00a0\u00a0\u00a0Liliane Garcez, F\u00f3rum Permanente de Educa\u00e7\u00e3o Inclusiva \u2013 SP.<\/p>\n<p>72.\u00a0\u00a0\u00a0Liorcino L\u00e9o Mendes Pereira Filho &#8211; Bacharel em Direito, Jornalista e Coordenador Nacional da Articula\u00e7\u00e3o Brasileira de Gays &#8211; ArtGay.<\/p>\n<p>73.\u00a0\u00a0\u00a0<span style=\"text-decoration: underline;\"><a rel=\"nofollow noopener\" href=\"http:\/\/www.facebook.com\/profile.php?id=100000367009488\" target=\"_blank\">Lisabeth Aleoni Arruda<\/a><\/span>, ativista do movimento de defesa dos direitos das pessoas com defici\u00eancia.<\/p>\n<p>74.\u00a0\u00a0\u00a0Luciana de Sandes E. Pereira Arnaud &#8211; Engenheira Agr\u00f4noma<\/p>\n<p>75.\u00a0\u00a0\u00a0Luciana L,Pomponio\u00a0 Pedagoga\u00a0 \u2013 ex Presidente do Conselho Municipal de Aten\u00e7\u00e3o \u00e0 Pessoa Portadora de Defici\u00eancia \u2013 2006-2007 de Vinhedo.<\/p>\n<p>76.\u00a0\u00a0\u00a0Luciane Maria Molina Barbosa, deficiente visual, pedagoga com atua\u00e7\u00e3o na educa\u00e7\u00e3o inclusiva e forma\u00e7\u00e3o de professores em AEE.<\/p>\n<p>77.\u00a0\u00a0\u00a0Lucio Carvalho \u2013 Coordenador da revista Inclusive \u2013 Inclus\u00e3o e Cidadania.<\/p>\n<p>78.\u00a0\u00a0\u00a0Luiz Baggio Neto \u2013 Especialista em empregabilidade da pessoa com defici\u00eancia &#8211; SP<\/p>\n<p>79.\u00a0\u00a0\u00a0Luiz Henrique de Paula Concei\u00e7\u00e3o, F\u00f3rum Permanente de Educa\u00e7\u00e3o Inclusiva \u2013 SP.<\/p>\n<p>80.\u00a0\u00a0\u00a0Luiz Eduardo dos Santos &#8211; Procurador de Justi\u00e7a &#8211; Cear\u00e1<\/p>\n<p>81.\u00a0\u00a0\u00a0Marcelo de Santa Cruz Oliveira, advogado e vereador da cidade de Olinda pelo Partido dos Trabalhadores &#8211; PT, Identidade 667.365 SSP\/PE.<\/p>\n<p>82.\u00a0\u00a0\u00a0M\u00e1rcia Gori,\u00a0Presidente do Conselho Municipal da Pessoa com Defici\u00eancia\/S\u00e3o Jos\u00e9 do Rio Preto &#8211; SP e Conselheira do\u00a0do Conselho Estadual para Assuntos da Pessoa com Defici\u00eancia de SP.<\/p>\n<p>83.\u00a0\u00a0\u00a0M\u00e1rcia Y\u00e1skara Guelpa &#8211; Presidente da CERCI &#8211; Centro de Estudos e Resgate da Cultura Cigana e representante da etnia cigana na Comiss\u00e3o Nacional de Povos e Comunidades Tradicionais.<\/p>\n<p>84.\u00a0\u00a0\u00a0Marcio Castro de Aguiar &#8211; Vice-Presidente Adjunto para Am\u00e9rica Latina da<br \/>\nRehabilitation International.<\/p>\n<p>85.\u00a0\u00a0\u00a0Maria Alice M\u00e1ximo &#8211;<\/p>\n<p>86.\u00a0\u00a0\u00a0Maria de Lourdes Marques Lima- presidente da Federa\u00e7\u00e3o Brasileira das Associa\u00e7\u00f5es de S\u00edndrome de Down-FBASD\u00a0. DF.<\/p>\n<p>87.\u00a0\u00a0\u00a0Maria L\u00facia F. Gon\u00e7alves &#8211; Membro Fundador do Movimento Orgulho Autista do Brasil, Conselheira de Sa\u00fade do DF e Membro da ABRA\u00c7A.<\/p>\n<p>88.\u00a0\u00a0\u00a0Maria Madalena Nobre &#8211;\u00a0representando o DFDown &#8211; DF<\/p>\n<p>89.\u00a0\u00a0\u00a0Mariene Martins Maciel &#8211; secret\u00e1ria da Associa\u00e7\u00e3o de Familiares e Amigos da Gente Autista AFAGA \u2013 Conselheira do Conselho Estadual dos Direitos da Pessoa com Defici\u00eancia da Bahia. BA.<\/p>\n<p>90.\u00a0\u00a0\u00a0Marilza Vieira de Matos- Cega, fil\u00f3sofa e aposentada. BA<\/p>\n<p>91.\u00a0\u00a0\u00a0Marta Gil &#8211;\u00a0\u00a0Coordenadora Executiva do\u00a0\u00a0Amankay Instituto de Estudos e Pesquisas &#8211; SP<\/p>\n<p>92.\u00a0\u00a0\u00a0Maur\u00edcio Coppini &#8211; Servidor P\u00fablico &#8211; Filho de paciente com Esclerose lateral Amiotr\u00f3fica &#8211; Volunt\u00e1rio do Grupo de Trabalho da ABRELA- Associa\u00e7\u00e3o Brasileira de Esclerose Lateral Amiotr\u00f3fica\u00a0.<\/p>\n<p>93.\u00a0\u00a0\u00a0Melissa Bahia &#8211; Supervisora das Pol\u00edticas de Empregabilidade para Pessoas com<br \/>\nDefici\u00eancia da Secretaria do Trabalho, Emprego, Renda e Esporte do Estado da Bahia \u2013 SETRE &#8211; Conselheira titular do Conselho Estadual dos Direitos da Pessoa com Defici\u00eancia &#8211; COEDE-Bahia.<\/p>\n<p>94.\u00a0\u00a0\u00a0Messias Tavares \u2013 militante do movimento pelos direitos da pessoa com defici\u00eancia (FCD-ONEDEF-CONED-CONADE-IIDI).<\/p>\n<p>95.\u00a0\u00a0\u00a0M\u00f4nica Carvalho Gall Gagliardi Senra &#8211; estudante de Tecnologia de Informa\u00e7\u00e3o.<\/p>\n<p>96.\u00a0\u00a0\u00a0Naira Rodrigues Gaspar \u2013 SP.<\/p>\n<p>97.\u00a0\u00a0\u00a0Narli Blanco Resende Pinto de Souza &#8211; Conselheira do Conselho Municipal de Sa\u00fade de Curitiba, Membro da comiss\u00e3o municipal de sa\u00fade da Pessoa com Defici\u00eancia de Curitiba, membro do FoPEI\u00a0. PR<\/p>\n<p>98.\u00a0\u00a0\u00a0Naziberto Lopes de Oliveira &#8211; Psic\u00f3logo &#8211; Coordenador do MOLLA &#8211; Movimento pelo Livro e Leitura Acess\u00edveis no Brasil. \u2013 SP.<\/p>\n<p>99.\u00a0\u00a0\u00a0Neivaldo Augusto Zovico \u2013 Professor, Coordenador Nacional de Acessibilidade para Surdos da Federa\u00e7\u00e3o Nacional de Educa\u00e7\u00e3o e Integra\u00e7\u00e3o de Surdos &#8211; FENEIS<\/p>\n<p>100.\u00a0\u00a0\u00a0\u00a0\u00a0\u00a0\u00a0\u00a0\u00a0\u00a0Ninfa Cunha de Santana &#8211; Artista e Integrando do Grupo Perspectivas em Movimento\u00a0 Art\u00edstico e Cultural de Inclus\u00e3o da Pessoa com Defici\u00eancia \u2013 Bahia.<\/p>\n<p>101.\u00a0\u00a0\u00a0\u00a0\u00a0\u00a0\u00a0\u00a0\u00a0\u00a0Ortencio Sales Pessoa, PROJETO DE ASSEBILIDADE DA UFC-CE.<\/p>\n<p>102.\u00a0\u00a0\u00a0\u00a0\u00a0\u00a0\u00a0\u00a0\u00a0\u00a0Osmar Rezende &#8211; Publicit\u00e1rio &#8211; dirigente da LIBERTOS Comunica\u00e7\u00e3o, ong de direitos humanos LGBT &#8211; Belo Horizonte &#8211; MG<\/p>\n<p>103.\u00a0\u00a0\u00a0\u00a0\u00a0\u00a0\u00a0\u00a0\u00a0\u00a0Patricia Almeida, Presidente de honra do DF Down, Meta Social e\u00a0Inclusive,\u00a0moderadora dos grupos RJ Down e S\u00edndrome de Down.<\/p>\n<p>104.\u00a0\u00a0\u00a0\u00a0\u00a0\u00a0\u00a0\u00a0\u00a0\u00a0Paulo Ba\u00eda-Soci\u00f3logo e cientista pol\u00edtico da UFRJ. Coordenador do N\u00facleo de Sociologia do Poder e assuntos Estrat\u00e9gicos. IFCS\/UFRJ.<\/p>\n<p>105.\u00a0\u00a0\u00a0\u00a0\u00a0\u00a0\u00a0\u00a0\u00a0\u00a0Paulo Romeu &#8211; criador do Blog da Audio-descri\u00e7\u00e3o. SP<\/p>\n<p>106.\u00a0\u00a0\u00a0\u00a0\u00a0\u00a0\u00a0\u00a0\u00a0\u00a0Paulo Tadeu \u2013 USP. SP<\/p>\n<p>107.\u00a0\u00a0\u00a0\u00a0\u00a0\u00a0\u00a0\u00a0\u00a0\u00a0Regina Cohen, N\u00facleo Pr\u00f3 Acesso e Rede Inclusiva \u2013 RJ.<\/p>\n<p>108.\u00a0\u00a0\u00a0\u00a0\u00a0\u00a0\u00a0\u00a0\u00a0\u00a0Roberto Luiz Warken &#8211; Soci\u00f3logo, Especialista em Educa\u00e7\u00e3o Sexual, Mestre em Educa\u00e7\u00e3o e Cultura &#8211; Florian\u00f3polis \u2013 SC.<\/p>\n<p>109.\u00a0\u00a0\u00a0\u00a0\u00a0\u00a0\u00a0\u00a0\u00a0\u00a0Romeu Kazumi Sassaki\u00a0&#8211; Presidente do Centro de Vida Independente Araci Nallin, em S\u00e3o Paulo. Ex-Conselheiro do Conselho Nacional de Direitos da Pessoa com Defici\u00eancia (Conade).<\/p>\n<p>110.\u00a0\u00a0\u00a0\u00a0\u00a0\u00a0\u00a0\u00a0\u00a0\u00a0\u00a0Ronaldo Andr\u00e9 B\u00e1cry Brasil, Presidente do Conselho Municipal dos Direitos da Pessoa com Defici\u00eancia de Manaus-CMDPD-MANAUS, Presidente do Centro de Vida Independente do Amazonas-CVI-AM.<\/p>\n<p>111.\u00a0\u00a0\u00a0\u00a0\u00a0\u00a0\u00a0\u00a0\u00a0\u00a0Roxana Maria Rossy Campos &#8211; Presidente da Associa\u00e7\u00e3o DFdown \u2013 Bras\u00edlia-DF<\/p>\n<p>112.\u00a0\u00a0\u00a0\u00a0\u00a0\u00a0\u00a0\u00a0\u00a0\u00a0Sandra\u00a0\u00a0Torturella Lobo, Coordenadora da Coordena\u00e7\u00e3o de Aten\u00e7\u00e3o \u00e0 Pessoa com Defici\u00eancia \/SUBPAV\/SAP\/CAPDAI \u2013 RJ.<\/p>\n<p>113.\u00a0\u00a0\u00a0\u00a0\u00a0\u00a0\u00a0\u00a0\u00a0\u00a0Sandra Vieira &#8211; professora universitaria da FOP-UPE &#8211; PE<\/p>\n<p>114.\u00a0\u00a0\u00a0\u00a0\u00a0\u00a0\u00a0\u00a0\u00a0\u00a0Selene Penaforte \u2013 Doutora em Educa\u00e7\u00e3o \u2013 Conselheira do Conselho Estadual de Educa\u00e7\u00e3o do Cear\u00e1 \u2013 Prof. universit\u00e1ria\u00a0\u00a0do curso de Especializa\u00e7\u00e3o em Atendimento Educacional Especializado \u2013 UFC \u2013 RG: 2006009254250<\/p>\n<p>115.\u00a0\u00a0\u00a0\u00a0\u00a0\u00a0\u00a0\u00a0\u00a0\u00a0Silas Lima &#8211; Servidor p\u00fablico, pessoa com defici\u00eancia f\u00edsica, volunt\u00e1rio (ativista digital) de entidade de defesa dos direitos dos deficientes visuais \u2013 Ismac-MS.<\/p>\n<p>116.\u00a0\u00a0\u00a0\u00a0\u00a0\u00a0\u00a0\u00a0\u00a0\u00a0\u00a0Sheyla Cristina Araujo Dutra de Oliveira &#8211; Presidente Fam\u00edlia Down e Amigos de Ribeir\u00e3o Preto, Diretora da Pasta de Auto-defensoria da APAE\/RP e Rela\u00e7\u00f5es P\u00fablicas da Federa\u00e7\u00e3o Brasileira das Associa\u00e7\u00f5es de S\u00edndrome de Down. SP<\/p>\n<p>117.\u00a0\u00a0\u00a0\u00a0\u00a0\u00a0\u00a0\u00a0\u00a0\u00a0S\u00f4nia Maria de Oliveira, Assistente Social, Vice Presidente da Casa Esperan\u00e7a, Membro da ABRA\u00c7A. CE.<\/p>\n<p>118.\u00a0\u00a0\u00a0\u00a0\u00a0\u00a0\u00a0\u00a0\u00a0\u00a0Sonia Maria de Oliveira Silva &#8211; M\u00e3e de crian\u00e7a com defici\u00eancia \u2013 CE<\/p>\n<p>119.\u00a0\u00a0\u00a0\u00a0\u00a0\u00a0\u00a0\u00a0\u00a0\u00a0Suely Viola \u2013 Rede Inclusiva \u2013 RJ.<\/p>\n<p>120.\u00a0\u00a0\u00a0\u00a0\u00a0\u00a0\u00a0\u00a0\u00a0\u00a0Suzana Costa,\u00a0Assessora Parlamentar,\u00a0Soci\u00f3loga, Fortaleza-Ce<\/p>\n<p>121.\u00a0\u00a0\u00a0\u00a0\u00a0\u00a0\u00a0\u00a0\u00a0\u00a0Tania Maria Onzi Pietrobelli &#8211; Presidente da Federa\u00e7\u00e3o Brasileira de Hemofilia<\/p>\n<p>122.\u00a0\u00a0\u00a0\u00a0\u00a0\u00a0\u00a0\u00a0\u00a0\u00a0Telma Nantes de Matos \u2013 Presidente do Instituto Sul Matogrossense para Cegos ISMAC , Vice-Presidente da Organiza\u00e7\u00e3o Nacional de Cegos do Brasil &#8211; ONCB<\/p>\n<p>123.\u00a0\u00a0\u00a0\u00a0\u00a0\u00a0\u00a0\u00a0\u00a0\u00a0Teresa Maria de Sandes E. Pereira &#8211; Assistente Social, aposentada, m\u00e3e de pessoa autista<\/p>\n<p>124.\u00a0\u00a0\u00a0\u00a0\u00a0\u00a0\u00a0\u00a0\u00a0\u00a0Thereza Neumann Santos Freitas, Eng Eletricista \u2013 Presidente do Sindicato dos Engenheiros do Cear\u00e1 \u2013 Senge \u2013 CE \u2013 Diretora da Federa\u00e7\u00e3o Nacional dos Engenheiros e conselheira do Fundo Nacional de Habita\u00e7\u00e3o de Interesse Social e Conselheira do CREA \u2013 CE.<\/p>\n<p>125.\u00a0\u00a0\u00a0\u00a0\u00a0\u00a0\u00a0\u00a0\u00a0\u00a0Terezinha Niehues &#8211; M\u00e3e de uma crian\u00e7a com s\u00edndrome de down<\/p>\n<p>126.\u00a0\u00a0\u00a0\u00a0\u00a0\u00a0\u00a0\u00a0\u00a0\u00a0Thiago de Sandes Eduardo Pereira &#8211; Estudante, M\u00fasico, Autista<\/p>\n<p>127.\u00a0\u00a0\u00a0\u00a0\u00a0\u00a0\u00a0\u00a0\u00a0\u00a0Tuca Munhoz &#8211; Pastoral das Pessoas com Defici\u00eancia da Arquidiocese de S\u00e3o Paulo e o Instituto MID para a Participa\u00e7\u00e3o Social das Pessoas com Defici\u00eancia.<\/p>\n<p>128.\u00a0\u00a0\u00a0\u00a0\u00a0\u00a0\u00a0\u00a0\u00a0\u00a0Vinicius Gaspar Garcia \u2013 Diretos do Centro de Vida Independente de Campinas \u2013 CVI Campinas &#8211; SP<\/p>\n<p>129.\u00a0\u00a0\u00a0\u00a0\u00a0\u00a0\u00a0\u00a0\u00a0\u00a0Waldir Macieira da Costa Filho, Promotor de Justi\u00e7a dos Direitos da Pessoa com Defici\u00eancia no Par\u00e1, Vice-Presidente da AMPID, ex-conselheiro do CONADE. PA.<\/p>\n<p>130.\u00a0\u00a0\u00a0\u00a0\u00a0\u00a0\u00a0\u00a0\u00a0\u00a0Wladmir gabriel Ronsini &#8211; Presidente da ADEFIP &#8211; ASSOCIA\u00c7\u00c3O DOS DEFICIENTES F\u00cdSICOS DE PO\u00c7OS DE CALDAS-MG.<\/p>\n<p>131.\u00a0\u00a0\u00a0\u00a0\u00a0\u00a0\u00a0\u00a0\u00a0\u00a0Xyco Theophilo, perambulante sobre rodas, Fortaleza &#8211; CE<\/p>\n<p>132.\u00a0\u00a0\u00a0\u00a0\u00a0\u00a0\u00a0\u00a0\u00a0\u00a0Zenira Rebou\u00e7as Ferreira &#8211; FCD\/BA &#8211; \u00a0(Fraternidade Crista de Pessoas com Defici\u00eancia)<\/p>\n<\/div>\n<\/div>\n<\/div>\n<div id=\"cg_msg_content\">\n<div>\n<p>Refer\u00eancia &#8211; <a href=\"http:\/\/www.inclusive.org.br\/?p=18495\">Lindbergh Farias quer comiss\u00e3o para aperfei\u00e7oar legisla\u00e7\u00e3o sobre pessoa com defici\u00eancia<\/a><\/p>\n<p>Registre seu apoio no espa\u00e7o para coment\u00e1rios.<\/p>\n<\/div>\n<\/div>\n","protected":false},"excerpt":{"rendered":"<p>Qualquer aperfei\u00e7oamento da legisla\u00e7\u00e3o deve estar em conson\u00e2ncia com a Conven\u00e7\u00e3o sobre os Direitos da Pessoas com Defici\u00eancia. Se voc\u00ea concorda, fique \u00e0 vontade para assinar.<\/p>\n","protected":false},"author":1,"featured_media":0,"comment_status":"open","ping_status":"open","sticky":false,"template":"","format":"standard","meta":{"site-container-style":"default","site-container-layout":"default","site-sidebar-layout":"default","disable-article-header":"default","disable-site-header":"default","disable-site-footer":"default","disable-content-area-spacing":"default","footnotes":""},"categories":[5,38,48,26,4],"tags":[],"class_list":["post-18519","post","type-post","status-publish","format-standard","hentry","category-convencao","category-deficiencia","category-inclusao","category-legislacao","category-noticias"],"yoast_head":"<!-- This site is optimized with the Yoast SEO plugin v27.4 - https:\/\/yoast.com\/product\/yoast-seo-wordpress\/ -->\n<title>Carta aberta da sociedade civil sobre a comiss\u00e3o de defesa dos direitos da pessoa com defici\u00eancia -<\/title>\n<meta name=\"robots\" content=\"index, follow, max-snippet:-1, max-image-preview:large, max-video-preview:-1\" \/>\n<link rel=\"canonical\" href=\"https:\/\/inclusivenews.com.br\/?p=18519\" \/>\n<meta property=\"og:locale\" content=\"pt_PT\" \/>\n<meta property=\"og:type\" content=\"article\" \/>\n<meta property=\"og:title\" content=\"Carta aberta da sociedade civil sobre a comiss\u00e3o de defesa dos direitos da pessoa com defici\u00eancia -\" \/>\n<meta property=\"og:description\" content=\"Qualquer aperfei\u00e7oamento da legisla\u00e7\u00e3o deve estar em conson\u00e2ncia com a Conven\u00e7\u00e3o sobre os Direitos da Pessoas com Defici\u00eancia. Se voc\u00ea concorda, fique \u00e0 vontade para assinar.\" \/>\n<meta property=\"og:url\" content=\"https:\/\/inclusivenews.com.br\/?p=18519\" \/>\n<meta property=\"article:publisher\" content=\"https:\/\/www.facebook.com\/agenciainclusive\/\" \/>\n<meta property=\"article:published_time\" content=\"2011-02-19T13:21:56+00:00\" \/>\n<meta property=\"og:image\" content=\"http:\/\/inclusivenews.com.br\/wp-content\/uploads\/2010\/06\/cadeira-formada-por-pessoas-300x270.jpg\" \/>\n<meta name=\"author\" content=\"inclusivenews2024\" \/>\n<meta name=\"twitter:card\" content=\"summary_large_image\" \/>\n<meta name=\"twitter:label1\" content=\"Escrito por\" \/>\n\t<meta name=\"twitter:data1\" content=\"inclusivenews2024\" \/>\n\t<meta name=\"twitter:label2\" content=\"Tempo estimado de leitura\" \/>\n\t<meta name=\"twitter:data2\" content=\"17 minutos\" \/>\n<script type=\"application\/ld+json\" class=\"yoast-schema-graph\">{\"@context\":\"https:\\\/\\\/schema.org\",\"@graph\":[{\"@type\":\"Article\",\"@id\":\"https:\\\/\\\/inclusivenews.com.br\\\/?p=18519#article\",\"isPartOf\":{\"@id\":\"https:\\\/\\\/inclusivenews.com.br\\\/?p=18519\"},\"author\":{\"name\":\"inclusivenews2024\",\"@id\":\"https:\\\/\\\/inclusivenews.com.br\\\/#\\\/schema\\\/person\\\/ae4ec7087559b8692fb33b6fffd2273b\"},\"headline\":\"Carta aberta da sociedade civil sobre a comiss\u00e3o de defesa dos direitos da pessoa com defici\u00eancia\",\"datePublished\":\"2011-02-19T13:21:56+00:00\",\"mainEntityOfPage\":{\"@id\":\"https:\\\/\\\/inclusivenews.com.br\\\/?p=18519\"},\"wordCount\":3347,\"commentCount\":49,\"publisher\":{\"@id\":\"https:\\\/\\\/inclusivenews.com.br\\\/#organization\"},\"image\":{\"@id\":\"https:\\\/\\\/inclusivenews.com.br\\\/?p=18519#primaryimage\"},\"thumbnailUrl\":\"http:\\\/\\\/inclusivenews.com.br\\\/wp-content\\\/uploads\\\/2010\\\/06\\\/cadeira-formada-por-pessoas-300x270.jpg\",\"articleSection\":[\"Conven\u00e7\u00e3o\",\"Defici\u00eancia\",\"INCLUS\u00c3O SOCIAL\",\"Legisla\u00e7\u00e3o ...\",\"NOT\u00cdCIAS\"],\"inLanguage\":\"pt-PT\",\"potentialAction\":[{\"@type\":\"CommentAction\",\"name\":\"Comment\",\"target\":[\"https:\\\/\\\/inclusivenews.com.br\\\/?p=18519#respond\"]}]},{\"@type\":\"WebPage\",\"@id\":\"https:\\\/\\\/inclusivenews.com.br\\\/?p=18519\",\"url\":\"https:\\\/\\\/inclusivenews.com.br\\\/?p=18519\",\"name\":\"Carta aberta da sociedade civil sobre a comiss\u00e3o de defesa dos direitos da pessoa com defici\u00eancia -\",\"isPartOf\":{\"@id\":\"https:\\\/\\\/inclusivenews.com.br\\\/#website\"},\"primaryImageOfPage\":{\"@id\":\"https:\\\/\\\/inclusivenews.com.br\\\/?p=18519#primaryimage\"},\"image\":{\"@id\":\"https:\\\/\\\/inclusivenews.com.br\\\/?p=18519#primaryimage\"},\"thumbnailUrl\":\"http:\\\/\\\/inclusivenews.com.br\\\/wp-content\\\/uploads\\\/2010\\\/06\\\/cadeira-formada-por-pessoas-300x270.jpg\",\"datePublished\":\"2011-02-19T13:21:56+00:00\",\"breadcrumb\":{\"@id\":\"https:\\\/\\\/inclusivenews.com.br\\\/?p=18519#breadcrumb\"},\"inLanguage\":\"pt-PT\",\"potentialAction\":[{\"@type\":\"ReadAction\",\"target\":[\"https:\\\/\\\/inclusivenews.com.br\\\/?p=18519\"]}]},{\"@type\":\"ImageObject\",\"inLanguage\":\"pt-PT\",\"@id\":\"https:\\\/\\\/inclusivenews.com.br\\\/?p=18519#primaryimage\",\"url\":\"\",\"contentUrl\":\"\"},{\"@type\":\"BreadcrumbList\",\"@id\":\"https:\\\/\\\/inclusivenews.com.br\\\/?p=18519#breadcrumb\",\"itemListElement\":[{\"@type\":\"ListItem\",\"position\":1,\"name\":\"In\u00edcio\",\"item\":\"https:\\\/\\\/inclusivenews.com.br\\\/\"},{\"@type\":\"ListItem\",\"position\":2,\"name\":\"Carta aberta da sociedade civil sobre a comiss\u00e3o de defesa dos direitos da pessoa com defici\u00eancia\"}]},{\"@type\":\"WebSite\",\"@id\":\"https:\\\/\\\/inclusivenews.com.br\\\/#website\",\"url\":\"https:\\\/\\\/inclusivenews.com.br\\\/\",\"name\":\"Inclusive News\",\"description\":\"Inclusive News\",\"publisher\":{\"@id\":\"https:\\\/\\\/inclusivenews.com.br\\\/#organization\"},\"potentialAction\":[{\"@type\":\"SearchAction\",\"target\":{\"@type\":\"EntryPoint\",\"urlTemplate\":\"https:\\\/\\\/inclusivenews.com.br\\\/?s={search_term_string}\"},\"query-input\":{\"@type\":\"PropertyValueSpecification\",\"valueRequired\":true,\"valueName\":\"search_term_string\"}}],\"inLanguage\":\"pt-PT\"},{\"@type\":\"Organization\",\"@id\":\"https:\\\/\\\/inclusivenews.com.br\\\/#organization\",\"name\":\"Inclusive - inclus\u00e3o e cidadania\",\"url\":\"https:\\\/\\\/inclusivenews.com.br\\\/\",\"logo\":{\"@type\":\"ImageObject\",\"inLanguage\":\"pt-PT\",\"@id\":\"https:\\\/\\\/inclusivenews.com.br\\\/#\\\/schema\\\/logo\\\/image\\\/\",\"url\":\"https:\\\/\\\/inclusivenews.com.br\\\/wp-content\\\/uploads\\\/2024\\\/03\\\/@grandesite.png\",\"contentUrl\":\"https:\\\/\\\/inclusivenews.com.br\\\/wp-content\\\/uploads\\\/2024\\\/03\\\/@grandesite.png\",\"width\":1080,\"height\":1080,\"caption\":\"Inclusive - inclus\u00e3o e cidadania\"},\"image\":{\"@id\":\"https:\\\/\\\/inclusivenews.com.br\\\/#\\\/schema\\\/logo\\\/image\\\/\"},\"sameAs\":[\"https:\\\/\\\/www.facebook.com\\\/agenciainclusive\\\/\",\"https:\\\/\\\/www.instagram.com\\\/newsinclusive\\\/\"]},{\"@type\":\"Person\",\"@id\":\"https:\\\/\\\/inclusivenews.com.br\\\/#\\\/schema\\\/person\\\/ae4ec7087559b8692fb33b6fffd2273b\",\"name\":\"inclusivenews2024\",\"image\":{\"@type\":\"ImageObject\",\"inLanguage\":\"pt-PT\",\"@id\":\"https:\\\/\\\/secure.gravatar.com\\\/avatar\\\/c5a7ef84c66fa914f55bc4f7ce26cfa275a3b9a1c5568b907bd184fb4dde7b40?s=96&d=mm&r=g\",\"url\":\"https:\\\/\\\/secure.gravatar.com\\\/avatar\\\/c5a7ef84c66fa914f55bc4f7ce26cfa275a3b9a1c5568b907bd184fb4dde7b40?s=96&d=mm&r=g\",\"contentUrl\":\"https:\\\/\\\/secure.gravatar.com\\\/avatar\\\/c5a7ef84c66fa914f55bc4f7ce26cfa275a3b9a1c5568b907bd184fb4dde7b40?s=96&d=mm&r=g\",\"caption\":\"inclusivenews2024\"},\"sameAs\":[\"https:\\\/\\\/inclusivenews.com.br\"],\"url\":\"https:\\\/\\\/inclusivenews.com.br\\\/?author=1\"}]}<\/script>\n<!-- \/ Yoast SEO plugin. -->","yoast_head_json":{"title":"Carta aberta da sociedade civil sobre a comiss\u00e3o de defesa dos direitos da pessoa com defici\u00eancia -","robots":{"index":"index","follow":"follow","max-snippet":"max-snippet:-1","max-image-preview":"max-image-preview:large","max-video-preview":"max-video-preview:-1"},"canonical":"https:\/\/inclusivenews.com.br\/?p=18519","og_locale":"pt_PT","og_type":"article","og_title":"Carta aberta da sociedade civil sobre a comiss\u00e3o de defesa dos direitos da pessoa com defici\u00eancia -","og_description":"Qualquer aperfei\u00e7oamento da legisla\u00e7\u00e3o deve estar em conson\u00e2ncia com a Conven\u00e7\u00e3o sobre os Direitos da Pessoas com Defici\u00eancia. Se voc\u00ea concorda, fique \u00e0 vontade para assinar.","og_url":"https:\/\/inclusivenews.com.br\/?p=18519","article_publisher":"https:\/\/www.facebook.com\/agenciainclusive\/","article_published_time":"2011-02-19T13:21:56+00:00","og_image":[{"url":"http:\/\/inclusivenews.com.br\/wp-content\/uploads\/2010\/06\/cadeira-formada-por-pessoas-300x270.jpg","type":"","width":"","height":""}],"author":"inclusivenews2024","twitter_card":"summary_large_image","twitter_misc":{"Escrito por":"inclusivenews2024","Tempo estimado de leitura":"17 minutos"},"schema":{"@context":"https:\/\/schema.org","@graph":[{"@type":"Article","@id":"https:\/\/inclusivenews.com.br\/?p=18519#article","isPartOf":{"@id":"https:\/\/inclusivenews.com.br\/?p=18519"},"author":{"name":"inclusivenews2024","@id":"https:\/\/inclusivenews.com.br\/#\/schema\/person\/ae4ec7087559b8692fb33b6fffd2273b"},"headline":"Carta aberta da sociedade civil sobre a comiss\u00e3o de defesa dos direitos da pessoa com defici\u00eancia","datePublished":"2011-02-19T13:21:56+00:00","mainEntityOfPage":{"@id":"https:\/\/inclusivenews.com.br\/?p=18519"},"wordCount":3347,"commentCount":49,"publisher":{"@id":"https:\/\/inclusivenews.com.br\/#organization"},"image":{"@id":"https:\/\/inclusivenews.com.br\/?p=18519#primaryimage"},"thumbnailUrl":"http:\/\/inclusivenews.com.br\/wp-content\/uploads\/2010\/06\/cadeira-formada-por-pessoas-300x270.jpg","articleSection":["Conven\u00e7\u00e3o","Defici\u00eancia","INCLUS\u00c3O SOCIAL","Legisla\u00e7\u00e3o ...","NOT\u00cdCIAS"],"inLanguage":"pt-PT","potentialAction":[{"@type":"CommentAction","name":"Comment","target":["https:\/\/inclusivenews.com.br\/?p=18519#respond"]}]},{"@type":"WebPage","@id":"https:\/\/inclusivenews.com.br\/?p=18519","url":"https:\/\/inclusivenews.com.br\/?p=18519","name":"Carta aberta da sociedade civil sobre a comiss\u00e3o de defesa dos direitos da pessoa com defici\u00eancia -","isPartOf":{"@id":"https:\/\/inclusivenews.com.br\/#website"},"primaryImageOfPage":{"@id":"https:\/\/inclusivenews.com.br\/?p=18519#primaryimage"},"image":{"@id":"https:\/\/inclusivenews.com.br\/?p=18519#primaryimage"},"thumbnailUrl":"http:\/\/inclusivenews.com.br\/wp-content\/uploads\/2010\/06\/cadeira-formada-por-pessoas-300x270.jpg","datePublished":"2011-02-19T13:21:56+00:00","breadcrumb":{"@id":"https:\/\/inclusivenews.com.br\/?p=18519#breadcrumb"},"inLanguage":"pt-PT","potentialAction":[{"@type":"ReadAction","target":["https:\/\/inclusivenews.com.br\/?p=18519"]}]},{"@type":"ImageObject","inLanguage":"pt-PT","@id":"https:\/\/inclusivenews.com.br\/?p=18519#primaryimage","url":"","contentUrl":""},{"@type":"BreadcrumbList","@id":"https:\/\/inclusivenews.com.br\/?p=18519#breadcrumb","itemListElement":[{"@type":"ListItem","position":1,"name":"In\u00edcio","item":"https:\/\/inclusivenews.com.br\/"},{"@type":"ListItem","position":2,"name":"Carta aberta da sociedade civil sobre a comiss\u00e3o de defesa dos direitos da pessoa com defici\u00eancia"}]},{"@type":"WebSite","@id":"https:\/\/inclusivenews.com.br\/#website","url":"https:\/\/inclusivenews.com.br\/","name":"Inclusive News","description":"Inclusive News","publisher":{"@id":"https:\/\/inclusivenews.com.br\/#organization"},"potentialAction":[{"@type":"SearchAction","target":{"@type":"EntryPoint","urlTemplate":"https:\/\/inclusivenews.com.br\/?s={search_term_string}"},"query-input":{"@type":"PropertyValueSpecification","valueRequired":true,"valueName":"search_term_string"}}],"inLanguage":"pt-PT"},{"@type":"Organization","@id":"https:\/\/inclusivenews.com.br\/#organization","name":"Inclusive - inclus\u00e3o e cidadania","url":"https:\/\/inclusivenews.com.br\/","logo":{"@type":"ImageObject","inLanguage":"pt-PT","@id":"https:\/\/inclusivenews.com.br\/#\/schema\/logo\/image\/","url":"https:\/\/inclusivenews.com.br\/wp-content\/uploads\/2024\/03\/@grandesite.png","contentUrl":"https:\/\/inclusivenews.com.br\/wp-content\/uploads\/2024\/03\/@grandesite.png","width":1080,"height":1080,"caption":"Inclusive - inclus\u00e3o e cidadania"},"image":{"@id":"https:\/\/inclusivenews.com.br\/#\/schema\/logo\/image\/"},"sameAs":["https:\/\/www.facebook.com\/agenciainclusive\/","https:\/\/www.instagram.com\/newsinclusive\/"]},{"@type":"Person","@id":"https:\/\/inclusivenews.com.br\/#\/schema\/person\/ae4ec7087559b8692fb33b6fffd2273b","name":"inclusivenews2024","image":{"@type":"ImageObject","inLanguage":"pt-PT","@id":"https:\/\/secure.gravatar.com\/avatar\/c5a7ef84c66fa914f55bc4f7ce26cfa275a3b9a1c5568b907bd184fb4dde7b40?s=96&d=mm&r=g","url":"https:\/\/secure.gravatar.com\/avatar\/c5a7ef84c66fa914f55bc4f7ce26cfa275a3b9a1c5568b907bd184fb4dde7b40?s=96&d=mm&r=g","contentUrl":"https:\/\/secure.gravatar.com\/avatar\/c5a7ef84c66fa914f55bc4f7ce26cfa275a3b9a1c5568b907bd184fb4dde7b40?s=96&d=mm&r=g","caption":"inclusivenews2024"},"sameAs":["https:\/\/inclusivenews.com.br"],"url":"https:\/\/inclusivenews.com.br\/?author=1"}]}},"_links":{"self":[{"href":"https:\/\/inclusivenews.com.br\/index.php?rest_route=\/wp\/v2\/posts\/18519","targetHints":{"allow":["GET"]}}],"collection":[{"href":"https:\/\/inclusivenews.com.br\/index.php?rest_route=\/wp\/v2\/posts"}],"about":[{"href":"https:\/\/inclusivenews.com.br\/index.php?rest_route=\/wp\/v2\/types\/post"}],"author":[{"embeddable":true,"href":"https:\/\/inclusivenews.com.br\/index.php?rest_route=\/wp\/v2\/users\/1"}],"replies":[{"embeddable":true,"href":"https:\/\/inclusivenews.com.br\/index.php?rest_route=%2Fwp%2Fv2%2Fcomments&post=18519"}],"version-history":[{"count":0,"href":"https:\/\/inclusivenews.com.br\/index.php?rest_route=\/wp\/v2\/posts\/18519\/revisions"}],"wp:attachment":[{"href":"https:\/\/inclusivenews.com.br\/index.php?rest_route=%2Fwp%2Fv2%2Fmedia&parent=18519"}],"wp:term":[{"taxonomy":"category","embeddable":true,"href":"https:\/\/inclusivenews.com.br\/index.php?rest_route=%2Fwp%2Fv2%2Fcategories&post=18519"},{"taxonomy":"post_tag","embeddable":true,"href":"https:\/\/inclusivenews.com.br\/index.php?rest_route=%2Fwp%2Fv2%2Ftags&post=18519"}],"curies":[{"name":"wp","href":"https:\/\/api.w.org\/{rel}","templated":true}]}}