{"id":18521,"date":"2011-02-24T03:03:16","date_gmt":"2011-02-24T06:03:16","guid":{"rendered":"http:\/\/www.inclusive.org.br\/?p=18521"},"modified":"2011-02-24T03:03:16","modified_gmt":"2011-02-24T06:03:16","slug":"termina-sem-culpados-inquerito-da-tortura-a-mae-de-santo","status":"publish","type":"post","link":"https:\/\/inclusivenews.com.br\/?p=18521","title":{"rendered":"Termina sem culpados, inqu\u00e9rito da tortura \u00e0 M\u00e3e de Santo"},"content":{"rendered":"<p><strong><a href=\"http:\/\/www.inclusivenews.com.br\/wp-content\/uploads\/2009\/11\/afropress21.jpg\"><img loading=\"lazy\" decoding=\"async\" class=\"alignleft size-full wp-image-12591\" title=\"Logotipo da Afropress - Ag\u00eancia de Informa\u00e7\u00e3o Multi\u00e9tnica\" src=\"http:\/\/inclusivenews.com.br\/wp-content\/uploads\/2009\/11\/afropress21.jpg\" alt=\"\" width=\"190\" height=\"190\" srcset=\"https:\/\/inclusivenews.com.br\/wp-content\/uploads\/2009\/11\/afropress21.jpg 190w, https:\/\/inclusivenews.com.br\/wp-content\/uploads\/2009\/11\/afropress21-150x150.jpg 150w\" sizes=\"auto, (max-width: 190px) 100vw, 190px\" \/><\/a>Ilh\u00e9us\/Bahia<\/strong> &#8211; Nenhum dos sete policiais acusados no caso da tortura \u00e0 M\u00e3e de Santo  Bernadete Souza Ferreira, 42 anos, da Comunidade Banco do Pedro, do  Assentamento D. H\u00e9lder C\u00e2mara, em Ilh\u00e9us, foram indiciados no inqu\u00e9rito  aberto para investigar o crime.<\/p>\n<p>O caso aconteceu no dia 23 de outubro do ano passado, quando policiais  invadiram a Comunidade, deram voz de pris\u00e3o, algemaram e jogaram a M\u00e3e  de Santo \u2013 j\u00e1 incorporada de Ox\u00f3ssi, o Orix\u00e1 que cultua &#8211; em um  formigueiro, sob a alega\u00e7\u00e3o de que &#8220;era pr\u00e1 tirar o diabo do corpo&#8221; da  l\u00edder religiosa, segundo a den\u00fancia feita pela pr\u00f3pria v\u00edtima e pelas  entidades negras da Bahia.<\/p>\n<p>De acordo com a den\u00fancia, a M\u00e3e de Santo tamb\u00e9m foi jogada num cambur\u00e3o e  levada para a 7\u00aa Coordenadoria de Pol\u00edcia do Interior (7\u00ba Coorpin) de  Ilh\u00e9us, onde ficou numa cela masculina at\u00e9 ser libertada com a  interven\u00e7\u00e3o de um delegado.<\/p>\n<p>A delegada Katiana Amorim Teixeira, designada pela Secretaria de  Seguran\u00e7a, por determina\u00e7\u00e3o do governador Jaques Wagner, deu por  conclu\u00eddas as investiga\u00e7\u00f5es, depois de ouvir 28 pessoas, juntar dezenas  de fotos, laudo do local do formigueiro, num total de 280 folhas.<\/p>\n<p>\u201cEu queria muito ajudar a dona Bernardete e quero esclarecer os fatos,  mas fiquei de m\u00e3os atadas. Tenho minha consci\u00eancia tranq\u00fcila. N\u00e3o estou  podendo concluir com indiciamento, porque as duas testemunhas-chave n\u00e3o  compareceram para depor\u201d, afirmou.<\/p>\n<p>As testemunhas a que se refere a delegada s\u00e3o um homem de nome  Wellington e sua mulher Grace Kelly, moradores do Assentamento e que  teriam sido apresentados como testemunhas pela pr\u00f3pria v\u00edtima.<\/p>\n<p>\u201cFicou faltando uma pe\u00e7a no quebra cabe\u00e7as; um quebra cabe\u00e7as montado de  100 pe\u00e7as ficaram faltando duas. Exatamente as testemunhas-chave de  dona Bernadete. Se os tivesse ouvido, provavelmente teria elementos para  indiciar. Ter\u00edamos  uma situa\u00e7\u00e3o que, com certeza, poderia beneficiar  dona Bernadete. A dona Bernadete e o \u201cseo\u201d Moacir, seu marido [Moacir  Pinho de Jesus], sempre souberam da import\u00e2ncia dos depoimentos dos  dois\u201d, acrescentou.<\/p>\n<p><strong>Afropress<\/strong> fez contato com a M\u00e3e de Santo e com o marido, por  telefone e por e-mail para que se manifestassem sobre a afirma\u00e7\u00e3o da  delegada, por\u00e9m, n\u00e3o obteve retorno.<\/p>\n<p><strong>Resultado antecipado<\/strong><\/p>\n<p>Anteriormente o Corregedor-Adjunto da Pol\u00edcia Militar da Bahia, tenente  coronel Manuel Souza Neto, designado pelo comando da corpora\u00e7\u00e3o para  presidir uma sindic\u00e2ncia interna j\u00e1 havia antecipado como a investiga\u00e7\u00e3o  terminaria.<\/p>\n<p>O coronel chegou a dizer que \u201ctanto a intoler\u00e2ncia religiosa quanto a  tortura n\u00e3o seriam comprovadas de jeito nenhum\u201d porque na Bahia \u201ctodo  mundo na Bahia \u00e9 cat\u00f3lico, mas gosta de um sambinha tamb\u00e9m\u201d.<\/p>\n<p>Souza Neto, na ocasi\u00e3o, desdenhou da v\u00edtima ao negar \u2013 a exemplo do que  concluiu a delegada na investiga\u00e7\u00e3o \u2013 que n\u00e3o havia formigueiro. \u201cN\u00e3o  teve ningu\u00e9m colocado em formigueiro. Ali\u00e1s, nem tem formigueiro. O que  existe \u00e9 uma grama rasteira com algumas formigas\u201d, decretou.<\/p>\n<p><strong>Relat\u00f3rio<\/strong><\/p>\n<p>Com a investiga\u00e7\u00e3o prejudicada pela aus\u00eancia das duas testemunhas chave,  a delegada disse que limitou-se, no relat\u00f3rio, a \u201cpontuar os fatos\u201d.<\/p>\n<p>Apesar de, na investiga\u00e7\u00e3o, ter se limitado, como frisou, a &#8220;pontuar  fatos&#8221;, disse ter chegado \u00e0s seguintes conclus\u00f5es: 1 \u2013 que \u201cn\u00e3o havia  festa nenhuma no terreiro porque todas as testemunhas estariam em um  mutir\u00e3o de quebra de cacau\u201d, ao contr\u00e1rio da den\u00fancia; 2 \u2013 que n\u00e3o h\u00e1  terreiro constru\u00eddo na \u00e1rea; 3 &#8211; que n\u00e3o havia formigueiro, e conforme  mostraria per\u00edcia no local; e 4 &#8211; que as manchas nas pernas da M\u00e3e de  Santo, teriam sido provocadas \u201cpor alergia\u201d.<\/p>\n<p>\u201cEla caiu em cima do formigueiro. Os policiais que estavam fazendo a  condu\u00e7\u00e3o nunca tinham ido ao local. N\u00e3o sabiam que era formigueiro. Nada  era vis\u00edvel. N\u00e3o havia possibilidade de distinguirem que aquilo era  formigueiro&#8221;, conclui no relat\u00f3rio, que encerra os trabalhos de  investiga\u00e7\u00e3o.<\/p>\n<p>Segundo a delegada, o comparecimento das duas testemunhas tamb\u00e9m teria  sido pedido ao advogado Sanzio Peixoto, da Secretaria de Justi\u00e7a e  Direitos Humanos. Afropress n\u00e3o conseguiu localizar Peixoto.<\/p>\n<p>Fonte: <a href=\"http:\/\/www.afropress.com\/\" target=\"_blank\" rel=\"noopener\"><strong>Afropress<\/strong><\/a><\/p>\n","protected":false},"excerpt":{"rendered":"<p>Nenhum dos sete policiais acusados no caso foram indiciados no inqu\u00e9rito aberto para investigar o crime. <\/p>\n","protected":false},"author":1,"featured_media":0,"comment_status":"open","ping_status":"open","sticky":false,"template":"","format":"standard","meta":{"site-container-style":"default","site-container-layout":"default","site-sidebar-layout":"default","disable-article-header":"default","disable-site-header":"default","disable-site-footer":"default","disable-content-area-spacing":"default","footnotes":""},"categories":[13,39,4,41],"tags":[],"class_list":["post-18521","post","type-post","status-publish","format-standard","hentry","category-denuncias","category-discriminacao","category-noticias","category-preconceito"],"yoast_head":"<!-- This site is optimized with the Yoast SEO plugin v27.4 - https:\/\/yoast.com\/product\/yoast-seo-wordpress\/ -->\n<title>Termina sem culpados, inqu\u00e9rito da tortura \u00e0 M\u00e3e de Santo -<\/title>\n<meta name=\"robots\" content=\"index, follow, max-snippet:-1, max-image-preview:large, max-video-preview:-1\" \/>\n<link rel=\"canonical\" href=\"https:\/\/inclusivenews.com.br\/?p=18521\" \/>\n<meta property=\"og:locale\" content=\"pt_PT\" \/>\n<meta property=\"og:type\" content=\"article\" \/>\n<meta property=\"og:title\" content=\"Termina sem culpados, inqu\u00e9rito da tortura \u00e0 M\u00e3e de Santo -\" \/>\n<meta property=\"og:description\" content=\"Nenhum dos sete policiais acusados no caso foram indiciados no inqu\u00e9rito aberto para investigar o crime.\" \/>\n<meta property=\"og:url\" content=\"https:\/\/inclusivenews.com.br\/?p=18521\" \/>\n<meta property=\"article:publisher\" content=\"https:\/\/www.facebook.com\/agenciainclusive\/\" \/>\n<meta property=\"article:published_time\" content=\"2011-02-24T06:03:16+00:00\" \/>\n<meta property=\"og:image\" content=\"http:\/\/inclusivenews.com.br\/wp-content\/uploads\/2009\/11\/afropress21.jpg\" \/>\n<meta name=\"author\" content=\"inclusivenews2024\" \/>\n<meta name=\"twitter:card\" content=\"summary_large_image\" \/>\n<meta name=\"twitter:label1\" content=\"Escrito por\" \/>\n\t<meta name=\"twitter:data1\" content=\"inclusivenews2024\" \/>\n\t<meta name=\"twitter:label2\" content=\"Tempo estimado de leitura\" \/>\n\t<meta name=\"twitter:data2\" content=\"4 minutos\" \/>\n<script type=\"application\/ld+json\" class=\"yoast-schema-graph\">{\"@context\":\"https:\\\/\\\/schema.org\",\"@graph\":[{\"@type\":\"Article\",\"@id\":\"https:\\\/\\\/inclusivenews.com.br\\\/?p=18521#article\",\"isPartOf\":{\"@id\":\"https:\\\/\\\/inclusivenews.com.br\\\/?p=18521\"},\"author\":{\"name\":\"inclusivenews2024\",\"@id\":\"https:\\\/\\\/inclusivenews.com.br\\\/#\\\/schema\\\/person\\\/ae4ec7087559b8692fb33b6fffd2273b\"},\"headline\":\"Termina sem culpados, inqu\u00e9rito da tortura \u00e0 M\u00e3e de Santo\",\"datePublished\":\"2011-02-24T06:03:16+00:00\",\"mainEntityOfPage\":{\"@id\":\"https:\\\/\\\/inclusivenews.com.br\\\/?p=18521\"},\"wordCount\":717,\"commentCount\":0,\"publisher\":{\"@id\":\"https:\\\/\\\/inclusivenews.com.br\\\/#organization\"},\"image\":{\"@id\":\"https:\\\/\\\/inclusivenews.com.br\\\/?p=18521#primaryimage\"},\"thumbnailUrl\":\"http:\\\/\\\/inclusivenews.com.br\\\/wp-content\\\/uploads\\\/2009\\\/11\\\/afropress21.jpg\",\"articleSection\":[\"Den\u00fancias\",\"Discrimina\u00e7\u00e3o\",\"NOT\u00cdCIAS\",\"Preconceito\"],\"inLanguage\":\"pt-PT\",\"potentialAction\":[{\"@type\":\"CommentAction\",\"name\":\"Comment\",\"target\":[\"https:\\\/\\\/inclusivenews.com.br\\\/?p=18521#respond\"]}]},{\"@type\":\"WebPage\",\"@id\":\"https:\\\/\\\/inclusivenews.com.br\\\/?p=18521\",\"url\":\"https:\\\/\\\/inclusivenews.com.br\\\/?p=18521\",\"name\":\"Termina sem culpados, inqu\u00e9rito da tortura \u00e0 M\u00e3e de Santo -\",\"isPartOf\":{\"@id\":\"https:\\\/\\\/inclusivenews.com.br\\\/#website\"},\"primaryImageOfPage\":{\"@id\":\"https:\\\/\\\/inclusivenews.com.br\\\/?p=18521#primaryimage\"},\"image\":{\"@id\":\"https:\\\/\\\/inclusivenews.com.br\\\/?p=18521#primaryimage\"},\"thumbnailUrl\":\"http:\\\/\\\/inclusivenews.com.br\\\/wp-content\\\/uploads\\\/2009\\\/11\\\/afropress21.jpg\",\"datePublished\":\"2011-02-24T06:03:16+00:00\",\"breadcrumb\":{\"@id\":\"https:\\\/\\\/inclusivenews.com.br\\\/?p=18521#breadcrumb\"},\"inLanguage\":\"pt-PT\",\"potentialAction\":[{\"@type\":\"ReadAction\",\"target\":[\"https:\\\/\\\/inclusivenews.com.br\\\/?p=18521\"]}]},{\"@type\":\"ImageObject\",\"inLanguage\":\"pt-PT\",\"@id\":\"https:\\\/\\\/inclusivenews.com.br\\\/?p=18521#primaryimage\",\"url\":\"https:\\\/\\\/inclusivenews.com.br\\\/wp-content\\\/uploads\\\/2009\\\/11\\\/afropress21.jpg\",\"contentUrl\":\"https:\\\/\\\/inclusivenews.com.br\\\/wp-content\\\/uploads\\\/2009\\\/11\\\/afropress21.jpg\",\"width\":190,\"height\":190,\"caption\":\"Logotipo da Afropress - Ag\u00eancia de Informa\u00e7\u00e3o Multi\u00e9tnica\"},{\"@type\":\"BreadcrumbList\",\"@id\":\"https:\\\/\\\/inclusivenews.com.br\\\/?p=18521#breadcrumb\",\"itemListElement\":[{\"@type\":\"ListItem\",\"position\":1,\"name\":\"In\u00edcio\",\"item\":\"https:\\\/\\\/inclusivenews.com.br\\\/\"},{\"@type\":\"ListItem\",\"position\":2,\"name\":\"Termina sem culpados, inqu\u00e9rito da tortura \u00e0 M\u00e3e de Santo\"}]},{\"@type\":\"WebSite\",\"@id\":\"https:\\\/\\\/inclusivenews.com.br\\\/#website\",\"url\":\"https:\\\/\\\/inclusivenews.com.br\\\/\",\"name\":\"Inclusive News\",\"description\":\"Inclusive News\",\"publisher\":{\"@id\":\"https:\\\/\\\/inclusivenews.com.br\\\/#organization\"},\"potentialAction\":[{\"@type\":\"SearchAction\",\"target\":{\"@type\":\"EntryPoint\",\"urlTemplate\":\"https:\\\/\\\/inclusivenews.com.br\\\/?s={search_term_string}\"},\"query-input\":{\"@type\":\"PropertyValueSpecification\",\"valueRequired\":true,\"valueName\":\"search_term_string\"}}],\"inLanguage\":\"pt-PT\"},{\"@type\":\"Organization\",\"@id\":\"https:\\\/\\\/inclusivenews.com.br\\\/#organization\",\"name\":\"Inclusive - inclus\u00e3o e cidadania\",\"url\":\"https:\\\/\\\/inclusivenews.com.br\\\/\",\"logo\":{\"@type\":\"ImageObject\",\"inLanguage\":\"pt-PT\",\"@id\":\"https:\\\/\\\/inclusivenews.com.br\\\/#\\\/schema\\\/logo\\\/image\\\/\",\"url\":\"https:\\\/\\\/inclusivenews.com.br\\\/wp-content\\\/uploads\\\/2024\\\/03\\\/@grandesite.png\",\"contentUrl\":\"https:\\\/\\\/inclusivenews.com.br\\\/wp-content\\\/uploads\\\/2024\\\/03\\\/@grandesite.png\",\"width\":1080,\"height\":1080,\"caption\":\"Inclusive - inclus\u00e3o e cidadania\"},\"image\":{\"@id\":\"https:\\\/\\\/inclusivenews.com.br\\\/#\\\/schema\\\/logo\\\/image\\\/\"},\"sameAs\":[\"https:\\\/\\\/www.facebook.com\\\/agenciainclusive\\\/\",\"https:\\\/\\\/www.instagram.com\\\/newsinclusive\\\/\"]},{\"@type\":\"Person\",\"@id\":\"https:\\\/\\\/inclusivenews.com.br\\\/#\\\/schema\\\/person\\\/ae4ec7087559b8692fb33b6fffd2273b\",\"name\":\"inclusivenews2024\",\"image\":{\"@type\":\"ImageObject\",\"inLanguage\":\"pt-PT\",\"@id\":\"https:\\\/\\\/secure.gravatar.com\\\/avatar\\\/c5a7ef84c66fa914f55bc4f7ce26cfa275a3b9a1c5568b907bd184fb4dde7b40?s=96&d=mm&r=g\",\"url\":\"https:\\\/\\\/secure.gravatar.com\\\/avatar\\\/c5a7ef84c66fa914f55bc4f7ce26cfa275a3b9a1c5568b907bd184fb4dde7b40?s=96&d=mm&r=g\",\"contentUrl\":\"https:\\\/\\\/secure.gravatar.com\\\/avatar\\\/c5a7ef84c66fa914f55bc4f7ce26cfa275a3b9a1c5568b907bd184fb4dde7b40?s=96&d=mm&r=g\",\"caption\":\"inclusivenews2024\"},\"sameAs\":[\"https:\\\/\\\/inclusivenews.com.br\"],\"url\":\"https:\\\/\\\/inclusivenews.com.br\\\/?author=1\"}]}<\/script>\n<!-- \/ Yoast SEO plugin. -->","yoast_head_json":{"title":"Termina sem culpados, inqu\u00e9rito da tortura \u00e0 M\u00e3e de Santo -","robots":{"index":"index","follow":"follow","max-snippet":"max-snippet:-1","max-image-preview":"max-image-preview:large","max-video-preview":"max-video-preview:-1"},"canonical":"https:\/\/inclusivenews.com.br\/?p=18521","og_locale":"pt_PT","og_type":"article","og_title":"Termina sem culpados, inqu\u00e9rito da tortura \u00e0 M\u00e3e de Santo -","og_description":"Nenhum dos sete policiais acusados no caso foram indiciados no inqu\u00e9rito aberto para investigar o crime.","og_url":"https:\/\/inclusivenews.com.br\/?p=18521","article_publisher":"https:\/\/www.facebook.com\/agenciainclusive\/","article_published_time":"2011-02-24T06:03:16+00:00","og_image":[{"url":"http:\/\/inclusivenews.com.br\/wp-content\/uploads\/2009\/11\/afropress21.jpg","type":"","width":"","height":""}],"author":"inclusivenews2024","twitter_card":"summary_large_image","twitter_misc":{"Escrito por":"inclusivenews2024","Tempo estimado de leitura":"4 minutos"},"schema":{"@context":"https:\/\/schema.org","@graph":[{"@type":"Article","@id":"https:\/\/inclusivenews.com.br\/?p=18521#article","isPartOf":{"@id":"https:\/\/inclusivenews.com.br\/?p=18521"},"author":{"name":"inclusivenews2024","@id":"https:\/\/inclusivenews.com.br\/#\/schema\/person\/ae4ec7087559b8692fb33b6fffd2273b"},"headline":"Termina sem culpados, inqu\u00e9rito da tortura \u00e0 M\u00e3e de Santo","datePublished":"2011-02-24T06:03:16+00:00","mainEntityOfPage":{"@id":"https:\/\/inclusivenews.com.br\/?p=18521"},"wordCount":717,"commentCount":0,"publisher":{"@id":"https:\/\/inclusivenews.com.br\/#organization"},"image":{"@id":"https:\/\/inclusivenews.com.br\/?p=18521#primaryimage"},"thumbnailUrl":"http:\/\/inclusivenews.com.br\/wp-content\/uploads\/2009\/11\/afropress21.jpg","articleSection":["Den\u00fancias","Discrimina\u00e7\u00e3o","NOT\u00cdCIAS","Preconceito"],"inLanguage":"pt-PT","potentialAction":[{"@type":"CommentAction","name":"Comment","target":["https:\/\/inclusivenews.com.br\/?p=18521#respond"]}]},{"@type":"WebPage","@id":"https:\/\/inclusivenews.com.br\/?p=18521","url":"https:\/\/inclusivenews.com.br\/?p=18521","name":"Termina sem culpados, inqu\u00e9rito da tortura \u00e0 M\u00e3e de Santo -","isPartOf":{"@id":"https:\/\/inclusivenews.com.br\/#website"},"primaryImageOfPage":{"@id":"https:\/\/inclusivenews.com.br\/?p=18521#primaryimage"},"image":{"@id":"https:\/\/inclusivenews.com.br\/?p=18521#primaryimage"},"thumbnailUrl":"http:\/\/inclusivenews.com.br\/wp-content\/uploads\/2009\/11\/afropress21.jpg","datePublished":"2011-02-24T06:03:16+00:00","breadcrumb":{"@id":"https:\/\/inclusivenews.com.br\/?p=18521#breadcrumb"},"inLanguage":"pt-PT","potentialAction":[{"@type":"ReadAction","target":["https:\/\/inclusivenews.com.br\/?p=18521"]}]},{"@type":"ImageObject","inLanguage":"pt-PT","@id":"https:\/\/inclusivenews.com.br\/?p=18521#primaryimage","url":"https:\/\/inclusivenews.com.br\/wp-content\/uploads\/2009\/11\/afropress21.jpg","contentUrl":"https:\/\/inclusivenews.com.br\/wp-content\/uploads\/2009\/11\/afropress21.jpg","width":190,"height":190,"caption":"Logotipo da Afropress - Ag\u00eancia de Informa\u00e7\u00e3o Multi\u00e9tnica"},{"@type":"BreadcrumbList","@id":"https:\/\/inclusivenews.com.br\/?p=18521#breadcrumb","itemListElement":[{"@type":"ListItem","position":1,"name":"In\u00edcio","item":"https:\/\/inclusivenews.com.br\/"},{"@type":"ListItem","position":2,"name":"Termina sem culpados, inqu\u00e9rito da tortura \u00e0 M\u00e3e de Santo"}]},{"@type":"WebSite","@id":"https:\/\/inclusivenews.com.br\/#website","url":"https:\/\/inclusivenews.com.br\/","name":"Inclusive News","description":"Inclusive News","publisher":{"@id":"https:\/\/inclusivenews.com.br\/#organization"},"potentialAction":[{"@type":"SearchAction","target":{"@type":"EntryPoint","urlTemplate":"https:\/\/inclusivenews.com.br\/?s={search_term_string}"},"query-input":{"@type":"PropertyValueSpecification","valueRequired":true,"valueName":"search_term_string"}}],"inLanguage":"pt-PT"},{"@type":"Organization","@id":"https:\/\/inclusivenews.com.br\/#organization","name":"Inclusive - inclus\u00e3o e cidadania","url":"https:\/\/inclusivenews.com.br\/","logo":{"@type":"ImageObject","inLanguage":"pt-PT","@id":"https:\/\/inclusivenews.com.br\/#\/schema\/logo\/image\/","url":"https:\/\/inclusivenews.com.br\/wp-content\/uploads\/2024\/03\/@grandesite.png","contentUrl":"https:\/\/inclusivenews.com.br\/wp-content\/uploads\/2024\/03\/@grandesite.png","width":1080,"height":1080,"caption":"Inclusive - inclus\u00e3o e cidadania"},"image":{"@id":"https:\/\/inclusivenews.com.br\/#\/schema\/logo\/image\/"},"sameAs":["https:\/\/www.facebook.com\/agenciainclusive\/","https:\/\/www.instagram.com\/newsinclusive\/"]},{"@type":"Person","@id":"https:\/\/inclusivenews.com.br\/#\/schema\/person\/ae4ec7087559b8692fb33b6fffd2273b","name":"inclusivenews2024","image":{"@type":"ImageObject","inLanguage":"pt-PT","@id":"https:\/\/secure.gravatar.com\/avatar\/c5a7ef84c66fa914f55bc4f7ce26cfa275a3b9a1c5568b907bd184fb4dde7b40?s=96&d=mm&r=g","url":"https:\/\/secure.gravatar.com\/avatar\/c5a7ef84c66fa914f55bc4f7ce26cfa275a3b9a1c5568b907bd184fb4dde7b40?s=96&d=mm&r=g","contentUrl":"https:\/\/secure.gravatar.com\/avatar\/c5a7ef84c66fa914f55bc4f7ce26cfa275a3b9a1c5568b907bd184fb4dde7b40?s=96&d=mm&r=g","caption":"inclusivenews2024"},"sameAs":["https:\/\/inclusivenews.com.br"],"url":"https:\/\/inclusivenews.com.br\/?author=1"}]}},"_links":{"self":[{"href":"https:\/\/inclusivenews.com.br\/index.php?rest_route=\/wp\/v2\/posts\/18521","targetHints":{"allow":["GET"]}}],"collection":[{"href":"https:\/\/inclusivenews.com.br\/index.php?rest_route=\/wp\/v2\/posts"}],"about":[{"href":"https:\/\/inclusivenews.com.br\/index.php?rest_route=\/wp\/v2\/types\/post"}],"author":[{"embeddable":true,"href":"https:\/\/inclusivenews.com.br\/index.php?rest_route=\/wp\/v2\/users\/1"}],"replies":[{"embeddable":true,"href":"https:\/\/inclusivenews.com.br\/index.php?rest_route=%2Fwp%2Fv2%2Fcomments&post=18521"}],"version-history":[{"count":0,"href":"https:\/\/inclusivenews.com.br\/index.php?rest_route=\/wp\/v2\/posts\/18521\/revisions"}],"wp:attachment":[{"href":"https:\/\/inclusivenews.com.br\/index.php?rest_route=%2Fwp%2Fv2%2Fmedia&parent=18521"}],"wp:term":[{"taxonomy":"category","embeddable":true,"href":"https:\/\/inclusivenews.com.br\/index.php?rest_route=%2Fwp%2Fv2%2Fcategories&post=18521"},{"taxonomy":"post_tag","embeddable":true,"href":"https:\/\/inclusivenews.com.br\/index.php?rest_route=%2Fwp%2Fv2%2Ftags&post=18521"}],"curies":[{"name":"wp","href":"https:\/\/api.w.org\/{rel}","templated":true}]}}