{"id":18544,"date":"2011-02-24T08:07:52","date_gmt":"2011-02-24T11:07:52","guid":{"rendered":"http:\/\/www.inclusive.org.br\/?p=18544"},"modified":"2011-02-24T08:07:52","modified_gmt":"2011-02-24T11:07:52","slug":"centro-de-formacao-alana-inscricoes-abertas","status":"publish","type":"post","link":"https:\/\/inclusivenews.com.br\/?p=18544","title":{"rendered":"Centro de Forma\u00e7\u00e3o Alana: inscri\u00e7\u00f5es abertas"},"content":{"rendered":"<p><img loading=\"lazy\" decoding=\"async\" class=\"alignleft\" title=\"Flyer de divulga\u00e7\u00e3o - sem descri\u00e7\u00e3o fornecida\" src=\"http:\/\/institutoalana09.emktsender.net\/messageimages\/10982416374813846\/129742603404482700\/cefa_imagem2.jpg\" alt=\"Flyer de divulga\u00e7\u00e3o - sem descri\u00e7\u00e3o fornecida\" width=\"202\" height=\"186\" \/>Est\u00e3o abertas as inscri\u00e7\u00f5es para as mais de 500 vagas nos cursos e palestras, do 1\u00b0 semestre de 2011, do Centro de Forma\u00e7\u00e3o Alana.<\/p>\n<p>Para participar \u00e9 preciso respeitar o prazo de inscri\u00e7\u00e3o, que ter\u00e1 in\u00edcio nesta segunda-feira, dia 14\/02, e terminar\u00e1 com o preenchimento completo das vagas. O n\u00famero de vagas \u00e9 de 40 alunos, por curso, sendo 8 no total, e 200 profissionais em suas duas palestras. As inscri\u00e7\u00f5es dever\u00e3o ser feitas em nosso endere\u00e7o: Rua Erva do Sereno, 548, Jardim Pantanal.<\/p>\n<p>Clique aqui para ter acesso ao cronograma completo de cursos e palestras. Para mais informa\u00e7\u00f5es escreva para centrodeformacao@alana.org.br ou ligue 2585-7646.<\/p>\n<p><strong>Sobre o Centro de Forma\u00e7\u00e3o<\/strong><\/p>\n<p>O Centro de Forma\u00e7\u00e3o Alana tem como principal objetivo contribuir para a eleva\u00e7\u00e3o das pr\u00e1ticas pedag\u00f3gicas e do acesso \u00e0 forma\u00e7\u00e3o e informa\u00e7\u00e3o para educadores, principalmente da zona leste de S\u00e3o Paulo. Em 2010, o Centro de Forma\u00e7\u00e3o atendeu cerca de 600 profissionais e ofereceu 11 cursos e 3 palestras.  Para saber mais acesse <a href=\"http:\/\/www.alana.org.br\">www.alana.org.br<\/a><\/p>\n","protected":false},"excerpt":{"rendered":"<p>Est\u00e3o abertas as inscri\u00e7\u00f5es para as mais de 500 vagas nos cursos e palestras, do 1\u00b0 semestre de 2011, do Centro de Forma\u00e7\u00e3o Alana.<\/p>\n","protected":false},"author":1,"featured_media":0,"comment_status":"open","ping_status":"open","sticky":false,"template":"","format":"standard","meta":{"site-container-style":"default","site-container-layout":"default","site-sidebar-layout":"default","disable-article-header":"default","disable-site-header":"default","disable-site-footer":"default","disable-content-area-spacing":"default","footnotes":""},"categories":[12,4],"tags":[60],"class_list":["post-18544","post","type-post","status-publish","format-standard","hentry","category-cursos-e-eventos","category-noticias","tag-infancia"],"yoast_head":"<!-- This site is optimized with the Yoast SEO plugin v27.4 - https:\/\/yoast.com\/product\/yoast-seo-wordpress\/ -->\n<title>Centro de Forma\u00e7\u00e3o Alana: inscri\u00e7\u00f5es abertas -<\/title>\n<meta name=\"robots\" content=\"index, follow, max-snippet:-1, max-image-preview:large, max-video-preview:-1\" \/>\n<link rel=\"canonical\" href=\"https:\/\/inclusivenews.com.br\/?p=18544\" \/>\n<meta property=\"og:locale\" content=\"pt_PT\" \/>\n<meta property=\"og:type\" content=\"article\" \/>\n<meta property=\"og:title\" content=\"Centro de Forma\u00e7\u00e3o Alana: inscri\u00e7\u00f5es abertas -\" \/>\n<meta property=\"og:description\" content=\"Est\u00e3o abertas as inscri\u00e7\u00f5es para as mais de 500 vagas nos cursos e palestras, do 1\u00b0 semestre de 2011, do Centro de Forma\u00e7\u00e3o Alana.\" \/>\n<meta property=\"og:url\" content=\"https:\/\/inclusivenews.com.br\/?p=18544\" \/>\n<meta property=\"article:publisher\" content=\"https:\/\/www.facebook.com\/agenciainclusive\/\" \/>\n<meta property=\"article:published_time\" content=\"2011-02-24T11:07:52+00:00\" \/>\n<meta property=\"og:image\" content=\"http:\/\/institutoalana09.emktsender.net\/messageimages\/10982416374813846\/129742603404482700\/cefa_imagem2.jpg\" \/>\n<meta name=\"author\" content=\"inclusivenews2024\" \/>\n<meta name=\"twitter:card\" content=\"summary_large_image\" \/>\n<meta name=\"twitter:label1\" content=\"Escrito por\" \/>\n\t<meta name=\"twitter:data1\" content=\"inclusivenews2024\" \/>\n\t<meta name=\"twitter:label2\" content=\"Tempo estimado de leitura\" \/>\n\t<meta name=\"twitter:data2\" content=\"1 minuto\" \/>\n<script type=\"application\/ld+json\" class=\"yoast-schema-graph\">{\"@context\":\"https:\\\/\\\/schema.org\",\"@graph\":[{\"@type\":\"Article\",\"@id\":\"https:\\\/\\\/inclusivenews.com.br\\\/?p=18544#article\",\"isPartOf\":{\"@id\":\"https:\\\/\\\/inclusivenews.com.br\\\/?p=18544\"},\"author\":{\"name\":\"inclusivenews2024\",\"@id\":\"https:\\\/\\\/inclusivenews.com.br\\\/#\\\/schema\\\/person\\\/ae4ec7087559b8692fb33b6fffd2273b\"},\"headline\":\"Centro de Forma\u00e7\u00e3o Alana: inscri\u00e7\u00f5es abertas\",\"datePublished\":\"2011-02-24T11:07:52+00:00\",\"mainEntityOfPage\":{\"@id\":\"https:\\\/\\\/inclusivenews.com.br\\\/?p=18544\"},\"wordCount\":183,\"commentCount\":1,\"publisher\":{\"@id\":\"https:\\\/\\\/inclusivenews.com.br\\\/#organization\"},\"image\":{\"@id\":\"https:\\\/\\\/inclusivenews.com.br\\\/?p=18544#primaryimage\"},\"thumbnailUrl\":\"http:\\\/\\\/institutoalana09.emktsender.net\\\/messageimages\\\/10982416374813846\\\/129742603404482700\\\/cefa_imagem2.jpg\",\"keywords\":[\"Inf\u00e2ncia\"],\"articleSection\":[\"Cursos e eventos\",\"NOT\u00cdCIAS\"],\"inLanguage\":\"pt-PT\",\"potentialAction\":[{\"@type\":\"CommentAction\",\"name\":\"Comment\",\"target\":[\"https:\\\/\\\/inclusivenews.com.br\\\/?p=18544#respond\"]}]},{\"@type\":\"WebPage\",\"@id\":\"https:\\\/\\\/inclusivenews.com.br\\\/?p=18544\",\"url\":\"https:\\\/\\\/inclusivenews.com.br\\\/?p=18544\",\"name\":\"Centro de Forma\u00e7\u00e3o Alana: inscri\u00e7\u00f5es abertas -\",\"isPartOf\":{\"@id\":\"https:\\\/\\\/inclusivenews.com.br\\\/#website\"},\"primaryImageOfPage\":{\"@id\":\"https:\\\/\\\/inclusivenews.com.br\\\/?p=18544#primaryimage\"},\"image\":{\"@id\":\"https:\\\/\\\/inclusivenews.com.br\\\/?p=18544#primaryimage\"},\"thumbnailUrl\":\"http:\\\/\\\/institutoalana09.emktsender.net\\\/messageimages\\\/10982416374813846\\\/129742603404482700\\\/cefa_imagem2.jpg\",\"datePublished\":\"2011-02-24T11:07:52+00:00\",\"breadcrumb\":{\"@id\":\"https:\\\/\\\/inclusivenews.com.br\\\/?p=18544#breadcrumb\"},\"inLanguage\":\"pt-PT\",\"potentialAction\":[{\"@type\":\"ReadAction\",\"target\":[\"https:\\\/\\\/inclusivenews.com.br\\\/?p=18544\"]}]},{\"@type\":\"ImageObject\",\"inLanguage\":\"pt-PT\",\"@id\":\"https:\\\/\\\/inclusivenews.com.br\\\/?p=18544#primaryimage\",\"url\":\"http:\\\/\\\/institutoalana09.emktsender.net\\\/messageimages\\\/10982416374813846\\\/129742603404482700\\\/cefa_imagem2.jpg\",\"contentUrl\":\"http:\\\/\\\/institutoalana09.emktsender.net\\\/messageimages\\\/10982416374813846\\\/129742603404482700\\\/cefa_imagem2.jpg\"},{\"@type\":\"BreadcrumbList\",\"@id\":\"https:\\\/\\\/inclusivenews.com.br\\\/?p=18544#breadcrumb\",\"itemListElement\":[{\"@type\":\"ListItem\",\"position\":1,\"name\":\"In\u00edcio\",\"item\":\"https:\\\/\\\/inclusivenews.com.br\\\/\"},{\"@type\":\"ListItem\",\"position\":2,\"name\":\"Centro de Forma\u00e7\u00e3o Alana: inscri\u00e7\u00f5es abertas\"}]},{\"@type\":\"WebSite\",\"@id\":\"https:\\\/\\\/inclusivenews.com.br\\\/#website\",\"url\":\"https:\\\/\\\/inclusivenews.com.br\\\/\",\"name\":\"Inclusive News\",\"description\":\"Inclusive News\",\"publisher\":{\"@id\":\"https:\\\/\\\/inclusivenews.com.br\\\/#organization\"},\"potentialAction\":[{\"@type\":\"SearchAction\",\"target\":{\"@type\":\"EntryPoint\",\"urlTemplate\":\"https:\\\/\\\/inclusivenews.com.br\\\/?s={search_term_string}\"},\"query-input\":{\"@type\":\"PropertyValueSpecification\",\"valueRequired\":true,\"valueName\":\"search_term_string\"}}],\"inLanguage\":\"pt-PT\"},{\"@type\":\"Organization\",\"@id\":\"https:\\\/\\\/inclusivenews.com.br\\\/#organization\",\"name\":\"Inclusive - inclus\u00e3o e cidadania\",\"url\":\"https:\\\/\\\/inclusivenews.com.br\\\/\",\"logo\":{\"@type\":\"ImageObject\",\"inLanguage\":\"pt-PT\",\"@id\":\"https:\\\/\\\/inclusivenews.com.br\\\/#\\\/schema\\\/logo\\\/image\\\/\",\"url\":\"https:\\\/\\\/inclusivenews.com.br\\\/wp-content\\\/uploads\\\/2024\\\/03\\\/@grandesite.png\",\"contentUrl\":\"https:\\\/\\\/inclusivenews.com.br\\\/wp-content\\\/uploads\\\/2024\\\/03\\\/@grandesite.png\",\"width\":1080,\"height\":1080,\"caption\":\"Inclusive - inclus\u00e3o e cidadania\"},\"image\":{\"@id\":\"https:\\\/\\\/inclusivenews.com.br\\\/#\\\/schema\\\/logo\\\/image\\\/\"},\"sameAs\":[\"https:\\\/\\\/www.facebook.com\\\/agenciainclusive\\\/\",\"https:\\\/\\\/www.instagram.com\\\/newsinclusive\\\/\"]},{\"@type\":\"Person\",\"@id\":\"https:\\\/\\\/inclusivenews.com.br\\\/#\\\/schema\\\/person\\\/ae4ec7087559b8692fb33b6fffd2273b\",\"name\":\"inclusivenews2024\",\"image\":{\"@type\":\"ImageObject\",\"inLanguage\":\"pt-PT\",\"@id\":\"https:\\\/\\\/secure.gravatar.com\\\/avatar\\\/c5a7ef84c66fa914f55bc4f7ce26cfa275a3b9a1c5568b907bd184fb4dde7b40?s=96&d=mm&r=g\",\"url\":\"https:\\\/\\\/secure.gravatar.com\\\/avatar\\\/c5a7ef84c66fa914f55bc4f7ce26cfa275a3b9a1c5568b907bd184fb4dde7b40?s=96&d=mm&r=g\",\"contentUrl\":\"https:\\\/\\\/secure.gravatar.com\\\/avatar\\\/c5a7ef84c66fa914f55bc4f7ce26cfa275a3b9a1c5568b907bd184fb4dde7b40?s=96&d=mm&r=g\",\"caption\":\"inclusivenews2024\"},\"sameAs\":[\"https:\\\/\\\/inclusivenews.com.br\"],\"url\":\"https:\\\/\\\/inclusivenews.com.br\\\/?author=1\"}]}<\/script>\n<!-- \/ Yoast SEO plugin. -->","yoast_head_json":{"title":"Centro de Forma\u00e7\u00e3o Alana: inscri\u00e7\u00f5es abertas -","robots":{"index":"index","follow":"follow","max-snippet":"max-snippet:-1","max-image-preview":"max-image-preview:large","max-video-preview":"max-video-preview:-1"},"canonical":"https:\/\/inclusivenews.com.br\/?p=18544","og_locale":"pt_PT","og_type":"article","og_title":"Centro de Forma\u00e7\u00e3o Alana: inscri\u00e7\u00f5es abertas -","og_description":"Est\u00e3o abertas as inscri\u00e7\u00f5es para as mais de 500 vagas nos cursos e palestras, do 1\u00b0 semestre de 2011, do Centro de Forma\u00e7\u00e3o Alana.","og_url":"https:\/\/inclusivenews.com.br\/?p=18544","article_publisher":"https:\/\/www.facebook.com\/agenciainclusive\/","article_published_time":"2011-02-24T11:07:52+00:00","og_image":[{"url":"http:\/\/institutoalana09.emktsender.net\/messageimages\/10982416374813846\/129742603404482700\/cefa_imagem2.jpg","type":"","width":"","height":""}],"author":"inclusivenews2024","twitter_card":"summary_large_image","twitter_misc":{"Escrito por":"inclusivenews2024","Tempo estimado de leitura":"1 minuto"},"schema":{"@context":"https:\/\/schema.org","@graph":[{"@type":"Article","@id":"https:\/\/inclusivenews.com.br\/?p=18544#article","isPartOf":{"@id":"https:\/\/inclusivenews.com.br\/?p=18544"},"author":{"name":"inclusivenews2024","@id":"https:\/\/inclusivenews.com.br\/#\/schema\/person\/ae4ec7087559b8692fb33b6fffd2273b"},"headline":"Centro de Forma\u00e7\u00e3o Alana: inscri\u00e7\u00f5es abertas","datePublished":"2011-02-24T11:07:52+00:00","mainEntityOfPage":{"@id":"https:\/\/inclusivenews.com.br\/?p=18544"},"wordCount":183,"commentCount":1,"publisher":{"@id":"https:\/\/inclusivenews.com.br\/#organization"},"image":{"@id":"https:\/\/inclusivenews.com.br\/?p=18544#primaryimage"},"thumbnailUrl":"http:\/\/institutoalana09.emktsender.net\/messageimages\/10982416374813846\/129742603404482700\/cefa_imagem2.jpg","keywords":["Inf\u00e2ncia"],"articleSection":["Cursos e eventos","NOT\u00cdCIAS"],"inLanguage":"pt-PT","potentialAction":[{"@type":"CommentAction","name":"Comment","target":["https:\/\/inclusivenews.com.br\/?p=18544#respond"]}]},{"@type":"WebPage","@id":"https:\/\/inclusivenews.com.br\/?p=18544","url":"https:\/\/inclusivenews.com.br\/?p=18544","name":"Centro de Forma\u00e7\u00e3o Alana: inscri\u00e7\u00f5es abertas -","isPartOf":{"@id":"https:\/\/inclusivenews.com.br\/#website"},"primaryImageOfPage":{"@id":"https:\/\/inclusivenews.com.br\/?p=18544#primaryimage"},"image":{"@id":"https:\/\/inclusivenews.com.br\/?p=18544#primaryimage"},"thumbnailUrl":"http:\/\/institutoalana09.emktsender.net\/messageimages\/10982416374813846\/129742603404482700\/cefa_imagem2.jpg","datePublished":"2011-02-24T11:07:52+00:00","breadcrumb":{"@id":"https:\/\/inclusivenews.com.br\/?p=18544#breadcrumb"},"inLanguage":"pt-PT","potentialAction":[{"@type":"ReadAction","target":["https:\/\/inclusivenews.com.br\/?p=18544"]}]},{"@type":"ImageObject","inLanguage":"pt-PT","@id":"https:\/\/inclusivenews.com.br\/?p=18544#primaryimage","url":"http:\/\/institutoalana09.emktsender.net\/messageimages\/10982416374813846\/129742603404482700\/cefa_imagem2.jpg","contentUrl":"http:\/\/institutoalana09.emktsender.net\/messageimages\/10982416374813846\/129742603404482700\/cefa_imagem2.jpg"},{"@type":"BreadcrumbList","@id":"https:\/\/inclusivenews.com.br\/?p=18544#breadcrumb","itemListElement":[{"@type":"ListItem","position":1,"name":"In\u00edcio","item":"https:\/\/inclusivenews.com.br\/"},{"@type":"ListItem","position":2,"name":"Centro de Forma\u00e7\u00e3o Alana: inscri\u00e7\u00f5es abertas"}]},{"@type":"WebSite","@id":"https:\/\/inclusivenews.com.br\/#website","url":"https:\/\/inclusivenews.com.br\/","name":"Inclusive News","description":"Inclusive News","publisher":{"@id":"https:\/\/inclusivenews.com.br\/#organization"},"potentialAction":[{"@type":"SearchAction","target":{"@type":"EntryPoint","urlTemplate":"https:\/\/inclusivenews.com.br\/?s={search_term_string}"},"query-input":{"@type":"PropertyValueSpecification","valueRequired":true,"valueName":"search_term_string"}}],"inLanguage":"pt-PT"},{"@type":"Organization","@id":"https:\/\/inclusivenews.com.br\/#organization","name":"Inclusive - inclus\u00e3o e cidadania","url":"https:\/\/inclusivenews.com.br\/","logo":{"@type":"ImageObject","inLanguage":"pt-PT","@id":"https:\/\/inclusivenews.com.br\/#\/schema\/logo\/image\/","url":"https:\/\/inclusivenews.com.br\/wp-content\/uploads\/2024\/03\/@grandesite.png","contentUrl":"https:\/\/inclusivenews.com.br\/wp-content\/uploads\/2024\/03\/@grandesite.png","width":1080,"height":1080,"caption":"Inclusive - inclus\u00e3o e cidadania"},"image":{"@id":"https:\/\/inclusivenews.com.br\/#\/schema\/logo\/image\/"},"sameAs":["https:\/\/www.facebook.com\/agenciainclusive\/","https:\/\/www.instagram.com\/newsinclusive\/"]},{"@type":"Person","@id":"https:\/\/inclusivenews.com.br\/#\/schema\/person\/ae4ec7087559b8692fb33b6fffd2273b","name":"inclusivenews2024","image":{"@type":"ImageObject","inLanguage":"pt-PT","@id":"https:\/\/secure.gravatar.com\/avatar\/c5a7ef84c66fa914f55bc4f7ce26cfa275a3b9a1c5568b907bd184fb4dde7b40?s=96&d=mm&r=g","url":"https:\/\/secure.gravatar.com\/avatar\/c5a7ef84c66fa914f55bc4f7ce26cfa275a3b9a1c5568b907bd184fb4dde7b40?s=96&d=mm&r=g","contentUrl":"https:\/\/secure.gravatar.com\/avatar\/c5a7ef84c66fa914f55bc4f7ce26cfa275a3b9a1c5568b907bd184fb4dde7b40?s=96&d=mm&r=g","caption":"inclusivenews2024"},"sameAs":["https:\/\/inclusivenews.com.br"],"url":"https:\/\/inclusivenews.com.br\/?author=1"}]}},"_links":{"self":[{"href":"https:\/\/inclusivenews.com.br\/index.php?rest_route=\/wp\/v2\/posts\/18544","targetHints":{"allow":["GET"]}}],"collection":[{"href":"https:\/\/inclusivenews.com.br\/index.php?rest_route=\/wp\/v2\/posts"}],"about":[{"href":"https:\/\/inclusivenews.com.br\/index.php?rest_route=\/wp\/v2\/types\/post"}],"author":[{"embeddable":true,"href":"https:\/\/inclusivenews.com.br\/index.php?rest_route=\/wp\/v2\/users\/1"}],"replies":[{"embeddable":true,"href":"https:\/\/inclusivenews.com.br\/index.php?rest_route=%2Fwp%2Fv2%2Fcomments&post=18544"}],"version-history":[{"count":0,"href":"https:\/\/inclusivenews.com.br\/index.php?rest_route=\/wp\/v2\/posts\/18544\/revisions"}],"wp:attachment":[{"href":"https:\/\/inclusivenews.com.br\/index.php?rest_route=%2Fwp%2Fv2%2Fmedia&parent=18544"}],"wp:term":[{"taxonomy":"category","embeddable":true,"href":"https:\/\/inclusivenews.com.br\/index.php?rest_route=%2Fwp%2Fv2%2Fcategories&post=18544"},{"taxonomy":"post_tag","embeddable":true,"href":"https:\/\/inclusivenews.com.br\/index.php?rest_route=%2Fwp%2Fv2%2Ftags&post=18544"}],"curies":[{"name":"wp","href":"https:\/\/api.w.org\/{rel}","templated":true}]}}