{"id":18550,"date":"2011-02-24T08:06:10","date_gmt":"2011-02-24T11:06:10","guid":{"rendered":"http:\/\/www.inclusive.org.br\/?p=18550"},"modified":"2011-02-24T08:06:10","modified_gmt":"2011-02-24T11:06:10","slug":"banco-de-tecnologias-sociais-e-reformulado","status":"publish","type":"post","link":"https:\/\/inclusivenews.com.br\/?p=18550","title":{"rendered":"Banco de Tecnologias Sociais \u00e9 reformulado"},"content":{"rendered":"<figure style=\"width: 188px\" class=\"wp-caption alignleft\"><img loading=\"lazy\" decoding=\"async\" title=\"Dois globos terrestres circundados por ilustra\u00e7\u00e3o de pessoas de m\u00e3os dadas\" src=\"http:\/\/www.finep.gov.br\/imprensa\/imagens\/economias_solidaria2.jpg\" alt=\"Dois globos terrestres circundados por ilustra\u00e7\u00e3o de pessoas de m\u00e3os dadas\" width=\"188\" height=\"185\" \/><figcaption class=\"wp-caption-text\"> <\/figcaption><\/figure>\n<p>O Instituto P\u00f3lis e a Funda\u00e7\u00e3o Banco do Brasil est\u00e3o reformulando o Banco de Tecnologias Sociais (<a href=\"http:\/\/www.tecnologiasocial.org.br\">www.tecnologiasocial.org.br<\/a>).<\/p>\n<p>Al\u00e9m de atualizar as informa\u00e7\u00f5es sobre as tecnologias, o processo tamb\u00e9m revisita as experi\u00eancias e gera novos dados a fim de compreender melhor quais s\u00e3o os perfis das entidades que trabalham hoje com tecnologias sociais, as dificuldades que enfrentam para dissemina\u00e7\u00e3o das iniciativas e que tipo de pol\u00edticas p\u00fablicas fomentam as tecnologias.<\/p>\n<p>Atualmente o BTS conta com 571 tecnologias sociais cadastradas e cada uma delas foi contatada para sabermos se a experi\u00eancias ainda est\u00e3o em funcionamento e atualizar os dados b\u00e1sicos. A partir de agora, todas essas tecnologias sociais que ainda est\u00e3o em funcionamento ser\u00e3o revisitadas para atualiza\u00e7\u00e3o e levantamento dos dados.<\/p>\n<p>A Tecnologia Social compreende produtos, t\u00e9cnicas ou metodologias reaplic\u00e1veis, desenvolvidas na intera\u00e7\u00e3o com a comunidade e que representam efetivas solu\u00e7\u00f5es de transforma\u00e7\u00e3o social voltadas a demandas de alimenta\u00e7\u00e3o, educa\u00e7\u00e3o, energia, habita\u00e7\u00e3o, renda, recursos h\u00eddricos, sa\u00fade, meio ambiente, dentre outras.<\/p>\n<p>Segundo Adriano Borges Costa, t\u00e9cnico do Instituto P\u00f3lis e coordenador do projeto, \u201co conceito de tecnologia social remete para uma proposta inovadora, considerando a participa\u00e7\u00e3o coletiva no processo de organiza\u00e7\u00e3o, desenvolvimento e implementa\u00e7\u00e3o\u201d. As tecnologias sociais podem aliar saber popular, organiza\u00e7\u00e3o social e conhecimento t\u00e9cnico-cient\u00edfico. \u201cImporta essencialmente que sejam efetivas e reaplic\u00e1veis, propiciando desenvolvimento social em escala\u201d, afirma Costa.<\/p>\n<p>As tecnologias sociais s\u00e3o tecnologias simples, baratas, f\u00e1ceis de serem aplicadas e que geram forte impacto onde s\u00e3o implantadas. O conceito \u00e9 amplo e abrange uma grande variedade de iniciativas como um aquecedor solar de baixo custo, uma metodologia de ensino de matem\u00e1tica para deficientes visuais, um banco comunit\u00e1rio ou uma forma de empoderar uma comunidade para monitorar as pol\u00edticas para crian\u00e7a e adolescente.<\/p>\n<p>A atualiza\u00e7\u00e3o dos dados ser\u00e1 conclu\u00edda em mar\u00e7o. Na p\u00e1gina www.tecnologiasocial.org.br qualquer pessoa poder\u00e1 acessar informa\u00e7\u00f5es detalhadas sobre as tecnologias, entrar em contato com as entidades que as aplicam e saber como \u00e9 poss\u00edvel reaplic\u00e1-las.<\/p>\n<p>__________________<\/p>\n<p><strong>Fonte:<\/strong> <a href=\"http:\/\/www.polis.org.br\/noticias_interna.asp?codigo=1104\">Instituto P\u00f3lis<\/a><\/p>\n","protected":false},"excerpt":{"rendered":"<p>Al\u00e9m de atualizar as informa\u00e7\u00f5es sobre as tecnologias, o processo tamb\u00e9m revisita as experi\u00eancias e gera novos dados a fim de compreender melhor quais s\u00e3o os perfis das entidades que trabalham hoje com tecnologias sociais, as dificuldades que enfrentam para disseminar as iniciativas e que tipo de pol\u00edticas p\u00fablicas fomentam as tecnologias. Do Instituto P\u00f3lise.<\/p>\n","protected":false},"author":1,"featured_media":0,"comment_status":"open","ping_status":"open","sticky":false,"template":"","format":"standard","meta":{"site-container-style":"default","site-container-layout":"default","site-sidebar-layout":"default","disable-article-header":"default","disable-site-header":"default","disable-site-footer":"default","disable-content-area-spacing":"default","footnotes":""},"categories":[48,4],"tags":[],"class_list":["post-18550","post","type-post","status-publish","format-standard","hentry","category-inclusao","category-noticias"],"yoast_head":"<!-- This site is optimized with the Yoast SEO plugin v27.4 - https:\/\/yoast.com\/product\/yoast-seo-wordpress\/ -->\n<title>Banco de Tecnologias Sociais \u00e9 reformulado -<\/title>\n<meta name=\"robots\" content=\"index, follow, max-snippet:-1, max-image-preview:large, max-video-preview:-1\" \/>\n<link rel=\"canonical\" href=\"https:\/\/inclusivenews.com.br\/?p=18550\" \/>\n<meta property=\"og:locale\" content=\"pt_PT\" \/>\n<meta property=\"og:type\" content=\"article\" \/>\n<meta property=\"og:title\" content=\"Banco de Tecnologias Sociais \u00e9 reformulado -\" \/>\n<meta property=\"og:description\" content=\"Al\u00e9m de atualizar as informa\u00e7\u00f5es sobre as tecnologias, o processo tamb\u00e9m revisita as experi\u00eancias e gera novos dados a fim de compreender melhor quais s\u00e3o os perfis das entidades que trabalham hoje com tecnologias sociais, as dificuldades que enfrentam para disseminar as iniciativas e que tipo de pol\u00edticas p\u00fablicas fomentam as tecnologias. Do Instituto P\u00f3lise.\" \/>\n<meta property=\"og:url\" content=\"https:\/\/inclusivenews.com.br\/?p=18550\" \/>\n<meta property=\"article:publisher\" content=\"https:\/\/www.facebook.com\/agenciainclusive\/\" \/>\n<meta property=\"article:published_time\" content=\"2011-02-24T11:06:10+00:00\" \/>\n<meta property=\"og:image\" content=\"http:\/\/www.finep.gov.br\/imprensa\/imagens\/economias_solidaria2.jpg\" \/>\n<meta name=\"author\" content=\"inclusivenews2024\" \/>\n<meta name=\"twitter:card\" content=\"summary_large_image\" \/>\n<meta name=\"twitter:label1\" content=\"Escrito por\" \/>\n\t<meta name=\"twitter:data1\" content=\"inclusivenews2024\" \/>\n\t<meta name=\"twitter:label2\" content=\"Tempo estimado de leitura\" \/>\n\t<meta name=\"twitter:data2\" content=\"2 minutos\" \/>\n<script type=\"application\/ld+json\" class=\"yoast-schema-graph\">{\"@context\":\"https:\\\/\\\/schema.org\",\"@graph\":[{\"@type\":\"Article\",\"@id\":\"https:\\\/\\\/inclusivenews.com.br\\\/?p=18550#article\",\"isPartOf\":{\"@id\":\"https:\\\/\\\/inclusivenews.com.br\\\/?p=18550\"},\"author\":{\"name\":\"inclusivenews2024\",\"@id\":\"https:\\\/\\\/inclusivenews.com.br\\\/#\\\/schema\\\/person\\\/ae4ec7087559b8692fb33b6fffd2273b\"},\"headline\":\"Banco de Tecnologias Sociais \u00e9 reformulado\",\"datePublished\":\"2011-02-24T11:06:10+00:00\",\"mainEntityOfPage\":{\"@id\":\"https:\\\/\\\/inclusivenews.com.br\\\/?p=18550\"},\"wordCount\":385,\"commentCount\":1,\"publisher\":{\"@id\":\"https:\\\/\\\/inclusivenews.com.br\\\/#organization\"},\"image\":{\"@id\":\"https:\\\/\\\/inclusivenews.com.br\\\/?p=18550#primaryimage\"},\"thumbnailUrl\":\"http:\\\/\\\/www.finep.gov.br\\\/imprensa\\\/imagens\\\/economias_solidaria2.jpg\",\"articleSection\":[\"INCLUS\u00c3O SOCIAL\",\"NOT\u00cdCIAS\"],\"inLanguage\":\"pt-PT\",\"potentialAction\":[{\"@type\":\"CommentAction\",\"name\":\"Comment\",\"target\":[\"https:\\\/\\\/inclusivenews.com.br\\\/?p=18550#respond\"]}]},{\"@type\":\"WebPage\",\"@id\":\"https:\\\/\\\/inclusivenews.com.br\\\/?p=18550\",\"url\":\"https:\\\/\\\/inclusivenews.com.br\\\/?p=18550\",\"name\":\"Banco de Tecnologias Sociais \u00e9 reformulado -\",\"isPartOf\":{\"@id\":\"https:\\\/\\\/inclusivenews.com.br\\\/#website\"},\"primaryImageOfPage\":{\"@id\":\"https:\\\/\\\/inclusivenews.com.br\\\/?p=18550#primaryimage\"},\"image\":{\"@id\":\"https:\\\/\\\/inclusivenews.com.br\\\/?p=18550#primaryimage\"},\"thumbnailUrl\":\"http:\\\/\\\/www.finep.gov.br\\\/imprensa\\\/imagens\\\/economias_solidaria2.jpg\",\"datePublished\":\"2011-02-24T11:06:10+00:00\",\"breadcrumb\":{\"@id\":\"https:\\\/\\\/inclusivenews.com.br\\\/?p=18550#breadcrumb\"},\"inLanguage\":\"pt-PT\",\"potentialAction\":[{\"@type\":\"ReadAction\",\"target\":[\"https:\\\/\\\/inclusivenews.com.br\\\/?p=18550\"]}]},{\"@type\":\"ImageObject\",\"inLanguage\":\"pt-PT\",\"@id\":\"https:\\\/\\\/inclusivenews.com.br\\\/?p=18550#primaryimage\",\"url\":\"http:\\\/\\\/www.finep.gov.br\\\/imprensa\\\/imagens\\\/economias_solidaria2.jpg\",\"contentUrl\":\"http:\\\/\\\/www.finep.gov.br\\\/imprensa\\\/imagens\\\/economias_solidaria2.jpg\"},{\"@type\":\"BreadcrumbList\",\"@id\":\"https:\\\/\\\/inclusivenews.com.br\\\/?p=18550#breadcrumb\",\"itemListElement\":[{\"@type\":\"ListItem\",\"position\":1,\"name\":\"In\u00edcio\",\"item\":\"https:\\\/\\\/inclusivenews.com.br\\\/\"},{\"@type\":\"ListItem\",\"position\":2,\"name\":\"Banco de Tecnologias Sociais \u00e9 reformulado\"}]},{\"@type\":\"WebSite\",\"@id\":\"https:\\\/\\\/inclusivenews.com.br\\\/#website\",\"url\":\"https:\\\/\\\/inclusivenews.com.br\\\/\",\"name\":\"Inclusive News\",\"description\":\"Inclusive News\",\"publisher\":{\"@id\":\"https:\\\/\\\/inclusivenews.com.br\\\/#organization\"},\"potentialAction\":[{\"@type\":\"SearchAction\",\"target\":{\"@type\":\"EntryPoint\",\"urlTemplate\":\"https:\\\/\\\/inclusivenews.com.br\\\/?s={search_term_string}\"},\"query-input\":{\"@type\":\"PropertyValueSpecification\",\"valueRequired\":true,\"valueName\":\"search_term_string\"}}],\"inLanguage\":\"pt-PT\"},{\"@type\":\"Organization\",\"@id\":\"https:\\\/\\\/inclusivenews.com.br\\\/#organization\",\"name\":\"Inclusive - inclus\u00e3o e cidadania\",\"url\":\"https:\\\/\\\/inclusivenews.com.br\\\/\",\"logo\":{\"@type\":\"ImageObject\",\"inLanguage\":\"pt-PT\",\"@id\":\"https:\\\/\\\/inclusivenews.com.br\\\/#\\\/schema\\\/logo\\\/image\\\/\",\"url\":\"https:\\\/\\\/inclusivenews.com.br\\\/wp-content\\\/uploads\\\/2024\\\/03\\\/@grandesite.png\",\"contentUrl\":\"https:\\\/\\\/inclusivenews.com.br\\\/wp-content\\\/uploads\\\/2024\\\/03\\\/@grandesite.png\",\"width\":1080,\"height\":1080,\"caption\":\"Inclusive - inclus\u00e3o e cidadania\"},\"image\":{\"@id\":\"https:\\\/\\\/inclusivenews.com.br\\\/#\\\/schema\\\/logo\\\/image\\\/\"},\"sameAs\":[\"https:\\\/\\\/www.facebook.com\\\/agenciainclusive\\\/\",\"https:\\\/\\\/www.instagram.com\\\/newsinclusive\\\/\"]},{\"@type\":\"Person\",\"@id\":\"https:\\\/\\\/inclusivenews.com.br\\\/#\\\/schema\\\/person\\\/ae4ec7087559b8692fb33b6fffd2273b\",\"name\":\"inclusivenews2024\",\"image\":{\"@type\":\"ImageObject\",\"inLanguage\":\"pt-PT\",\"@id\":\"https:\\\/\\\/secure.gravatar.com\\\/avatar\\\/c5a7ef84c66fa914f55bc4f7ce26cfa275a3b9a1c5568b907bd184fb4dde7b40?s=96&d=mm&r=g\",\"url\":\"https:\\\/\\\/secure.gravatar.com\\\/avatar\\\/c5a7ef84c66fa914f55bc4f7ce26cfa275a3b9a1c5568b907bd184fb4dde7b40?s=96&d=mm&r=g\",\"contentUrl\":\"https:\\\/\\\/secure.gravatar.com\\\/avatar\\\/c5a7ef84c66fa914f55bc4f7ce26cfa275a3b9a1c5568b907bd184fb4dde7b40?s=96&d=mm&r=g\",\"caption\":\"inclusivenews2024\"},\"sameAs\":[\"https:\\\/\\\/inclusivenews.com.br\"],\"url\":\"https:\\\/\\\/inclusivenews.com.br\\\/?author=1\"}]}<\/script>\n<!-- \/ Yoast SEO plugin. -->","yoast_head_json":{"title":"Banco de Tecnologias Sociais \u00e9 reformulado -","robots":{"index":"index","follow":"follow","max-snippet":"max-snippet:-1","max-image-preview":"max-image-preview:large","max-video-preview":"max-video-preview:-1"},"canonical":"https:\/\/inclusivenews.com.br\/?p=18550","og_locale":"pt_PT","og_type":"article","og_title":"Banco de Tecnologias Sociais \u00e9 reformulado -","og_description":"Al\u00e9m de atualizar as informa\u00e7\u00f5es sobre as tecnologias, o processo tamb\u00e9m revisita as experi\u00eancias e gera novos dados a fim de compreender melhor quais s\u00e3o os perfis das entidades que trabalham hoje com tecnologias sociais, as dificuldades que enfrentam para disseminar as iniciativas e que tipo de pol\u00edticas p\u00fablicas fomentam as tecnologias. Do Instituto P\u00f3lise.","og_url":"https:\/\/inclusivenews.com.br\/?p=18550","article_publisher":"https:\/\/www.facebook.com\/agenciainclusive\/","article_published_time":"2011-02-24T11:06:10+00:00","og_image":[{"url":"http:\/\/www.finep.gov.br\/imprensa\/imagens\/economias_solidaria2.jpg","type":"","width":"","height":""}],"author":"inclusivenews2024","twitter_card":"summary_large_image","twitter_misc":{"Escrito por":"inclusivenews2024","Tempo estimado de leitura":"2 minutos"},"schema":{"@context":"https:\/\/schema.org","@graph":[{"@type":"Article","@id":"https:\/\/inclusivenews.com.br\/?p=18550#article","isPartOf":{"@id":"https:\/\/inclusivenews.com.br\/?p=18550"},"author":{"name":"inclusivenews2024","@id":"https:\/\/inclusivenews.com.br\/#\/schema\/person\/ae4ec7087559b8692fb33b6fffd2273b"},"headline":"Banco de Tecnologias Sociais \u00e9 reformulado","datePublished":"2011-02-24T11:06:10+00:00","mainEntityOfPage":{"@id":"https:\/\/inclusivenews.com.br\/?p=18550"},"wordCount":385,"commentCount":1,"publisher":{"@id":"https:\/\/inclusivenews.com.br\/#organization"},"image":{"@id":"https:\/\/inclusivenews.com.br\/?p=18550#primaryimage"},"thumbnailUrl":"http:\/\/www.finep.gov.br\/imprensa\/imagens\/economias_solidaria2.jpg","articleSection":["INCLUS\u00c3O SOCIAL","NOT\u00cdCIAS"],"inLanguage":"pt-PT","potentialAction":[{"@type":"CommentAction","name":"Comment","target":["https:\/\/inclusivenews.com.br\/?p=18550#respond"]}]},{"@type":"WebPage","@id":"https:\/\/inclusivenews.com.br\/?p=18550","url":"https:\/\/inclusivenews.com.br\/?p=18550","name":"Banco de Tecnologias Sociais \u00e9 reformulado -","isPartOf":{"@id":"https:\/\/inclusivenews.com.br\/#website"},"primaryImageOfPage":{"@id":"https:\/\/inclusivenews.com.br\/?p=18550#primaryimage"},"image":{"@id":"https:\/\/inclusivenews.com.br\/?p=18550#primaryimage"},"thumbnailUrl":"http:\/\/www.finep.gov.br\/imprensa\/imagens\/economias_solidaria2.jpg","datePublished":"2011-02-24T11:06:10+00:00","breadcrumb":{"@id":"https:\/\/inclusivenews.com.br\/?p=18550#breadcrumb"},"inLanguage":"pt-PT","potentialAction":[{"@type":"ReadAction","target":["https:\/\/inclusivenews.com.br\/?p=18550"]}]},{"@type":"ImageObject","inLanguage":"pt-PT","@id":"https:\/\/inclusivenews.com.br\/?p=18550#primaryimage","url":"http:\/\/www.finep.gov.br\/imprensa\/imagens\/economias_solidaria2.jpg","contentUrl":"http:\/\/www.finep.gov.br\/imprensa\/imagens\/economias_solidaria2.jpg"},{"@type":"BreadcrumbList","@id":"https:\/\/inclusivenews.com.br\/?p=18550#breadcrumb","itemListElement":[{"@type":"ListItem","position":1,"name":"In\u00edcio","item":"https:\/\/inclusivenews.com.br\/"},{"@type":"ListItem","position":2,"name":"Banco de Tecnologias Sociais \u00e9 reformulado"}]},{"@type":"WebSite","@id":"https:\/\/inclusivenews.com.br\/#website","url":"https:\/\/inclusivenews.com.br\/","name":"Inclusive News","description":"Inclusive News","publisher":{"@id":"https:\/\/inclusivenews.com.br\/#organization"},"potentialAction":[{"@type":"SearchAction","target":{"@type":"EntryPoint","urlTemplate":"https:\/\/inclusivenews.com.br\/?s={search_term_string}"},"query-input":{"@type":"PropertyValueSpecification","valueRequired":true,"valueName":"search_term_string"}}],"inLanguage":"pt-PT"},{"@type":"Organization","@id":"https:\/\/inclusivenews.com.br\/#organization","name":"Inclusive - inclus\u00e3o e cidadania","url":"https:\/\/inclusivenews.com.br\/","logo":{"@type":"ImageObject","inLanguage":"pt-PT","@id":"https:\/\/inclusivenews.com.br\/#\/schema\/logo\/image\/","url":"https:\/\/inclusivenews.com.br\/wp-content\/uploads\/2024\/03\/@grandesite.png","contentUrl":"https:\/\/inclusivenews.com.br\/wp-content\/uploads\/2024\/03\/@grandesite.png","width":1080,"height":1080,"caption":"Inclusive - inclus\u00e3o e cidadania"},"image":{"@id":"https:\/\/inclusivenews.com.br\/#\/schema\/logo\/image\/"},"sameAs":["https:\/\/www.facebook.com\/agenciainclusive\/","https:\/\/www.instagram.com\/newsinclusive\/"]},{"@type":"Person","@id":"https:\/\/inclusivenews.com.br\/#\/schema\/person\/ae4ec7087559b8692fb33b6fffd2273b","name":"inclusivenews2024","image":{"@type":"ImageObject","inLanguage":"pt-PT","@id":"https:\/\/secure.gravatar.com\/avatar\/c5a7ef84c66fa914f55bc4f7ce26cfa275a3b9a1c5568b907bd184fb4dde7b40?s=96&d=mm&r=g","url":"https:\/\/secure.gravatar.com\/avatar\/c5a7ef84c66fa914f55bc4f7ce26cfa275a3b9a1c5568b907bd184fb4dde7b40?s=96&d=mm&r=g","contentUrl":"https:\/\/secure.gravatar.com\/avatar\/c5a7ef84c66fa914f55bc4f7ce26cfa275a3b9a1c5568b907bd184fb4dde7b40?s=96&d=mm&r=g","caption":"inclusivenews2024"},"sameAs":["https:\/\/inclusivenews.com.br"],"url":"https:\/\/inclusivenews.com.br\/?author=1"}]}},"_links":{"self":[{"href":"https:\/\/inclusivenews.com.br\/index.php?rest_route=\/wp\/v2\/posts\/18550","targetHints":{"allow":["GET"]}}],"collection":[{"href":"https:\/\/inclusivenews.com.br\/index.php?rest_route=\/wp\/v2\/posts"}],"about":[{"href":"https:\/\/inclusivenews.com.br\/index.php?rest_route=\/wp\/v2\/types\/post"}],"author":[{"embeddable":true,"href":"https:\/\/inclusivenews.com.br\/index.php?rest_route=\/wp\/v2\/users\/1"}],"replies":[{"embeddable":true,"href":"https:\/\/inclusivenews.com.br\/index.php?rest_route=%2Fwp%2Fv2%2Fcomments&post=18550"}],"version-history":[{"count":0,"href":"https:\/\/inclusivenews.com.br\/index.php?rest_route=\/wp\/v2\/posts\/18550\/revisions"}],"wp:attachment":[{"href":"https:\/\/inclusivenews.com.br\/index.php?rest_route=%2Fwp%2Fv2%2Fmedia&parent=18550"}],"wp:term":[{"taxonomy":"category","embeddable":true,"href":"https:\/\/inclusivenews.com.br\/index.php?rest_route=%2Fwp%2Fv2%2Fcategories&post=18550"},{"taxonomy":"post_tag","embeddable":true,"href":"https:\/\/inclusivenews.com.br\/index.php?rest_route=%2Fwp%2Fv2%2Ftags&post=18550"}],"curies":[{"name":"wp","href":"https:\/\/api.w.org\/{rel}","templated":true}]}}