{"id":18553,"date":"2011-02-24T08:05:14","date_gmt":"2011-02-24T11:05:14","guid":{"rendered":"http:\/\/www.inclusive.org.br\/?p=18553"},"modified":"2011-02-24T08:05:14","modified_gmt":"2011-02-24T11:05:14","slug":"leia-o-relatorio-final-do-i-seminario-nacional-de-saude-sobre-direitos-sexuais-e-reprodutivos-de-pessoas-com-deficiencia","status":"publish","type":"post","link":"https:\/\/inclusivenews.com.br\/?p=18553","title":{"rendered":"Leia o Relat\u00f3rio final do I Semin\u00e1rio Nacional de Sa\u00fade sobre Direitos Sexuais e Reprodutivos de Pessoas com Defici\u00eancia"},"content":{"rendered":"<p>Clique na capa abaixo para fazer download do relat\u00f3rio em vers\u00e3o pdf.<\/p>\n<div class=\"mceTemp\">\n<dl id=\"attachment_18554\" class=\"wp-caption alignnone\" style=\"width: 195px;\">\n<dt class=\"wp-caption-dt\"><a href=\"http:\/\/www.unfpa.org.br\/Arquivos\/seminario_nacional_saude.pdf\"><img loading=\"lazy\" decoding=\"async\" class=\"size-full wp-image-18554 \" title=\"Capa do relat\u00f3rio, onde v\u00ea-se o t\u00edtutlo do Semin\u00e1rio e o s\u00edmbolo de um cadeirante circundado pelos s\u00edmbolos masculino e feminino\" src=\"http:\/\/inclusivenews.com.br\/wp-content\/uploads\/2011\/02\/capa_rel_ms.jpg\" alt=\"Capa do relat\u00f3rio, onde v\u00ea-se o t\u00edtutlo do Semin\u00e1rio e o s\u00edmbolo de um cadeirante circundado pelos s\u00edmbolos masculino e feminino\" width=\"185\" height=\"254\" \/><\/a><\/dt>\n<\/dl>\n<\/div>\n<p>O Minist\u00e9rio da Sa\u00fade promoveu no per\u00edodo de 23 a 25 de mar\u00e7o de 2009, em Bras\u00edlia\/DF, o I Semin\u00e1rio Nacional de Sa\u00fade sobre Direitos Sexuais e Reprodutivos e Pessoas com Defici\u00eancia.<\/p>\n<p>O evento buscava fortalecer a Pol\u00edtica dos Direitos Sexuais e Reprodutivos, que vem sendo implementada por meio de a\u00e7\u00f5es intersetoriais e interministeriais. Al\u00e9m disso, a Pol\u00edtica Nacional de Sa\u00fade da Pessoa com Defici\u00eancia estabelece em suas diretrizes que a\u00e7\u00f5es voltadas para a sa\u00fade sexual e reprodutiva s\u00e3o elementos de aten\u00e7\u00e3o integral \u00e0 sa\u00fade das pessoas com defici\u00eancia.<\/p>\n<p>Todo este esfor\u00e7o vem do compromisso que o Brasil assumiu com a ratifica\u00e7\u00e3o da Conven\u00e7\u00e3o da ONU, sobre os Direitos das Pessoas com Defici\u00eancia. Por ela, todos os Estados Parte s\u00e3o incentivados a tomar medidas para assegurar o acesso de pessoas com defici\u00eancia a servi\u00e7os de sa\u00fade, inclusive na \u00e1rea de sa\u00fade sexual e reprodutiva e de programas de sa\u00fade p\u00fablica destinados \u00e0 popula\u00e7\u00e3o em geral.<\/p>\n<p>Assim, considerando a transversalidade do tema com outras Pol\u00edticas como Sa\u00fade da Mulher, Sa\u00fade do Jovem e Adolescente, Sa\u00fade do Homem, Sa\u00fade da Crian\u00e7a, Sa\u00fade do Idoso, Programa Nacional de DST\/AIDS, a \u00c1rea T\u00e9cnica Sa\u00fade da Pessoa com Defici\u00eancia, do Departamento de A\u00e7\u00f5es Program\u00e1ticas Estrat\u00e9gicas, da Secretaria de Aten\u00e7\u00e3o \u00e0 Sa\u00fade, promove desde 2007 de maneira mais sistem\u00e1tica, discuss\u00f5es para o estabelecimento de estrat\u00e9gias que atendam a demanda da popula\u00e7\u00e3o com defici\u00eancia no que se refere \u00e0s quest\u00f5es de Direitos Sexuais e Reprodutivos.<\/p>\n<p>____________<\/p>\n<p><strong>Fonte:<\/strong> <a href=\"http:\/\/www.unfpa.org.br\">UNFPA<\/a><\/p>\n","protected":false},"excerpt":{"rendered":"<p>Fa\u00e7a download ou leia on-line o relat\u00f3rio final do I Semin\u00e1rio Nacional de Sa\u00fade sobre Direitos Sexuais e Reprodutivos de Pessoas com Defici\u00eancia. (Dispon\u00edvel para download.)<\/p>\n","protected":false},"author":1,"featured_media":0,"comment_status":"open","ping_status":"open","sticky":false,"template":"","format":"standard","meta":{"site-container-style":"default","site-container-layout":"default","site-sidebar-layout":"default","disable-article-header":"default","disable-site-header":"default","disable-site-footer":"default","disable-content-area-spacing":"default","footnotes":""},"categories":[38,52,48,4,10,117],"tags":[],"class_list":["post-18553","post","type-post","status-publish","format-standard","hentry","category-deficiencia","category-downloadables","category-inclusao","category-noticias","category-publicacoes","category-relatorios"],"yoast_head":"<!-- This site is optimized with the Yoast SEO plugin v27.4 - https:\/\/yoast.com\/product\/yoast-seo-wordpress\/ -->\n<title>Leia o Relat\u00f3rio final do I Semin\u00e1rio Nacional de Sa\u00fade sobre Direitos Sexuais e Reprodutivos de Pessoas com Defici\u00eancia -<\/title>\n<meta name=\"robots\" content=\"index, follow, max-snippet:-1, max-image-preview:large, max-video-preview:-1\" \/>\n<link rel=\"canonical\" href=\"https:\/\/inclusivenews.com.br\/?p=18553\" \/>\n<meta property=\"og:locale\" content=\"pt_PT\" \/>\n<meta property=\"og:type\" content=\"article\" \/>\n<meta property=\"og:title\" content=\"Leia o Relat\u00f3rio final do I Semin\u00e1rio Nacional de Sa\u00fade sobre Direitos Sexuais e Reprodutivos de Pessoas com Defici\u00eancia -\" \/>\n<meta property=\"og:description\" content=\"Fa\u00e7a download ou leia on-line o relat\u00f3rio final do I Semin\u00e1rio Nacional de Sa\u00fade sobre Direitos Sexuais e Reprodutivos de Pessoas com Defici\u00eancia. (Dispon\u00edvel para download.)\" \/>\n<meta property=\"og:url\" content=\"https:\/\/inclusivenews.com.br\/?p=18553\" \/>\n<meta property=\"article:publisher\" content=\"https:\/\/www.facebook.com\/agenciainclusive\/\" \/>\n<meta property=\"article:published_time\" content=\"2011-02-24T11:05:14+00:00\" \/>\n<meta property=\"og:image\" content=\"http:\/\/inclusivenews.com.br\/wp-content\/uploads\/2011\/02\/capa_rel_ms.jpg\" \/>\n<meta name=\"author\" content=\"inclusivenews2024\" \/>\n<meta name=\"twitter:card\" content=\"summary_large_image\" \/>\n<meta name=\"twitter:label1\" content=\"Escrito por\" \/>\n\t<meta name=\"twitter:data1\" content=\"inclusivenews2024\" \/>\n\t<meta name=\"twitter:label2\" content=\"Tempo estimado de leitura\" \/>\n\t<meta name=\"twitter:data2\" content=\"2 minutos\" \/>\n<script type=\"application\/ld+json\" class=\"yoast-schema-graph\">{\"@context\":\"https:\\\/\\\/schema.org\",\"@graph\":[{\"@type\":\"Article\",\"@id\":\"https:\\\/\\\/inclusivenews.com.br\\\/?p=18553#article\",\"isPartOf\":{\"@id\":\"https:\\\/\\\/inclusivenews.com.br\\\/?p=18553\"},\"author\":{\"name\":\"inclusivenews2024\",\"@id\":\"https:\\\/\\\/inclusivenews.com.br\\\/#\\\/schema\\\/person\\\/ae4ec7087559b8692fb33b6fffd2273b\"},\"headline\":\"Leia o Relat\u00f3rio final do I Semin\u00e1rio Nacional de Sa\u00fade sobre Direitos Sexuais e Reprodutivos de Pessoas com Defici\u00eancia\",\"datePublished\":\"2011-02-24T11:05:14+00:00\",\"mainEntityOfPage\":{\"@id\":\"https:\\\/\\\/inclusivenews.com.br\\\/?p=18553\"},\"wordCount\":325,\"commentCount\":1,\"publisher\":{\"@id\":\"https:\\\/\\\/inclusivenews.com.br\\\/#organization\"},\"image\":{\"@id\":\"https:\\\/\\\/inclusivenews.com.br\\\/?p=18553#primaryimage\"},\"thumbnailUrl\":\"http:\\\/\\\/inclusivenews.com.br\\\/wp-content\\\/uploads\\\/2011\\\/02\\\/capa_rel_ms.jpg\",\"articleSection\":[\"Defici\u00eancia\",\"Downloadables\",\"INCLUS\u00c3O SOCIAL\",\"NOT\u00cdCIAS\",\"PUBLICA\u00c7\u00d5ES\",\"Relat\u00f3rios\"],\"inLanguage\":\"pt-PT\",\"potentialAction\":[{\"@type\":\"CommentAction\",\"name\":\"Comment\",\"target\":[\"https:\\\/\\\/inclusivenews.com.br\\\/?p=18553#respond\"]}]},{\"@type\":\"WebPage\",\"@id\":\"https:\\\/\\\/inclusivenews.com.br\\\/?p=18553\",\"url\":\"https:\\\/\\\/inclusivenews.com.br\\\/?p=18553\",\"name\":\"Leia o Relat\u00f3rio final do I Semin\u00e1rio Nacional de Sa\u00fade sobre Direitos Sexuais e Reprodutivos de Pessoas com Defici\u00eancia -\",\"isPartOf\":{\"@id\":\"https:\\\/\\\/inclusivenews.com.br\\\/#website\"},\"primaryImageOfPage\":{\"@id\":\"https:\\\/\\\/inclusivenews.com.br\\\/?p=18553#primaryimage\"},\"image\":{\"@id\":\"https:\\\/\\\/inclusivenews.com.br\\\/?p=18553#primaryimage\"},\"thumbnailUrl\":\"http:\\\/\\\/inclusivenews.com.br\\\/wp-content\\\/uploads\\\/2011\\\/02\\\/capa_rel_ms.jpg\",\"datePublished\":\"2011-02-24T11:05:14+00:00\",\"breadcrumb\":{\"@id\":\"https:\\\/\\\/inclusivenews.com.br\\\/?p=18553#breadcrumb\"},\"inLanguage\":\"pt-PT\",\"potentialAction\":[{\"@type\":\"ReadAction\",\"target\":[\"https:\\\/\\\/inclusivenews.com.br\\\/?p=18553\"]}]},{\"@type\":\"ImageObject\",\"inLanguage\":\"pt-PT\",\"@id\":\"https:\\\/\\\/inclusivenews.com.br\\\/?p=18553#primaryimage\",\"url\":\"\",\"contentUrl\":\"\"},{\"@type\":\"BreadcrumbList\",\"@id\":\"https:\\\/\\\/inclusivenews.com.br\\\/?p=18553#breadcrumb\",\"itemListElement\":[{\"@type\":\"ListItem\",\"position\":1,\"name\":\"In\u00edcio\",\"item\":\"https:\\\/\\\/inclusivenews.com.br\\\/\"},{\"@type\":\"ListItem\",\"position\":2,\"name\":\"Leia o Relat\u00f3rio final do I Semin\u00e1rio Nacional de Sa\u00fade sobre Direitos Sexuais e Reprodutivos de Pessoas com Defici\u00eancia\"}]},{\"@type\":\"WebSite\",\"@id\":\"https:\\\/\\\/inclusivenews.com.br\\\/#website\",\"url\":\"https:\\\/\\\/inclusivenews.com.br\\\/\",\"name\":\"Inclusive News\",\"description\":\"Inclusive News\",\"publisher\":{\"@id\":\"https:\\\/\\\/inclusivenews.com.br\\\/#organization\"},\"potentialAction\":[{\"@type\":\"SearchAction\",\"target\":{\"@type\":\"EntryPoint\",\"urlTemplate\":\"https:\\\/\\\/inclusivenews.com.br\\\/?s={search_term_string}\"},\"query-input\":{\"@type\":\"PropertyValueSpecification\",\"valueRequired\":true,\"valueName\":\"search_term_string\"}}],\"inLanguage\":\"pt-PT\"},{\"@type\":\"Organization\",\"@id\":\"https:\\\/\\\/inclusivenews.com.br\\\/#organization\",\"name\":\"Inclusive - inclus\u00e3o e cidadania\",\"url\":\"https:\\\/\\\/inclusivenews.com.br\\\/\",\"logo\":{\"@type\":\"ImageObject\",\"inLanguage\":\"pt-PT\",\"@id\":\"https:\\\/\\\/inclusivenews.com.br\\\/#\\\/schema\\\/logo\\\/image\\\/\",\"url\":\"https:\\\/\\\/inclusivenews.com.br\\\/wp-content\\\/uploads\\\/2024\\\/03\\\/@grandesite.png\",\"contentUrl\":\"https:\\\/\\\/inclusivenews.com.br\\\/wp-content\\\/uploads\\\/2024\\\/03\\\/@grandesite.png\",\"width\":1080,\"height\":1080,\"caption\":\"Inclusive - inclus\u00e3o e cidadania\"},\"image\":{\"@id\":\"https:\\\/\\\/inclusivenews.com.br\\\/#\\\/schema\\\/logo\\\/image\\\/\"},\"sameAs\":[\"https:\\\/\\\/www.facebook.com\\\/agenciainclusive\\\/\",\"https:\\\/\\\/www.instagram.com\\\/newsinclusive\\\/\"]},{\"@type\":\"Person\",\"@id\":\"https:\\\/\\\/inclusivenews.com.br\\\/#\\\/schema\\\/person\\\/ae4ec7087559b8692fb33b6fffd2273b\",\"name\":\"inclusivenews2024\",\"image\":{\"@type\":\"ImageObject\",\"inLanguage\":\"pt-PT\",\"@id\":\"https:\\\/\\\/secure.gravatar.com\\\/avatar\\\/c5a7ef84c66fa914f55bc4f7ce26cfa275a3b9a1c5568b907bd184fb4dde7b40?s=96&d=mm&r=g\",\"url\":\"https:\\\/\\\/secure.gravatar.com\\\/avatar\\\/c5a7ef84c66fa914f55bc4f7ce26cfa275a3b9a1c5568b907bd184fb4dde7b40?s=96&d=mm&r=g\",\"contentUrl\":\"https:\\\/\\\/secure.gravatar.com\\\/avatar\\\/c5a7ef84c66fa914f55bc4f7ce26cfa275a3b9a1c5568b907bd184fb4dde7b40?s=96&d=mm&r=g\",\"caption\":\"inclusivenews2024\"},\"sameAs\":[\"https:\\\/\\\/inclusivenews.com.br\"],\"url\":\"https:\\\/\\\/inclusivenews.com.br\\\/?author=1\"}]}<\/script>\n<!-- \/ Yoast SEO plugin. -->","yoast_head_json":{"title":"Leia o Relat\u00f3rio final do I Semin\u00e1rio Nacional de Sa\u00fade sobre Direitos Sexuais e Reprodutivos de Pessoas com Defici\u00eancia -","robots":{"index":"index","follow":"follow","max-snippet":"max-snippet:-1","max-image-preview":"max-image-preview:large","max-video-preview":"max-video-preview:-1"},"canonical":"https:\/\/inclusivenews.com.br\/?p=18553","og_locale":"pt_PT","og_type":"article","og_title":"Leia o Relat\u00f3rio final do I Semin\u00e1rio Nacional de Sa\u00fade sobre Direitos Sexuais e Reprodutivos de Pessoas com Defici\u00eancia -","og_description":"Fa\u00e7a download ou leia on-line o relat\u00f3rio final do I Semin\u00e1rio Nacional de Sa\u00fade sobre Direitos Sexuais e Reprodutivos de Pessoas com Defici\u00eancia. (Dispon\u00edvel para download.)","og_url":"https:\/\/inclusivenews.com.br\/?p=18553","article_publisher":"https:\/\/www.facebook.com\/agenciainclusive\/","article_published_time":"2011-02-24T11:05:14+00:00","og_image":[{"url":"http:\/\/inclusivenews.com.br\/wp-content\/uploads\/2011\/02\/capa_rel_ms.jpg","type":"","width":"","height":""}],"author":"inclusivenews2024","twitter_card":"summary_large_image","twitter_misc":{"Escrito por":"inclusivenews2024","Tempo estimado de leitura":"2 minutos"},"schema":{"@context":"https:\/\/schema.org","@graph":[{"@type":"Article","@id":"https:\/\/inclusivenews.com.br\/?p=18553#article","isPartOf":{"@id":"https:\/\/inclusivenews.com.br\/?p=18553"},"author":{"name":"inclusivenews2024","@id":"https:\/\/inclusivenews.com.br\/#\/schema\/person\/ae4ec7087559b8692fb33b6fffd2273b"},"headline":"Leia o Relat\u00f3rio final do I Semin\u00e1rio Nacional de Sa\u00fade sobre Direitos Sexuais e Reprodutivos de Pessoas com Defici\u00eancia","datePublished":"2011-02-24T11:05:14+00:00","mainEntityOfPage":{"@id":"https:\/\/inclusivenews.com.br\/?p=18553"},"wordCount":325,"commentCount":1,"publisher":{"@id":"https:\/\/inclusivenews.com.br\/#organization"},"image":{"@id":"https:\/\/inclusivenews.com.br\/?p=18553#primaryimage"},"thumbnailUrl":"http:\/\/inclusivenews.com.br\/wp-content\/uploads\/2011\/02\/capa_rel_ms.jpg","articleSection":["Defici\u00eancia","Downloadables","INCLUS\u00c3O SOCIAL","NOT\u00cdCIAS","PUBLICA\u00c7\u00d5ES","Relat\u00f3rios"],"inLanguage":"pt-PT","potentialAction":[{"@type":"CommentAction","name":"Comment","target":["https:\/\/inclusivenews.com.br\/?p=18553#respond"]}]},{"@type":"WebPage","@id":"https:\/\/inclusivenews.com.br\/?p=18553","url":"https:\/\/inclusivenews.com.br\/?p=18553","name":"Leia o Relat\u00f3rio final do I Semin\u00e1rio Nacional de Sa\u00fade sobre Direitos Sexuais e Reprodutivos de Pessoas com Defici\u00eancia -","isPartOf":{"@id":"https:\/\/inclusivenews.com.br\/#website"},"primaryImageOfPage":{"@id":"https:\/\/inclusivenews.com.br\/?p=18553#primaryimage"},"image":{"@id":"https:\/\/inclusivenews.com.br\/?p=18553#primaryimage"},"thumbnailUrl":"http:\/\/inclusivenews.com.br\/wp-content\/uploads\/2011\/02\/capa_rel_ms.jpg","datePublished":"2011-02-24T11:05:14+00:00","breadcrumb":{"@id":"https:\/\/inclusivenews.com.br\/?p=18553#breadcrumb"},"inLanguage":"pt-PT","potentialAction":[{"@type":"ReadAction","target":["https:\/\/inclusivenews.com.br\/?p=18553"]}]},{"@type":"ImageObject","inLanguage":"pt-PT","@id":"https:\/\/inclusivenews.com.br\/?p=18553#primaryimage","url":"","contentUrl":""},{"@type":"BreadcrumbList","@id":"https:\/\/inclusivenews.com.br\/?p=18553#breadcrumb","itemListElement":[{"@type":"ListItem","position":1,"name":"In\u00edcio","item":"https:\/\/inclusivenews.com.br\/"},{"@type":"ListItem","position":2,"name":"Leia o Relat\u00f3rio final do I Semin\u00e1rio Nacional de Sa\u00fade sobre Direitos Sexuais e Reprodutivos de Pessoas com Defici\u00eancia"}]},{"@type":"WebSite","@id":"https:\/\/inclusivenews.com.br\/#website","url":"https:\/\/inclusivenews.com.br\/","name":"Inclusive News","description":"Inclusive News","publisher":{"@id":"https:\/\/inclusivenews.com.br\/#organization"},"potentialAction":[{"@type":"SearchAction","target":{"@type":"EntryPoint","urlTemplate":"https:\/\/inclusivenews.com.br\/?s={search_term_string}"},"query-input":{"@type":"PropertyValueSpecification","valueRequired":true,"valueName":"search_term_string"}}],"inLanguage":"pt-PT"},{"@type":"Organization","@id":"https:\/\/inclusivenews.com.br\/#organization","name":"Inclusive - inclus\u00e3o e cidadania","url":"https:\/\/inclusivenews.com.br\/","logo":{"@type":"ImageObject","inLanguage":"pt-PT","@id":"https:\/\/inclusivenews.com.br\/#\/schema\/logo\/image\/","url":"https:\/\/inclusivenews.com.br\/wp-content\/uploads\/2024\/03\/@grandesite.png","contentUrl":"https:\/\/inclusivenews.com.br\/wp-content\/uploads\/2024\/03\/@grandesite.png","width":1080,"height":1080,"caption":"Inclusive - inclus\u00e3o e cidadania"},"image":{"@id":"https:\/\/inclusivenews.com.br\/#\/schema\/logo\/image\/"},"sameAs":["https:\/\/www.facebook.com\/agenciainclusive\/","https:\/\/www.instagram.com\/newsinclusive\/"]},{"@type":"Person","@id":"https:\/\/inclusivenews.com.br\/#\/schema\/person\/ae4ec7087559b8692fb33b6fffd2273b","name":"inclusivenews2024","image":{"@type":"ImageObject","inLanguage":"pt-PT","@id":"https:\/\/secure.gravatar.com\/avatar\/c5a7ef84c66fa914f55bc4f7ce26cfa275a3b9a1c5568b907bd184fb4dde7b40?s=96&d=mm&r=g","url":"https:\/\/secure.gravatar.com\/avatar\/c5a7ef84c66fa914f55bc4f7ce26cfa275a3b9a1c5568b907bd184fb4dde7b40?s=96&d=mm&r=g","contentUrl":"https:\/\/secure.gravatar.com\/avatar\/c5a7ef84c66fa914f55bc4f7ce26cfa275a3b9a1c5568b907bd184fb4dde7b40?s=96&d=mm&r=g","caption":"inclusivenews2024"},"sameAs":["https:\/\/inclusivenews.com.br"],"url":"https:\/\/inclusivenews.com.br\/?author=1"}]}},"_links":{"self":[{"href":"https:\/\/inclusivenews.com.br\/index.php?rest_route=\/wp\/v2\/posts\/18553","targetHints":{"allow":["GET"]}}],"collection":[{"href":"https:\/\/inclusivenews.com.br\/index.php?rest_route=\/wp\/v2\/posts"}],"about":[{"href":"https:\/\/inclusivenews.com.br\/index.php?rest_route=\/wp\/v2\/types\/post"}],"author":[{"embeddable":true,"href":"https:\/\/inclusivenews.com.br\/index.php?rest_route=\/wp\/v2\/users\/1"}],"replies":[{"embeddable":true,"href":"https:\/\/inclusivenews.com.br\/index.php?rest_route=%2Fwp%2Fv2%2Fcomments&post=18553"}],"version-history":[{"count":0,"href":"https:\/\/inclusivenews.com.br\/index.php?rest_route=\/wp\/v2\/posts\/18553\/revisions"}],"wp:attachment":[{"href":"https:\/\/inclusivenews.com.br\/index.php?rest_route=%2Fwp%2Fv2%2Fmedia&parent=18553"}],"wp:term":[{"taxonomy":"category","embeddable":true,"href":"https:\/\/inclusivenews.com.br\/index.php?rest_route=%2Fwp%2Fv2%2Fcategories&post=18553"},{"taxonomy":"post_tag","embeddable":true,"href":"https:\/\/inclusivenews.com.br\/index.php?rest_route=%2Fwp%2Fv2%2Ftags&post=18553"}],"curies":[{"name":"wp","href":"https:\/\/api.w.org\/{rel}","templated":true}]}}