{"id":18557,"date":"2011-02-24T08:10:07","date_gmt":"2011-02-24T11:10:07","guid":{"rendered":"http:\/\/www.inclusive.org.br\/?p=18557"},"modified":"2011-02-24T08:10:07","modified_gmt":"2011-02-24T11:10:07","slug":"a-linguagem-e-o-politicamente-correto","status":"publish","type":"post","link":"https:\/\/inclusivenews.com.br\/?p=18557","title":{"rendered":"A linguagem e o politicamente correto"},"content":{"rendered":"<p><strong><\/p>\n<figure style=\"width: 256px\" class=\"wp-caption alignleft\"><img loading=\"lazy\" decoding=\"async\" class=\"  \" title=\"Dezenas de palavras sobrepostas, com v\u00e1rias dire\u00e7\u00f5es.\" src=\"http:\/\/caixadetextos.zip.net\/images\/palavras.jpg\" alt=\"Dezenas de palavras sobrepostas, com v\u00e1rias dire\u00e7\u00f5es.\" width=\"256\" height=\"253\" \/><figcaption class=\"wp-caption-text\"> <\/figcaption><\/figure>\n<p>Por Reinaldo C\u00e9sar Zanardi, no Observat\u00f3rio da Imprensa.<\/p>\n<p><\/strong><\/p>\n<p>Deficiente f\u00edsico, gay, homossexual assumido, portador de defici\u00eancia, filho adotivo, viciados em drogas, usu\u00e1rios de drogas, pobres, gordos, carentes, miser\u00e1veis. S\u00e3o muitas as palavras e express\u00f5es usadas diariamente por pessoas de diferentes classes sociais e tamb\u00e9m pela imprensa, em qualquer modalidade \u2013 seja na TV, no r\u00e1dio, no impresso ou na internet. H\u00e1 algum tempo, o politicamente correto vem ditando algumas normas para se referir \u00e0s minorias e, tamb\u00e9m, \u00e0 maioria exclu\u00edda dos ditos padr\u00f5es.<\/p>\n<p>Os contr\u00e1rios ao uso dos termos politicamente corretos podem argumentar que a padroniza\u00e7\u00e3o de palavras em determinadas situa\u00e7\u00f5es pode ferir o princ\u00edpio da liberdade de express\u00e3o. No entanto, \u00e9 preciso lembrar que uma cultura de respeito \u00e0s minorias e aos exclu\u00eddos tamb\u00e9m passa pela linguagem e esta tem o poder de rotular. E os r\u00f3tulos podem causar preju\u00edzo e sofrimento aos rotulados. Algu\u00e9m ignora isso?<\/p>\n<p>Uma pessoa que, em casa, de forma privada, usa express\u00f5es consideradas pejorativas, est\u00e1 inserida numa dimens\u00e3o pequena e sem grande import\u00e2ncia. Imagine a mesma express\u00e3o pejorativa usada na manchete de um jornal de circula\u00e7\u00e3o nacional, num telejornal em dito hor\u00e1rio nobre ou na boca de um comentarista de r\u00e1dio ouvido por milh\u00f5es.<\/p>\n<p>Neste sentido, a linguagem usada por comunicadores \u2013 do informativo ao entretenimento \u2013 tem uma responsabilidade maior. Neste caso, os profissionais n\u00e3o podem se dar ao luxo de usar o senso comum. Sua responsabilidade \u00e9 p\u00fablica e a repercuss\u00e3o do que diz \u00e9 maior porque, inclusive, s\u00e3o formadores de opini\u00e3o, podendo inclusive deform\u00e1-la. Infelizmente, isso \u00e9 muito comum.<\/p>\n<p>Cen\u00e1rio perverso<\/p>\n<p>Muitas vezes, a m\u00eddia usa algumas especifica\u00e7\u00f5es informativas, consciente ou inconscientemente, que no fundo podem revelar falta de cuidado com o texto e at\u00e9 mesmo preconceito. Por exemplo, muitos ve\u00edculos de comunica\u00e7\u00e3o gostam de citar em manchetes e textos o beijo gay entre dois homens ou duas mulheres. Quando s\u00e3o celebridades, o tal beijo ganha ares de esc\u00e2ndalo sexual e faz render &#8220;not\u00edcias&#8221; por muitos dias. Aqui, valem duas observa\u00e7\u00f5es. Primeiro: quando dois homens ou duas mulheres se beijam, est\u00e1 expl\u00edcito que se trata de uma situa\u00e7\u00e3o homossexual. Segundo, nunca lemos que, por exemplo, Brad Pitt e Angelina Jolie trocaram beijos h\u00e9teros.<\/p>\n<p>Portanto, ressaltar o beijo gay \u00e9 uma especifica\u00e7\u00e3o informativa que serve a nada, a n\u00e3o ser ao preconceito que os r\u00f3tulos geram e viram muni\u00e7\u00e3o para os preconceituosos de plant\u00e3o. As palavras t\u00eam poder. E, em muitos casos, poder de diferenciar, de discriminar, de criar estere\u00f3tipos, enfim de excluir. Isso tamb\u00e9m se aplica ao termo homossexual assumido. Afinal, algu\u00e9m escreve heterossexual assumido?<\/p>\n<p>A m\u00eddia, de modo geral, \u00e9 campe\u00e3 em fazer isso. O racioc\u00ednio acima pode ser aplicado tamb\u00e9m \u00e0 ado\u00e7\u00e3o. A express\u00e3o &#8220;filho adotivo&#8221; \u00e9 um r\u00f3tulo e gera uma diferencia\u00e7\u00e3o com os filhos n\u00e3o adotivos. Ou algu\u00e9m j\u00e1 leu, por exemplo, que a Sacha \u00e9 filha biol\u00f3gica da Xuxa? Na pr\u00e1tica, existe alguma diferen\u00e7a entre um filho adotivo e um filho biol\u00f3gico? Somente se os pais quiserem refor\u00e7ar esse aspecto. As diferen\u00e7as, quando existem, podem ter como origem as frustra\u00e7\u00f5es ou a incapacidade dos envolvidos de educar seus filhos, independentemente da forma de concep\u00e7\u00e3o. Muitos podem alegar que o adolescente A \u00e9 revoltado e se envolveu com drogas porque \u00e9 adotado. No entanto, esses mesmos n\u00e3o alegam que o adolescente B \u00e9 revoltado e se envolveu com drogas porque \u00e9 biol\u00f3gico. Ou seja, o preconceito tamb\u00e9m gera mito que influencia a realidade.<\/p>\n<p>O termo &#8220;adotivo&#8221;, na m\u00eddia \u2013 fora do contexto da ado\u00e7\u00e3o \u2013, \u00e9 rotularmente preconceituoso. Pior \u00e9 quando o &#8220;filho adotivo mata os pais&#8221;. A\u00ed, a ado\u00e7\u00e3o vira caso de pol\u00edcia. Agora quando o &#8220;filho mata o pr\u00f3prio pai&#8221;, o termo biol\u00f3gico n\u00e3o aparece e a palavra &#8220;pr\u00f3prio&#8221; ganha ares de legitimidade como se o pai n\u00e3o-biol\u00f3gico n\u00e3o exercesse legitimamente sua paternidade. Esse \u00e9 um cen\u00e1rio sutilmente perverso, mas rotineiro nos ve\u00edculos de comunica\u00e7\u00e3o.<\/p>\n<p>Responsabilidade na comunica\u00e7\u00e3o<\/p>\n<p>As inten\u00e7\u00f5es escondidas das palavras \u2013 ou seja, o significado social, descolado do significado literal \u2013 ainda podem ser verificadas com o termo negro\/negra. Muitos a usam de forma pejorativa, n\u00e3o se d\u00e3o conta e, portanto, n\u00e3o se importam. Afinal \u00e9 uma quest\u00e3o cultural mesmo. O pol\u00edtico de situa\u00e7\u00e3o alega que a oposi\u00e7\u00e3o quer denegri-lo. Uma das defini\u00e7\u00f5es de Michaelis para denegrir \u00e9 &#8220;1.Tornar(-se) negro ou escuro.&#8221; N\u00e3o seria melhor o pol\u00edtico dizer e escrever que a oposi\u00e7\u00e3o quer prejudic\u00e1-lo?<\/p>\n<p>A ofensa a toda uma ra\u00e7a (tudo bem, muitos podem alegar que cientificamente n\u00e3o h\u00e1 ra\u00e7as, mas socialmente a divis\u00e3o existe e persiste) ainda est\u00e1 presente em termos da nossa l\u00edngua e \u00e9 usada cotidianamente sem preocupa\u00e7\u00e3o, como magia-negra \u2013 magia-branca \u00e9 coisa do bem?; lista-negra \u2013 lista-branca \u00e9 listagem de casamento?; passado-negro \u2013 \u00e9 uma hist\u00f3ria cheia de problemas e conflitos? E passado-branco, o que seria?<\/p>\n<p>A l\u00edngua \u00e9 viva, din\u00e2mica e as palavras assumem significados diferentes conforme sua \u00e9poca. Tudo bem, ningu\u00e9m fala nem escreve hoje como se falava e escrevia no Brasil em 1900, por exemplo. Se essas quest\u00f5es tamb\u00e9m passam despercebidas entre estudiosos, imagine ent\u00e3o em segmentos populares. Nem d\u00e1 para cobrar do cidad\u00e3o que reflita sobre o uso da palavra e seus significados sociais. O mesmo n\u00e3o se pode dizer dos profissionais da comunica\u00e7\u00e3o, que t\u00eam muita responsabilidade (e influ\u00eancia) sobre o que produzem.<br \/>\n__________________________<\/p>\n<p><strong>Fonte:<\/strong> <a href=\"http:\/\/www.observatoriodaimprensa.com.br\/artigos.asp?cod=630FDS005\">Observat\u00f3rio da Imprensa<\/a><\/p>\n","protected":false},"excerpt":{"rendered":"<p>Por Reinaldo C\u00e9sar Zanardi. &#8220;\u00c9 preciso lembrar que uma cultura de respeito \u00e0s minorias e aos exclu\u00eddos tamb\u00e9m passa pela linguagem e esta tem o poder de rotular. E os r\u00f3tulos podem causar preju\u00edzo e sofrimento aos rotulados. Algu\u00e9m ignora isso?&#8221;<\/p>\n","protected":false},"author":1,"featured_media":0,"comment_status":"open","ping_status":"open","sticky":false,"template":"","format":"standard","meta":{"site-container-style":"default","site-container-layout":"default","site-sidebar-layout":"default","disable-article-header":"default","disable-site-header":"default","disable-site-footer":"default","disable-content-area-spacing":"default","footnotes":""},"categories":[4,8],"tags":[],"class_list":["post-18557","post","type-post","status-publish","format-standard","hentry","category-noticias","category-textos-e-artigos"],"yoast_head":"<!-- This site is optimized with the Yoast SEO plugin v27.4 - https:\/\/yoast.com\/product\/yoast-seo-wordpress\/ -->\n<title>A linguagem e o politicamente correto -<\/title>\n<meta name=\"robots\" content=\"index, follow, max-snippet:-1, max-image-preview:large, max-video-preview:-1\" \/>\n<link rel=\"canonical\" href=\"https:\/\/inclusivenews.com.br\/?p=18557\" \/>\n<meta property=\"og:locale\" content=\"pt_PT\" \/>\n<meta property=\"og:type\" content=\"article\" \/>\n<meta property=\"og:title\" content=\"A linguagem e o politicamente correto -\" \/>\n<meta property=\"og:description\" content=\"Por Reinaldo C\u00e9sar Zanardi. &quot;\u00c9 preciso lembrar que uma cultura de respeito \u00e0s minorias e aos exclu\u00eddos tamb\u00e9m passa pela linguagem e esta tem o poder de rotular. E os r\u00f3tulos podem causar preju\u00edzo e sofrimento aos rotulados. Algu\u00e9m ignora isso?&quot;\" \/>\n<meta property=\"og:url\" content=\"https:\/\/inclusivenews.com.br\/?p=18557\" \/>\n<meta property=\"article:publisher\" content=\"https:\/\/www.facebook.com\/agenciainclusive\/\" \/>\n<meta property=\"article:published_time\" content=\"2011-02-24T11:10:07+00:00\" \/>\n<meta property=\"og:image\" content=\"http:\/\/caixadetextos.zip.net\/images\/palavras.jpg\" \/>\n<meta name=\"author\" content=\"inclusivenews2024\" \/>\n<meta name=\"twitter:card\" content=\"summary_large_image\" \/>\n<meta name=\"twitter:label1\" content=\"Escrito por\" \/>\n\t<meta name=\"twitter:data1\" content=\"inclusivenews2024\" \/>\n\t<meta name=\"twitter:label2\" content=\"Tempo estimado de leitura\" \/>\n\t<meta name=\"twitter:data2\" content=\"5 minutos\" \/>\n<script type=\"application\/ld+json\" class=\"yoast-schema-graph\">{\"@context\":\"https:\\\/\\\/schema.org\",\"@graph\":[{\"@type\":\"Article\",\"@id\":\"https:\\\/\\\/inclusivenews.com.br\\\/?p=18557#article\",\"isPartOf\":{\"@id\":\"https:\\\/\\\/inclusivenews.com.br\\\/?p=18557\"},\"author\":{\"name\":\"inclusivenews2024\",\"@id\":\"https:\\\/\\\/inclusivenews.com.br\\\/#\\\/schema\\\/person\\\/ae4ec7087559b8692fb33b6fffd2273b\"},\"headline\":\"A linguagem e o politicamente correto\",\"datePublished\":\"2011-02-24T11:10:07+00:00\",\"mainEntityOfPage\":{\"@id\":\"https:\\\/\\\/inclusivenews.com.br\\\/?p=18557\"},\"wordCount\":981,\"commentCount\":1,\"publisher\":{\"@id\":\"https:\\\/\\\/inclusivenews.com.br\\\/#organization\"},\"image\":{\"@id\":\"https:\\\/\\\/inclusivenews.com.br\\\/?p=18557#primaryimage\"},\"thumbnailUrl\":\"http:\\\/\\\/caixadetextos.zip.net\\\/images\\\/palavras.jpg\",\"articleSection\":[\"NOT\u00cdCIAS\",\"OPINI\u00c3O\"],\"inLanguage\":\"pt-PT\",\"potentialAction\":[{\"@type\":\"CommentAction\",\"name\":\"Comment\",\"target\":[\"https:\\\/\\\/inclusivenews.com.br\\\/?p=18557#respond\"]}]},{\"@type\":\"WebPage\",\"@id\":\"https:\\\/\\\/inclusivenews.com.br\\\/?p=18557\",\"url\":\"https:\\\/\\\/inclusivenews.com.br\\\/?p=18557\",\"name\":\"A linguagem e o politicamente correto -\",\"isPartOf\":{\"@id\":\"https:\\\/\\\/inclusivenews.com.br\\\/#website\"},\"primaryImageOfPage\":{\"@id\":\"https:\\\/\\\/inclusivenews.com.br\\\/?p=18557#primaryimage\"},\"image\":{\"@id\":\"https:\\\/\\\/inclusivenews.com.br\\\/?p=18557#primaryimage\"},\"thumbnailUrl\":\"http:\\\/\\\/caixadetextos.zip.net\\\/images\\\/palavras.jpg\",\"datePublished\":\"2011-02-24T11:10:07+00:00\",\"breadcrumb\":{\"@id\":\"https:\\\/\\\/inclusivenews.com.br\\\/?p=18557#breadcrumb\"},\"inLanguage\":\"pt-PT\",\"potentialAction\":[{\"@type\":\"ReadAction\",\"target\":[\"https:\\\/\\\/inclusivenews.com.br\\\/?p=18557\"]}]},{\"@type\":\"ImageObject\",\"inLanguage\":\"pt-PT\",\"@id\":\"https:\\\/\\\/inclusivenews.com.br\\\/?p=18557#primaryimage\",\"url\":\"http:\\\/\\\/caixadetextos.zip.net\\\/images\\\/palavras.jpg\",\"contentUrl\":\"http:\\\/\\\/caixadetextos.zip.net\\\/images\\\/palavras.jpg\"},{\"@type\":\"BreadcrumbList\",\"@id\":\"https:\\\/\\\/inclusivenews.com.br\\\/?p=18557#breadcrumb\",\"itemListElement\":[{\"@type\":\"ListItem\",\"position\":1,\"name\":\"In\u00edcio\",\"item\":\"https:\\\/\\\/inclusivenews.com.br\\\/\"},{\"@type\":\"ListItem\",\"position\":2,\"name\":\"A linguagem e o politicamente correto\"}]},{\"@type\":\"WebSite\",\"@id\":\"https:\\\/\\\/inclusivenews.com.br\\\/#website\",\"url\":\"https:\\\/\\\/inclusivenews.com.br\\\/\",\"name\":\"Inclusive News\",\"description\":\"Inclusive News\",\"publisher\":{\"@id\":\"https:\\\/\\\/inclusivenews.com.br\\\/#organization\"},\"potentialAction\":[{\"@type\":\"SearchAction\",\"target\":{\"@type\":\"EntryPoint\",\"urlTemplate\":\"https:\\\/\\\/inclusivenews.com.br\\\/?s={search_term_string}\"},\"query-input\":{\"@type\":\"PropertyValueSpecification\",\"valueRequired\":true,\"valueName\":\"search_term_string\"}}],\"inLanguage\":\"pt-PT\"},{\"@type\":\"Organization\",\"@id\":\"https:\\\/\\\/inclusivenews.com.br\\\/#organization\",\"name\":\"Inclusive - inclus\u00e3o e cidadania\",\"url\":\"https:\\\/\\\/inclusivenews.com.br\\\/\",\"logo\":{\"@type\":\"ImageObject\",\"inLanguage\":\"pt-PT\",\"@id\":\"https:\\\/\\\/inclusivenews.com.br\\\/#\\\/schema\\\/logo\\\/image\\\/\",\"url\":\"https:\\\/\\\/inclusivenews.com.br\\\/wp-content\\\/uploads\\\/2024\\\/03\\\/@grandesite.png\",\"contentUrl\":\"https:\\\/\\\/inclusivenews.com.br\\\/wp-content\\\/uploads\\\/2024\\\/03\\\/@grandesite.png\",\"width\":1080,\"height\":1080,\"caption\":\"Inclusive - inclus\u00e3o e cidadania\"},\"image\":{\"@id\":\"https:\\\/\\\/inclusivenews.com.br\\\/#\\\/schema\\\/logo\\\/image\\\/\"},\"sameAs\":[\"https:\\\/\\\/www.facebook.com\\\/agenciainclusive\\\/\",\"https:\\\/\\\/www.instagram.com\\\/newsinclusive\\\/\"]},{\"@type\":\"Person\",\"@id\":\"https:\\\/\\\/inclusivenews.com.br\\\/#\\\/schema\\\/person\\\/ae4ec7087559b8692fb33b6fffd2273b\",\"name\":\"inclusivenews2024\",\"image\":{\"@type\":\"ImageObject\",\"inLanguage\":\"pt-PT\",\"@id\":\"https:\\\/\\\/secure.gravatar.com\\\/avatar\\\/c5a7ef84c66fa914f55bc4f7ce26cfa275a3b9a1c5568b907bd184fb4dde7b40?s=96&d=mm&r=g\",\"url\":\"https:\\\/\\\/secure.gravatar.com\\\/avatar\\\/c5a7ef84c66fa914f55bc4f7ce26cfa275a3b9a1c5568b907bd184fb4dde7b40?s=96&d=mm&r=g\",\"contentUrl\":\"https:\\\/\\\/secure.gravatar.com\\\/avatar\\\/c5a7ef84c66fa914f55bc4f7ce26cfa275a3b9a1c5568b907bd184fb4dde7b40?s=96&d=mm&r=g\",\"caption\":\"inclusivenews2024\"},\"sameAs\":[\"https:\\\/\\\/inclusivenews.com.br\"],\"url\":\"https:\\\/\\\/inclusivenews.com.br\\\/?author=1\"}]}<\/script>\n<!-- \/ Yoast SEO plugin. -->","yoast_head_json":{"title":"A linguagem e o politicamente correto -","robots":{"index":"index","follow":"follow","max-snippet":"max-snippet:-1","max-image-preview":"max-image-preview:large","max-video-preview":"max-video-preview:-1"},"canonical":"https:\/\/inclusivenews.com.br\/?p=18557","og_locale":"pt_PT","og_type":"article","og_title":"A linguagem e o politicamente correto -","og_description":"Por Reinaldo C\u00e9sar Zanardi. \"\u00c9 preciso lembrar que uma cultura de respeito \u00e0s minorias e aos exclu\u00eddos tamb\u00e9m passa pela linguagem e esta tem o poder de rotular. E os r\u00f3tulos podem causar preju\u00edzo e sofrimento aos rotulados. Algu\u00e9m ignora isso?\"","og_url":"https:\/\/inclusivenews.com.br\/?p=18557","article_publisher":"https:\/\/www.facebook.com\/agenciainclusive\/","article_published_time":"2011-02-24T11:10:07+00:00","og_image":[{"url":"http:\/\/caixadetextos.zip.net\/images\/palavras.jpg","type":"","width":"","height":""}],"author":"inclusivenews2024","twitter_card":"summary_large_image","twitter_misc":{"Escrito por":"inclusivenews2024","Tempo estimado de leitura":"5 minutos"},"schema":{"@context":"https:\/\/schema.org","@graph":[{"@type":"Article","@id":"https:\/\/inclusivenews.com.br\/?p=18557#article","isPartOf":{"@id":"https:\/\/inclusivenews.com.br\/?p=18557"},"author":{"name":"inclusivenews2024","@id":"https:\/\/inclusivenews.com.br\/#\/schema\/person\/ae4ec7087559b8692fb33b6fffd2273b"},"headline":"A linguagem e o politicamente correto","datePublished":"2011-02-24T11:10:07+00:00","mainEntityOfPage":{"@id":"https:\/\/inclusivenews.com.br\/?p=18557"},"wordCount":981,"commentCount":1,"publisher":{"@id":"https:\/\/inclusivenews.com.br\/#organization"},"image":{"@id":"https:\/\/inclusivenews.com.br\/?p=18557#primaryimage"},"thumbnailUrl":"http:\/\/caixadetextos.zip.net\/images\/palavras.jpg","articleSection":["NOT\u00cdCIAS","OPINI\u00c3O"],"inLanguage":"pt-PT","potentialAction":[{"@type":"CommentAction","name":"Comment","target":["https:\/\/inclusivenews.com.br\/?p=18557#respond"]}]},{"@type":"WebPage","@id":"https:\/\/inclusivenews.com.br\/?p=18557","url":"https:\/\/inclusivenews.com.br\/?p=18557","name":"A linguagem e o politicamente correto -","isPartOf":{"@id":"https:\/\/inclusivenews.com.br\/#website"},"primaryImageOfPage":{"@id":"https:\/\/inclusivenews.com.br\/?p=18557#primaryimage"},"image":{"@id":"https:\/\/inclusivenews.com.br\/?p=18557#primaryimage"},"thumbnailUrl":"http:\/\/caixadetextos.zip.net\/images\/palavras.jpg","datePublished":"2011-02-24T11:10:07+00:00","breadcrumb":{"@id":"https:\/\/inclusivenews.com.br\/?p=18557#breadcrumb"},"inLanguage":"pt-PT","potentialAction":[{"@type":"ReadAction","target":["https:\/\/inclusivenews.com.br\/?p=18557"]}]},{"@type":"ImageObject","inLanguage":"pt-PT","@id":"https:\/\/inclusivenews.com.br\/?p=18557#primaryimage","url":"http:\/\/caixadetextos.zip.net\/images\/palavras.jpg","contentUrl":"http:\/\/caixadetextos.zip.net\/images\/palavras.jpg"},{"@type":"BreadcrumbList","@id":"https:\/\/inclusivenews.com.br\/?p=18557#breadcrumb","itemListElement":[{"@type":"ListItem","position":1,"name":"In\u00edcio","item":"https:\/\/inclusivenews.com.br\/"},{"@type":"ListItem","position":2,"name":"A linguagem e o politicamente correto"}]},{"@type":"WebSite","@id":"https:\/\/inclusivenews.com.br\/#website","url":"https:\/\/inclusivenews.com.br\/","name":"Inclusive News","description":"Inclusive News","publisher":{"@id":"https:\/\/inclusivenews.com.br\/#organization"},"potentialAction":[{"@type":"SearchAction","target":{"@type":"EntryPoint","urlTemplate":"https:\/\/inclusivenews.com.br\/?s={search_term_string}"},"query-input":{"@type":"PropertyValueSpecification","valueRequired":true,"valueName":"search_term_string"}}],"inLanguage":"pt-PT"},{"@type":"Organization","@id":"https:\/\/inclusivenews.com.br\/#organization","name":"Inclusive - inclus\u00e3o e cidadania","url":"https:\/\/inclusivenews.com.br\/","logo":{"@type":"ImageObject","inLanguage":"pt-PT","@id":"https:\/\/inclusivenews.com.br\/#\/schema\/logo\/image\/","url":"https:\/\/inclusivenews.com.br\/wp-content\/uploads\/2024\/03\/@grandesite.png","contentUrl":"https:\/\/inclusivenews.com.br\/wp-content\/uploads\/2024\/03\/@grandesite.png","width":1080,"height":1080,"caption":"Inclusive - inclus\u00e3o e cidadania"},"image":{"@id":"https:\/\/inclusivenews.com.br\/#\/schema\/logo\/image\/"},"sameAs":["https:\/\/www.facebook.com\/agenciainclusive\/","https:\/\/www.instagram.com\/newsinclusive\/"]},{"@type":"Person","@id":"https:\/\/inclusivenews.com.br\/#\/schema\/person\/ae4ec7087559b8692fb33b6fffd2273b","name":"inclusivenews2024","image":{"@type":"ImageObject","inLanguage":"pt-PT","@id":"https:\/\/secure.gravatar.com\/avatar\/c5a7ef84c66fa914f55bc4f7ce26cfa275a3b9a1c5568b907bd184fb4dde7b40?s=96&d=mm&r=g","url":"https:\/\/secure.gravatar.com\/avatar\/c5a7ef84c66fa914f55bc4f7ce26cfa275a3b9a1c5568b907bd184fb4dde7b40?s=96&d=mm&r=g","contentUrl":"https:\/\/secure.gravatar.com\/avatar\/c5a7ef84c66fa914f55bc4f7ce26cfa275a3b9a1c5568b907bd184fb4dde7b40?s=96&d=mm&r=g","caption":"inclusivenews2024"},"sameAs":["https:\/\/inclusivenews.com.br"],"url":"https:\/\/inclusivenews.com.br\/?author=1"}]}},"_links":{"self":[{"href":"https:\/\/inclusivenews.com.br\/index.php?rest_route=\/wp\/v2\/posts\/18557","targetHints":{"allow":["GET"]}}],"collection":[{"href":"https:\/\/inclusivenews.com.br\/index.php?rest_route=\/wp\/v2\/posts"}],"about":[{"href":"https:\/\/inclusivenews.com.br\/index.php?rest_route=\/wp\/v2\/types\/post"}],"author":[{"embeddable":true,"href":"https:\/\/inclusivenews.com.br\/index.php?rest_route=\/wp\/v2\/users\/1"}],"replies":[{"embeddable":true,"href":"https:\/\/inclusivenews.com.br\/index.php?rest_route=%2Fwp%2Fv2%2Fcomments&post=18557"}],"version-history":[{"count":0,"href":"https:\/\/inclusivenews.com.br\/index.php?rest_route=\/wp\/v2\/posts\/18557\/revisions"}],"wp:attachment":[{"href":"https:\/\/inclusivenews.com.br\/index.php?rest_route=%2Fwp%2Fv2%2Fmedia&parent=18557"}],"wp:term":[{"taxonomy":"category","embeddable":true,"href":"https:\/\/inclusivenews.com.br\/index.php?rest_route=%2Fwp%2Fv2%2Fcategories&post=18557"},{"taxonomy":"post_tag","embeddable":true,"href":"https:\/\/inclusivenews.com.br\/index.php?rest_route=%2Fwp%2Fv2%2Ftags&post=18557"}],"curies":[{"name":"wp","href":"https:\/\/api.w.org\/{rel}","templated":true}]}}