{"id":18559,"date":"2011-02-24T07:58:22","date_gmt":"2011-02-24T10:58:22","guid":{"rendered":"http:\/\/www.inclusive.org.br\/?p=18559"},"modified":"2011-02-24T07:58:22","modified_gmt":"2011-02-24T10:58:22","slug":"portal-dominio-publico-publica-as-colecoes-educadores-e-historia-da-africa","status":"publish","type":"post","link":"https:\/\/inclusivenews.com.br\/?p=18559","title":{"rendered":"Portal Dom\u00ednio P\u00fablico publica as cole\u00e7\u00f5es &quot;Educadores&quot; e &quot;Hist\u00f3ria da \u00c1frica&quot;"},"content":{"rendered":"<figure style=\"width: 267px\" class=\"wp-caption alignleft\"><img loading=\"lazy\" decoding=\"async\" title=\"Portal Dom\u00ednio P\u00fablico - livre acesso ao conhecimento\" src=\"http:\/\/3.bp.blogspot.com\/_OqVcYwYoJPI\/TQeBnEVxroI\/AAAAAAAADY0\/QWo_NuTdDQo\/s320\/dominio-publico.jpg\" alt=\"Portal Dom\u00ednio P\u00fablico - livre acesso ao conhecimento\" width=\"267\" height=\"200\" \/><figcaption class=\"wp-caption-text\"> <\/figcaption><\/figure>\n<p>Est\u00e3o dispon\u00edveis no portal Dom\u00ednio P\u00fablico do Minist\u00e9rio da Educa\u00e7\u00e3o a Cole\u00e7\u00e3o Educadores, com 62 t\u00edtulos, e a Cole\u00e7\u00e3o Hist\u00f3ria Geral da \u00c1frica, com oito volumes. Conclu\u00eddas em novembro de 2010, as obras s\u00e3o dirigidas aos professores da educa\u00e7\u00e3o b\u00e1sica e \u00e0s institui\u00e7\u00f5es de educa\u00e7\u00e3o superior que atuam na forma\u00e7\u00e3o de docentes, mas o acesso \u00e9 livre no portal.<\/p>\n<p>Paulo Freire, An\u00edsio Teixeira, Jean Piaget e Ant\u00f4nio Gramsci, dentre outros, fazem parte da Cole\u00e7\u00e3o Educadores, que come\u00e7ou a ser distribu\u00edda este m\u00eas pelo MEC \u00e0s escolas da educa\u00e7\u00e3o b\u00e1sica do pa\u00eds. Integram a cole\u00e7\u00e3o 31 autores brasileiros, 30 pensadores estrangeiros e um livro com os manifestos Pioneiros da Educa\u00e7\u00e3o Nova, escrito em 1932, e dos Educadores, de 1959.<\/p>\n<p>Na cole\u00e7\u00e3o, professores e estudantes de pedagogia e de cursos de licenciatura encontram um ensaio sobre cada autor, a trajet\u00f3ria da produ\u00e7\u00e3o intelectual na \u00e1rea, uma sele\u00e7\u00e3o de textos, que corresponde a 30% do livro, e cronologia. A \u00faltima parte traz a bibliografia do autor e das obras sobre ele. Cada livro tem, em m\u00e9dia, 150 p\u00e1ginas. Preparada pelo MEC desde 2006, a cole\u00e7\u00e3o integra as iniciativas do governo federal de qualificar a forma\u00e7\u00e3o inicial e continuada de professores da educa\u00e7\u00e3o b\u00e1sica p\u00fablica.<\/p>\n<p>\u00c1frica<\/p>\n<p>A cole\u00e7\u00e3o Hist\u00f3ria Geral da \u00c1frica tem cerca de dez mil p\u00e1ginas, distribu\u00eddas nos oito volumes. Criada por iniciativa da Organiza\u00e7\u00e3o das Na\u00e7\u00f5es Unidas para Educa\u00e7\u00e3o, Ci\u00eancia e Cultura (Unesco), aborda desde a pr\u00e9-hist\u00f3ria do continente africano at\u00e9 os anos 1980. Cerca de 350 pesquisadores, a maioria deles africanos, trabalhou durante 30 anos no levantamento de dados e na produ\u00e7\u00e3o da obra.<\/p>\n<p>Em 1980, a Unesco lan\u00e7ou a cole\u00e7\u00e3o em l\u00edngua francesa, depois traduzida para o ingl\u00eas e o \u00e1rabe. Agora, o MEC oferece a vers\u00e3o para uso no Brasil e nas na\u00e7\u00f5es que integram a Comunidade de Pa\u00edses de L\u00edngua Portuguesa (CPLP).<\/p>\n<p>Oito mil exemplares (conjuntos) impressos da cole\u00e7\u00e3o ser\u00e3o distribu\u00eddos pelo MEC nas bibliotecas p\u00fablicas do pa\u00eds, universidades, conselhos de educa\u00e7\u00e3o e minist\u00e9rios p\u00fablicos estaduais. Al\u00e9m de objeto de leitura e estudo, o conte\u00fado dar\u00e1 sustenta\u00e7\u00e3o \u00e0 produ\u00e7\u00e3o de material did\u00e1tico para as escolas da educa\u00e7\u00e3o b\u00e1sica. Integra, ainda, uma s\u00e9rie de iniciativas do MEC para enriquecer a forma\u00e7\u00e3o de professores e o curr\u00edculo dos estudantes, conforme prev\u00ea a Lei n\u00ba 10.639, de 9 de janeiro de 2003, que trata das diretrizes curriculares nacionais para a educa\u00e7\u00e3o etnorracial nas redes p\u00fablicas de ensino.<\/p>\n<p>Confira as cole\u00e7\u00f5es e fa\u00e7a o <em>download<\/em> das obras no <a href=\"http:\/\/www.dominiopublico.gov.br\/pesquisa\/PesquisaObraForm.jsp\" target=\"_blank\" rel=\"noopener\">Portal Dom\u00ednio P\u00fablico<\/a>.<br \/>\n<strong>__________<\/strong><\/p>\n<p><strong>Fonte:<\/strong> <a href=\"http:\/\/portal.mec.gov.br\/index.php?option=com_content&amp;view=article&amp;id=16364:portal-da-acesso-as-colecoes-educadores-e-historia-da-africa&amp;catid=222&amp;Itemid=86\">MEC<\/a><\/p>\n","protected":false},"excerpt":{"rendered":"<p>Paulo Freire, An\u00edsio Teixeira, Jean Piaget e Ant\u00f4nio Gramsci, dentre outros, fazem parte da Cole\u00e7\u00e3o Educadores, que come\u00e7ou a ser distribu\u00edda este m\u00eas pelo MEC \u00e0s escolas da educa\u00e7\u00e3o b\u00e1sica do pa\u00eds. Integram a cole\u00e7\u00e3o 31 autores brasileiros, 30 pensadores estrangeiros e um livro com os manifestos Pioneiros da Educa\u00e7\u00e3o Nova, escrito em 1932, e dos Educadores, de 1959. Informa\u00e7\u00e3o \u00e9 do MEC.<\/p>\n","protected":false},"author":1,"featured_media":0,"comment_status":"open","ping_status":"open","sticky":false,"template":"","format":"standard","meta":{"site-container-style":"default","site-container-layout":"default","site-sidebar-layout":"default","disable-article-header":"default","disable-site-header":"default","disable-site-footer":"default","disable-content-area-spacing":"default","footnotes":""},"categories":[6,4],"tags":[],"class_list":["post-18559","post","type-post","status-publish","format-standard","hentry","category-educacao","category-noticias"],"yoast_head":"<!-- This site is optimized with the Yoast SEO plugin v27.4 - https:\/\/yoast.com\/product\/yoast-seo-wordpress\/ -->\n<title>Portal Dom\u00ednio P\u00fablico publica as cole\u00e7\u00f5es &quot;Educadores&quot; e &quot;Hist\u00f3ria da \u00c1frica&quot; -<\/title>\n<meta name=\"robots\" content=\"index, follow, max-snippet:-1, max-image-preview:large, max-video-preview:-1\" \/>\n<link rel=\"canonical\" href=\"https:\/\/inclusivenews.com.br\/?p=18559\" \/>\n<meta property=\"og:locale\" content=\"pt_PT\" \/>\n<meta property=\"og:type\" content=\"article\" \/>\n<meta property=\"og:title\" content=\"Portal Dom\u00ednio P\u00fablico publica as cole\u00e7\u00f5es &quot;Educadores&quot; e &quot;Hist\u00f3ria da \u00c1frica&quot; -\" \/>\n<meta property=\"og:description\" content=\"Paulo Freire, An\u00edsio Teixeira, Jean Piaget e Ant\u00f4nio Gramsci, dentre outros, fazem parte da Cole\u00e7\u00e3o Educadores, que come\u00e7ou a ser distribu\u00edda este m\u00eas pelo MEC \u00e0s escolas da educa\u00e7\u00e3o b\u00e1sica do pa\u00eds. Integram a cole\u00e7\u00e3o 31 autores brasileiros, 30 pensadores estrangeiros e um livro com os manifestos Pioneiros da Educa\u00e7\u00e3o Nova, escrito em 1932, e dos Educadores, de 1959. Informa\u00e7\u00e3o \u00e9 do MEC.\" \/>\n<meta property=\"og:url\" content=\"https:\/\/inclusivenews.com.br\/?p=18559\" \/>\n<meta property=\"article:publisher\" content=\"https:\/\/www.facebook.com\/agenciainclusive\/\" \/>\n<meta property=\"article:published_time\" content=\"2011-02-24T10:58:22+00:00\" \/>\n<meta property=\"og:image\" content=\"http:\/\/3.bp.blogspot.com\/_OqVcYwYoJPI\/TQeBnEVxroI\/AAAAAAAADY0\/QWo_NuTdDQo\/s320\/dominio-publico.jpg\" \/>\n<meta name=\"author\" content=\"inclusivenews2024\" \/>\n<meta name=\"twitter:card\" content=\"summary_large_image\" \/>\n<meta name=\"twitter:label1\" content=\"Escrito por\" \/>\n\t<meta name=\"twitter:data1\" content=\"inclusivenews2024\" \/>\n\t<meta name=\"twitter:label2\" content=\"Tempo estimado de leitura\" \/>\n\t<meta name=\"twitter:data2\" content=\"2 minutos\" \/>\n<script type=\"application\/ld+json\" class=\"yoast-schema-graph\">{\"@context\":\"https:\\\/\\\/schema.org\",\"@graph\":[{\"@type\":\"Article\",\"@id\":\"https:\\\/\\\/inclusivenews.com.br\\\/?p=18559#article\",\"isPartOf\":{\"@id\":\"https:\\\/\\\/inclusivenews.com.br\\\/?p=18559\"},\"author\":{\"name\":\"inclusivenews2024\",\"@id\":\"https:\\\/\\\/inclusivenews.com.br\\\/#\\\/schema\\\/person\\\/ae4ec7087559b8692fb33b6fffd2273b\"},\"headline\":\"Portal Dom\u00ednio P\u00fablico publica as cole\u00e7\u00f5es &quot;Educadores&quot; e &quot;Hist\u00f3ria da \u00c1frica&quot;\",\"datePublished\":\"2011-02-24T10:58:22+00:00\",\"mainEntityOfPage\":{\"@id\":\"https:\\\/\\\/inclusivenews.com.br\\\/?p=18559\"},\"wordCount\":502,\"commentCount\":1,\"publisher\":{\"@id\":\"https:\\\/\\\/inclusivenews.com.br\\\/#organization\"},\"image\":{\"@id\":\"https:\\\/\\\/inclusivenews.com.br\\\/?p=18559#primaryimage\"},\"thumbnailUrl\":\"http:\\\/\\\/3.bp.blogspot.com\\\/_OqVcYwYoJPI\\\/TQeBnEVxroI\\\/AAAAAAAADY0\\\/QWo_NuTdDQo\\\/s320\\\/dominio-publico.jpg\",\"articleSection\":[\"EDUCA\u00c7\u00c3O\",\"NOT\u00cdCIAS\"],\"inLanguage\":\"pt-PT\",\"potentialAction\":[{\"@type\":\"CommentAction\",\"name\":\"Comment\",\"target\":[\"https:\\\/\\\/inclusivenews.com.br\\\/?p=18559#respond\"]}]},{\"@type\":\"WebPage\",\"@id\":\"https:\\\/\\\/inclusivenews.com.br\\\/?p=18559\",\"url\":\"https:\\\/\\\/inclusivenews.com.br\\\/?p=18559\",\"name\":\"Portal Dom\u00ednio P\u00fablico publica as cole\u00e7\u00f5es &quot;Educadores&quot; e &quot;Hist\u00f3ria da \u00c1frica&quot; -\",\"isPartOf\":{\"@id\":\"https:\\\/\\\/inclusivenews.com.br\\\/#website\"},\"primaryImageOfPage\":{\"@id\":\"https:\\\/\\\/inclusivenews.com.br\\\/?p=18559#primaryimage\"},\"image\":{\"@id\":\"https:\\\/\\\/inclusivenews.com.br\\\/?p=18559#primaryimage\"},\"thumbnailUrl\":\"http:\\\/\\\/3.bp.blogspot.com\\\/_OqVcYwYoJPI\\\/TQeBnEVxroI\\\/AAAAAAAADY0\\\/QWo_NuTdDQo\\\/s320\\\/dominio-publico.jpg\",\"datePublished\":\"2011-02-24T10:58:22+00:00\",\"breadcrumb\":{\"@id\":\"https:\\\/\\\/inclusivenews.com.br\\\/?p=18559#breadcrumb\"},\"inLanguage\":\"pt-PT\",\"potentialAction\":[{\"@type\":\"ReadAction\",\"target\":[\"https:\\\/\\\/inclusivenews.com.br\\\/?p=18559\"]}]},{\"@type\":\"ImageObject\",\"inLanguage\":\"pt-PT\",\"@id\":\"https:\\\/\\\/inclusivenews.com.br\\\/?p=18559#primaryimage\",\"url\":\"http:\\\/\\\/3.bp.blogspot.com\\\/_OqVcYwYoJPI\\\/TQeBnEVxroI\\\/AAAAAAAADY0\\\/QWo_NuTdDQo\\\/s320\\\/dominio-publico.jpg\",\"contentUrl\":\"http:\\\/\\\/3.bp.blogspot.com\\\/_OqVcYwYoJPI\\\/TQeBnEVxroI\\\/AAAAAAAADY0\\\/QWo_NuTdDQo\\\/s320\\\/dominio-publico.jpg\"},{\"@type\":\"BreadcrumbList\",\"@id\":\"https:\\\/\\\/inclusivenews.com.br\\\/?p=18559#breadcrumb\",\"itemListElement\":[{\"@type\":\"ListItem\",\"position\":1,\"name\":\"In\u00edcio\",\"item\":\"https:\\\/\\\/inclusivenews.com.br\\\/\"},{\"@type\":\"ListItem\",\"position\":2,\"name\":\"Portal Dom\u00ednio P\u00fablico publica as cole\u00e7\u00f5es &quot;Educadores&quot; e &quot;Hist\u00f3ria da \u00c1frica&quot;\"}]},{\"@type\":\"WebSite\",\"@id\":\"https:\\\/\\\/inclusivenews.com.br\\\/#website\",\"url\":\"https:\\\/\\\/inclusivenews.com.br\\\/\",\"name\":\"Inclusive News\",\"description\":\"Inclusive News\",\"publisher\":{\"@id\":\"https:\\\/\\\/inclusivenews.com.br\\\/#organization\"},\"potentialAction\":[{\"@type\":\"SearchAction\",\"target\":{\"@type\":\"EntryPoint\",\"urlTemplate\":\"https:\\\/\\\/inclusivenews.com.br\\\/?s={search_term_string}\"},\"query-input\":{\"@type\":\"PropertyValueSpecification\",\"valueRequired\":true,\"valueName\":\"search_term_string\"}}],\"inLanguage\":\"pt-PT\"},{\"@type\":\"Organization\",\"@id\":\"https:\\\/\\\/inclusivenews.com.br\\\/#organization\",\"name\":\"Inclusive - inclus\u00e3o e cidadania\",\"url\":\"https:\\\/\\\/inclusivenews.com.br\\\/\",\"logo\":{\"@type\":\"ImageObject\",\"inLanguage\":\"pt-PT\",\"@id\":\"https:\\\/\\\/inclusivenews.com.br\\\/#\\\/schema\\\/logo\\\/image\\\/\",\"url\":\"https:\\\/\\\/inclusivenews.com.br\\\/wp-content\\\/uploads\\\/2024\\\/03\\\/@grandesite.png\",\"contentUrl\":\"https:\\\/\\\/inclusivenews.com.br\\\/wp-content\\\/uploads\\\/2024\\\/03\\\/@grandesite.png\",\"width\":1080,\"height\":1080,\"caption\":\"Inclusive - inclus\u00e3o e cidadania\"},\"image\":{\"@id\":\"https:\\\/\\\/inclusivenews.com.br\\\/#\\\/schema\\\/logo\\\/image\\\/\"},\"sameAs\":[\"https:\\\/\\\/www.facebook.com\\\/agenciainclusive\\\/\",\"https:\\\/\\\/www.instagram.com\\\/newsinclusive\\\/\"]},{\"@type\":\"Person\",\"@id\":\"https:\\\/\\\/inclusivenews.com.br\\\/#\\\/schema\\\/person\\\/ae4ec7087559b8692fb33b6fffd2273b\",\"name\":\"inclusivenews2024\",\"image\":{\"@type\":\"ImageObject\",\"inLanguage\":\"pt-PT\",\"@id\":\"https:\\\/\\\/secure.gravatar.com\\\/avatar\\\/c5a7ef84c66fa914f55bc4f7ce26cfa275a3b9a1c5568b907bd184fb4dde7b40?s=96&d=mm&r=g\",\"url\":\"https:\\\/\\\/secure.gravatar.com\\\/avatar\\\/c5a7ef84c66fa914f55bc4f7ce26cfa275a3b9a1c5568b907bd184fb4dde7b40?s=96&d=mm&r=g\",\"contentUrl\":\"https:\\\/\\\/secure.gravatar.com\\\/avatar\\\/c5a7ef84c66fa914f55bc4f7ce26cfa275a3b9a1c5568b907bd184fb4dde7b40?s=96&d=mm&r=g\",\"caption\":\"inclusivenews2024\"},\"sameAs\":[\"https:\\\/\\\/inclusivenews.com.br\"],\"url\":\"https:\\\/\\\/inclusivenews.com.br\\\/?author=1\"}]}<\/script>\n<!-- \/ Yoast SEO plugin. -->","yoast_head_json":{"title":"Portal Dom\u00ednio P\u00fablico publica as cole\u00e7\u00f5es &quot;Educadores&quot; e &quot;Hist\u00f3ria da \u00c1frica&quot; -","robots":{"index":"index","follow":"follow","max-snippet":"max-snippet:-1","max-image-preview":"max-image-preview:large","max-video-preview":"max-video-preview:-1"},"canonical":"https:\/\/inclusivenews.com.br\/?p=18559","og_locale":"pt_PT","og_type":"article","og_title":"Portal Dom\u00ednio P\u00fablico publica as cole\u00e7\u00f5es &quot;Educadores&quot; e &quot;Hist\u00f3ria da \u00c1frica&quot; -","og_description":"Paulo Freire, An\u00edsio Teixeira, Jean Piaget e Ant\u00f4nio Gramsci, dentre outros, fazem parte da Cole\u00e7\u00e3o Educadores, que come\u00e7ou a ser distribu\u00edda este m\u00eas pelo MEC \u00e0s escolas da educa\u00e7\u00e3o b\u00e1sica do pa\u00eds. Integram a cole\u00e7\u00e3o 31 autores brasileiros, 30 pensadores estrangeiros e um livro com os manifestos Pioneiros da Educa\u00e7\u00e3o Nova, escrito em 1932, e dos Educadores, de 1959. Informa\u00e7\u00e3o \u00e9 do MEC.","og_url":"https:\/\/inclusivenews.com.br\/?p=18559","article_publisher":"https:\/\/www.facebook.com\/agenciainclusive\/","article_published_time":"2011-02-24T10:58:22+00:00","og_image":[{"url":"http:\/\/3.bp.blogspot.com\/_OqVcYwYoJPI\/TQeBnEVxroI\/AAAAAAAADY0\/QWo_NuTdDQo\/s320\/dominio-publico.jpg","type":"","width":"","height":""}],"author":"inclusivenews2024","twitter_card":"summary_large_image","twitter_misc":{"Escrito por":"inclusivenews2024","Tempo estimado de leitura":"2 minutos"},"schema":{"@context":"https:\/\/schema.org","@graph":[{"@type":"Article","@id":"https:\/\/inclusivenews.com.br\/?p=18559#article","isPartOf":{"@id":"https:\/\/inclusivenews.com.br\/?p=18559"},"author":{"name":"inclusivenews2024","@id":"https:\/\/inclusivenews.com.br\/#\/schema\/person\/ae4ec7087559b8692fb33b6fffd2273b"},"headline":"Portal Dom\u00ednio P\u00fablico publica as cole\u00e7\u00f5es &quot;Educadores&quot; e &quot;Hist\u00f3ria da \u00c1frica&quot;","datePublished":"2011-02-24T10:58:22+00:00","mainEntityOfPage":{"@id":"https:\/\/inclusivenews.com.br\/?p=18559"},"wordCount":502,"commentCount":1,"publisher":{"@id":"https:\/\/inclusivenews.com.br\/#organization"},"image":{"@id":"https:\/\/inclusivenews.com.br\/?p=18559#primaryimage"},"thumbnailUrl":"http:\/\/3.bp.blogspot.com\/_OqVcYwYoJPI\/TQeBnEVxroI\/AAAAAAAADY0\/QWo_NuTdDQo\/s320\/dominio-publico.jpg","articleSection":["EDUCA\u00c7\u00c3O","NOT\u00cdCIAS"],"inLanguage":"pt-PT","potentialAction":[{"@type":"CommentAction","name":"Comment","target":["https:\/\/inclusivenews.com.br\/?p=18559#respond"]}]},{"@type":"WebPage","@id":"https:\/\/inclusivenews.com.br\/?p=18559","url":"https:\/\/inclusivenews.com.br\/?p=18559","name":"Portal Dom\u00ednio P\u00fablico publica as cole\u00e7\u00f5es &quot;Educadores&quot; e &quot;Hist\u00f3ria da \u00c1frica&quot; -","isPartOf":{"@id":"https:\/\/inclusivenews.com.br\/#website"},"primaryImageOfPage":{"@id":"https:\/\/inclusivenews.com.br\/?p=18559#primaryimage"},"image":{"@id":"https:\/\/inclusivenews.com.br\/?p=18559#primaryimage"},"thumbnailUrl":"http:\/\/3.bp.blogspot.com\/_OqVcYwYoJPI\/TQeBnEVxroI\/AAAAAAAADY0\/QWo_NuTdDQo\/s320\/dominio-publico.jpg","datePublished":"2011-02-24T10:58:22+00:00","breadcrumb":{"@id":"https:\/\/inclusivenews.com.br\/?p=18559#breadcrumb"},"inLanguage":"pt-PT","potentialAction":[{"@type":"ReadAction","target":["https:\/\/inclusivenews.com.br\/?p=18559"]}]},{"@type":"ImageObject","inLanguage":"pt-PT","@id":"https:\/\/inclusivenews.com.br\/?p=18559#primaryimage","url":"http:\/\/3.bp.blogspot.com\/_OqVcYwYoJPI\/TQeBnEVxroI\/AAAAAAAADY0\/QWo_NuTdDQo\/s320\/dominio-publico.jpg","contentUrl":"http:\/\/3.bp.blogspot.com\/_OqVcYwYoJPI\/TQeBnEVxroI\/AAAAAAAADY0\/QWo_NuTdDQo\/s320\/dominio-publico.jpg"},{"@type":"BreadcrumbList","@id":"https:\/\/inclusivenews.com.br\/?p=18559#breadcrumb","itemListElement":[{"@type":"ListItem","position":1,"name":"In\u00edcio","item":"https:\/\/inclusivenews.com.br\/"},{"@type":"ListItem","position":2,"name":"Portal Dom\u00ednio P\u00fablico publica as cole\u00e7\u00f5es &quot;Educadores&quot; e &quot;Hist\u00f3ria da \u00c1frica&quot;"}]},{"@type":"WebSite","@id":"https:\/\/inclusivenews.com.br\/#website","url":"https:\/\/inclusivenews.com.br\/","name":"Inclusive News","description":"Inclusive News","publisher":{"@id":"https:\/\/inclusivenews.com.br\/#organization"},"potentialAction":[{"@type":"SearchAction","target":{"@type":"EntryPoint","urlTemplate":"https:\/\/inclusivenews.com.br\/?s={search_term_string}"},"query-input":{"@type":"PropertyValueSpecification","valueRequired":true,"valueName":"search_term_string"}}],"inLanguage":"pt-PT"},{"@type":"Organization","@id":"https:\/\/inclusivenews.com.br\/#organization","name":"Inclusive - inclus\u00e3o e cidadania","url":"https:\/\/inclusivenews.com.br\/","logo":{"@type":"ImageObject","inLanguage":"pt-PT","@id":"https:\/\/inclusivenews.com.br\/#\/schema\/logo\/image\/","url":"https:\/\/inclusivenews.com.br\/wp-content\/uploads\/2024\/03\/@grandesite.png","contentUrl":"https:\/\/inclusivenews.com.br\/wp-content\/uploads\/2024\/03\/@grandesite.png","width":1080,"height":1080,"caption":"Inclusive - inclus\u00e3o e cidadania"},"image":{"@id":"https:\/\/inclusivenews.com.br\/#\/schema\/logo\/image\/"},"sameAs":["https:\/\/www.facebook.com\/agenciainclusive\/","https:\/\/www.instagram.com\/newsinclusive\/"]},{"@type":"Person","@id":"https:\/\/inclusivenews.com.br\/#\/schema\/person\/ae4ec7087559b8692fb33b6fffd2273b","name":"inclusivenews2024","image":{"@type":"ImageObject","inLanguage":"pt-PT","@id":"https:\/\/secure.gravatar.com\/avatar\/c5a7ef84c66fa914f55bc4f7ce26cfa275a3b9a1c5568b907bd184fb4dde7b40?s=96&d=mm&r=g","url":"https:\/\/secure.gravatar.com\/avatar\/c5a7ef84c66fa914f55bc4f7ce26cfa275a3b9a1c5568b907bd184fb4dde7b40?s=96&d=mm&r=g","contentUrl":"https:\/\/secure.gravatar.com\/avatar\/c5a7ef84c66fa914f55bc4f7ce26cfa275a3b9a1c5568b907bd184fb4dde7b40?s=96&d=mm&r=g","caption":"inclusivenews2024"},"sameAs":["https:\/\/inclusivenews.com.br"],"url":"https:\/\/inclusivenews.com.br\/?author=1"}]}},"_links":{"self":[{"href":"https:\/\/inclusivenews.com.br\/index.php?rest_route=\/wp\/v2\/posts\/18559","targetHints":{"allow":["GET"]}}],"collection":[{"href":"https:\/\/inclusivenews.com.br\/index.php?rest_route=\/wp\/v2\/posts"}],"about":[{"href":"https:\/\/inclusivenews.com.br\/index.php?rest_route=\/wp\/v2\/types\/post"}],"author":[{"embeddable":true,"href":"https:\/\/inclusivenews.com.br\/index.php?rest_route=\/wp\/v2\/users\/1"}],"replies":[{"embeddable":true,"href":"https:\/\/inclusivenews.com.br\/index.php?rest_route=%2Fwp%2Fv2%2Fcomments&post=18559"}],"version-history":[{"count":0,"href":"https:\/\/inclusivenews.com.br\/index.php?rest_route=\/wp\/v2\/posts\/18559\/revisions"}],"wp:attachment":[{"href":"https:\/\/inclusivenews.com.br\/index.php?rest_route=%2Fwp%2Fv2%2Fmedia&parent=18559"}],"wp:term":[{"taxonomy":"category","embeddable":true,"href":"https:\/\/inclusivenews.com.br\/index.php?rest_route=%2Fwp%2Fv2%2Fcategories&post=18559"},{"taxonomy":"post_tag","embeddable":true,"href":"https:\/\/inclusivenews.com.br\/index.php?rest_route=%2Fwp%2Fv2%2Ftags&post=18559"}],"curies":[{"name":"wp","href":"https:\/\/api.w.org\/{rel}","templated":true}]}}