{"id":18561,"date":"2011-02-24T07:57:21","date_gmt":"2011-02-24T10:57:21","guid":{"rendered":"http:\/\/www.inclusive.org.br\/?p=18561"},"modified":"2011-02-24T07:57:21","modified_gmt":"2011-02-24T10:57:21","slug":"educacao-inclusiva-e-escola-para-todos-em-guaruja","status":"publish","type":"post","link":"https:\/\/inclusivenews.com.br\/?p=18561","title":{"rendered":"Educa\u00e7\u00e3o inclusiva \u00e9 escola para todos em Guaruj\u00e1"},"content":{"rendered":"<figure style=\"width: 300px\" class=\"wp-caption alignleft\"><img loading=\"lazy\" decoding=\"async\" title=\"Imagem a\u00e9rea de crian\u00e7as brincando no ch\u00e3o\" src=\"http:\/\/www.jornaldabaixada.com.br\/wp-content\/uploads\/2011\/02\/escola_gja-300x224.jpg\" alt=\"Imagem a\u00e9rea de crian\u00e7as brincando no ch\u00e3o\" width=\"300\" height=\"224\" \/><figcaption class=\"wp-caption-text\">Foto: Jornal da Baixada<\/figcaption><\/figure>\n<p>\u201cO essencial \u00e9 invis\u00edvel aos olhos \u2013 repetiu o principezinho, para n\u00e3o se esquecer.\u201d Em O Pequeno Pr\u00edncipe, livro famoso de Antoine de Saint-Exup\u00e9ry, a raposa \u00e9 cativada pelo menino viajante, mas eles t\u00eam de se despedir, para que ele continue sua jornada. Ent\u00e3o, ela conta seu maior segredo para ele: \u201cs\u00f3 se v\u00ea bem com o cora\u00e7\u00e3o. O essencial \u00e9 invis\u00edvel aos olhos\u201d.<\/p>\n<p>Vistos com o cora\u00e7\u00e3o \u00e9 que 733 alunos com defici\u00eancia s\u00e3o tratados diariamente nas escolas da Prefeitura Guaruj\u00e1 por educadores, colegas e pela equipe da Educa\u00e7\u00e3o Especial, que conta com dois profissionais atendendo os deficientes auditivos, quatro para intelectuais, um para deficiente visual e uma psic\u00f3loga. Ao todo, 405 alunos est\u00e3o matriculados no Ensino Fundamental, 77 na Educa\u00e7\u00e3o Infantil, 119 na Educa\u00e7\u00e3o de Jovens e Adultos (EJA) e 132 nos centros comunit\u00e1rios.<\/p>\n<p>\u201cA nova Pol\u00edtica Nacional de Educa\u00e7\u00e3o Especial, publicada em 2007, da qual somos signat\u00e1rios, respalda todo trabalho desenvolvido no Munic\u00edpio de Guaruj\u00e1 pela Divis\u00e3o de Educa\u00e7\u00e3o Especial. Nossas a\u00e7\u00f5es e diretrizes s\u00e3o pautadas pela busca de uma \u2018Educa\u00e7\u00e3o para Todos\u2019. Os nossos servi\u00e7os oferecidos aos alunos com defici\u00eancia visam \u00e0 complementa\u00e7\u00e3o de sua forma\u00e7\u00e3o e n\u00e3o a substitui\u00e7\u00e3o do ensino regular\u201d, explicou a coordenadora da equipe, Ana Maria Lopes da Nova.<\/p>\n<p>De acordo com a psic\u00f3loga da equipe, Maria Estela Conte, dentro da inclus\u00e3o social, em que se incluem o acesso \u00e0 cultura e ao esporte, por exemplo, est\u00e1 a inclus\u00e3o escolar. \u201cNa rede municipal, do ensino infantil, passando pelo ensino fundamental e na EJA garantimos o acesso \u00e0 educa\u00e7\u00e3o.\u201d<\/p>\n<p>Carinho<\/p>\n<p>O carinho com os alunos da rede municipal \u00e9 vis\u00edvel at\u00e9 com as diferentes necessidades dos alunos, seja de pontinho em pontinho, para os deficientes visuais, com o tradutor-int\u00e9rprete de L\u00edngua Brasileira de Sinais (Libras), para quem possui surdez ou cuidando para que os autistas estejam sempre integrados. Existem servi\u00e7os de apoio conforme cada caso.<\/p>\n<p>\u201cOs cuidadores auxiliam os que apresentam potencial pedag\u00f3gico, por\u00e9m n\u00e3o obt\u00eam sucessos sozinhos em sala de aula, devido a algumas particularidades. Os professores cooperativos orientam os professores convencionais e d\u00e3o apoio suplementar ao aluno com defici\u00eancia, individualmente ou em pequenos grupos, oportunizando a melhor maneira de atend\u00ea-los\u201d, contou a coordenadora.<\/p>\n<p>Ana Maria explicou tamb\u00e9m que h\u00e1 as salas de recursos multifuncionais, onde \u201ch\u00e1 equipamentos, materiais e recursos pedag\u00f3gicos espec\u00edficos \u00e0 natureza das necessidades especiais dos alunos, com frequ\u00eancia no hor\u00e1rio contr\u00e1rio de aula, com professor especializado de duas a quatro vezes por semana, n\u00e3o ultrapassando duas horas di\u00e1rias. Temos dois tipos de salas de recursos multifuncionais, a que atende a todas as defici\u00eancias e a espec\u00edfica para defici\u00eancia visual\u201d.<\/p>\n<p>\u201cO professor de apoio orienta e supervisiona pedagogicamente os professores especializados e tem como atribui\u00e7\u00f5es, nas escolas de Educa\u00e7\u00e3o Infantil e Ensino Fundamental, o acompanhamento do Plano de Atendimento Educacional Especializado aos alunos com defici\u00eancia por meio de visitas sistem\u00e1ticas \u00e0s escolas, avalia\u00e7\u00e3o pedag\u00f3gica, reuni\u00e3o com os professores, orientadores pedag\u00f3gicos e gestores, al\u00e9m do atendimento aos pais e do mapeamento de toda a regi\u00e3o\u201d, frisou a coordenadora.<\/p>\n<p>Confian\u00e7a<\/p>\n<p>\u201cEste trabalho \u00e9 importante para mostrar que, al\u00e9m de cumprir o que pede o Minist\u00e9rio da Educa\u00e7\u00e3o e Cultura (MEC), temos uma pol\u00edtica s\u00e9ria de inclus\u00e3o. E as fam\u00edlias podem ficar despreocupadas ao mandar os filhos com alguma defici\u00eancia para a escola\u201d, ressaltou, emtusiasmada, a coordenadora de autismo da equipe, T\u00e2nia Regina Ferreira Schumacher, que deu aula em sala de recurso.<\/p>\n<p>No caso da Educa\u00e7\u00e3o Especial, tudo serve como bom exemplo. E na escola Herm\u00ednia Neves Vitiello, no Santa Rosa, n\u00e3o \u00e9 diferente. A diretora Valqu\u00edria Frederico Rodrigues de Matos contou que l\u00e1, este ano, ser\u00e3o seis crian\u00e7as com algum tipo de defici\u00eancia no per\u00edodo da manh\u00e3 e duas, \u00e0 tarde. \u201c\u00c9 poss\u00edvel! \u00c9 uma crian\u00e7a por sala, sendo que, na sala em que ela est\u00e1, temos o cuidado de colocar cinco crian\u00e7as a menos, no total. E \u00e9 t\u00e3o gratificante. Com os cuidadores e cooperadores o professor fica mais seguro.\u201d<\/p>\n<p>Alegria<\/p>\n<p>A dona de casa Lourdes Luzia Rita Ferreira tamb\u00e9m est\u00e1 feliz com o resultado do trabalho desenvolvido na Herm\u00ednia. Seu filho Andrew, de cinco anos, foi diagnosticado com autismo. \u201cO Andrew n\u00e3o falava nada, s\u00f3 mam\u00e3e e papai, isso com dois anos. Eu o levava ao m\u00e9dico e ele dizia que ele falaria. Mas foi \u00e0 escola e n\u00e3o falava nada, ficava embaixo da carteira e tinha medo dos outros. Fiquei apavorada. Chorava. Ent\u00e3o diagnosticaram autismo, na escola, onde agora ele tem uma tutora. Ele melhorou e se desenvolveu. Ele se socializou. Estou t\u00e3o satisfeita! Agora tem amiguinhos, fala at\u00e9 o nome deles, tem o Guilherme e a tia Eliana. Ele acaba de almo\u00e7ar e pede para ir \u00e0 escola, mesmo nas f\u00e9rias\u201d.<\/p>\n<p>J\u00e1 Selma Gabriel de S\u00e1, professora da rede h\u00e1 21 anos, conta que recebeu um autista ano retrasado, em sala de aula, e outro ano passado, de quem ela conta a hist\u00f3ria. \u201cConversamos com os amiguinhos, para tratarem eles como os outros e eles nos ajudaram muito. Procuramos dar o mesmo conte\u00fado, dentro das suas limita\u00e7\u00f5es. O trabalho foi maravilhoso, no meio do ano passado ela brincava com os outros, ficou independente e de palavras passou a dizer frases. Se chegar outro este ano, vou receber com cora\u00e7\u00e3o aberto. Vou ficar muito feliz\u201d.<\/p>\n<p>Vida<\/p>\n<p>O Pequeno Pr\u00edncipe tamb\u00e9m conhece uma rosa, durante sua jornada, e, para proteg\u00ea-la, colocava-a sobre uma redoma de vidro, privando-a at\u00e9 mesmo que o vento lhe tocasse as p\u00e9talas. Mas Silvia Mara dos Santos n\u00e3o fez isso com o seu filho Jo\u00e3o Vitor, de cinco anos, que \u00e9 deficiente auditivo, e o levou para a Herm\u00ednia, onde o menino encontrou todo o apoio.<\/p>\n<p>\u201cEle estudava em uma escola particular e tinha dias que n\u00e3o queria ir. Quando mudou para a escola municipal, foi muito bem recebido, pois todos est\u00e3o empenhados em fazer o melhor. Ele ainda n\u00e3o fala, mas ouve bem. Est\u00e3o falando a l\u00edngua dele l\u00e1. Est\u00e1 at\u00e9 mais \u00e0 vontade, come\u00e7ando a soltar algumas palavrinhas. O pessoal do Hospital das Clinicas de S\u00e3o Paulo disse que a Prefeitura est\u00e1 fazendo um bom trabalho. Tentamos criar nossos filhos dentro de uma redoma, com medo. Mas eles n\u00e3o podem ficar naquele mundinho, uma hora v\u00e3o ter de sair. E eu aconselho os pais a deix\u00e1-los sair\u201d, contou feliz.<\/p>\n<p>____________________<\/p>\n<p><strong>Fonte:<\/strong> <a href=\"http:\/\/www.jornaldabaixada.com.br\/?p=76\">Jornal da Baixada<\/a><\/p>\n","protected":false},"excerpt":{"rendered":"<p>\u201cEste trabalho \u00e9 importante para mostrar que, al\u00e9m de cumprir o que pede o Minist\u00e9rio da Educa\u00e7\u00e3o e Cultura (MEC), temos uma pol\u00edtica s\u00e9ria de inclus\u00e3o. E as fam\u00edlias podem ficar despreocupadas ao mandar os filhos com alguma defici\u00eancia para a escola\u201d, ressaltou, emtusiasmada, a coordenadora de autismo da equipe, T\u00e2nia Regina Ferreira Schumacher, que deu aula em sala de recurso. Reportagem est\u00e1 no Jornal da Baixada.<\/p>\n","protected":false},"author":1,"featured_media":0,"comment_status":"open","ping_status":"open","sticky":false,"template":"","format":"standard","meta":{"site-container-style":"default","site-container-layout":"default","site-sidebar-layout":"default","disable-article-header":"default","disable-site-header":"default","disable-site-footer":"default","disable-content-area-spacing":"default","footnotes":""},"categories":[6,48,33],"tags":[],"class_list":["post-18561","post","type-post","status-publish","format-standard","hentry","category-educacao","category-inclusao","category-reportagem"],"yoast_head":"<!-- This site is optimized with the Yoast SEO plugin v27.4 - https:\/\/yoast.com\/product\/yoast-seo-wordpress\/ -->\n<title>Educa\u00e7\u00e3o inclusiva \u00e9 escola para todos em Guaruj\u00e1 -<\/title>\n<meta name=\"robots\" content=\"index, follow, max-snippet:-1, max-image-preview:large, max-video-preview:-1\" \/>\n<link rel=\"canonical\" href=\"https:\/\/inclusivenews.com.br\/?p=18561\" \/>\n<meta property=\"og:locale\" content=\"pt_PT\" \/>\n<meta property=\"og:type\" content=\"article\" \/>\n<meta property=\"og:title\" content=\"Educa\u00e7\u00e3o inclusiva \u00e9 escola para todos em Guaruj\u00e1 -\" \/>\n<meta property=\"og:description\" content=\"\u201cEste trabalho \u00e9 importante para mostrar que, al\u00e9m de cumprir o que pede o Minist\u00e9rio da Educa\u00e7\u00e3o e Cultura (MEC), temos uma pol\u00edtica s\u00e9ria de inclus\u00e3o. E as fam\u00edlias podem ficar despreocupadas ao mandar os filhos com alguma defici\u00eancia para a escola\u201d, ressaltou, emtusiasmada, a coordenadora de autismo da equipe, T\u00e2nia Regina Ferreira Schumacher, que deu aula em sala de recurso. Reportagem est\u00e1 no Jornal da Baixada.\" \/>\n<meta property=\"og:url\" content=\"https:\/\/inclusivenews.com.br\/?p=18561\" \/>\n<meta property=\"article:publisher\" content=\"https:\/\/www.facebook.com\/agenciainclusive\/\" \/>\n<meta property=\"article:published_time\" content=\"2011-02-24T10:57:21+00:00\" \/>\n<meta property=\"og:image\" content=\"http:\/\/www.jornaldabaixada.com.br\/wp-content\/uploads\/2011\/02\/escola_gja-300x224.jpg\" \/>\n<meta name=\"author\" content=\"inclusivenews2024\" \/>\n<meta name=\"twitter:card\" content=\"summary_large_image\" \/>\n<meta name=\"twitter:label1\" content=\"Escrito por\" \/>\n\t<meta name=\"twitter:data1\" content=\"inclusivenews2024\" \/>\n\t<meta name=\"twitter:label2\" content=\"Tempo estimado de leitura\" \/>\n\t<meta name=\"twitter:data2\" content=\"6 minutos\" \/>\n<script type=\"application\/ld+json\" class=\"yoast-schema-graph\">{\"@context\":\"https:\\\/\\\/schema.org\",\"@graph\":[{\"@type\":\"Article\",\"@id\":\"https:\\\/\\\/inclusivenews.com.br\\\/?p=18561#article\",\"isPartOf\":{\"@id\":\"https:\\\/\\\/inclusivenews.com.br\\\/?p=18561\"},\"author\":{\"name\":\"inclusivenews2024\",\"@id\":\"https:\\\/\\\/inclusivenews.com.br\\\/#\\\/schema\\\/person\\\/ae4ec7087559b8692fb33b6fffd2273b\"},\"headline\":\"Educa\u00e7\u00e3o inclusiva \u00e9 escola para todos em Guaruj\u00e1\",\"datePublished\":\"2011-02-24T10:57:21+00:00\",\"mainEntityOfPage\":{\"@id\":\"https:\\\/\\\/inclusivenews.com.br\\\/?p=18561\"},\"wordCount\":1153,\"commentCount\":0,\"publisher\":{\"@id\":\"https:\\\/\\\/inclusivenews.com.br\\\/#organization\"},\"image\":{\"@id\":\"https:\\\/\\\/inclusivenews.com.br\\\/?p=18561#primaryimage\"},\"thumbnailUrl\":\"http:\\\/\\\/www.jornaldabaixada.com.br\\\/wp-content\\\/uploads\\\/2011\\\/02\\\/escola_gja-300x224.jpg\",\"articleSection\":[\"EDUCA\u00c7\u00c3O\",\"INCLUS\u00c3O SOCIAL\",\"Reportagem\"],\"inLanguage\":\"pt-PT\",\"potentialAction\":[{\"@type\":\"CommentAction\",\"name\":\"Comment\",\"target\":[\"https:\\\/\\\/inclusivenews.com.br\\\/?p=18561#respond\"]}]},{\"@type\":\"WebPage\",\"@id\":\"https:\\\/\\\/inclusivenews.com.br\\\/?p=18561\",\"url\":\"https:\\\/\\\/inclusivenews.com.br\\\/?p=18561\",\"name\":\"Educa\u00e7\u00e3o inclusiva \u00e9 escola para todos em Guaruj\u00e1 -\",\"isPartOf\":{\"@id\":\"https:\\\/\\\/inclusivenews.com.br\\\/#website\"},\"primaryImageOfPage\":{\"@id\":\"https:\\\/\\\/inclusivenews.com.br\\\/?p=18561#primaryimage\"},\"image\":{\"@id\":\"https:\\\/\\\/inclusivenews.com.br\\\/?p=18561#primaryimage\"},\"thumbnailUrl\":\"http:\\\/\\\/www.jornaldabaixada.com.br\\\/wp-content\\\/uploads\\\/2011\\\/02\\\/escola_gja-300x224.jpg\",\"datePublished\":\"2011-02-24T10:57:21+00:00\",\"breadcrumb\":{\"@id\":\"https:\\\/\\\/inclusivenews.com.br\\\/?p=18561#breadcrumb\"},\"inLanguage\":\"pt-PT\",\"potentialAction\":[{\"@type\":\"ReadAction\",\"target\":[\"https:\\\/\\\/inclusivenews.com.br\\\/?p=18561\"]}]},{\"@type\":\"ImageObject\",\"inLanguage\":\"pt-PT\",\"@id\":\"https:\\\/\\\/inclusivenews.com.br\\\/?p=18561#primaryimage\",\"url\":\"http:\\\/\\\/www.jornaldabaixada.com.br\\\/wp-content\\\/uploads\\\/2011\\\/02\\\/escola_gja-300x224.jpg\",\"contentUrl\":\"http:\\\/\\\/www.jornaldabaixada.com.br\\\/wp-content\\\/uploads\\\/2011\\\/02\\\/escola_gja-300x224.jpg\"},{\"@type\":\"BreadcrumbList\",\"@id\":\"https:\\\/\\\/inclusivenews.com.br\\\/?p=18561#breadcrumb\",\"itemListElement\":[{\"@type\":\"ListItem\",\"position\":1,\"name\":\"In\u00edcio\",\"item\":\"https:\\\/\\\/inclusivenews.com.br\\\/\"},{\"@type\":\"ListItem\",\"position\":2,\"name\":\"Educa\u00e7\u00e3o inclusiva \u00e9 escola para todos em Guaruj\u00e1\"}]},{\"@type\":\"WebSite\",\"@id\":\"https:\\\/\\\/inclusivenews.com.br\\\/#website\",\"url\":\"https:\\\/\\\/inclusivenews.com.br\\\/\",\"name\":\"Inclusive News\",\"description\":\"Inclusive News\",\"publisher\":{\"@id\":\"https:\\\/\\\/inclusivenews.com.br\\\/#organization\"},\"potentialAction\":[{\"@type\":\"SearchAction\",\"target\":{\"@type\":\"EntryPoint\",\"urlTemplate\":\"https:\\\/\\\/inclusivenews.com.br\\\/?s={search_term_string}\"},\"query-input\":{\"@type\":\"PropertyValueSpecification\",\"valueRequired\":true,\"valueName\":\"search_term_string\"}}],\"inLanguage\":\"pt-PT\"},{\"@type\":\"Organization\",\"@id\":\"https:\\\/\\\/inclusivenews.com.br\\\/#organization\",\"name\":\"Inclusive - inclus\u00e3o e cidadania\",\"url\":\"https:\\\/\\\/inclusivenews.com.br\\\/\",\"logo\":{\"@type\":\"ImageObject\",\"inLanguage\":\"pt-PT\",\"@id\":\"https:\\\/\\\/inclusivenews.com.br\\\/#\\\/schema\\\/logo\\\/image\\\/\",\"url\":\"https:\\\/\\\/inclusivenews.com.br\\\/wp-content\\\/uploads\\\/2024\\\/03\\\/@grandesite.png\",\"contentUrl\":\"https:\\\/\\\/inclusivenews.com.br\\\/wp-content\\\/uploads\\\/2024\\\/03\\\/@grandesite.png\",\"width\":1080,\"height\":1080,\"caption\":\"Inclusive - inclus\u00e3o e cidadania\"},\"image\":{\"@id\":\"https:\\\/\\\/inclusivenews.com.br\\\/#\\\/schema\\\/logo\\\/image\\\/\"},\"sameAs\":[\"https:\\\/\\\/www.facebook.com\\\/agenciainclusive\\\/\",\"https:\\\/\\\/www.instagram.com\\\/newsinclusive\\\/\"]},{\"@type\":\"Person\",\"@id\":\"https:\\\/\\\/inclusivenews.com.br\\\/#\\\/schema\\\/person\\\/ae4ec7087559b8692fb33b6fffd2273b\",\"name\":\"inclusivenews2024\",\"image\":{\"@type\":\"ImageObject\",\"inLanguage\":\"pt-PT\",\"@id\":\"https:\\\/\\\/secure.gravatar.com\\\/avatar\\\/c5a7ef84c66fa914f55bc4f7ce26cfa275a3b9a1c5568b907bd184fb4dde7b40?s=96&d=mm&r=g\",\"url\":\"https:\\\/\\\/secure.gravatar.com\\\/avatar\\\/c5a7ef84c66fa914f55bc4f7ce26cfa275a3b9a1c5568b907bd184fb4dde7b40?s=96&d=mm&r=g\",\"contentUrl\":\"https:\\\/\\\/secure.gravatar.com\\\/avatar\\\/c5a7ef84c66fa914f55bc4f7ce26cfa275a3b9a1c5568b907bd184fb4dde7b40?s=96&d=mm&r=g\",\"caption\":\"inclusivenews2024\"},\"sameAs\":[\"https:\\\/\\\/inclusivenews.com.br\"],\"url\":\"https:\\\/\\\/inclusivenews.com.br\\\/?author=1\"}]}<\/script>\n<!-- \/ Yoast SEO plugin. -->","yoast_head_json":{"title":"Educa\u00e7\u00e3o inclusiva \u00e9 escola para todos em Guaruj\u00e1 -","robots":{"index":"index","follow":"follow","max-snippet":"max-snippet:-1","max-image-preview":"max-image-preview:large","max-video-preview":"max-video-preview:-1"},"canonical":"https:\/\/inclusivenews.com.br\/?p=18561","og_locale":"pt_PT","og_type":"article","og_title":"Educa\u00e7\u00e3o inclusiva \u00e9 escola para todos em Guaruj\u00e1 -","og_description":"\u201cEste trabalho \u00e9 importante para mostrar que, al\u00e9m de cumprir o que pede o Minist\u00e9rio da Educa\u00e7\u00e3o e Cultura (MEC), temos uma pol\u00edtica s\u00e9ria de inclus\u00e3o. E as fam\u00edlias podem ficar despreocupadas ao mandar os filhos com alguma defici\u00eancia para a escola\u201d, ressaltou, emtusiasmada, a coordenadora de autismo da equipe, T\u00e2nia Regina Ferreira Schumacher, que deu aula em sala de recurso. Reportagem est\u00e1 no Jornal da Baixada.","og_url":"https:\/\/inclusivenews.com.br\/?p=18561","article_publisher":"https:\/\/www.facebook.com\/agenciainclusive\/","article_published_time":"2011-02-24T10:57:21+00:00","og_image":[{"url":"http:\/\/www.jornaldabaixada.com.br\/wp-content\/uploads\/2011\/02\/escola_gja-300x224.jpg","type":"","width":"","height":""}],"author":"inclusivenews2024","twitter_card":"summary_large_image","twitter_misc":{"Escrito por":"inclusivenews2024","Tempo estimado de leitura":"6 minutos"},"schema":{"@context":"https:\/\/schema.org","@graph":[{"@type":"Article","@id":"https:\/\/inclusivenews.com.br\/?p=18561#article","isPartOf":{"@id":"https:\/\/inclusivenews.com.br\/?p=18561"},"author":{"name":"inclusivenews2024","@id":"https:\/\/inclusivenews.com.br\/#\/schema\/person\/ae4ec7087559b8692fb33b6fffd2273b"},"headline":"Educa\u00e7\u00e3o inclusiva \u00e9 escola para todos em Guaruj\u00e1","datePublished":"2011-02-24T10:57:21+00:00","mainEntityOfPage":{"@id":"https:\/\/inclusivenews.com.br\/?p=18561"},"wordCount":1153,"commentCount":0,"publisher":{"@id":"https:\/\/inclusivenews.com.br\/#organization"},"image":{"@id":"https:\/\/inclusivenews.com.br\/?p=18561#primaryimage"},"thumbnailUrl":"http:\/\/www.jornaldabaixada.com.br\/wp-content\/uploads\/2011\/02\/escola_gja-300x224.jpg","articleSection":["EDUCA\u00c7\u00c3O","INCLUS\u00c3O SOCIAL","Reportagem"],"inLanguage":"pt-PT","potentialAction":[{"@type":"CommentAction","name":"Comment","target":["https:\/\/inclusivenews.com.br\/?p=18561#respond"]}]},{"@type":"WebPage","@id":"https:\/\/inclusivenews.com.br\/?p=18561","url":"https:\/\/inclusivenews.com.br\/?p=18561","name":"Educa\u00e7\u00e3o inclusiva \u00e9 escola para todos em Guaruj\u00e1 -","isPartOf":{"@id":"https:\/\/inclusivenews.com.br\/#website"},"primaryImageOfPage":{"@id":"https:\/\/inclusivenews.com.br\/?p=18561#primaryimage"},"image":{"@id":"https:\/\/inclusivenews.com.br\/?p=18561#primaryimage"},"thumbnailUrl":"http:\/\/www.jornaldabaixada.com.br\/wp-content\/uploads\/2011\/02\/escola_gja-300x224.jpg","datePublished":"2011-02-24T10:57:21+00:00","breadcrumb":{"@id":"https:\/\/inclusivenews.com.br\/?p=18561#breadcrumb"},"inLanguage":"pt-PT","potentialAction":[{"@type":"ReadAction","target":["https:\/\/inclusivenews.com.br\/?p=18561"]}]},{"@type":"ImageObject","inLanguage":"pt-PT","@id":"https:\/\/inclusivenews.com.br\/?p=18561#primaryimage","url":"http:\/\/www.jornaldabaixada.com.br\/wp-content\/uploads\/2011\/02\/escola_gja-300x224.jpg","contentUrl":"http:\/\/www.jornaldabaixada.com.br\/wp-content\/uploads\/2011\/02\/escola_gja-300x224.jpg"},{"@type":"BreadcrumbList","@id":"https:\/\/inclusivenews.com.br\/?p=18561#breadcrumb","itemListElement":[{"@type":"ListItem","position":1,"name":"In\u00edcio","item":"https:\/\/inclusivenews.com.br\/"},{"@type":"ListItem","position":2,"name":"Educa\u00e7\u00e3o inclusiva \u00e9 escola para todos em Guaruj\u00e1"}]},{"@type":"WebSite","@id":"https:\/\/inclusivenews.com.br\/#website","url":"https:\/\/inclusivenews.com.br\/","name":"Inclusive News","description":"Inclusive News","publisher":{"@id":"https:\/\/inclusivenews.com.br\/#organization"},"potentialAction":[{"@type":"SearchAction","target":{"@type":"EntryPoint","urlTemplate":"https:\/\/inclusivenews.com.br\/?s={search_term_string}"},"query-input":{"@type":"PropertyValueSpecification","valueRequired":true,"valueName":"search_term_string"}}],"inLanguage":"pt-PT"},{"@type":"Organization","@id":"https:\/\/inclusivenews.com.br\/#organization","name":"Inclusive - inclus\u00e3o e cidadania","url":"https:\/\/inclusivenews.com.br\/","logo":{"@type":"ImageObject","inLanguage":"pt-PT","@id":"https:\/\/inclusivenews.com.br\/#\/schema\/logo\/image\/","url":"https:\/\/inclusivenews.com.br\/wp-content\/uploads\/2024\/03\/@grandesite.png","contentUrl":"https:\/\/inclusivenews.com.br\/wp-content\/uploads\/2024\/03\/@grandesite.png","width":1080,"height":1080,"caption":"Inclusive - inclus\u00e3o e cidadania"},"image":{"@id":"https:\/\/inclusivenews.com.br\/#\/schema\/logo\/image\/"},"sameAs":["https:\/\/www.facebook.com\/agenciainclusive\/","https:\/\/www.instagram.com\/newsinclusive\/"]},{"@type":"Person","@id":"https:\/\/inclusivenews.com.br\/#\/schema\/person\/ae4ec7087559b8692fb33b6fffd2273b","name":"inclusivenews2024","image":{"@type":"ImageObject","inLanguage":"pt-PT","@id":"https:\/\/secure.gravatar.com\/avatar\/c5a7ef84c66fa914f55bc4f7ce26cfa275a3b9a1c5568b907bd184fb4dde7b40?s=96&d=mm&r=g","url":"https:\/\/secure.gravatar.com\/avatar\/c5a7ef84c66fa914f55bc4f7ce26cfa275a3b9a1c5568b907bd184fb4dde7b40?s=96&d=mm&r=g","contentUrl":"https:\/\/secure.gravatar.com\/avatar\/c5a7ef84c66fa914f55bc4f7ce26cfa275a3b9a1c5568b907bd184fb4dde7b40?s=96&d=mm&r=g","caption":"inclusivenews2024"},"sameAs":["https:\/\/inclusivenews.com.br"],"url":"https:\/\/inclusivenews.com.br\/?author=1"}]}},"_links":{"self":[{"href":"https:\/\/inclusivenews.com.br\/index.php?rest_route=\/wp\/v2\/posts\/18561","targetHints":{"allow":["GET"]}}],"collection":[{"href":"https:\/\/inclusivenews.com.br\/index.php?rest_route=\/wp\/v2\/posts"}],"about":[{"href":"https:\/\/inclusivenews.com.br\/index.php?rest_route=\/wp\/v2\/types\/post"}],"author":[{"embeddable":true,"href":"https:\/\/inclusivenews.com.br\/index.php?rest_route=\/wp\/v2\/users\/1"}],"replies":[{"embeddable":true,"href":"https:\/\/inclusivenews.com.br\/index.php?rest_route=%2Fwp%2Fv2%2Fcomments&post=18561"}],"version-history":[{"count":0,"href":"https:\/\/inclusivenews.com.br\/index.php?rest_route=\/wp\/v2\/posts\/18561\/revisions"}],"wp:attachment":[{"href":"https:\/\/inclusivenews.com.br\/index.php?rest_route=%2Fwp%2Fv2%2Fmedia&parent=18561"}],"wp:term":[{"taxonomy":"category","embeddable":true,"href":"https:\/\/inclusivenews.com.br\/index.php?rest_route=%2Fwp%2Fv2%2Fcategories&post=18561"},{"taxonomy":"post_tag","embeddable":true,"href":"https:\/\/inclusivenews.com.br\/index.php?rest_route=%2Fwp%2Fv2%2Ftags&post=18561"}],"curies":[{"name":"wp","href":"https:\/\/api.w.org\/{rel}","templated":true}]}}