{"id":18563,"date":"2011-02-24T08:03:45","date_gmt":"2011-02-24T11:03:45","guid":{"rendered":"http:\/\/www.inclusive.org.br\/?p=18563"},"modified":"2011-02-24T08:03:45","modified_gmt":"2011-02-24T11:03:45","slug":"concurso-de-foto-destacara-mulheres-e-odm","status":"publish","type":"post","link":"https:\/\/inclusivenews.com.br\/?p=18563","title":{"rendered":"Concurso de foto destacar\u00e1 mulheres e ODM"},"content":{"rendered":"<figure style=\"width: 201px\" class=\"wp-caption alignleft\"><img loading=\"lazy\" decoding=\"async\" title=\"Banner para o International Women's Day\" src=\"http:\/\/www.pnud.org.br\/public\/imgc3678.jpg\" alt=\"Banner para o International Women's Day\" width=\"201\" height=\"85\" \/><figcaption class=\"wp-caption-text\"> <\/figcaption><\/figure>\n<p>Um concurso de fotografias da ONU vai destacar mulheres que se engajaram nos ODM (Objetivos de Desenvolvimento do Mil\u00eanio). As melhores imagens sobre figuras femininas que inspiraram mudan\u00e7as positivas em suas cidades ou comunidades ser\u00e3o destacadas em campanhas de divulga\u00e7\u00e3o das metas das Na\u00e7\u00f5es Unidas.<\/p>\n<p>A iniciativa faz parte das comemora\u00e7\u00f5es do Dia Internacional da Mulher, em 8 de mar\u00e7o, tamb\u00e9m data-limite para envio das fotos. A ideia \u00e9 chamar a aten\u00e7\u00e3o para o terceiro Objetivo do Mil\u00eanio (Promover a igualdade entre os sexos e a autonomia das mulheres), frisar que as mulheres s\u00e3o maioria entre os pobres e, sobretudo, destacar que elas podem fazer a diferen\u00e7a.<\/p>\n<p>A foto pode ser feita em qualquer lugar do mundo. S\u00f3 \u00e9 necess\u00e1rio que o retratado seja uma mulher cujas atitudes e a\u00e7\u00f5es tenham inspirado progressos em qualquer \u00e1rea dos Objetivos do Mil\u00eanio. A imagem, com tamanho m\u00e1ximo de 500 kb, deve ser enviada ao e-mail info@endpoverty2015.org, junto de uma mensagem com at\u00e9 500 palavras contando como a mulher fotografada est\u00e1 ajudando a fazer diferen\u00e7a. \u00c9 necess\u00e1rio, ainda, identificar-se e identificar a pessoa retratada.<\/p>\n<p>Todas as fotos ser\u00e3o publicadas no site da campanha End Poverty 2015 e na p\u00e1gina da iniciativa no Facebook.<\/p>\n<p>A organiza\u00e7\u00e3o do concurso vai selecionar as cinco imagens e hist\u00f3rias mais \u201cmotivadoras e inspiradoras\u201d, e destac\u00e1-las no site e no Facebook. O material tamb\u00e9m ser\u00e1 usado, com os devidos cr\u00e9ditos, em campanhas sobre os Objetivos do Mil\u00eanio.<\/p>\n<p>___________<\/p>\n<p><strong>Fonte:<\/strong> <a href=\"http:\/\/www.pnud.org.br\/cidadania\/reportagens\/index.php?id01=3678&amp;lay=cid\">PNUD<\/a><\/p>\n","protected":false},"excerpt":{"rendered":"<p>Iniciativa da ONU vai selecionar melhores imagens de ativistas que ajudaram sua comunidade a avan\u00e7ar nos Objetivos do Mil\u00eanio. Informa\u00e7\u00e3o \u00e9 do PNUD.<\/p>\n","protected":false},"author":1,"featured_media":0,"comment_status":"open","ping_status":"open","sticky":false,"template":"","format":"standard","meta":{"site-container-style":"default","site-container-layout":"default","site-sidebar-layout":"default","disable-article-header":"default","disable-site-header":"default","disable-site-footer":"default","disable-content-area-spacing":"default","footnotes":""},"categories":[11,4],"tags":[],"class_list":["post-18563","post","type-post","status-publish","format-standard","hentry","category-direitos-humanos","category-noticias"],"yoast_head":"<!-- This site is optimized with the Yoast SEO plugin v27.4 - https:\/\/yoast.com\/product\/yoast-seo-wordpress\/ -->\n<title>Concurso de foto destacar\u00e1 mulheres e ODM -<\/title>\n<meta name=\"robots\" content=\"index, follow, max-snippet:-1, max-image-preview:large, max-video-preview:-1\" \/>\n<link rel=\"canonical\" href=\"https:\/\/inclusivenews.com.br\/?p=18563\" \/>\n<meta property=\"og:locale\" content=\"pt_PT\" \/>\n<meta property=\"og:type\" content=\"article\" \/>\n<meta property=\"og:title\" content=\"Concurso de foto destacar\u00e1 mulheres e ODM -\" \/>\n<meta property=\"og:description\" content=\"Iniciativa da ONU vai selecionar melhores imagens de ativistas que ajudaram sua comunidade a avan\u00e7ar nos Objetivos do Mil\u00eanio. Informa\u00e7\u00e3o \u00e9 do PNUD.\" \/>\n<meta property=\"og:url\" content=\"https:\/\/inclusivenews.com.br\/?p=18563\" \/>\n<meta property=\"article:publisher\" content=\"https:\/\/www.facebook.com\/agenciainclusive\/\" \/>\n<meta property=\"article:published_time\" content=\"2011-02-24T11:03:45+00:00\" \/>\n<meta property=\"og:image\" content=\"http:\/\/www.pnud.org.br\/public\/imgc3678.jpg\" \/>\n<meta name=\"author\" content=\"inclusivenews2024\" \/>\n<meta name=\"twitter:card\" content=\"summary_large_image\" \/>\n<meta name=\"twitter:label1\" content=\"Escrito por\" \/>\n\t<meta name=\"twitter:data1\" content=\"inclusivenews2024\" \/>\n\t<meta name=\"twitter:label2\" content=\"Tempo estimado de leitura\" \/>\n\t<meta name=\"twitter:data2\" content=\"1 minuto\" \/>\n<script type=\"application\/ld+json\" class=\"yoast-schema-graph\">{\"@context\":\"https:\\\/\\\/schema.org\",\"@graph\":[{\"@type\":\"Article\",\"@id\":\"https:\\\/\\\/inclusivenews.com.br\\\/?p=18563#article\",\"isPartOf\":{\"@id\":\"https:\\\/\\\/inclusivenews.com.br\\\/?p=18563\"},\"author\":{\"name\":\"inclusivenews2024\",\"@id\":\"https:\\\/\\\/inclusivenews.com.br\\\/#\\\/schema\\\/person\\\/ae4ec7087559b8692fb33b6fffd2273b\"},\"headline\":\"Concurso de foto destacar\u00e1 mulheres e ODM\",\"datePublished\":\"2011-02-24T11:03:45+00:00\",\"mainEntityOfPage\":{\"@id\":\"https:\\\/\\\/inclusivenews.com.br\\\/?p=18563\"},\"wordCount\":275,\"commentCount\":0,\"publisher\":{\"@id\":\"https:\\\/\\\/inclusivenews.com.br\\\/#organization\"},\"image\":{\"@id\":\"https:\\\/\\\/inclusivenews.com.br\\\/?p=18563#primaryimage\"},\"thumbnailUrl\":\"http:\\\/\\\/www.pnud.org.br\\\/public\\\/imgc3678.jpg\",\"articleSection\":[\"DIREITOS HUMANOS\",\"NOT\u00cdCIAS\"],\"inLanguage\":\"pt-PT\",\"potentialAction\":[{\"@type\":\"CommentAction\",\"name\":\"Comment\",\"target\":[\"https:\\\/\\\/inclusivenews.com.br\\\/?p=18563#respond\"]}]},{\"@type\":\"WebPage\",\"@id\":\"https:\\\/\\\/inclusivenews.com.br\\\/?p=18563\",\"url\":\"https:\\\/\\\/inclusivenews.com.br\\\/?p=18563\",\"name\":\"Concurso de foto destacar\u00e1 mulheres e ODM -\",\"isPartOf\":{\"@id\":\"https:\\\/\\\/inclusivenews.com.br\\\/#website\"},\"primaryImageOfPage\":{\"@id\":\"https:\\\/\\\/inclusivenews.com.br\\\/?p=18563#primaryimage\"},\"image\":{\"@id\":\"https:\\\/\\\/inclusivenews.com.br\\\/?p=18563#primaryimage\"},\"thumbnailUrl\":\"http:\\\/\\\/www.pnud.org.br\\\/public\\\/imgc3678.jpg\",\"datePublished\":\"2011-02-24T11:03:45+00:00\",\"breadcrumb\":{\"@id\":\"https:\\\/\\\/inclusivenews.com.br\\\/?p=18563#breadcrumb\"},\"inLanguage\":\"pt-PT\",\"potentialAction\":[{\"@type\":\"ReadAction\",\"target\":[\"https:\\\/\\\/inclusivenews.com.br\\\/?p=18563\"]}]},{\"@type\":\"ImageObject\",\"inLanguage\":\"pt-PT\",\"@id\":\"https:\\\/\\\/inclusivenews.com.br\\\/?p=18563#primaryimage\",\"url\":\"http:\\\/\\\/www.pnud.org.br\\\/public\\\/imgc3678.jpg\",\"contentUrl\":\"http:\\\/\\\/www.pnud.org.br\\\/public\\\/imgc3678.jpg\"},{\"@type\":\"BreadcrumbList\",\"@id\":\"https:\\\/\\\/inclusivenews.com.br\\\/?p=18563#breadcrumb\",\"itemListElement\":[{\"@type\":\"ListItem\",\"position\":1,\"name\":\"In\u00edcio\",\"item\":\"https:\\\/\\\/inclusivenews.com.br\\\/\"},{\"@type\":\"ListItem\",\"position\":2,\"name\":\"Concurso de foto destacar\u00e1 mulheres e ODM\"}]},{\"@type\":\"WebSite\",\"@id\":\"https:\\\/\\\/inclusivenews.com.br\\\/#website\",\"url\":\"https:\\\/\\\/inclusivenews.com.br\\\/\",\"name\":\"Inclusive News\",\"description\":\"Inclusive News\",\"publisher\":{\"@id\":\"https:\\\/\\\/inclusivenews.com.br\\\/#organization\"},\"potentialAction\":[{\"@type\":\"SearchAction\",\"target\":{\"@type\":\"EntryPoint\",\"urlTemplate\":\"https:\\\/\\\/inclusivenews.com.br\\\/?s={search_term_string}\"},\"query-input\":{\"@type\":\"PropertyValueSpecification\",\"valueRequired\":true,\"valueName\":\"search_term_string\"}}],\"inLanguage\":\"pt-PT\"},{\"@type\":\"Organization\",\"@id\":\"https:\\\/\\\/inclusivenews.com.br\\\/#organization\",\"name\":\"Inclusive - inclus\u00e3o e cidadania\",\"url\":\"https:\\\/\\\/inclusivenews.com.br\\\/\",\"logo\":{\"@type\":\"ImageObject\",\"inLanguage\":\"pt-PT\",\"@id\":\"https:\\\/\\\/inclusivenews.com.br\\\/#\\\/schema\\\/logo\\\/image\\\/\",\"url\":\"https:\\\/\\\/inclusivenews.com.br\\\/wp-content\\\/uploads\\\/2024\\\/03\\\/@grandesite.png\",\"contentUrl\":\"https:\\\/\\\/inclusivenews.com.br\\\/wp-content\\\/uploads\\\/2024\\\/03\\\/@grandesite.png\",\"width\":1080,\"height\":1080,\"caption\":\"Inclusive - inclus\u00e3o e cidadania\"},\"image\":{\"@id\":\"https:\\\/\\\/inclusivenews.com.br\\\/#\\\/schema\\\/logo\\\/image\\\/\"},\"sameAs\":[\"https:\\\/\\\/www.facebook.com\\\/agenciainclusive\\\/\",\"https:\\\/\\\/www.instagram.com\\\/newsinclusive\\\/\"]},{\"@type\":\"Person\",\"@id\":\"https:\\\/\\\/inclusivenews.com.br\\\/#\\\/schema\\\/person\\\/ae4ec7087559b8692fb33b6fffd2273b\",\"name\":\"inclusivenews2024\",\"image\":{\"@type\":\"ImageObject\",\"inLanguage\":\"pt-PT\",\"@id\":\"https:\\\/\\\/secure.gravatar.com\\\/avatar\\\/c5a7ef84c66fa914f55bc4f7ce26cfa275a3b9a1c5568b907bd184fb4dde7b40?s=96&d=mm&r=g\",\"url\":\"https:\\\/\\\/secure.gravatar.com\\\/avatar\\\/c5a7ef84c66fa914f55bc4f7ce26cfa275a3b9a1c5568b907bd184fb4dde7b40?s=96&d=mm&r=g\",\"contentUrl\":\"https:\\\/\\\/secure.gravatar.com\\\/avatar\\\/c5a7ef84c66fa914f55bc4f7ce26cfa275a3b9a1c5568b907bd184fb4dde7b40?s=96&d=mm&r=g\",\"caption\":\"inclusivenews2024\"},\"sameAs\":[\"https:\\\/\\\/inclusivenews.com.br\"],\"url\":\"https:\\\/\\\/inclusivenews.com.br\\\/?author=1\"}]}<\/script>\n<!-- \/ Yoast SEO plugin. -->","yoast_head_json":{"title":"Concurso de foto destacar\u00e1 mulheres e ODM -","robots":{"index":"index","follow":"follow","max-snippet":"max-snippet:-1","max-image-preview":"max-image-preview:large","max-video-preview":"max-video-preview:-1"},"canonical":"https:\/\/inclusivenews.com.br\/?p=18563","og_locale":"pt_PT","og_type":"article","og_title":"Concurso de foto destacar\u00e1 mulheres e ODM -","og_description":"Iniciativa da ONU vai selecionar melhores imagens de ativistas que ajudaram sua comunidade a avan\u00e7ar nos Objetivos do Mil\u00eanio. Informa\u00e7\u00e3o \u00e9 do PNUD.","og_url":"https:\/\/inclusivenews.com.br\/?p=18563","article_publisher":"https:\/\/www.facebook.com\/agenciainclusive\/","article_published_time":"2011-02-24T11:03:45+00:00","og_image":[{"url":"http:\/\/www.pnud.org.br\/public\/imgc3678.jpg","type":"","width":"","height":""}],"author":"inclusivenews2024","twitter_card":"summary_large_image","twitter_misc":{"Escrito por":"inclusivenews2024","Tempo estimado de leitura":"1 minuto"},"schema":{"@context":"https:\/\/schema.org","@graph":[{"@type":"Article","@id":"https:\/\/inclusivenews.com.br\/?p=18563#article","isPartOf":{"@id":"https:\/\/inclusivenews.com.br\/?p=18563"},"author":{"name":"inclusivenews2024","@id":"https:\/\/inclusivenews.com.br\/#\/schema\/person\/ae4ec7087559b8692fb33b6fffd2273b"},"headline":"Concurso de foto destacar\u00e1 mulheres e ODM","datePublished":"2011-02-24T11:03:45+00:00","mainEntityOfPage":{"@id":"https:\/\/inclusivenews.com.br\/?p=18563"},"wordCount":275,"commentCount":0,"publisher":{"@id":"https:\/\/inclusivenews.com.br\/#organization"},"image":{"@id":"https:\/\/inclusivenews.com.br\/?p=18563#primaryimage"},"thumbnailUrl":"http:\/\/www.pnud.org.br\/public\/imgc3678.jpg","articleSection":["DIREITOS HUMANOS","NOT\u00cdCIAS"],"inLanguage":"pt-PT","potentialAction":[{"@type":"CommentAction","name":"Comment","target":["https:\/\/inclusivenews.com.br\/?p=18563#respond"]}]},{"@type":"WebPage","@id":"https:\/\/inclusivenews.com.br\/?p=18563","url":"https:\/\/inclusivenews.com.br\/?p=18563","name":"Concurso de foto destacar\u00e1 mulheres e ODM -","isPartOf":{"@id":"https:\/\/inclusivenews.com.br\/#website"},"primaryImageOfPage":{"@id":"https:\/\/inclusivenews.com.br\/?p=18563#primaryimage"},"image":{"@id":"https:\/\/inclusivenews.com.br\/?p=18563#primaryimage"},"thumbnailUrl":"http:\/\/www.pnud.org.br\/public\/imgc3678.jpg","datePublished":"2011-02-24T11:03:45+00:00","breadcrumb":{"@id":"https:\/\/inclusivenews.com.br\/?p=18563#breadcrumb"},"inLanguage":"pt-PT","potentialAction":[{"@type":"ReadAction","target":["https:\/\/inclusivenews.com.br\/?p=18563"]}]},{"@type":"ImageObject","inLanguage":"pt-PT","@id":"https:\/\/inclusivenews.com.br\/?p=18563#primaryimage","url":"http:\/\/www.pnud.org.br\/public\/imgc3678.jpg","contentUrl":"http:\/\/www.pnud.org.br\/public\/imgc3678.jpg"},{"@type":"BreadcrumbList","@id":"https:\/\/inclusivenews.com.br\/?p=18563#breadcrumb","itemListElement":[{"@type":"ListItem","position":1,"name":"In\u00edcio","item":"https:\/\/inclusivenews.com.br\/"},{"@type":"ListItem","position":2,"name":"Concurso de foto destacar\u00e1 mulheres e ODM"}]},{"@type":"WebSite","@id":"https:\/\/inclusivenews.com.br\/#website","url":"https:\/\/inclusivenews.com.br\/","name":"Inclusive News","description":"Inclusive News","publisher":{"@id":"https:\/\/inclusivenews.com.br\/#organization"},"potentialAction":[{"@type":"SearchAction","target":{"@type":"EntryPoint","urlTemplate":"https:\/\/inclusivenews.com.br\/?s={search_term_string}"},"query-input":{"@type":"PropertyValueSpecification","valueRequired":true,"valueName":"search_term_string"}}],"inLanguage":"pt-PT"},{"@type":"Organization","@id":"https:\/\/inclusivenews.com.br\/#organization","name":"Inclusive - inclus\u00e3o e cidadania","url":"https:\/\/inclusivenews.com.br\/","logo":{"@type":"ImageObject","inLanguage":"pt-PT","@id":"https:\/\/inclusivenews.com.br\/#\/schema\/logo\/image\/","url":"https:\/\/inclusivenews.com.br\/wp-content\/uploads\/2024\/03\/@grandesite.png","contentUrl":"https:\/\/inclusivenews.com.br\/wp-content\/uploads\/2024\/03\/@grandesite.png","width":1080,"height":1080,"caption":"Inclusive - inclus\u00e3o e cidadania"},"image":{"@id":"https:\/\/inclusivenews.com.br\/#\/schema\/logo\/image\/"},"sameAs":["https:\/\/www.facebook.com\/agenciainclusive\/","https:\/\/www.instagram.com\/newsinclusive\/"]},{"@type":"Person","@id":"https:\/\/inclusivenews.com.br\/#\/schema\/person\/ae4ec7087559b8692fb33b6fffd2273b","name":"inclusivenews2024","image":{"@type":"ImageObject","inLanguage":"pt-PT","@id":"https:\/\/secure.gravatar.com\/avatar\/c5a7ef84c66fa914f55bc4f7ce26cfa275a3b9a1c5568b907bd184fb4dde7b40?s=96&d=mm&r=g","url":"https:\/\/secure.gravatar.com\/avatar\/c5a7ef84c66fa914f55bc4f7ce26cfa275a3b9a1c5568b907bd184fb4dde7b40?s=96&d=mm&r=g","contentUrl":"https:\/\/secure.gravatar.com\/avatar\/c5a7ef84c66fa914f55bc4f7ce26cfa275a3b9a1c5568b907bd184fb4dde7b40?s=96&d=mm&r=g","caption":"inclusivenews2024"},"sameAs":["https:\/\/inclusivenews.com.br"],"url":"https:\/\/inclusivenews.com.br\/?author=1"}]}},"_links":{"self":[{"href":"https:\/\/inclusivenews.com.br\/index.php?rest_route=\/wp\/v2\/posts\/18563","targetHints":{"allow":["GET"]}}],"collection":[{"href":"https:\/\/inclusivenews.com.br\/index.php?rest_route=\/wp\/v2\/posts"}],"about":[{"href":"https:\/\/inclusivenews.com.br\/index.php?rest_route=\/wp\/v2\/types\/post"}],"author":[{"embeddable":true,"href":"https:\/\/inclusivenews.com.br\/index.php?rest_route=\/wp\/v2\/users\/1"}],"replies":[{"embeddable":true,"href":"https:\/\/inclusivenews.com.br\/index.php?rest_route=%2Fwp%2Fv2%2Fcomments&post=18563"}],"version-history":[{"count":0,"href":"https:\/\/inclusivenews.com.br\/index.php?rest_route=\/wp\/v2\/posts\/18563\/revisions"}],"wp:attachment":[{"href":"https:\/\/inclusivenews.com.br\/index.php?rest_route=%2Fwp%2Fv2%2Fmedia&parent=18563"}],"wp:term":[{"taxonomy":"category","embeddable":true,"href":"https:\/\/inclusivenews.com.br\/index.php?rest_route=%2Fwp%2Fv2%2Fcategories&post=18563"},{"taxonomy":"post_tag","embeddable":true,"href":"https:\/\/inclusivenews.com.br\/index.php?rest_route=%2Fwp%2Fv2%2Ftags&post=18563"}],"curies":[{"name":"wp","href":"https:\/\/api.w.org\/{rel}","templated":true}]}}