{"id":18565,"date":"2011-02-24T08:12:20","date_gmt":"2011-02-24T11:12:20","guid":{"rendered":"http:\/\/www.inclusive.org.br\/?p=18565"},"modified":"2011-02-24T08:12:20","modified_gmt":"2011-02-24T11:12:20","slug":"revista-exalta-cultura-da-periferia","status":"publish","type":"post","link":"https:\/\/inclusivenews.com.br\/?p=18565","title":{"rendered":"Revista exalta cultura da periferia"},"content":{"rendered":"<figure style=\"width: 344px\" class=\"wp-caption alignleft\"><img loading=\"lazy\" decoding=\"async\" class=\" \" title=\"Festa na Cooperifa, os participantes seguram bal\u00f5es com a logo: um menino puxa uma pipa sobre o nome &quot;Cooperifa&quot;\" src=\"http:\/\/files.oliteratico.webnode.com\/200000109-cf531d1471\/1224610050_cooperifa.jpg\" alt=\"Festa na Cooperifa, os participantes seguram bal\u00f5es com a logo: um menino puxa uma pipa sobre o nome &quot;Cooperifa&quot;\" width=\"344\" height=\"258\" \/><figcaption class=\"wp-caption-text\"> <\/figcaption><\/figure>\n<p>Como parte das atividades de comemora\u00e7\u00e3o dos 10 anos de seu famoso sarau, a Cooperifa lan\u00e7ou no m\u00eas de janeiro uma revista especial. Com o apoio do Programa para a Valoriza\u00e7\u00e3o de Iniciativas Culturais (VAI), da Prefeitura de S\u00e3o Paulo, e do Ita\u00fa Cultural, a Revista Cooperifa teve 5.000 exemplares impressos que ser\u00e3o distribu\u00eddos gratuitamente.<\/p>\n<p>Segundo S\u00e9rgio Vaz, idealizador e organizador da iniciativa, essa edi\u00e7\u00e3o \u00e9 uma esp\u00e9cie de \u201ccart\u00e3o de visitas\u201d da associa\u00e7\u00e3o. \u201cA gente quis mostrar ao mundo o nosso trabalho, o que a gente faz, como, quem s\u00e3o as pessoas que est\u00e3o pr\u00f3ximas&#8230; Todas as pessoas que est\u00e3o nessa revista s\u00e3o amigos e parceiros\u201d, conta. A proposta, por\u00e9m, \u00e9 que a Revista seja uma publica\u00e7\u00e3o bimestral e que trate de temas relacionados \u00e0 cultura e \u00e0 periferia.<\/p>\n<p>Al\u00e9m do sarau<\/p>\n<p>Al\u00e9m do tradicional sarau \u00e0s quartas-feiras no Bar do Z\u00e9 Batid\u00e3o, a Cooperifa organiza saraus em escolas, al\u00e9m do cinema na laje, onde s\u00e3o exibidos document\u00e1rios e filmes alternativos.<\/p>\n<p>A primeira edi\u00e7\u00e3o da Revista Cooperifa traz mat\u00e9rias sobre estas e outras atividades, al\u00e9m de, \u00e9 claro, textos dos poetas que participam do sarau. H\u00e1 ainda uma entrevista com Helo\u00edsa Buarque de Hollanda, idealizadora da cole\u00e7\u00e3o Tramas Urbanas, que publica livros de autores das periferias de grandes cidades brasileiras, e um guia dos saraus que acontecem atualmente na capital paulistana.<\/p>\n<p>Ant\u00f4nio Ele\u00edlson Leite, coordenador da \u00e1rea de cultura da A\u00e7\u00e3o Educativa, tamb\u00e9m participa desta primeira edi\u00e7\u00e3o como entrevistado. Ele conta um pouco sobre a rela\u00e7\u00e3o da A\u00e7\u00e3o Educativa com a Cooperifa, parceria que se inicia por volta de 2006, quando a A\u00e7\u00e3o Educativa j\u00e1 apoiava a publica\u00e7\u00e3o de livros de autores que participavam frequentemente do sarau, e segue at\u00e9 os dias de hoje com um hist\u00f3rico de in\u00fameras atividades em conjunto. Para ele, \u201ccom a revista, a Cooperifa d\u00e1 um passo muito importante para al\u00e9m do sarau, se configurando como um movimento cultural\u201d.<\/p>\n<p>Dez anos<\/p>\n<p>Para Vaz, o significado desses 10 anos para a Cooperifa fica evidente quando se lembra que atualmente \u00e9 lan\u00e7ado pelo menos um livro de autores da periferia em cada sarau, ou seja, no m\u00ednimo um por semana.<\/p>\n<p>Al\u00e9m disso, com o tempo foram se somando uma s\u00e9rie de outras atividades. \u201cA Cooperifa se embrenhou na comunidade e fez com que as pessoas acreditassem que \u00e9 poss\u00edvel fazer cultura longe do centro das coisas\u201d, conta Vaz, destacando que n\u00e3o se trata simplesmente do centro geogr\u00e1fico da cidade, mas sim do centro simb\u00f3lico, aquele onde as \u201ccoisas\u201d acontecem. \u201cEstamos cheios de calos nas m\u00e3os, suor no rosto, mas \u00e9 uma coisa que a gente esta muito feliz, porque um projeto que n\u00e3o depende de financiamento do governo sobreviver 10 anos \u00e9 muito importante\u201d, conclui o poeta.<\/p>\n<p>__________________<\/p>\n<p><strong>Fonte:<\/strong> <a href=\"http:\/\/www.acaoeducativa.org.br\/portal\/index.php?option=com_content&amp;task=view&amp;id=2539&amp;Itemid=2\">A\u00e7\u00e3o Educativa<\/a><\/p>\n","protected":false},"excerpt":{"rendered":"<p>Primeira edi\u00e7\u00e3o da Revista Cooperifa relata atividades e trajet\u00f3ria da iniciativa que completa dez anos em 2011. Muito digno de nota e de parab\u00e9ns! Informa\u00e7\u00e3o vem da A\u00e7\u00e3o Educativa.<\/p>\n","protected":false},"author":1,"featured_media":0,"comment_status":"open","ping_status":"open","sticky":false,"template":"","format":"standard","meta":{"site-container-style":"default","site-container-layout":"default","site-sidebar-layout":"default","disable-article-header":"default","disable-site-header":"default","disable-site-footer":"default","disable-content-area-spacing":"default","footnotes":""},"categories":[4,10,80],"tags":[],"class_list":["post-18565","post","type-post","status-publish","format-standard","hentry","category-noticias","category-publicacoes","category-revistas"],"yoast_head":"<!-- This site is optimized with the Yoast SEO plugin v27.4 - https:\/\/yoast.com\/product\/yoast-seo-wordpress\/ -->\n<title>Revista exalta cultura da periferia -<\/title>\n<meta name=\"robots\" content=\"index, follow, max-snippet:-1, max-image-preview:large, max-video-preview:-1\" \/>\n<link rel=\"canonical\" href=\"https:\/\/inclusivenews.com.br\/?p=18565\" \/>\n<meta property=\"og:locale\" content=\"pt_PT\" \/>\n<meta property=\"og:type\" content=\"article\" \/>\n<meta property=\"og:title\" content=\"Revista exalta cultura da periferia -\" \/>\n<meta property=\"og:description\" content=\"Primeira edi\u00e7\u00e3o da Revista Cooperifa relata atividades e trajet\u00f3ria da iniciativa que completa dez anos em 2011. Muito digno de nota e de parab\u00e9ns! Informa\u00e7\u00e3o vem da A\u00e7\u00e3o Educativa.\" \/>\n<meta property=\"og:url\" content=\"https:\/\/inclusivenews.com.br\/?p=18565\" \/>\n<meta property=\"article:publisher\" content=\"https:\/\/www.facebook.com\/agenciainclusive\/\" \/>\n<meta property=\"article:published_time\" content=\"2011-02-24T11:12:20+00:00\" \/>\n<meta property=\"og:image\" content=\"http:\/\/files.oliteratico.webnode.com\/200000109-cf531d1471\/1224610050_cooperifa.jpg\" \/>\n<meta name=\"author\" content=\"inclusivenews2024\" \/>\n<meta name=\"twitter:card\" content=\"summary_large_image\" \/>\n<meta name=\"twitter:label1\" content=\"Escrito por\" \/>\n\t<meta name=\"twitter:data1\" content=\"inclusivenews2024\" \/>\n\t<meta name=\"twitter:label2\" content=\"Tempo estimado de leitura\" \/>\n\t<meta name=\"twitter:data2\" content=\"3 minutos\" \/>\n<script type=\"application\/ld+json\" class=\"yoast-schema-graph\">{\"@context\":\"https:\\\/\\\/schema.org\",\"@graph\":[{\"@type\":\"Article\",\"@id\":\"https:\\\/\\\/inclusivenews.com.br\\\/?p=18565#article\",\"isPartOf\":{\"@id\":\"https:\\\/\\\/inclusivenews.com.br\\\/?p=18565\"},\"author\":{\"name\":\"inclusivenews2024\",\"@id\":\"https:\\\/\\\/inclusivenews.com.br\\\/#\\\/schema\\\/person\\\/ae4ec7087559b8692fb33b6fffd2273b\"},\"headline\":\"Revista exalta cultura da periferia\",\"datePublished\":\"2011-02-24T11:12:20+00:00\",\"mainEntityOfPage\":{\"@id\":\"https:\\\/\\\/inclusivenews.com.br\\\/?p=18565\"},\"wordCount\":505,\"commentCount\":0,\"publisher\":{\"@id\":\"https:\\\/\\\/inclusivenews.com.br\\\/#organization\"},\"image\":{\"@id\":\"https:\\\/\\\/inclusivenews.com.br\\\/?p=18565#primaryimage\"},\"thumbnailUrl\":\"http:\\\/\\\/files.oliteratico.webnode.com\\\/200000109-cf531d1471\\\/1224610050_cooperifa.jpg\",\"articleSection\":[\"NOT\u00cdCIAS\",\"PUBLICA\u00c7\u00d5ES\",\"Revistas\"],\"inLanguage\":\"pt-PT\",\"potentialAction\":[{\"@type\":\"CommentAction\",\"name\":\"Comment\",\"target\":[\"https:\\\/\\\/inclusivenews.com.br\\\/?p=18565#respond\"]}]},{\"@type\":\"WebPage\",\"@id\":\"https:\\\/\\\/inclusivenews.com.br\\\/?p=18565\",\"url\":\"https:\\\/\\\/inclusivenews.com.br\\\/?p=18565\",\"name\":\"Revista exalta cultura da periferia -\",\"isPartOf\":{\"@id\":\"https:\\\/\\\/inclusivenews.com.br\\\/#website\"},\"primaryImageOfPage\":{\"@id\":\"https:\\\/\\\/inclusivenews.com.br\\\/?p=18565#primaryimage\"},\"image\":{\"@id\":\"https:\\\/\\\/inclusivenews.com.br\\\/?p=18565#primaryimage\"},\"thumbnailUrl\":\"http:\\\/\\\/files.oliteratico.webnode.com\\\/200000109-cf531d1471\\\/1224610050_cooperifa.jpg\",\"datePublished\":\"2011-02-24T11:12:20+00:00\",\"breadcrumb\":{\"@id\":\"https:\\\/\\\/inclusivenews.com.br\\\/?p=18565#breadcrumb\"},\"inLanguage\":\"pt-PT\",\"potentialAction\":[{\"@type\":\"ReadAction\",\"target\":[\"https:\\\/\\\/inclusivenews.com.br\\\/?p=18565\"]}]},{\"@type\":\"ImageObject\",\"inLanguage\":\"pt-PT\",\"@id\":\"https:\\\/\\\/inclusivenews.com.br\\\/?p=18565#primaryimage\",\"url\":\"http:\\\/\\\/files.oliteratico.webnode.com\\\/200000109-cf531d1471\\\/1224610050_cooperifa.jpg\",\"contentUrl\":\"http:\\\/\\\/files.oliteratico.webnode.com\\\/200000109-cf531d1471\\\/1224610050_cooperifa.jpg\"},{\"@type\":\"BreadcrumbList\",\"@id\":\"https:\\\/\\\/inclusivenews.com.br\\\/?p=18565#breadcrumb\",\"itemListElement\":[{\"@type\":\"ListItem\",\"position\":1,\"name\":\"In\u00edcio\",\"item\":\"https:\\\/\\\/inclusivenews.com.br\\\/\"},{\"@type\":\"ListItem\",\"position\":2,\"name\":\"Revista exalta cultura da periferia\"}]},{\"@type\":\"WebSite\",\"@id\":\"https:\\\/\\\/inclusivenews.com.br\\\/#website\",\"url\":\"https:\\\/\\\/inclusivenews.com.br\\\/\",\"name\":\"Inclusive News\",\"description\":\"Inclusive News\",\"publisher\":{\"@id\":\"https:\\\/\\\/inclusivenews.com.br\\\/#organization\"},\"potentialAction\":[{\"@type\":\"SearchAction\",\"target\":{\"@type\":\"EntryPoint\",\"urlTemplate\":\"https:\\\/\\\/inclusivenews.com.br\\\/?s={search_term_string}\"},\"query-input\":{\"@type\":\"PropertyValueSpecification\",\"valueRequired\":true,\"valueName\":\"search_term_string\"}}],\"inLanguage\":\"pt-PT\"},{\"@type\":\"Organization\",\"@id\":\"https:\\\/\\\/inclusivenews.com.br\\\/#organization\",\"name\":\"Inclusive - inclus\u00e3o e cidadania\",\"url\":\"https:\\\/\\\/inclusivenews.com.br\\\/\",\"logo\":{\"@type\":\"ImageObject\",\"inLanguage\":\"pt-PT\",\"@id\":\"https:\\\/\\\/inclusivenews.com.br\\\/#\\\/schema\\\/logo\\\/image\\\/\",\"url\":\"https:\\\/\\\/inclusivenews.com.br\\\/wp-content\\\/uploads\\\/2024\\\/03\\\/@grandesite.png\",\"contentUrl\":\"https:\\\/\\\/inclusivenews.com.br\\\/wp-content\\\/uploads\\\/2024\\\/03\\\/@grandesite.png\",\"width\":1080,\"height\":1080,\"caption\":\"Inclusive - inclus\u00e3o e cidadania\"},\"image\":{\"@id\":\"https:\\\/\\\/inclusivenews.com.br\\\/#\\\/schema\\\/logo\\\/image\\\/\"},\"sameAs\":[\"https:\\\/\\\/www.facebook.com\\\/agenciainclusive\\\/\",\"https:\\\/\\\/www.instagram.com\\\/newsinclusive\\\/\"]},{\"@type\":\"Person\",\"@id\":\"https:\\\/\\\/inclusivenews.com.br\\\/#\\\/schema\\\/person\\\/ae4ec7087559b8692fb33b6fffd2273b\",\"name\":\"inclusivenews2024\",\"image\":{\"@type\":\"ImageObject\",\"inLanguage\":\"pt-PT\",\"@id\":\"https:\\\/\\\/secure.gravatar.com\\\/avatar\\\/c5a7ef84c66fa914f55bc4f7ce26cfa275a3b9a1c5568b907bd184fb4dde7b40?s=96&d=mm&r=g\",\"url\":\"https:\\\/\\\/secure.gravatar.com\\\/avatar\\\/c5a7ef84c66fa914f55bc4f7ce26cfa275a3b9a1c5568b907bd184fb4dde7b40?s=96&d=mm&r=g\",\"contentUrl\":\"https:\\\/\\\/secure.gravatar.com\\\/avatar\\\/c5a7ef84c66fa914f55bc4f7ce26cfa275a3b9a1c5568b907bd184fb4dde7b40?s=96&d=mm&r=g\",\"caption\":\"inclusivenews2024\"},\"sameAs\":[\"https:\\\/\\\/inclusivenews.com.br\"],\"url\":\"https:\\\/\\\/inclusivenews.com.br\\\/?author=1\"}]}<\/script>\n<!-- \/ Yoast SEO plugin. -->","yoast_head_json":{"title":"Revista exalta cultura da periferia -","robots":{"index":"index","follow":"follow","max-snippet":"max-snippet:-1","max-image-preview":"max-image-preview:large","max-video-preview":"max-video-preview:-1"},"canonical":"https:\/\/inclusivenews.com.br\/?p=18565","og_locale":"pt_PT","og_type":"article","og_title":"Revista exalta cultura da periferia -","og_description":"Primeira edi\u00e7\u00e3o da Revista Cooperifa relata atividades e trajet\u00f3ria da iniciativa que completa dez anos em 2011. Muito digno de nota e de parab\u00e9ns! Informa\u00e7\u00e3o vem da A\u00e7\u00e3o Educativa.","og_url":"https:\/\/inclusivenews.com.br\/?p=18565","article_publisher":"https:\/\/www.facebook.com\/agenciainclusive\/","article_published_time":"2011-02-24T11:12:20+00:00","og_image":[{"url":"http:\/\/files.oliteratico.webnode.com\/200000109-cf531d1471\/1224610050_cooperifa.jpg","type":"","width":"","height":""}],"author":"inclusivenews2024","twitter_card":"summary_large_image","twitter_misc":{"Escrito por":"inclusivenews2024","Tempo estimado de leitura":"3 minutos"},"schema":{"@context":"https:\/\/schema.org","@graph":[{"@type":"Article","@id":"https:\/\/inclusivenews.com.br\/?p=18565#article","isPartOf":{"@id":"https:\/\/inclusivenews.com.br\/?p=18565"},"author":{"name":"inclusivenews2024","@id":"https:\/\/inclusivenews.com.br\/#\/schema\/person\/ae4ec7087559b8692fb33b6fffd2273b"},"headline":"Revista exalta cultura da periferia","datePublished":"2011-02-24T11:12:20+00:00","mainEntityOfPage":{"@id":"https:\/\/inclusivenews.com.br\/?p=18565"},"wordCount":505,"commentCount":0,"publisher":{"@id":"https:\/\/inclusivenews.com.br\/#organization"},"image":{"@id":"https:\/\/inclusivenews.com.br\/?p=18565#primaryimage"},"thumbnailUrl":"http:\/\/files.oliteratico.webnode.com\/200000109-cf531d1471\/1224610050_cooperifa.jpg","articleSection":["NOT\u00cdCIAS","PUBLICA\u00c7\u00d5ES","Revistas"],"inLanguage":"pt-PT","potentialAction":[{"@type":"CommentAction","name":"Comment","target":["https:\/\/inclusivenews.com.br\/?p=18565#respond"]}]},{"@type":"WebPage","@id":"https:\/\/inclusivenews.com.br\/?p=18565","url":"https:\/\/inclusivenews.com.br\/?p=18565","name":"Revista exalta cultura da periferia -","isPartOf":{"@id":"https:\/\/inclusivenews.com.br\/#website"},"primaryImageOfPage":{"@id":"https:\/\/inclusivenews.com.br\/?p=18565#primaryimage"},"image":{"@id":"https:\/\/inclusivenews.com.br\/?p=18565#primaryimage"},"thumbnailUrl":"http:\/\/files.oliteratico.webnode.com\/200000109-cf531d1471\/1224610050_cooperifa.jpg","datePublished":"2011-02-24T11:12:20+00:00","breadcrumb":{"@id":"https:\/\/inclusivenews.com.br\/?p=18565#breadcrumb"},"inLanguage":"pt-PT","potentialAction":[{"@type":"ReadAction","target":["https:\/\/inclusivenews.com.br\/?p=18565"]}]},{"@type":"ImageObject","inLanguage":"pt-PT","@id":"https:\/\/inclusivenews.com.br\/?p=18565#primaryimage","url":"http:\/\/files.oliteratico.webnode.com\/200000109-cf531d1471\/1224610050_cooperifa.jpg","contentUrl":"http:\/\/files.oliteratico.webnode.com\/200000109-cf531d1471\/1224610050_cooperifa.jpg"},{"@type":"BreadcrumbList","@id":"https:\/\/inclusivenews.com.br\/?p=18565#breadcrumb","itemListElement":[{"@type":"ListItem","position":1,"name":"In\u00edcio","item":"https:\/\/inclusivenews.com.br\/"},{"@type":"ListItem","position":2,"name":"Revista exalta cultura da periferia"}]},{"@type":"WebSite","@id":"https:\/\/inclusivenews.com.br\/#website","url":"https:\/\/inclusivenews.com.br\/","name":"Inclusive News","description":"Inclusive News","publisher":{"@id":"https:\/\/inclusivenews.com.br\/#organization"},"potentialAction":[{"@type":"SearchAction","target":{"@type":"EntryPoint","urlTemplate":"https:\/\/inclusivenews.com.br\/?s={search_term_string}"},"query-input":{"@type":"PropertyValueSpecification","valueRequired":true,"valueName":"search_term_string"}}],"inLanguage":"pt-PT"},{"@type":"Organization","@id":"https:\/\/inclusivenews.com.br\/#organization","name":"Inclusive - inclus\u00e3o e cidadania","url":"https:\/\/inclusivenews.com.br\/","logo":{"@type":"ImageObject","inLanguage":"pt-PT","@id":"https:\/\/inclusivenews.com.br\/#\/schema\/logo\/image\/","url":"https:\/\/inclusivenews.com.br\/wp-content\/uploads\/2024\/03\/@grandesite.png","contentUrl":"https:\/\/inclusivenews.com.br\/wp-content\/uploads\/2024\/03\/@grandesite.png","width":1080,"height":1080,"caption":"Inclusive - inclus\u00e3o e cidadania"},"image":{"@id":"https:\/\/inclusivenews.com.br\/#\/schema\/logo\/image\/"},"sameAs":["https:\/\/www.facebook.com\/agenciainclusive\/","https:\/\/www.instagram.com\/newsinclusive\/"]},{"@type":"Person","@id":"https:\/\/inclusivenews.com.br\/#\/schema\/person\/ae4ec7087559b8692fb33b6fffd2273b","name":"inclusivenews2024","image":{"@type":"ImageObject","inLanguage":"pt-PT","@id":"https:\/\/secure.gravatar.com\/avatar\/c5a7ef84c66fa914f55bc4f7ce26cfa275a3b9a1c5568b907bd184fb4dde7b40?s=96&d=mm&r=g","url":"https:\/\/secure.gravatar.com\/avatar\/c5a7ef84c66fa914f55bc4f7ce26cfa275a3b9a1c5568b907bd184fb4dde7b40?s=96&d=mm&r=g","contentUrl":"https:\/\/secure.gravatar.com\/avatar\/c5a7ef84c66fa914f55bc4f7ce26cfa275a3b9a1c5568b907bd184fb4dde7b40?s=96&d=mm&r=g","caption":"inclusivenews2024"},"sameAs":["https:\/\/inclusivenews.com.br"],"url":"https:\/\/inclusivenews.com.br\/?author=1"}]}},"_links":{"self":[{"href":"https:\/\/inclusivenews.com.br\/index.php?rest_route=\/wp\/v2\/posts\/18565","targetHints":{"allow":["GET"]}}],"collection":[{"href":"https:\/\/inclusivenews.com.br\/index.php?rest_route=\/wp\/v2\/posts"}],"about":[{"href":"https:\/\/inclusivenews.com.br\/index.php?rest_route=\/wp\/v2\/types\/post"}],"author":[{"embeddable":true,"href":"https:\/\/inclusivenews.com.br\/index.php?rest_route=\/wp\/v2\/users\/1"}],"replies":[{"embeddable":true,"href":"https:\/\/inclusivenews.com.br\/index.php?rest_route=%2Fwp%2Fv2%2Fcomments&post=18565"}],"version-history":[{"count":0,"href":"https:\/\/inclusivenews.com.br\/index.php?rest_route=\/wp\/v2\/posts\/18565\/revisions"}],"wp:attachment":[{"href":"https:\/\/inclusivenews.com.br\/index.php?rest_route=%2Fwp%2Fv2%2Fmedia&parent=18565"}],"wp:term":[{"taxonomy":"category","embeddable":true,"href":"https:\/\/inclusivenews.com.br\/index.php?rest_route=%2Fwp%2Fv2%2Fcategories&post=18565"},{"taxonomy":"post_tag","embeddable":true,"href":"https:\/\/inclusivenews.com.br\/index.php?rest_route=%2Fwp%2Fv2%2Ftags&post=18565"}],"curies":[{"name":"wp","href":"https:\/\/api.w.org\/{rel}","templated":true}]}}