{"id":18571,"date":"2011-03-03T09:12:10","date_gmt":"2011-03-03T12:12:10","guid":{"rendered":"http:\/\/www.inclusive.org.br\/?p=18571"},"modified":"2011-03-03T09:12:10","modified_gmt":"2011-03-03T12:12:10","slug":"presidente-de-comite-da-onu-recebe-senior-australian-award-de-2011","status":"publish","type":"post","link":"https:\/\/inclusivenews.com.br\/?p=18571","title":{"rendered":"Presidente de Comit\u00ea da ONU recebe Senior Australian Award de 2011"},"content":{"rendered":"<figure style=\"width: 200px\" class=\"wp-caption alignleft\"><img loading=\"lazy\" decoding=\"async\" title=\"Ron McCallum recebendo o pr\u00eamio\" src=\"http:\/\/www.ohchr.org\/SiteCollectionImages\/Press\/Australian_Ron_Mccallum_int.jpg\" alt=\"Ron McCallum recebendo o pr\u00eamio\" width=\"200\" height=\"133\" \/><figcaption class=\"wp-caption-text\"> <\/figcaption><\/figure>\n<p>A primeira-ministra da Austr\u00e1lia concedeu o pr\u00eamio Senior Australian of the Year, uma das maiores honrarias nacionais, a Ron McCallum, por sua excepcional contribui\u00e7\u00e3o trabalhando com pessoas com defici\u00eancia. \u201cEu estou muito surpreso e enormemente honrado com a concess\u00e3o deste pr\u00eamio. Entretanto, sendo uma pessoa que acabou de chegar aos sessenta, ainda estou me acostumando com o t\u00edtulo de s\u00eanior\u201d, disse.<\/p>\n<p>O prestigioso pr\u00eamio reconhece australianos com mais de sessenta anos que continuam empreendendo conquistas e contribui\u00e7\u00f5es.<\/p>\n<p>McCallum foi um dos 12 primeiros membros do comit\u00ea de monitoramento das Na\u00e7\u00f5es Unidas ligado \u00e0 Conven\u00e7\u00e3o sobre os Direitos das Pessoas com Defici\u00eancia. Em 2009, ele foi indicado como o primeiro relator desse comit\u00ea e \u00e9, atualmente, Presidente do Comit\u00ea de experts.<\/p>\n<p>O Comit\u00ea sobre Direitos das Pessoas com Defici\u00eancia e seu Protocolo Optativo foram estabelecidos em 3 de maio de 2008, desempenhando o importante papel de auxiliar os Estados partes a implementar a Conven\u00e7\u00e3o e reconhecer os direitos da pessoa com defici\u00eancia. A proposta principal da Conven\u00e7\u00e3o \u00e9 promover, proteger e assegurar o completo e igual gozo de todos os direitos humanos e liberdades fundamentais para todas as pessoas com defici\u00eancia, al\u00e9m de promover o respeito \u00e0 sua dignidade inerente.<\/p>\n<p>McCallum \u00e9 a primeira pessoa totalmente cega a ser apontada como Professor em tempo integral em uma universidade australiana. Ele atuou como diretor da Faculdade de Direito da Universidade de Sydney, de 2002 at\u00e9 2007, al\u00e9m de dirigiu o ramo de New South Wales da R\u00e1dio para Deficientes Visuais, a qual lia revistas e jornais pelas ondas radiof\u00f4nicas.<\/p>\n<p>Segundo o National Australia Day Council, entidade que concedeu a honoraria a McCallum, \u201cRon \u00e9 uma lideran\u00e7a luminosa na comunidade das pessoas com defici\u00eancia, trabalhando pela igualdade entre todos os australianos\u201d.<\/p>\n<p>___________<\/p>\n<p><strong>Fonte:<\/strong> <a href=\"http:\/\/www.ohchr.org\/EN\/NewsEvents\/Pages\/ChairUNCommitteeReceivesSeniorAustralianAward.aspx\">UNHR<\/a><\/p>\n","protected":false},"excerpt":{"rendered":"<p>Segundo o National Australia Day Council, entidade que concedeu a honoraria a McCallum, \u201cRon \u00e9 uma lideran\u00e7a luminosa na comunidade das pessoas com defici\u00eancia, trabalhando pela igualdade entre todos os australianos\u201d.<\/p>\n","protected":false},"author":1,"featured_media":0,"comment_status":"open","ping_status":"open","sticky":false,"template":"","format":"standard","meta":{"site-container-style":"default","site-container-layout":"default","site-sidebar-layout":"default","disable-article-header":"default","disable-site-header":"default","disable-site-footer":"default","disable-content-area-spacing":"default","footnotes":""},"categories":[38,4],"tags":[],"class_list":["post-18571","post","type-post","status-publish","format-standard","hentry","category-deficiencia","category-noticias"],"yoast_head":"<!-- This site is optimized with the Yoast SEO plugin v27.5 - https:\/\/yoast.com\/product\/yoast-seo-wordpress\/ -->\n<title>Presidente de Comit\u00ea da ONU recebe Senior Australian Award de 2011 -<\/title>\n<meta name=\"robots\" content=\"index, follow, max-snippet:-1, max-image-preview:large, max-video-preview:-1\" \/>\n<link rel=\"canonical\" href=\"https:\/\/inclusivenews.com.br\/?p=18571\" \/>\n<meta property=\"og:locale\" content=\"pt_PT\" \/>\n<meta property=\"og:type\" content=\"article\" \/>\n<meta property=\"og:title\" content=\"Presidente de Comit\u00ea da ONU recebe Senior Australian Award de 2011 -\" \/>\n<meta property=\"og:description\" content=\"Segundo o National Australia Day Council, entidade que concedeu a honoraria a McCallum, \u201cRon \u00e9 uma lideran\u00e7a luminosa na comunidade das pessoas com defici\u00eancia, trabalhando pela igualdade entre todos os australianos\u201d.\" \/>\n<meta property=\"og:url\" content=\"https:\/\/inclusivenews.com.br\/?p=18571\" \/>\n<meta property=\"article:publisher\" content=\"https:\/\/www.facebook.com\/agenciainclusive\/\" \/>\n<meta property=\"article:published_time\" content=\"2011-03-03T12:12:10+00:00\" \/>\n<meta property=\"og:image\" content=\"http:\/\/www.ohchr.org\/SiteCollectionImages\/Press\/Australian_Ron_Mccallum_int.jpg\" \/>\n<meta name=\"author\" content=\"inclusivenews2024\" \/>\n<meta name=\"twitter:card\" content=\"summary_large_image\" \/>\n<meta name=\"twitter:label1\" content=\"Escrito por\" \/>\n\t<meta name=\"twitter:data1\" content=\"inclusivenews2024\" \/>\n\t<meta name=\"twitter:label2\" content=\"Tempo estimado de leitura\" \/>\n\t<meta name=\"twitter:data2\" content=\"2 minutos\" \/>\n<script type=\"application\/ld+json\" class=\"yoast-schema-graph\">{\"@context\":\"https:\\\/\\\/schema.org\",\"@graph\":[{\"@type\":\"Article\",\"@id\":\"https:\\\/\\\/inclusivenews.com.br\\\/?p=18571#article\",\"isPartOf\":{\"@id\":\"https:\\\/\\\/inclusivenews.com.br\\\/?p=18571\"},\"author\":{\"name\":\"inclusivenews2024\",\"@id\":\"https:\\\/\\\/inclusivenews.com.br\\\/#\\\/schema\\\/person\\\/ae4ec7087559b8692fb33b6fffd2273b\"},\"headline\":\"Presidente de Comit\u00ea da ONU recebe Senior Australian Award de 2011\",\"datePublished\":\"2011-03-03T12:12:10+00:00\",\"mainEntityOfPage\":{\"@id\":\"https:\\\/\\\/inclusivenews.com.br\\\/?p=18571\"},\"wordCount\":319,\"commentCount\":0,\"publisher\":{\"@id\":\"https:\\\/\\\/inclusivenews.com.br\\\/#organization\"},\"image\":{\"@id\":\"https:\\\/\\\/inclusivenews.com.br\\\/?p=18571#primaryimage\"},\"thumbnailUrl\":\"http:\\\/\\\/www.ohchr.org\\\/SiteCollectionImages\\\/Press\\\/Australian_Ron_Mccallum_int.jpg\",\"articleSection\":[\"Defici\u00eancia\",\"NOT\u00cdCIAS\"],\"inLanguage\":\"pt-PT\",\"potentialAction\":[{\"@type\":\"CommentAction\",\"name\":\"Comment\",\"target\":[\"https:\\\/\\\/inclusivenews.com.br\\\/?p=18571#respond\"]}]},{\"@type\":\"WebPage\",\"@id\":\"https:\\\/\\\/inclusivenews.com.br\\\/?p=18571\",\"url\":\"https:\\\/\\\/inclusivenews.com.br\\\/?p=18571\",\"name\":\"Presidente de Comit\u00ea da ONU recebe Senior Australian Award de 2011 -\",\"isPartOf\":{\"@id\":\"https:\\\/\\\/inclusivenews.com.br\\\/#website\"},\"primaryImageOfPage\":{\"@id\":\"https:\\\/\\\/inclusivenews.com.br\\\/?p=18571#primaryimage\"},\"image\":{\"@id\":\"https:\\\/\\\/inclusivenews.com.br\\\/?p=18571#primaryimage\"},\"thumbnailUrl\":\"http:\\\/\\\/www.ohchr.org\\\/SiteCollectionImages\\\/Press\\\/Australian_Ron_Mccallum_int.jpg\",\"datePublished\":\"2011-03-03T12:12:10+00:00\",\"breadcrumb\":{\"@id\":\"https:\\\/\\\/inclusivenews.com.br\\\/?p=18571#breadcrumb\"},\"inLanguage\":\"pt-PT\",\"potentialAction\":[{\"@type\":\"ReadAction\",\"target\":[\"https:\\\/\\\/inclusivenews.com.br\\\/?p=18571\"]}]},{\"@type\":\"ImageObject\",\"inLanguage\":\"pt-PT\",\"@id\":\"https:\\\/\\\/inclusivenews.com.br\\\/?p=18571#primaryimage\",\"url\":\"http:\\\/\\\/www.ohchr.org\\\/SiteCollectionImages\\\/Press\\\/Australian_Ron_Mccallum_int.jpg\",\"contentUrl\":\"http:\\\/\\\/www.ohchr.org\\\/SiteCollectionImages\\\/Press\\\/Australian_Ron_Mccallum_int.jpg\"},{\"@type\":\"BreadcrumbList\",\"@id\":\"https:\\\/\\\/inclusivenews.com.br\\\/?p=18571#breadcrumb\",\"itemListElement\":[{\"@type\":\"ListItem\",\"position\":1,\"name\":\"In\u00edcio\",\"item\":\"https:\\\/\\\/inclusivenews.com.br\\\/\"},{\"@type\":\"ListItem\",\"position\":2,\"name\":\"Presidente de Comit\u00ea da ONU recebe Senior Australian Award de 2011\"}]},{\"@type\":\"WebSite\",\"@id\":\"https:\\\/\\\/inclusivenews.com.br\\\/#website\",\"url\":\"https:\\\/\\\/inclusivenews.com.br\\\/\",\"name\":\"Inclusive News\",\"description\":\"Inclusive News\",\"publisher\":{\"@id\":\"https:\\\/\\\/inclusivenews.com.br\\\/#organization\"},\"potentialAction\":[{\"@type\":\"SearchAction\",\"target\":{\"@type\":\"EntryPoint\",\"urlTemplate\":\"https:\\\/\\\/inclusivenews.com.br\\\/?s={search_term_string}\"},\"query-input\":{\"@type\":\"PropertyValueSpecification\",\"valueRequired\":true,\"valueName\":\"search_term_string\"}}],\"inLanguage\":\"pt-PT\"},{\"@type\":\"Organization\",\"@id\":\"https:\\\/\\\/inclusivenews.com.br\\\/#organization\",\"name\":\"Inclusive - inclus\u00e3o e cidadania\",\"url\":\"https:\\\/\\\/inclusivenews.com.br\\\/\",\"logo\":{\"@type\":\"ImageObject\",\"inLanguage\":\"pt-PT\",\"@id\":\"https:\\\/\\\/inclusivenews.com.br\\\/#\\\/schema\\\/logo\\\/image\\\/\",\"url\":\"https:\\\/\\\/inclusivenews.com.br\\\/wp-content\\\/uploads\\\/2024\\\/03\\\/@grandesite.png\",\"contentUrl\":\"https:\\\/\\\/inclusivenews.com.br\\\/wp-content\\\/uploads\\\/2024\\\/03\\\/@grandesite.png\",\"width\":1080,\"height\":1080,\"caption\":\"Inclusive - inclus\u00e3o e cidadania\"},\"image\":{\"@id\":\"https:\\\/\\\/inclusivenews.com.br\\\/#\\\/schema\\\/logo\\\/image\\\/\"},\"sameAs\":[\"https:\\\/\\\/www.facebook.com\\\/agenciainclusive\\\/\",\"https:\\\/\\\/www.instagram.com\\\/newsinclusive\\\/\"]},{\"@type\":\"Person\",\"@id\":\"https:\\\/\\\/inclusivenews.com.br\\\/#\\\/schema\\\/person\\\/ae4ec7087559b8692fb33b6fffd2273b\",\"name\":\"inclusivenews2024\",\"image\":{\"@type\":\"ImageObject\",\"inLanguage\":\"pt-PT\",\"@id\":\"https:\\\/\\\/secure.gravatar.com\\\/avatar\\\/c5a7ef84c66fa914f55bc4f7ce26cfa275a3b9a1c5568b907bd184fb4dde7b40?s=96&d=mm&r=g\",\"url\":\"https:\\\/\\\/secure.gravatar.com\\\/avatar\\\/c5a7ef84c66fa914f55bc4f7ce26cfa275a3b9a1c5568b907bd184fb4dde7b40?s=96&d=mm&r=g\",\"contentUrl\":\"https:\\\/\\\/secure.gravatar.com\\\/avatar\\\/c5a7ef84c66fa914f55bc4f7ce26cfa275a3b9a1c5568b907bd184fb4dde7b40?s=96&d=mm&r=g\",\"caption\":\"inclusivenews2024\"},\"sameAs\":[\"https:\\\/\\\/inclusivenews.com.br\"],\"url\":\"https:\\\/\\\/inclusivenews.com.br\\\/?author=1\"}]}<\/script>\n<!-- \/ Yoast SEO plugin. -->","yoast_head_json":{"title":"Presidente de Comit\u00ea da ONU recebe Senior Australian Award de 2011 -","robots":{"index":"index","follow":"follow","max-snippet":"max-snippet:-1","max-image-preview":"max-image-preview:large","max-video-preview":"max-video-preview:-1"},"canonical":"https:\/\/inclusivenews.com.br\/?p=18571","og_locale":"pt_PT","og_type":"article","og_title":"Presidente de Comit\u00ea da ONU recebe Senior Australian Award de 2011 -","og_description":"Segundo o National Australia Day Council, entidade que concedeu a honoraria a McCallum, \u201cRon \u00e9 uma lideran\u00e7a luminosa na comunidade das pessoas com defici\u00eancia, trabalhando pela igualdade entre todos os australianos\u201d.","og_url":"https:\/\/inclusivenews.com.br\/?p=18571","article_publisher":"https:\/\/www.facebook.com\/agenciainclusive\/","article_published_time":"2011-03-03T12:12:10+00:00","og_image":[{"url":"http:\/\/www.ohchr.org\/SiteCollectionImages\/Press\/Australian_Ron_Mccallum_int.jpg","type":"","width":"","height":""}],"author":"inclusivenews2024","twitter_card":"summary_large_image","twitter_misc":{"Escrito por":"inclusivenews2024","Tempo estimado de leitura":"2 minutos"},"schema":{"@context":"https:\/\/schema.org","@graph":[{"@type":"Article","@id":"https:\/\/inclusivenews.com.br\/?p=18571#article","isPartOf":{"@id":"https:\/\/inclusivenews.com.br\/?p=18571"},"author":{"name":"inclusivenews2024","@id":"https:\/\/inclusivenews.com.br\/#\/schema\/person\/ae4ec7087559b8692fb33b6fffd2273b"},"headline":"Presidente de Comit\u00ea da ONU recebe Senior Australian Award de 2011","datePublished":"2011-03-03T12:12:10+00:00","mainEntityOfPage":{"@id":"https:\/\/inclusivenews.com.br\/?p=18571"},"wordCount":319,"commentCount":0,"publisher":{"@id":"https:\/\/inclusivenews.com.br\/#organization"},"image":{"@id":"https:\/\/inclusivenews.com.br\/?p=18571#primaryimage"},"thumbnailUrl":"http:\/\/www.ohchr.org\/SiteCollectionImages\/Press\/Australian_Ron_Mccallum_int.jpg","articleSection":["Defici\u00eancia","NOT\u00cdCIAS"],"inLanguage":"pt-PT","potentialAction":[{"@type":"CommentAction","name":"Comment","target":["https:\/\/inclusivenews.com.br\/?p=18571#respond"]}]},{"@type":"WebPage","@id":"https:\/\/inclusivenews.com.br\/?p=18571","url":"https:\/\/inclusivenews.com.br\/?p=18571","name":"Presidente de Comit\u00ea da ONU recebe Senior Australian Award de 2011 -","isPartOf":{"@id":"https:\/\/inclusivenews.com.br\/#website"},"primaryImageOfPage":{"@id":"https:\/\/inclusivenews.com.br\/?p=18571#primaryimage"},"image":{"@id":"https:\/\/inclusivenews.com.br\/?p=18571#primaryimage"},"thumbnailUrl":"http:\/\/www.ohchr.org\/SiteCollectionImages\/Press\/Australian_Ron_Mccallum_int.jpg","datePublished":"2011-03-03T12:12:10+00:00","breadcrumb":{"@id":"https:\/\/inclusivenews.com.br\/?p=18571#breadcrumb"},"inLanguage":"pt-PT","potentialAction":[{"@type":"ReadAction","target":["https:\/\/inclusivenews.com.br\/?p=18571"]}]},{"@type":"ImageObject","inLanguage":"pt-PT","@id":"https:\/\/inclusivenews.com.br\/?p=18571#primaryimage","url":"http:\/\/www.ohchr.org\/SiteCollectionImages\/Press\/Australian_Ron_Mccallum_int.jpg","contentUrl":"http:\/\/www.ohchr.org\/SiteCollectionImages\/Press\/Australian_Ron_Mccallum_int.jpg"},{"@type":"BreadcrumbList","@id":"https:\/\/inclusivenews.com.br\/?p=18571#breadcrumb","itemListElement":[{"@type":"ListItem","position":1,"name":"In\u00edcio","item":"https:\/\/inclusivenews.com.br\/"},{"@type":"ListItem","position":2,"name":"Presidente de Comit\u00ea da ONU recebe Senior Australian Award de 2011"}]},{"@type":"WebSite","@id":"https:\/\/inclusivenews.com.br\/#website","url":"https:\/\/inclusivenews.com.br\/","name":"Inclusive News","description":"Inclusive News","publisher":{"@id":"https:\/\/inclusivenews.com.br\/#organization"},"potentialAction":[{"@type":"SearchAction","target":{"@type":"EntryPoint","urlTemplate":"https:\/\/inclusivenews.com.br\/?s={search_term_string}"},"query-input":{"@type":"PropertyValueSpecification","valueRequired":true,"valueName":"search_term_string"}}],"inLanguage":"pt-PT"},{"@type":"Organization","@id":"https:\/\/inclusivenews.com.br\/#organization","name":"Inclusive - inclus\u00e3o e cidadania","url":"https:\/\/inclusivenews.com.br\/","logo":{"@type":"ImageObject","inLanguage":"pt-PT","@id":"https:\/\/inclusivenews.com.br\/#\/schema\/logo\/image\/","url":"https:\/\/inclusivenews.com.br\/wp-content\/uploads\/2024\/03\/@grandesite.png","contentUrl":"https:\/\/inclusivenews.com.br\/wp-content\/uploads\/2024\/03\/@grandesite.png","width":1080,"height":1080,"caption":"Inclusive - inclus\u00e3o e cidadania"},"image":{"@id":"https:\/\/inclusivenews.com.br\/#\/schema\/logo\/image\/"},"sameAs":["https:\/\/www.facebook.com\/agenciainclusive\/","https:\/\/www.instagram.com\/newsinclusive\/"]},{"@type":"Person","@id":"https:\/\/inclusivenews.com.br\/#\/schema\/person\/ae4ec7087559b8692fb33b6fffd2273b","name":"inclusivenews2024","image":{"@type":"ImageObject","inLanguage":"pt-PT","@id":"https:\/\/secure.gravatar.com\/avatar\/c5a7ef84c66fa914f55bc4f7ce26cfa275a3b9a1c5568b907bd184fb4dde7b40?s=96&d=mm&r=g","url":"https:\/\/secure.gravatar.com\/avatar\/c5a7ef84c66fa914f55bc4f7ce26cfa275a3b9a1c5568b907bd184fb4dde7b40?s=96&d=mm&r=g","contentUrl":"https:\/\/secure.gravatar.com\/avatar\/c5a7ef84c66fa914f55bc4f7ce26cfa275a3b9a1c5568b907bd184fb4dde7b40?s=96&d=mm&r=g","caption":"inclusivenews2024"},"sameAs":["https:\/\/inclusivenews.com.br"],"url":"https:\/\/inclusivenews.com.br\/?author=1"}]}},"_links":{"self":[{"href":"https:\/\/inclusivenews.com.br\/index.php?rest_route=\/wp\/v2\/posts\/18571","targetHints":{"allow":["GET"]}}],"collection":[{"href":"https:\/\/inclusivenews.com.br\/index.php?rest_route=\/wp\/v2\/posts"}],"about":[{"href":"https:\/\/inclusivenews.com.br\/index.php?rest_route=\/wp\/v2\/types\/post"}],"author":[{"embeddable":true,"href":"https:\/\/inclusivenews.com.br\/index.php?rest_route=\/wp\/v2\/users\/1"}],"replies":[{"embeddable":true,"href":"https:\/\/inclusivenews.com.br\/index.php?rest_route=%2Fwp%2Fv2%2Fcomments&post=18571"}],"version-history":[{"count":0,"href":"https:\/\/inclusivenews.com.br\/index.php?rest_route=\/wp\/v2\/posts\/18571\/revisions"}],"wp:attachment":[{"href":"https:\/\/inclusivenews.com.br\/index.php?rest_route=%2Fwp%2Fv2%2Fmedia&parent=18571"}],"wp:term":[{"taxonomy":"category","embeddable":true,"href":"https:\/\/inclusivenews.com.br\/index.php?rest_route=%2Fwp%2Fv2%2Fcategories&post=18571"},{"taxonomy":"post_tag","embeddable":true,"href":"https:\/\/inclusivenews.com.br\/index.php?rest_route=%2Fwp%2Fv2%2Ftags&post=18571"}],"curies":[{"name":"wp","href":"https:\/\/api.w.org\/{rel}","templated":true}]}}