{"id":18575,"date":"2011-03-03T09:13:02","date_gmt":"2011-03-03T12:13:02","guid":{"rendered":"http:\/\/www.inclusive.org.br\/?p=18575"},"modified":"2011-03-03T09:13:02","modified_gmt":"2011-03-03T12:13:02","slug":"deficiencias-e-deficientizacoes-desencadeadas-a-partir-da-aids","status":"publish","type":"post","link":"https:\/\/inclusivenews.com.br\/?p=18575","title":{"rendered":"Defici\u00eancias e deficientiza\u00e7\u00f5es desencadeadas a partir da AIDS"},"content":{"rendered":"<p><strong><a href=\"http:\/\/www.inclusivenews.com.br\/wp-content\/uploads\/2010\/01\/aids.jpg\"><img loading=\"lazy\" decoding=\"async\" class=\"alignleft size-full wp-image-13644\" title=\"Fita vermelha, s\u00edmbolo da AIDS\" src=\"http:\/\/inclusivenews.com.br\/wp-content\/uploads\/2010\/01\/aids.jpg\" alt=\"Fita vermelha, s\u00edmbolo da AIDS\" width=\"118\" height=\"113\" \/><\/a>Por Sonia B. Hoffmann <\/strong><br \/>\nFisioterapeuta CREFITO 6159 F<br \/>\nDoutora em Ci\u00eancias do Desporto e Educa\u00e7\u00e3o F\u00edsica<\/p>\n<p>A epidemia da Aids, j\u00e1 considerada uma doen\u00e7a cr\u00f4nica, representa grande desafio para todos que com ela (con)vivem e para os governos das diversas na\u00e7\u00f5es. Desde seu surgimento, tem ocorrido profundas altera\u00e7\u00f5es quanto \u00e0 elabora\u00e7\u00e3o de pol\u00edticas de sa\u00fade p\u00fablica e coletiva, ao seu tratamento e ao preconceito que ainda a envolve &#8211; apesar da quantidade de esclarecimentos.<\/p>\n<p>Estas mudan\u00e7as propiciaram a organiza\u00e7\u00e3o de novas e diferentes expectativas e perspectivas de vida na pessoa vivendo com AIDS, permanecendo, no entanto, a singularidade de cada condi\u00e7\u00e3o e a individualidade de cada pessoa para administrar o estresse emocional, os efeitos das doen\u00e7as oportunistas e as rea\u00e7\u00f5es adversas ou resist\u00eancia \u00e0 medica\u00e7\u00e3o por m\u00faltiplos fatores. Em decorr\u00eancia, muitos trabalhadores infectados permaneceram em sua atividade profissional; outros, ingressaram no mercado informal de trabalho e muitos n\u00e3o apresentam condi\u00e7\u00e3o de cumprirem os compromissos e responsabilidades de uma atividade laboral em fun\u00e7\u00e3o da sobrecarga emocional, dos cont\u00ednuos ou intermitentes paraefeitos da doen\u00e7a ou do tratamento. Por\u00e9m, todos, de alguma forma, lutam isolada ou coletivamente pelo respeito aos direitos humanos.<\/p>\n<p>No entanto, se novas abordagens e enfrentamentos a esta s\u00edndrome foram descobertos, novos desafios igualmente surgiram no dia a dia dos profissionais da sa\u00fade e, especialmente, na vida das pessoas infectadas pelo HIV. A ades\u00e3o medicamentosa e ao tratamento em sua globalidade \u00e9 o marco inicial de todo o processo de mudan\u00e7a da sa\u00fade fisiol\u00f3gica, ps\u00edquica e social da pessoa com AIDS, mas muitas delas n\u00e3o conseguem por motivos variados internalizarem esta conduta. A preocupa\u00e7\u00e3o, a incerteza e a inseguran\u00e7a constantes com o surgimento de doen\u00e7as oportunistas, hospitaliza\u00e7\u00f5es, rea\u00e7\u00f5es negativas ao tratamento e com a ocorr\u00eancia de sequelas que limitem suas possibilidades e a aceita\u00e7\u00e3o pelos outros<br \/>\ns\u00e3o fantasmas rondando frequentemente seus pensamentos.<\/p>\n<p>A fal\u00eancia da resposta afirmativa a e estes desafios provoca a deficientiza\u00e7\u00e3o, ou seja, a apari\u00e7\u00e3o de defici\u00eancias motoras, sensoriais, ps\u00edquicas e-ou mentais ao quadro #sindr\u00f4mico vivenciado pela pessoa, individualizando-a e particularizando-a ainda mais. Deste modo, uma pessoa com AIDS e defici\u00eancia n\u00e3o pode ser considerada e tratada meramente como se tivesse somat\u00f3rios de patologias, mas como algu\u00e9m que apresenta um quadro espec\u00edfico, com caracter\u00edsticas pr\u00f3prias e necessita de abordagens, aten\u00e7\u00e3o e acolhimento diferenciados.<\/p>\n<p>O HIV afeta diretamente diferentes tipos de c\u00e9lulas do Sistema Nervoso Central e do sistema imunol\u00f3gico (linf\u00f3citos T4 e outros mon\u00f3citos). A destrui\u00e7\u00e3o destas c\u00e9lulas, em maior ou menor grau, e a perda da sua funcionalidade explica e esclarece sobre a maior parte das manifesta\u00e7\u00f5es cl\u00ednicas da enfermidade. O comprometimento dos linf\u00f3citos T4 produz severa imunossupre\u00e7\u00e3o, favorecendo a ocorr\u00eancia de infec\u00e7\u00f5es oportunistas e de neoplasias.<\/p>\n<p>O aumento progressivo das manifesta\u00e7\u00f5es oftalmol\u00f3gicas, no globo ocular ou em seus anexos, evidencia-se como uma das defici\u00eancias sensoriais de grande relev\u00e2ncia. A microangiopatia retiniana, a retinite por Citomegalov\u00edrus e a s\u00edndrome do olho seco s\u00e3o as causas mais frequentes de defici\u00eancia visual associada a AIDS. Mas seja a altera\u00e7\u00e3o ocular que for, o diagn\u00f3stico de uma patologia visual na pessoa com AIDS pode ter efeito devastador e paralisante, danificando sua sa\u00fade mental, seu ajuste psicossocial, sua autonomia e independ\u00eancia pessoal, sua inclus\u00e3o na sociedade e suas expectativas ou planejamento de futuro. Com isto, n\u00e3o raro ela anula-se ou apresenta grande dificuldade para a poss\u00edvel adapta\u00e7\u00e3o a sua nova condi\u00e7\u00e3o, \u00e0 ades\u00e3o aos tratamentos ou ao seu desejo ou vontade de seguir vivendo.<\/p>\n<p>As les\u00f5es neurol\u00f3gicas constituem outras poss\u00edveis e severas altera\u00e7\u00f5es presentes com a AIDS, manifestando-se a qualquer tempo, pois o HIV \u00e9 um v\u00edrus neurotropo, ou seja, localiza-se preferencialmente no sistema nervoso ap\u00f3s o in\u00edcio da infec\u00e7\u00e3o. Consequentemente, existe a possibilidade de aparecer comprometimentos e defici\u00eancias motoras e-ou cognitivas debilitantes. Com o avan\u00e7o da enfermidade e a agudiza\u00e7\u00e3o da s\u00edndrome, o complexo dem\u00eancia-AIDS se intensifica, conjugando-se os preju\u00edzos motores, cognitivos e comportamentais.<\/p>\n<p>Outras manifesta\u00e7\u00f5es cl\u00ednicas, de car\u00e1ter neurol\u00f3gico, que frequentemente surgem com a AIDS s\u00e3o as encefalites por Toxoplasma, Linfoma Cerebral Prim\u00e1rio e Leucoencefalopatia Multifocal Progressiva, assim como os acidentes Cerebrovasculares (AVCs ou AVEs). Geralmente, os sintomas ou efeitos das les\u00f5es neurol\u00f3gicas evidenciam-se atrav\u00e9s da altera\u00e7\u00e3o do processo de mem\u00f3ria, da dificuldade de concentra\u00e7\u00e3o, da lentid\u00e3o do pensamento ou racioc\u00ednio e dos dist\u00farbios da linguagem. Os tremores, lentid\u00e3o, ligeira perda de coordena\u00e7\u00e3o e debilidade nos membros inferiores, da mesma forma que a apatia, o isolamento, a sonol\u00eancia e as mudan\u00e7as bruscas de humor convertem-se em sinaliza\u00e7\u00f5es de danos a serem tratados e administrados.<\/p>\n<p>O preconceito e as rea\u00e7\u00f5es sociais e culturais do outro s\u00e3o os fatores principais que agravam o processo de adapta\u00e7\u00e3o \u00e0 AIDS e vulnerabilizam mais acentuadamente quem a apresenta, pois a sociedade ainda atribui um significado bastante estigmatizante a esta s\u00edndrome e principalmente a quem com ela (con)vive. Com o tempo e os constantes enfrentamentos emocionais, surge um cansa\u00e7o ou estresse cr\u00f4nico a tal ponto que as rea\u00e7\u00f5es \u00e0s adversidades normais ou forjadas socialmente podem n\u00e3o acontecerem com o mesmo \u00edmpeto, coragem e \u00e2nimo. Assim, gradativamente, algumas pessoas passam do desconforto emocional para o isolamento, para a marginaliza\u00e7\u00e3o e os recursos pessoais internos e terap\u00eauticos tornam-se escassos para a sua restaura\u00e7\u00e3o e apropria\u00e7\u00e3o como ser humano.<\/p>\n<p>Infelizmente, nem sempre o outro considera este processo de deficientiza\u00e7\u00e3o como mais um importante movimento da AIDS e como uma severa manifesta\u00e7\u00e3o n\u00e3o somente de doen\u00e7as oportunistas, mas do preconceito e do uso cont\u00ednuo e de efeitos adversos da pr\u00f3pria medica\u00e7\u00e3o espec\u00edfica ou dos antirretrovirais. Muitos n\u00e3o se d\u00e3o conta da complexidade desta s\u00edndrome, do seu car\u00e1ter estressor, da sua natureza cr\u00f4nica, das incertezas que se iniciam desde o seu diagn\u00f3stico, do estigma que acompanha a pessoa pela vida e das profundas e severas limita\u00e7\u00f5es motoras, sensoriais, emocionais e mentais poss\u00edveis de se estabelecerem. Informa\u00e7\u00f5es sobre a AIDS temos suficientemente circulando pela m\u00eddia, nas escolas, nas campanhas e pelos diversos espa\u00e7os por onde algu\u00e9m se encontra. No entanto, a qualidade das abordagens, das estrat\u00e9gias de aten\u00e7\u00e3o e acolhimento, da sobrecarga de sentimentos e de posturas parecem constituir os indicadores mais graves para que muitos ainda n\u00e3o preocupem-se em usar o preservativo, em compartilharem objetos perfurocortantes&#8230; enfim, de n\u00e3o prevenirem-se &#8220;porque j\u00e1 existe o coquetel&#8221;.<\/p>\n<p>Alertem-se, seres mortais. Leiam e reflitam mais sobre a AIDS, sobre a defici\u00eancia e empoderem-se com estes conhecimentos e suas implica\u00e7\u00f5es no cotidiano de cada um e da rede social. Viol\u00eancia, acidentes, transtornos fisiol\u00f3gicos e tantas e tantas outras condi\u00e7\u00f5es podem trazer a deficientiza\u00e7\u00e3o: inclusive a AIDS e o coquetel.<\/p>\n<p>_______________________<\/p>\n<p><strong>Fonte:<\/strong> <a href=\"http:\/\/www.diversidadeemcena.net\/artigo27.htm\">Diversidade em cena <\/a><\/p>\n","protected":false},"excerpt":{"rendered":"<p>No artigo, Sonia B. Hoffmann discute as repercuss\u00f5es org\u00e2nicas e psicol\u00f3gicas desencadeadas pela AIDS.<\/p>\n","protected":false},"author":1,"featured_media":0,"comment_status":"open","ping_status":"open","sticky":false,"template":"","format":"standard","meta":{"site-container-style":"default","site-container-layout":"default","site-sidebar-layout":"default","disable-article-header":"default","disable-site-header":"default","disable-site-footer":"default","disable-content-area-spacing":"default","footnotes":""},"categories":[36,8],"tags":[],"class_list":["post-18575","post","type-post","status-publish","format-standard","hentry","category-colunas-especiais","category-textos-e-artigos"],"yoast_head":"<!-- This site is optimized with the Yoast SEO plugin v27.5 - https:\/\/yoast.com\/product\/yoast-seo-wordpress\/ -->\n<title>Defici\u00eancias e deficientiza\u00e7\u00f5es desencadeadas a partir da AIDS -<\/title>\n<meta name=\"robots\" content=\"index, follow, max-snippet:-1, max-image-preview:large, max-video-preview:-1\" \/>\n<link rel=\"canonical\" href=\"https:\/\/inclusivenews.com.br\/?p=18575\" \/>\n<meta property=\"og:locale\" content=\"pt_PT\" \/>\n<meta property=\"og:type\" content=\"article\" \/>\n<meta property=\"og:title\" content=\"Defici\u00eancias e deficientiza\u00e7\u00f5es desencadeadas a partir da AIDS -\" \/>\n<meta property=\"og:description\" content=\"No artigo, Sonia B. Hoffmann discute as repercuss\u00f5es org\u00e2nicas e psicol\u00f3gicas desencadeadas pela AIDS.\" \/>\n<meta property=\"og:url\" content=\"https:\/\/inclusivenews.com.br\/?p=18575\" \/>\n<meta property=\"article:publisher\" content=\"https:\/\/www.facebook.com\/agenciainclusive\/\" \/>\n<meta property=\"article:published_time\" content=\"2011-03-03T12:13:02+00:00\" \/>\n<meta property=\"og:image\" content=\"http:\/\/inclusivenews.com.br\/wp-content\/uploads\/2010\/01\/aids.jpg\" \/>\n<meta name=\"author\" content=\"inclusivenews2024\" \/>\n<meta name=\"twitter:card\" content=\"summary_large_image\" \/>\n<meta name=\"twitter:label1\" content=\"Escrito por\" \/>\n\t<meta name=\"twitter:data1\" content=\"inclusivenews2024\" \/>\n\t<meta name=\"twitter:label2\" content=\"Tempo estimado de leitura\" \/>\n\t<meta name=\"twitter:data2\" content=\"6 minutos\" \/>\n<script type=\"application\/ld+json\" class=\"yoast-schema-graph\">{\"@context\":\"https:\\\/\\\/schema.org\",\"@graph\":[{\"@type\":\"Article\",\"@id\":\"https:\\\/\\\/inclusivenews.com.br\\\/?p=18575#article\",\"isPartOf\":{\"@id\":\"https:\\\/\\\/inclusivenews.com.br\\\/?p=18575\"},\"author\":{\"name\":\"inclusivenews2024\",\"@id\":\"https:\\\/\\\/inclusivenews.com.br\\\/#\\\/schema\\\/person\\\/ae4ec7087559b8692fb33b6fffd2273b\"},\"headline\":\"Defici\u00eancias e deficientiza\u00e7\u00f5es desencadeadas a partir da AIDS\",\"datePublished\":\"2011-03-03T12:13:02+00:00\",\"mainEntityOfPage\":{\"@id\":\"https:\\\/\\\/inclusivenews.com.br\\\/?p=18575\"},\"wordCount\":1237,\"commentCount\":0,\"publisher\":{\"@id\":\"https:\\\/\\\/inclusivenews.com.br\\\/#organization\"},\"image\":{\"@id\":\"https:\\\/\\\/inclusivenews.com.br\\\/?p=18575#primaryimage\"},\"thumbnailUrl\":\"http:\\\/\\\/inclusivenews.com.br\\\/wp-content\\\/uploads\\\/2010\\\/01\\\/aids.jpg\",\"articleSection\":[\"Colunas especiais\",\"OPINI\u00c3O\"],\"inLanguage\":\"pt-PT\",\"potentialAction\":[{\"@type\":\"CommentAction\",\"name\":\"Comment\",\"target\":[\"https:\\\/\\\/inclusivenews.com.br\\\/?p=18575#respond\"]}]},{\"@type\":\"WebPage\",\"@id\":\"https:\\\/\\\/inclusivenews.com.br\\\/?p=18575\",\"url\":\"https:\\\/\\\/inclusivenews.com.br\\\/?p=18575\",\"name\":\"Defici\u00eancias e deficientiza\u00e7\u00f5es desencadeadas a partir da AIDS -\",\"isPartOf\":{\"@id\":\"https:\\\/\\\/inclusivenews.com.br\\\/#website\"},\"primaryImageOfPage\":{\"@id\":\"https:\\\/\\\/inclusivenews.com.br\\\/?p=18575#primaryimage\"},\"image\":{\"@id\":\"https:\\\/\\\/inclusivenews.com.br\\\/?p=18575#primaryimage\"},\"thumbnailUrl\":\"http:\\\/\\\/inclusivenews.com.br\\\/wp-content\\\/uploads\\\/2010\\\/01\\\/aids.jpg\",\"datePublished\":\"2011-03-03T12:13:02+00:00\",\"breadcrumb\":{\"@id\":\"https:\\\/\\\/inclusivenews.com.br\\\/?p=18575#breadcrumb\"},\"inLanguage\":\"pt-PT\",\"potentialAction\":[{\"@type\":\"ReadAction\",\"target\":[\"https:\\\/\\\/inclusivenews.com.br\\\/?p=18575\"]}]},{\"@type\":\"ImageObject\",\"inLanguage\":\"pt-PT\",\"@id\":\"https:\\\/\\\/inclusivenews.com.br\\\/?p=18575#primaryimage\",\"url\":\"\",\"contentUrl\":\"\"},{\"@type\":\"BreadcrumbList\",\"@id\":\"https:\\\/\\\/inclusivenews.com.br\\\/?p=18575#breadcrumb\",\"itemListElement\":[{\"@type\":\"ListItem\",\"position\":1,\"name\":\"In\u00edcio\",\"item\":\"https:\\\/\\\/inclusivenews.com.br\\\/\"},{\"@type\":\"ListItem\",\"position\":2,\"name\":\"Defici\u00eancias e deficientiza\u00e7\u00f5es desencadeadas a partir da AIDS\"}]},{\"@type\":\"WebSite\",\"@id\":\"https:\\\/\\\/inclusivenews.com.br\\\/#website\",\"url\":\"https:\\\/\\\/inclusivenews.com.br\\\/\",\"name\":\"Inclusive News\",\"description\":\"Inclusive News\",\"publisher\":{\"@id\":\"https:\\\/\\\/inclusivenews.com.br\\\/#organization\"},\"potentialAction\":[{\"@type\":\"SearchAction\",\"target\":{\"@type\":\"EntryPoint\",\"urlTemplate\":\"https:\\\/\\\/inclusivenews.com.br\\\/?s={search_term_string}\"},\"query-input\":{\"@type\":\"PropertyValueSpecification\",\"valueRequired\":true,\"valueName\":\"search_term_string\"}}],\"inLanguage\":\"pt-PT\"},{\"@type\":\"Organization\",\"@id\":\"https:\\\/\\\/inclusivenews.com.br\\\/#organization\",\"name\":\"Inclusive - inclus\u00e3o e cidadania\",\"url\":\"https:\\\/\\\/inclusivenews.com.br\\\/\",\"logo\":{\"@type\":\"ImageObject\",\"inLanguage\":\"pt-PT\",\"@id\":\"https:\\\/\\\/inclusivenews.com.br\\\/#\\\/schema\\\/logo\\\/image\\\/\",\"url\":\"https:\\\/\\\/inclusivenews.com.br\\\/wp-content\\\/uploads\\\/2024\\\/03\\\/@grandesite.png\",\"contentUrl\":\"https:\\\/\\\/inclusivenews.com.br\\\/wp-content\\\/uploads\\\/2024\\\/03\\\/@grandesite.png\",\"width\":1080,\"height\":1080,\"caption\":\"Inclusive - inclus\u00e3o e cidadania\"},\"image\":{\"@id\":\"https:\\\/\\\/inclusivenews.com.br\\\/#\\\/schema\\\/logo\\\/image\\\/\"},\"sameAs\":[\"https:\\\/\\\/www.facebook.com\\\/agenciainclusive\\\/\",\"https:\\\/\\\/www.instagram.com\\\/newsinclusive\\\/\"]},{\"@type\":\"Person\",\"@id\":\"https:\\\/\\\/inclusivenews.com.br\\\/#\\\/schema\\\/person\\\/ae4ec7087559b8692fb33b6fffd2273b\",\"name\":\"inclusivenews2024\",\"image\":{\"@type\":\"ImageObject\",\"inLanguage\":\"pt-PT\",\"@id\":\"https:\\\/\\\/secure.gravatar.com\\\/avatar\\\/c5a7ef84c66fa914f55bc4f7ce26cfa275a3b9a1c5568b907bd184fb4dde7b40?s=96&d=mm&r=g\",\"url\":\"https:\\\/\\\/secure.gravatar.com\\\/avatar\\\/c5a7ef84c66fa914f55bc4f7ce26cfa275a3b9a1c5568b907bd184fb4dde7b40?s=96&d=mm&r=g\",\"contentUrl\":\"https:\\\/\\\/secure.gravatar.com\\\/avatar\\\/c5a7ef84c66fa914f55bc4f7ce26cfa275a3b9a1c5568b907bd184fb4dde7b40?s=96&d=mm&r=g\",\"caption\":\"inclusivenews2024\"},\"sameAs\":[\"https:\\\/\\\/inclusivenews.com.br\"],\"url\":\"https:\\\/\\\/inclusivenews.com.br\\\/?author=1\"}]}<\/script>\n<!-- \/ Yoast SEO plugin. -->","yoast_head_json":{"title":"Defici\u00eancias e deficientiza\u00e7\u00f5es desencadeadas a partir da AIDS -","robots":{"index":"index","follow":"follow","max-snippet":"max-snippet:-1","max-image-preview":"max-image-preview:large","max-video-preview":"max-video-preview:-1"},"canonical":"https:\/\/inclusivenews.com.br\/?p=18575","og_locale":"pt_PT","og_type":"article","og_title":"Defici\u00eancias e deficientiza\u00e7\u00f5es desencadeadas a partir da AIDS -","og_description":"No artigo, Sonia B. Hoffmann discute as repercuss\u00f5es org\u00e2nicas e psicol\u00f3gicas desencadeadas pela AIDS.","og_url":"https:\/\/inclusivenews.com.br\/?p=18575","article_publisher":"https:\/\/www.facebook.com\/agenciainclusive\/","article_published_time":"2011-03-03T12:13:02+00:00","og_image":[{"url":"http:\/\/inclusivenews.com.br\/wp-content\/uploads\/2010\/01\/aids.jpg","type":"","width":"","height":""}],"author":"inclusivenews2024","twitter_card":"summary_large_image","twitter_misc":{"Escrito por":"inclusivenews2024","Tempo estimado de leitura":"6 minutos"},"schema":{"@context":"https:\/\/schema.org","@graph":[{"@type":"Article","@id":"https:\/\/inclusivenews.com.br\/?p=18575#article","isPartOf":{"@id":"https:\/\/inclusivenews.com.br\/?p=18575"},"author":{"name":"inclusivenews2024","@id":"https:\/\/inclusivenews.com.br\/#\/schema\/person\/ae4ec7087559b8692fb33b6fffd2273b"},"headline":"Defici\u00eancias e deficientiza\u00e7\u00f5es desencadeadas a partir da AIDS","datePublished":"2011-03-03T12:13:02+00:00","mainEntityOfPage":{"@id":"https:\/\/inclusivenews.com.br\/?p=18575"},"wordCount":1237,"commentCount":0,"publisher":{"@id":"https:\/\/inclusivenews.com.br\/#organization"},"image":{"@id":"https:\/\/inclusivenews.com.br\/?p=18575#primaryimage"},"thumbnailUrl":"http:\/\/inclusivenews.com.br\/wp-content\/uploads\/2010\/01\/aids.jpg","articleSection":["Colunas especiais","OPINI\u00c3O"],"inLanguage":"pt-PT","potentialAction":[{"@type":"CommentAction","name":"Comment","target":["https:\/\/inclusivenews.com.br\/?p=18575#respond"]}]},{"@type":"WebPage","@id":"https:\/\/inclusivenews.com.br\/?p=18575","url":"https:\/\/inclusivenews.com.br\/?p=18575","name":"Defici\u00eancias e deficientiza\u00e7\u00f5es desencadeadas a partir da AIDS -","isPartOf":{"@id":"https:\/\/inclusivenews.com.br\/#website"},"primaryImageOfPage":{"@id":"https:\/\/inclusivenews.com.br\/?p=18575#primaryimage"},"image":{"@id":"https:\/\/inclusivenews.com.br\/?p=18575#primaryimage"},"thumbnailUrl":"http:\/\/inclusivenews.com.br\/wp-content\/uploads\/2010\/01\/aids.jpg","datePublished":"2011-03-03T12:13:02+00:00","breadcrumb":{"@id":"https:\/\/inclusivenews.com.br\/?p=18575#breadcrumb"},"inLanguage":"pt-PT","potentialAction":[{"@type":"ReadAction","target":["https:\/\/inclusivenews.com.br\/?p=18575"]}]},{"@type":"ImageObject","inLanguage":"pt-PT","@id":"https:\/\/inclusivenews.com.br\/?p=18575#primaryimage","url":"","contentUrl":""},{"@type":"BreadcrumbList","@id":"https:\/\/inclusivenews.com.br\/?p=18575#breadcrumb","itemListElement":[{"@type":"ListItem","position":1,"name":"In\u00edcio","item":"https:\/\/inclusivenews.com.br\/"},{"@type":"ListItem","position":2,"name":"Defici\u00eancias e deficientiza\u00e7\u00f5es desencadeadas a partir da AIDS"}]},{"@type":"WebSite","@id":"https:\/\/inclusivenews.com.br\/#website","url":"https:\/\/inclusivenews.com.br\/","name":"Inclusive News","description":"Inclusive News","publisher":{"@id":"https:\/\/inclusivenews.com.br\/#organization"},"potentialAction":[{"@type":"SearchAction","target":{"@type":"EntryPoint","urlTemplate":"https:\/\/inclusivenews.com.br\/?s={search_term_string}"},"query-input":{"@type":"PropertyValueSpecification","valueRequired":true,"valueName":"search_term_string"}}],"inLanguage":"pt-PT"},{"@type":"Organization","@id":"https:\/\/inclusivenews.com.br\/#organization","name":"Inclusive - inclus\u00e3o e cidadania","url":"https:\/\/inclusivenews.com.br\/","logo":{"@type":"ImageObject","inLanguage":"pt-PT","@id":"https:\/\/inclusivenews.com.br\/#\/schema\/logo\/image\/","url":"https:\/\/inclusivenews.com.br\/wp-content\/uploads\/2024\/03\/@grandesite.png","contentUrl":"https:\/\/inclusivenews.com.br\/wp-content\/uploads\/2024\/03\/@grandesite.png","width":1080,"height":1080,"caption":"Inclusive - inclus\u00e3o e cidadania"},"image":{"@id":"https:\/\/inclusivenews.com.br\/#\/schema\/logo\/image\/"},"sameAs":["https:\/\/www.facebook.com\/agenciainclusive\/","https:\/\/www.instagram.com\/newsinclusive\/"]},{"@type":"Person","@id":"https:\/\/inclusivenews.com.br\/#\/schema\/person\/ae4ec7087559b8692fb33b6fffd2273b","name":"inclusivenews2024","image":{"@type":"ImageObject","inLanguage":"pt-PT","@id":"https:\/\/secure.gravatar.com\/avatar\/c5a7ef84c66fa914f55bc4f7ce26cfa275a3b9a1c5568b907bd184fb4dde7b40?s=96&d=mm&r=g","url":"https:\/\/secure.gravatar.com\/avatar\/c5a7ef84c66fa914f55bc4f7ce26cfa275a3b9a1c5568b907bd184fb4dde7b40?s=96&d=mm&r=g","contentUrl":"https:\/\/secure.gravatar.com\/avatar\/c5a7ef84c66fa914f55bc4f7ce26cfa275a3b9a1c5568b907bd184fb4dde7b40?s=96&d=mm&r=g","caption":"inclusivenews2024"},"sameAs":["https:\/\/inclusivenews.com.br"],"url":"https:\/\/inclusivenews.com.br\/?author=1"}]}},"_links":{"self":[{"href":"https:\/\/inclusivenews.com.br\/index.php?rest_route=\/wp\/v2\/posts\/18575","targetHints":{"allow":["GET"]}}],"collection":[{"href":"https:\/\/inclusivenews.com.br\/index.php?rest_route=\/wp\/v2\/posts"}],"about":[{"href":"https:\/\/inclusivenews.com.br\/index.php?rest_route=\/wp\/v2\/types\/post"}],"author":[{"embeddable":true,"href":"https:\/\/inclusivenews.com.br\/index.php?rest_route=\/wp\/v2\/users\/1"}],"replies":[{"embeddable":true,"href":"https:\/\/inclusivenews.com.br\/index.php?rest_route=%2Fwp%2Fv2%2Fcomments&post=18575"}],"version-history":[{"count":0,"href":"https:\/\/inclusivenews.com.br\/index.php?rest_route=\/wp\/v2\/posts\/18575\/revisions"}],"wp:attachment":[{"href":"https:\/\/inclusivenews.com.br\/index.php?rest_route=%2Fwp%2Fv2%2Fmedia&parent=18575"}],"wp:term":[{"taxonomy":"category","embeddable":true,"href":"https:\/\/inclusivenews.com.br\/index.php?rest_route=%2Fwp%2Fv2%2Fcategories&post=18575"},{"taxonomy":"post_tag","embeddable":true,"href":"https:\/\/inclusivenews.com.br\/index.php?rest_route=%2Fwp%2Fv2%2Ftags&post=18575"}],"curies":[{"name":"wp","href":"https:\/\/api.w.org\/{rel}","templated":true}]}}