{"id":18585,"date":"2011-03-03T09:13:15","date_gmt":"2011-03-03T12:13:15","guid":{"rendered":"http:\/\/www.inclusive.org.br\/?p=18585"},"modified":"2011-03-03T09:13:15","modified_gmt":"2011-03-03T12:13:15","slug":"a-peste-gay-revisitada","status":"publish","type":"post","link":"https:\/\/inclusivenews.com.br\/?p=18585","title":{"rendered":"A peste gay revisitada"},"content":{"rendered":"<figure style=\"width: 200px\" class=\"wp-caption alignleft\"><img loading=\"lazy\" decoding=\"async\" title=\"Descri\u00e7\u00e3o da imagem: manchete de jornal dos anos oitenta destacando: PESTE GAY J\u00c1 APAVORA S\u00c3O PAULO, complementada por '\u00c9 a pior e mais terr\u00edvel doen\u00e7a do s\u00e9culo - dois brasileiros mortos.\" src=\"http:\/\/4.bp.blogspot.com\/-ASA9L7kEMu0\/TWfmmKhS59I\/AAAAAAAAAGs\/NqzjX0a_xHY\/s200\/peste-gay.jpg\" alt=\"Descri\u00e7\u00e3o da imagem: manchete de jornal dos anos oitenta destacando: PESTE GAY J\u00c1 APAVORA S\u00c3O PAULO, complementada por '\u00c9 a pior e mais terr\u00edvel doen\u00e7a do s\u00e9culo - dois brasileiros mortos.\" width=\"200\" height=\"188\" \/><figcaption class=\"wp-caption-text\"> <\/figcaption><\/figure>\n<p><strong>Por Cl\u00e1udio C. Monteiro Jr<\/strong><\/p>\n<p>-Meu vizinho \u00e9 gay, voc\u00eas n\u00e3o v\u00e3o prend\u00ea-lo ?<\/p>\n<p>Este foi o teor de um telefonema (a voz era feminina) por mim recebido no ent\u00e3o rec\u00e9m aberto Disque-AIDS[1]. Era o ano de 1984.<\/p>\n<p>A associa\u00e7\u00e3o aids\/homossexualidade era t\u00e3o direta quanto a certeza de um dia ap\u00f3s o outro. Dias dif\u00edceis.<br \/>\nSe por um lado o rec\u00e9m florescente movimento gay brasileiro viu-se vulnerabilizado por uma doen\u00e7a que possu\u00eda o estranho tropismo por indiv\u00edduos com determinada orienta\u00e7\u00e3o sexual historicamente estigmatizada, por outro, diversos setores da sociedade civil, ou simplesmente o (mau) senso comum, viu na AIDS a ratifica\u00e7\u00e3o, divina ou natural, da condena\u00e7\u00e3o dos gays por seus pecados e desvios \u201ccontra a natureza\u201d. Formadores de opini\u00e3o n\u00e3o perderam tempo em expor o seu enf\u00e1tico \u201ceu n\u00e3o disse? bem feito!\u201d ostentando-o arrogantemente aos humilhados \u201cpederastas\u201d e \u201csodomitas\u201d. Dom Eug\u00eanio Salles, ent\u00e3o arcebispo do Rio de Janeiro assim o fez, como tamb\u00e9m o fez o Prof. Dr. Ricardo Veronezzi, Infectologista da Faculdade de Medicina da Universidade de S\u00e3o Paulo, ao defender a hip\u00f3tese pela qual a imunodepress\u00e3o devia-se ao acumulo de esperma no \u00e2nus, como se o sexo anal fosse prerrogativa dos gays, e n\u00e3o existisse desde que existe sexo.<\/p>\n<p>A primeira rea\u00e7\u00e3o da comunidade gay mediana frente \u00e0 AIDS foi de descr\u00e9dito e revolta. Dizia-se que tudo n\u00e3o passava de uma propaganda anti-gay (a palavra homofobia n\u00e3o estava ainda em voga), originada ou pelo Governo Reagan, ou pela TFP[2]. A isto se somava a refratariedade do empresariado \u201cgay\u201d (tamb\u00e9m a designa\u00e7\u00e3o GLS n\u00e3o estava ainda em voga) ao tema AIDS, alicer\u00e7ada no argumento de que falar em AIDS iria espantar a clientela.<br \/>\nTal foi o esfor\u00e7o em se desomossexualizar a AIDS, por parte dos gays, que em determinada reuni\u00e3o do GAPA[3], discutiu-se a conveni\u00eancia ou n\u00e3o, de rapazes que usassem brincos, falarem publicamente em nome da entidade. E isto quando a totalidade dos membros do GAPA eram oriundos do movimento gay, ou no m\u00ednimo, gays \u201cassumidos\u201d.<br \/>\nSe os gays viram-se como v\u00edtimas, a sociedade os via como culpados. E naturalmente, houve um trauma brutal no processo de fortalecimento dos gays enquanto segmento social atuante, na busca de seus direitos fundamentais, associado a um fortalecimento tamb\u00e9m brutal da homofobia, que n\u00e3o teve prurido algum em fazer-se p\u00fablica, como no caso do radialista Afan\u00e1sio Jazadi que aconselhava seus ouvintes a n\u00e3o tomarem cafezinho na regi\u00e3o do Arouche[4], ou a n\u00e3o usarem mesmo elevador que um gay. E isto, quando h\u00e1 menos de dois anos, a repress\u00e3o indiscriminada aos gays integrava o conjunto de medidas moralizantes propostas pelo ent\u00e3o Secret\u00e1rio da Seguran\u00e7a P\u00fablica de S\u00e3o Paulo, o famigerado Erasmo Dias.<\/p>\n<p>Tal panorama se fez extremamente prop\u00edcio n\u00e3o s\u00f3 a dissemina\u00e7\u00e3o da AIDS como retardou, ou antes, intimidou o desenvolvimento de a\u00e7\u00f5es preventivas. Desenvolver uma cultura preventiva gay foi ainda mais dif\u00edcil, pois o \u00fanico insumo de preven\u00e7\u00e3o dispon\u00edvel era (como ainda o \u00e9, embora n\u00e3o o \u00fanico) o preservativo masculino, tradicionalmente um contraceptivo. Como associ\u00e1-lo a um exerc\u00edcio de sexualidade que nunca exigiu a\u00e7\u00f5es de planejamento reprodutivo? Como resultado de tal cen\u00e1rio labir\u00edntico, o n\u00famero de casos de AIDS entre homossexuais masculinos no estado de S\u00e3o Paulo, passou de 1 (em 1981) para 865 em 1989[5], ano em que a incid\u00eancia de AIDS entre os Usu\u00e1rios de Drogas Injet\u00e1veis superou a verificada entre os gays.<br \/>\nAssociada a exacerbante expans\u00e3o da epidemia em nosso meio, verificou-se tamb\u00e9m uma profunda mudan\u00e7a no perfil s\u00f3cio epidemiol\u00f3gico, num espa\u00e7o de tempo pouco superior a vinte e cinco anos. A an\u00e1lise das taxas de incid\u00eancia evidencia a presen\u00e7a de tr\u00eas momentos (ainda que sobrepostos) da epidemia: do in\u00edcio ao fim da d\u00e9cada de 1980 predom\u00ednio de casos novos entre homens que fazem sexo com homens (HSH)[6]. Do in\u00edcio a meados da d\u00e9cada de 1990, explos\u00e3o da epidemia entre os Usu\u00e1rios de Drogas Injet\u00e1veis (UDI). E, a partir do in\u00edcio deste s\u00e9culo, as rela\u00e7\u00f5es heterossexuais configuram-se enquanto a principal forma de dissemina\u00e7\u00e3o. Enquanto as curvas de tend\u00eancias epidemiol\u00f3gicas anteriores (HSH e UDI) ascendem, atingem seus \u00e1pices e declinam (o n\u00famero de casos novos entre UDI atualmente, pouco impacta a epidemia), a curva dos heterossexuais (presente como as outras, desde os anos 80), encontra-se em constante e permanente ascens\u00e3o.<br \/>\nPor\u00e9m o exame cuidadoso destes mesmos indicadores epidemiol\u00f3gicos evidencia o crescimento do n\u00famero de casos novos de AIDS entre os HSH notadamente a partir de 2002, o que nos leva a pensar e a considerar (apesar do neologismo inadequado) que estamos em pleno processo de \u201creomossexualiza\u00e7\u00e3o\u201d da epidemia. A visibilidade de tal fen\u00f4meno \u00e9 tal que os \u00f3rg\u00e3os governamentais respons\u00e1veis pelo enfrentamento ao HIV o admitem, e prop\u00f5em a\u00e7\u00f5es de enfrentamento.<\/p>\n<p>E, quais os fatores que levam a isto? Por que a epidemia volta a crescer entre os gays, 30 anos depois?<\/p>\n<p>O que estava sendo empiricamente observado, pelo movimento de gays jovens nos servi\u00e7os de HIV\/AIDS teve sua confirmativa no Relat\u00f3rio da Se\u00e7\u00e3o Especial da Assembl\u00e9ia Geral das Na\u00e7\u00f5es Unidas (UNGASS), Bi\u00eanio 2008\/2009, sobre a resposta do governo brasileiro \u00e0 epidemia de HIV\/AIDS:<br \/>\nObserva-se uma tend\u00eancia de estabiliza\u00e7\u00e3o na propor\u00e7\u00e3o de casos de AIDS entre HSH a partir do ano 2000. No entanto, na faixa de 13 a 24 anos, verifica-se aumento na propor\u00e7\u00e3o de casos de aids nesse grupo populacional que passou de 35% em 2000 para 42,7 em 2008.<br \/>\nOu seja, estamos falando, em primeiro lugar de novas gera\u00e7\u00f5es de gays. Gays que nasceram quando a epidemia j\u00e1 estava banalizada em nosso meio. Banalizada e invizibilizada, pois passara de doen\u00e7a de Vips a doen\u00e7a de pobres. E os pobres s\u00f3 est\u00e3o na m\u00eddia convertidos e desumanizados em n\u00fameros, por ocasi\u00f5es de cat\u00e1strofes e trag\u00e9dias coletivas. Gays que n\u00e3o tiveram amigos pr\u00f3ximos ou companheiros dizimados pela AIDS. Gays que vivem 30 anos depois.<\/p>\n<p>Outro fator est\u00e1 na banaliza\u00e7\u00e3o do risco, associado ao falso senso comum pelo qual \u201cAIDS agora tem rem\u00e9dio, se pegar se trata\u201d, quando a realidade \u00e9 bem outra: n\u00e3o s\u00f3 o HIV ainda \u00e9 a maior causa de morte entre adultos jovens no mundo, como o fato de ser portador do HIV coloca o individuo em posi\u00e7\u00e3o de vulnerabilidade ampliada para \u00f3bitos de v\u00e1rias naturezas, como cardiopatias e neoplasias. Isto sem mencionarmos os efeitos adversos provocados por determinados medicamentos componentes da Terapia Antirretroviral, o popular coquetel, como as lipodistrofias e osteonecroses. Contra tal postura, h\u00e1 ainda o argumento infal\u00edvel (ainda que monetarizante) da rela\u00e7\u00e3o custo benef\u00edcio: a pol\u00edtica de acesso universal aos antirretrovirais (louv\u00e1vel conquista de todos n\u00f3s) imp\u00f5em aos cofres p\u00fablicos um custo n\u00e3o inferior a R$1.500,00 ao m\u00eas por usu\u00e1rio, ao passo que o preservativo masculino \u00e9 barat\u00edssimo (mesmo para os cofres p\u00fablicos).<br \/>\nSe formos circunscrever a situa\u00e7\u00e3o apontada pelo Relat\u00f3rio UNGASS quanto ao crescimento da epidemia entre os gays jovens numa \u00f3tica mais ampla, cujo foco seja n\u00e3o a orienta\u00e7\u00e3o sexual, mas a faixa et\u00e1ria, (13 a 24 anos, per\u00edodo que inclui a adolesc\u00eancia), veremos que nesta situa\u00e7\u00e3o incluem-se tamb\u00e9m as mulheres, j\u00e1 que, neste per\u00edodo, a incid\u00eancia \u00e9 tr\u00eas vezes maior entre mo\u00e7as do que entre rapazes, sendo a faixa et\u00e1ria de maior feminiza\u00e7\u00e3o da epidemia. H\u00e1 ai, portanto, um primeiro desafio: o fortalecimento das a\u00e7\u00f5es de preven\u00e7\u00e3o para adolescentes atrav\u00e9s de a\u00e7\u00f5es que incluam o educar para a diversidade e a quebra de paradigmas heteronormativos,<\/p>\n<p>Na contram\u00e3o da penosa constru\u00e7\u00e3o de uma cultura preventiva gay surgem dois tenebrosos zumbis: Bare Backing e Sperm Cult, ou seja, a ades\u00e3o espont\u00e2nea, de comum acordo e consciente ao sexo anal sem preservativo; e a cren\u00e7a pela qual o orgasmo s\u00f3 se completa quando h\u00e1 contato \u00edntimo (em que pese a amplitude do termo \u201c\u00edntimo\u201d) com o esperma do(s) parceiro(s). E como zumbis eficientes, estes assombram n\u00e3o somente os dark rooms das saunas e boites, os sex clubs, banheiros e cinemas porn\u00f4s, mas tamb\u00e9m os leitos de v\u00e1rios casais gays respeit\u00e1veis e \u201cdescentes\u201d. E o terreno \u00e9 extremante f\u00e9rtil a ambas apari\u00e7\u00f5es, pois o mercado sexogr\u00e1fico gay encontra-se sempre em expans\u00e3o e diversifica\u00e7\u00e3o, vindo a, obviamente, expandir o n\u00famero de clientes.<br \/>\nVoltando-se o foco de nossa an\u00e1lise para a atual pol\u00edtica de financiamento das a\u00e7\u00f5es de preven\u00e7\u00e3o, pautada na premissa municipalista do Sistema \u00danico de Sa\u00fade, esta prev\u00ea o repasse, do Fundo Nacional aos Fundos Estaduais e Municipais de Sa\u00fade (26 Estados e 456 Munic\u00edpios, dos quais 145 no Estado de S\u00e3o Paulo[7]) do total de R$ 125,7 milh\u00f5es ao ano, exclusivamente destinados ao enfrentamento \u00e0s DST\/AIDS. Ainda que tal repasse obede\u00e7a a regras muito bem definidas, condicionadas \u00e0 pactua\u00e7\u00e3o de metas a serem alcan\u00e7adas, n\u00e3o h\u00e1 garantia nenhuma de que o recurso recebido seja destinado ao fim pactuado. E, ainda que o sistema de financiamento preveja a\u00e7\u00f5es de monitoramento da utiliza\u00e7\u00e3o dos recursos financeiros[8], tais dispositivos raramente s\u00e3o observados.<br \/>\nA fragilidade do sistema de financiamento quanto \u00e0 real execu\u00e7\u00e3o das metas pactuadas tem sido alvo de produ\u00e7\u00f5es acad\u00eamicas[9], que demonstram o quanto o descumprimento das metas vem impactando negativamente os indicadores de sa\u00fade de determinados estados e munic\u00edpios, assim como tem se refletido nos indicadores epidemiol\u00f3gicos. Claro que tais fatores comprometem sobremaneira execu\u00e7\u00e3o das pol\u00edticas de conten\u00e7\u00e3o do HIV, incluindo as voltadas ao p\u00fablico LGBT.<\/p>\n<p>A nos pautarmos pela proposi\u00e7\u00e3o foucaultiana que nos permite lan\u00e7ar sobre nossa hist\u00f3ria pregressa, n\u00e3o um olhar linear, mas em espiral, veremos que ainda que reomossexualizada, a epidemia de AIDS \u00e9 outra assim como nosso momento \u00e9 outro.<br \/>\nE neste outro momento hist\u00f3rico cumpre-nos resignificar rela\u00e7\u00f5es historicamente desiguais quanto ao empoderamento de situa\u00e7\u00f5es, cabendo \u00e0 comunidade gay tomar a vanguarda na defini\u00e7\u00e3o das pol\u00edticas preven\u00e7\u00e3o e protagoniz\u00e1-las, para que estas n\u00e3o lhe sejam, eufemisticamente, ofertadas.<br \/>\nNeste caso, aprender com o passado \u00e9 agir. E agir de modo incisivo. Se a timidez das a\u00e7\u00f5es desenvolvidas no in\u00edcio dos anos 80 resultou na explos\u00e3o da epidemia, neste outro momento hist\u00f3rico, a\u00e7\u00f5es de interven\u00e7\u00e3o que antes eram capitaneadas por poucos e est\u00f3icos ativistas, passam hoje a integrar a ampla rela\u00e7\u00e3o dos problemas contempor\u00e2neos cujo enfrentamento implica em um amplo sentido de corresponsabilidade civil e governamental.<\/p>\n<p>Basta-nos t\u00e3o somente a ousadia.<br \/>\nA ousadia de tirar a t\u00edmida camisinha do \u201carm\u00e1rio\u201d[10] e coloc\u00e1-la, assumidamente, no dark room.<\/p>\n<p>Cl\u00e1udio C. Monteiro Jr \u00e9 bacharel em Ci\u00eancias Sociais pela Universidade de S\u00e3o Paulo e mestre em Infectologia em Sa\u00fade P\u00fablica pelo Instituto de Infectologia em Em\u00edlio Ribas. Atua desde 1985 no enfrentamento ao HIV, em organiza\u00e7\u00f5es governamentais e n\u00e3o governamentais, sendo membro da Pastoral da AIDS, CNBB.<\/p>\n<p>Tecla SAP:<\/p>\n<p>[1] Servi\u00e7o de informa\u00e7\u00f5es sobre AIDS por telefone, o primeiro do pa\u00eds, disponibilizado pela Secretaria de Estado da Sa\u00fade de S\u00e3o Paulo em 1983.<br \/>\n[2] Tradi\u00e7\u00e3o, Fam\u00edlia e Propriedade. Organiza\u00e7\u00e3o Cat\u00f3lica ultra conservadora, apoiadora da Ditadura Militar<br \/>\n[3] Grupo de Apoio a Preven\u00e7\u00e3o da AIDS. A primeira organiza\u00e7\u00e3o n\u00e3o governamental de enfrentamento a AIDS do Brasil, fundada em S\u00e3o Paulo, em 1985.<br \/>\n[4] Largo localizado na regi\u00e3o central de S\u00e3o Paulo, conhecido pela presen\u00e7a da comunidade gay.<br \/>\n[5] Fonte: Programa Estadual de DST e AIDS de S\u00e3o Paulo<br \/>\n[6] Optamos por, neste caso, usar a categoriza\u00e7\u00e3o epidemiol\u00f3gica geral que envolve n\u00e3os somente gays, bissexuais, travestis e transsexuais, como tamb\u00e9m a pratica eventual da homossexualidade em homens privados de liberdade ou constrictos.<br \/>\n[7] Sobre a Institui\u00e7\u00e3o da Pol\u00edtica de Financiamento : Portaria Minist\u00e9rio da Sa\u00fade n\u00ba 2313\/02 e 2314\/02<br \/>\n[8] Sobre o Monitoramento dos Recursos Financeiros : Portaria Minist\u00e9rio da Sa\u00fade n\u00ba 1.679\/04.<br \/>\n[9] Citaremos, entre outras, as disserta\u00e7\u00f5es de mestrado de Silva, FL e Taglieta, M., al\u00e9m de nossa pr\u00f3pria disserta\u00e7\u00e3o.<br \/>\n[10] Em algumas saunas gay, os clientes encontram preservativos nos arm\u00e1rios guarda-roupas.<\/p>\n<p>_______________<\/p>\n<p><strong>Fonte:<\/strong> <a href=\"http:\/\/cargaviral.blogspot.com\/2011\/02\/peste-gay-revisitada.html\">Carga Viral<\/a><\/p>\n","protected":false},"excerpt":{"rendered":"<p>No artigo, Claudio Moteiro Jr. revisita os preconceitos sob o p\u00e2nico decorrente da descoberta do v\u00edrus da AIDS na d\u00e9cade de 80.<\/p>\n","protected":false},"author":1,"featured_media":0,"comment_status":"open","ping_status":"open","sticky":false,"template":"","format":"standard","meta":{"site-container-style":"default","site-container-layout":"default","site-sidebar-layout":"default","disable-article-header":"default","disable-site-header":"default","disable-site-footer":"default","disable-content-area-spacing":"default","footnotes":""},"categories":[36,8,41],"tags":[],"class_list":["post-18585","post","type-post","status-publish","format-standard","hentry","category-colunas-especiais","category-textos-e-artigos","category-preconceito"],"yoast_head":"<!-- This site is optimized with the Yoast SEO plugin v27.4 - https:\/\/yoast.com\/product\/yoast-seo-wordpress\/ -->\n<title>A peste gay revisitada -<\/title>\n<meta name=\"robots\" content=\"index, follow, max-snippet:-1, max-image-preview:large, max-video-preview:-1\" \/>\n<link rel=\"canonical\" href=\"https:\/\/inclusivenews.com.br\/?p=18585\" \/>\n<meta property=\"og:locale\" content=\"pt_PT\" \/>\n<meta property=\"og:type\" content=\"article\" \/>\n<meta property=\"og:title\" content=\"A peste gay revisitada -\" \/>\n<meta property=\"og:description\" content=\"No artigo, Claudio Moteiro Jr. revisita os preconceitos sob o p\u00e2nico decorrente da descoberta do v\u00edrus da AIDS na d\u00e9cade de 80.\" \/>\n<meta property=\"og:url\" content=\"https:\/\/inclusivenews.com.br\/?p=18585\" \/>\n<meta property=\"article:publisher\" content=\"https:\/\/www.facebook.com\/agenciainclusive\/\" \/>\n<meta property=\"article:published_time\" content=\"2011-03-03T12:13:15+00:00\" \/>\n<meta property=\"og:image\" content=\"http:\/\/4.bp.blogspot.com\/-ASA9L7kEMu0\/TWfmmKhS59I\/AAAAAAAAAGs\/NqzjX0a_xHY\/s200\/peste-gay.jpg\" \/>\n<meta name=\"author\" content=\"inclusivenews2024\" \/>\n<meta name=\"twitter:card\" content=\"summary_large_image\" \/>\n<meta name=\"twitter:label1\" content=\"Escrito por\" \/>\n\t<meta name=\"twitter:data1\" content=\"inclusivenews2024\" \/>\n\t<meta name=\"twitter:label2\" content=\"Tempo estimado de leitura\" \/>\n\t<meta name=\"twitter:data2\" content=\"11 minutos\" \/>\n<script type=\"application\/ld+json\" class=\"yoast-schema-graph\">{\"@context\":\"https:\\\/\\\/schema.org\",\"@graph\":[{\"@type\":\"Article\",\"@id\":\"https:\\\/\\\/inclusivenews.com.br\\\/?p=18585#article\",\"isPartOf\":{\"@id\":\"https:\\\/\\\/inclusivenews.com.br\\\/?p=18585\"},\"author\":{\"name\":\"inclusivenews2024\",\"@id\":\"https:\\\/\\\/inclusivenews.com.br\\\/#\\\/schema\\\/person\\\/ae4ec7087559b8692fb33b6fffd2273b\"},\"headline\":\"A peste gay revisitada\",\"datePublished\":\"2011-03-03T12:13:15+00:00\",\"mainEntityOfPage\":{\"@id\":\"https:\\\/\\\/inclusivenews.com.br\\\/?p=18585\"},\"wordCount\":2140,\"commentCount\":0,\"publisher\":{\"@id\":\"https:\\\/\\\/inclusivenews.com.br\\\/#organization\"},\"image\":{\"@id\":\"https:\\\/\\\/inclusivenews.com.br\\\/?p=18585#primaryimage\"},\"thumbnailUrl\":\"http:\\\/\\\/4.bp.blogspot.com\\\/-ASA9L7kEMu0\\\/TWfmmKhS59I\\\/AAAAAAAAAGs\\\/NqzjX0a_xHY\\\/s200\\\/peste-gay.jpg\",\"articleSection\":[\"Colunas especiais\",\"OPINI\u00c3O\",\"Preconceito\"],\"inLanguage\":\"pt-PT\",\"potentialAction\":[{\"@type\":\"CommentAction\",\"name\":\"Comment\",\"target\":[\"https:\\\/\\\/inclusivenews.com.br\\\/?p=18585#respond\"]}]},{\"@type\":\"WebPage\",\"@id\":\"https:\\\/\\\/inclusivenews.com.br\\\/?p=18585\",\"url\":\"https:\\\/\\\/inclusivenews.com.br\\\/?p=18585\",\"name\":\"A peste gay revisitada -\",\"isPartOf\":{\"@id\":\"https:\\\/\\\/inclusivenews.com.br\\\/#website\"},\"primaryImageOfPage\":{\"@id\":\"https:\\\/\\\/inclusivenews.com.br\\\/?p=18585#primaryimage\"},\"image\":{\"@id\":\"https:\\\/\\\/inclusivenews.com.br\\\/?p=18585#primaryimage\"},\"thumbnailUrl\":\"http:\\\/\\\/4.bp.blogspot.com\\\/-ASA9L7kEMu0\\\/TWfmmKhS59I\\\/AAAAAAAAAGs\\\/NqzjX0a_xHY\\\/s200\\\/peste-gay.jpg\",\"datePublished\":\"2011-03-03T12:13:15+00:00\",\"breadcrumb\":{\"@id\":\"https:\\\/\\\/inclusivenews.com.br\\\/?p=18585#breadcrumb\"},\"inLanguage\":\"pt-PT\",\"potentialAction\":[{\"@type\":\"ReadAction\",\"target\":[\"https:\\\/\\\/inclusivenews.com.br\\\/?p=18585\"]}]},{\"@type\":\"ImageObject\",\"inLanguage\":\"pt-PT\",\"@id\":\"https:\\\/\\\/inclusivenews.com.br\\\/?p=18585#primaryimage\",\"url\":\"http:\\\/\\\/4.bp.blogspot.com\\\/-ASA9L7kEMu0\\\/TWfmmKhS59I\\\/AAAAAAAAAGs\\\/NqzjX0a_xHY\\\/s200\\\/peste-gay.jpg\",\"contentUrl\":\"http:\\\/\\\/4.bp.blogspot.com\\\/-ASA9L7kEMu0\\\/TWfmmKhS59I\\\/AAAAAAAAAGs\\\/NqzjX0a_xHY\\\/s200\\\/peste-gay.jpg\"},{\"@type\":\"BreadcrumbList\",\"@id\":\"https:\\\/\\\/inclusivenews.com.br\\\/?p=18585#breadcrumb\",\"itemListElement\":[{\"@type\":\"ListItem\",\"position\":1,\"name\":\"In\u00edcio\",\"item\":\"https:\\\/\\\/inclusivenews.com.br\\\/\"},{\"@type\":\"ListItem\",\"position\":2,\"name\":\"A peste gay revisitada\"}]},{\"@type\":\"WebSite\",\"@id\":\"https:\\\/\\\/inclusivenews.com.br\\\/#website\",\"url\":\"https:\\\/\\\/inclusivenews.com.br\\\/\",\"name\":\"Inclusive News\",\"description\":\"Inclusive News\",\"publisher\":{\"@id\":\"https:\\\/\\\/inclusivenews.com.br\\\/#organization\"},\"potentialAction\":[{\"@type\":\"SearchAction\",\"target\":{\"@type\":\"EntryPoint\",\"urlTemplate\":\"https:\\\/\\\/inclusivenews.com.br\\\/?s={search_term_string}\"},\"query-input\":{\"@type\":\"PropertyValueSpecification\",\"valueRequired\":true,\"valueName\":\"search_term_string\"}}],\"inLanguage\":\"pt-PT\"},{\"@type\":\"Organization\",\"@id\":\"https:\\\/\\\/inclusivenews.com.br\\\/#organization\",\"name\":\"Inclusive - inclus\u00e3o e cidadania\",\"url\":\"https:\\\/\\\/inclusivenews.com.br\\\/\",\"logo\":{\"@type\":\"ImageObject\",\"inLanguage\":\"pt-PT\",\"@id\":\"https:\\\/\\\/inclusivenews.com.br\\\/#\\\/schema\\\/logo\\\/image\\\/\",\"url\":\"https:\\\/\\\/inclusivenews.com.br\\\/wp-content\\\/uploads\\\/2024\\\/03\\\/@grandesite.png\",\"contentUrl\":\"https:\\\/\\\/inclusivenews.com.br\\\/wp-content\\\/uploads\\\/2024\\\/03\\\/@grandesite.png\",\"width\":1080,\"height\":1080,\"caption\":\"Inclusive - inclus\u00e3o e cidadania\"},\"image\":{\"@id\":\"https:\\\/\\\/inclusivenews.com.br\\\/#\\\/schema\\\/logo\\\/image\\\/\"},\"sameAs\":[\"https:\\\/\\\/www.facebook.com\\\/agenciainclusive\\\/\",\"https:\\\/\\\/www.instagram.com\\\/newsinclusive\\\/\"]},{\"@type\":\"Person\",\"@id\":\"https:\\\/\\\/inclusivenews.com.br\\\/#\\\/schema\\\/person\\\/ae4ec7087559b8692fb33b6fffd2273b\",\"name\":\"inclusivenews2024\",\"image\":{\"@type\":\"ImageObject\",\"inLanguage\":\"pt-PT\",\"@id\":\"https:\\\/\\\/secure.gravatar.com\\\/avatar\\\/c5a7ef84c66fa914f55bc4f7ce26cfa275a3b9a1c5568b907bd184fb4dde7b40?s=96&d=mm&r=g\",\"url\":\"https:\\\/\\\/secure.gravatar.com\\\/avatar\\\/c5a7ef84c66fa914f55bc4f7ce26cfa275a3b9a1c5568b907bd184fb4dde7b40?s=96&d=mm&r=g\",\"contentUrl\":\"https:\\\/\\\/secure.gravatar.com\\\/avatar\\\/c5a7ef84c66fa914f55bc4f7ce26cfa275a3b9a1c5568b907bd184fb4dde7b40?s=96&d=mm&r=g\",\"caption\":\"inclusivenews2024\"},\"sameAs\":[\"https:\\\/\\\/inclusivenews.com.br\"],\"url\":\"https:\\\/\\\/inclusivenews.com.br\\\/?author=1\"}]}<\/script>\n<!-- \/ Yoast SEO plugin. -->","yoast_head_json":{"title":"A peste gay revisitada -","robots":{"index":"index","follow":"follow","max-snippet":"max-snippet:-1","max-image-preview":"max-image-preview:large","max-video-preview":"max-video-preview:-1"},"canonical":"https:\/\/inclusivenews.com.br\/?p=18585","og_locale":"pt_PT","og_type":"article","og_title":"A peste gay revisitada -","og_description":"No artigo, Claudio Moteiro Jr. revisita os preconceitos sob o p\u00e2nico decorrente da descoberta do v\u00edrus da AIDS na d\u00e9cade de 80.","og_url":"https:\/\/inclusivenews.com.br\/?p=18585","article_publisher":"https:\/\/www.facebook.com\/agenciainclusive\/","article_published_time":"2011-03-03T12:13:15+00:00","og_image":[{"url":"http:\/\/4.bp.blogspot.com\/-ASA9L7kEMu0\/TWfmmKhS59I\/AAAAAAAAAGs\/NqzjX0a_xHY\/s200\/peste-gay.jpg","type":"","width":"","height":""}],"author":"inclusivenews2024","twitter_card":"summary_large_image","twitter_misc":{"Escrito por":"inclusivenews2024","Tempo estimado de leitura":"11 minutos"},"schema":{"@context":"https:\/\/schema.org","@graph":[{"@type":"Article","@id":"https:\/\/inclusivenews.com.br\/?p=18585#article","isPartOf":{"@id":"https:\/\/inclusivenews.com.br\/?p=18585"},"author":{"name":"inclusivenews2024","@id":"https:\/\/inclusivenews.com.br\/#\/schema\/person\/ae4ec7087559b8692fb33b6fffd2273b"},"headline":"A peste gay revisitada","datePublished":"2011-03-03T12:13:15+00:00","mainEntityOfPage":{"@id":"https:\/\/inclusivenews.com.br\/?p=18585"},"wordCount":2140,"commentCount":0,"publisher":{"@id":"https:\/\/inclusivenews.com.br\/#organization"},"image":{"@id":"https:\/\/inclusivenews.com.br\/?p=18585#primaryimage"},"thumbnailUrl":"http:\/\/4.bp.blogspot.com\/-ASA9L7kEMu0\/TWfmmKhS59I\/AAAAAAAAAGs\/NqzjX0a_xHY\/s200\/peste-gay.jpg","articleSection":["Colunas especiais","OPINI\u00c3O","Preconceito"],"inLanguage":"pt-PT","potentialAction":[{"@type":"CommentAction","name":"Comment","target":["https:\/\/inclusivenews.com.br\/?p=18585#respond"]}]},{"@type":"WebPage","@id":"https:\/\/inclusivenews.com.br\/?p=18585","url":"https:\/\/inclusivenews.com.br\/?p=18585","name":"A peste gay revisitada -","isPartOf":{"@id":"https:\/\/inclusivenews.com.br\/#website"},"primaryImageOfPage":{"@id":"https:\/\/inclusivenews.com.br\/?p=18585#primaryimage"},"image":{"@id":"https:\/\/inclusivenews.com.br\/?p=18585#primaryimage"},"thumbnailUrl":"http:\/\/4.bp.blogspot.com\/-ASA9L7kEMu0\/TWfmmKhS59I\/AAAAAAAAAGs\/NqzjX0a_xHY\/s200\/peste-gay.jpg","datePublished":"2011-03-03T12:13:15+00:00","breadcrumb":{"@id":"https:\/\/inclusivenews.com.br\/?p=18585#breadcrumb"},"inLanguage":"pt-PT","potentialAction":[{"@type":"ReadAction","target":["https:\/\/inclusivenews.com.br\/?p=18585"]}]},{"@type":"ImageObject","inLanguage":"pt-PT","@id":"https:\/\/inclusivenews.com.br\/?p=18585#primaryimage","url":"http:\/\/4.bp.blogspot.com\/-ASA9L7kEMu0\/TWfmmKhS59I\/AAAAAAAAAGs\/NqzjX0a_xHY\/s200\/peste-gay.jpg","contentUrl":"http:\/\/4.bp.blogspot.com\/-ASA9L7kEMu0\/TWfmmKhS59I\/AAAAAAAAAGs\/NqzjX0a_xHY\/s200\/peste-gay.jpg"},{"@type":"BreadcrumbList","@id":"https:\/\/inclusivenews.com.br\/?p=18585#breadcrumb","itemListElement":[{"@type":"ListItem","position":1,"name":"In\u00edcio","item":"https:\/\/inclusivenews.com.br\/"},{"@type":"ListItem","position":2,"name":"A peste gay revisitada"}]},{"@type":"WebSite","@id":"https:\/\/inclusivenews.com.br\/#website","url":"https:\/\/inclusivenews.com.br\/","name":"Inclusive News","description":"Inclusive News","publisher":{"@id":"https:\/\/inclusivenews.com.br\/#organization"},"potentialAction":[{"@type":"SearchAction","target":{"@type":"EntryPoint","urlTemplate":"https:\/\/inclusivenews.com.br\/?s={search_term_string}"},"query-input":{"@type":"PropertyValueSpecification","valueRequired":true,"valueName":"search_term_string"}}],"inLanguage":"pt-PT"},{"@type":"Organization","@id":"https:\/\/inclusivenews.com.br\/#organization","name":"Inclusive - inclus\u00e3o e cidadania","url":"https:\/\/inclusivenews.com.br\/","logo":{"@type":"ImageObject","inLanguage":"pt-PT","@id":"https:\/\/inclusivenews.com.br\/#\/schema\/logo\/image\/","url":"https:\/\/inclusivenews.com.br\/wp-content\/uploads\/2024\/03\/@grandesite.png","contentUrl":"https:\/\/inclusivenews.com.br\/wp-content\/uploads\/2024\/03\/@grandesite.png","width":1080,"height":1080,"caption":"Inclusive - inclus\u00e3o e cidadania"},"image":{"@id":"https:\/\/inclusivenews.com.br\/#\/schema\/logo\/image\/"},"sameAs":["https:\/\/www.facebook.com\/agenciainclusive\/","https:\/\/www.instagram.com\/newsinclusive\/"]},{"@type":"Person","@id":"https:\/\/inclusivenews.com.br\/#\/schema\/person\/ae4ec7087559b8692fb33b6fffd2273b","name":"inclusivenews2024","image":{"@type":"ImageObject","inLanguage":"pt-PT","@id":"https:\/\/secure.gravatar.com\/avatar\/c5a7ef84c66fa914f55bc4f7ce26cfa275a3b9a1c5568b907bd184fb4dde7b40?s=96&d=mm&r=g","url":"https:\/\/secure.gravatar.com\/avatar\/c5a7ef84c66fa914f55bc4f7ce26cfa275a3b9a1c5568b907bd184fb4dde7b40?s=96&d=mm&r=g","contentUrl":"https:\/\/secure.gravatar.com\/avatar\/c5a7ef84c66fa914f55bc4f7ce26cfa275a3b9a1c5568b907bd184fb4dde7b40?s=96&d=mm&r=g","caption":"inclusivenews2024"},"sameAs":["https:\/\/inclusivenews.com.br"],"url":"https:\/\/inclusivenews.com.br\/?author=1"}]}},"_links":{"self":[{"href":"https:\/\/inclusivenews.com.br\/index.php?rest_route=\/wp\/v2\/posts\/18585","targetHints":{"allow":["GET"]}}],"collection":[{"href":"https:\/\/inclusivenews.com.br\/index.php?rest_route=\/wp\/v2\/posts"}],"about":[{"href":"https:\/\/inclusivenews.com.br\/index.php?rest_route=\/wp\/v2\/types\/post"}],"author":[{"embeddable":true,"href":"https:\/\/inclusivenews.com.br\/index.php?rest_route=\/wp\/v2\/users\/1"}],"replies":[{"embeddable":true,"href":"https:\/\/inclusivenews.com.br\/index.php?rest_route=%2Fwp%2Fv2%2Fcomments&post=18585"}],"version-history":[{"count":0,"href":"https:\/\/inclusivenews.com.br\/index.php?rest_route=\/wp\/v2\/posts\/18585\/revisions"}],"wp:attachment":[{"href":"https:\/\/inclusivenews.com.br\/index.php?rest_route=%2Fwp%2Fv2%2Fmedia&parent=18585"}],"wp:term":[{"taxonomy":"category","embeddable":true,"href":"https:\/\/inclusivenews.com.br\/index.php?rest_route=%2Fwp%2Fv2%2Fcategories&post=18585"},{"taxonomy":"post_tag","embeddable":true,"href":"https:\/\/inclusivenews.com.br\/index.php?rest_route=%2Fwp%2Fv2%2Ftags&post=18585"}],"curies":[{"name":"wp","href":"https:\/\/api.w.org\/{rel}","templated":true}]}}