{"id":18616,"date":"2011-03-03T09:12:28","date_gmt":"2011-03-03T12:12:28","guid":{"rendered":"http:\/\/www.inclusive.org.br\/?p=18616"},"modified":"2011-03-03T09:12:28","modified_gmt":"2011-03-03T12:12:28","slug":"24%c2%ba-forum-de-empregabilidade-de-pessoas-com-deficiencia-0303","status":"publish","type":"post","link":"https:\/\/inclusivenews.com.br\/?p=18616","title":{"rendered":"24\u00ba F\u00f3rum de Empregabilidade de Pessoas com Defici\u00eancia &#8211; 03\/03"},"content":{"rendered":"<figure style=\"width: 164px\" class=\"wp-caption alignleft\"><img loading=\"lazy\" decoding=\"async\" title=\"Serasa Experian\" src=\"http:\/\/www.serasaexperian.com.br\/news\/circular\/img\/logo_ass.jpg\" alt=\"\" width=\"164\" height=\"45\" \/><figcaption class=\"wp-caption-text\"> <\/figcaption><\/figure>\n<p>&#8220;A Inclus\u00e3o de Pessoas com Defici\u00eancia no Mundo do Trabalho: Estados Unidos e Brasil&#8221;<\/p>\n<p>Susanne Bruy\u00e8re (EUA)* Diretora do Employment and Disability Institute Cornell University Nova York<\/p>\n<p>Jos\u00e9 Pastore &#8211; Professor Titular da Faculdade de Economia, Administra\u00e7\u00e3o e Contabilidade da Universidade de S\u00e3o Paulo<\/p>\n<p>H\u00e9lio Zylberstajn &#8211; Professor da Faculdade de Economia, Administra\u00e7\u00e3o e Contabilidade da Universidade de S\u00e3o Paulo Presidente da Associa\u00e7\u00e3o Instituto Brasileiro de Rela\u00e7\u00f5es de Emprego e Trabalho (IBRET)<\/p>\n<p>Dia 3 de mar\u00e7o de 2011 Das 14h00 \u00e0s 18h00<\/p>\n<p>Local: Audit\u00f3rio da Secretaria de Estado dos Direitos da Pessoa com Defici\u00eancia Av. Auro Soares de Moura Andrade, 564 \u2013 Port\u00e3o 10 Barra Funda &#8211; S\u00e3o Paulo Estacionamento no Local* *Clique aqui * e confirme sua presen\u00e7a agora mesmo.<\/p>\n<p><a href=\"http:\/\/sitenet08.serasa.com.br\/__83256B09003B430B.nsf\/PUBCAMP?OpenForm&amp;5EAEC65B5FE9EF4003257838006D7766\">Inscri\u00e7\u00f5es neste link.<\/a><\/p>\n","protected":false},"excerpt":{"rendered":"<p>24\u00ba F\u00f3rum de Empregabilidade de Pessoas com Defici\u00eancia &#8211; &#8220;A Inclus\u00e3o de Pessoas com Defici\u00eancia no Mundo do Trabalho: Estados Unidos e Brasil&#8221;<\/p>\n","protected":false},"author":1,"featured_media":0,"comment_status":"open","ping_status":"open","sticky":false,"template":"","format":"standard","meta":{"site-container-style":"default","site-container-layout":"default","site-sidebar-layout":"default","disable-article-header":"default","disable-site-header":"default","disable-site-footer":"default","disable-content-area-spacing":"default","footnotes":""},"categories":[12,38,48,46,4],"tags":[],"class_list":["post-18616","post","type-post","status-publish","format-standard","hentry","category-cursos-e-eventos","category-deficiencia","category-inclusao","category-mercado-de-trabalho","category-noticias"],"yoast_head":"<!-- This site is optimized with the Yoast SEO plugin v27.5 - https:\/\/yoast.com\/product\/yoast-seo-wordpress\/ -->\n<title>24\u00ba F\u00f3rum de Empregabilidade de Pessoas com Defici\u00eancia - 03\/03 -<\/title>\n<meta name=\"robots\" content=\"index, follow, max-snippet:-1, max-image-preview:large, max-video-preview:-1\" \/>\n<link rel=\"canonical\" href=\"https:\/\/inclusivenews.com.br\/?p=18616\" \/>\n<meta property=\"og:locale\" content=\"pt_PT\" \/>\n<meta property=\"og:type\" content=\"article\" \/>\n<meta property=\"og:title\" content=\"24\u00ba F\u00f3rum de Empregabilidade de Pessoas com Defici\u00eancia - 03\/03 -\" \/>\n<meta property=\"og:description\" content=\"24\u00ba F\u00f3rum de Empregabilidade de Pessoas com Defici\u00eancia - &quot;A Inclus\u00e3o de Pessoas com Defici\u00eancia no Mundo do Trabalho: Estados Unidos e Brasil&quot;\" \/>\n<meta property=\"og:url\" content=\"https:\/\/inclusivenews.com.br\/?p=18616\" \/>\n<meta property=\"article:publisher\" content=\"https:\/\/www.facebook.com\/agenciainclusive\/\" \/>\n<meta property=\"article:published_time\" content=\"2011-03-03T12:12:28+00:00\" \/>\n<meta property=\"og:image\" content=\"http:\/\/www.serasaexperian.com.br\/news\/circular\/img\/logo_ass.jpg\" \/>\n<meta name=\"author\" content=\"inclusivenews2024\" \/>\n<meta name=\"twitter:card\" content=\"summary_large_image\" \/>\n<meta name=\"twitter:label1\" content=\"Escrito por\" \/>\n\t<meta name=\"twitter:data1\" content=\"inclusivenews2024\" \/>\n\t<meta name=\"twitter:label2\" content=\"Tempo estimado de leitura\" \/>\n\t<meta name=\"twitter:data2\" content=\"1 minuto\" \/>\n<script type=\"application\/ld+json\" class=\"yoast-schema-graph\">{\"@context\":\"https:\\\/\\\/schema.org\",\"@graph\":[{\"@type\":\"Article\",\"@id\":\"https:\\\/\\\/inclusivenews.com.br\\\/?p=18616#article\",\"isPartOf\":{\"@id\":\"https:\\\/\\\/inclusivenews.com.br\\\/?p=18616\"},\"author\":{\"name\":\"inclusivenews2024\",\"@id\":\"https:\\\/\\\/inclusivenews.com.br\\\/#\\\/schema\\\/person\\\/ae4ec7087559b8692fb33b6fffd2273b\"},\"headline\":\"24\u00ba F\u00f3rum de Empregabilidade de Pessoas com Defici\u00eancia &#8211; 03\\\/03\",\"datePublished\":\"2011-03-03T12:12:28+00:00\",\"mainEntityOfPage\":{\"@id\":\"https:\\\/\\\/inclusivenews.com.br\\\/?p=18616\"},\"wordCount\":152,\"commentCount\":1,\"publisher\":{\"@id\":\"https:\\\/\\\/inclusivenews.com.br\\\/#organization\"},\"image\":{\"@id\":\"https:\\\/\\\/inclusivenews.com.br\\\/?p=18616#primaryimage\"},\"thumbnailUrl\":\"http:\\\/\\\/www.serasaexperian.com.br\\\/news\\\/circular\\\/img\\\/logo_ass.jpg\",\"articleSection\":[\"Cursos e eventos\",\"Defici\u00eancia\",\"INCLUS\u00c3O SOCIAL\",\"Mercado de Trabalho\",\"NOT\u00cdCIAS\"],\"inLanguage\":\"pt-PT\",\"potentialAction\":[{\"@type\":\"CommentAction\",\"name\":\"Comment\",\"target\":[\"https:\\\/\\\/inclusivenews.com.br\\\/?p=18616#respond\"]}]},{\"@type\":\"WebPage\",\"@id\":\"https:\\\/\\\/inclusivenews.com.br\\\/?p=18616\",\"url\":\"https:\\\/\\\/inclusivenews.com.br\\\/?p=18616\",\"name\":\"24\u00ba F\u00f3rum de Empregabilidade de Pessoas com Defici\u00eancia - 03\\\/03 -\",\"isPartOf\":{\"@id\":\"https:\\\/\\\/inclusivenews.com.br\\\/#website\"},\"primaryImageOfPage\":{\"@id\":\"https:\\\/\\\/inclusivenews.com.br\\\/?p=18616#primaryimage\"},\"image\":{\"@id\":\"https:\\\/\\\/inclusivenews.com.br\\\/?p=18616#primaryimage\"},\"thumbnailUrl\":\"http:\\\/\\\/www.serasaexperian.com.br\\\/news\\\/circular\\\/img\\\/logo_ass.jpg\",\"datePublished\":\"2011-03-03T12:12:28+00:00\",\"breadcrumb\":{\"@id\":\"https:\\\/\\\/inclusivenews.com.br\\\/?p=18616#breadcrumb\"},\"inLanguage\":\"pt-PT\",\"potentialAction\":[{\"@type\":\"ReadAction\",\"target\":[\"https:\\\/\\\/inclusivenews.com.br\\\/?p=18616\"]}]},{\"@type\":\"ImageObject\",\"inLanguage\":\"pt-PT\",\"@id\":\"https:\\\/\\\/inclusivenews.com.br\\\/?p=18616#primaryimage\",\"url\":\"http:\\\/\\\/www.serasaexperian.com.br\\\/news\\\/circular\\\/img\\\/logo_ass.jpg\",\"contentUrl\":\"http:\\\/\\\/www.serasaexperian.com.br\\\/news\\\/circular\\\/img\\\/logo_ass.jpg\"},{\"@type\":\"BreadcrumbList\",\"@id\":\"https:\\\/\\\/inclusivenews.com.br\\\/?p=18616#breadcrumb\",\"itemListElement\":[{\"@type\":\"ListItem\",\"position\":1,\"name\":\"In\u00edcio\",\"item\":\"https:\\\/\\\/inclusivenews.com.br\\\/\"},{\"@type\":\"ListItem\",\"position\":2,\"name\":\"24\u00ba F\u00f3rum de Empregabilidade de Pessoas com Defici\u00eancia &#8211; 03\\\/03\"}]},{\"@type\":\"WebSite\",\"@id\":\"https:\\\/\\\/inclusivenews.com.br\\\/#website\",\"url\":\"https:\\\/\\\/inclusivenews.com.br\\\/\",\"name\":\"Inclusive News\",\"description\":\"Inclusive News\",\"publisher\":{\"@id\":\"https:\\\/\\\/inclusivenews.com.br\\\/#organization\"},\"potentialAction\":[{\"@type\":\"SearchAction\",\"target\":{\"@type\":\"EntryPoint\",\"urlTemplate\":\"https:\\\/\\\/inclusivenews.com.br\\\/?s={search_term_string}\"},\"query-input\":{\"@type\":\"PropertyValueSpecification\",\"valueRequired\":true,\"valueName\":\"search_term_string\"}}],\"inLanguage\":\"pt-PT\"},{\"@type\":\"Organization\",\"@id\":\"https:\\\/\\\/inclusivenews.com.br\\\/#organization\",\"name\":\"Inclusive - inclus\u00e3o e cidadania\",\"url\":\"https:\\\/\\\/inclusivenews.com.br\\\/\",\"logo\":{\"@type\":\"ImageObject\",\"inLanguage\":\"pt-PT\",\"@id\":\"https:\\\/\\\/inclusivenews.com.br\\\/#\\\/schema\\\/logo\\\/image\\\/\",\"url\":\"https:\\\/\\\/inclusivenews.com.br\\\/wp-content\\\/uploads\\\/2024\\\/03\\\/@grandesite.png\",\"contentUrl\":\"https:\\\/\\\/inclusivenews.com.br\\\/wp-content\\\/uploads\\\/2024\\\/03\\\/@grandesite.png\",\"width\":1080,\"height\":1080,\"caption\":\"Inclusive - inclus\u00e3o e cidadania\"},\"image\":{\"@id\":\"https:\\\/\\\/inclusivenews.com.br\\\/#\\\/schema\\\/logo\\\/image\\\/\"},\"sameAs\":[\"https:\\\/\\\/www.facebook.com\\\/agenciainclusive\\\/\",\"https:\\\/\\\/www.instagram.com\\\/newsinclusive\\\/\"]},{\"@type\":\"Person\",\"@id\":\"https:\\\/\\\/inclusivenews.com.br\\\/#\\\/schema\\\/person\\\/ae4ec7087559b8692fb33b6fffd2273b\",\"name\":\"inclusivenews2024\",\"image\":{\"@type\":\"ImageObject\",\"inLanguage\":\"pt-PT\",\"@id\":\"https:\\\/\\\/secure.gravatar.com\\\/avatar\\\/c5a7ef84c66fa914f55bc4f7ce26cfa275a3b9a1c5568b907bd184fb4dde7b40?s=96&d=mm&r=g\",\"url\":\"https:\\\/\\\/secure.gravatar.com\\\/avatar\\\/c5a7ef84c66fa914f55bc4f7ce26cfa275a3b9a1c5568b907bd184fb4dde7b40?s=96&d=mm&r=g\",\"contentUrl\":\"https:\\\/\\\/secure.gravatar.com\\\/avatar\\\/c5a7ef84c66fa914f55bc4f7ce26cfa275a3b9a1c5568b907bd184fb4dde7b40?s=96&d=mm&r=g\",\"caption\":\"inclusivenews2024\"},\"sameAs\":[\"https:\\\/\\\/inclusivenews.com.br\"],\"url\":\"https:\\\/\\\/inclusivenews.com.br\\\/?author=1\"}]}<\/script>\n<!-- \/ Yoast SEO plugin. -->","yoast_head_json":{"title":"24\u00ba F\u00f3rum de Empregabilidade de Pessoas com Defici\u00eancia - 03\/03 -","robots":{"index":"index","follow":"follow","max-snippet":"max-snippet:-1","max-image-preview":"max-image-preview:large","max-video-preview":"max-video-preview:-1"},"canonical":"https:\/\/inclusivenews.com.br\/?p=18616","og_locale":"pt_PT","og_type":"article","og_title":"24\u00ba F\u00f3rum de Empregabilidade de Pessoas com Defici\u00eancia - 03\/03 -","og_description":"24\u00ba F\u00f3rum de Empregabilidade de Pessoas com Defici\u00eancia - \"A Inclus\u00e3o de Pessoas com Defici\u00eancia no Mundo do Trabalho: Estados Unidos e Brasil\"","og_url":"https:\/\/inclusivenews.com.br\/?p=18616","article_publisher":"https:\/\/www.facebook.com\/agenciainclusive\/","article_published_time":"2011-03-03T12:12:28+00:00","og_image":[{"url":"http:\/\/www.serasaexperian.com.br\/news\/circular\/img\/logo_ass.jpg","type":"","width":"","height":""}],"author":"inclusivenews2024","twitter_card":"summary_large_image","twitter_misc":{"Escrito por":"inclusivenews2024","Tempo estimado de leitura":"1 minuto"},"schema":{"@context":"https:\/\/schema.org","@graph":[{"@type":"Article","@id":"https:\/\/inclusivenews.com.br\/?p=18616#article","isPartOf":{"@id":"https:\/\/inclusivenews.com.br\/?p=18616"},"author":{"name":"inclusivenews2024","@id":"https:\/\/inclusivenews.com.br\/#\/schema\/person\/ae4ec7087559b8692fb33b6fffd2273b"},"headline":"24\u00ba F\u00f3rum de Empregabilidade de Pessoas com Defici\u00eancia &#8211; 03\/03","datePublished":"2011-03-03T12:12:28+00:00","mainEntityOfPage":{"@id":"https:\/\/inclusivenews.com.br\/?p=18616"},"wordCount":152,"commentCount":1,"publisher":{"@id":"https:\/\/inclusivenews.com.br\/#organization"},"image":{"@id":"https:\/\/inclusivenews.com.br\/?p=18616#primaryimage"},"thumbnailUrl":"http:\/\/www.serasaexperian.com.br\/news\/circular\/img\/logo_ass.jpg","articleSection":["Cursos e eventos","Defici\u00eancia","INCLUS\u00c3O SOCIAL","Mercado de Trabalho","NOT\u00cdCIAS"],"inLanguage":"pt-PT","potentialAction":[{"@type":"CommentAction","name":"Comment","target":["https:\/\/inclusivenews.com.br\/?p=18616#respond"]}]},{"@type":"WebPage","@id":"https:\/\/inclusivenews.com.br\/?p=18616","url":"https:\/\/inclusivenews.com.br\/?p=18616","name":"24\u00ba F\u00f3rum de Empregabilidade de Pessoas com Defici\u00eancia - 03\/03 -","isPartOf":{"@id":"https:\/\/inclusivenews.com.br\/#website"},"primaryImageOfPage":{"@id":"https:\/\/inclusivenews.com.br\/?p=18616#primaryimage"},"image":{"@id":"https:\/\/inclusivenews.com.br\/?p=18616#primaryimage"},"thumbnailUrl":"http:\/\/www.serasaexperian.com.br\/news\/circular\/img\/logo_ass.jpg","datePublished":"2011-03-03T12:12:28+00:00","breadcrumb":{"@id":"https:\/\/inclusivenews.com.br\/?p=18616#breadcrumb"},"inLanguage":"pt-PT","potentialAction":[{"@type":"ReadAction","target":["https:\/\/inclusivenews.com.br\/?p=18616"]}]},{"@type":"ImageObject","inLanguage":"pt-PT","@id":"https:\/\/inclusivenews.com.br\/?p=18616#primaryimage","url":"http:\/\/www.serasaexperian.com.br\/news\/circular\/img\/logo_ass.jpg","contentUrl":"http:\/\/www.serasaexperian.com.br\/news\/circular\/img\/logo_ass.jpg"},{"@type":"BreadcrumbList","@id":"https:\/\/inclusivenews.com.br\/?p=18616#breadcrumb","itemListElement":[{"@type":"ListItem","position":1,"name":"In\u00edcio","item":"https:\/\/inclusivenews.com.br\/"},{"@type":"ListItem","position":2,"name":"24\u00ba F\u00f3rum de Empregabilidade de Pessoas com Defici\u00eancia &#8211; 03\/03"}]},{"@type":"WebSite","@id":"https:\/\/inclusivenews.com.br\/#website","url":"https:\/\/inclusivenews.com.br\/","name":"Inclusive News","description":"Inclusive News","publisher":{"@id":"https:\/\/inclusivenews.com.br\/#organization"},"potentialAction":[{"@type":"SearchAction","target":{"@type":"EntryPoint","urlTemplate":"https:\/\/inclusivenews.com.br\/?s={search_term_string}"},"query-input":{"@type":"PropertyValueSpecification","valueRequired":true,"valueName":"search_term_string"}}],"inLanguage":"pt-PT"},{"@type":"Organization","@id":"https:\/\/inclusivenews.com.br\/#organization","name":"Inclusive - inclus\u00e3o e cidadania","url":"https:\/\/inclusivenews.com.br\/","logo":{"@type":"ImageObject","inLanguage":"pt-PT","@id":"https:\/\/inclusivenews.com.br\/#\/schema\/logo\/image\/","url":"https:\/\/inclusivenews.com.br\/wp-content\/uploads\/2024\/03\/@grandesite.png","contentUrl":"https:\/\/inclusivenews.com.br\/wp-content\/uploads\/2024\/03\/@grandesite.png","width":1080,"height":1080,"caption":"Inclusive - inclus\u00e3o e cidadania"},"image":{"@id":"https:\/\/inclusivenews.com.br\/#\/schema\/logo\/image\/"},"sameAs":["https:\/\/www.facebook.com\/agenciainclusive\/","https:\/\/www.instagram.com\/newsinclusive\/"]},{"@type":"Person","@id":"https:\/\/inclusivenews.com.br\/#\/schema\/person\/ae4ec7087559b8692fb33b6fffd2273b","name":"inclusivenews2024","image":{"@type":"ImageObject","inLanguage":"pt-PT","@id":"https:\/\/secure.gravatar.com\/avatar\/c5a7ef84c66fa914f55bc4f7ce26cfa275a3b9a1c5568b907bd184fb4dde7b40?s=96&d=mm&r=g","url":"https:\/\/secure.gravatar.com\/avatar\/c5a7ef84c66fa914f55bc4f7ce26cfa275a3b9a1c5568b907bd184fb4dde7b40?s=96&d=mm&r=g","contentUrl":"https:\/\/secure.gravatar.com\/avatar\/c5a7ef84c66fa914f55bc4f7ce26cfa275a3b9a1c5568b907bd184fb4dde7b40?s=96&d=mm&r=g","caption":"inclusivenews2024"},"sameAs":["https:\/\/inclusivenews.com.br"],"url":"https:\/\/inclusivenews.com.br\/?author=1"}]}},"_links":{"self":[{"href":"https:\/\/inclusivenews.com.br\/index.php?rest_route=\/wp\/v2\/posts\/18616","targetHints":{"allow":["GET"]}}],"collection":[{"href":"https:\/\/inclusivenews.com.br\/index.php?rest_route=\/wp\/v2\/posts"}],"about":[{"href":"https:\/\/inclusivenews.com.br\/index.php?rest_route=\/wp\/v2\/types\/post"}],"author":[{"embeddable":true,"href":"https:\/\/inclusivenews.com.br\/index.php?rest_route=\/wp\/v2\/users\/1"}],"replies":[{"embeddable":true,"href":"https:\/\/inclusivenews.com.br\/index.php?rest_route=%2Fwp%2Fv2%2Fcomments&post=18616"}],"version-history":[{"count":0,"href":"https:\/\/inclusivenews.com.br\/index.php?rest_route=\/wp\/v2\/posts\/18616\/revisions"}],"wp:attachment":[{"href":"https:\/\/inclusivenews.com.br\/index.php?rest_route=%2Fwp%2Fv2%2Fmedia&parent=18616"}],"wp:term":[{"taxonomy":"category","embeddable":true,"href":"https:\/\/inclusivenews.com.br\/index.php?rest_route=%2Fwp%2Fv2%2Fcategories&post=18616"},{"taxonomy":"post_tag","embeddable":true,"href":"https:\/\/inclusivenews.com.br\/index.php?rest_route=%2Fwp%2Fv2%2Ftags&post=18616"}],"curies":[{"name":"wp","href":"https:\/\/api.w.org\/{rel}","templated":true}]}}