{"id":18618,"date":"2011-03-03T09:12:42","date_gmt":"2011-03-03T12:12:42","guid":{"rendered":"http:\/\/www.inclusive.org.br\/?p=18618"},"modified":"2011-03-03T09:12:42","modified_gmt":"2011-03-03T12:12:42","slug":"relatorio-mundial-sobre-deficiencia","status":"publish","type":"post","link":"https:\/\/inclusivenews.com.br\/?p=18618","title":{"rendered":"Relat\u00f3rio mundial sobre defici\u00eancia"},"content":{"rendered":"<figure style=\"width: 250px\" class=\"wp-caption alignleft\"><img loading=\"lazy\" decoding=\"async\" title=\"World Health Organization\" src=\"http:\/\/www.who.int\/sysmedia\/media\/resources\/who-logo-en.jpg\" alt=\"World Health Organization\" width=\"250\" height=\"90\" \/><figcaption class=\"wp-caption-text\"> <\/figcaption><\/figure>\n<p>*RELAT\u00d3RIO MUNDIAL SOBRE DEFICI\u00caNCIA WORLD REPORT ON DISABILITY*<\/p>\n<p>No pr\u00f3ximo dia 9 de junho de 2011, na sede da Organiza\u00e7\u00e3o Mundial da Sa\u00fade &#8211; OMS, em Genebra, Su\u00ed\u00e7a, ocorrer\u00e1 o lan\u00e7amento internacional do WORLD REPORT ON DISABILITY (Relat\u00f3rio Mundial sobre Defici\u00eancia) com a presen\u00e7a de autoridades internacionais e estatais, celebridades com defici\u00eancias e representantes de organiza\u00e7\u00f5es cient\u00edficas, organiza\u00e7\u00f5es n\u00e3o-governamentais e organiza\u00e7\u00f5es profissionais que lidam com pessoas com defici\u00eancias.<\/p>\n<p>O RELAT\u00d3RIO MUNDIAL SOBRE DEFICI\u00caNCIA \u00e9 um documento que resume as mais importantes evid\u00eancias cient\u00edficas sobre o tema, com recomenda\u00e7\u00f5es para a\u00e7\u00f5es de apoio \u00e0 Conven\u00e7\u00e3o dos Direitos das Pessoas com Defici\u00eancias (2006). Ap\u00f3s o lan\u00e7amento, haver\u00e1 uma sess\u00e3o t\u00e9cnica para explicar como podem ser implementadas as recomenda\u00e7\u00f5es feitas.<\/p>\n<p>A OMS informa que pessoas com defici\u00eancias s\u00e3o as que mais sofrem desvantagem social e econ\u00f4mica e t\u00eam seus diretos negados em muitos pa\u00edses. Cerca de 80% das pessoas com defici\u00eancias vivem em pa\u00edses de baixa renda. Apesar deste problema ser vultuoso, h\u00e1 pouca informa\u00e7\u00e3o cient\u00edfica dispon\u00edvel. O RELAT\u00d3RIO MUNDIAL SOBRE DEFICI\u00caNCIAS aborda a necessidade de se ter dados confi\u00e1veis e se desenvolver pesquisas de melhor qualidade. O documento \u00e9 uma atualiza\u00e7\u00e3o sobre o que aconteceu nos \u00faltimos trinta anos e explora as evid\u00eancias atuais incluindo as diferentes situa\u00e7\u00f5es de discrimina\u00e7\u00e3o e barreiras, oferecendo uma an\u00e1lise de diversas experi\u00eancias que contribu\u00edram para melhorar a vida de pessoas com incapacidades quanto \u00e0 sa\u00fade, reabilita\u00e7\u00e3o, servi\u00e7os de apoio, infra-estrutura, transporte, educa\u00e7\u00e3o e emprego.<\/p>\n<p>Quatro pequenos filmes sobre pessoas com defici\u00eancias vivendo na Tanz\u00e2nia, L\u00edbano, Reino Unido e Bol\u00edvia foram produzidos para sensibilizar a popula\u00e7\u00e3o mundial sobre os desafios de ser deficiente. Os filmes est\u00e3o dispon\u00edveis no portal da OMS, no canal WHO do YouTube e por meio de links no Facebook.<\/p>\n<p>A Fonoaudiologia internacional estar\u00e1 oficialmente presente por meio da diretoria da International Association of Logopedics and Phoniatrics &#8211; IALP, que contribuir\u00e1 na dissemina\u00e7\u00e3o dessas informa\u00e7\u00f5es. Solicitamos aos fonoaudi\u00f3logos que repassem essa mensagem \u00e0s suas listas e ajudem a mobilizar o interesse internacional para remover as barreiras de participa\u00e7\u00e3o das pessoas com defici\u00eancia na sociedade.<\/p>\n<p>Esperamos que as defici\u00eancias na comunica\u00e7\u00e3o sejam dignamente reconhecidas como poss\u00edveis impedimentos \u00e0 sociabiliza\u00e7\u00e3o e ao pleno desenvolvimento humano e que o referido documento nos ajude na luta pelo acesso da popula\u00e7\u00e3o aos servi\u00e7os fonoaudiol\u00f3gicos. Alinhada com as tend\u00eancias internacionais, a SBFa, no presente ano, prop\u00f4s como lema do 19o Congresso Nacional e 8o Congresso Internacional de Fonoaudiologia, &#8220;Comunica\u00e7\u00e3o como um direito de todos&#8221;. Organize sua agenda para estar presente nesse marco hist\u00f3rico.<\/p>\n<p>Maiores informa\u00e7\u00f5es sobre o documento da OMS em<\/p>\n<p><a href=\"http:\/\/www.who.int\/disabilities\/world_report\/en\/index.html\">http:\/\/www.who.int\/disabilities\/world_report\/en\/index.html<\/a><\/p>\n<p>You Tube: <a href=\"http:\/\/www.youtube.com\/user\/who#grid\/user\/50649F9C524CBAC4\">http:\/\/www.youtube.com\/user\/who#grid\/user\/50649F9C524CBAC4<\/a><\/p>\n<p>Facebook: <a href=\"http:\/\/www.facebook.com\/WorldHealthOrganization?v=wall\">http:\/\/www.facebook.com\/WorldHealthOrganization?v=wall<\/a><\/p>\n<p>Mara Behlau Presidente da SBFa<\/p>\n","protected":false},"excerpt":{"rendered":"<p>No pr\u00f3ximo dia 9 de junho de 2011, na sede da Organiza\u00e7\u00e3o Mundial da Sa\u00fade &#8211; OMS, em Genebra, Su\u00ed\u00e7a, ocorrer\u00e1 o lan\u00e7amento internacional do WORLD REPORT ON DISABILITY (Relat\u00f3rio Mundial sobre Defici\u00eancia) com a presen\u00e7a de autoridades internacionais e estatais, celebridades com defici\u00eancias e representantes de organiza\u00e7\u00f5es cient\u00edficas, organiza\u00e7\u00f5es n\u00e3o-governamentais e organiza\u00e7\u00f5es profissionais que lidam com pessoas com defici\u00eancias.<\/p>\n","protected":false},"author":1,"featured_media":0,"comment_status":"open","ping_status":"open","sticky":false,"template":"","format":"standard","meta":{"site-container-style":"default","site-container-layout":"default","site-sidebar-layout":"default","disable-article-header":"default","disable-site-header":"default","disable-site-footer":"default","disable-content-area-spacing":"default","footnotes":""},"categories":[38,4],"tags":[],"class_list":["post-18618","post","type-post","status-publish","format-standard","hentry","category-deficiencia","category-noticias"],"yoast_head":"<!-- This site is optimized with the Yoast SEO plugin v27.5 - https:\/\/yoast.com\/product\/yoast-seo-wordpress\/ -->\n<title>Relat\u00f3rio mundial sobre defici\u00eancia -<\/title>\n<meta name=\"robots\" content=\"index, follow, max-snippet:-1, max-image-preview:large, max-video-preview:-1\" \/>\n<link rel=\"canonical\" href=\"https:\/\/inclusivenews.com.br\/?p=18618\" \/>\n<meta property=\"og:locale\" content=\"pt_PT\" \/>\n<meta property=\"og:type\" content=\"article\" \/>\n<meta property=\"og:title\" content=\"Relat\u00f3rio mundial sobre defici\u00eancia -\" \/>\n<meta property=\"og:description\" content=\"No pr\u00f3ximo dia 9 de junho de 2011, na sede da Organiza\u00e7\u00e3o Mundial da Sa\u00fade - OMS, em Genebra, Su\u00ed\u00e7a, ocorrer\u00e1 o lan\u00e7amento internacional do WORLD REPORT ON DISABILITY (Relat\u00f3rio Mundial sobre Defici\u00eancia) com a presen\u00e7a de autoridades internacionais e estatais, celebridades com defici\u00eancias e representantes de organiza\u00e7\u00f5es cient\u00edficas, organiza\u00e7\u00f5es n\u00e3o-governamentais e organiza\u00e7\u00f5es profissionais que lidam com pessoas com defici\u00eancias.\" \/>\n<meta property=\"og:url\" content=\"https:\/\/inclusivenews.com.br\/?p=18618\" \/>\n<meta property=\"article:publisher\" content=\"https:\/\/www.facebook.com\/agenciainclusive\/\" \/>\n<meta property=\"article:published_time\" content=\"2011-03-03T12:12:42+00:00\" \/>\n<meta property=\"og:image\" content=\"http:\/\/www.who.int\/sysmedia\/media\/resources\/who-logo-en.jpg\" \/>\n<meta name=\"author\" content=\"inclusivenews2024\" \/>\n<meta name=\"twitter:card\" content=\"summary_large_image\" \/>\n<meta name=\"twitter:label1\" content=\"Escrito por\" \/>\n\t<meta name=\"twitter:data1\" content=\"inclusivenews2024\" \/>\n\t<meta name=\"twitter:label2\" content=\"Tempo estimado de leitura\" \/>\n\t<meta name=\"twitter:data2\" content=\"3 minutos\" \/>\n<script type=\"application\/ld+json\" class=\"yoast-schema-graph\">{\"@context\":\"https:\\\/\\\/schema.org\",\"@graph\":[{\"@type\":\"Article\",\"@id\":\"https:\\\/\\\/inclusivenews.com.br\\\/?p=18618#article\",\"isPartOf\":{\"@id\":\"https:\\\/\\\/inclusivenews.com.br\\\/?p=18618\"},\"author\":{\"name\":\"inclusivenews2024\",\"@id\":\"https:\\\/\\\/inclusivenews.com.br\\\/#\\\/schema\\\/person\\\/ae4ec7087559b8692fb33b6fffd2273b\"},\"headline\":\"Relat\u00f3rio mundial sobre defici\u00eancia\",\"datePublished\":\"2011-03-03T12:12:42+00:00\",\"mainEntityOfPage\":{\"@id\":\"https:\\\/\\\/inclusivenews.com.br\\\/?p=18618\"},\"wordCount\":539,\"commentCount\":1,\"publisher\":{\"@id\":\"https:\\\/\\\/inclusivenews.com.br\\\/#organization\"},\"image\":{\"@id\":\"https:\\\/\\\/inclusivenews.com.br\\\/?p=18618#primaryimage\"},\"thumbnailUrl\":\"http:\\\/\\\/www.who.int\\\/sysmedia\\\/media\\\/resources\\\/who-logo-en.jpg\",\"articleSection\":[\"Defici\u00eancia\",\"NOT\u00cdCIAS\"],\"inLanguage\":\"pt-PT\",\"potentialAction\":[{\"@type\":\"CommentAction\",\"name\":\"Comment\",\"target\":[\"https:\\\/\\\/inclusivenews.com.br\\\/?p=18618#respond\"]}]},{\"@type\":\"WebPage\",\"@id\":\"https:\\\/\\\/inclusivenews.com.br\\\/?p=18618\",\"url\":\"https:\\\/\\\/inclusivenews.com.br\\\/?p=18618\",\"name\":\"Relat\u00f3rio mundial sobre defici\u00eancia -\",\"isPartOf\":{\"@id\":\"https:\\\/\\\/inclusivenews.com.br\\\/#website\"},\"primaryImageOfPage\":{\"@id\":\"https:\\\/\\\/inclusivenews.com.br\\\/?p=18618#primaryimage\"},\"image\":{\"@id\":\"https:\\\/\\\/inclusivenews.com.br\\\/?p=18618#primaryimage\"},\"thumbnailUrl\":\"http:\\\/\\\/www.who.int\\\/sysmedia\\\/media\\\/resources\\\/who-logo-en.jpg\",\"datePublished\":\"2011-03-03T12:12:42+00:00\",\"breadcrumb\":{\"@id\":\"https:\\\/\\\/inclusivenews.com.br\\\/?p=18618#breadcrumb\"},\"inLanguage\":\"pt-PT\",\"potentialAction\":[{\"@type\":\"ReadAction\",\"target\":[\"https:\\\/\\\/inclusivenews.com.br\\\/?p=18618\"]}]},{\"@type\":\"ImageObject\",\"inLanguage\":\"pt-PT\",\"@id\":\"https:\\\/\\\/inclusivenews.com.br\\\/?p=18618#primaryimage\",\"url\":\"http:\\\/\\\/www.who.int\\\/sysmedia\\\/media\\\/resources\\\/who-logo-en.jpg\",\"contentUrl\":\"http:\\\/\\\/www.who.int\\\/sysmedia\\\/media\\\/resources\\\/who-logo-en.jpg\"},{\"@type\":\"BreadcrumbList\",\"@id\":\"https:\\\/\\\/inclusivenews.com.br\\\/?p=18618#breadcrumb\",\"itemListElement\":[{\"@type\":\"ListItem\",\"position\":1,\"name\":\"In\u00edcio\",\"item\":\"https:\\\/\\\/inclusivenews.com.br\\\/\"},{\"@type\":\"ListItem\",\"position\":2,\"name\":\"Relat\u00f3rio mundial sobre defici\u00eancia\"}]},{\"@type\":\"WebSite\",\"@id\":\"https:\\\/\\\/inclusivenews.com.br\\\/#website\",\"url\":\"https:\\\/\\\/inclusivenews.com.br\\\/\",\"name\":\"Inclusive News\",\"description\":\"Inclusive News\",\"publisher\":{\"@id\":\"https:\\\/\\\/inclusivenews.com.br\\\/#organization\"},\"potentialAction\":[{\"@type\":\"SearchAction\",\"target\":{\"@type\":\"EntryPoint\",\"urlTemplate\":\"https:\\\/\\\/inclusivenews.com.br\\\/?s={search_term_string}\"},\"query-input\":{\"@type\":\"PropertyValueSpecification\",\"valueRequired\":true,\"valueName\":\"search_term_string\"}}],\"inLanguage\":\"pt-PT\"},{\"@type\":\"Organization\",\"@id\":\"https:\\\/\\\/inclusivenews.com.br\\\/#organization\",\"name\":\"Inclusive - inclus\u00e3o e cidadania\",\"url\":\"https:\\\/\\\/inclusivenews.com.br\\\/\",\"logo\":{\"@type\":\"ImageObject\",\"inLanguage\":\"pt-PT\",\"@id\":\"https:\\\/\\\/inclusivenews.com.br\\\/#\\\/schema\\\/logo\\\/image\\\/\",\"url\":\"https:\\\/\\\/inclusivenews.com.br\\\/wp-content\\\/uploads\\\/2024\\\/03\\\/@grandesite.png\",\"contentUrl\":\"https:\\\/\\\/inclusivenews.com.br\\\/wp-content\\\/uploads\\\/2024\\\/03\\\/@grandesite.png\",\"width\":1080,\"height\":1080,\"caption\":\"Inclusive - inclus\u00e3o e cidadania\"},\"image\":{\"@id\":\"https:\\\/\\\/inclusivenews.com.br\\\/#\\\/schema\\\/logo\\\/image\\\/\"},\"sameAs\":[\"https:\\\/\\\/www.facebook.com\\\/agenciainclusive\\\/\",\"https:\\\/\\\/www.instagram.com\\\/newsinclusive\\\/\"]},{\"@type\":\"Person\",\"@id\":\"https:\\\/\\\/inclusivenews.com.br\\\/#\\\/schema\\\/person\\\/ae4ec7087559b8692fb33b6fffd2273b\",\"name\":\"inclusivenews2024\",\"image\":{\"@type\":\"ImageObject\",\"inLanguage\":\"pt-PT\",\"@id\":\"https:\\\/\\\/secure.gravatar.com\\\/avatar\\\/c5a7ef84c66fa914f55bc4f7ce26cfa275a3b9a1c5568b907bd184fb4dde7b40?s=96&d=mm&r=g\",\"url\":\"https:\\\/\\\/secure.gravatar.com\\\/avatar\\\/c5a7ef84c66fa914f55bc4f7ce26cfa275a3b9a1c5568b907bd184fb4dde7b40?s=96&d=mm&r=g\",\"contentUrl\":\"https:\\\/\\\/secure.gravatar.com\\\/avatar\\\/c5a7ef84c66fa914f55bc4f7ce26cfa275a3b9a1c5568b907bd184fb4dde7b40?s=96&d=mm&r=g\",\"caption\":\"inclusivenews2024\"},\"sameAs\":[\"https:\\\/\\\/inclusivenews.com.br\"],\"url\":\"https:\\\/\\\/inclusivenews.com.br\\\/?author=1\"}]}<\/script>\n<!-- \/ Yoast SEO plugin. -->","yoast_head_json":{"title":"Relat\u00f3rio mundial sobre defici\u00eancia -","robots":{"index":"index","follow":"follow","max-snippet":"max-snippet:-1","max-image-preview":"max-image-preview:large","max-video-preview":"max-video-preview:-1"},"canonical":"https:\/\/inclusivenews.com.br\/?p=18618","og_locale":"pt_PT","og_type":"article","og_title":"Relat\u00f3rio mundial sobre defici\u00eancia -","og_description":"No pr\u00f3ximo dia 9 de junho de 2011, na sede da Organiza\u00e7\u00e3o Mundial da Sa\u00fade - OMS, em Genebra, Su\u00ed\u00e7a, ocorrer\u00e1 o lan\u00e7amento internacional do WORLD REPORT ON DISABILITY (Relat\u00f3rio Mundial sobre Defici\u00eancia) com a presen\u00e7a de autoridades internacionais e estatais, celebridades com defici\u00eancias e representantes de organiza\u00e7\u00f5es cient\u00edficas, organiza\u00e7\u00f5es n\u00e3o-governamentais e organiza\u00e7\u00f5es profissionais que lidam com pessoas com defici\u00eancias.","og_url":"https:\/\/inclusivenews.com.br\/?p=18618","article_publisher":"https:\/\/www.facebook.com\/agenciainclusive\/","article_published_time":"2011-03-03T12:12:42+00:00","og_image":[{"url":"http:\/\/www.who.int\/sysmedia\/media\/resources\/who-logo-en.jpg","type":"","width":"","height":""}],"author":"inclusivenews2024","twitter_card":"summary_large_image","twitter_misc":{"Escrito por":"inclusivenews2024","Tempo estimado de leitura":"3 minutos"},"schema":{"@context":"https:\/\/schema.org","@graph":[{"@type":"Article","@id":"https:\/\/inclusivenews.com.br\/?p=18618#article","isPartOf":{"@id":"https:\/\/inclusivenews.com.br\/?p=18618"},"author":{"name":"inclusivenews2024","@id":"https:\/\/inclusivenews.com.br\/#\/schema\/person\/ae4ec7087559b8692fb33b6fffd2273b"},"headline":"Relat\u00f3rio mundial sobre defici\u00eancia","datePublished":"2011-03-03T12:12:42+00:00","mainEntityOfPage":{"@id":"https:\/\/inclusivenews.com.br\/?p=18618"},"wordCount":539,"commentCount":1,"publisher":{"@id":"https:\/\/inclusivenews.com.br\/#organization"},"image":{"@id":"https:\/\/inclusivenews.com.br\/?p=18618#primaryimage"},"thumbnailUrl":"http:\/\/www.who.int\/sysmedia\/media\/resources\/who-logo-en.jpg","articleSection":["Defici\u00eancia","NOT\u00cdCIAS"],"inLanguage":"pt-PT","potentialAction":[{"@type":"CommentAction","name":"Comment","target":["https:\/\/inclusivenews.com.br\/?p=18618#respond"]}]},{"@type":"WebPage","@id":"https:\/\/inclusivenews.com.br\/?p=18618","url":"https:\/\/inclusivenews.com.br\/?p=18618","name":"Relat\u00f3rio mundial sobre defici\u00eancia -","isPartOf":{"@id":"https:\/\/inclusivenews.com.br\/#website"},"primaryImageOfPage":{"@id":"https:\/\/inclusivenews.com.br\/?p=18618#primaryimage"},"image":{"@id":"https:\/\/inclusivenews.com.br\/?p=18618#primaryimage"},"thumbnailUrl":"http:\/\/www.who.int\/sysmedia\/media\/resources\/who-logo-en.jpg","datePublished":"2011-03-03T12:12:42+00:00","breadcrumb":{"@id":"https:\/\/inclusivenews.com.br\/?p=18618#breadcrumb"},"inLanguage":"pt-PT","potentialAction":[{"@type":"ReadAction","target":["https:\/\/inclusivenews.com.br\/?p=18618"]}]},{"@type":"ImageObject","inLanguage":"pt-PT","@id":"https:\/\/inclusivenews.com.br\/?p=18618#primaryimage","url":"http:\/\/www.who.int\/sysmedia\/media\/resources\/who-logo-en.jpg","contentUrl":"http:\/\/www.who.int\/sysmedia\/media\/resources\/who-logo-en.jpg"},{"@type":"BreadcrumbList","@id":"https:\/\/inclusivenews.com.br\/?p=18618#breadcrumb","itemListElement":[{"@type":"ListItem","position":1,"name":"In\u00edcio","item":"https:\/\/inclusivenews.com.br\/"},{"@type":"ListItem","position":2,"name":"Relat\u00f3rio mundial sobre defici\u00eancia"}]},{"@type":"WebSite","@id":"https:\/\/inclusivenews.com.br\/#website","url":"https:\/\/inclusivenews.com.br\/","name":"Inclusive News","description":"Inclusive News","publisher":{"@id":"https:\/\/inclusivenews.com.br\/#organization"},"potentialAction":[{"@type":"SearchAction","target":{"@type":"EntryPoint","urlTemplate":"https:\/\/inclusivenews.com.br\/?s={search_term_string}"},"query-input":{"@type":"PropertyValueSpecification","valueRequired":true,"valueName":"search_term_string"}}],"inLanguage":"pt-PT"},{"@type":"Organization","@id":"https:\/\/inclusivenews.com.br\/#organization","name":"Inclusive - inclus\u00e3o e cidadania","url":"https:\/\/inclusivenews.com.br\/","logo":{"@type":"ImageObject","inLanguage":"pt-PT","@id":"https:\/\/inclusivenews.com.br\/#\/schema\/logo\/image\/","url":"https:\/\/inclusivenews.com.br\/wp-content\/uploads\/2024\/03\/@grandesite.png","contentUrl":"https:\/\/inclusivenews.com.br\/wp-content\/uploads\/2024\/03\/@grandesite.png","width":1080,"height":1080,"caption":"Inclusive - inclus\u00e3o e cidadania"},"image":{"@id":"https:\/\/inclusivenews.com.br\/#\/schema\/logo\/image\/"},"sameAs":["https:\/\/www.facebook.com\/agenciainclusive\/","https:\/\/www.instagram.com\/newsinclusive\/"]},{"@type":"Person","@id":"https:\/\/inclusivenews.com.br\/#\/schema\/person\/ae4ec7087559b8692fb33b6fffd2273b","name":"inclusivenews2024","image":{"@type":"ImageObject","inLanguage":"pt-PT","@id":"https:\/\/secure.gravatar.com\/avatar\/c5a7ef84c66fa914f55bc4f7ce26cfa275a3b9a1c5568b907bd184fb4dde7b40?s=96&d=mm&r=g","url":"https:\/\/secure.gravatar.com\/avatar\/c5a7ef84c66fa914f55bc4f7ce26cfa275a3b9a1c5568b907bd184fb4dde7b40?s=96&d=mm&r=g","contentUrl":"https:\/\/secure.gravatar.com\/avatar\/c5a7ef84c66fa914f55bc4f7ce26cfa275a3b9a1c5568b907bd184fb4dde7b40?s=96&d=mm&r=g","caption":"inclusivenews2024"},"sameAs":["https:\/\/inclusivenews.com.br"],"url":"https:\/\/inclusivenews.com.br\/?author=1"}]}},"_links":{"self":[{"href":"https:\/\/inclusivenews.com.br\/index.php?rest_route=\/wp\/v2\/posts\/18618","targetHints":{"allow":["GET"]}}],"collection":[{"href":"https:\/\/inclusivenews.com.br\/index.php?rest_route=\/wp\/v2\/posts"}],"about":[{"href":"https:\/\/inclusivenews.com.br\/index.php?rest_route=\/wp\/v2\/types\/post"}],"author":[{"embeddable":true,"href":"https:\/\/inclusivenews.com.br\/index.php?rest_route=\/wp\/v2\/users\/1"}],"replies":[{"embeddable":true,"href":"https:\/\/inclusivenews.com.br\/index.php?rest_route=%2Fwp%2Fv2%2Fcomments&post=18618"}],"version-history":[{"count":0,"href":"https:\/\/inclusivenews.com.br\/index.php?rest_route=\/wp\/v2\/posts\/18618\/revisions"}],"wp:attachment":[{"href":"https:\/\/inclusivenews.com.br\/index.php?rest_route=%2Fwp%2Fv2%2Fmedia&parent=18618"}],"wp:term":[{"taxonomy":"category","embeddable":true,"href":"https:\/\/inclusivenews.com.br\/index.php?rest_route=%2Fwp%2Fv2%2Fcategories&post=18618"},{"taxonomy":"post_tag","embeddable":true,"href":"https:\/\/inclusivenews.com.br\/index.php?rest_route=%2Fwp%2Fv2%2Ftags&post=18618"}],"curies":[{"name":"wp","href":"https:\/\/api.w.org\/{rel}","templated":true}]}}