{"id":18629,"date":"2011-03-03T09:11:52","date_gmt":"2011-03-03T12:11:52","guid":{"rendered":"http:\/\/www.inclusive.org.br\/?p=18629"},"modified":"2011-03-03T09:11:52","modified_gmt":"2011-03-03T12:11:52","slug":"plano-nacional-pela-primeira-infancia-e-discutido-em-audiencia-na-sdh","status":"publish","type":"post","link":"https:\/\/inclusivenews.com.br\/?p=18629","title":{"rendered":"Plano Nacional pela Primeira Inf\u00e2ncia \u00e9 discutido em audi\u00eancia na SDH"},"content":{"rendered":"<figure style=\"width: 107px\" class=\"wp-caption alignleft\"><img loading=\"lazy\" decoding=\"async\" title=\"RNPI\" src=\"http:\/\/174.121.134.62\/~redepi\/wp-content\/themes\/redepi\/images\/logo.gif\" alt=\"\" width=\"107\" height=\"130\" \/><figcaption class=\"wp-caption-text\"> <\/figcaption><\/figure>\n<p>A ministra Maria do Ros\u00e1rio, da Secretaria de Direitos Humanos da Presid\u00eancia da Rep\u00fablica (SDH\/PR), recebeu na manh\u00e3 desta quarta-feira (23), em Bras\u00edlia (DF), um grupo da Rede Nacional Primeira Inf\u00e2ncia (RNPI), conjunto de 96 organiza\u00e7\u00f5es da sociedade civil, do governo, do setor privado, de outras redes e de organiza\u00e7\u00f5es multilaterais que atuam na promo\u00e7\u00e3o da primeira inf\u00e2ncia no Pa\u00eds. O grupo foi apresentado por Vital Didonet, da Secretaria Executiva dea RNPI. A secret\u00e1ria nacional de Promo\u00e7\u00e3o dos Direitos da Crian\u00e7a e do Adolescente, Carmen Silveira de Oliveira, participou da audi\u00eancia ao lado da ministra.<\/p>\n<p>Um dos temas que foram tratados no encontro foi os encaminhamentos para o Plano Nacional pela Primeira Inf\u00e2ncia, lan\u00e7ado em dezembro de 2010, em Bras\u00edlia (DF) e analisado por uma comiss\u00e3o do Conselho Nacional dos Direitos da Crian\u00e7a e do Adolescente (Conanda). Trata-se de uma sugest\u00e3o que prop\u00f5e a\u00e7\u00f5es amplas e articuladas de promo\u00e7\u00e3o e realiza\u00e7\u00e3o dos direitos da crian\u00e7a na primeira inf\u00e2ncia (de zero a seis anos) nos pr\u00f3ximos 12 anos..<\/p>\n<p>Neste Plano, est\u00e3o tra\u00e7adas as diretrizes gerais e os objetivos e metas que o Pa\u00eds dever\u00e1 realizar em cada um dos direitos da crian\u00e7a afirmados pela Constitui\u00e7\u00e3o Federal e pelo Estatuto da Crian\u00e7a e do Adolescente, pelas leis que se aplicam aos diferentes setores, como educa\u00e7\u00e3o, sa\u00fade, assist\u00eancia, cultura, conviv\u00eancia familiar e comunit\u00e1ria e outros que lhe dizem respeito.<\/p>\n<p>O marco final deste Plano \u00e9 o Ano do Bicenten\u00e1rio da Independ\u00eancia do Brasil, cuja celebra\u00e7\u00e3o ficar\u00e1 mais digna e honrosa se pudermos estampar um panorama de vida e desenvolvimento mais justo para todas as nossas crian\u00e7as.<\/p>\n<p>\u201cO conceito de cuidado vai aumentando na medida em que expandimos o n\u00famero de envolvidos na causa\u201d, afirmou Maria Tereza Marc\u00edlio, secret\u00e1ria-executiva do RNPI. Segundo ela, a participa\u00e7\u00e3o da SDH nesta jornada aumenta a capacidade de realiza\u00e7\u00f5es.<\/p>\n<p>A ministra Maria do Ros\u00e1rio afirmou que \u00e9 importante receber o apoio da Rede. \u201cNos interessa muito dialogar com a rede nos seus mais variados segmentos\u201d, disse ela.<\/p>\n<p>Ao final do encontro, a ministra Maria do Ros\u00e1rio foi homenageada com o reconhecimento pelo seu ativismo na \u00e1rea da Crian\u00e7a e da Adolesc\u00eancia.<\/p>\n<p>Veja aqui o <span class=\"link-external\"><a href=\"http:\/\/primeirainfancia.org.br\/docs\/PNPI15set2010.ppt\">Plano Nacional pela Primeira Inf\u00e2ncia 2011 \u2013 2022<\/a><br \/>\n___________<br \/>\n<\/span><\/p>\n<p><span class=\"link-external\"><strong>Fonte:<\/strong> <a href=\"http:\/\/www.direitoshumanos.gov.br\/2011\/02\/23-fev-2011-plano-nacional-pela-primeira-infancia-discutido-em-audiencia-na-sdh-2\">SEDH<\/a><br \/>\n<\/span><\/p>\n","protected":false},"excerpt":{"rendered":"<p>Um dos temas que foram tratados no encontro foi os encaminhamentos para o Plano Nacional pela Primeira Inf\u00e2ncia, lan\u00e7ado em dezembro de 2010.<\/p>\n","protected":false},"author":1,"featured_media":0,"comment_status":"open","ping_status":"open","sticky":false,"template":"","format":"standard","meta":{"site-container-style":"default","site-container-layout":"default","site-sidebar-layout":"default","disable-article-header":"default","disable-site-header":"default","disable-site-footer":"default","disable-content-area-spacing":"default","footnotes":""},"categories":[4],"tags":[60],"class_list":["post-18629","post","type-post","status-publish","format-standard","hentry","category-noticias","tag-infancia"],"yoast_head":"<!-- This site is optimized with the Yoast SEO plugin v27.5 - https:\/\/yoast.com\/product\/yoast-seo-wordpress\/ -->\n<title>Plano Nacional pela Primeira Inf\u00e2ncia \u00e9 discutido em audi\u00eancia na SDH -<\/title>\n<meta name=\"robots\" content=\"index, follow, max-snippet:-1, max-image-preview:large, max-video-preview:-1\" \/>\n<link rel=\"canonical\" href=\"https:\/\/inclusivenews.com.br\/?p=18629\" \/>\n<meta property=\"og:locale\" content=\"pt_PT\" \/>\n<meta property=\"og:type\" content=\"article\" \/>\n<meta property=\"og:title\" content=\"Plano Nacional pela Primeira Inf\u00e2ncia \u00e9 discutido em audi\u00eancia na SDH -\" \/>\n<meta property=\"og:description\" content=\"Um dos temas que foram tratados no encontro foi os encaminhamentos para o Plano Nacional pela Primeira Inf\u00e2ncia, lan\u00e7ado em dezembro de 2010.\" \/>\n<meta property=\"og:url\" content=\"https:\/\/inclusivenews.com.br\/?p=18629\" \/>\n<meta property=\"article:publisher\" content=\"https:\/\/www.facebook.com\/agenciainclusive\/\" \/>\n<meta property=\"article:published_time\" content=\"2011-03-03T12:11:52+00:00\" \/>\n<meta property=\"og:image\" content=\"http:\/\/174.121.134.62\/~redepi\/wp-content\/themes\/redepi\/images\/logo.gif\" \/>\n<meta name=\"author\" content=\"inclusivenews2024\" \/>\n<meta name=\"twitter:card\" content=\"summary_large_image\" \/>\n<meta name=\"twitter:label1\" content=\"Escrito por\" \/>\n\t<meta name=\"twitter:data1\" content=\"inclusivenews2024\" \/>\n\t<meta name=\"twitter:label2\" content=\"Tempo estimado de leitura\" \/>\n\t<meta name=\"twitter:data2\" content=\"2 minutos\" \/>\n<script type=\"application\/ld+json\" class=\"yoast-schema-graph\">{\"@context\":\"https:\\\/\\\/schema.org\",\"@graph\":[{\"@type\":\"Article\",\"@id\":\"https:\\\/\\\/inclusivenews.com.br\\\/?p=18629#article\",\"isPartOf\":{\"@id\":\"https:\\\/\\\/inclusivenews.com.br\\\/?p=18629\"},\"author\":{\"name\":\"inclusivenews2024\",\"@id\":\"https:\\\/\\\/inclusivenews.com.br\\\/#\\\/schema\\\/person\\\/ae4ec7087559b8692fb33b6fffd2273b\"},\"headline\":\"Plano Nacional pela Primeira Inf\u00e2ncia \u00e9 discutido em audi\u00eancia na SDH\",\"datePublished\":\"2011-03-03T12:11:52+00:00\",\"mainEntityOfPage\":{\"@id\":\"https:\\\/\\\/inclusivenews.com.br\\\/?p=18629\"},\"wordCount\":428,\"commentCount\":0,\"publisher\":{\"@id\":\"https:\\\/\\\/inclusivenews.com.br\\\/#organization\"},\"image\":{\"@id\":\"https:\\\/\\\/inclusivenews.com.br\\\/?p=18629#primaryimage\"},\"thumbnailUrl\":\"http:\\\/\\\/174.121.134.62\\\/~redepi\\\/wp-content\\\/themes\\\/redepi\\\/images\\\/logo.gif\",\"keywords\":[\"Inf\u00e2ncia\"],\"articleSection\":[\"NOT\u00cdCIAS\"],\"inLanguage\":\"pt-PT\",\"potentialAction\":[{\"@type\":\"CommentAction\",\"name\":\"Comment\",\"target\":[\"https:\\\/\\\/inclusivenews.com.br\\\/?p=18629#respond\"]}]},{\"@type\":\"WebPage\",\"@id\":\"https:\\\/\\\/inclusivenews.com.br\\\/?p=18629\",\"url\":\"https:\\\/\\\/inclusivenews.com.br\\\/?p=18629\",\"name\":\"Plano Nacional pela Primeira Inf\u00e2ncia \u00e9 discutido em audi\u00eancia na SDH -\",\"isPartOf\":{\"@id\":\"https:\\\/\\\/inclusivenews.com.br\\\/#website\"},\"primaryImageOfPage\":{\"@id\":\"https:\\\/\\\/inclusivenews.com.br\\\/?p=18629#primaryimage\"},\"image\":{\"@id\":\"https:\\\/\\\/inclusivenews.com.br\\\/?p=18629#primaryimage\"},\"thumbnailUrl\":\"http:\\\/\\\/174.121.134.62\\\/~redepi\\\/wp-content\\\/themes\\\/redepi\\\/images\\\/logo.gif\",\"datePublished\":\"2011-03-03T12:11:52+00:00\",\"breadcrumb\":{\"@id\":\"https:\\\/\\\/inclusivenews.com.br\\\/?p=18629#breadcrumb\"},\"inLanguage\":\"pt-PT\",\"potentialAction\":[{\"@type\":\"ReadAction\",\"target\":[\"https:\\\/\\\/inclusivenews.com.br\\\/?p=18629\"]}]},{\"@type\":\"ImageObject\",\"inLanguage\":\"pt-PT\",\"@id\":\"https:\\\/\\\/inclusivenews.com.br\\\/?p=18629#primaryimage\",\"url\":\"http:\\\/\\\/174.121.134.62\\\/~redepi\\\/wp-content\\\/themes\\\/redepi\\\/images\\\/logo.gif\",\"contentUrl\":\"http:\\\/\\\/174.121.134.62\\\/~redepi\\\/wp-content\\\/themes\\\/redepi\\\/images\\\/logo.gif\"},{\"@type\":\"BreadcrumbList\",\"@id\":\"https:\\\/\\\/inclusivenews.com.br\\\/?p=18629#breadcrumb\",\"itemListElement\":[{\"@type\":\"ListItem\",\"position\":1,\"name\":\"In\u00edcio\",\"item\":\"https:\\\/\\\/inclusivenews.com.br\\\/\"},{\"@type\":\"ListItem\",\"position\":2,\"name\":\"Plano Nacional pela Primeira Inf\u00e2ncia \u00e9 discutido em audi\u00eancia na SDH\"}]},{\"@type\":\"WebSite\",\"@id\":\"https:\\\/\\\/inclusivenews.com.br\\\/#website\",\"url\":\"https:\\\/\\\/inclusivenews.com.br\\\/\",\"name\":\"Inclusive News\",\"description\":\"Inclusive News\",\"publisher\":{\"@id\":\"https:\\\/\\\/inclusivenews.com.br\\\/#organization\"},\"potentialAction\":[{\"@type\":\"SearchAction\",\"target\":{\"@type\":\"EntryPoint\",\"urlTemplate\":\"https:\\\/\\\/inclusivenews.com.br\\\/?s={search_term_string}\"},\"query-input\":{\"@type\":\"PropertyValueSpecification\",\"valueRequired\":true,\"valueName\":\"search_term_string\"}}],\"inLanguage\":\"pt-PT\"},{\"@type\":\"Organization\",\"@id\":\"https:\\\/\\\/inclusivenews.com.br\\\/#organization\",\"name\":\"Inclusive - inclus\u00e3o e cidadania\",\"url\":\"https:\\\/\\\/inclusivenews.com.br\\\/\",\"logo\":{\"@type\":\"ImageObject\",\"inLanguage\":\"pt-PT\",\"@id\":\"https:\\\/\\\/inclusivenews.com.br\\\/#\\\/schema\\\/logo\\\/image\\\/\",\"url\":\"https:\\\/\\\/inclusivenews.com.br\\\/wp-content\\\/uploads\\\/2024\\\/03\\\/@grandesite.png\",\"contentUrl\":\"https:\\\/\\\/inclusivenews.com.br\\\/wp-content\\\/uploads\\\/2024\\\/03\\\/@grandesite.png\",\"width\":1080,\"height\":1080,\"caption\":\"Inclusive - inclus\u00e3o e cidadania\"},\"image\":{\"@id\":\"https:\\\/\\\/inclusivenews.com.br\\\/#\\\/schema\\\/logo\\\/image\\\/\"},\"sameAs\":[\"https:\\\/\\\/www.facebook.com\\\/agenciainclusive\\\/\",\"https:\\\/\\\/www.instagram.com\\\/newsinclusive\\\/\"]},{\"@type\":\"Person\",\"@id\":\"https:\\\/\\\/inclusivenews.com.br\\\/#\\\/schema\\\/person\\\/ae4ec7087559b8692fb33b6fffd2273b\",\"name\":\"inclusivenews2024\",\"image\":{\"@type\":\"ImageObject\",\"inLanguage\":\"pt-PT\",\"@id\":\"https:\\\/\\\/secure.gravatar.com\\\/avatar\\\/c5a7ef84c66fa914f55bc4f7ce26cfa275a3b9a1c5568b907bd184fb4dde7b40?s=96&d=mm&r=g\",\"url\":\"https:\\\/\\\/secure.gravatar.com\\\/avatar\\\/c5a7ef84c66fa914f55bc4f7ce26cfa275a3b9a1c5568b907bd184fb4dde7b40?s=96&d=mm&r=g\",\"contentUrl\":\"https:\\\/\\\/secure.gravatar.com\\\/avatar\\\/c5a7ef84c66fa914f55bc4f7ce26cfa275a3b9a1c5568b907bd184fb4dde7b40?s=96&d=mm&r=g\",\"caption\":\"inclusivenews2024\"},\"sameAs\":[\"https:\\\/\\\/inclusivenews.com.br\"],\"url\":\"https:\\\/\\\/inclusivenews.com.br\\\/?author=1\"}]}<\/script>\n<!-- \/ Yoast SEO plugin. -->","yoast_head_json":{"title":"Plano Nacional pela Primeira Inf\u00e2ncia \u00e9 discutido em audi\u00eancia na SDH -","robots":{"index":"index","follow":"follow","max-snippet":"max-snippet:-1","max-image-preview":"max-image-preview:large","max-video-preview":"max-video-preview:-1"},"canonical":"https:\/\/inclusivenews.com.br\/?p=18629","og_locale":"pt_PT","og_type":"article","og_title":"Plano Nacional pela Primeira Inf\u00e2ncia \u00e9 discutido em audi\u00eancia na SDH -","og_description":"Um dos temas que foram tratados no encontro foi os encaminhamentos para o Plano Nacional pela Primeira Inf\u00e2ncia, lan\u00e7ado em dezembro de 2010.","og_url":"https:\/\/inclusivenews.com.br\/?p=18629","article_publisher":"https:\/\/www.facebook.com\/agenciainclusive\/","article_published_time":"2011-03-03T12:11:52+00:00","og_image":[{"url":"http:\/\/174.121.134.62\/~redepi\/wp-content\/themes\/redepi\/images\/logo.gif","type":"","width":"","height":""}],"author":"inclusivenews2024","twitter_card":"summary_large_image","twitter_misc":{"Escrito por":"inclusivenews2024","Tempo estimado de leitura":"2 minutos"},"schema":{"@context":"https:\/\/schema.org","@graph":[{"@type":"Article","@id":"https:\/\/inclusivenews.com.br\/?p=18629#article","isPartOf":{"@id":"https:\/\/inclusivenews.com.br\/?p=18629"},"author":{"name":"inclusivenews2024","@id":"https:\/\/inclusivenews.com.br\/#\/schema\/person\/ae4ec7087559b8692fb33b6fffd2273b"},"headline":"Plano Nacional pela Primeira Inf\u00e2ncia \u00e9 discutido em audi\u00eancia na SDH","datePublished":"2011-03-03T12:11:52+00:00","mainEntityOfPage":{"@id":"https:\/\/inclusivenews.com.br\/?p=18629"},"wordCount":428,"commentCount":0,"publisher":{"@id":"https:\/\/inclusivenews.com.br\/#organization"},"image":{"@id":"https:\/\/inclusivenews.com.br\/?p=18629#primaryimage"},"thumbnailUrl":"http:\/\/174.121.134.62\/~redepi\/wp-content\/themes\/redepi\/images\/logo.gif","keywords":["Inf\u00e2ncia"],"articleSection":["NOT\u00cdCIAS"],"inLanguage":"pt-PT","potentialAction":[{"@type":"CommentAction","name":"Comment","target":["https:\/\/inclusivenews.com.br\/?p=18629#respond"]}]},{"@type":"WebPage","@id":"https:\/\/inclusivenews.com.br\/?p=18629","url":"https:\/\/inclusivenews.com.br\/?p=18629","name":"Plano Nacional pela Primeira Inf\u00e2ncia \u00e9 discutido em audi\u00eancia na SDH -","isPartOf":{"@id":"https:\/\/inclusivenews.com.br\/#website"},"primaryImageOfPage":{"@id":"https:\/\/inclusivenews.com.br\/?p=18629#primaryimage"},"image":{"@id":"https:\/\/inclusivenews.com.br\/?p=18629#primaryimage"},"thumbnailUrl":"http:\/\/174.121.134.62\/~redepi\/wp-content\/themes\/redepi\/images\/logo.gif","datePublished":"2011-03-03T12:11:52+00:00","breadcrumb":{"@id":"https:\/\/inclusivenews.com.br\/?p=18629#breadcrumb"},"inLanguage":"pt-PT","potentialAction":[{"@type":"ReadAction","target":["https:\/\/inclusivenews.com.br\/?p=18629"]}]},{"@type":"ImageObject","inLanguage":"pt-PT","@id":"https:\/\/inclusivenews.com.br\/?p=18629#primaryimage","url":"http:\/\/174.121.134.62\/~redepi\/wp-content\/themes\/redepi\/images\/logo.gif","contentUrl":"http:\/\/174.121.134.62\/~redepi\/wp-content\/themes\/redepi\/images\/logo.gif"},{"@type":"BreadcrumbList","@id":"https:\/\/inclusivenews.com.br\/?p=18629#breadcrumb","itemListElement":[{"@type":"ListItem","position":1,"name":"In\u00edcio","item":"https:\/\/inclusivenews.com.br\/"},{"@type":"ListItem","position":2,"name":"Plano Nacional pela Primeira Inf\u00e2ncia \u00e9 discutido em audi\u00eancia na SDH"}]},{"@type":"WebSite","@id":"https:\/\/inclusivenews.com.br\/#website","url":"https:\/\/inclusivenews.com.br\/","name":"Inclusive News","description":"Inclusive News","publisher":{"@id":"https:\/\/inclusivenews.com.br\/#organization"},"potentialAction":[{"@type":"SearchAction","target":{"@type":"EntryPoint","urlTemplate":"https:\/\/inclusivenews.com.br\/?s={search_term_string}"},"query-input":{"@type":"PropertyValueSpecification","valueRequired":true,"valueName":"search_term_string"}}],"inLanguage":"pt-PT"},{"@type":"Organization","@id":"https:\/\/inclusivenews.com.br\/#organization","name":"Inclusive - inclus\u00e3o e cidadania","url":"https:\/\/inclusivenews.com.br\/","logo":{"@type":"ImageObject","inLanguage":"pt-PT","@id":"https:\/\/inclusivenews.com.br\/#\/schema\/logo\/image\/","url":"https:\/\/inclusivenews.com.br\/wp-content\/uploads\/2024\/03\/@grandesite.png","contentUrl":"https:\/\/inclusivenews.com.br\/wp-content\/uploads\/2024\/03\/@grandesite.png","width":1080,"height":1080,"caption":"Inclusive - inclus\u00e3o e cidadania"},"image":{"@id":"https:\/\/inclusivenews.com.br\/#\/schema\/logo\/image\/"},"sameAs":["https:\/\/www.facebook.com\/agenciainclusive\/","https:\/\/www.instagram.com\/newsinclusive\/"]},{"@type":"Person","@id":"https:\/\/inclusivenews.com.br\/#\/schema\/person\/ae4ec7087559b8692fb33b6fffd2273b","name":"inclusivenews2024","image":{"@type":"ImageObject","inLanguage":"pt-PT","@id":"https:\/\/secure.gravatar.com\/avatar\/c5a7ef84c66fa914f55bc4f7ce26cfa275a3b9a1c5568b907bd184fb4dde7b40?s=96&d=mm&r=g","url":"https:\/\/secure.gravatar.com\/avatar\/c5a7ef84c66fa914f55bc4f7ce26cfa275a3b9a1c5568b907bd184fb4dde7b40?s=96&d=mm&r=g","contentUrl":"https:\/\/secure.gravatar.com\/avatar\/c5a7ef84c66fa914f55bc4f7ce26cfa275a3b9a1c5568b907bd184fb4dde7b40?s=96&d=mm&r=g","caption":"inclusivenews2024"},"sameAs":["https:\/\/inclusivenews.com.br"],"url":"https:\/\/inclusivenews.com.br\/?author=1"}]}},"_links":{"self":[{"href":"https:\/\/inclusivenews.com.br\/index.php?rest_route=\/wp\/v2\/posts\/18629","targetHints":{"allow":["GET"]}}],"collection":[{"href":"https:\/\/inclusivenews.com.br\/index.php?rest_route=\/wp\/v2\/posts"}],"about":[{"href":"https:\/\/inclusivenews.com.br\/index.php?rest_route=\/wp\/v2\/types\/post"}],"author":[{"embeddable":true,"href":"https:\/\/inclusivenews.com.br\/index.php?rest_route=\/wp\/v2\/users\/1"}],"replies":[{"embeddable":true,"href":"https:\/\/inclusivenews.com.br\/index.php?rest_route=%2Fwp%2Fv2%2Fcomments&post=18629"}],"version-history":[{"count":0,"href":"https:\/\/inclusivenews.com.br\/index.php?rest_route=\/wp\/v2\/posts\/18629\/revisions"}],"wp:attachment":[{"href":"https:\/\/inclusivenews.com.br\/index.php?rest_route=%2Fwp%2Fv2%2Fmedia&parent=18629"}],"wp:term":[{"taxonomy":"category","embeddable":true,"href":"https:\/\/inclusivenews.com.br\/index.php?rest_route=%2Fwp%2Fv2%2Fcategories&post=18629"},{"taxonomy":"post_tag","embeddable":true,"href":"https:\/\/inclusivenews.com.br\/index.php?rest_route=%2Fwp%2Fv2%2Ftags&post=18629"}],"curies":[{"name":"wp","href":"https:\/\/api.w.org\/{rel}","templated":true}]}}