{"id":18635,"date":"2011-03-03T09:13:33","date_gmt":"2011-03-03T12:13:33","guid":{"rendered":"http:\/\/www.inclusive.org.br\/?p=18635"},"modified":"2011-03-03T09:13:33","modified_gmt":"2011-03-03T12:13:33","slug":"acompanhe-as-dicussoes-entre-sociedade-civil-e-sendado-sobre-regulamentacao-da-cdpd","status":"publish","type":"post","link":"https:\/\/inclusivenews.com.br\/?p=18635","title":{"rendered":"Acompanhe as dicuss\u00f5es entre sociedade civil e Senado sobre regulamenta\u00e7\u00e3o da CDPD"},"content":{"rendered":"<figure id=\"attachment_13590\" aria-describedby=\"caption-attachment-13590\" style=\"width: 176px\" class=\"wp-caption alignleft\"><a href=\"http:\/\/www.inclusivenews.com.br\/wp-content\/uploads\/2010\/01\/riadis-net-logo.png\"><img loading=\"lazy\" decoding=\"async\" class=\"size-full wp-image-13590\" title=\"Logotipo da Riadis - Globo azul e p\u00e1ssaros voando sobre o mapa da Am\u00e9rica Latina\" src=\"http:\/\/inclusivenews.com.br\/wp-content\/uploads\/2010\/01\/riadis-net-logo.png\" alt=\"Logotipo da Riadis - Globo azul e p\u00e1ssaros voando sobre o mapa da Am\u00e9rica Latina\" width=\"176\" height=\"170\" \/><\/a><figcaption id=\"caption-attachment-13590\" class=\"wp-caption-text\"> <\/figcaption><\/figure>\n<p>Informe sobre a reuni\u00e3o no gabinete do Senador Lindbergh do dia 28 de fevereiro.<\/p>\n<p>Estiveram presentes cerca de 25 a 30 pessoas, entre representantes de organiza\u00e7\u00f5es da sociedade civil (CVI Brasil, ABRA\u00c7A, ONCB, IBDD e outras que n\u00e3o recordo o nome), CONADE, representantes de governo e assessores do Senado e da C\u00e2mara.<\/p>\n<p>O senador abriu a reuni\u00e3o explicando que ele pode contribuir trabalhando em 2 frentes que correm paralelas. Uma delas \u00e9 a regulamenta\u00e7\u00e3o da CDPD que estar\u00e1 a cargo da Comiss\u00e3o tempor\u00e1ria que ser\u00e1 lan\u00e7ada no dia 21 de mar\u00e7o.<\/p>\n<p>A outra \u00e1rea de a\u00e7\u00e3o refere-se ao di\u00e1logo e press\u00e3o do senador junto aos diversos \u00f3rg\u00e3os de governo para cobrar e fazer cumprir as demandas especificas do movimento. Por sugest\u00e3o, a discuss\u00e3o inicial sobre as diferentes \u00e1reas de defici\u00eancia se transformou num levantamento de demandas que dever\u00e3o ser enviadas ao Senador para que ele possa agir nos diferentes casos. Por volta de 17h encerrou-se a reuni\u00e3o e um pequeno grupo permaneceu, no qual estive inclu\u00edda a pedido do Senador, e continuamos a trabalhar nas quest\u00f5es operativas do semin\u00e1rio do dia 21 de mar\u00e7o.<\/p>\n<p>Avalio como muito positivo o resultado da reuni\u00e3o pelos seguintes motivos:<\/p>\n<p>1 -Percebo a vontade das diversas entidades de se unirem em torno da regulamenta\u00e7\u00e3o da CDPD, o que representa uma luz no final do t\u00fanel, neste movimento que conviveu historicamente com divis\u00f5es e uma desuni\u00e3o que prejudica a todo o segmento.<\/p>\n<p>2 \u2013 O respeito do Senador em ouvir os principais interessados para construirmos juntos e fazer mudan\u00e7as na proposta inicial. Aqui me refiro especialmente ao abandono da discuss\u00e3o por \u00e1reas de defici\u00eancia para um levantamento das demandas e tamb\u00e9m com uma reprograma\u00e7\u00e3o do calend\u00e1rio apresentado (a tend\u00eancia \u00e9 termos 15 dias entre as reuni\u00f5es no Senado, em vez de reuni\u00f5es semanais).<\/p>\n<p>3 \u2013 A consolida\u00e7\u00e3o da lideran\u00e7a da sociedade civil como um interlocutor qualificado importante, resultado dos documentos apresentados (a carta aberta e proposta da sociedade civil), situa\u00e7\u00e3o que nos coloca de forma leg\u00edtima no grupo de frente que vai incidir e participar do grupo central que ir\u00e1 acompanhar todo o processo.<\/p>\n<p>4 \u2013 Ficou definido que haver\u00e1 um semin\u00e1rio introdut\u00f3rio sobre a Conven\u00e7\u00e3o, no per\u00edodo da tarde do dia 21 no Senado, junto com o lan\u00e7amento da Comiss\u00e3o tempor\u00e1ria. Informo com satisfa\u00e7\u00e3o que fui escolhida para falar sobre o processo de constru\u00e7\u00e3o da conven\u00e7\u00e3o, mudan\u00e7as de paradigmas e a participa\u00e7\u00e3o da sociedade civil Neste dia 21 comemora-se o dia internacional da s\u00edndrome de Down e houve um acordo com alguns deputados da frente parlamentar que ser\u00e1 realizado um evento na parte da manh\u00e3 na C\u00e2mara para comemorar esta data.<\/p>\n<p>5 \u2013 Definiu-se ainda que haver\u00e1 uma reuni\u00e3o 15 dias ap\u00f3s o semin\u00e1rio do dia 21 de mar\u00e7o para trabalhar no plano de a\u00e7\u00e3o e calend\u00e1rio de trabalho desta comiss\u00e3o.<\/p>\n<p>Bem, creio que este \u00e9 o resumo da reuni\u00e3o.<\/p>\n<p>Abs,<br \/>\nRegina Atalla<br \/>\nPresidente RIADIS<\/p>\n","protected":false},"excerpt":{"rendered":"<p>A presidente da RIADIS, Regina Atalla, d\u00e1 o seguinte relato sobre encontro que reuniu sociedade civil e Senado sobre regulamenta\u00e7\u00e3o da Conven\u00e7\u00e3o sobre Os Direitos das Pessoas com Defici\u00eancia.<\/p>\n","protected":false},"author":1,"featured_media":0,"comment_status":"open","ping_status":"open","sticky":false,"template":"","format":"standard","meta":{"site-container-style":"default","site-container-layout":"default","site-sidebar-layout":"default","disable-article-header":"default","disable-site-header":"default","disable-site-footer":"default","disable-content-area-spacing":"default","footnotes":""},"categories":[5,26,4],"tags":[],"class_list":["post-18635","post","type-post","status-publish","format-standard","hentry","category-convencao","category-legislacao","category-noticias"],"yoast_head":"<!-- This site is optimized with the Yoast SEO plugin v27.4 - https:\/\/yoast.com\/product\/yoast-seo-wordpress\/ -->\n<title>Acompanhe as dicuss\u00f5es entre sociedade civil e Senado sobre regulamenta\u00e7\u00e3o da CDPD -<\/title>\n<meta name=\"robots\" content=\"index, follow, max-snippet:-1, max-image-preview:large, max-video-preview:-1\" \/>\n<link rel=\"canonical\" href=\"https:\/\/inclusivenews.com.br\/?p=18635\" \/>\n<meta property=\"og:locale\" content=\"pt_PT\" \/>\n<meta property=\"og:type\" content=\"article\" \/>\n<meta property=\"og:title\" content=\"Acompanhe as dicuss\u00f5es entre sociedade civil e Senado sobre regulamenta\u00e7\u00e3o da CDPD -\" \/>\n<meta property=\"og:description\" content=\"A presidente da RIADIS, Regina Atalla, d\u00e1 o seguinte relato sobre encontro que reuniu sociedade civil e Senado sobre regulamenta\u00e7\u00e3o da Conven\u00e7\u00e3o sobre Os Direitos das Pessoas com Defici\u00eancia.\" \/>\n<meta property=\"og:url\" content=\"https:\/\/inclusivenews.com.br\/?p=18635\" \/>\n<meta property=\"article:publisher\" content=\"https:\/\/www.facebook.com\/agenciainclusive\/\" \/>\n<meta property=\"article:published_time\" content=\"2011-03-03T12:13:33+00:00\" \/>\n<meta property=\"og:image\" content=\"http:\/\/inclusivenews.com.br\/wp-content\/uploads\/2010\/01\/riadis-net-logo.png\" \/>\n<meta name=\"author\" content=\"inclusivenews2024\" \/>\n<meta name=\"twitter:card\" content=\"summary_large_image\" \/>\n<meta name=\"twitter:label1\" content=\"Escrito por\" \/>\n\t<meta name=\"twitter:data1\" content=\"inclusivenews2024\" \/>\n\t<meta name=\"twitter:label2\" content=\"Tempo estimado de leitura\" \/>\n\t<meta name=\"twitter:data2\" content=\"3 minutos\" \/>\n<script type=\"application\/ld+json\" class=\"yoast-schema-graph\">{\"@context\":\"https:\\\/\\\/schema.org\",\"@graph\":[{\"@type\":\"Article\",\"@id\":\"https:\\\/\\\/inclusivenews.com.br\\\/?p=18635#article\",\"isPartOf\":{\"@id\":\"https:\\\/\\\/inclusivenews.com.br\\\/?p=18635\"},\"author\":{\"name\":\"inclusivenews2024\",\"@id\":\"https:\\\/\\\/inclusivenews.com.br\\\/#\\\/schema\\\/person\\\/ae4ec7087559b8692fb33b6fffd2273b\"},\"headline\":\"Acompanhe as dicuss\u00f5es entre sociedade civil e Senado sobre regulamenta\u00e7\u00e3o da CDPD\",\"datePublished\":\"2011-03-03T12:13:33+00:00\",\"mainEntityOfPage\":{\"@id\":\"https:\\\/\\\/inclusivenews.com.br\\\/?p=18635\"},\"wordCount\":543,\"commentCount\":0,\"publisher\":{\"@id\":\"https:\\\/\\\/inclusivenews.com.br\\\/#organization\"},\"image\":{\"@id\":\"https:\\\/\\\/inclusivenews.com.br\\\/?p=18635#primaryimage\"},\"thumbnailUrl\":\"http:\\\/\\\/inclusivenews.com.br\\\/wp-content\\\/uploads\\\/2010\\\/01\\\/riadis-net-logo.png\",\"articleSection\":[\"Conven\u00e7\u00e3o\",\"Legisla\u00e7\u00e3o ...\",\"NOT\u00cdCIAS\"],\"inLanguage\":\"pt-PT\",\"potentialAction\":[{\"@type\":\"CommentAction\",\"name\":\"Comment\",\"target\":[\"https:\\\/\\\/inclusivenews.com.br\\\/?p=18635#respond\"]}]},{\"@type\":\"WebPage\",\"@id\":\"https:\\\/\\\/inclusivenews.com.br\\\/?p=18635\",\"url\":\"https:\\\/\\\/inclusivenews.com.br\\\/?p=18635\",\"name\":\"Acompanhe as dicuss\u00f5es entre sociedade civil e Senado sobre regulamenta\u00e7\u00e3o da CDPD -\",\"isPartOf\":{\"@id\":\"https:\\\/\\\/inclusivenews.com.br\\\/#website\"},\"primaryImageOfPage\":{\"@id\":\"https:\\\/\\\/inclusivenews.com.br\\\/?p=18635#primaryimage\"},\"image\":{\"@id\":\"https:\\\/\\\/inclusivenews.com.br\\\/?p=18635#primaryimage\"},\"thumbnailUrl\":\"http:\\\/\\\/inclusivenews.com.br\\\/wp-content\\\/uploads\\\/2010\\\/01\\\/riadis-net-logo.png\",\"datePublished\":\"2011-03-03T12:13:33+00:00\",\"breadcrumb\":{\"@id\":\"https:\\\/\\\/inclusivenews.com.br\\\/?p=18635#breadcrumb\"},\"inLanguage\":\"pt-PT\",\"potentialAction\":[{\"@type\":\"ReadAction\",\"target\":[\"https:\\\/\\\/inclusivenews.com.br\\\/?p=18635\"]}]},{\"@type\":\"ImageObject\",\"inLanguage\":\"pt-PT\",\"@id\":\"https:\\\/\\\/inclusivenews.com.br\\\/?p=18635#primaryimage\",\"url\":\"\",\"contentUrl\":\"\"},{\"@type\":\"BreadcrumbList\",\"@id\":\"https:\\\/\\\/inclusivenews.com.br\\\/?p=18635#breadcrumb\",\"itemListElement\":[{\"@type\":\"ListItem\",\"position\":1,\"name\":\"In\u00edcio\",\"item\":\"https:\\\/\\\/inclusivenews.com.br\\\/\"},{\"@type\":\"ListItem\",\"position\":2,\"name\":\"Acompanhe as dicuss\u00f5es entre sociedade civil e Senado sobre regulamenta\u00e7\u00e3o da CDPD\"}]},{\"@type\":\"WebSite\",\"@id\":\"https:\\\/\\\/inclusivenews.com.br\\\/#website\",\"url\":\"https:\\\/\\\/inclusivenews.com.br\\\/\",\"name\":\"Inclusive News\",\"description\":\"Inclusive News\",\"publisher\":{\"@id\":\"https:\\\/\\\/inclusivenews.com.br\\\/#organization\"},\"potentialAction\":[{\"@type\":\"SearchAction\",\"target\":{\"@type\":\"EntryPoint\",\"urlTemplate\":\"https:\\\/\\\/inclusivenews.com.br\\\/?s={search_term_string}\"},\"query-input\":{\"@type\":\"PropertyValueSpecification\",\"valueRequired\":true,\"valueName\":\"search_term_string\"}}],\"inLanguage\":\"pt-PT\"},{\"@type\":\"Organization\",\"@id\":\"https:\\\/\\\/inclusivenews.com.br\\\/#organization\",\"name\":\"Inclusive - inclus\u00e3o e cidadania\",\"url\":\"https:\\\/\\\/inclusivenews.com.br\\\/\",\"logo\":{\"@type\":\"ImageObject\",\"inLanguage\":\"pt-PT\",\"@id\":\"https:\\\/\\\/inclusivenews.com.br\\\/#\\\/schema\\\/logo\\\/image\\\/\",\"url\":\"https:\\\/\\\/inclusivenews.com.br\\\/wp-content\\\/uploads\\\/2024\\\/03\\\/@grandesite.png\",\"contentUrl\":\"https:\\\/\\\/inclusivenews.com.br\\\/wp-content\\\/uploads\\\/2024\\\/03\\\/@grandesite.png\",\"width\":1080,\"height\":1080,\"caption\":\"Inclusive - inclus\u00e3o e cidadania\"},\"image\":{\"@id\":\"https:\\\/\\\/inclusivenews.com.br\\\/#\\\/schema\\\/logo\\\/image\\\/\"},\"sameAs\":[\"https:\\\/\\\/www.facebook.com\\\/agenciainclusive\\\/\",\"https:\\\/\\\/www.instagram.com\\\/newsinclusive\\\/\"]},{\"@type\":\"Person\",\"@id\":\"https:\\\/\\\/inclusivenews.com.br\\\/#\\\/schema\\\/person\\\/ae4ec7087559b8692fb33b6fffd2273b\",\"name\":\"inclusivenews2024\",\"image\":{\"@type\":\"ImageObject\",\"inLanguage\":\"pt-PT\",\"@id\":\"https:\\\/\\\/secure.gravatar.com\\\/avatar\\\/c5a7ef84c66fa914f55bc4f7ce26cfa275a3b9a1c5568b907bd184fb4dde7b40?s=96&d=mm&r=g\",\"url\":\"https:\\\/\\\/secure.gravatar.com\\\/avatar\\\/c5a7ef84c66fa914f55bc4f7ce26cfa275a3b9a1c5568b907bd184fb4dde7b40?s=96&d=mm&r=g\",\"contentUrl\":\"https:\\\/\\\/secure.gravatar.com\\\/avatar\\\/c5a7ef84c66fa914f55bc4f7ce26cfa275a3b9a1c5568b907bd184fb4dde7b40?s=96&d=mm&r=g\",\"caption\":\"inclusivenews2024\"},\"sameAs\":[\"https:\\\/\\\/inclusivenews.com.br\"],\"url\":\"https:\\\/\\\/inclusivenews.com.br\\\/?author=1\"}]}<\/script>\n<!-- \/ Yoast SEO plugin. -->","yoast_head_json":{"title":"Acompanhe as dicuss\u00f5es entre sociedade civil e Senado sobre regulamenta\u00e7\u00e3o da CDPD -","robots":{"index":"index","follow":"follow","max-snippet":"max-snippet:-1","max-image-preview":"max-image-preview:large","max-video-preview":"max-video-preview:-1"},"canonical":"https:\/\/inclusivenews.com.br\/?p=18635","og_locale":"pt_PT","og_type":"article","og_title":"Acompanhe as dicuss\u00f5es entre sociedade civil e Senado sobre regulamenta\u00e7\u00e3o da CDPD -","og_description":"A presidente da RIADIS, Regina Atalla, d\u00e1 o seguinte relato sobre encontro que reuniu sociedade civil e Senado sobre regulamenta\u00e7\u00e3o da Conven\u00e7\u00e3o sobre Os Direitos das Pessoas com Defici\u00eancia.","og_url":"https:\/\/inclusivenews.com.br\/?p=18635","article_publisher":"https:\/\/www.facebook.com\/agenciainclusive\/","article_published_time":"2011-03-03T12:13:33+00:00","og_image":[{"url":"http:\/\/inclusivenews.com.br\/wp-content\/uploads\/2010\/01\/riadis-net-logo.png","type":"","width":"","height":""}],"author":"inclusivenews2024","twitter_card":"summary_large_image","twitter_misc":{"Escrito por":"inclusivenews2024","Tempo estimado de leitura":"3 minutos"},"schema":{"@context":"https:\/\/schema.org","@graph":[{"@type":"Article","@id":"https:\/\/inclusivenews.com.br\/?p=18635#article","isPartOf":{"@id":"https:\/\/inclusivenews.com.br\/?p=18635"},"author":{"name":"inclusivenews2024","@id":"https:\/\/inclusivenews.com.br\/#\/schema\/person\/ae4ec7087559b8692fb33b6fffd2273b"},"headline":"Acompanhe as dicuss\u00f5es entre sociedade civil e Senado sobre regulamenta\u00e7\u00e3o da CDPD","datePublished":"2011-03-03T12:13:33+00:00","mainEntityOfPage":{"@id":"https:\/\/inclusivenews.com.br\/?p=18635"},"wordCount":543,"commentCount":0,"publisher":{"@id":"https:\/\/inclusivenews.com.br\/#organization"},"image":{"@id":"https:\/\/inclusivenews.com.br\/?p=18635#primaryimage"},"thumbnailUrl":"http:\/\/inclusivenews.com.br\/wp-content\/uploads\/2010\/01\/riadis-net-logo.png","articleSection":["Conven\u00e7\u00e3o","Legisla\u00e7\u00e3o ...","NOT\u00cdCIAS"],"inLanguage":"pt-PT","potentialAction":[{"@type":"CommentAction","name":"Comment","target":["https:\/\/inclusivenews.com.br\/?p=18635#respond"]}]},{"@type":"WebPage","@id":"https:\/\/inclusivenews.com.br\/?p=18635","url":"https:\/\/inclusivenews.com.br\/?p=18635","name":"Acompanhe as dicuss\u00f5es entre sociedade civil e Senado sobre regulamenta\u00e7\u00e3o da CDPD -","isPartOf":{"@id":"https:\/\/inclusivenews.com.br\/#website"},"primaryImageOfPage":{"@id":"https:\/\/inclusivenews.com.br\/?p=18635#primaryimage"},"image":{"@id":"https:\/\/inclusivenews.com.br\/?p=18635#primaryimage"},"thumbnailUrl":"http:\/\/inclusivenews.com.br\/wp-content\/uploads\/2010\/01\/riadis-net-logo.png","datePublished":"2011-03-03T12:13:33+00:00","breadcrumb":{"@id":"https:\/\/inclusivenews.com.br\/?p=18635#breadcrumb"},"inLanguage":"pt-PT","potentialAction":[{"@type":"ReadAction","target":["https:\/\/inclusivenews.com.br\/?p=18635"]}]},{"@type":"ImageObject","inLanguage":"pt-PT","@id":"https:\/\/inclusivenews.com.br\/?p=18635#primaryimage","url":"","contentUrl":""},{"@type":"BreadcrumbList","@id":"https:\/\/inclusivenews.com.br\/?p=18635#breadcrumb","itemListElement":[{"@type":"ListItem","position":1,"name":"In\u00edcio","item":"https:\/\/inclusivenews.com.br\/"},{"@type":"ListItem","position":2,"name":"Acompanhe as dicuss\u00f5es entre sociedade civil e Senado sobre regulamenta\u00e7\u00e3o da CDPD"}]},{"@type":"WebSite","@id":"https:\/\/inclusivenews.com.br\/#website","url":"https:\/\/inclusivenews.com.br\/","name":"Inclusive News","description":"Inclusive News","publisher":{"@id":"https:\/\/inclusivenews.com.br\/#organization"},"potentialAction":[{"@type":"SearchAction","target":{"@type":"EntryPoint","urlTemplate":"https:\/\/inclusivenews.com.br\/?s={search_term_string}"},"query-input":{"@type":"PropertyValueSpecification","valueRequired":true,"valueName":"search_term_string"}}],"inLanguage":"pt-PT"},{"@type":"Organization","@id":"https:\/\/inclusivenews.com.br\/#organization","name":"Inclusive - inclus\u00e3o e cidadania","url":"https:\/\/inclusivenews.com.br\/","logo":{"@type":"ImageObject","inLanguage":"pt-PT","@id":"https:\/\/inclusivenews.com.br\/#\/schema\/logo\/image\/","url":"https:\/\/inclusivenews.com.br\/wp-content\/uploads\/2024\/03\/@grandesite.png","contentUrl":"https:\/\/inclusivenews.com.br\/wp-content\/uploads\/2024\/03\/@grandesite.png","width":1080,"height":1080,"caption":"Inclusive - inclus\u00e3o e cidadania"},"image":{"@id":"https:\/\/inclusivenews.com.br\/#\/schema\/logo\/image\/"},"sameAs":["https:\/\/www.facebook.com\/agenciainclusive\/","https:\/\/www.instagram.com\/newsinclusive\/"]},{"@type":"Person","@id":"https:\/\/inclusivenews.com.br\/#\/schema\/person\/ae4ec7087559b8692fb33b6fffd2273b","name":"inclusivenews2024","image":{"@type":"ImageObject","inLanguage":"pt-PT","@id":"https:\/\/secure.gravatar.com\/avatar\/c5a7ef84c66fa914f55bc4f7ce26cfa275a3b9a1c5568b907bd184fb4dde7b40?s=96&d=mm&r=g","url":"https:\/\/secure.gravatar.com\/avatar\/c5a7ef84c66fa914f55bc4f7ce26cfa275a3b9a1c5568b907bd184fb4dde7b40?s=96&d=mm&r=g","contentUrl":"https:\/\/secure.gravatar.com\/avatar\/c5a7ef84c66fa914f55bc4f7ce26cfa275a3b9a1c5568b907bd184fb4dde7b40?s=96&d=mm&r=g","caption":"inclusivenews2024"},"sameAs":["https:\/\/inclusivenews.com.br"],"url":"https:\/\/inclusivenews.com.br\/?author=1"}]}},"_links":{"self":[{"href":"https:\/\/inclusivenews.com.br\/index.php?rest_route=\/wp\/v2\/posts\/18635","targetHints":{"allow":["GET"]}}],"collection":[{"href":"https:\/\/inclusivenews.com.br\/index.php?rest_route=\/wp\/v2\/posts"}],"about":[{"href":"https:\/\/inclusivenews.com.br\/index.php?rest_route=\/wp\/v2\/types\/post"}],"author":[{"embeddable":true,"href":"https:\/\/inclusivenews.com.br\/index.php?rest_route=\/wp\/v2\/users\/1"}],"replies":[{"embeddable":true,"href":"https:\/\/inclusivenews.com.br\/index.php?rest_route=%2Fwp%2Fv2%2Fcomments&post=18635"}],"version-history":[{"count":0,"href":"https:\/\/inclusivenews.com.br\/index.php?rest_route=\/wp\/v2\/posts\/18635\/revisions"}],"wp:attachment":[{"href":"https:\/\/inclusivenews.com.br\/index.php?rest_route=%2Fwp%2Fv2%2Fmedia&parent=18635"}],"wp:term":[{"taxonomy":"category","embeddable":true,"href":"https:\/\/inclusivenews.com.br\/index.php?rest_route=%2Fwp%2Fv2%2Fcategories&post=18635"},{"taxonomy":"post_tag","embeddable":true,"href":"https:\/\/inclusivenews.com.br\/index.php?rest_route=%2Fwp%2Fv2%2Ftags&post=18635"}],"curies":[{"name":"wp","href":"https:\/\/api.w.org\/{rel}","templated":true}]}}