{"id":18647,"date":"2011-03-03T09:18:46","date_gmt":"2011-03-03T12:18:46","guid":{"rendered":"http:\/\/www.inclusive.org.br\/?p=18647"},"modified":"2011-03-03T09:18:46","modified_gmt":"2011-03-03T12:18:46","slug":"leia-o-livro-audiodescricao-transformando-imagens-em-palavras","status":"publish","type":"post","link":"https:\/\/inclusivenews.com.br\/?p=18647","title":{"rendered":"Leia o livro: &quot;Audiodescri\u00e7\u00e3o &#8211; Transformando Imagens Em Palavras&quot;"},"content":{"rendered":"<figure style=\"width: 171px\" class=\"wp-caption alignleft\"><img loading=\"lazy\" decoding=\"async\" class=\"  \" title=\"A capa, criada pela designer Aracy Bernardes, com fundo ocre e tons que v\u00e3o do vinho ao marrom, \u00e9 ilustrada pelo perfil de um rosto com destaque para olho e parte da boca. Do centro para o lado esquerdo superior tr\u00eas imagens desfocadas, sobrepostas e transparentes. um fluxo de letras sai da boca da pessoa sobrepondo fotos descoloridas de praia e flor na parte inferior. O t\u00edtulo \u201cAudiodescri\u00e7\u00e3o: Transformando Imagens em Palavras\u201d e os nomes dos organizadores, L\u00edvia Maria Villela de Mello Motta e Paulo Romeu Filho, est\u00e3o escritos com letras pretas sobre fundo ocre na parte superior e inferior da capa.\" src=\"http:\/\/3.bp.blogspot.com\/-qCjCDOzRm8c\/TWKk1V_9x2I\/AAAAAAAAADk\/lHOf3xkp9K4\/s320\/capa-livro.jpg\" alt=\"A capa, criada pela designer Aracy Bernardes, com fundo ocre e tons que v\u00e3o do vinho ao marrom, \u00e9 ilustrada pelo perfil de um rosto com destaque para olho e parte da boca. Do centro para o lado esquerdo superior tr\u00eas imagens desfocadas, sobrepostas e transparentes. um fluxo de letras sai da boca da pessoa sobrepondo fotos descoloridas de praia e flor na parte inferior. O t\u00edtulo \u201cAudiodescri\u00e7\u00e3o: Transformando Imagens em Palavras\u201d e os nomes dos organizadores, L\u00edvia Maria Villela de Mello Motta e Paulo Romeu Filho, est\u00e3o escritos com letras pretas sobre fundo ocre na parte superior e inferior da capa.\" width=\"171\" height=\"256\" \/><figcaption class=\"wp-caption-text\"> <\/figcaption><\/figure>\n<p>Est\u00e1 dispon\u00edvel para download (e leitura!),\u00a0 no <a href=\"http:\/\/blogdaaudiodescricao.blogspot.com\">Blog da Audiodescri\u00e7\u00e3o<\/a>, o livro\u00a0&#8220;Audiodescri\u00e7\u00e3o &#8211; Transformando Imagens Em Palavras&#8221;.<\/p>\n<p>Editado pela Secretaria de Direitos da Pessoa com Defici\u00eancia do Governo do Estado de S\u00e3o Paulo e organizado por Livia Motta e Paulo Romeu Filho, o livro traz artigos de v\u00e1rios autores que revelam tanto os aspectos t\u00e9cnicos da audiodescri\u00e7\u00e3o como \u00a0a sua concretiza\u00e7\u00e3o como um direito \u00e0 comunica\u00e7\u00e3o e informa\u00e7\u00e3o.<\/p>\n<p>O livro pode ser lido por enquanto em dois formatos: arquivo para <a href=\"http:\/\/dl.dropbox.com\/u\/10004244\/Blog\/Livro\/Audiodescri\u00e7\u00e3o%20-%20Transformando%20Imagens%20em%20Palavras.docx\" target=\"_blank\" rel=\"noopener\">MS Word<\/a> e arquivo <a href=\"http:\/\/dl.dropbox.com\/u\/10004244\/Blog\/Livro\/Audiodescri\u00e7\u00e3o%20-%20Transformando%20Imagens%20em%20Palavras.pdf\">PDF<\/a>.<\/p>\n<p><em>Descri\u00e7\u00e3o da capa: <\/em>A capa, criada pela designer Aracy Bernardes, com fundo ocre e tons que v\u00e3o do vinho ao marrom, \u00e9 ilustrada pelo perfil de um rosto com destaque para olho e parte da boca. Do centro para o lado esquerdo superior tr\u00eas imagens desfocadas, sobrepostas e transparentes. Um fluxo de letras sai da boca da pessoa sobrepondo fotos descoloridas de praia e flor na parte inferior. O t\u00edtulo \u201cAudiodescri\u00e7\u00e3o: Transformando Imagens em Palavras\u201d e os nomes dos organizadores, L\u00edvia Maria Villela de Mello Motta e Paulo Romeu Filho, est\u00e3o escritos com letras pretas sobre fundo ocre na parte superior e inferior da capa.<\/p>\n<p>_________________________________________________<\/p>\n<p><strong>Fonte:<\/strong> Inclusive, com informa\u00e7\u00f5es do Blog da Audiodescri\u00e7\u00e3o<\/p>\n","protected":false},"excerpt":{"rendered":"<p>Est\u00e1 dispon\u00edvel para download (e leitura!),  no Blog da Audiodescri\u00e7\u00e3o, o livro &#8220;Audiodescri\u00e7\u00e3o &#8211; Transformando Imagens Em Palavras&#8221;.<\/p>\n","protected":false},"author":1,"featured_media":0,"comment_status":"open","ping_status":"open","sticky":false,"template":"","format":"standard","meta":{"site-container-style":"default","site-container-layout":"default","site-sidebar-layout":"default","disable-article-header":"default","disable-site-header":"default","disable-site-footer":"default","disable-content-area-spacing":"default","footnotes":""},"categories":[44,52,48,51,4,10],"tags":[64],"class_list":["post-18647","post","type-post","status-publish","format-standard","hentry","category-acessibilidade","category-downloadables","category-inclusao","category-livros","category-noticias","category-publicacoes","tag-audiodescricao"],"yoast_head":"<!-- This site is optimized with the Yoast SEO plugin v27.4 - https:\/\/yoast.com\/product\/yoast-seo-wordpress\/ -->\n<title>Leia o livro: &quot;Audiodescri\u00e7\u00e3o - Transformando Imagens Em Palavras&quot; -<\/title>\n<meta name=\"robots\" content=\"index, follow, max-snippet:-1, max-image-preview:large, max-video-preview:-1\" \/>\n<link rel=\"canonical\" href=\"https:\/\/inclusivenews.com.br\/?p=18647\" \/>\n<meta property=\"og:locale\" content=\"pt_PT\" \/>\n<meta property=\"og:type\" content=\"article\" \/>\n<meta property=\"og:title\" content=\"Leia o livro: &quot;Audiodescri\u00e7\u00e3o - Transformando Imagens Em Palavras&quot; -\" \/>\n<meta property=\"og:description\" content=\"Est\u00e1 dispon\u00edvel para download (e leitura!), no Blog da Audiodescri\u00e7\u00e3o, o livro &quot;Audiodescri\u00e7\u00e3o - Transformando Imagens Em Palavras&quot;.\" \/>\n<meta property=\"og:url\" content=\"https:\/\/inclusivenews.com.br\/?p=18647\" \/>\n<meta property=\"article:publisher\" content=\"https:\/\/www.facebook.com\/agenciainclusive\/\" \/>\n<meta property=\"article:published_time\" content=\"2011-03-03T12:18:46+00:00\" \/>\n<meta property=\"og:image\" content=\"http:\/\/3.bp.blogspot.com\/-qCjCDOzRm8c\/TWKk1V_9x2I\/AAAAAAAAADk\/lHOf3xkp9K4\/s320\/capa-livro.jpg\" \/>\n<meta name=\"author\" content=\"inclusivenews2024\" \/>\n<meta name=\"twitter:card\" content=\"summary_large_image\" \/>\n<meta name=\"twitter:label1\" content=\"Escrito por\" \/>\n\t<meta name=\"twitter:data1\" content=\"inclusivenews2024\" \/>\n\t<meta name=\"twitter:label2\" content=\"Tempo estimado de leitura\" \/>\n\t<meta name=\"twitter:data2\" content=\"1 minuto\" \/>\n<script type=\"application\/ld+json\" class=\"yoast-schema-graph\">{\"@context\":\"https:\\\/\\\/schema.org\",\"@graph\":[{\"@type\":\"Article\",\"@id\":\"https:\\\/\\\/inclusivenews.com.br\\\/?p=18647#article\",\"isPartOf\":{\"@id\":\"https:\\\/\\\/inclusivenews.com.br\\\/?p=18647\"},\"author\":{\"name\":\"inclusivenews2024\",\"@id\":\"https:\\\/\\\/inclusivenews.com.br\\\/#\\\/schema\\\/person\\\/ae4ec7087559b8692fb33b6fffd2273b\"},\"headline\":\"Leia o livro: &quot;Audiodescri\u00e7\u00e3o &#8211; Transformando Imagens Em Palavras&quot;\",\"datePublished\":\"2011-03-03T12:18:46+00:00\",\"mainEntityOfPage\":{\"@id\":\"https:\\\/\\\/inclusivenews.com.br\\\/?p=18647\"},\"wordCount\":236,\"commentCount\":5,\"publisher\":{\"@id\":\"https:\\\/\\\/inclusivenews.com.br\\\/#organization\"},\"image\":{\"@id\":\"https:\\\/\\\/inclusivenews.com.br\\\/?p=18647#primaryimage\"},\"thumbnailUrl\":\"http:\\\/\\\/3.bp.blogspot.com\\\/-qCjCDOzRm8c\\\/TWKk1V_9x2I\\\/AAAAAAAAADk\\\/lHOf3xkp9K4\\\/s320\\\/capa-livro.jpg\",\"keywords\":[\"Audiodescri\u00e7\u00e3o\"],\"articleSection\":[\"ACESSIBILIDADE\",\"Downloadables\",\"INCLUS\u00c3O SOCIAL\",\"Livros\",\"NOT\u00cdCIAS\",\"PUBLICA\u00c7\u00d5ES\"],\"inLanguage\":\"pt-PT\",\"potentialAction\":[{\"@type\":\"CommentAction\",\"name\":\"Comment\",\"target\":[\"https:\\\/\\\/inclusivenews.com.br\\\/?p=18647#respond\"]}]},{\"@type\":\"WebPage\",\"@id\":\"https:\\\/\\\/inclusivenews.com.br\\\/?p=18647\",\"url\":\"https:\\\/\\\/inclusivenews.com.br\\\/?p=18647\",\"name\":\"Leia o livro: &quot;Audiodescri\u00e7\u00e3o - Transformando Imagens Em Palavras&quot; -\",\"isPartOf\":{\"@id\":\"https:\\\/\\\/inclusivenews.com.br\\\/#website\"},\"primaryImageOfPage\":{\"@id\":\"https:\\\/\\\/inclusivenews.com.br\\\/?p=18647#primaryimage\"},\"image\":{\"@id\":\"https:\\\/\\\/inclusivenews.com.br\\\/?p=18647#primaryimage\"},\"thumbnailUrl\":\"http:\\\/\\\/3.bp.blogspot.com\\\/-qCjCDOzRm8c\\\/TWKk1V_9x2I\\\/AAAAAAAAADk\\\/lHOf3xkp9K4\\\/s320\\\/capa-livro.jpg\",\"datePublished\":\"2011-03-03T12:18:46+00:00\",\"breadcrumb\":{\"@id\":\"https:\\\/\\\/inclusivenews.com.br\\\/?p=18647#breadcrumb\"},\"inLanguage\":\"pt-PT\",\"potentialAction\":[{\"@type\":\"ReadAction\",\"target\":[\"https:\\\/\\\/inclusivenews.com.br\\\/?p=18647\"]}]},{\"@type\":\"ImageObject\",\"inLanguage\":\"pt-PT\",\"@id\":\"https:\\\/\\\/inclusivenews.com.br\\\/?p=18647#primaryimage\",\"url\":\"http:\\\/\\\/3.bp.blogspot.com\\\/-qCjCDOzRm8c\\\/TWKk1V_9x2I\\\/AAAAAAAAADk\\\/lHOf3xkp9K4\\\/s320\\\/capa-livro.jpg\",\"contentUrl\":\"http:\\\/\\\/3.bp.blogspot.com\\\/-qCjCDOzRm8c\\\/TWKk1V_9x2I\\\/AAAAAAAAADk\\\/lHOf3xkp9K4\\\/s320\\\/capa-livro.jpg\"},{\"@type\":\"BreadcrumbList\",\"@id\":\"https:\\\/\\\/inclusivenews.com.br\\\/?p=18647#breadcrumb\",\"itemListElement\":[{\"@type\":\"ListItem\",\"position\":1,\"name\":\"In\u00edcio\",\"item\":\"https:\\\/\\\/inclusivenews.com.br\\\/\"},{\"@type\":\"ListItem\",\"position\":2,\"name\":\"Leia o livro: &quot;Audiodescri\u00e7\u00e3o &#8211; Transformando Imagens Em Palavras&quot;\"}]},{\"@type\":\"WebSite\",\"@id\":\"https:\\\/\\\/inclusivenews.com.br\\\/#website\",\"url\":\"https:\\\/\\\/inclusivenews.com.br\\\/\",\"name\":\"Inclusive News\",\"description\":\"Inclusive News\",\"publisher\":{\"@id\":\"https:\\\/\\\/inclusivenews.com.br\\\/#organization\"},\"potentialAction\":[{\"@type\":\"SearchAction\",\"target\":{\"@type\":\"EntryPoint\",\"urlTemplate\":\"https:\\\/\\\/inclusivenews.com.br\\\/?s={search_term_string}\"},\"query-input\":{\"@type\":\"PropertyValueSpecification\",\"valueRequired\":true,\"valueName\":\"search_term_string\"}}],\"inLanguage\":\"pt-PT\"},{\"@type\":\"Organization\",\"@id\":\"https:\\\/\\\/inclusivenews.com.br\\\/#organization\",\"name\":\"Inclusive - inclus\u00e3o e cidadania\",\"url\":\"https:\\\/\\\/inclusivenews.com.br\\\/\",\"logo\":{\"@type\":\"ImageObject\",\"inLanguage\":\"pt-PT\",\"@id\":\"https:\\\/\\\/inclusivenews.com.br\\\/#\\\/schema\\\/logo\\\/image\\\/\",\"url\":\"https:\\\/\\\/inclusivenews.com.br\\\/wp-content\\\/uploads\\\/2024\\\/03\\\/@grandesite.png\",\"contentUrl\":\"https:\\\/\\\/inclusivenews.com.br\\\/wp-content\\\/uploads\\\/2024\\\/03\\\/@grandesite.png\",\"width\":1080,\"height\":1080,\"caption\":\"Inclusive - inclus\u00e3o e cidadania\"},\"image\":{\"@id\":\"https:\\\/\\\/inclusivenews.com.br\\\/#\\\/schema\\\/logo\\\/image\\\/\"},\"sameAs\":[\"https:\\\/\\\/www.facebook.com\\\/agenciainclusive\\\/\",\"https:\\\/\\\/www.instagram.com\\\/newsinclusive\\\/\"]},{\"@type\":\"Person\",\"@id\":\"https:\\\/\\\/inclusivenews.com.br\\\/#\\\/schema\\\/person\\\/ae4ec7087559b8692fb33b6fffd2273b\",\"name\":\"inclusivenews2024\",\"image\":{\"@type\":\"ImageObject\",\"inLanguage\":\"pt-PT\",\"@id\":\"https:\\\/\\\/secure.gravatar.com\\\/avatar\\\/c5a7ef84c66fa914f55bc4f7ce26cfa275a3b9a1c5568b907bd184fb4dde7b40?s=96&d=mm&r=g\",\"url\":\"https:\\\/\\\/secure.gravatar.com\\\/avatar\\\/c5a7ef84c66fa914f55bc4f7ce26cfa275a3b9a1c5568b907bd184fb4dde7b40?s=96&d=mm&r=g\",\"contentUrl\":\"https:\\\/\\\/secure.gravatar.com\\\/avatar\\\/c5a7ef84c66fa914f55bc4f7ce26cfa275a3b9a1c5568b907bd184fb4dde7b40?s=96&d=mm&r=g\",\"caption\":\"inclusivenews2024\"},\"sameAs\":[\"https:\\\/\\\/inclusivenews.com.br\"],\"url\":\"https:\\\/\\\/inclusivenews.com.br\\\/?author=1\"}]}<\/script>\n<!-- \/ Yoast SEO plugin. -->","yoast_head_json":{"title":"Leia o livro: &quot;Audiodescri\u00e7\u00e3o - Transformando Imagens Em Palavras&quot; -","robots":{"index":"index","follow":"follow","max-snippet":"max-snippet:-1","max-image-preview":"max-image-preview:large","max-video-preview":"max-video-preview:-1"},"canonical":"https:\/\/inclusivenews.com.br\/?p=18647","og_locale":"pt_PT","og_type":"article","og_title":"Leia o livro: &quot;Audiodescri\u00e7\u00e3o - Transformando Imagens Em Palavras&quot; -","og_description":"Est\u00e1 dispon\u00edvel para download (e leitura!), no Blog da Audiodescri\u00e7\u00e3o, o livro \"Audiodescri\u00e7\u00e3o - Transformando Imagens Em Palavras\".","og_url":"https:\/\/inclusivenews.com.br\/?p=18647","article_publisher":"https:\/\/www.facebook.com\/agenciainclusive\/","article_published_time":"2011-03-03T12:18:46+00:00","og_image":[{"url":"http:\/\/3.bp.blogspot.com\/-qCjCDOzRm8c\/TWKk1V_9x2I\/AAAAAAAAADk\/lHOf3xkp9K4\/s320\/capa-livro.jpg","type":"","width":"","height":""}],"author":"inclusivenews2024","twitter_card":"summary_large_image","twitter_misc":{"Escrito por":"inclusivenews2024","Tempo estimado de leitura":"1 minuto"},"schema":{"@context":"https:\/\/schema.org","@graph":[{"@type":"Article","@id":"https:\/\/inclusivenews.com.br\/?p=18647#article","isPartOf":{"@id":"https:\/\/inclusivenews.com.br\/?p=18647"},"author":{"name":"inclusivenews2024","@id":"https:\/\/inclusivenews.com.br\/#\/schema\/person\/ae4ec7087559b8692fb33b6fffd2273b"},"headline":"Leia o livro: &quot;Audiodescri\u00e7\u00e3o &#8211; Transformando Imagens Em Palavras&quot;","datePublished":"2011-03-03T12:18:46+00:00","mainEntityOfPage":{"@id":"https:\/\/inclusivenews.com.br\/?p=18647"},"wordCount":236,"commentCount":5,"publisher":{"@id":"https:\/\/inclusivenews.com.br\/#organization"},"image":{"@id":"https:\/\/inclusivenews.com.br\/?p=18647#primaryimage"},"thumbnailUrl":"http:\/\/3.bp.blogspot.com\/-qCjCDOzRm8c\/TWKk1V_9x2I\/AAAAAAAAADk\/lHOf3xkp9K4\/s320\/capa-livro.jpg","keywords":["Audiodescri\u00e7\u00e3o"],"articleSection":["ACESSIBILIDADE","Downloadables","INCLUS\u00c3O SOCIAL","Livros","NOT\u00cdCIAS","PUBLICA\u00c7\u00d5ES"],"inLanguage":"pt-PT","potentialAction":[{"@type":"CommentAction","name":"Comment","target":["https:\/\/inclusivenews.com.br\/?p=18647#respond"]}]},{"@type":"WebPage","@id":"https:\/\/inclusivenews.com.br\/?p=18647","url":"https:\/\/inclusivenews.com.br\/?p=18647","name":"Leia o livro: &quot;Audiodescri\u00e7\u00e3o - Transformando Imagens Em Palavras&quot; -","isPartOf":{"@id":"https:\/\/inclusivenews.com.br\/#website"},"primaryImageOfPage":{"@id":"https:\/\/inclusivenews.com.br\/?p=18647#primaryimage"},"image":{"@id":"https:\/\/inclusivenews.com.br\/?p=18647#primaryimage"},"thumbnailUrl":"http:\/\/3.bp.blogspot.com\/-qCjCDOzRm8c\/TWKk1V_9x2I\/AAAAAAAAADk\/lHOf3xkp9K4\/s320\/capa-livro.jpg","datePublished":"2011-03-03T12:18:46+00:00","breadcrumb":{"@id":"https:\/\/inclusivenews.com.br\/?p=18647#breadcrumb"},"inLanguage":"pt-PT","potentialAction":[{"@type":"ReadAction","target":["https:\/\/inclusivenews.com.br\/?p=18647"]}]},{"@type":"ImageObject","inLanguage":"pt-PT","@id":"https:\/\/inclusivenews.com.br\/?p=18647#primaryimage","url":"http:\/\/3.bp.blogspot.com\/-qCjCDOzRm8c\/TWKk1V_9x2I\/AAAAAAAAADk\/lHOf3xkp9K4\/s320\/capa-livro.jpg","contentUrl":"http:\/\/3.bp.blogspot.com\/-qCjCDOzRm8c\/TWKk1V_9x2I\/AAAAAAAAADk\/lHOf3xkp9K4\/s320\/capa-livro.jpg"},{"@type":"BreadcrumbList","@id":"https:\/\/inclusivenews.com.br\/?p=18647#breadcrumb","itemListElement":[{"@type":"ListItem","position":1,"name":"In\u00edcio","item":"https:\/\/inclusivenews.com.br\/"},{"@type":"ListItem","position":2,"name":"Leia o livro: &quot;Audiodescri\u00e7\u00e3o &#8211; Transformando Imagens Em Palavras&quot;"}]},{"@type":"WebSite","@id":"https:\/\/inclusivenews.com.br\/#website","url":"https:\/\/inclusivenews.com.br\/","name":"Inclusive News","description":"Inclusive News","publisher":{"@id":"https:\/\/inclusivenews.com.br\/#organization"},"potentialAction":[{"@type":"SearchAction","target":{"@type":"EntryPoint","urlTemplate":"https:\/\/inclusivenews.com.br\/?s={search_term_string}"},"query-input":{"@type":"PropertyValueSpecification","valueRequired":true,"valueName":"search_term_string"}}],"inLanguage":"pt-PT"},{"@type":"Organization","@id":"https:\/\/inclusivenews.com.br\/#organization","name":"Inclusive - inclus\u00e3o e cidadania","url":"https:\/\/inclusivenews.com.br\/","logo":{"@type":"ImageObject","inLanguage":"pt-PT","@id":"https:\/\/inclusivenews.com.br\/#\/schema\/logo\/image\/","url":"https:\/\/inclusivenews.com.br\/wp-content\/uploads\/2024\/03\/@grandesite.png","contentUrl":"https:\/\/inclusivenews.com.br\/wp-content\/uploads\/2024\/03\/@grandesite.png","width":1080,"height":1080,"caption":"Inclusive - inclus\u00e3o e cidadania"},"image":{"@id":"https:\/\/inclusivenews.com.br\/#\/schema\/logo\/image\/"},"sameAs":["https:\/\/www.facebook.com\/agenciainclusive\/","https:\/\/www.instagram.com\/newsinclusive\/"]},{"@type":"Person","@id":"https:\/\/inclusivenews.com.br\/#\/schema\/person\/ae4ec7087559b8692fb33b6fffd2273b","name":"inclusivenews2024","image":{"@type":"ImageObject","inLanguage":"pt-PT","@id":"https:\/\/secure.gravatar.com\/avatar\/c5a7ef84c66fa914f55bc4f7ce26cfa275a3b9a1c5568b907bd184fb4dde7b40?s=96&d=mm&r=g","url":"https:\/\/secure.gravatar.com\/avatar\/c5a7ef84c66fa914f55bc4f7ce26cfa275a3b9a1c5568b907bd184fb4dde7b40?s=96&d=mm&r=g","contentUrl":"https:\/\/secure.gravatar.com\/avatar\/c5a7ef84c66fa914f55bc4f7ce26cfa275a3b9a1c5568b907bd184fb4dde7b40?s=96&d=mm&r=g","caption":"inclusivenews2024"},"sameAs":["https:\/\/inclusivenews.com.br"],"url":"https:\/\/inclusivenews.com.br\/?author=1"}]}},"_links":{"self":[{"href":"https:\/\/inclusivenews.com.br\/index.php?rest_route=\/wp\/v2\/posts\/18647","targetHints":{"allow":["GET"]}}],"collection":[{"href":"https:\/\/inclusivenews.com.br\/index.php?rest_route=\/wp\/v2\/posts"}],"about":[{"href":"https:\/\/inclusivenews.com.br\/index.php?rest_route=\/wp\/v2\/types\/post"}],"author":[{"embeddable":true,"href":"https:\/\/inclusivenews.com.br\/index.php?rest_route=\/wp\/v2\/users\/1"}],"replies":[{"embeddable":true,"href":"https:\/\/inclusivenews.com.br\/index.php?rest_route=%2Fwp%2Fv2%2Fcomments&post=18647"}],"version-history":[{"count":0,"href":"https:\/\/inclusivenews.com.br\/index.php?rest_route=\/wp\/v2\/posts\/18647\/revisions"}],"wp:attachment":[{"href":"https:\/\/inclusivenews.com.br\/index.php?rest_route=%2Fwp%2Fv2%2Fmedia&parent=18647"}],"wp:term":[{"taxonomy":"category","embeddable":true,"href":"https:\/\/inclusivenews.com.br\/index.php?rest_route=%2Fwp%2Fv2%2Fcategories&post=18647"},{"taxonomy":"post_tag","embeddable":true,"href":"https:\/\/inclusivenews.com.br\/index.php?rest_route=%2Fwp%2Fv2%2Ftags&post=18647"}],"curies":[{"name":"wp","href":"https:\/\/api.w.org\/{rel}","templated":true}]}}