{"id":18649,"date":"2011-03-03T09:13:57","date_gmt":"2011-03-03T12:13:57","guid":{"rendered":"http:\/\/www.inclusive.org.br\/?p=18649"},"modified":"2011-03-03T09:13:57","modified_gmt":"2011-03-03T12:13:57","slug":"advogado-alerta-que-midia-nao-deve-ser-paternalista-ao-falar-sobre-deficiencia","status":"publish","type":"post","link":"https:\/\/inclusivenews.com.br\/?p=18649","title":{"rendered":"Advogado alerta que m\u00eddia n\u00e3o deve ser paternalista ao falar sobre defici\u00eancia"},"content":{"rendered":"<figure style=\"width: 200px\" class=\"wp-caption alignleft\"><img loading=\"lazy\" decoding=\"async\" title=\"Cid Torquato - Foto: Divulga\u00e7\u00e3o\/Portal Imprensa\" src=\"http:\/\/portalimprensa.uol.com.br\/imagens_site\/ultimas\/20110302_cid.jpg\" alt=\"Cid Torquato - Foto: Divulga\u00e7\u00e3o\/Portal Imprensa\" width=\"200\" height=\"200\" \/><figcaption class=\"wp-caption-text\">Cid Torquato - Foto: Divulga\u00e7\u00e3o\/Portal Imprensa<\/figcaption><\/figure>\n<p><strong>Por Luiz Gustavo Pacete<\/strong>\/Reda\u00e7\u00e3o Revista IMPRENSA<\/p>\n<p>Desde os 15 anos, Cid Torquato est\u00e1 presente no mundo do jornalismo. Come\u00e7ou escrevendo para um jornal de Mogi das Cruzes (SP), no qual falava sobre juventude. Atuou como colunista de r\u00e1dio nas \u00e1reas de tecnologia e comunica\u00e7\u00e3o. Em setembro de 2007, Torquato ficou tetrapl\u00e9gico ap\u00f3s lesar a v\u00e9rtebra durante um mergulho. A partir de ent\u00e3o, inaugurou a coluna &#8220;Cidade Inclusiva&#8221;, na CBN, aliando tecnologia e acessibilidade.<\/p>\n<p>Em 2008, passou a fazer parte da Secret\u00e1ria dos Direitos da Pessoa com Defici\u00eancia de S\u00e3o Paulo, criada em mar\u00e7o do mesmo ano. Atualmente, o advogado alia sua experi\u00eancia pessoal \u00e0 possibilidade de se utilizar da m\u00eddia para conscientizar e discutir solu\u00e7\u00f5es para a acessibilidade. Ele faz uma an\u00e1lise otimista da cobertura dos meios sobre o assunto. &#8220;De um modo geral vejo a imprensa muito dispon\u00edvel para falar de coisas relevantes sobre acessibilidade, em geral os ve\u00edculos tratam de quest\u00f5es nobres&#8221;.<\/p>\n<p>Torquato considera a cobertura positiva, mas justamente por esse motivo, o tema \u00e9 menos incorporado ao hard news do que deveria. &#8220;Eu considero que muitas vezes saem mat\u00e9rias interessantes, discuss\u00f5es sobre limita\u00e7\u00f5es, impedimento a direitos e abusos, mas as pautas quase sempre s\u00e3o frias e sem continuidade. O que muitas vezes n\u00e3o incorpora a naturalidade do tema no cotidiano das pessoas&#8221;, diz ele.<\/p>\n<p>Maior espa\u00e7o<\/p>\n<p>O colunista lembra que tem visto pessoas nos grandes meios atuando com compet\u00eancia nas quest\u00f5es de acessibilidade. Dos mais not\u00e1veis ele cita Jairo Marques, colunista da Folha de S. Paulo, e Flavia Cintra, rep\u00f3rter do &#8220;Fant\u00e1stico&#8221;. &#8220;Vejo neles exemplos da grande m\u00eddia dando espa\u00e7o para o assunto. Acho que somente dessa forma vamos conseguir que a sociedade encare a pessoa com defici\u00eancia como qualquer outra, sem compaix\u00e3o ou espanto&#8221;, aponta.<\/p>\n<p>Para Torquato, popularizar o termo de forma correta \u00e9 lutar em prol da acessibilidade. O n\u00famero de pessoas com defici\u00eancia no Brasil justifica o empreendimento: de acordo com o IBGE, s\u00e3o 24,6 milh\u00f5es de pessoas com defici\u00eancia, 14,5% da popula\u00e7\u00e3o. Sendo 16,7% defici\u00eancia auditiva, 48% visual, 22,9% motora, 4,1% f\u00edsica e 8,3% intelectual. Ele lembra que a internet contribuiu para dar mais espa\u00e7o ao assunto. &#8220;Eu considero que al\u00e9m da grande m\u00eddia, existe muita informa\u00e7\u00e3o dispon\u00edvel na internet, blogs de qualidade e muita informa\u00e7\u00e3o&#8221;.<\/p>\n<p>(&#8230;)<\/p>\n<p><a href=\"http:\/\/portalimprensa.uol.com.br\/portal\/ultimas_noticias\/2011\/03\/02\/imprensa40956.shtml\">Leia a \u00edntegra da reportagem no Portal Imprensa.<\/a><\/p>\n","protected":false},"excerpt":{"rendered":"<p>Torquato considera a cobertura positiva, mas justamente por esse motivo, o tema \u00e9 menos incorporado ao hard news do que deveria. &#8220;Eu considero que muitas vezes saem mat\u00e9rias interessantes, discuss\u00f5es sobre limita\u00e7\u00f5es, impedimento a direitos e abusos, mas as pautas quase sempre s\u00e3o frias e sem continuidade. O que muitas vezes n\u00e3o incorpora a naturalidade do tema no cotidiano das pessoas&#8221;, diz ele.<\/p>\n","protected":false},"author":1,"featured_media":0,"comment_status":"open","ping_status":"open","sticky":false,"template":"","format":"standard","meta":{"site-container-style":"default","site-container-layout":"default","site-sidebar-layout":"default","disable-article-header":"default","disable-site-header":"default","disable-site-footer":"default","disable-content-area-spacing":"default","footnotes":""},"categories":[76,4],"tags":[],"class_list":["post-18649","post","type-post","status-publish","format-standard","hentry","category-midia-e-deficiencia","category-noticias"],"yoast_head":"<!-- This site is optimized with the Yoast SEO plugin v27.4 - https:\/\/yoast.com\/product\/yoast-seo-wordpress\/ -->\n<title>Advogado alerta que m\u00eddia n\u00e3o deve ser paternalista ao falar sobre defici\u00eancia -<\/title>\n<meta name=\"robots\" content=\"index, follow, max-snippet:-1, max-image-preview:large, max-video-preview:-1\" \/>\n<link rel=\"canonical\" href=\"https:\/\/inclusivenews.com.br\/?p=18649\" \/>\n<meta property=\"og:locale\" content=\"pt_PT\" \/>\n<meta property=\"og:type\" content=\"article\" \/>\n<meta property=\"og:title\" content=\"Advogado alerta que m\u00eddia n\u00e3o deve ser paternalista ao falar sobre defici\u00eancia -\" \/>\n<meta property=\"og:description\" content=\"Torquato considera a cobertura positiva, mas justamente por esse motivo, o tema \u00e9 menos incorporado ao hard news do que deveria. &quot;Eu considero que muitas vezes saem mat\u00e9rias interessantes, discuss\u00f5es sobre limita\u00e7\u00f5es, impedimento a direitos e abusos, mas as pautas quase sempre s\u00e3o frias e sem continuidade. O que muitas vezes n\u00e3o incorpora a naturalidade do tema no cotidiano das pessoas&quot;, diz ele.\" \/>\n<meta property=\"og:url\" content=\"https:\/\/inclusivenews.com.br\/?p=18649\" \/>\n<meta property=\"article:publisher\" content=\"https:\/\/www.facebook.com\/agenciainclusive\/\" \/>\n<meta property=\"article:published_time\" content=\"2011-03-03T12:13:57+00:00\" \/>\n<meta property=\"og:image\" content=\"http:\/\/portalimprensa.uol.com.br\/imagens_site\/ultimas\/20110302_cid.jpg\" \/>\n<meta name=\"author\" content=\"inclusivenews2024\" \/>\n<meta name=\"twitter:card\" content=\"summary_large_image\" \/>\n<meta name=\"twitter:label1\" content=\"Escrito por\" \/>\n\t<meta name=\"twitter:data1\" content=\"inclusivenews2024\" \/>\n\t<meta name=\"twitter:label2\" content=\"Tempo estimado de leitura\" \/>\n\t<meta name=\"twitter:data2\" content=\"2 minutos\" \/>\n<script type=\"application\/ld+json\" class=\"yoast-schema-graph\">{\"@context\":\"https:\\\/\\\/schema.org\",\"@graph\":[{\"@type\":\"Article\",\"@id\":\"https:\\\/\\\/inclusivenews.com.br\\\/?p=18649#article\",\"isPartOf\":{\"@id\":\"https:\\\/\\\/inclusivenews.com.br\\\/?p=18649\"},\"author\":{\"name\":\"inclusivenews2024\",\"@id\":\"https:\\\/\\\/inclusivenews.com.br\\\/#\\\/schema\\\/person\\\/ae4ec7087559b8692fb33b6fffd2273b\"},\"headline\":\"Advogado alerta que m\u00eddia n\u00e3o deve ser paternalista ao falar sobre defici\u00eancia\",\"datePublished\":\"2011-03-03T12:13:57+00:00\",\"mainEntityOfPage\":{\"@id\":\"https:\\\/\\\/inclusivenews.com.br\\\/?p=18649\"},\"wordCount\":447,\"commentCount\":0,\"publisher\":{\"@id\":\"https:\\\/\\\/inclusivenews.com.br\\\/#organization\"},\"image\":{\"@id\":\"https:\\\/\\\/inclusivenews.com.br\\\/?p=18649#primaryimage\"},\"thumbnailUrl\":\"http:\\\/\\\/portalimprensa.uol.com.br\\\/imagens_site\\\/ultimas\\\/20110302_cid.jpg\",\"articleSection\":[\"M\u00eddia e Defici\u00eancia\",\"NOT\u00cdCIAS\"],\"inLanguage\":\"pt-PT\",\"potentialAction\":[{\"@type\":\"CommentAction\",\"name\":\"Comment\",\"target\":[\"https:\\\/\\\/inclusivenews.com.br\\\/?p=18649#respond\"]}]},{\"@type\":\"WebPage\",\"@id\":\"https:\\\/\\\/inclusivenews.com.br\\\/?p=18649\",\"url\":\"https:\\\/\\\/inclusivenews.com.br\\\/?p=18649\",\"name\":\"Advogado alerta que m\u00eddia n\u00e3o deve ser paternalista ao falar sobre defici\u00eancia -\",\"isPartOf\":{\"@id\":\"https:\\\/\\\/inclusivenews.com.br\\\/#website\"},\"primaryImageOfPage\":{\"@id\":\"https:\\\/\\\/inclusivenews.com.br\\\/?p=18649#primaryimage\"},\"image\":{\"@id\":\"https:\\\/\\\/inclusivenews.com.br\\\/?p=18649#primaryimage\"},\"thumbnailUrl\":\"http:\\\/\\\/portalimprensa.uol.com.br\\\/imagens_site\\\/ultimas\\\/20110302_cid.jpg\",\"datePublished\":\"2011-03-03T12:13:57+00:00\",\"breadcrumb\":{\"@id\":\"https:\\\/\\\/inclusivenews.com.br\\\/?p=18649#breadcrumb\"},\"inLanguage\":\"pt-PT\",\"potentialAction\":[{\"@type\":\"ReadAction\",\"target\":[\"https:\\\/\\\/inclusivenews.com.br\\\/?p=18649\"]}]},{\"@type\":\"ImageObject\",\"inLanguage\":\"pt-PT\",\"@id\":\"https:\\\/\\\/inclusivenews.com.br\\\/?p=18649#primaryimage\",\"url\":\"http:\\\/\\\/portalimprensa.uol.com.br\\\/imagens_site\\\/ultimas\\\/20110302_cid.jpg\",\"contentUrl\":\"http:\\\/\\\/portalimprensa.uol.com.br\\\/imagens_site\\\/ultimas\\\/20110302_cid.jpg\"},{\"@type\":\"BreadcrumbList\",\"@id\":\"https:\\\/\\\/inclusivenews.com.br\\\/?p=18649#breadcrumb\",\"itemListElement\":[{\"@type\":\"ListItem\",\"position\":1,\"name\":\"In\u00edcio\",\"item\":\"https:\\\/\\\/inclusivenews.com.br\\\/\"},{\"@type\":\"ListItem\",\"position\":2,\"name\":\"Advogado alerta que m\u00eddia n\u00e3o deve ser paternalista ao falar sobre defici\u00eancia\"}]},{\"@type\":\"WebSite\",\"@id\":\"https:\\\/\\\/inclusivenews.com.br\\\/#website\",\"url\":\"https:\\\/\\\/inclusivenews.com.br\\\/\",\"name\":\"Inclusive News\",\"description\":\"Inclusive News\",\"publisher\":{\"@id\":\"https:\\\/\\\/inclusivenews.com.br\\\/#organization\"},\"potentialAction\":[{\"@type\":\"SearchAction\",\"target\":{\"@type\":\"EntryPoint\",\"urlTemplate\":\"https:\\\/\\\/inclusivenews.com.br\\\/?s={search_term_string}\"},\"query-input\":{\"@type\":\"PropertyValueSpecification\",\"valueRequired\":true,\"valueName\":\"search_term_string\"}}],\"inLanguage\":\"pt-PT\"},{\"@type\":\"Organization\",\"@id\":\"https:\\\/\\\/inclusivenews.com.br\\\/#organization\",\"name\":\"Inclusive - inclus\u00e3o e cidadania\",\"url\":\"https:\\\/\\\/inclusivenews.com.br\\\/\",\"logo\":{\"@type\":\"ImageObject\",\"inLanguage\":\"pt-PT\",\"@id\":\"https:\\\/\\\/inclusivenews.com.br\\\/#\\\/schema\\\/logo\\\/image\\\/\",\"url\":\"https:\\\/\\\/inclusivenews.com.br\\\/wp-content\\\/uploads\\\/2024\\\/03\\\/@grandesite.png\",\"contentUrl\":\"https:\\\/\\\/inclusivenews.com.br\\\/wp-content\\\/uploads\\\/2024\\\/03\\\/@grandesite.png\",\"width\":1080,\"height\":1080,\"caption\":\"Inclusive - inclus\u00e3o e cidadania\"},\"image\":{\"@id\":\"https:\\\/\\\/inclusivenews.com.br\\\/#\\\/schema\\\/logo\\\/image\\\/\"},\"sameAs\":[\"https:\\\/\\\/www.facebook.com\\\/agenciainclusive\\\/\",\"https:\\\/\\\/www.instagram.com\\\/newsinclusive\\\/\"]},{\"@type\":\"Person\",\"@id\":\"https:\\\/\\\/inclusivenews.com.br\\\/#\\\/schema\\\/person\\\/ae4ec7087559b8692fb33b6fffd2273b\",\"name\":\"inclusivenews2024\",\"image\":{\"@type\":\"ImageObject\",\"inLanguage\":\"pt-PT\",\"@id\":\"https:\\\/\\\/secure.gravatar.com\\\/avatar\\\/c5a7ef84c66fa914f55bc4f7ce26cfa275a3b9a1c5568b907bd184fb4dde7b40?s=96&d=mm&r=g\",\"url\":\"https:\\\/\\\/secure.gravatar.com\\\/avatar\\\/c5a7ef84c66fa914f55bc4f7ce26cfa275a3b9a1c5568b907bd184fb4dde7b40?s=96&d=mm&r=g\",\"contentUrl\":\"https:\\\/\\\/secure.gravatar.com\\\/avatar\\\/c5a7ef84c66fa914f55bc4f7ce26cfa275a3b9a1c5568b907bd184fb4dde7b40?s=96&d=mm&r=g\",\"caption\":\"inclusivenews2024\"},\"sameAs\":[\"https:\\\/\\\/inclusivenews.com.br\"],\"url\":\"https:\\\/\\\/inclusivenews.com.br\\\/?author=1\"}]}<\/script>\n<!-- \/ Yoast SEO plugin. -->","yoast_head_json":{"title":"Advogado alerta que m\u00eddia n\u00e3o deve ser paternalista ao falar sobre defici\u00eancia -","robots":{"index":"index","follow":"follow","max-snippet":"max-snippet:-1","max-image-preview":"max-image-preview:large","max-video-preview":"max-video-preview:-1"},"canonical":"https:\/\/inclusivenews.com.br\/?p=18649","og_locale":"pt_PT","og_type":"article","og_title":"Advogado alerta que m\u00eddia n\u00e3o deve ser paternalista ao falar sobre defici\u00eancia -","og_description":"Torquato considera a cobertura positiva, mas justamente por esse motivo, o tema \u00e9 menos incorporado ao hard news do que deveria. \"Eu considero que muitas vezes saem mat\u00e9rias interessantes, discuss\u00f5es sobre limita\u00e7\u00f5es, impedimento a direitos e abusos, mas as pautas quase sempre s\u00e3o frias e sem continuidade. O que muitas vezes n\u00e3o incorpora a naturalidade do tema no cotidiano das pessoas\", diz ele.","og_url":"https:\/\/inclusivenews.com.br\/?p=18649","article_publisher":"https:\/\/www.facebook.com\/agenciainclusive\/","article_published_time":"2011-03-03T12:13:57+00:00","og_image":[{"url":"http:\/\/portalimprensa.uol.com.br\/imagens_site\/ultimas\/20110302_cid.jpg","type":"","width":"","height":""}],"author":"inclusivenews2024","twitter_card":"summary_large_image","twitter_misc":{"Escrito por":"inclusivenews2024","Tempo estimado de leitura":"2 minutos"},"schema":{"@context":"https:\/\/schema.org","@graph":[{"@type":"Article","@id":"https:\/\/inclusivenews.com.br\/?p=18649#article","isPartOf":{"@id":"https:\/\/inclusivenews.com.br\/?p=18649"},"author":{"name":"inclusivenews2024","@id":"https:\/\/inclusivenews.com.br\/#\/schema\/person\/ae4ec7087559b8692fb33b6fffd2273b"},"headline":"Advogado alerta que m\u00eddia n\u00e3o deve ser paternalista ao falar sobre defici\u00eancia","datePublished":"2011-03-03T12:13:57+00:00","mainEntityOfPage":{"@id":"https:\/\/inclusivenews.com.br\/?p=18649"},"wordCount":447,"commentCount":0,"publisher":{"@id":"https:\/\/inclusivenews.com.br\/#organization"},"image":{"@id":"https:\/\/inclusivenews.com.br\/?p=18649#primaryimage"},"thumbnailUrl":"http:\/\/portalimprensa.uol.com.br\/imagens_site\/ultimas\/20110302_cid.jpg","articleSection":["M\u00eddia e Defici\u00eancia","NOT\u00cdCIAS"],"inLanguage":"pt-PT","potentialAction":[{"@type":"CommentAction","name":"Comment","target":["https:\/\/inclusivenews.com.br\/?p=18649#respond"]}]},{"@type":"WebPage","@id":"https:\/\/inclusivenews.com.br\/?p=18649","url":"https:\/\/inclusivenews.com.br\/?p=18649","name":"Advogado alerta que m\u00eddia n\u00e3o deve ser paternalista ao falar sobre defici\u00eancia -","isPartOf":{"@id":"https:\/\/inclusivenews.com.br\/#website"},"primaryImageOfPage":{"@id":"https:\/\/inclusivenews.com.br\/?p=18649#primaryimage"},"image":{"@id":"https:\/\/inclusivenews.com.br\/?p=18649#primaryimage"},"thumbnailUrl":"http:\/\/portalimprensa.uol.com.br\/imagens_site\/ultimas\/20110302_cid.jpg","datePublished":"2011-03-03T12:13:57+00:00","breadcrumb":{"@id":"https:\/\/inclusivenews.com.br\/?p=18649#breadcrumb"},"inLanguage":"pt-PT","potentialAction":[{"@type":"ReadAction","target":["https:\/\/inclusivenews.com.br\/?p=18649"]}]},{"@type":"ImageObject","inLanguage":"pt-PT","@id":"https:\/\/inclusivenews.com.br\/?p=18649#primaryimage","url":"http:\/\/portalimprensa.uol.com.br\/imagens_site\/ultimas\/20110302_cid.jpg","contentUrl":"http:\/\/portalimprensa.uol.com.br\/imagens_site\/ultimas\/20110302_cid.jpg"},{"@type":"BreadcrumbList","@id":"https:\/\/inclusivenews.com.br\/?p=18649#breadcrumb","itemListElement":[{"@type":"ListItem","position":1,"name":"In\u00edcio","item":"https:\/\/inclusivenews.com.br\/"},{"@type":"ListItem","position":2,"name":"Advogado alerta que m\u00eddia n\u00e3o deve ser paternalista ao falar sobre defici\u00eancia"}]},{"@type":"WebSite","@id":"https:\/\/inclusivenews.com.br\/#website","url":"https:\/\/inclusivenews.com.br\/","name":"Inclusive News","description":"Inclusive News","publisher":{"@id":"https:\/\/inclusivenews.com.br\/#organization"},"potentialAction":[{"@type":"SearchAction","target":{"@type":"EntryPoint","urlTemplate":"https:\/\/inclusivenews.com.br\/?s={search_term_string}"},"query-input":{"@type":"PropertyValueSpecification","valueRequired":true,"valueName":"search_term_string"}}],"inLanguage":"pt-PT"},{"@type":"Organization","@id":"https:\/\/inclusivenews.com.br\/#organization","name":"Inclusive - inclus\u00e3o e cidadania","url":"https:\/\/inclusivenews.com.br\/","logo":{"@type":"ImageObject","inLanguage":"pt-PT","@id":"https:\/\/inclusivenews.com.br\/#\/schema\/logo\/image\/","url":"https:\/\/inclusivenews.com.br\/wp-content\/uploads\/2024\/03\/@grandesite.png","contentUrl":"https:\/\/inclusivenews.com.br\/wp-content\/uploads\/2024\/03\/@grandesite.png","width":1080,"height":1080,"caption":"Inclusive - inclus\u00e3o e cidadania"},"image":{"@id":"https:\/\/inclusivenews.com.br\/#\/schema\/logo\/image\/"},"sameAs":["https:\/\/www.facebook.com\/agenciainclusive\/","https:\/\/www.instagram.com\/newsinclusive\/"]},{"@type":"Person","@id":"https:\/\/inclusivenews.com.br\/#\/schema\/person\/ae4ec7087559b8692fb33b6fffd2273b","name":"inclusivenews2024","image":{"@type":"ImageObject","inLanguage":"pt-PT","@id":"https:\/\/secure.gravatar.com\/avatar\/c5a7ef84c66fa914f55bc4f7ce26cfa275a3b9a1c5568b907bd184fb4dde7b40?s=96&d=mm&r=g","url":"https:\/\/secure.gravatar.com\/avatar\/c5a7ef84c66fa914f55bc4f7ce26cfa275a3b9a1c5568b907bd184fb4dde7b40?s=96&d=mm&r=g","contentUrl":"https:\/\/secure.gravatar.com\/avatar\/c5a7ef84c66fa914f55bc4f7ce26cfa275a3b9a1c5568b907bd184fb4dde7b40?s=96&d=mm&r=g","caption":"inclusivenews2024"},"sameAs":["https:\/\/inclusivenews.com.br"],"url":"https:\/\/inclusivenews.com.br\/?author=1"}]}},"_links":{"self":[{"href":"https:\/\/inclusivenews.com.br\/index.php?rest_route=\/wp\/v2\/posts\/18649","targetHints":{"allow":["GET"]}}],"collection":[{"href":"https:\/\/inclusivenews.com.br\/index.php?rest_route=\/wp\/v2\/posts"}],"about":[{"href":"https:\/\/inclusivenews.com.br\/index.php?rest_route=\/wp\/v2\/types\/post"}],"author":[{"embeddable":true,"href":"https:\/\/inclusivenews.com.br\/index.php?rest_route=\/wp\/v2\/users\/1"}],"replies":[{"embeddable":true,"href":"https:\/\/inclusivenews.com.br\/index.php?rest_route=%2Fwp%2Fv2%2Fcomments&post=18649"}],"version-history":[{"count":0,"href":"https:\/\/inclusivenews.com.br\/index.php?rest_route=\/wp\/v2\/posts\/18649\/revisions"}],"wp:attachment":[{"href":"https:\/\/inclusivenews.com.br\/index.php?rest_route=%2Fwp%2Fv2%2Fmedia&parent=18649"}],"wp:term":[{"taxonomy":"category","embeddable":true,"href":"https:\/\/inclusivenews.com.br\/index.php?rest_route=%2Fwp%2Fv2%2Fcategories&post=18649"},{"taxonomy":"post_tag","embeddable":true,"href":"https:\/\/inclusivenews.com.br\/index.php?rest_route=%2Fwp%2Fv2%2Ftags&post=18649"}],"curies":[{"name":"wp","href":"https:\/\/api.w.org\/{rel}","templated":true}]}}