{"id":18662,"date":"2011-03-10T06:56:19","date_gmt":"2011-03-10T09:56:19","guid":{"rendered":"http:\/\/www.inclusive.org.br\/?p=18662"},"modified":"2011-03-10T06:56:19","modified_gmt":"2011-03-10T09:56:19","slug":"antonio-carlos-gomes-da-costa-brasil-perde-um-dos-principais-defensores-dos-direitos-infantojuvenis","status":"publish","type":"post","link":"https:\/\/inclusivenews.com.br\/?p=18662","title":{"rendered":"Antonio Carlos Gomes da Costa: Brasil perde um dos principais defensores dos direitos infantojuvenis"},"content":{"rendered":"<figure style=\"width: 180px\" class=\"wp-caption alignleft\"><img loading=\"lazy\" decoding=\"async\" title=\"Na foto, Antonio Carlos Gomes da Costa\" src=\"http:\/\/www.promenino.org.br\/Portals\/0\/docs\/ficheros\/200702130007_15_0.jpg\" alt=\"Na foto, Antonio Carlos Gomes da Costa\" width=\"180\" height=\"180\" \/><figcaption class=\"wp-caption-text\"> <\/figcaption><\/figure>\n<p>\u00c9 com enorme pesar que a Funda\u00e7\u00e3o Telef\u00f4nica e o CEATS comunicam o falecimento do Prof. Antonio Carlos Gomes da Costa, um dos principais colaboradores e defensores do Estatuto da Crian\u00e7a e do Adolescente. Segundo ele mesmo, sua maior realiza\u00e7\u00e3o, como cidad\u00e3o e educador, foi participar do grupo que redigiu o ECA e que tamb\u00e9m atuou junto ao Congresso Nacional para sua aprova\u00e7\u00e3o e, logo depois, san\u00e7\u00e3o presidencial.<\/p>\n<p>Autor de diversos livros e textos, no Brasil e no exterior, sobre promo\u00e7\u00e3o, atendimento e defesa dos direitos de crian\u00e7as e adolescentes, o professor foi uma das inspira\u00e7\u00f5es para o Portal Pr\u00f3-Menino, do qual participou ativamente na concep\u00e7\u00e3o e constru\u00e7\u00e3o. Continuou colaborando sempre com o Portal, por meio de artigos e consultorias, sendo um dos idealizadores da Cidade dos Direitos e do Concurso Causos do ECA.<\/p>\n<p>Al\u00e9m de contribuir para o desenvolvimento do Portal Pr\u00f3-Menino, foi essencial no desenho e constru\u00e7\u00e3o de diversos outros programas e projetos da Funda\u00e7\u00e3o Telef\u00f4nica, assim como na forma\u00e7\u00e3o e desenvolvimento da equipe da Funda\u00e7\u00e3o.<\/p>\n<p>No m\u00eas passado escreveu o que viria a ser seu \u00faltimo artigo para o Portal, falando sobre os desafios do ECA at\u00e9 2020. E neste artigo ele nos deixa sua mensagem de luta ao escrever \u201cmeu primeiro artigo de 2011, pode ser resumido numa palavra de ordem de s\u00f3lida objetividade: ATACAR! ATACAR! ATACAR! Se n\u00e3o fizermos isso, em vez de construir o futuro, passaremos a terceira d\u00e9cada do ECA e, talvez o resto do s\u00e9culo, nos defendendo de um fantasma que nada tem de camarada\u201d. E finaliza seu artigo com seu contagiante otimismo destacando que temos pela frente uma d\u00e9cada de \u201ctantas esperan\u00e7as para n\u00f3s, brasileiros\u201d.<\/p>\n<p>Seu falecimento representa uma grande perda para o movimento de defesa dos direitos da crian\u00e7a e do adolescente. Mas, sem d\u00favida, os ideais que ele defendeu continuar\u00e3o sendo na pr\u00f3xima e nas d\u00e9cadas que est\u00e3o por vir um referencial para todos. Promover o ECA e torn\u00e1-lo uma realidade em todos os cantos do pa\u00eds \u00e9 a maior homenagem que podemos fazer a este educador que dedicou sua vida a nossas crian\u00e7as e adolescentes.<\/p>\n<p>Equipes Funda\u00e7\u00e3o Telef\u00f4nica e CEATS<\/p>\n<p>Leia abaixo o \u00faltimo artigo preparado\u00a0pelo Prof. Antonio Carlos Gomes da Costa.<\/p>\n<p><strong>ECA 2011 &#8211; 2020<\/strong><\/p>\n<p><strong>Por Antonio Carlos Gomes da Costa<\/strong><\/p>\n<p>Aprovado em 13 de julho de 1990, no ano passado o ECA completou 20 anos. Em torno dessa data, muito se debateu, se discutiu, se polemizou, abordando aspectos s\u00e9rios, substantivos e tamb\u00e9m os estandartes e as picuinhas de sempre, usados como bandeirolas pelos detratores do Novo Direito, acenando-os em todas as ocasi\u00f5es que lhes pare\u00e7am prop\u00edcias.<\/p>\n<p>Estamos agora adentrando o terceiro dec\u00eanio dessa conquista em favor da popula\u00e7\u00e3o infantojuvenil, que refletiu no Brasil, na Am\u00e9rica Latina e em outras partes do mundo. Penso que chegou a hora de mudarmos de maneira radical e profunda o modo de ver, entender e agir dos verdadeiros promotores e defensores do desenvolvimento pessoal, social e produtivo das novas gera\u00e7\u00f5es: crian\u00e7as, adolescentes e jovens.<\/p>\n<p>Muitos de n\u00f3s h\u00e3o de estar se perguntando: \u201cconcordo com esse caminho, mas como fazer isso?\u201d.<\/p>\n<p>O primeiro passo \u00e9 mudarmos a nossa maneira de pensar os novos avan\u00e7os e tirar desse pensamento instrumentos que nos permitam destruir as trincheiras e delas desalojar os adeptos da Situa\u00e7\u00e3o Irregular. Aprendemos a defender nossos adolescentes do abaixamento \u2013 n\u00e3o da idade da responsabilidade penal \u2013 mas, da idade de imputabilidade penal, evitando assim que eles ingressem precocemente no Sistema Penal de adultos, que \u00e9 uma farsa rid\u00edcula e vergonhosa, indigna de qualquer pa\u00eds que se pretenda civilizado.<\/p>\n<p>Dispomos de um arsenal consistente, capaz de reduzir \u00e0 mediocridade os que cobram a redu\u00e7\u00e3o da idade do adolescente no mundo do trabalho regular e remunerado, em nome do combate \u00e0 delinqu\u00eancia e do refor\u00e7o \u00e0s estrat\u00e9gias de incremento \u00e0 sobreviv\u00eancia familiar.<\/p>\n<p>Assim, poder\u00edamos elencar uma s\u00e9rie de avan\u00e7os conceituais e pr\u00e1ticos:<\/p>\n<p>\u00a7 O combate \u00e0 prostitui\u00e7\u00e3o, viol\u00eancia e explora\u00e7\u00e3o sexual na fam\u00edlia e fora dela;<br \/>\n\u00a7 A ofensiva contra toda forma de tr\u00e1fico nacional e internacional de crian\u00e7as, neglig\u00eancia, viol\u00eancia, crueldade e opress\u00e3o na fam\u00edlia, na escola e em outros \u00e2mbitos da vida social.<br \/>\nPor que jogamos apenas na defensiva como se fossemos uma imensa massa de zagueiros? Por que n\u00e3o partimos sem hesita\u00e7\u00e3o e sem meios termos para o ataque a essas e a todas as demais formas de defesa do indefens\u00e1vel? Por que n\u00e3o obrigamos essas aves de rapina a combaterem \u00e0 luz do dia? Por que aceitamos sua marcha na contram\u00e3o da hist\u00f3ria, como se fosse algo merecedor das nossas aten\u00e7\u00f5es, recursos e energias?<\/p>\n<p>Penso que estamos aceitando jogar o jogo deles e n\u00e3o impor a nossa pr\u00f3pria estrat\u00e9gia. Enquanto fizermos isso seremos apenas vitrines e eles os lan\u00e7adores das pedradas. Esta \u00e9 uma situa\u00e7\u00e3o, que pode, deve e merece ser invertida. Se isto n\u00e3o for feito, a terceira d\u00e9cada do Estatuto ser\u00e1 a repeti\u00e7\u00e3o das duas primeiras. E este, para n\u00f3s, as crian\u00e7as e os jovens, ser\u00e1 o pior dos mundos poss\u00edveis.<\/p>\n<p>Em raz\u00e3o disso, meu primeiro artigo de 2011, pode ser resumido numa palavra de ordem de s\u00f3lida objetividade: ATACAR! ATACAR! ATACAR!<\/p>\n<p>Se n\u00e3o fizermos isso, em vez de construir o futuro, passaremos a terceira d\u00e9cada do ECA e, talvez o resto do s\u00e9culo, nos defendendo de um fantasma que nada tem de camarada. Ao contr\u00e1rio: joga baixo, ataca por tr\u00e1s e, principalmente, explora a falta de cultura cidad\u00e3 do nosso povo, para induzi-lo a combater o ponto de vista e os interesses das crian\u00e7as, adolescentes e jovens, que s\u00e3o os portadores do futuro de cada fam\u00edlia, de cada povo e da humanidade.<\/p>\n<p>Assim, entendo que deveremos mapear os motivos subjacentes a essas argumenta\u00e7\u00f5es falaciosas, p\u00f4-los a nu e n\u00e3o perder nenhuma oportunidade de exp\u00f4-los de maneira clara, concisa e did\u00e1tica \u00e0 opini\u00e3o p\u00fablica. S\u00f3 assim seremos capazes de dar a ver a todos que o rei, al\u00e9m de morto, est\u00e1 nu. Por que, ent\u00e3o, desperdi\u00e7ar com ele uma d\u00e9cada que se anuncia como portadora de tantas esperan\u00e7as para n\u00f3s, brasileiros?<\/p>\n<p>_____________________<\/p>\n<p><strong>Fonte:<\/strong> <a href=\"http:\/\/www.promenino.org.br\/Ferramentas\/DireitosdasCriancaseAdolescentes\/tabid\/77\/ConteudoId\/a79d597f-0109-4245-9814-622ea9765476\/Default.aspx\">Portal Pr\u00f3-Menino<\/a><\/p>\n","protected":false},"excerpt":{"rendered":"<p>Promover o ECA e torn\u00e1-lo uma realidade em todos os cantos do pa\u00eds \u00e9 a maior homenagem que podemos fazer a este educador que dedicou sua vida a nossas crian\u00e7as e adolescentes. Do Portal Pr\u00f3-Menino.<\/p>\n","protected":false},"author":1,"featured_media":0,"comment_status":"open","ping_status":"open","sticky":false,"template":"","format":"standard","meta":{"site-container-style":"default","site-container-layout":"default","site-sidebar-layout":"default","disable-article-header":"default","disable-site-header":"default","disable-site-footer":"default","disable-content-area-spacing":"default","footnotes":""},"categories":[4,8],"tags":[60],"class_list":["post-18662","post","type-post","status-publish","format-standard","hentry","category-noticias","category-textos-e-artigos","tag-infancia"],"yoast_head":"<!-- This site is optimized with the Yoast SEO plugin v27.4 - https:\/\/yoast.com\/product\/yoast-seo-wordpress\/ -->\n<title>Antonio Carlos Gomes da Costa: Brasil perde um dos principais defensores dos direitos infantojuvenis -<\/title>\n<meta name=\"robots\" content=\"index, follow, max-snippet:-1, max-image-preview:large, max-video-preview:-1\" \/>\n<link rel=\"canonical\" href=\"https:\/\/inclusivenews.com.br\/?p=18662\" \/>\n<meta property=\"og:locale\" content=\"pt_PT\" \/>\n<meta property=\"og:type\" content=\"article\" \/>\n<meta property=\"og:title\" content=\"Antonio Carlos Gomes da Costa: Brasil perde um dos principais defensores dos direitos infantojuvenis -\" \/>\n<meta property=\"og:description\" content=\"Promover o ECA e torn\u00e1-lo uma realidade em todos os cantos do pa\u00eds \u00e9 a maior homenagem que podemos fazer a este educador que dedicou sua vida a nossas crian\u00e7as e adolescentes. Do Portal Pr\u00f3-Menino.\" \/>\n<meta property=\"og:url\" content=\"https:\/\/inclusivenews.com.br\/?p=18662\" \/>\n<meta property=\"article:publisher\" content=\"https:\/\/www.facebook.com\/agenciainclusive\/\" \/>\n<meta property=\"article:published_time\" content=\"2011-03-10T09:56:19+00:00\" \/>\n<meta property=\"og:image\" content=\"http:\/\/www.promenino.org.br\/Portals\/0\/docs\/ficheros\/200702130007_15_0.jpg\" \/>\n<meta name=\"author\" content=\"inclusivenews2024\" \/>\n<meta name=\"twitter:card\" content=\"summary_large_image\" \/>\n<meta name=\"twitter:label1\" content=\"Escrito por\" \/>\n\t<meta name=\"twitter:data1\" content=\"inclusivenews2024\" \/>\n\t<meta name=\"twitter:label2\" content=\"Tempo estimado de leitura\" \/>\n\t<meta name=\"twitter:data2\" content=\"6 minutos\" \/>\n<script type=\"application\/ld+json\" class=\"yoast-schema-graph\">{\"@context\":\"https:\\\/\\\/schema.org\",\"@graph\":[{\"@type\":\"Article\",\"@id\":\"https:\\\/\\\/inclusivenews.com.br\\\/?p=18662#article\",\"isPartOf\":{\"@id\":\"https:\\\/\\\/inclusivenews.com.br\\\/?p=18662\"},\"author\":{\"name\":\"inclusivenews2024\",\"@id\":\"https:\\\/\\\/inclusivenews.com.br\\\/#\\\/schema\\\/person\\\/ae4ec7087559b8692fb33b6fffd2273b\"},\"headline\":\"Antonio Carlos Gomes da Costa: Brasil perde um dos principais defensores dos direitos infantojuvenis\",\"datePublished\":\"2011-03-10T09:56:19+00:00\",\"mainEntityOfPage\":{\"@id\":\"https:\\\/\\\/inclusivenews.com.br\\\/?p=18662\"},\"wordCount\":1115,\"commentCount\":0,\"publisher\":{\"@id\":\"https:\\\/\\\/inclusivenews.com.br\\\/#organization\"},\"image\":{\"@id\":\"https:\\\/\\\/inclusivenews.com.br\\\/?p=18662#primaryimage\"},\"thumbnailUrl\":\"http:\\\/\\\/www.promenino.org.br\\\/Portals\\\/0\\\/docs\\\/ficheros\\\/200702130007_15_0.jpg\",\"keywords\":[\"Inf\u00e2ncia\"],\"articleSection\":[\"NOT\u00cdCIAS\",\"OPINI\u00c3O\"],\"inLanguage\":\"pt-PT\",\"potentialAction\":[{\"@type\":\"CommentAction\",\"name\":\"Comment\",\"target\":[\"https:\\\/\\\/inclusivenews.com.br\\\/?p=18662#respond\"]}]},{\"@type\":\"WebPage\",\"@id\":\"https:\\\/\\\/inclusivenews.com.br\\\/?p=18662\",\"url\":\"https:\\\/\\\/inclusivenews.com.br\\\/?p=18662\",\"name\":\"Antonio Carlos Gomes da Costa: Brasil perde um dos principais defensores dos direitos infantojuvenis -\",\"isPartOf\":{\"@id\":\"https:\\\/\\\/inclusivenews.com.br\\\/#website\"},\"primaryImageOfPage\":{\"@id\":\"https:\\\/\\\/inclusivenews.com.br\\\/?p=18662#primaryimage\"},\"image\":{\"@id\":\"https:\\\/\\\/inclusivenews.com.br\\\/?p=18662#primaryimage\"},\"thumbnailUrl\":\"http:\\\/\\\/www.promenino.org.br\\\/Portals\\\/0\\\/docs\\\/ficheros\\\/200702130007_15_0.jpg\",\"datePublished\":\"2011-03-10T09:56:19+00:00\",\"breadcrumb\":{\"@id\":\"https:\\\/\\\/inclusivenews.com.br\\\/?p=18662#breadcrumb\"},\"inLanguage\":\"pt-PT\",\"potentialAction\":[{\"@type\":\"ReadAction\",\"target\":[\"https:\\\/\\\/inclusivenews.com.br\\\/?p=18662\"]}]},{\"@type\":\"ImageObject\",\"inLanguage\":\"pt-PT\",\"@id\":\"https:\\\/\\\/inclusivenews.com.br\\\/?p=18662#primaryimage\",\"url\":\"http:\\\/\\\/www.promenino.org.br\\\/Portals\\\/0\\\/docs\\\/ficheros\\\/200702130007_15_0.jpg\",\"contentUrl\":\"http:\\\/\\\/www.promenino.org.br\\\/Portals\\\/0\\\/docs\\\/ficheros\\\/200702130007_15_0.jpg\"},{\"@type\":\"BreadcrumbList\",\"@id\":\"https:\\\/\\\/inclusivenews.com.br\\\/?p=18662#breadcrumb\",\"itemListElement\":[{\"@type\":\"ListItem\",\"position\":1,\"name\":\"In\u00edcio\",\"item\":\"https:\\\/\\\/inclusivenews.com.br\\\/\"},{\"@type\":\"ListItem\",\"position\":2,\"name\":\"Antonio Carlos Gomes da Costa: Brasil perde um dos principais defensores dos direitos infantojuvenis\"}]},{\"@type\":\"WebSite\",\"@id\":\"https:\\\/\\\/inclusivenews.com.br\\\/#website\",\"url\":\"https:\\\/\\\/inclusivenews.com.br\\\/\",\"name\":\"Inclusive News\",\"description\":\"Inclusive News\",\"publisher\":{\"@id\":\"https:\\\/\\\/inclusivenews.com.br\\\/#organization\"},\"potentialAction\":[{\"@type\":\"SearchAction\",\"target\":{\"@type\":\"EntryPoint\",\"urlTemplate\":\"https:\\\/\\\/inclusivenews.com.br\\\/?s={search_term_string}\"},\"query-input\":{\"@type\":\"PropertyValueSpecification\",\"valueRequired\":true,\"valueName\":\"search_term_string\"}}],\"inLanguage\":\"pt-PT\"},{\"@type\":\"Organization\",\"@id\":\"https:\\\/\\\/inclusivenews.com.br\\\/#organization\",\"name\":\"Inclusive - inclus\u00e3o e cidadania\",\"url\":\"https:\\\/\\\/inclusivenews.com.br\\\/\",\"logo\":{\"@type\":\"ImageObject\",\"inLanguage\":\"pt-PT\",\"@id\":\"https:\\\/\\\/inclusivenews.com.br\\\/#\\\/schema\\\/logo\\\/image\\\/\",\"url\":\"https:\\\/\\\/inclusivenews.com.br\\\/wp-content\\\/uploads\\\/2024\\\/03\\\/@grandesite.png\",\"contentUrl\":\"https:\\\/\\\/inclusivenews.com.br\\\/wp-content\\\/uploads\\\/2024\\\/03\\\/@grandesite.png\",\"width\":1080,\"height\":1080,\"caption\":\"Inclusive - inclus\u00e3o e cidadania\"},\"image\":{\"@id\":\"https:\\\/\\\/inclusivenews.com.br\\\/#\\\/schema\\\/logo\\\/image\\\/\"},\"sameAs\":[\"https:\\\/\\\/www.facebook.com\\\/agenciainclusive\\\/\",\"https:\\\/\\\/www.instagram.com\\\/newsinclusive\\\/\"]},{\"@type\":\"Person\",\"@id\":\"https:\\\/\\\/inclusivenews.com.br\\\/#\\\/schema\\\/person\\\/ae4ec7087559b8692fb33b6fffd2273b\",\"name\":\"inclusivenews2024\",\"image\":{\"@type\":\"ImageObject\",\"inLanguage\":\"pt-PT\",\"@id\":\"https:\\\/\\\/secure.gravatar.com\\\/avatar\\\/c5a7ef84c66fa914f55bc4f7ce26cfa275a3b9a1c5568b907bd184fb4dde7b40?s=96&d=mm&r=g\",\"url\":\"https:\\\/\\\/secure.gravatar.com\\\/avatar\\\/c5a7ef84c66fa914f55bc4f7ce26cfa275a3b9a1c5568b907bd184fb4dde7b40?s=96&d=mm&r=g\",\"contentUrl\":\"https:\\\/\\\/secure.gravatar.com\\\/avatar\\\/c5a7ef84c66fa914f55bc4f7ce26cfa275a3b9a1c5568b907bd184fb4dde7b40?s=96&d=mm&r=g\",\"caption\":\"inclusivenews2024\"},\"sameAs\":[\"https:\\\/\\\/inclusivenews.com.br\"],\"url\":\"https:\\\/\\\/inclusivenews.com.br\\\/?author=1\"}]}<\/script>\n<!-- \/ Yoast SEO plugin. -->","yoast_head_json":{"title":"Antonio Carlos Gomes da Costa: Brasil perde um dos principais defensores dos direitos infantojuvenis -","robots":{"index":"index","follow":"follow","max-snippet":"max-snippet:-1","max-image-preview":"max-image-preview:large","max-video-preview":"max-video-preview:-1"},"canonical":"https:\/\/inclusivenews.com.br\/?p=18662","og_locale":"pt_PT","og_type":"article","og_title":"Antonio Carlos Gomes da Costa: Brasil perde um dos principais defensores dos direitos infantojuvenis -","og_description":"Promover o ECA e torn\u00e1-lo uma realidade em todos os cantos do pa\u00eds \u00e9 a maior homenagem que podemos fazer a este educador que dedicou sua vida a nossas crian\u00e7as e adolescentes. Do Portal Pr\u00f3-Menino.","og_url":"https:\/\/inclusivenews.com.br\/?p=18662","article_publisher":"https:\/\/www.facebook.com\/agenciainclusive\/","article_published_time":"2011-03-10T09:56:19+00:00","og_image":[{"url":"http:\/\/www.promenino.org.br\/Portals\/0\/docs\/ficheros\/200702130007_15_0.jpg","type":"","width":"","height":""}],"author":"inclusivenews2024","twitter_card":"summary_large_image","twitter_misc":{"Escrito por":"inclusivenews2024","Tempo estimado de leitura":"6 minutos"},"schema":{"@context":"https:\/\/schema.org","@graph":[{"@type":"Article","@id":"https:\/\/inclusivenews.com.br\/?p=18662#article","isPartOf":{"@id":"https:\/\/inclusivenews.com.br\/?p=18662"},"author":{"name":"inclusivenews2024","@id":"https:\/\/inclusivenews.com.br\/#\/schema\/person\/ae4ec7087559b8692fb33b6fffd2273b"},"headline":"Antonio Carlos Gomes da Costa: Brasil perde um dos principais defensores dos direitos infantojuvenis","datePublished":"2011-03-10T09:56:19+00:00","mainEntityOfPage":{"@id":"https:\/\/inclusivenews.com.br\/?p=18662"},"wordCount":1115,"commentCount":0,"publisher":{"@id":"https:\/\/inclusivenews.com.br\/#organization"},"image":{"@id":"https:\/\/inclusivenews.com.br\/?p=18662#primaryimage"},"thumbnailUrl":"http:\/\/www.promenino.org.br\/Portals\/0\/docs\/ficheros\/200702130007_15_0.jpg","keywords":["Inf\u00e2ncia"],"articleSection":["NOT\u00cdCIAS","OPINI\u00c3O"],"inLanguage":"pt-PT","potentialAction":[{"@type":"CommentAction","name":"Comment","target":["https:\/\/inclusivenews.com.br\/?p=18662#respond"]}]},{"@type":"WebPage","@id":"https:\/\/inclusivenews.com.br\/?p=18662","url":"https:\/\/inclusivenews.com.br\/?p=18662","name":"Antonio Carlos Gomes da Costa: Brasil perde um dos principais defensores dos direitos infantojuvenis -","isPartOf":{"@id":"https:\/\/inclusivenews.com.br\/#website"},"primaryImageOfPage":{"@id":"https:\/\/inclusivenews.com.br\/?p=18662#primaryimage"},"image":{"@id":"https:\/\/inclusivenews.com.br\/?p=18662#primaryimage"},"thumbnailUrl":"http:\/\/www.promenino.org.br\/Portals\/0\/docs\/ficheros\/200702130007_15_0.jpg","datePublished":"2011-03-10T09:56:19+00:00","breadcrumb":{"@id":"https:\/\/inclusivenews.com.br\/?p=18662#breadcrumb"},"inLanguage":"pt-PT","potentialAction":[{"@type":"ReadAction","target":["https:\/\/inclusivenews.com.br\/?p=18662"]}]},{"@type":"ImageObject","inLanguage":"pt-PT","@id":"https:\/\/inclusivenews.com.br\/?p=18662#primaryimage","url":"http:\/\/www.promenino.org.br\/Portals\/0\/docs\/ficheros\/200702130007_15_0.jpg","contentUrl":"http:\/\/www.promenino.org.br\/Portals\/0\/docs\/ficheros\/200702130007_15_0.jpg"},{"@type":"BreadcrumbList","@id":"https:\/\/inclusivenews.com.br\/?p=18662#breadcrumb","itemListElement":[{"@type":"ListItem","position":1,"name":"In\u00edcio","item":"https:\/\/inclusivenews.com.br\/"},{"@type":"ListItem","position":2,"name":"Antonio Carlos Gomes da Costa: Brasil perde um dos principais defensores dos direitos infantojuvenis"}]},{"@type":"WebSite","@id":"https:\/\/inclusivenews.com.br\/#website","url":"https:\/\/inclusivenews.com.br\/","name":"Inclusive News","description":"Inclusive News","publisher":{"@id":"https:\/\/inclusivenews.com.br\/#organization"},"potentialAction":[{"@type":"SearchAction","target":{"@type":"EntryPoint","urlTemplate":"https:\/\/inclusivenews.com.br\/?s={search_term_string}"},"query-input":{"@type":"PropertyValueSpecification","valueRequired":true,"valueName":"search_term_string"}}],"inLanguage":"pt-PT"},{"@type":"Organization","@id":"https:\/\/inclusivenews.com.br\/#organization","name":"Inclusive - inclus\u00e3o e cidadania","url":"https:\/\/inclusivenews.com.br\/","logo":{"@type":"ImageObject","inLanguage":"pt-PT","@id":"https:\/\/inclusivenews.com.br\/#\/schema\/logo\/image\/","url":"https:\/\/inclusivenews.com.br\/wp-content\/uploads\/2024\/03\/@grandesite.png","contentUrl":"https:\/\/inclusivenews.com.br\/wp-content\/uploads\/2024\/03\/@grandesite.png","width":1080,"height":1080,"caption":"Inclusive - inclus\u00e3o e cidadania"},"image":{"@id":"https:\/\/inclusivenews.com.br\/#\/schema\/logo\/image\/"},"sameAs":["https:\/\/www.facebook.com\/agenciainclusive\/","https:\/\/www.instagram.com\/newsinclusive\/"]},{"@type":"Person","@id":"https:\/\/inclusivenews.com.br\/#\/schema\/person\/ae4ec7087559b8692fb33b6fffd2273b","name":"inclusivenews2024","image":{"@type":"ImageObject","inLanguage":"pt-PT","@id":"https:\/\/secure.gravatar.com\/avatar\/c5a7ef84c66fa914f55bc4f7ce26cfa275a3b9a1c5568b907bd184fb4dde7b40?s=96&d=mm&r=g","url":"https:\/\/secure.gravatar.com\/avatar\/c5a7ef84c66fa914f55bc4f7ce26cfa275a3b9a1c5568b907bd184fb4dde7b40?s=96&d=mm&r=g","contentUrl":"https:\/\/secure.gravatar.com\/avatar\/c5a7ef84c66fa914f55bc4f7ce26cfa275a3b9a1c5568b907bd184fb4dde7b40?s=96&d=mm&r=g","caption":"inclusivenews2024"},"sameAs":["https:\/\/inclusivenews.com.br"],"url":"https:\/\/inclusivenews.com.br\/?author=1"}]}},"_links":{"self":[{"href":"https:\/\/inclusivenews.com.br\/index.php?rest_route=\/wp\/v2\/posts\/18662","targetHints":{"allow":["GET"]}}],"collection":[{"href":"https:\/\/inclusivenews.com.br\/index.php?rest_route=\/wp\/v2\/posts"}],"about":[{"href":"https:\/\/inclusivenews.com.br\/index.php?rest_route=\/wp\/v2\/types\/post"}],"author":[{"embeddable":true,"href":"https:\/\/inclusivenews.com.br\/index.php?rest_route=\/wp\/v2\/users\/1"}],"replies":[{"embeddable":true,"href":"https:\/\/inclusivenews.com.br\/index.php?rest_route=%2Fwp%2Fv2%2Fcomments&post=18662"}],"version-history":[{"count":0,"href":"https:\/\/inclusivenews.com.br\/index.php?rest_route=\/wp\/v2\/posts\/18662\/revisions"}],"wp:attachment":[{"href":"https:\/\/inclusivenews.com.br\/index.php?rest_route=%2Fwp%2Fv2%2Fmedia&parent=18662"}],"wp:term":[{"taxonomy":"category","embeddable":true,"href":"https:\/\/inclusivenews.com.br\/index.php?rest_route=%2Fwp%2Fv2%2Fcategories&post=18662"},{"taxonomy":"post_tag","embeddable":true,"href":"https:\/\/inclusivenews.com.br\/index.php?rest_route=%2Fwp%2Fv2%2Ftags&post=18662"}],"curies":[{"name":"wp","href":"https:\/\/api.w.org\/{rel}","templated":true}]}}