{"id":18690,"date":"2011-03-09T08:27:58","date_gmt":"2011-03-09T11:27:58","guid":{"rendered":"http:\/\/www.inclusive.org.br\/?p=18690"},"modified":"2011-03-09T08:27:58","modified_gmt":"2011-03-09T11:27:58","slug":"organizacoes-lancam-manifesto-sobre-o-dia-internacional-da-luta-das-mulheres","status":"publish","type":"post","link":"https:\/\/inclusivenews.com.br\/?p=18690","title":{"rendered":"Organiza\u00e7\u00f5es lan\u00e7am manifesto sobre o Dia Internacional da Luta das Mulheres"},"content":{"rendered":"<figure id=\"attachment_18691\" aria-describedby=\"caption-attachment-18691\" style=\"width: 210px\" class=\"wp-caption alignleft\"><a href=\"http:\/\/www.inclusivenews.com.br\/wp-content\/uploads\/2011\/03\/mulheresemmarcha.jpg\"><img loading=\"lazy\" decoding=\"async\" class=\"size-medium wp-image-18691\" title=\"Fotografia em preto e branco de manifesta\u00e7\u00e3o de mulheres.\" src=\"http:\/\/inclusivenews.com.br\/wp-content\/uploads\/2011\/03\/mulheresemmarcha-300x234.jpg\" alt=\"Fotografia em preto e branco de manifesta\u00e7\u00e3o de mulheres.\" width=\"210\" height=\"164\" \/><\/a><figcaption id=\"caption-attachment-18691\" class=\"wp-caption-text\"> <\/figcaption><\/figure>\n<p>N\u00f3s, mulheres feministas, estamos nas ruas novamente neste 8 de Mar\u00e7o para reafirmar nosso compromisso com a luta contra o machismo; uma luta que, para n\u00f3s, tamb\u00e9m \u00e9 anti-capitalista, pois ainda h\u00e1 muito a fazer para garantir nossa autonomia, igualdade e direitos plenos. Esta \u00e9 a base da sociedade que queremos construir.<\/p>\n<p>O combate ao machismo se faz todo dia. Reconhecemos os avan\u00e7os conquistados pela luta das mulheres, mas temos no horizonte ainda muito pelo que lutar. Para sermos vitoriosas, \u00e9 preciso compromisso com nossas bandeiras hist\u00f3ricas e total autonomia do movimento para paut\u00e1-las. Estamos em luta di\u00e1ria contra a viol\u00eancia sexista, pela descriminaliza\u00e7\u00e3o e legaliza\u00e7\u00e3o do aborto, valoriza\u00e7\u00e3o do nosso trabalho, educa\u00e7\u00e3o de qualidade para todos e solid\u00e1rias \u00e0s lutas anti-capitalistas travadas no Brasil e no mundo.<\/p>\n<p>Em todo o pa\u00eds, acompanhamos o surgimento de uma grave ofensiva conservadora, que tenta impor princ\u00edpios religiosos para o conjunto da popula\u00e7\u00e3o, al\u00e9m de propor retrocessos na quest\u00e3o dos direitos humanos, como vimos na ocasi\u00e3o da assinatura do Acordo Brasil-Vaticano e nos vetos ao PNDH-3. Essa ofensiva culminou em um processo eleitoral pautado pelo conservadorismo, no qual o papel da mulher se reduziu ao de ser m\u00e3e.<\/p>\n<p>Reconhecemos a import\u00e2ncia hist\u00f3rica da elei\u00e7\u00e3o da primeira mulher para a Presid\u00eancia da Rep\u00fablica, mas sabemos que isso apenas n\u00e3o basta para mudar a vida das mulheres. No processo eleitoral, pautas importantes como a legaliza\u00e7\u00e3o do aborto e o casamento gay foram seq\u00fcestradas por setores reacion\u00e1rios e usadas como moeda de troca pelas principais candidaturas. A participa\u00e7\u00e3o de mulheres \u00e0 frente dos minist\u00e9rios aumentou; entretanto, no Legislativo, ela foi reduzida e, infelizmente, os espa\u00e7os de poder seguem ocupados majoritariamente por homens.<\/p>\n<p>Contra a viol\u00eancia<\/p>\n<p>O ano de 2011 come\u00e7ou com a tentativa, por parte do Supremo Tribunal Federal, de supress\u00e3o de medidas jur\u00eddicas criadas em conjunto com a Lei Maria da Penha. A postura do STF semeia a confus\u00e3o, refor\u00e7ando a atitude dos que querem questionar a lei, e contribui para a certeza da impunidade de que gozam hoje os agressores, para a banaliza\u00e7\u00e3o da viol\u00eancia e o descr\u00e9dito na Justi\u00e7a por parte das mulheres. Todos os dias, dez mulheres morrem no pa\u00eds. A viol\u00eancia machista cresce em geral e nada \u00e9 feito para nos proteger de maneira efetiva.<\/p>\n<p>Em S\u00e3o Paulo, o poder p\u00fablico, apesar de ter assinado o Pacto pelo Enfrentamento \u00e0 Viol\u00eancia Contra a Mulher, n\u00e3o investiu nenhum centavo para a amplia\u00e7\u00e3o das delegacias da mulher, casas abrigos ou na constru\u00e7\u00e3o de centros de refer\u00eancia. A seguran\u00e7a das mulheres abrigadas tamb\u00e9m \u00e9 negligenciada, uma vez que o sigilo sobre seu novo endere\u00e7o \u00e9 quebrado pela localiza\u00e7\u00e3o das crian\u00e7as via matr\u00edcula feita pela internet na rede p\u00fablica de ensino. \u00c9 necess\u00e1rio que a Secretaria de Educa\u00e7\u00e3o proteja esses dados, realizando a matr\u00edcula off-line destas crian\u00e7as.<\/p>\n<p>Em S\u00e3o Paulo, tamb\u00e9m constatamos, de forma escancarada, manifesta\u00e7\u00f5es de viol\u00eancia contra l\u00e9sbicas, homossexuais e transexuais. Recha\u00e7amos com veem\u00eancia as iniciativas dos setores conservadores, sobretudo da bancada religiosa no Congresso Nacional, em barrar aprova\u00e7\u00e3o do PLC 122\/2006, que criminaliza a homofobia no Brasil. Por essa raz\u00e3o, nos juntamos ao movimento LGBTT na luta pela aprova\u00e7\u00e3o imediata do PLC 122 e demais pol\u00edticas inclusivas, que reconhe\u00e7am de forma integral os direitos desta popula\u00e7\u00e3o.<\/p>\n<p>Por igualdade<\/p>\n<p>A vida das mulheres tem piorado com a constante eleva\u00e7\u00e3o de pre\u00e7os de produtos essenciais, como os alimentos, e a falta de um sal\u00e1rio m\u00ednimo que d\u00ea conta das necessidades dos trabalhadores e trabalhadoras. Hoje, 53% dos que ganham at\u00e9 um sal\u00e1rio m\u00ednimo s\u00e3o mulheres e 30% das fam\u00edlias s\u00e3o chefiadas por mulheres. Assim, a luta pelo aumento real do sal\u00e1rio m\u00ednimo \u00e9 tamb\u00e9m uma luta das mulheres.<\/p>\n<p>Tamb\u00e9m \u00e9 preciso lembrar que ainda ganhamos menos do que os homens no mercado de trabalho, muitas vezes realizando o mesmo servi\u00e7o. Empregos considerados femininos possuem remunera\u00e7\u00e3o menor que a de trabalhos predominantemente realizados por homens. O Brasil \u00e9 o \u00fanico pa\u00eds da Am\u00e9rica Latina que ainda n\u00e3o assinou a Conven\u00e7\u00e3o 156 da Organiza\u00e7\u00e3o Internacional do Trabalho (OIT), que define a igualdade de oportunidades e de tratamento entre homens e mulheres e determina que a responsabilidade com o cuidado das crian\u00e7as e da fam\u00edlia deve ser compartilhada. Pedimos ao Estado brasileiro que ratifique a Conven\u00e7\u00e3o, assim como aprove o Projeto de Lei em tramita\u00e7\u00e3o no Congresso que garante igualdade no mundo do trabalho.<\/p>\n<p>A pobreza no Brasil tem g\u00eanero e cor. A grande maioria das mulheres empregadas s\u00e3o trabalhadoras dom\u00e9sticas e, destas, a maioria \u00e9 negra. Super exploradas, vivem sem a garantia dos m\u00ednimos direitos trabalhistas e s\u00e3o as maiores v\u00edtimas da diferen\u00e7a salarial. Defendemos a equipara\u00e7\u00e3o dos direitos das dom\u00e9sticas aos de todos os trabalhadores, com a altera\u00e7\u00e3o do Art.7o da Constitui\u00e7\u00e3o Federal.<\/p>\n<p>Por autonomia e direitos<\/p>\n<p>A maioria das mulheres brasileiras n\u00e3o tem licen\u00e7a maternidade garantida. Das que trabalham fora de casa, cerca de 60% est\u00e3o na informalidade, ou seja, sem carteira assinada e sequer os quatro meses garantidos pela CLT. Defendemos a imediata aplica\u00e7\u00e3o da licen\u00e7a maternidade de seis meses para todas as mulheres, assim como a amplia\u00e7\u00e3o da licen\u00e7a paternidade de igual per\u00edodo.<br \/>\nExigimos tamb\u00e9m pol\u00edticas p\u00fablicas que contribuam para a constru\u00e7\u00e3o da nossa autonomia, como lavanderias e restaurantes coletivos, e uma educa\u00e7\u00e3o de qualidade para as crian\u00e7as. As vagas no ensino infantil n\u00e3o atendem a todos e, nas creches, o d\u00e9ficit de S\u00e3o Paulo em 2010 j\u00e1 passava de 120 mil vagas. Este n\u00famero s\u00f3 n\u00e3o \u00e9 maior porque a atual gest\u00e3o Kassab optou por superlotar as creches, transformando-as em verdadeiros dep\u00f3sitos de crian\u00e7as.<\/p>\n<p>S\u00e3o milhares de mulheres e crian\u00e7as atingidas pelo descaso com a educa\u00e7\u00e3o infantil na cidade, sendo que as m\u00e3es s\u00e3o penalizadas por n\u00e3o poderem voltar ao trabalho ou n\u00e3o conseguirem emprego por n\u00e3o ter onde deixar seus filhos. Exigimos das tr\u00eas esferas de governo educa\u00e7\u00e3o infantil e creche com orienta\u00e7\u00e3o pedag\u00f3gica de qualidade, p\u00fablica, gratuita e em tempo integral para todas as crian\u00e7as. Uma educa\u00e7\u00e3o de qualidade para as crian\u00e7as tamb\u00e9m \u00e9 direito de n\u00f3s, mulheres.<\/p>\n<p>Tamb\u00e9m reivindicamos nosso direito \u00e0 aten\u00e7\u00e3o integral \u00e0 sa\u00fade, para al\u00e9m da idade reprodutiva, considerando as necessidades da popula\u00e7\u00e3o idosa, que cresce em nosso pa\u00eds, a diversidade sexual e \u00e9tnica existente entre as mulheres, as especificidades de sa\u00fade da popula\u00e7\u00e3o negra (hipertens\u00e3o arterial, cardiopatias, anemia falciforme) e das mulheres com defici\u00eancia, como a acessibilidade aos equipamentos p\u00fablicos de sa\u00fade.<\/p>\n<p>A aten\u00e7\u00e3o integral \u00e0 sa\u00fade inclui ainda a garantia dos direitos reprodutivos e a garantia de que tenhamos autonomia para decidirmos sobre nossos corpos, sobre se queremos ser m\u00e3es e quando. A criminaliza\u00e7\u00e3o do aborto obriga as mulheres que decidem faz\u00ea-lo a se submeterem a procedimentos clandestinos, inseguros e que colocam suas vidas em risco. Em caso como esses, as mulheres pobres e negras morrem 6 vezes mais por n\u00e3o terem acesso ao atendimento de sa\u00fade integral.<\/p>\n<p>Por dignidade<\/p>\n<p>Nos meios de comunica\u00e7\u00e3o de massa, persiste a explora\u00e7\u00e3o e mercantiliza\u00e7\u00e3o do corpo das mulheres, a falta de diversidade \u00e9tnico-racial e de orienta\u00e7\u00e3o sexual, al\u00e9m de um discurso que reserva \u00e0s mulheres um lugar subalterno na sociedade.<\/p>\n<p>No contexto da realiza\u00e7\u00e3o da Copa do Mundo e das Olimp\u00edadas em territ\u00f3rio nacional, temos a \u00e1rdua tarefa de questionar o impacto das obras sobre as comunidades atingidas, assim como o aumento do turismo sexual e da prostitui\u00e7\u00e3o que acompanham a realiza\u00e7\u00e3o dos mega eventos. \u00c9 tarefa do movimento feminista problematizar e pautar o tema do tr\u00e1fico de mulheres e da prostitui\u00e7\u00e3o junto \u00e0 sociedade!<\/p>\n<p>Ano ap\u00f3s ano, vemos nossas casas serem invadidas pelas \u00e1guas das chuvas. Estas trag\u00e9dias n\u00e3o s\u00e3o \u201cnaturais\u201d. \u00c9 o modo de produ\u00e7\u00e3o capitalista, de produ\u00e7\u00e3o e consumo desenfreados, o respons\u00e1vel pelas altera\u00e7\u00f5es clim\u00e1ticas que ocorrem no mundo. Essas mudan\u00e7as e suas consequ\u00eancias t\u00eam sido previs\u00edveis e podem e devem ser prevenidas. Exigimos a\u00e7\u00f5es governamentais contundentes para seu combate.e pol\u00edticas p\u00fablicas urbanas efetivas que garantam nosso direito \u00e0 cidade e \u00e0 moradia digna.<\/p>\n<p>Queremos uma verdadeira reforma urbana e n\u00e3o medidas que beneficiem a especula\u00e7\u00e3o imobili\u00e1ria e expulsem a popula\u00e7\u00e3o pobre para as periferias, sem a m\u00ednima estrutura de moradia ou acesso a equipamentos p\u00fablicos. Repudiamos, assim, o descaso criminoso do governo tucano e da Sabesp com a popula\u00e7\u00e3o do munic\u00edpio de Franco da Rocha e bairros da periferia de S\u00e3o Paulo, e nos somamos \u00e0 luta por uma cidade inclusiva com transporte p\u00fablico de qualidade. Estamos ao lado da juventude nos protestos contra os aumentos abusivos no pre\u00e7o das passagens de \u00f4nibus.<\/p>\n<p>Nos juntamos \u00e0s mulheres do campo ao afirmar o nosso direito a uma alimenta\u00e7\u00e3o saud\u00e1vel e livre de venenos. Clamamos pela reforma agr\u00e1ria, por soberania alimentar e por outro modelo de desenvolvimento no campo, com uma agricultura sem agrot\u00f3xico e sem monocultura!<\/p>\n<p>Solidariedade internacional<\/p>\n<p>Acompanhamos a crise econ\u00f4mica se abater sobre a Europa, onde as reformas, principalmente as previdenci\u00e1rias, se transformaram no carro-chefe para salvar o sistema financeiro. Tais medidas penalizam a classe trabalhadora e sobretudo as mulheres, tradicionalmente as primeiras a perder o emprego e as \u00faltimas a recuper\u00e1-lo. Repudiamos a perda de direitos, trabalho e renda para trabalhadoras e trabalhadores. Manifestamos nosso apoio \u00e0 luta das mulheres na It\u00e1lia contra Berlusconi e reafirmamos nossa solidariedade \u00e0s mulheres de todo o mundo, tanto \u00e0quelas que lutam na Europa contra os efeitos da crise quanto \u00e0quelas que se batem contra o imperialismo, para derrubar ditaduras de d\u00e9cadas como na Tun\u00edsia e Egito ou ocupa\u00e7\u00f5es militares existentes mundo afora. Defendemos a soberania e autonomia dos povos.<\/p>\n<p>Solidariedade em especial \u00e0s mulheres do Haiti, que sofrem o aumento significativo da viol\u00eancia sexual, inclusive nos acampamentos de refugiados sob prote\u00e7\u00e3o da Minustah, a miss\u00e3o da ONU chefiada pelo governo brasileiro. \u00c9 preciso ajudar na reconstru\u00e7\u00e3o do Haiti de forma humanit\u00e1ria. O Haiti n\u00e3o precisa de armas e soldados, mas de m\u00e9dicos e professores. Sua reconstru\u00e7\u00e3o deve estar sob o controle do povo haitiano e n\u00e3o pode significar penhora de recursos naturais, incentivo \u00e0 especula\u00e7\u00e3o de empresas transnacionais na regi\u00e3o e o aumento da viol\u00eancia contra o povo.<\/p>\n<p>Neste 8 de Mar\u00e7o, Dia Internacional de Luta das Mulheres, convocamos aqueles que lutam por uma sociedade mais justa e igualit\u00e1ria, sem opress\u00e3o e explora\u00e7\u00e3o, a se somarem a nossa luta. Ainda h\u00e1 muito o que avan\u00e7ar e a participa\u00e7\u00e3o de todos e todas \u00e9 fundamental.<\/p>\n<p>Sobre o 8 de Mar\u00e7o<\/p>\n<p>Em 1910, a alem\u00e3 Clara Zetkin prop\u00f4s, na 2a Confer\u00eancia Internacional das Mulheres Socialistas, a cria\u00e7\u00e3o do Dia Internacional da Mulher, celebrado inicialmente em datas diferentes, de acordo com o calend\u00e1rio de lutas de cada pa\u00eds. A a\u00e7\u00e3o das oper\u00e1rias russas no dia 8 de mar\u00e7o de 1917, precipitando o in\u00edcio das a\u00e7\u00f5es da Revolu\u00e7\u00e3o Russa, \u00e9 a raz\u00e3o mais prov\u00e1vel para a fixa\u00e7\u00e3o desta data como o Dia Internacional da Mulher. Com a revolu\u00e7\u00e3o, muitos direitos foram conquistados, como o voto e a elegibilidade feminina e o direito ao aborto. Em 1922, a celebra\u00e7\u00e3o internacional foi oficializada nesta data e o 8 de Mar\u00e7o se transformou no s\u00edmbolo da participa\u00e7\u00e3o ativa das mulheres para transformarem sua condi\u00e7\u00e3o e a sociedade como um todo.<\/p>\n<p>Assinam este documento<\/p>\n<p>APEOESP \u00a7 APSMN\/SP \u00a7 Articula\u00e7\u00e3o Mulher e M\u00eddia \u00a7 AGB \u00a7 AMB \u00a7 ANPG \u00a7 Barricadas Abrem Caminhos \u00a7 CA Benevides Paix\u00e3o da PUC \u00a7 CACS PUC \u00a7 CA Guimar\u00e3es Rosa \u00a7 CAPPF da USP \u00a7 CAPSICO da PUC \u00a7 CA XI de Agosto de Direito da USP \u00a7 Contraponto \u00a7 Constru\u00e7\u00e3o \u00a7 Dom\u00ednio P\u00fablico \u00a7 Casa Cidinha Kopcak \u00a7 Casa Viviane dos Santos \u00a7 Cat\u00f3licas pelo Direito de Decidir \u00a7 CIM \u00a7 Centro Maria Maria \u00a7 CEUPES da USP (Gest\u00e3o Cirandeia) \u00a7 CineMulher \u00a7 Ciranda de Informa\u00e7\u00e3o Independente \u00a7 C\u00edrculo Palmarino \u00a7 Coletivo 28 de Junho \u00a7 Coletivo Alumi\u00e1 \u00a7 Coletivo Ana Montenegro \u00a7 Coletivo Banc\u00e1rios na Luta \u00a7 Coletivo Feminista Yab\u00e1 do Direito da PUC-SP \u00a7 Coletivo Dandara do Direito da USP \u00a7 Consulta Popular \u00a7 Coordena\u00e7\u00e3o de Mulheres da UNEGRO \u00a7 CTB \u00a7 CTB-SP \u00a7 DCE Unicamp \u00a7 DCE USP \u00a7 Espa\u00e7o Cultural Carlos Marighela \u00a7 ENECOS \u00a7 FEMN-SP \u00a7 FCV \u00a7 Fuzarca Feminista \u00a7 Grupo Constru\u00e7\u00e3o Coletiva \u00a7 IBDC \u00a7 Intersindical \u00a7Intervozes \u00a7 Instituto Zequinha Barreto \u00a7 Juventude Libre \u00a7 LBL \u00a7 LGBTs do PT \u00a7 LGBTs do PsoL \u00a7 Marcha Mundial das Mulheres \u00a7 MH2O \u00a7 MMC \u00a7 Observat\u00f3rio da Mulher \u00a7 Oriash\u00e9 \u00a7 PLPs \u00a7 RFS \u00a7 REF \u00a7 Refunda\u00e7\u00e3o Comunista \u00a7 Romper o Dia \u00a7 Sec. de Mulheres do PCdoB, PT e PSoL \u00a7 SEMT\/CUT-SP \u00a7 SNMT\/CUT \u00a7 Sindicato \u00e9 Para Lutar \u2013 Oposi\u00e7\u00e3o do Sindicato dos Jornalistas \u00a7 Sindicato dos Banc\u00e1rios de Santos \u00a7 SINPSI \u00a7 Sindicato dos Qu\u00edmicos Unificados \u00a7 SINTARESP \u00a7 SOF \u00a7 Sub-sede Leste Tatuap\u00e9 APEOESP \u00a7 Terra Livre \u00a7 Tribunal Popular \u00a7 UEE-SP \u00a7 UBM \u00a7 UMM-SP \u00a7 UNE \u00a7 UNEAFRO Brasil \u00a7<\/p>\n<p>_____________<\/p>\n<p><strong>Fonte:<\/strong> <a href=\"http:\/\/www.abong.org.br\/noticias.php?id=3475\">ABONG<\/a><\/p>\n","protected":false},"excerpt":{"rendered":"<p>Leia a seguir o manifesto preparado para o dia 8 de mar\u00e7o, Dia Internacional da Luta das Mulheres.<\/p>\n","protected":false},"author":1,"featured_media":0,"comment_status":"open","ping_status":"open","sticky":false,"template":"","format":"standard","meta":{"site-container-style":"default","site-container-layout":"default","site-sidebar-layout":"default","disable-article-header":"default","disable-site-header":"default","disable-site-footer":"default","disable-content-area-spacing":"default","footnotes":""},"categories":[11,4],"tags":[],"class_list":["post-18690","post","type-post","status-publish","format-standard","hentry","category-direitos-humanos","category-noticias"],"yoast_head":"<!-- This site is optimized with the Yoast SEO plugin v27.4 - https:\/\/yoast.com\/product\/yoast-seo-wordpress\/ -->\n<title>Organiza\u00e7\u00f5es lan\u00e7am manifesto sobre o Dia Internacional da Luta das Mulheres -<\/title>\n<meta name=\"robots\" content=\"index, follow, max-snippet:-1, max-image-preview:large, max-video-preview:-1\" \/>\n<link rel=\"canonical\" href=\"https:\/\/inclusivenews.com.br\/?p=18690\" \/>\n<meta property=\"og:locale\" content=\"pt_PT\" \/>\n<meta property=\"og:type\" content=\"article\" \/>\n<meta property=\"og:title\" content=\"Organiza\u00e7\u00f5es lan\u00e7am manifesto sobre o Dia Internacional da Luta das Mulheres -\" \/>\n<meta property=\"og:description\" content=\"Leia a seguir o manifesto preparado para o dia 8 de mar\u00e7o, Dia Internacional da Luta das Mulheres.\" \/>\n<meta property=\"og:url\" content=\"https:\/\/inclusivenews.com.br\/?p=18690\" \/>\n<meta property=\"article:publisher\" content=\"https:\/\/www.facebook.com\/agenciainclusive\/\" \/>\n<meta property=\"article:published_time\" content=\"2011-03-09T11:27:58+00:00\" \/>\n<meta property=\"og:image\" content=\"http:\/\/inclusivenews.com.br\/wp-content\/uploads\/2011\/03\/mulheresemmarcha-300x234.jpg\" \/>\n<meta name=\"author\" content=\"inclusivenews2024\" \/>\n<meta name=\"twitter:card\" content=\"summary_large_image\" \/>\n<meta name=\"twitter:label1\" content=\"Escrito por\" \/>\n\t<meta name=\"twitter:data1\" content=\"inclusivenews2024\" \/>\n\t<meta name=\"twitter:label2\" content=\"Tempo estimado de leitura\" \/>\n\t<meta name=\"twitter:data2\" content=\"11 minutos\" \/>\n<script type=\"application\/ld+json\" class=\"yoast-schema-graph\">{\"@context\":\"https:\\\/\\\/schema.org\",\"@graph\":[{\"@type\":\"Article\",\"@id\":\"https:\\\/\\\/inclusivenews.com.br\\\/?p=18690#article\",\"isPartOf\":{\"@id\":\"https:\\\/\\\/inclusivenews.com.br\\\/?p=18690\"},\"author\":{\"name\":\"inclusivenews2024\",\"@id\":\"https:\\\/\\\/inclusivenews.com.br\\\/#\\\/schema\\\/person\\\/ae4ec7087559b8692fb33b6fffd2273b\"},\"headline\":\"Organiza\u00e7\u00f5es lan\u00e7am manifesto sobre o Dia Internacional da Luta das Mulheres\",\"datePublished\":\"2011-03-09T11:27:58+00:00\",\"mainEntityOfPage\":{\"@id\":\"https:\\\/\\\/inclusivenews.com.br\\\/?p=18690\"},\"wordCount\":2279,\"commentCount\":0,\"publisher\":{\"@id\":\"https:\\\/\\\/inclusivenews.com.br\\\/#organization\"},\"image\":{\"@id\":\"https:\\\/\\\/inclusivenews.com.br\\\/?p=18690#primaryimage\"},\"thumbnailUrl\":\"http:\\\/\\\/inclusivenews.com.br\\\/wp-content\\\/uploads\\\/2011\\\/03\\\/mulheresemmarcha-300x234.jpg\",\"articleSection\":[\"DIREITOS HUMANOS\",\"NOT\u00cdCIAS\"],\"inLanguage\":\"pt-PT\",\"potentialAction\":[{\"@type\":\"CommentAction\",\"name\":\"Comment\",\"target\":[\"https:\\\/\\\/inclusivenews.com.br\\\/?p=18690#respond\"]}]},{\"@type\":\"WebPage\",\"@id\":\"https:\\\/\\\/inclusivenews.com.br\\\/?p=18690\",\"url\":\"https:\\\/\\\/inclusivenews.com.br\\\/?p=18690\",\"name\":\"Organiza\u00e7\u00f5es lan\u00e7am manifesto sobre o Dia Internacional da Luta das Mulheres -\",\"isPartOf\":{\"@id\":\"https:\\\/\\\/inclusivenews.com.br\\\/#website\"},\"primaryImageOfPage\":{\"@id\":\"https:\\\/\\\/inclusivenews.com.br\\\/?p=18690#primaryimage\"},\"image\":{\"@id\":\"https:\\\/\\\/inclusivenews.com.br\\\/?p=18690#primaryimage\"},\"thumbnailUrl\":\"http:\\\/\\\/inclusivenews.com.br\\\/wp-content\\\/uploads\\\/2011\\\/03\\\/mulheresemmarcha-300x234.jpg\",\"datePublished\":\"2011-03-09T11:27:58+00:00\",\"breadcrumb\":{\"@id\":\"https:\\\/\\\/inclusivenews.com.br\\\/?p=18690#breadcrumb\"},\"inLanguage\":\"pt-PT\",\"potentialAction\":[{\"@type\":\"ReadAction\",\"target\":[\"https:\\\/\\\/inclusivenews.com.br\\\/?p=18690\"]}]},{\"@type\":\"ImageObject\",\"inLanguage\":\"pt-PT\",\"@id\":\"https:\\\/\\\/inclusivenews.com.br\\\/?p=18690#primaryimage\",\"url\":\"\",\"contentUrl\":\"\"},{\"@type\":\"BreadcrumbList\",\"@id\":\"https:\\\/\\\/inclusivenews.com.br\\\/?p=18690#breadcrumb\",\"itemListElement\":[{\"@type\":\"ListItem\",\"position\":1,\"name\":\"In\u00edcio\",\"item\":\"https:\\\/\\\/inclusivenews.com.br\\\/\"},{\"@type\":\"ListItem\",\"position\":2,\"name\":\"Organiza\u00e7\u00f5es lan\u00e7am manifesto sobre o Dia Internacional da Luta das Mulheres\"}]},{\"@type\":\"WebSite\",\"@id\":\"https:\\\/\\\/inclusivenews.com.br\\\/#website\",\"url\":\"https:\\\/\\\/inclusivenews.com.br\\\/\",\"name\":\"Inclusive News\",\"description\":\"Inclusive News\",\"publisher\":{\"@id\":\"https:\\\/\\\/inclusivenews.com.br\\\/#organization\"},\"potentialAction\":[{\"@type\":\"SearchAction\",\"target\":{\"@type\":\"EntryPoint\",\"urlTemplate\":\"https:\\\/\\\/inclusivenews.com.br\\\/?s={search_term_string}\"},\"query-input\":{\"@type\":\"PropertyValueSpecification\",\"valueRequired\":true,\"valueName\":\"search_term_string\"}}],\"inLanguage\":\"pt-PT\"},{\"@type\":\"Organization\",\"@id\":\"https:\\\/\\\/inclusivenews.com.br\\\/#organization\",\"name\":\"Inclusive - inclus\u00e3o e cidadania\",\"url\":\"https:\\\/\\\/inclusivenews.com.br\\\/\",\"logo\":{\"@type\":\"ImageObject\",\"inLanguage\":\"pt-PT\",\"@id\":\"https:\\\/\\\/inclusivenews.com.br\\\/#\\\/schema\\\/logo\\\/image\\\/\",\"url\":\"https:\\\/\\\/inclusivenews.com.br\\\/wp-content\\\/uploads\\\/2024\\\/03\\\/@grandesite.png\",\"contentUrl\":\"https:\\\/\\\/inclusivenews.com.br\\\/wp-content\\\/uploads\\\/2024\\\/03\\\/@grandesite.png\",\"width\":1080,\"height\":1080,\"caption\":\"Inclusive - inclus\u00e3o e cidadania\"},\"image\":{\"@id\":\"https:\\\/\\\/inclusivenews.com.br\\\/#\\\/schema\\\/logo\\\/image\\\/\"},\"sameAs\":[\"https:\\\/\\\/www.facebook.com\\\/agenciainclusive\\\/\",\"https:\\\/\\\/www.instagram.com\\\/newsinclusive\\\/\"]},{\"@type\":\"Person\",\"@id\":\"https:\\\/\\\/inclusivenews.com.br\\\/#\\\/schema\\\/person\\\/ae4ec7087559b8692fb33b6fffd2273b\",\"name\":\"inclusivenews2024\",\"image\":{\"@type\":\"ImageObject\",\"inLanguage\":\"pt-PT\",\"@id\":\"https:\\\/\\\/secure.gravatar.com\\\/avatar\\\/c5a7ef84c66fa914f55bc4f7ce26cfa275a3b9a1c5568b907bd184fb4dde7b40?s=96&d=mm&r=g\",\"url\":\"https:\\\/\\\/secure.gravatar.com\\\/avatar\\\/c5a7ef84c66fa914f55bc4f7ce26cfa275a3b9a1c5568b907bd184fb4dde7b40?s=96&d=mm&r=g\",\"contentUrl\":\"https:\\\/\\\/secure.gravatar.com\\\/avatar\\\/c5a7ef84c66fa914f55bc4f7ce26cfa275a3b9a1c5568b907bd184fb4dde7b40?s=96&d=mm&r=g\",\"caption\":\"inclusivenews2024\"},\"sameAs\":[\"https:\\\/\\\/inclusivenews.com.br\"],\"url\":\"https:\\\/\\\/inclusivenews.com.br\\\/?author=1\"}]}<\/script>\n<!-- \/ Yoast SEO plugin. -->","yoast_head_json":{"title":"Organiza\u00e7\u00f5es lan\u00e7am manifesto sobre o Dia Internacional da Luta das Mulheres -","robots":{"index":"index","follow":"follow","max-snippet":"max-snippet:-1","max-image-preview":"max-image-preview:large","max-video-preview":"max-video-preview:-1"},"canonical":"https:\/\/inclusivenews.com.br\/?p=18690","og_locale":"pt_PT","og_type":"article","og_title":"Organiza\u00e7\u00f5es lan\u00e7am manifesto sobre o Dia Internacional da Luta das Mulheres -","og_description":"Leia a seguir o manifesto preparado para o dia 8 de mar\u00e7o, Dia Internacional da Luta das Mulheres.","og_url":"https:\/\/inclusivenews.com.br\/?p=18690","article_publisher":"https:\/\/www.facebook.com\/agenciainclusive\/","article_published_time":"2011-03-09T11:27:58+00:00","og_image":[{"url":"http:\/\/inclusivenews.com.br\/wp-content\/uploads\/2011\/03\/mulheresemmarcha-300x234.jpg","type":"","width":"","height":""}],"author":"inclusivenews2024","twitter_card":"summary_large_image","twitter_misc":{"Escrito por":"inclusivenews2024","Tempo estimado de leitura":"11 minutos"},"schema":{"@context":"https:\/\/schema.org","@graph":[{"@type":"Article","@id":"https:\/\/inclusivenews.com.br\/?p=18690#article","isPartOf":{"@id":"https:\/\/inclusivenews.com.br\/?p=18690"},"author":{"name":"inclusivenews2024","@id":"https:\/\/inclusivenews.com.br\/#\/schema\/person\/ae4ec7087559b8692fb33b6fffd2273b"},"headline":"Organiza\u00e7\u00f5es lan\u00e7am manifesto sobre o Dia Internacional da Luta das Mulheres","datePublished":"2011-03-09T11:27:58+00:00","mainEntityOfPage":{"@id":"https:\/\/inclusivenews.com.br\/?p=18690"},"wordCount":2279,"commentCount":0,"publisher":{"@id":"https:\/\/inclusivenews.com.br\/#organization"},"image":{"@id":"https:\/\/inclusivenews.com.br\/?p=18690#primaryimage"},"thumbnailUrl":"http:\/\/inclusivenews.com.br\/wp-content\/uploads\/2011\/03\/mulheresemmarcha-300x234.jpg","articleSection":["DIREITOS HUMANOS","NOT\u00cdCIAS"],"inLanguage":"pt-PT","potentialAction":[{"@type":"CommentAction","name":"Comment","target":["https:\/\/inclusivenews.com.br\/?p=18690#respond"]}]},{"@type":"WebPage","@id":"https:\/\/inclusivenews.com.br\/?p=18690","url":"https:\/\/inclusivenews.com.br\/?p=18690","name":"Organiza\u00e7\u00f5es lan\u00e7am manifesto sobre o Dia Internacional da Luta das Mulheres -","isPartOf":{"@id":"https:\/\/inclusivenews.com.br\/#website"},"primaryImageOfPage":{"@id":"https:\/\/inclusivenews.com.br\/?p=18690#primaryimage"},"image":{"@id":"https:\/\/inclusivenews.com.br\/?p=18690#primaryimage"},"thumbnailUrl":"http:\/\/inclusivenews.com.br\/wp-content\/uploads\/2011\/03\/mulheresemmarcha-300x234.jpg","datePublished":"2011-03-09T11:27:58+00:00","breadcrumb":{"@id":"https:\/\/inclusivenews.com.br\/?p=18690#breadcrumb"},"inLanguage":"pt-PT","potentialAction":[{"@type":"ReadAction","target":["https:\/\/inclusivenews.com.br\/?p=18690"]}]},{"@type":"ImageObject","inLanguage":"pt-PT","@id":"https:\/\/inclusivenews.com.br\/?p=18690#primaryimage","url":"","contentUrl":""},{"@type":"BreadcrumbList","@id":"https:\/\/inclusivenews.com.br\/?p=18690#breadcrumb","itemListElement":[{"@type":"ListItem","position":1,"name":"In\u00edcio","item":"https:\/\/inclusivenews.com.br\/"},{"@type":"ListItem","position":2,"name":"Organiza\u00e7\u00f5es lan\u00e7am manifesto sobre o Dia Internacional da Luta das Mulheres"}]},{"@type":"WebSite","@id":"https:\/\/inclusivenews.com.br\/#website","url":"https:\/\/inclusivenews.com.br\/","name":"Inclusive News","description":"Inclusive News","publisher":{"@id":"https:\/\/inclusivenews.com.br\/#organization"},"potentialAction":[{"@type":"SearchAction","target":{"@type":"EntryPoint","urlTemplate":"https:\/\/inclusivenews.com.br\/?s={search_term_string}"},"query-input":{"@type":"PropertyValueSpecification","valueRequired":true,"valueName":"search_term_string"}}],"inLanguage":"pt-PT"},{"@type":"Organization","@id":"https:\/\/inclusivenews.com.br\/#organization","name":"Inclusive - inclus\u00e3o e cidadania","url":"https:\/\/inclusivenews.com.br\/","logo":{"@type":"ImageObject","inLanguage":"pt-PT","@id":"https:\/\/inclusivenews.com.br\/#\/schema\/logo\/image\/","url":"https:\/\/inclusivenews.com.br\/wp-content\/uploads\/2024\/03\/@grandesite.png","contentUrl":"https:\/\/inclusivenews.com.br\/wp-content\/uploads\/2024\/03\/@grandesite.png","width":1080,"height":1080,"caption":"Inclusive - inclus\u00e3o e cidadania"},"image":{"@id":"https:\/\/inclusivenews.com.br\/#\/schema\/logo\/image\/"},"sameAs":["https:\/\/www.facebook.com\/agenciainclusive\/","https:\/\/www.instagram.com\/newsinclusive\/"]},{"@type":"Person","@id":"https:\/\/inclusivenews.com.br\/#\/schema\/person\/ae4ec7087559b8692fb33b6fffd2273b","name":"inclusivenews2024","image":{"@type":"ImageObject","inLanguage":"pt-PT","@id":"https:\/\/secure.gravatar.com\/avatar\/c5a7ef84c66fa914f55bc4f7ce26cfa275a3b9a1c5568b907bd184fb4dde7b40?s=96&d=mm&r=g","url":"https:\/\/secure.gravatar.com\/avatar\/c5a7ef84c66fa914f55bc4f7ce26cfa275a3b9a1c5568b907bd184fb4dde7b40?s=96&d=mm&r=g","contentUrl":"https:\/\/secure.gravatar.com\/avatar\/c5a7ef84c66fa914f55bc4f7ce26cfa275a3b9a1c5568b907bd184fb4dde7b40?s=96&d=mm&r=g","caption":"inclusivenews2024"},"sameAs":["https:\/\/inclusivenews.com.br"],"url":"https:\/\/inclusivenews.com.br\/?author=1"}]}},"_links":{"self":[{"href":"https:\/\/inclusivenews.com.br\/index.php?rest_route=\/wp\/v2\/posts\/18690","targetHints":{"allow":["GET"]}}],"collection":[{"href":"https:\/\/inclusivenews.com.br\/index.php?rest_route=\/wp\/v2\/posts"}],"about":[{"href":"https:\/\/inclusivenews.com.br\/index.php?rest_route=\/wp\/v2\/types\/post"}],"author":[{"embeddable":true,"href":"https:\/\/inclusivenews.com.br\/index.php?rest_route=\/wp\/v2\/users\/1"}],"replies":[{"embeddable":true,"href":"https:\/\/inclusivenews.com.br\/index.php?rest_route=%2Fwp%2Fv2%2Fcomments&post=18690"}],"version-history":[{"count":0,"href":"https:\/\/inclusivenews.com.br\/index.php?rest_route=\/wp\/v2\/posts\/18690\/revisions"}],"wp:attachment":[{"href":"https:\/\/inclusivenews.com.br\/index.php?rest_route=%2Fwp%2Fv2%2Fmedia&parent=18690"}],"wp:term":[{"taxonomy":"category","embeddable":true,"href":"https:\/\/inclusivenews.com.br\/index.php?rest_route=%2Fwp%2Fv2%2Fcategories&post=18690"},{"taxonomy":"post_tag","embeddable":true,"href":"https:\/\/inclusivenews.com.br\/index.php?rest_route=%2Fwp%2Fv2%2Ftags&post=18690"}],"curies":[{"name":"wp","href":"https:\/\/api.w.org\/{rel}","templated":true}]}}