{"id":18724,"date":"2011-03-11T20:19:27","date_gmt":"2011-03-11T23:19:27","guid":{"rendered":"http:\/\/www.inclusive.org.br\/?p=18724"},"modified":"2011-03-11T20:19:27","modified_gmt":"2011-03-11T23:19:27","slug":"dia-internacional-da-sindrome-de-down-2011","status":"publish","type":"post","link":"https:\/\/inclusivenews.com.br\/?p=18724","title":{"rendered":"Dia Internacional da S\u00edndrome de Down 2011"},"content":{"rendered":"<p><em> <\/em><\/p>\n<div class=\"separator\" style=\"clear: both; text-align: center;\"><em><a style=\"clear: left; float: left; margin-bottom: 1em; margin-right: 1em;\" href=\"http:\/\/www.youtube.com\/CanalFBASD\"><img loading=\"lazy\" decoding=\"async\" src=\"http:\/\/1.bp.blogspot.com\/-doV8j0WbmOE\/TXoyHnDSCII\/AAAAAAAAAC4\/V-esib2Sh38\/s400\/web_banner_red.jpg\" border=\"0\" alt=\"O texto - Inclus\u00e3o acontecendo, amplie esta id\u00e9ia - sobre o logotipo da FBASD - um olho puxado dentro da bandeira do brasil, com o texto 21 de mar\u00e7o.\" width=\"192\" height=\"339\" \/><\/a><\/em><\/div>\n<p><em>Fa\u00e7a <a href=\"http:\/\/1.bp.blogspot.com\/-doV8j0WbmOE\/TXoyHnDSCII\/AAAAAAAAAC4\/V-esib2Sh38\/s1600\/web_banner_red.jpg\"> download do web-banner<\/a> e cole livremente no seu site ou blog. Envie por e-mail, por celular, cole na redes sociais, espalhe para seus amigos, parentes, pol\u00edticos, quem for&#8230; Amplie esta id\u00e9ia voc\u00ea tamb\u00e9m!<\/em><\/p>\n<p><em>Para inserir\/colar o clipe comemorativo no seu blog ou site use o c\u00f3digo &#8220;embed&#8221; abaixo:<\/em><\/p>\n<p><em>&lt;object style=&#8221;height: 390px; width: 640px&#8221;&gt;&lt;param name=&#8221;movie&#8221; value=&#8221;http:\/\/www.youtube.com\/v\/W8cT7yOdkqA?version=3&#8243;&gt;&lt;param<br \/>\nname=&#8221;allowFullScreen&#8221; value=&#8221;true&#8221;&gt;&lt;param name=&#8221;allowScriptAccess&#8221; value=&#8221;always&#8221;&gt;&lt;embed<br \/>\nsrc=&#8221;http:\/\/www.youtube.com\/v\/W8cT7yOdkqA?version=3&#8243; type=&#8221;application\/x-shockwave-flash&#8221; allowfullscreen=&#8221;true&#8221; allowScriptAccess=&#8221;always&#8221; width=&#8221;640&#8243; height=&#8221;390&#8243;&gt;&lt;\/object&gt;<\/em><\/p>\n<div style=\"text-align: center;\"><span style=\"font-size: 130%;\"><em><strong>21\/3 \u2013 Dia Internacional da S\u00edndrome de Down 2011<\/strong><br \/>\n<strong>Inclus\u00e3o Acontecendo \u2013 Amplie este Exemplo<\/strong><\/em><\/span><\/div>\n<p><em><a href=\"http:\/\/www.facebook.com\/share.php?u=http:\/\/fbasd.blogspot.com\/2011\/03\/dia-internacional-da-sindrome-de-down_11.html\">Compartilhe a not\u00edcia no Facebook neste link.<\/a><\/em><\/p>\n<div style=\"text-align: center;\"><span style=\"font-style: italic; font-weight: bold;\">Nota \u00e0 imprensa<br \/>\nFedera\u00e7\u00e3o Nacional de Associa\u00e7\u00f5es Brasileiras de S\u00edndrome de Down (FBASD)<\/span><\/div>\n<p>Campanha para tornar a data oficial, clip na m\u00eddia social com a can\u00e7\u00e3o \u201cDiversidade\u201d de Lenine, solenidades, caminhadas e festas, entre outros eventos, lembram a data<\/p>\n<p>O Brasil comemora o Dia Internacional da S\u00edndrome de Down no pr\u00f3ximo 21\/3 com extensa programa\u00e7\u00e3o. Usando o tema \u201cInclus\u00e3o Acontecendo \u2013 Amplie este Exemplo\u201d, \u00e9 a sexta vez que a data, criada para celebrar a vida das pessoas com s\u00edndrome de Down e chamar aten\u00e7\u00e3o da sociedade para a import\u00e2ncia da inclus\u00e3o total, \u00e9 celebrada no pa\u00eds.<\/p>\n<p><strong>Por qu\u00ea 21\/3?<\/strong><\/p>\n<p>O Dia Internacional da S\u00edndrome de Down foi institu\u00eddo pela Down Syndrome International como o dia 21 de Mar\u00e7o, com o objetivo de contribuir para conscientiza\u00e7\u00e3o da popula\u00e7\u00e3o e para formar cidad\u00e3os com s\u00edndrome de Down auto-determinados, produtivos, inclu\u00eddos na sociedade, com melhor qualidade de vida.<\/p>\n<p>A data foi escolhida porque se escreve 21\/3 (ou 3\/21), o que faz alus\u00e3o aos 3 cromossomos n\u00famero 21n que as pessoas com s\u00edndrome de Down carregam. A ideia do dia partiu do geneticista Stylianos E. Antonarakis, da Universidade de Genebra, e foi defendida em 2005 no Congresso Internacional de S\u00edndrome de Down em Mallorca, na Espanha. A primeira comemora\u00e7\u00e3o da data foi em 2006.<\/p>\n<p>No Brasil, o Dia Internacional da S\u00edndrome de Down \u00e9 celebrado desde 2006. Em 2007, houve muita repercuss\u00e3o na m\u00eddia pela participa\u00e7\u00e3o do jogador de futebol Rom\u00e1rio, que tem uma filha com s\u00edndrome de Down, Ivy, e pela novela P\u00e1ginas da Vida, que contava a hist\u00f3ria de uma menina com s\u00edndrome de Down, a Clara, vivida pela atriz Joana Mocarzel.<\/p>\n<p>No Brasil, \u00e9 a Federa\u00e7\u00e3o Brasileira das Associa\u00e7\u00f5es de S\u00edndrome de Down (FBASD) quem articula e organiza eventos em todo o pa\u00eds. Com o tema \u201cInclus\u00e3o Acontecendo: Amplie este Exemplo\u201d, a FBASD e as associa\u00e7\u00f5es filiadas est\u00e3o reunindo mais uma vez a maior programa\u00e7\u00e3o por pa\u00eds, segundo a DSI, para comemorar a data, com mais de 40 eventos marcados. <a href=\"http:\/\/www.worlddownsyndromeday.org\/brazil.htm\">http:\/\/www.worlddownsyndromeday.org\/brazil.htm<\/a><\/p>\n<p>De acordo com Maria de Lourdes Marques Lima, presidente da FBASD, o tema escolhido para 2011 \u00e9 uma evolu\u00e7\u00e3o natural do tema de 2010, \u201cInclus\u00e3o Social: Vamos fazer Acontecer!\u201d. \u201cA sociedade est\u00e1 vendo cada vez mais pessoas com s\u00edndrome de Down nas ruas, na escola, no trabalho, e come\u00e7a a perceber que a inclus\u00e3o \u00e9 poss\u00edvel e depende de cada um de n\u00f3s. Da\u00ed o convite: amplie este exemplo&#8221;.<\/p>\n<p>A Federa\u00e7\u00e3o est\u00e1 inclusive aproveitando a oportunidade para pedir ao governo brasileiro que proponha na ONU que a data seja oficializada.<\/p>\n<div>Leia mais &#8211; <a href=\"http:\/\/www.inclusive.org.br\/?p=18797\">S\u00edndrome de Down: Pedido para tornar data oficial na ONU<\/a><\/div>\n<div><strong>\u201cDiversidade\u201d de Lenine na M\u00eddia Social<\/strong>Como n\u00e3o poderia deixar de ser, o Dia Internacional tamb\u00e9m vai invadir a m\u00eddia social. Ferramenta de inclus\u00e3o usada mundialmente por milh\u00f5es de jovens, um clipe preparado para a data est\u00e1 sendo disseminado atrav\u00e9s do Facebook, Twitter, Orkut, MSN, email&#8230; Embalado pela emblem\u00e1tica can\u00e7\u00e3o de Lenine \u201cDiversidade\u201d. o clipe traz imagens de crian\u00e7as, jovens e adultos com s\u00edndrome de Down em situa\u00e7\u00f5es cotidianas, entre elas das filhas do Senador Lindbergh Farias e do Deputado Federal Romario. A letra da m\u00fasica foi traduzida para o ingl\u00eas e o espanhol e ser\u00e1 veiculada para todo o mundo atrav\u00e9s da Down Syndrome International.<\/p>\n<p>Samuel Sestaro, Rela\u00e7\u00f5es P\u00fablicas da FBASD, aprovou o resultado: &#8220;achei o v\u00eddeo muito legal e muito interessante&#8221;. E deu seu recado para aqueles que, como ele, t\u00eam s\u00edndrome de Down: &#8220;todas as pessoas com s\u00edndrome de Down podem vencer sobre a vida deles, mesmo com a s\u00edndrome. Podem vencer essa luta de escolas particulares perto de suas casas e os pais podem procurar uma escola pros seus filhos ou filhas na Prefeitura de cada cidade do Brasil. Quando eles superarem essas novas experi\u00eancias, eles ou elas podem se virar sozinhas ou sozinhos para depois, como adultos, estarem superando suas dificuldades&#8221;.<em><br \/>\n<a href=\"http:\/\/www.youtube.com\/CanalFBASD\" target=\"_blank\" rel=\"noopener\"><object classid=\"clsid:d27cdb6e-ae6d-11cf-96b8-444553540000\" width=\"470\" height=\"286\" codebase=\"http:\/\/download.macromedia.com\/pub\/shockwave\/cabs\/flash\/swflash.cab#version=6,0,40,0\"><param name=\"src\" value=\"http:\/\/www.youtube.com\/v\/W8cT7yOdkqA\" \/><embed type=\"application\/x-shockwave-flash\" width=\"470\" height=\"286\" src=\"http:\/\/www.youtube.com\/v\/W8cT7yOdkqA\"><\/embed><\/object><br \/>\n<\/a><\/em><\/p>\n<p><strong>Programa\u00e7\u00e3o<\/strong><\/p>\n<p>A programa\u00e7\u00e3o inclui sess\u00f5es solenes na C\u00e2mara dos Deputados e no Senado Federal, assim como em v\u00e1rias C\u00e2maras de Vereadores municipais, Assembl\u00e9ias Legislativas estaduais, ressaltando a relev\u00e2ncia que a data alcan\u00e7ou junto ao poder p\u00fablico. No Senado o evento foi iniciativa do Senador Lindbegh Farias e Deputado Rom\u00e1rio, ambos pais de crian\u00e7as com s\u00edndrome de Down. O estado de Sergipe, governado por Marcelo Deda que tamb\u00e9m tem um filho com s\u00edndrome de Down tamb\u00e9m preparou extensa programa\u00e7\u00e3o. Al\u00e9m da participa\u00e7\u00e3o de pol\u00edticos e especialistas, nestas oportunidades cidad\u00e3os com s\u00edndrome de Down representar\u00e3o a si pr\u00f3prios revelando suas conquistas e expondo suas demandas para que a inclus\u00e3o em todas as esferas ocorra de forma cada vez mais abrangente no Brasil.<\/p>\n<p>Haver\u00e1 ainda eventos a n\u00edvel internacional, como o semin\u00e1rio \u201cSer Inclus\u00e3o\u201d, em Itapetinga, Bahia, com a presen\u00e7a do educador Jos\u00e9 Pacheco, da Escola da Ponte em Lisboa, palestras sobre a evolu\u00e7\u00e3o da gen\u00e9tica, com o geneticista Dr. Francis Maciel Galera em Cuiab\u00e1, Mato Grosso, que caminha a passos largos no entendimento da s\u00edndrome e possibilidades efetivas de tratamentos que possibilitem a melhoria da qualidade de vida de quem tem um cromossomo a mais.<\/p>\n<p>Mas como a ideia e celebrar, n\u00e3o vai faltar anima\u00e7\u00e3o na j\u00e1 tradicional colorida e alegre \u201cCaminhaDown\u201d, que ocupa a orla carioca e este ano vai acontecer no Leblon, terminando no Baixo Beb\u00ea, no Rio de Janeiro e no picnic organizado pelo grupo Happy Down no Ibirapuera em S\u00e3o Paulo. Mais ritmo e anima\u00e7\u00e3o no Bloco CarnaDown, na Downceteria e na apresenta\u00e7\u00e3o do banda Batal\u00e1 no Parque da Cidade em Bras\u00edlia. Exposi\u00e7\u00f5es de arte e espet\u00e1culos de dan\u00e7a completam as comemora\u00e7\u00f5es por todo Brasil.<\/p>\n<p><a href=\"http:\/\/fbasd.blogspot.com\" target=\"_blank\" rel=\"noopener\">Informa\u00e7\u00f5es \u00a0atualizadas sobre a programa\u00e7\u00e3o no Brasil no Blog Oficial da FBASD, neste link.<\/a><\/p>\n<p>____________<\/p>\n<p><strong>Fonte:<\/strong> FBASD<\/p>\n<\/div>\n","protected":false},"excerpt":{"rendered":"<p>Campanha na m\u00eddia social com a can\u00e7\u00e3o \u201cDiversidade\u201d de Lenine, solenidades, caminhadas e festas, entre outros eventos, lembram a data.<\/p>\n","protected":false},"author":1,"featured_media":0,"comment_status":"open","ping_status":"open","sticky":false,"template":"","format":"standard","meta":{"site-container-style":"default","site-container-layout":"default","site-sidebar-layout":"default","disable-article-header":"default","disable-site-header":"default","disable-site-footer":"default","disable-content-area-spacing":"default","footnotes":""},"categories":[3,36,38,11,40,48,7,4],"tags":[],"class_list":["post-18724","post","type-post","status-publish","format-standard","hentry","category-campanhas","category-colunas-especiais","category-deficiencia","category-direitos-humanos","category-diversidade","category-inclusao","category-inclusive","category-noticias"],"yoast_head":"<!-- This site is optimized with the Yoast SEO plugin v27.4 - https:\/\/yoast.com\/product\/yoast-seo-wordpress\/ -->\n<title>Dia Internacional da S\u00edndrome de Down 2011 -<\/title>\n<meta name=\"robots\" content=\"index, follow, max-snippet:-1, max-image-preview:large, max-video-preview:-1\" \/>\n<link rel=\"canonical\" href=\"https:\/\/inclusivenews.com.br\/?p=18724\" \/>\n<meta property=\"og:locale\" content=\"pt_PT\" \/>\n<meta property=\"og:type\" content=\"article\" \/>\n<meta property=\"og:title\" content=\"Dia Internacional da S\u00edndrome de Down 2011 -\" \/>\n<meta property=\"og:description\" content=\"Campanha na m\u00eddia social com a can\u00e7\u00e3o \u201cDiversidade\u201d de Lenine, solenidades, caminhadas e festas, entre outros eventos, lembram a data.\" \/>\n<meta property=\"og:url\" content=\"https:\/\/inclusivenews.com.br\/?p=18724\" \/>\n<meta property=\"article:publisher\" content=\"https:\/\/www.facebook.com\/agenciainclusive\/\" \/>\n<meta property=\"article:published_time\" content=\"2011-03-11T23:19:27+00:00\" \/>\n<meta property=\"og:image\" content=\"http:\/\/1.bp.blogspot.com\/-doV8j0WbmOE\/TXoyHnDSCII\/AAAAAAAAAC4\/V-esib2Sh38\/s400\/web_banner_red.jpg\" \/>\n<meta name=\"author\" content=\"inclusivenews2024\" \/>\n<meta name=\"twitter:card\" content=\"summary_large_image\" \/>\n<meta name=\"twitter:label1\" content=\"Escrito por\" \/>\n\t<meta name=\"twitter:data1\" content=\"inclusivenews2024\" \/>\n\t<meta name=\"twitter:label2\" content=\"Tempo estimado de leitura\" \/>\n\t<meta name=\"twitter:data2\" content=\"6 minutos\" \/>\n<script type=\"application\/ld+json\" class=\"yoast-schema-graph\">{\"@context\":\"https:\\\/\\\/schema.org\",\"@graph\":[{\"@type\":\"Article\",\"@id\":\"https:\\\/\\\/inclusivenews.com.br\\\/?p=18724#article\",\"isPartOf\":{\"@id\":\"https:\\\/\\\/inclusivenews.com.br\\\/?p=18724\"},\"author\":{\"name\":\"inclusivenews2024\",\"@id\":\"https:\\\/\\\/inclusivenews.com.br\\\/#\\\/schema\\\/person\\\/ae4ec7087559b8692fb33b6fffd2273b\"},\"headline\":\"Dia Internacional da S\u00edndrome de Down 2011\",\"datePublished\":\"2011-03-11T23:19:27+00:00\",\"mainEntityOfPage\":{\"@id\":\"https:\\\/\\\/inclusivenews.com.br\\\/?p=18724\"},\"wordCount\":1182,\"commentCount\":4,\"publisher\":{\"@id\":\"https:\\\/\\\/inclusivenews.com.br\\\/#organization\"},\"image\":{\"@id\":\"https:\\\/\\\/inclusivenews.com.br\\\/?p=18724#primaryimage\"},\"thumbnailUrl\":\"http:\\\/\\\/1.bp.blogspot.com\\\/-doV8j0WbmOE\\\/TXoyHnDSCII\\\/AAAAAAAAAC4\\\/V-esib2Sh38\\\/s400\\\/web_banner_red.jpg\",\"articleSection\":[\"CAMPANHAS\",\"Colunas especiais\",\"Defici\u00eancia\",\"DIREITOS HUMANOS\",\"Diversidade\",\"INCLUS\u00c3O SOCIAL\",\"Inclusive\",\"NOT\u00cdCIAS\"],\"inLanguage\":\"pt-PT\",\"potentialAction\":[{\"@type\":\"CommentAction\",\"name\":\"Comment\",\"target\":[\"https:\\\/\\\/inclusivenews.com.br\\\/?p=18724#respond\"]}]},{\"@type\":\"WebPage\",\"@id\":\"https:\\\/\\\/inclusivenews.com.br\\\/?p=18724\",\"url\":\"https:\\\/\\\/inclusivenews.com.br\\\/?p=18724\",\"name\":\"Dia Internacional da S\u00edndrome de Down 2011 -\",\"isPartOf\":{\"@id\":\"https:\\\/\\\/inclusivenews.com.br\\\/#website\"},\"primaryImageOfPage\":{\"@id\":\"https:\\\/\\\/inclusivenews.com.br\\\/?p=18724#primaryimage\"},\"image\":{\"@id\":\"https:\\\/\\\/inclusivenews.com.br\\\/?p=18724#primaryimage\"},\"thumbnailUrl\":\"http:\\\/\\\/1.bp.blogspot.com\\\/-doV8j0WbmOE\\\/TXoyHnDSCII\\\/AAAAAAAAAC4\\\/V-esib2Sh38\\\/s400\\\/web_banner_red.jpg\",\"datePublished\":\"2011-03-11T23:19:27+00:00\",\"breadcrumb\":{\"@id\":\"https:\\\/\\\/inclusivenews.com.br\\\/?p=18724#breadcrumb\"},\"inLanguage\":\"pt-PT\",\"potentialAction\":[{\"@type\":\"ReadAction\",\"target\":[\"https:\\\/\\\/inclusivenews.com.br\\\/?p=18724\"]}]},{\"@type\":\"ImageObject\",\"inLanguage\":\"pt-PT\",\"@id\":\"https:\\\/\\\/inclusivenews.com.br\\\/?p=18724#primaryimage\",\"url\":\"http:\\\/\\\/1.bp.blogspot.com\\\/-doV8j0WbmOE\\\/TXoyHnDSCII\\\/AAAAAAAAAC4\\\/V-esib2Sh38\\\/s400\\\/web_banner_red.jpg\",\"contentUrl\":\"http:\\\/\\\/1.bp.blogspot.com\\\/-doV8j0WbmOE\\\/TXoyHnDSCII\\\/AAAAAAAAAC4\\\/V-esib2Sh38\\\/s400\\\/web_banner_red.jpg\"},{\"@type\":\"BreadcrumbList\",\"@id\":\"https:\\\/\\\/inclusivenews.com.br\\\/?p=18724#breadcrumb\",\"itemListElement\":[{\"@type\":\"ListItem\",\"position\":1,\"name\":\"In\u00edcio\",\"item\":\"https:\\\/\\\/inclusivenews.com.br\\\/\"},{\"@type\":\"ListItem\",\"position\":2,\"name\":\"Dia Internacional da S\u00edndrome de Down 2011\"}]},{\"@type\":\"WebSite\",\"@id\":\"https:\\\/\\\/inclusivenews.com.br\\\/#website\",\"url\":\"https:\\\/\\\/inclusivenews.com.br\\\/\",\"name\":\"Inclusive News\",\"description\":\"Inclusive News\",\"publisher\":{\"@id\":\"https:\\\/\\\/inclusivenews.com.br\\\/#organization\"},\"potentialAction\":[{\"@type\":\"SearchAction\",\"target\":{\"@type\":\"EntryPoint\",\"urlTemplate\":\"https:\\\/\\\/inclusivenews.com.br\\\/?s={search_term_string}\"},\"query-input\":{\"@type\":\"PropertyValueSpecification\",\"valueRequired\":true,\"valueName\":\"search_term_string\"}}],\"inLanguage\":\"pt-PT\"},{\"@type\":\"Organization\",\"@id\":\"https:\\\/\\\/inclusivenews.com.br\\\/#organization\",\"name\":\"Inclusive - inclus\u00e3o e cidadania\",\"url\":\"https:\\\/\\\/inclusivenews.com.br\\\/\",\"logo\":{\"@type\":\"ImageObject\",\"inLanguage\":\"pt-PT\",\"@id\":\"https:\\\/\\\/inclusivenews.com.br\\\/#\\\/schema\\\/logo\\\/image\\\/\",\"url\":\"https:\\\/\\\/inclusivenews.com.br\\\/wp-content\\\/uploads\\\/2024\\\/03\\\/@grandesite.png\",\"contentUrl\":\"https:\\\/\\\/inclusivenews.com.br\\\/wp-content\\\/uploads\\\/2024\\\/03\\\/@grandesite.png\",\"width\":1080,\"height\":1080,\"caption\":\"Inclusive - inclus\u00e3o e cidadania\"},\"image\":{\"@id\":\"https:\\\/\\\/inclusivenews.com.br\\\/#\\\/schema\\\/logo\\\/image\\\/\"},\"sameAs\":[\"https:\\\/\\\/www.facebook.com\\\/agenciainclusive\\\/\",\"https:\\\/\\\/www.instagram.com\\\/newsinclusive\\\/\"]},{\"@type\":\"Person\",\"@id\":\"https:\\\/\\\/inclusivenews.com.br\\\/#\\\/schema\\\/person\\\/ae4ec7087559b8692fb33b6fffd2273b\",\"name\":\"inclusivenews2024\",\"image\":{\"@type\":\"ImageObject\",\"inLanguage\":\"pt-PT\",\"@id\":\"https:\\\/\\\/secure.gravatar.com\\\/avatar\\\/c5a7ef84c66fa914f55bc4f7ce26cfa275a3b9a1c5568b907bd184fb4dde7b40?s=96&d=mm&r=g\",\"url\":\"https:\\\/\\\/secure.gravatar.com\\\/avatar\\\/c5a7ef84c66fa914f55bc4f7ce26cfa275a3b9a1c5568b907bd184fb4dde7b40?s=96&d=mm&r=g\",\"contentUrl\":\"https:\\\/\\\/secure.gravatar.com\\\/avatar\\\/c5a7ef84c66fa914f55bc4f7ce26cfa275a3b9a1c5568b907bd184fb4dde7b40?s=96&d=mm&r=g\",\"caption\":\"inclusivenews2024\"},\"sameAs\":[\"https:\\\/\\\/inclusivenews.com.br\"],\"url\":\"https:\\\/\\\/inclusivenews.com.br\\\/?author=1\"}]}<\/script>\n<!-- \/ Yoast SEO plugin. -->","yoast_head_json":{"title":"Dia Internacional da S\u00edndrome de Down 2011 -","robots":{"index":"index","follow":"follow","max-snippet":"max-snippet:-1","max-image-preview":"max-image-preview:large","max-video-preview":"max-video-preview:-1"},"canonical":"https:\/\/inclusivenews.com.br\/?p=18724","og_locale":"pt_PT","og_type":"article","og_title":"Dia Internacional da S\u00edndrome de Down 2011 -","og_description":"Campanha na m\u00eddia social com a can\u00e7\u00e3o \u201cDiversidade\u201d de Lenine, solenidades, caminhadas e festas, entre outros eventos, lembram a data.","og_url":"https:\/\/inclusivenews.com.br\/?p=18724","article_publisher":"https:\/\/www.facebook.com\/agenciainclusive\/","article_published_time":"2011-03-11T23:19:27+00:00","og_image":[{"url":"http:\/\/1.bp.blogspot.com\/-doV8j0WbmOE\/TXoyHnDSCII\/AAAAAAAAAC4\/V-esib2Sh38\/s400\/web_banner_red.jpg","type":"","width":"","height":""}],"author":"inclusivenews2024","twitter_card":"summary_large_image","twitter_misc":{"Escrito por":"inclusivenews2024","Tempo estimado de leitura":"6 minutos"},"schema":{"@context":"https:\/\/schema.org","@graph":[{"@type":"Article","@id":"https:\/\/inclusivenews.com.br\/?p=18724#article","isPartOf":{"@id":"https:\/\/inclusivenews.com.br\/?p=18724"},"author":{"name":"inclusivenews2024","@id":"https:\/\/inclusivenews.com.br\/#\/schema\/person\/ae4ec7087559b8692fb33b6fffd2273b"},"headline":"Dia Internacional da S\u00edndrome de Down 2011","datePublished":"2011-03-11T23:19:27+00:00","mainEntityOfPage":{"@id":"https:\/\/inclusivenews.com.br\/?p=18724"},"wordCount":1182,"commentCount":4,"publisher":{"@id":"https:\/\/inclusivenews.com.br\/#organization"},"image":{"@id":"https:\/\/inclusivenews.com.br\/?p=18724#primaryimage"},"thumbnailUrl":"http:\/\/1.bp.blogspot.com\/-doV8j0WbmOE\/TXoyHnDSCII\/AAAAAAAAAC4\/V-esib2Sh38\/s400\/web_banner_red.jpg","articleSection":["CAMPANHAS","Colunas especiais","Defici\u00eancia","DIREITOS HUMANOS","Diversidade","INCLUS\u00c3O SOCIAL","Inclusive","NOT\u00cdCIAS"],"inLanguage":"pt-PT","potentialAction":[{"@type":"CommentAction","name":"Comment","target":["https:\/\/inclusivenews.com.br\/?p=18724#respond"]}]},{"@type":"WebPage","@id":"https:\/\/inclusivenews.com.br\/?p=18724","url":"https:\/\/inclusivenews.com.br\/?p=18724","name":"Dia Internacional da S\u00edndrome de Down 2011 -","isPartOf":{"@id":"https:\/\/inclusivenews.com.br\/#website"},"primaryImageOfPage":{"@id":"https:\/\/inclusivenews.com.br\/?p=18724#primaryimage"},"image":{"@id":"https:\/\/inclusivenews.com.br\/?p=18724#primaryimage"},"thumbnailUrl":"http:\/\/1.bp.blogspot.com\/-doV8j0WbmOE\/TXoyHnDSCII\/AAAAAAAAAC4\/V-esib2Sh38\/s400\/web_banner_red.jpg","datePublished":"2011-03-11T23:19:27+00:00","breadcrumb":{"@id":"https:\/\/inclusivenews.com.br\/?p=18724#breadcrumb"},"inLanguage":"pt-PT","potentialAction":[{"@type":"ReadAction","target":["https:\/\/inclusivenews.com.br\/?p=18724"]}]},{"@type":"ImageObject","inLanguage":"pt-PT","@id":"https:\/\/inclusivenews.com.br\/?p=18724#primaryimage","url":"http:\/\/1.bp.blogspot.com\/-doV8j0WbmOE\/TXoyHnDSCII\/AAAAAAAAAC4\/V-esib2Sh38\/s400\/web_banner_red.jpg","contentUrl":"http:\/\/1.bp.blogspot.com\/-doV8j0WbmOE\/TXoyHnDSCII\/AAAAAAAAAC4\/V-esib2Sh38\/s400\/web_banner_red.jpg"},{"@type":"BreadcrumbList","@id":"https:\/\/inclusivenews.com.br\/?p=18724#breadcrumb","itemListElement":[{"@type":"ListItem","position":1,"name":"In\u00edcio","item":"https:\/\/inclusivenews.com.br\/"},{"@type":"ListItem","position":2,"name":"Dia Internacional da S\u00edndrome de Down 2011"}]},{"@type":"WebSite","@id":"https:\/\/inclusivenews.com.br\/#website","url":"https:\/\/inclusivenews.com.br\/","name":"Inclusive News","description":"Inclusive News","publisher":{"@id":"https:\/\/inclusivenews.com.br\/#organization"},"potentialAction":[{"@type":"SearchAction","target":{"@type":"EntryPoint","urlTemplate":"https:\/\/inclusivenews.com.br\/?s={search_term_string}"},"query-input":{"@type":"PropertyValueSpecification","valueRequired":true,"valueName":"search_term_string"}}],"inLanguage":"pt-PT"},{"@type":"Organization","@id":"https:\/\/inclusivenews.com.br\/#organization","name":"Inclusive - inclus\u00e3o e cidadania","url":"https:\/\/inclusivenews.com.br\/","logo":{"@type":"ImageObject","inLanguage":"pt-PT","@id":"https:\/\/inclusivenews.com.br\/#\/schema\/logo\/image\/","url":"https:\/\/inclusivenews.com.br\/wp-content\/uploads\/2024\/03\/@grandesite.png","contentUrl":"https:\/\/inclusivenews.com.br\/wp-content\/uploads\/2024\/03\/@grandesite.png","width":1080,"height":1080,"caption":"Inclusive - inclus\u00e3o e cidadania"},"image":{"@id":"https:\/\/inclusivenews.com.br\/#\/schema\/logo\/image\/"},"sameAs":["https:\/\/www.facebook.com\/agenciainclusive\/","https:\/\/www.instagram.com\/newsinclusive\/"]},{"@type":"Person","@id":"https:\/\/inclusivenews.com.br\/#\/schema\/person\/ae4ec7087559b8692fb33b6fffd2273b","name":"inclusivenews2024","image":{"@type":"ImageObject","inLanguage":"pt-PT","@id":"https:\/\/secure.gravatar.com\/avatar\/c5a7ef84c66fa914f55bc4f7ce26cfa275a3b9a1c5568b907bd184fb4dde7b40?s=96&d=mm&r=g","url":"https:\/\/secure.gravatar.com\/avatar\/c5a7ef84c66fa914f55bc4f7ce26cfa275a3b9a1c5568b907bd184fb4dde7b40?s=96&d=mm&r=g","contentUrl":"https:\/\/secure.gravatar.com\/avatar\/c5a7ef84c66fa914f55bc4f7ce26cfa275a3b9a1c5568b907bd184fb4dde7b40?s=96&d=mm&r=g","caption":"inclusivenews2024"},"sameAs":["https:\/\/inclusivenews.com.br"],"url":"https:\/\/inclusivenews.com.br\/?author=1"}]}},"_links":{"self":[{"href":"https:\/\/inclusivenews.com.br\/index.php?rest_route=\/wp\/v2\/posts\/18724","targetHints":{"allow":["GET"]}}],"collection":[{"href":"https:\/\/inclusivenews.com.br\/index.php?rest_route=\/wp\/v2\/posts"}],"about":[{"href":"https:\/\/inclusivenews.com.br\/index.php?rest_route=\/wp\/v2\/types\/post"}],"author":[{"embeddable":true,"href":"https:\/\/inclusivenews.com.br\/index.php?rest_route=\/wp\/v2\/users\/1"}],"replies":[{"embeddable":true,"href":"https:\/\/inclusivenews.com.br\/index.php?rest_route=%2Fwp%2Fv2%2Fcomments&post=18724"}],"version-history":[{"count":0,"href":"https:\/\/inclusivenews.com.br\/index.php?rest_route=\/wp\/v2\/posts\/18724\/revisions"}],"wp:attachment":[{"href":"https:\/\/inclusivenews.com.br\/index.php?rest_route=%2Fwp%2Fv2%2Fmedia&parent=18724"}],"wp:term":[{"taxonomy":"category","embeddable":true,"href":"https:\/\/inclusivenews.com.br\/index.php?rest_route=%2Fwp%2Fv2%2Fcategories&post=18724"},{"taxonomy":"post_tag","embeddable":true,"href":"https:\/\/inclusivenews.com.br\/index.php?rest_route=%2Fwp%2Fv2%2Ftags&post=18724"}],"curies":[{"name":"wp","href":"https:\/\/api.w.org\/{rel}","templated":true}]}}