{"id":18770,"date":"2011-03-17T07:37:30","date_gmt":"2011-03-17T10:37:30","guid":{"rendered":"http:\/\/www.inclusive.org.br\/?p=18770"},"modified":"2011-03-17T07:37:30","modified_gmt":"2011-03-17T10:37:30","slug":"discriminacao-afeta-a-saude-de-pessoas-com-obesidade","status":"publish","type":"post","link":"https:\/\/inclusivenews.com.br\/?p=18770","title":{"rendered":"Discrimina\u00e7\u00e3o afeta a sa\u00fade de pessoas com obesidade"},"content":{"rendered":"<figure id=\"attachment_18714\" aria-describedby=\"caption-attachment-18714\" style=\"width: 300px\" class=\"wp-caption alignleft\"><a href=\"http:\/\/www.inclusivenews.com.br\/wp-content\/uploads\/2011\/03\/discrimanacao_e_preconceito.jpg\"><img loading=\"lazy\" decoding=\"async\" class=\"size-full wp-image-18714\" title=\"Inclusive - Discrimina\u00e7\u00e3o - Preconceito - Um boneco em vermelho aparece diante de dois grupos de bonecos grandes.\" src=\"http:\/\/inclusivenews.com.br\/wp-content\/uploads\/2011\/03\/discrimanacao_e_preconceito.jpg\" alt=\"Inclusive - Discrimina\u00e7\u00e3o - Preconceito - Um boneco em vermelho aparece diante de dois grupos de bonecos grandes.\" width=\"300\" height=\"180\" \/><\/a><figcaption id=\"caption-attachment-18714\" class=\"wp-caption-text\"> <\/figcaption><\/figure>\n<p>A obesidade \u00e9 um problema fisiol\u00f3gico, mas, quando o obeso tem intera\u00e7\u00f5es negativas em seu mundo social \u2013 incluindo a sensa\u00e7\u00e3o de ser discriminado \u2013, pode ter a situa\u00e7\u00e3o piorada, o que contribui para a sa\u00fade f\u00edsica em decl\u00ednio\u201d, explica Markus H. Schafer. O aluno da Universidade Purdue (EUA) liderou estudo sobre os efeitos que a discrimina\u00e7\u00e3o t\u00eam na sa\u00fade de um obeso.<\/p>\n<p>Schafer e o professor Kenneth F. Ferraro analisaram dados de um estudo (o National Survey of Midlife Development in the United States) que acompanhou mais de 1.500 pessoas e examinou seus \u00edndices de massa corporal e percep\u00e7\u00e3o de discrimina\u00e7\u00e3o.<\/p>\n<p>A an\u00e1lise feita por eles mostrou que em torno de um ter\u00e7o dos americanos que sofrem de obesidade severa j\u00e1 passou por experi\u00eancias discriminat\u00f3rias. S\u00e3o situa\u00e7\u00f5es como ser mal-atendido em um restaurante ou receber tratamento diferenciado no local de trabalho.<\/p>\n<p>Ap\u00f3s dez anos de acompanhamento dos participantes, o estudo mostrou que os obesos que tinham sofrido discrimina\u00e7\u00e3o apresentavam um quadro geral de sa\u00fade pior do que os que n\u00e3o haviam passado pela mesma experi\u00eancia. Em torno de 11% dos moderadamente obesos e 33% dos severamente obesos que disseram ter sofrido discrimina\u00e7\u00e3o tiveram pioras dr\u00e1sticas de sa\u00fade. Esse decl\u00ednio incluiu o comprometimento de habilidades funcionais \u2013 como subir escadas e carregar objetos.<br \/>\nSchafer diz que \u201cparece que muitas pessoas est\u00e3o internalizando o preconceito e estigma que elas sentem, o que contribui para o estresse e acaba afetando a sa\u00fade delas\u201d.<\/p>\n<p>Para lutar contra a obesidade, a pessoa deve entrar em contato com um m\u00e9dico, mas o acompanhamento psicol\u00f3gico tamb\u00e9m \u00e9 aconselh\u00e1vel. O professor Ferraro acredita que campanhas contra a obesidade poderiam conscientizar a popula\u00e7\u00e3o e ajudar na solu\u00e7\u00e3o do problema.<br \/>\n___________________<\/p>\n<p><strong>Fonte:<\/strong> <a href=\"http:\/\/www.jmonline.com.br\/novo\/?noticias,7,SA%DADE,42459\">Jornal da Manh\u00e3<\/a><\/p>\n","protected":false},"excerpt":{"rendered":"<p>A obesidade \u00e9 um problema fisiol\u00f3gico, mas, quando o obeso tem intera\u00e7\u00f5es negativas em seu mundo social \u2013 incluindo a sensa\u00e7\u00e3o de ser discriminado \u2013, pode ter a situa\u00e7\u00e3o piorada, o que contribui para a sa\u00fade f\u00edsica em decl\u00ednio\u201d, explica Markus H. Schafer. O aluno da Universidade Purdue (EUA) liderou estudo sobre os efeitos que a discrimina\u00e7\u00e3o t\u00eam na sa\u00fade de um obeso.<\/p>\n","protected":false},"author":1,"featured_media":0,"comment_status":"open","ping_status":"open","sticky":false,"template":"","format":"standard","meta":{"site-container-style":"default","site-container-layout":"default","site-sidebar-layout":"default","disable-article-header":"default","disable-site-header":"default","disable-site-footer":"default","disable-content-area-spacing":"default","footnotes":""},"categories":[39,4],"tags":[],"class_list":["post-18770","post","type-post","status-publish","format-standard","hentry","category-discriminacao","category-noticias"],"yoast_head":"<!-- This site is optimized with the Yoast SEO plugin v27.4 - https:\/\/yoast.com\/product\/yoast-seo-wordpress\/ -->\n<title>Discrimina\u00e7\u00e3o afeta a sa\u00fade de pessoas com obesidade -<\/title>\n<meta name=\"robots\" content=\"index, follow, max-snippet:-1, max-image-preview:large, max-video-preview:-1\" \/>\n<link rel=\"canonical\" href=\"https:\/\/inclusivenews.com.br\/?p=18770\" \/>\n<meta property=\"og:locale\" content=\"pt_PT\" \/>\n<meta property=\"og:type\" content=\"article\" \/>\n<meta property=\"og:title\" content=\"Discrimina\u00e7\u00e3o afeta a sa\u00fade de pessoas com obesidade -\" \/>\n<meta property=\"og:description\" content=\"A obesidade \u00e9 um problema fisiol\u00f3gico, mas, quando o obeso tem intera\u00e7\u00f5es negativas em seu mundo social \u2013 incluindo a sensa\u00e7\u00e3o de ser discriminado \u2013, pode ter a situa\u00e7\u00e3o piorada, o que contribui para a sa\u00fade f\u00edsica em decl\u00ednio\u201d, explica Markus H. Schafer. O aluno da Universidade Purdue (EUA) liderou estudo sobre os efeitos que a discrimina\u00e7\u00e3o t\u00eam na sa\u00fade de um obeso.\" \/>\n<meta property=\"og:url\" content=\"https:\/\/inclusivenews.com.br\/?p=18770\" \/>\n<meta property=\"article:publisher\" content=\"https:\/\/www.facebook.com\/agenciainclusive\/\" \/>\n<meta property=\"article:published_time\" content=\"2011-03-17T10:37:30+00:00\" \/>\n<meta property=\"og:image\" content=\"http:\/\/inclusivenews.com.br\/wp-content\/uploads\/2011\/03\/discrimanacao_e_preconceito.jpg\" \/>\n<meta name=\"author\" content=\"inclusivenews2024\" \/>\n<meta name=\"twitter:card\" content=\"summary_large_image\" \/>\n<meta name=\"twitter:label1\" content=\"Escrito por\" \/>\n\t<meta name=\"twitter:data1\" content=\"inclusivenews2024\" \/>\n\t<meta name=\"twitter:label2\" content=\"Tempo estimado de leitura\" \/>\n\t<meta name=\"twitter:data2\" content=\"2 minutos\" \/>\n<script type=\"application\/ld+json\" class=\"yoast-schema-graph\">{\"@context\":\"https:\\\/\\\/schema.org\",\"@graph\":[{\"@type\":\"Article\",\"@id\":\"https:\\\/\\\/inclusivenews.com.br\\\/?p=18770#article\",\"isPartOf\":{\"@id\":\"https:\\\/\\\/inclusivenews.com.br\\\/?p=18770\"},\"author\":{\"name\":\"inclusivenews2024\",\"@id\":\"https:\\\/\\\/inclusivenews.com.br\\\/#\\\/schema\\\/person\\\/ae4ec7087559b8692fb33b6fffd2273b\"},\"headline\":\"Discrimina\u00e7\u00e3o afeta a sa\u00fade de pessoas com obesidade\",\"datePublished\":\"2011-03-17T10:37:30+00:00\",\"mainEntityOfPage\":{\"@id\":\"https:\\\/\\\/inclusivenews.com.br\\\/?p=18770\"},\"wordCount\":330,\"commentCount\":0,\"publisher\":{\"@id\":\"https:\\\/\\\/inclusivenews.com.br\\\/#organization\"},\"image\":{\"@id\":\"https:\\\/\\\/inclusivenews.com.br\\\/?p=18770#primaryimage\"},\"thumbnailUrl\":\"http:\\\/\\\/inclusivenews.com.br\\\/wp-content\\\/uploads\\\/2011\\\/03\\\/discrimanacao_e_preconceito.jpg\",\"articleSection\":[\"Discrimina\u00e7\u00e3o\",\"NOT\u00cdCIAS\"],\"inLanguage\":\"pt-PT\",\"potentialAction\":[{\"@type\":\"CommentAction\",\"name\":\"Comment\",\"target\":[\"https:\\\/\\\/inclusivenews.com.br\\\/?p=18770#respond\"]}]},{\"@type\":\"WebPage\",\"@id\":\"https:\\\/\\\/inclusivenews.com.br\\\/?p=18770\",\"url\":\"https:\\\/\\\/inclusivenews.com.br\\\/?p=18770\",\"name\":\"Discrimina\u00e7\u00e3o afeta a sa\u00fade de pessoas com obesidade -\",\"isPartOf\":{\"@id\":\"https:\\\/\\\/inclusivenews.com.br\\\/#website\"},\"primaryImageOfPage\":{\"@id\":\"https:\\\/\\\/inclusivenews.com.br\\\/?p=18770#primaryimage\"},\"image\":{\"@id\":\"https:\\\/\\\/inclusivenews.com.br\\\/?p=18770#primaryimage\"},\"thumbnailUrl\":\"http:\\\/\\\/inclusivenews.com.br\\\/wp-content\\\/uploads\\\/2011\\\/03\\\/discrimanacao_e_preconceito.jpg\",\"datePublished\":\"2011-03-17T10:37:30+00:00\",\"breadcrumb\":{\"@id\":\"https:\\\/\\\/inclusivenews.com.br\\\/?p=18770#breadcrumb\"},\"inLanguage\":\"pt-PT\",\"potentialAction\":[{\"@type\":\"ReadAction\",\"target\":[\"https:\\\/\\\/inclusivenews.com.br\\\/?p=18770\"]}]},{\"@type\":\"ImageObject\",\"inLanguage\":\"pt-PT\",\"@id\":\"https:\\\/\\\/inclusivenews.com.br\\\/?p=18770#primaryimage\",\"url\":\"\",\"contentUrl\":\"\"},{\"@type\":\"BreadcrumbList\",\"@id\":\"https:\\\/\\\/inclusivenews.com.br\\\/?p=18770#breadcrumb\",\"itemListElement\":[{\"@type\":\"ListItem\",\"position\":1,\"name\":\"In\u00edcio\",\"item\":\"https:\\\/\\\/inclusivenews.com.br\\\/\"},{\"@type\":\"ListItem\",\"position\":2,\"name\":\"Discrimina\u00e7\u00e3o afeta a sa\u00fade de pessoas com obesidade\"}]},{\"@type\":\"WebSite\",\"@id\":\"https:\\\/\\\/inclusivenews.com.br\\\/#website\",\"url\":\"https:\\\/\\\/inclusivenews.com.br\\\/\",\"name\":\"Inclusive News\",\"description\":\"Inclusive News\",\"publisher\":{\"@id\":\"https:\\\/\\\/inclusivenews.com.br\\\/#organization\"},\"potentialAction\":[{\"@type\":\"SearchAction\",\"target\":{\"@type\":\"EntryPoint\",\"urlTemplate\":\"https:\\\/\\\/inclusivenews.com.br\\\/?s={search_term_string}\"},\"query-input\":{\"@type\":\"PropertyValueSpecification\",\"valueRequired\":true,\"valueName\":\"search_term_string\"}}],\"inLanguage\":\"pt-PT\"},{\"@type\":\"Organization\",\"@id\":\"https:\\\/\\\/inclusivenews.com.br\\\/#organization\",\"name\":\"Inclusive - inclus\u00e3o e cidadania\",\"url\":\"https:\\\/\\\/inclusivenews.com.br\\\/\",\"logo\":{\"@type\":\"ImageObject\",\"inLanguage\":\"pt-PT\",\"@id\":\"https:\\\/\\\/inclusivenews.com.br\\\/#\\\/schema\\\/logo\\\/image\\\/\",\"url\":\"https:\\\/\\\/inclusivenews.com.br\\\/wp-content\\\/uploads\\\/2024\\\/03\\\/@grandesite.png\",\"contentUrl\":\"https:\\\/\\\/inclusivenews.com.br\\\/wp-content\\\/uploads\\\/2024\\\/03\\\/@grandesite.png\",\"width\":1080,\"height\":1080,\"caption\":\"Inclusive - inclus\u00e3o e cidadania\"},\"image\":{\"@id\":\"https:\\\/\\\/inclusivenews.com.br\\\/#\\\/schema\\\/logo\\\/image\\\/\"},\"sameAs\":[\"https:\\\/\\\/www.facebook.com\\\/agenciainclusive\\\/\",\"https:\\\/\\\/www.instagram.com\\\/newsinclusive\\\/\"]},{\"@type\":\"Person\",\"@id\":\"https:\\\/\\\/inclusivenews.com.br\\\/#\\\/schema\\\/person\\\/ae4ec7087559b8692fb33b6fffd2273b\",\"name\":\"inclusivenews2024\",\"image\":{\"@type\":\"ImageObject\",\"inLanguage\":\"pt-PT\",\"@id\":\"https:\\\/\\\/secure.gravatar.com\\\/avatar\\\/c5a7ef84c66fa914f55bc4f7ce26cfa275a3b9a1c5568b907bd184fb4dde7b40?s=96&d=mm&r=g\",\"url\":\"https:\\\/\\\/secure.gravatar.com\\\/avatar\\\/c5a7ef84c66fa914f55bc4f7ce26cfa275a3b9a1c5568b907bd184fb4dde7b40?s=96&d=mm&r=g\",\"contentUrl\":\"https:\\\/\\\/secure.gravatar.com\\\/avatar\\\/c5a7ef84c66fa914f55bc4f7ce26cfa275a3b9a1c5568b907bd184fb4dde7b40?s=96&d=mm&r=g\",\"caption\":\"inclusivenews2024\"},\"sameAs\":[\"https:\\\/\\\/inclusivenews.com.br\"],\"url\":\"https:\\\/\\\/inclusivenews.com.br\\\/?author=1\"}]}<\/script>\n<!-- \/ Yoast SEO plugin. -->","yoast_head_json":{"title":"Discrimina\u00e7\u00e3o afeta a sa\u00fade de pessoas com obesidade -","robots":{"index":"index","follow":"follow","max-snippet":"max-snippet:-1","max-image-preview":"max-image-preview:large","max-video-preview":"max-video-preview:-1"},"canonical":"https:\/\/inclusivenews.com.br\/?p=18770","og_locale":"pt_PT","og_type":"article","og_title":"Discrimina\u00e7\u00e3o afeta a sa\u00fade de pessoas com obesidade -","og_description":"A obesidade \u00e9 um problema fisiol\u00f3gico, mas, quando o obeso tem intera\u00e7\u00f5es negativas em seu mundo social \u2013 incluindo a sensa\u00e7\u00e3o de ser discriminado \u2013, pode ter a situa\u00e7\u00e3o piorada, o que contribui para a sa\u00fade f\u00edsica em decl\u00ednio\u201d, explica Markus H. Schafer. O aluno da Universidade Purdue (EUA) liderou estudo sobre os efeitos que a discrimina\u00e7\u00e3o t\u00eam na sa\u00fade de um obeso.","og_url":"https:\/\/inclusivenews.com.br\/?p=18770","article_publisher":"https:\/\/www.facebook.com\/agenciainclusive\/","article_published_time":"2011-03-17T10:37:30+00:00","og_image":[{"url":"http:\/\/inclusivenews.com.br\/wp-content\/uploads\/2011\/03\/discrimanacao_e_preconceito.jpg","type":"","width":"","height":""}],"author":"inclusivenews2024","twitter_card":"summary_large_image","twitter_misc":{"Escrito por":"inclusivenews2024","Tempo estimado de leitura":"2 minutos"},"schema":{"@context":"https:\/\/schema.org","@graph":[{"@type":"Article","@id":"https:\/\/inclusivenews.com.br\/?p=18770#article","isPartOf":{"@id":"https:\/\/inclusivenews.com.br\/?p=18770"},"author":{"name":"inclusivenews2024","@id":"https:\/\/inclusivenews.com.br\/#\/schema\/person\/ae4ec7087559b8692fb33b6fffd2273b"},"headline":"Discrimina\u00e7\u00e3o afeta a sa\u00fade de pessoas com obesidade","datePublished":"2011-03-17T10:37:30+00:00","mainEntityOfPage":{"@id":"https:\/\/inclusivenews.com.br\/?p=18770"},"wordCount":330,"commentCount":0,"publisher":{"@id":"https:\/\/inclusivenews.com.br\/#organization"},"image":{"@id":"https:\/\/inclusivenews.com.br\/?p=18770#primaryimage"},"thumbnailUrl":"http:\/\/inclusivenews.com.br\/wp-content\/uploads\/2011\/03\/discrimanacao_e_preconceito.jpg","articleSection":["Discrimina\u00e7\u00e3o","NOT\u00cdCIAS"],"inLanguage":"pt-PT","potentialAction":[{"@type":"CommentAction","name":"Comment","target":["https:\/\/inclusivenews.com.br\/?p=18770#respond"]}]},{"@type":"WebPage","@id":"https:\/\/inclusivenews.com.br\/?p=18770","url":"https:\/\/inclusivenews.com.br\/?p=18770","name":"Discrimina\u00e7\u00e3o afeta a sa\u00fade de pessoas com obesidade -","isPartOf":{"@id":"https:\/\/inclusivenews.com.br\/#website"},"primaryImageOfPage":{"@id":"https:\/\/inclusivenews.com.br\/?p=18770#primaryimage"},"image":{"@id":"https:\/\/inclusivenews.com.br\/?p=18770#primaryimage"},"thumbnailUrl":"http:\/\/inclusivenews.com.br\/wp-content\/uploads\/2011\/03\/discrimanacao_e_preconceito.jpg","datePublished":"2011-03-17T10:37:30+00:00","breadcrumb":{"@id":"https:\/\/inclusivenews.com.br\/?p=18770#breadcrumb"},"inLanguage":"pt-PT","potentialAction":[{"@type":"ReadAction","target":["https:\/\/inclusivenews.com.br\/?p=18770"]}]},{"@type":"ImageObject","inLanguage":"pt-PT","@id":"https:\/\/inclusivenews.com.br\/?p=18770#primaryimage","url":"","contentUrl":""},{"@type":"BreadcrumbList","@id":"https:\/\/inclusivenews.com.br\/?p=18770#breadcrumb","itemListElement":[{"@type":"ListItem","position":1,"name":"In\u00edcio","item":"https:\/\/inclusivenews.com.br\/"},{"@type":"ListItem","position":2,"name":"Discrimina\u00e7\u00e3o afeta a sa\u00fade de pessoas com obesidade"}]},{"@type":"WebSite","@id":"https:\/\/inclusivenews.com.br\/#website","url":"https:\/\/inclusivenews.com.br\/","name":"Inclusive News","description":"Inclusive News","publisher":{"@id":"https:\/\/inclusivenews.com.br\/#organization"},"potentialAction":[{"@type":"SearchAction","target":{"@type":"EntryPoint","urlTemplate":"https:\/\/inclusivenews.com.br\/?s={search_term_string}"},"query-input":{"@type":"PropertyValueSpecification","valueRequired":true,"valueName":"search_term_string"}}],"inLanguage":"pt-PT"},{"@type":"Organization","@id":"https:\/\/inclusivenews.com.br\/#organization","name":"Inclusive - inclus\u00e3o e cidadania","url":"https:\/\/inclusivenews.com.br\/","logo":{"@type":"ImageObject","inLanguage":"pt-PT","@id":"https:\/\/inclusivenews.com.br\/#\/schema\/logo\/image\/","url":"https:\/\/inclusivenews.com.br\/wp-content\/uploads\/2024\/03\/@grandesite.png","contentUrl":"https:\/\/inclusivenews.com.br\/wp-content\/uploads\/2024\/03\/@grandesite.png","width":1080,"height":1080,"caption":"Inclusive - inclus\u00e3o e cidadania"},"image":{"@id":"https:\/\/inclusivenews.com.br\/#\/schema\/logo\/image\/"},"sameAs":["https:\/\/www.facebook.com\/agenciainclusive\/","https:\/\/www.instagram.com\/newsinclusive\/"]},{"@type":"Person","@id":"https:\/\/inclusivenews.com.br\/#\/schema\/person\/ae4ec7087559b8692fb33b6fffd2273b","name":"inclusivenews2024","image":{"@type":"ImageObject","inLanguage":"pt-PT","@id":"https:\/\/secure.gravatar.com\/avatar\/c5a7ef84c66fa914f55bc4f7ce26cfa275a3b9a1c5568b907bd184fb4dde7b40?s=96&d=mm&r=g","url":"https:\/\/secure.gravatar.com\/avatar\/c5a7ef84c66fa914f55bc4f7ce26cfa275a3b9a1c5568b907bd184fb4dde7b40?s=96&d=mm&r=g","contentUrl":"https:\/\/secure.gravatar.com\/avatar\/c5a7ef84c66fa914f55bc4f7ce26cfa275a3b9a1c5568b907bd184fb4dde7b40?s=96&d=mm&r=g","caption":"inclusivenews2024"},"sameAs":["https:\/\/inclusivenews.com.br"],"url":"https:\/\/inclusivenews.com.br\/?author=1"}]}},"_links":{"self":[{"href":"https:\/\/inclusivenews.com.br\/index.php?rest_route=\/wp\/v2\/posts\/18770","targetHints":{"allow":["GET"]}}],"collection":[{"href":"https:\/\/inclusivenews.com.br\/index.php?rest_route=\/wp\/v2\/posts"}],"about":[{"href":"https:\/\/inclusivenews.com.br\/index.php?rest_route=\/wp\/v2\/types\/post"}],"author":[{"embeddable":true,"href":"https:\/\/inclusivenews.com.br\/index.php?rest_route=\/wp\/v2\/users\/1"}],"replies":[{"embeddable":true,"href":"https:\/\/inclusivenews.com.br\/index.php?rest_route=%2Fwp%2Fv2%2Fcomments&post=18770"}],"version-history":[{"count":0,"href":"https:\/\/inclusivenews.com.br\/index.php?rest_route=\/wp\/v2\/posts\/18770\/revisions"}],"wp:attachment":[{"href":"https:\/\/inclusivenews.com.br\/index.php?rest_route=%2Fwp%2Fv2%2Fmedia&parent=18770"}],"wp:term":[{"taxonomy":"category","embeddable":true,"href":"https:\/\/inclusivenews.com.br\/index.php?rest_route=%2Fwp%2Fv2%2Fcategories&post=18770"},{"taxonomy":"post_tag","embeddable":true,"href":"https:\/\/inclusivenews.com.br\/index.php?rest_route=%2Fwp%2Fv2%2Ftags&post=18770"}],"curies":[{"name":"wp","href":"https:\/\/api.w.org\/{rel}","templated":true}]}}