{"id":18806,"date":"2011-03-17T07:34:11","date_gmt":"2011-03-17T10:34:11","guid":{"rendered":"http:\/\/www.inclusive.org.br\/?p=18806"},"modified":"2011-03-17T07:34:11","modified_gmt":"2011-03-17T10:34:11","slug":"noite-fantastica","status":"publish","type":"post","link":"https:\/\/inclusivenews.com.br\/?p=18806","title":{"rendered":"Noite fant\u00e1stica"},"content":{"rendered":"<figure style=\"width: 300px\" class=\"wp-caption alignleft\"><img loading=\"lazy\" decoding=\"async\" title=\"P\u00fablico do Planeta Atl\u00e2ntida visto do alto\" src=\"http:\/\/saojoaquimonline.com.br\/wp-content\/uploads\/2009\/01\/planeta_atlantida.jpg\" alt=\"P\u00fablico do Planeta Atl\u00e2ntida visto do alto\" width=\"300\" height=\"199\" \/><figcaption class=\"wp-caption-text\"> <\/figcaption><\/figure>\n<p><strong>Por Eduardo Purper<\/strong><\/p>\n<p>No \u00faltimo dia 12 de fevereiro tive a oportunidade de realizar um grande sonho que tinha na minha vida: ir ao Planeta Atl\u00e2ntida.<\/p>\n<p>Por incr\u00edvel que pare\u00e7a, embora eu costume ir a v\u00e1rios shows, neste festival eu nunca havia tido a possibilidade de estar at\u00e9 este dia.\u00a0 Foi a\u00ed que apareceu o meu amig\u00e3o F\u00e1bio Azevedo e sua turma da APABB, as monitoras Andr\u00e9a, C\u00edntia e Renata. Al\u00e9m deles, foram mais 12 pessoas com defici\u00eancia.<\/p>\n<p>Aquele dia foi muito divertido, desde a nossa partida da r\u00f3tula do papa, passando pela chegada at\u00e9 o local, culminando com os grandes espet\u00e1culos que presenciamos, embora tenhamos chegado atrasados ao primeiro show.<\/p>\n<p>Fiquei culpando uma colega, de brincadeira, claro, pelo atraso, j\u00e1 que tivemos que busc\u00e1-la em casa. Como \u00edamos nos atrasar mesmo, tive que me conformar em n\u00e3o ver o show do Chimarruts, afinal de contas mais tarde veria a Ivete Sangalo.<\/p>\n<p>Chegamos na hora do show da Fresno, a pior coisa que j\u00e1 vi nos \u00faltimos tempos. Estou usando este termo, porque para mim eles s\u00e3o uma \u201ccoisa\u201d, e n\u00e3o uma banda, pois n\u00e3o se entende absolutamente nada do que eles est\u00e3o cantando, porque eles n\u00e3o cantam, eles gritam. Fazem sucesso porque a mulherada acha o vocalista bonito. Ledo engano, na minha opini\u00e3o, claro!<\/p>\n<p>Em seguida foi a vez dos paulistas do NX0 tomarem conta da noite, para del\u00edrio do meu amigo Paulo Jenisch. O doido come\u00e7ou a pular como eu nunca tinha visto algu\u00e9m fazer na vida. Ele me levou no embalo, porque pulava e cantava ao meu lado e eu tive de acompanh\u00e1-lo.<\/p>\n<p>A vibra\u00e7\u00e3o foi t\u00e3o boa que nem lembro a ordem das coisas (um esclarecimento: sem nenhuma \u201cinje\u00e7\u00e3o\u201d de \u00e1lcool) mas ainda lembro o nome de todas as bandas.<\/p>\n<p>Em seguida, para mim come\u00e7ou de verdade o festival, porque fui a uma outra parte do camarote vip, acompanhado da monitora C\u00edntia, mais na frente do palco ainda.<\/p>\n<p>L\u00e1 havia uma grade de conten\u00e7\u00e3o, na qual eu pude me apoiar, levantando e ficando em p\u00e9 praticamente todos os shows. Comecei a maratona de ficar em p\u00e9 com a espetacular banda formada pelo agora colega cadeirante Herbert Vianna, Bi Ribeiro e Jo\u00e3o Barone.<\/p>\n<p>O palco era girat\u00f3rio, por isso quando o Herbert chegava a minha frente, eu levantava rapidamente fazendo acenos que foram respondidos por ele. Me senti amigo \u00edntimo deste carioca, afinal pela primeira vez na vida pude conversar \u201cem libras\u201d com algu\u00e9m!<\/p>\n<p>A seguir foi a vez dos malucos do Charlie Brown Junior, sobre os quais eu tenho uma tese: eles n\u00e3o s\u00e3o a banda que eu escutaria no sof\u00e1 da minha casa, mas o show deles \u00e9 algo impressionante. Quem n\u00e3o teve oportunidade de ir, por favor, v\u00e1!<\/p>\n<p>\u00c9 impressionante o que aquele louco chamado Chor\u00e3o realiza em cima do palco. Ele consegue, em segundos, dominar o p\u00fablico de uma forma incr\u00edvel. Por algumas vezes ele faz a brincadeira de dizer um peda\u00e7o do nome da banda e o p\u00fablico tem que completar, e a\u00ed, at\u00e9 eu que n\u00e3o sou maluco fiquei respondendo com as m\u00e3os para cima, e em p\u00e9!<\/p>\n<p>Depois veio a minha diva Ivete Sangalo. Desta vez eu nem vi a minha cadeira durante o show inteiro. Se algu\u00e9m a tivesse subtraido, eu nem teria notado e teria que ir embora no colo de algu\u00e9m.<\/p>\n<p>Este n\u00e3o foi o ponto alto do show desta fant\u00e1stica mulher. Pasmem, ela me mandou tr\u00eas beijinhos. Fiquei pensando: foi para mim que este \u201cavi\u00e3o\u201d mandou beijinhos? Pena que fiquei sabendo disso somente ap\u00f3s o show quando comentaram comigo que aqueles tr\u00eas beijinhos eram efetivamente para mim.<\/p>\n<p>A seguir fomos para o palco de m\u00fasica eletr\u00f4nica. L\u00e1 conheci tr\u00eas gurias, que o f\u00e1bio havia contratado para animar a gente. Uma delas, a Renata, chegou me dizendo a seguinte frase: \u201cse n\u00e3o tivesse os meus amigos aqui eu te beijava!\u201d ao ouvir isto, nunca me senti t\u00e3o burro, porque em circunst\u00e2ncias normais, eu teria soltado a piada: \u201cEnt\u00e3o me beija mesmo assim que eu fa\u00e7o amizade com eles tamb\u00e9m rapidinho\u201d mas a empolga\u00e7\u00e3o do momento e dos tr\u00eas beijinhos da Ivete me atrapalharam.<\/p>\n<p>A primeira vez, dizem, a gente nunca esquece. O festival foi realmente incr\u00edvel, mais do que eu imaginava. Segundo o F\u00e1bio, ano que vem vamos de novo. Mesmo estando morando a 700 quil\u00f4metros de Porto Alegre, pode ter certeza, F\u00e1bio, que pego um avi\u00e3o, ou um foguete, e vamos de novo!<\/p>\n<p>Ap\u00f3s uma noite t\u00e3o intensa, cheguei em casa \u00e0s dez da manh\u00e3 de domingo, cansado mas recompensado e dormi at\u00e9 a hora que a agita\u00e7\u00e3o permitiu.<\/p>\n","protected":false},"excerpt":{"rendered":"<p>No \u00faltimo dia 12 de fevereiro tive a oportunidade de realizar um grande sonho que tinha na minha vida: ir ao Planeta Atl\u00e2ntida. Por Eduardo Purper.<\/p>\n","protected":false},"author":1,"featured_media":0,"comment_status":"open","ping_status":"open","sticky":false,"template":"","format":"standard","meta":{"site-container-style":"default","site-container-layout":"default","site-sidebar-layout":"default","disable-article-header":"default","disable-site-header":"default","disable-site-footer":"default","disable-content-area-spacing":"default","footnotes":""},"categories":[36,8],"tags":[63],"class_list":["post-18806","post","type-post","status-publish","format-standard","hentry","category-colunas-especiais","category-textos-e-artigos","tag-eduardopurper"],"yoast_head":"<!-- This site is optimized with the Yoast SEO plugin v27.4 - https:\/\/yoast.com\/product\/yoast-seo-wordpress\/ -->\n<title>Noite fant\u00e1stica -<\/title>\n<meta name=\"robots\" content=\"index, follow, max-snippet:-1, max-image-preview:large, max-video-preview:-1\" \/>\n<link rel=\"canonical\" href=\"https:\/\/inclusivenews.com.br\/?p=18806\" \/>\n<meta property=\"og:locale\" content=\"pt_PT\" \/>\n<meta property=\"og:type\" content=\"article\" \/>\n<meta property=\"og:title\" content=\"Noite fant\u00e1stica -\" \/>\n<meta property=\"og:description\" content=\"No \u00faltimo dia 12 de fevereiro tive a oportunidade de realizar um grande sonho que tinha na minha vida: ir ao Planeta Atl\u00e2ntida. Por Eduardo Purper.\" \/>\n<meta property=\"og:url\" content=\"https:\/\/inclusivenews.com.br\/?p=18806\" \/>\n<meta property=\"article:publisher\" content=\"https:\/\/www.facebook.com\/agenciainclusive\/\" \/>\n<meta property=\"article:published_time\" content=\"2011-03-17T10:34:11+00:00\" \/>\n<meta property=\"og:image\" content=\"http:\/\/saojoaquimonline.com.br\/wp-content\/uploads\/2009\/01\/planeta_atlantida.jpg\" \/>\n<meta name=\"author\" content=\"inclusivenews2024\" \/>\n<meta name=\"twitter:card\" content=\"summary_large_image\" \/>\n<meta name=\"twitter:label1\" content=\"Escrito por\" \/>\n\t<meta name=\"twitter:data1\" content=\"inclusivenews2024\" \/>\n\t<meta name=\"twitter:label2\" content=\"Tempo estimado de leitura\" \/>\n\t<meta name=\"twitter:data2\" content=\"4 minutos\" \/>\n<script type=\"application\/ld+json\" class=\"yoast-schema-graph\">{\"@context\":\"https:\\\/\\\/schema.org\",\"@graph\":[{\"@type\":\"Article\",\"@id\":\"https:\\\/\\\/inclusivenews.com.br\\\/?p=18806#article\",\"isPartOf\":{\"@id\":\"https:\\\/\\\/inclusivenews.com.br\\\/?p=18806\"},\"author\":{\"name\":\"inclusivenews2024\",\"@id\":\"https:\\\/\\\/inclusivenews.com.br\\\/#\\\/schema\\\/person\\\/ae4ec7087559b8692fb33b6fffd2273b\"},\"headline\":\"Noite fant\u00e1stica\",\"datePublished\":\"2011-03-17T10:34:11+00:00\",\"mainEntityOfPage\":{\"@id\":\"https:\\\/\\\/inclusivenews.com.br\\\/?p=18806\"},\"wordCount\":839,\"commentCount\":0,\"publisher\":{\"@id\":\"https:\\\/\\\/inclusivenews.com.br\\\/#organization\"},\"image\":{\"@id\":\"https:\\\/\\\/inclusivenews.com.br\\\/?p=18806#primaryimage\"},\"thumbnailUrl\":\"http:\\\/\\\/saojoaquimonline.com.br\\\/wp-content\\\/uploads\\\/2009\\\/01\\\/planeta_atlantida.jpg\",\"keywords\":[\"EduardoPurper\"],\"articleSection\":[\"Colunas especiais\",\"OPINI\u00c3O\"],\"inLanguage\":\"pt-PT\",\"potentialAction\":[{\"@type\":\"CommentAction\",\"name\":\"Comment\",\"target\":[\"https:\\\/\\\/inclusivenews.com.br\\\/?p=18806#respond\"]}]},{\"@type\":\"WebPage\",\"@id\":\"https:\\\/\\\/inclusivenews.com.br\\\/?p=18806\",\"url\":\"https:\\\/\\\/inclusivenews.com.br\\\/?p=18806\",\"name\":\"Noite fant\u00e1stica -\",\"isPartOf\":{\"@id\":\"https:\\\/\\\/inclusivenews.com.br\\\/#website\"},\"primaryImageOfPage\":{\"@id\":\"https:\\\/\\\/inclusivenews.com.br\\\/?p=18806#primaryimage\"},\"image\":{\"@id\":\"https:\\\/\\\/inclusivenews.com.br\\\/?p=18806#primaryimage\"},\"thumbnailUrl\":\"http:\\\/\\\/saojoaquimonline.com.br\\\/wp-content\\\/uploads\\\/2009\\\/01\\\/planeta_atlantida.jpg\",\"datePublished\":\"2011-03-17T10:34:11+00:00\",\"breadcrumb\":{\"@id\":\"https:\\\/\\\/inclusivenews.com.br\\\/?p=18806#breadcrumb\"},\"inLanguage\":\"pt-PT\",\"potentialAction\":[{\"@type\":\"ReadAction\",\"target\":[\"https:\\\/\\\/inclusivenews.com.br\\\/?p=18806\"]}]},{\"@type\":\"ImageObject\",\"inLanguage\":\"pt-PT\",\"@id\":\"https:\\\/\\\/inclusivenews.com.br\\\/?p=18806#primaryimage\",\"url\":\"http:\\\/\\\/saojoaquimonline.com.br\\\/wp-content\\\/uploads\\\/2009\\\/01\\\/planeta_atlantida.jpg\",\"contentUrl\":\"http:\\\/\\\/saojoaquimonline.com.br\\\/wp-content\\\/uploads\\\/2009\\\/01\\\/planeta_atlantida.jpg\"},{\"@type\":\"BreadcrumbList\",\"@id\":\"https:\\\/\\\/inclusivenews.com.br\\\/?p=18806#breadcrumb\",\"itemListElement\":[{\"@type\":\"ListItem\",\"position\":1,\"name\":\"In\u00edcio\",\"item\":\"https:\\\/\\\/inclusivenews.com.br\\\/\"},{\"@type\":\"ListItem\",\"position\":2,\"name\":\"Noite fant\u00e1stica\"}]},{\"@type\":\"WebSite\",\"@id\":\"https:\\\/\\\/inclusivenews.com.br\\\/#website\",\"url\":\"https:\\\/\\\/inclusivenews.com.br\\\/\",\"name\":\"Inclusive News\",\"description\":\"Inclusive News\",\"publisher\":{\"@id\":\"https:\\\/\\\/inclusivenews.com.br\\\/#organization\"},\"potentialAction\":[{\"@type\":\"SearchAction\",\"target\":{\"@type\":\"EntryPoint\",\"urlTemplate\":\"https:\\\/\\\/inclusivenews.com.br\\\/?s={search_term_string}\"},\"query-input\":{\"@type\":\"PropertyValueSpecification\",\"valueRequired\":true,\"valueName\":\"search_term_string\"}}],\"inLanguage\":\"pt-PT\"},{\"@type\":\"Organization\",\"@id\":\"https:\\\/\\\/inclusivenews.com.br\\\/#organization\",\"name\":\"Inclusive - inclus\u00e3o e cidadania\",\"url\":\"https:\\\/\\\/inclusivenews.com.br\\\/\",\"logo\":{\"@type\":\"ImageObject\",\"inLanguage\":\"pt-PT\",\"@id\":\"https:\\\/\\\/inclusivenews.com.br\\\/#\\\/schema\\\/logo\\\/image\\\/\",\"url\":\"https:\\\/\\\/inclusivenews.com.br\\\/wp-content\\\/uploads\\\/2024\\\/03\\\/@grandesite.png\",\"contentUrl\":\"https:\\\/\\\/inclusivenews.com.br\\\/wp-content\\\/uploads\\\/2024\\\/03\\\/@grandesite.png\",\"width\":1080,\"height\":1080,\"caption\":\"Inclusive - inclus\u00e3o e cidadania\"},\"image\":{\"@id\":\"https:\\\/\\\/inclusivenews.com.br\\\/#\\\/schema\\\/logo\\\/image\\\/\"},\"sameAs\":[\"https:\\\/\\\/www.facebook.com\\\/agenciainclusive\\\/\",\"https:\\\/\\\/www.instagram.com\\\/newsinclusive\\\/\"]},{\"@type\":\"Person\",\"@id\":\"https:\\\/\\\/inclusivenews.com.br\\\/#\\\/schema\\\/person\\\/ae4ec7087559b8692fb33b6fffd2273b\",\"name\":\"inclusivenews2024\",\"image\":{\"@type\":\"ImageObject\",\"inLanguage\":\"pt-PT\",\"@id\":\"https:\\\/\\\/secure.gravatar.com\\\/avatar\\\/c5a7ef84c66fa914f55bc4f7ce26cfa275a3b9a1c5568b907bd184fb4dde7b40?s=96&d=mm&r=g\",\"url\":\"https:\\\/\\\/secure.gravatar.com\\\/avatar\\\/c5a7ef84c66fa914f55bc4f7ce26cfa275a3b9a1c5568b907bd184fb4dde7b40?s=96&d=mm&r=g\",\"contentUrl\":\"https:\\\/\\\/secure.gravatar.com\\\/avatar\\\/c5a7ef84c66fa914f55bc4f7ce26cfa275a3b9a1c5568b907bd184fb4dde7b40?s=96&d=mm&r=g\",\"caption\":\"inclusivenews2024\"},\"sameAs\":[\"https:\\\/\\\/inclusivenews.com.br\"],\"url\":\"https:\\\/\\\/inclusivenews.com.br\\\/?author=1\"}]}<\/script>\n<!-- \/ Yoast SEO plugin. -->","yoast_head_json":{"title":"Noite fant\u00e1stica -","robots":{"index":"index","follow":"follow","max-snippet":"max-snippet:-1","max-image-preview":"max-image-preview:large","max-video-preview":"max-video-preview:-1"},"canonical":"https:\/\/inclusivenews.com.br\/?p=18806","og_locale":"pt_PT","og_type":"article","og_title":"Noite fant\u00e1stica -","og_description":"No \u00faltimo dia 12 de fevereiro tive a oportunidade de realizar um grande sonho que tinha na minha vida: ir ao Planeta Atl\u00e2ntida. Por Eduardo Purper.","og_url":"https:\/\/inclusivenews.com.br\/?p=18806","article_publisher":"https:\/\/www.facebook.com\/agenciainclusive\/","article_published_time":"2011-03-17T10:34:11+00:00","og_image":[{"url":"http:\/\/saojoaquimonline.com.br\/wp-content\/uploads\/2009\/01\/planeta_atlantida.jpg","type":"","width":"","height":""}],"author":"inclusivenews2024","twitter_card":"summary_large_image","twitter_misc":{"Escrito por":"inclusivenews2024","Tempo estimado de leitura":"4 minutos"},"schema":{"@context":"https:\/\/schema.org","@graph":[{"@type":"Article","@id":"https:\/\/inclusivenews.com.br\/?p=18806#article","isPartOf":{"@id":"https:\/\/inclusivenews.com.br\/?p=18806"},"author":{"name":"inclusivenews2024","@id":"https:\/\/inclusivenews.com.br\/#\/schema\/person\/ae4ec7087559b8692fb33b6fffd2273b"},"headline":"Noite fant\u00e1stica","datePublished":"2011-03-17T10:34:11+00:00","mainEntityOfPage":{"@id":"https:\/\/inclusivenews.com.br\/?p=18806"},"wordCount":839,"commentCount":0,"publisher":{"@id":"https:\/\/inclusivenews.com.br\/#organization"},"image":{"@id":"https:\/\/inclusivenews.com.br\/?p=18806#primaryimage"},"thumbnailUrl":"http:\/\/saojoaquimonline.com.br\/wp-content\/uploads\/2009\/01\/planeta_atlantida.jpg","keywords":["EduardoPurper"],"articleSection":["Colunas especiais","OPINI\u00c3O"],"inLanguage":"pt-PT","potentialAction":[{"@type":"CommentAction","name":"Comment","target":["https:\/\/inclusivenews.com.br\/?p=18806#respond"]}]},{"@type":"WebPage","@id":"https:\/\/inclusivenews.com.br\/?p=18806","url":"https:\/\/inclusivenews.com.br\/?p=18806","name":"Noite fant\u00e1stica -","isPartOf":{"@id":"https:\/\/inclusivenews.com.br\/#website"},"primaryImageOfPage":{"@id":"https:\/\/inclusivenews.com.br\/?p=18806#primaryimage"},"image":{"@id":"https:\/\/inclusivenews.com.br\/?p=18806#primaryimage"},"thumbnailUrl":"http:\/\/saojoaquimonline.com.br\/wp-content\/uploads\/2009\/01\/planeta_atlantida.jpg","datePublished":"2011-03-17T10:34:11+00:00","breadcrumb":{"@id":"https:\/\/inclusivenews.com.br\/?p=18806#breadcrumb"},"inLanguage":"pt-PT","potentialAction":[{"@type":"ReadAction","target":["https:\/\/inclusivenews.com.br\/?p=18806"]}]},{"@type":"ImageObject","inLanguage":"pt-PT","@id":"https:\/\/inclusivenews.com.br\/?p=18806#primaryimage","url":"http:\/\/saojoaquimonline.com.br\/wp-content\/uploads\/2009\/01\/planeta_atlantida.jpg","contentUrl":"http:\/\/saojoaquimonline.com.br\/wp-content\/uploads\/2009\/01\/planeta_atlantida.jpg"},{"@type":"BreadcrumbList","@id":"https:\/\/inclusivenews.com.br\/?p=18806#breadcrumb","itemListElement":[{"@type":"ListItem","position":1,"name":"In\u00edcio","item":"https:\/\/inclusivenews.com.br\/"},{"@type":"ListItem","position":2,"name":"Noite fant\u00e1stica"}]},{"@type":"WebSite","@id":"https:\/\/inclusivenews.com.br\/#website","url":"https:\/\/inclusivenews.com.br\/","name":"Inclusive News","description":"Inclusive News","publisher":{"@id":"https:\/\/inclusivenews.com.br\/#organization"},"potentialAction":[{"@type":"SearchAction","target":{"@type":"EntryPoint","urlTemplate":"https:\/\/inclusivenews.com.br\/?s={search_term_string}"},"query-input":{"@type":"PropertyValueSpecification","valueRequired":true,"valueName":"search_term_string"}}],"inLanguage":"pt-PT"},{"@type":"Organization","@id":"https:\/\/inclusivenews.com.br\/#organization","name":"Inclusive - inclus\u00e3o e cidadania","url":"https:\/\/inclusivenews.com.br\/","logo":{"@type":"ImageObject","inLanguage":"pt-PT","@id":"https:\/\/inclusivenews.com.br\/#\/schema\/logo\/image\/","url":"https:\/\/inclusivenews.com.br\/wp-content\/uploads\/2024\/03\/@grandesite.png","contentUrl":"https:\/\/inclusivenews.com.br\/wp-content\/uploads\/2024\/03\/@grandesite.png","width":1080,"height":1080,"caption":"Inclusive - inclus\u00e3o e cidadania"},"image":{"@id":"https:\/\/inclusivenews.com.br\/#\/schema\/logo\/image\/"},"sameAs":["https:\/\/www.facebook.com\/agenciainclusive\/","https:\/\/www.instagram.com\/newsinclusive\/"]},{"@type":"Person","@id":"https:\/\/inclusivenews.com.br\/#\/schema\/person\/ae4ec7087559b8692fb33b6fffd2273b","name":"inclusivenews2024","image":{"@type":"ImageObject","inLanguage":"pt-PT","@id":"https:\/\/secure.gravatar.com\/avatar\/c5a7ef84c66fa914f55bc4f7ce26cfa275a3b9a1c5568b907bd184fb4dde7b40?s=96&d=mm&r=g","url":"https:\/\/secure.gravatar.com\/avatar\/c5a7ef84c66fa914f55bc4f7ce26cfa275a3b9a1c5568b907bd184fb4dde7b40?s=96&d=mm&r=g","contentUrl":"https:\/\/secure.gravatar.com\/avatar\/c5a7ef84c66fa914f55bc4f7ce26cfa275a3b9a1c5568b907bd184fb4dde7b40?s=96&d=mm&r=g","caption":"inclusivenews2024"},"sameAs":["https:\/\/inclusivenews.com.br"],"url":"https:\/\/inclusivenews.com.br\/?author=1"}]}},"_links":{"self":[{"href":"https:\/\/inclusivenews.com.br\/index.php?rest_route=\/wp\/v2\/posts\/18806","targetHints":{"allow":["GET"]}}],"collection":[{"href":"https:\/\/inclusivenews.com.br\/index.php?rest_route=\/wp\/v2\/posts"}],"about":[{"href":"https:\/\/inclusivenews.com.br\/index.php?rest_route=\/wp\/v2\/types\/post"}],"author":[{"embeddable":true,"href":"https:\/\/inclusivenews.com.br\/index.php?rest_route=\/wp\/v2\/users\/1"}],"replies":[{"embeddable":true,"href":"https:\/\/inclusivenews.com.br\/index.php?rest_route=%2Fwp%2Fv2%2Fcomments&post=18806"}],"version-history":[{"count":0,"href":"https:\/\/inclusivenews.com.br\/index.php?rest_route=\/wp\/v2\/posts\/18806\/revisions"}],"wp:attachment":[{"href":"https:\/\/inclusivenews.com.br\/index.php?rest_route=%2Fwp%2Fv2%2Fmedia&parent=18806"}],"wp:term":[{"taxonomy":"category","embeddable":true,"href":"https:\/\/inclusivenews.com.br\/index.php?rest_route=%2Fwp%2Fv2%2Fcategories&post=18806"},{"taxonomy":"post_tag","embeddable":true,"href":"https:\/\/inclusivenews.com.br\/index.php?rest_route=%2Fwp%2Fv2%2Ftags&post=18806"}],"curies":[{"name":"wp","href":"https:\/\/api.w.org\/{rel}","templated":true}]}}