{"id":18811,"date":"2011-03-24T07:32:19","date_gmt":"2011-03-24T10:32:19","guid":{"rendered":"http:\/\/www.inclusive.org.br\/?p=18811"},"modified":"2011-03-24T07:32:19","modified_gmt":"2011-03-24T10:32:19","slug":"2%c2%ba-seminario-internacional-de-educacao-inclusiva-foei-03-0605","status":"publish","type":"post","link":"https:\/\/inclusivenews.com.br\/?p=18811","title":{"rendered":"2\u00ba Semin\u00e1rio Internacional de Educa\u00e7\u00e3o Inclusiva &#8211; FOEI (03-06\/05)"},"content":{"rendered":"<figure id=\"attachment_18859\" aria-describedby=\"caption-attachment-18859\" style=\"width: 159px\" class=\"wp-caption alignleft\"><a href=\"http:\/\/www.inclusivenews.com.br\/wp-content\/uploads\/2011\/03\/foei.jpg\"><img loading=\"lazy\" decoding=\"async\" class=\"size-full wp-image-18859\" title=\"F\u00f3rum Oeste de Educa\u00e7\u00e3o Inclusiva - quatro figuras dispostas no sentido dos pontos caredeais\" src=\"http:\/\/inclusivenews.com.br\/wp-content\/uploads\/2011\/03\/foei.jpg\" alt=\"F\u00f3rum Oeste de Educa\u00e7\u00e3o Inclusiva - quatro figuras dispostas no sentido dos pontos caredeais\" width=\"159\" height=\"148\" \/><\/a><figcaption id=\"caption-attachment-18859\" class=\"wp-caption-text\"> <\/figcaption><\/figure>\n<p><strong>PROGRAMA\u00c7\u00c3O<\/strong><\/p>\n<p>*******************************<\/p>\n<p><em>DIA 03 DE MAIO DE 2011 \u2013 3\u00aa F.<\/em><\/p>\n<p>*******************************<\/p>\n<p><em>ABERTURA<\/em><\/p>\n<p><em> <\/em><\/p>\n<p>Das 19h00 \u00e0s 20h00<\/p>\n<p>Recep\u00e7\u00e3o e cadastramento<\/p>\n<p>Das 20h00 \u00e0s 21h30<\/p>\n<p>Mesa de abertura:<\/p>\n<p>Prof\u00aa Dra. Roseli Gimenes &#8211; UNIP<\/p>\n<p>Dra. Linamara Rizzo Battistella &#8211; Secretaria Estadual de Direitos da Pessoa com Defici\u00eancia<\/p>\n<p>Secret\u00e1rios Municipais de Educa\u00e7\u00e3o<\/p>\n<p>Prof\u00aa Dra. Antonia Maria Nakayama \u2013 FOEI<\/p>\n<p>Das 21h30 \u00e0s 22h00<\/p>\n<p>Apresenta\u00e7\u00e3o Art\u00edstica<\/p>\n<p>*******************************<\/p>\n<p><em>DIA 04 DE MAIO DE 2011 \u2013 4\u00aa F.<\/em><\/p>\n<p>******************************<\/p>\n<p>Das 8h00 \u00e0s 8h30<\/p>\n<p>Recep\u00e7\u00e3o e cadastramento<\/p>\n<p>Das 8h30 \u00e0s 12h00<\/p>\n<p>Simp\u00f3sio 1<\/p>\n<p>ACESSIBILIDADE E INCLUS\u00c3O<\/p>\n<p>MEDIADORA: MARA GABRILLI<\/p>\n<p>Deputada federal<\/p>\n<p>Participa\u00e7\u00e3o:<\/p>\n<p>Prof\u00aa Dra. Ros\u00e2ngela Gavioli Prieto (FEUSP)<\/p>\n<p>Prof\u00aa Dra. Rebeca Rodr\u00edguez Garza (M\u00e9xico)<\/p>\n<p>Tradutora: Prof\u00aa Dra. Laura Calejon (UNICSUL)<\/p>\n<p>Debatedora: Marta Gil (Amankay)<\/p>\n<p>Das 8h30 \u00e0s 12h00<\/p>\n<p>Apresenta\u00e7\u00e3o art\u00edstica<\/p>\n<p>*******************************<\/p>\n<p><em>DIA 05 DE MAIO DE 2011 \u2013 5\u00aa F.<\/em><\/p>\n<p><em>*******************************<\/em><\/p>\n<p>Das 12h00 \u00e0s 12h30<\/p>\n<p>Simp\u00f3sio 2<\/p>\n<p>DIVERSIDADE, LINGUAGEM E INCLUS\u00c3O<\/p>\n<p>MEDIADORA: MARIA ISABEL SILVA<\/p>\n<p>Jornalista da Secretaria Estadual da pessoa com defici\u00eancia<\/p>\n<p>Participa\u00e7\u00e3o:<\/p>\n<p>Prof. Dr. Lino de Macedo (IPUSP)<\/p>\n<p>Prof. Dr. Humberto Rodrigues (M\u00e9xico)<\/p>\n<p>Tradutora: Prof\u00aa. Dra. Laura Calejon<\/p>\n<p>Debatedora: Prof\u00aa Dra. Maria Ot\u00edlia Ninim<\/p>\n<p>Das 12h00 \u00e0s 12h30<\/p>\n<p>Apresenta\u00e7\u00e3o art\u00edstica<\/p>\n<p>*******************************<\/p>\n<p><em>DIA 06 DE MAIO DE 2011 \u2013 6\u00aa F.<\/em><\/p>\n<p><em>*******************************<\/em><\/p>\n<p>Das 8h30 \u00e0s 12h00<\/p>\n<p>Simp\u00f3sio 3<\/p>\n<p>CONVIV\u00caNCIA NA DIVERSIDADE<\/p>\n<p>MEDIADORA: ANTONIA MARIA NAKAYAMA<\/p>\n<p>UNIP e FOEI<\/p>\n<p>Participa\u00e7\u00e3o:<\/p>\n<p>Prof\u00aa L\u00edgia Ferreira Galv\u00e3o<\/p>\n<p>Prof\u00aa Dra. Simone A. Ramalho<\/p>\n<p>Prof. Dr. Roberto da Silva<\/p>\n<p>Prof. Edivaldo F\u00e9lix<\/p>\n<p>Debatedor: Prof. Helio Braunstein<\/p>\n<p>Das 12h00 \u00e0s 12h30<\/p>\n<p>Apresenta\u00e7\u00e3o art\u00edstica<\/p>\n<p>PARTICIPA\u00c7\u00c3O ESPECIAL:<\/p>\n<p>Prof. Dr. Jos\u00e9 Antonio Torres Gonz\u00e1lez (Espanha)<\/p>\n<p>Prof. Dr. Guillermo Arias Beat\u00f3n (Cuba)<\/p>\n","protected":false},"excerpt":{"rendered":"<p>No teatro da UNIP. Informa\u00e7\u00f5e e inscri\u00e7\u00f5es em www.foei.com.br<\/p>\n","protected":false},"author":1,"featured_media":0,"comment_status":"open","ping_status":"open","sticky":false,"template":"","format":"standard","meta":{"site-container-style":"default","site-container-layout":"default","site-sidebar-layout":"default","disable-article-header":"default","disable-site-header":"default","disable-site-footer":"default","disable-content-area-spacing":"default","footnotes":""},"categories":[12,6,48,4],"tags":[],"class_list":["post-18811","post","type-post","status-publish","format-standard","hentry","category-cursos-e-eventos","category-educacao","category-inclusao","category-noticias"],"yoast_head":"<!-- This site is optimized with the Yoast SEO plugin v27.4 - https:\/\/yoast.com\/product\/yoast-seo-wordpress\/ -->\n<title>2\u00ba Semin\u00e1rio Internacional de Educa\u00e7\u00e3o Inclusiva - FOEI (03-06\/05) -<\/title>\n<meta name=\"robots\" content=\"index, follow, max-snippet:-1, max-image-preview:large, max-video-preview:-1\" \/>\n<link rel=\"canonical\" href=\"https:\/\/inclusivenews.com.br\/?p=18811\" \/>\n<meta property=\"og:locale\" content=\"pt_PT\" \/>\n<meta property=\"og:type\" content=\"article\" \/>\n<meta property=\"og:title\" content=\"2\u00ba Semin\u00e1rio Internacional de Educa\u00e7\u00e3o Inclusiva - FOEI (03-06\/05) -\" \/>\n<meta property=\"og:description\" content=\"No teatro da UNIP. Informa\u00e7\u00f5e e inscri\u00e7\u00f5es em www.foei.com.br\" \/>\n<meta property=\"og:url\" content=\"https:\/\/inclusivenews.com.br\/?p=18811\" \/>\n<meta property=\"article:publisher\" content=\"https:\/\/www.facebook.com\/agenciainclusive\/\" \/>\n<meta property=\"article:published_time\" content=\"2011-03-24T10:32:19+00:00\" \/>\n<meta property=\"og:image\" content=\"http:\/\/inclusivenews.com.br\/wp-content\/uploads\/2011\/03\/foei.jpg\" \/>\n<meta name=\"author\" content=\"inclusivenews2024\" \/>\n<meta name=\"twitter:card\" content=\"summary_large_image\" \/>\n<meta name=\"twitter:label1\" content=\"Escrito por\" \/>\n\t<meta name=\"twitter:data1\" content=\"inclusivenews2024\" \/>\n\t<meta name=\"twitter:label2\" content=\"Tempo estimado de leitura\" \/>\n\t<meta name=\"twitter:data2\" content=\"1 minuto\" \/>\n<script type=\"application\/ld+json\" class=\"yoast-schema-graph\">{\"@context\":\"https:\\\/\\\/schema.org\",\"@graph\":[{\"@type\":\"Article\",\"@id\":\"https:\\\/\\\/inclusivenews.com.br\\\/?p=18811#article\",\"isPartOf\":{\"@id\":\"https:\\\/\\\/inclusivenews.com.br\\\/?p=18811\"},\"author\":{\"name\":\"inclusivenews2024\",\"@id\":\"https:\\\/\\\/inclusivenews.com.br\\\/#\\\/schema\\\/person\\\/ae4ec7087559b8692fb33b6fffd2273b\"},\"headline\":\"2\u00ba Semin\u00e1rio Internacional de Educa\u00e7\u00e3o Inclusiva &#8211; FOEI (03-06\\\/05)\",\"datePublished\":\"2011-03-24T10:32:19+00:00\",\"mainEntityOfPage\":{\"@id\":\"https:\\\/\\\/inclusivenews.com.br\\\/?p=18811\"},\"wordCount\":281,\"commentCount\":2,\"publisher\":{\"@id\":\"https:\\\/\\\/inclusivenews.com.br\\\/#organization\"},\"image\":{\"@id\":\"https:\\\/\\\/inclusivenews.com.br\\\/?p=18811#primaryimage\"},\"thumbnailUrl\":\"http:\\\/\\\/inclusivenews.com.br\\\/wp-content\\\/uploads\\\/2011\\\/03\\\/foei.jpg\",\"articleSection\":[\"Cursos e eventos\",\"EDUCA\u00c7\u00c3O\",\"INCLUS\u00c3O SOCIAL\",\"NOT\u00cdCIAS\"],\"inLanguage\":\"pt-PT\",\"potentialAction\":[{\"@type\":\"CommentAction\",\"name\":\"Comment\",\"target\":[\"https:\\\/\\\/inclusivenews.com.br\\\/?p=18811#respond\"]}]},{\"@type\":\"WebPage\",\"@id\":\"https:\\\/\\\/inclusivenews.com.br\\\/?p=18811\",\"url\":\"https:\\\/\\\/inclusivenews.com.br\\\/?p=18811\",\"name\":\"2\u00ba Semin\u00e1rio Internacional de Educa\u00e7\u00e3o Inclusiva - FOEI (03-06\\\/05) -\",\"isPartOf\":{\"@id\":\"https:\\\/\\\/inclusivenews.com.br\\\/#website\"},\"primaryImageOfPage\":{\"@id\":\"https:\\\/\\\/inclusivenews.com.br\\\/?p=18811#primaryimage\"},\"image\":{\"@id\":\"https:\\\/\\\/inclusivenews.com.br\\\/?p=18811#primaryimage\"},\"thumbnailUrl\":\"http:\\\/\\\/inclusivenews.com.br\\\/wp-content\\\/uploads\\\/2011\\\/03\\\/foei.jpg\",\"datePublished\":\"2011-03-24T10:32:19+00:00\",\"breadcrumb\":{\"@id\":\"https:\\\/\\\/inclusivenews.com.br\\\/?p=18811#breadcrumb\"},\"inLanguage\":\"pt-PT\",\"potentialAction\":[{\"@type\":\"ReadAction\",\"target\":[\"https:\\\/\\\/inclusivenews.com.br\\\/?p=18811\"]}]},{\"@type\":\"ImageObject\",\"inLanguage\":\"pt-PT\",\"@id\":\"https:\\\/\\\/inclusivenews.com.br\\\/?p=18811#primaryimage\",\"url\":\"\",\"contentUrl\":\"\"},{\"@type\":\"BreadcrumbList\",\"@id\":\"https:\\\/\\\/inclusivenews.com.br\\\/?p=18811#breadcrumb\",\"itemListElement\":[{\"@type\":\"ListItem\",\"position\":1,\"name\":\"In\u00edcio\",\"item\":\"https:\\\/\\\/inclusivenews.com.br\\\/\"},{\"@type\":\"ListItem\",\"position\":2,\"name\":\"2\u00ba Semin\u00e1rio Internacional de Educa\u00e7\u00e3o Inclusiva &#8211; FOEI (03-06\\\/05)\"}]},{\"@type\":\"WebSite\",\"@id\":\"https:\\\/\\\/inclusivenews.com.br\\\/#website\",\"url\":\"https:\\\/\\\/inclusivenews.com.br\\\/\",\"name\":\"Inclusive News\",\"description\":\"Inclusive News\",\"publisher\":{\"@id\":\"https:\\\/\\\/inclusivenews.com.br\\\/#organization\"},\"potentialAction\":[{\"@type\":\"SearchAction\",\"target\":{\"@type\":\"EntryPoint\",\"urlTemplate\":\"https:\\\/\\\/inclusivenews.com.br\\\/?s={search_term_string}\"},\"query-input\":{\"@type\":\"PropertyValueSpecification\",\"valueRequired\":true,\"valueName\":\"search_term_string\"}}],\"inLanguage\":\"pt-PT\"},{\"@type\":\"Organization\",\"@id\":\"https:\\\/\\\/inclusivenews.com.br\\\/#organization\",\"name\":\"Inclusive - inclus\u00e3o e cidadania\",\"url\":\"https:\\\/\\\/inclusivenews.com.br\\\/\",\"logo\":{\"@type\":\"ImageObject\",\"inLanguage\":\"pt-PT\",\"@id\":\"https:\\\/\\\/inclusivenews.com.br\\\/#\\\/schema\\\/logo\\\/image\\\/\",\"url\":\"https:\\\/\\\/inclusivenews.com.br\\\/wp-content\\\/uploads\\\/2024\\\/03\\\/@grandesite.png\",\"contentUrl\":\"https:\\\/\\\/inclusivenews.com.br\\\/wp-content\\\/uploads\\\/2024\\\/03\\\/@grandesite.png\",\"width\":1080,\"height\":1080,\"caption\":\"Inclusive - inclus\u00e3o e cidadania\"},\"image\":{\"@id\":\"https:\\\/\\\/inclusivenews.com.br\\\/#\\\/schema\\\/logo\\\/image\\\/\"},\"sameAs\":[\"https:\\\/\\\/www.facebook.com\\\/agenciainclusive\\\/\",\"https:\\\/\\\/www.instagram.com\\\/newsinclusive\\\/\"]},{\"@type\":\"Person\",\"@id\":\"https:\\\/\\\/inclusivenews.com.br\\\/#\\\/schema\\\/person\\\/ae4ec7087559b8692fb33b6fffd2273b\",\"name\":\"inclusivenews2024\",\"image\":{\"@type\":\"ImageObject\",\"inLanguage\":\"pt-PT\",\"@id\":\"https:\\\/\\\/secure.gravatar.com\\\/avatar\\\/c5a7ef84c66fa914f55bc4f7ce26cfa275a3b9a1c5568b907bd184fb4dde7b40?s=96&d=mm&r=g\",\"url\":\"https:\\\/\\\/secure.gravatar.com\\\/avatar\\\/c5a7ef84c66fa914f55bc4f7ce26cfa275a3b9a1c5568b907bd184fb4dde7b40?s=96&d=mm&r=g\",\"contentUrl\":\"https:\\\/\\\/secure.gravatar.com\\\/avatar\\\/c5a7ef84c66fa914f55bc4f7ce26cfa275a3b9a1c5568b907bd184fb4dde7b40?s=96&d=mm&r=g\",\"caption\":\"inclusivenews2024\"},\"sameAs\":[\"https:\\\/\\\/inclusivenews.com.br\"],\"url\":\"https:\\\/\\\/inclusivenews.com.br\\\/?author=1\"}]}<\/script>\n<!-- \/ Yoast SEO plugin. -->","yoast_head_json":{"title":"2\u00ba Semin\u00e1rio Internacional de Educa\u00e7\u00e3o Inclusiva - FOEI (03-06\/05) -","robots":{"index":"index","follow":"follow","max-snippet":"max-snippet:-1","max-image-preview":"max-image-preview:large","max-video-preview":"max-video-preview:-1"},"canonical":"https:\/\/inclusivenews.com.br\/?p=18811","og_locale":"pt_PT","og_type":"article","og_title":"2\u00ba Semin\u00e1rio Internacional de Educa\u00e7\u00e3o Inclusiva - FOEI (03-06\/05) -","og_description":"No teatro da UNIP. Informa\u00e7\u00f5e e inscri\u00e7\u00f5es em www.foei.com.br","og_url":"https:\/\/inclusivenews.com.br\/?p=18811","article_publisher":"https:\/\/www.facebook.com\/agenciainclusive\/","article_published_time":"2011-03-24T10:32:19+00:00","og_image":[{"url":"http:\/\/inclusivenews.com.br\/wp-content\/uploads\/2011\/03\/foei.jpg","type":"","width":"","height":""}],"author":"inclusivenews2024","twitter_card":"summary_large_image","twitter_misc":{"Escrito por":"inclusivenews2024","Tempo estimado de leitura":"1 minuto"},"schema":{"@context":"https:\/\/schema.org","@graph":[{"@type":"Article","@id":"https:\/\/inclusivenews.com.br\/?p=18811#article","isPartOf":{"@id":"https:\/\/inclusivenews.com.br\/?p=18811"},"author":{"name":"inclusivenews2024","@id":"https:\/\/inclusivenews.com.br\/#\/schema\/person\/ae4ec7087559b8692fb33b6fffd2273b"},"headline":"2\u00ba Semin\u00e1rio Internacional de Educa\u00e7\u00e3o Inclusiva &#8211; FOEI (03-06\/05)","datePublished":"2011-03-24T10:32:19+00:00","mainEntityOfPage":{"@id":"https:\/\/inclusivenews.com.br\/?p=18811"},"wordCount":281,"commentCount":2,"publisher":{"@id":"https:\/\/inclusivenews.com.br\/#organization"},"image":{"@id":"https:\/\/inclusivenews.com.br\/?p=18811#primaryimage"},"thumbnailUrl":"http:\/\/inclusivenews.com.br\/wp-content\/uploads\/2011\/03\/foei.jpg","articleSection":["Cursos e eventos","EDUCA\u00c7\u00c3O","INCLUS\u00c3O SOCIAL","NOT\u00cdCIAS"],"inLanguage":"pt-PT","potentialAction":[{"@type":"CommentAction","name":"Comment","target":["https:\/\/inclusivenews.com.br\/?p=18811#respond"]}]},{"@type":"WebPage","@id":"https:\/\/inclusivenews.com.br\/?p=18811","url":"https:\/\/inclusivenews.com.br\/?p=18811","name":"2\u00ba Semin\u00e1rio Internacional de Educa\u00e7\u00e3o Inclusiva - FOEI (03-06\/05) -","isPartOf":{"@id":"https:\/\/inclusivenews.com.br\/#website"},"primaryImageOfPage":{"@id":"https:\/\/inclusivenews.com.br\/?p=18811#primaryimage"},"image":{"@id":"https:\/\/inclusivenews.com.br\/?p=18811#primaryimage"},"thumbnailUrl":"http:\/\/inclusivenews.com.br\/wp-content\/uploads\/2011\/03\/foei.jpg","datePublished":"2011-03-24T10:32:19+00:00","breadcrumb":{"@id":"https:\/\/inclusivenews.com.br\/?p=18811#breadcrumb"},"inLanguage":"pt-PT","potentialAction":[{"@type":"ReadAction","target":["https:\/\/inclusivenews.com.br\/?p=18811"]}]},{"@type":"ImageObject","inLanguage":"pt-PT","@id":"https:\/\/inclusivenews.com.br\/?p=18811#primaryimage","url":"","contentUrl":""},{"@type":"BreadcrumbList","@id":"https:\/\/inclusivenews.com.br\/?p=18811#breadcrumb","itemListElement":[{"@type":"ListItem","position":1,"name":"In\u00edcio","item":"https:\/\/inclusivenews.com.br\/"},{"@type":"ListItem","position":2,"name":"2\u00ba Semin\u00e1rio Internacional de Educa\u00e7\u00e3o Inclusiva &#8211; FOEI (03-06\/05)"}]},{"@type":"WebSite","@id":"https:\/\/inclusivenews.com.br\/#website","url":"https:\/\/inclusivenews.com.br\/","name":"Inclusive News","description":"Inclusive News","publisher":{"@id":"https:\/\/inclusivenews.com.br\/#organization"},"potentialAction":[{"@type":"SearchAction","target":{"@type":"EntryPoint","urlTemplate":"https:\/\/inclusivenews.com.br\/?s={search_term_string}"},"query-input":{"@type":"PropertyValueSpecification","valueRequired":true,"valueName":"search_term_string"}}],"inLanguage":"pt-PT"},{"@type":"Organization","@id":"https:\/\/inclusivenews.com.br\/#organization","name":"Inclusive - inclus\u00e3o e cidadania","url":"https:\/\/inclusivenews.com.br\/","logo":{"@type":"ImageObject","inLanguage":"pt-PT","@id":"https:\/\/inclusivenews.com.br\/#\/schema\/logo\/image\/","url":"https:\/\/inclusivenews.com.br\/wp-content\/uploads\/2024\/03\/@grandesite.png","contentUrl":"https:\/\/inclusivenews.com.br\/wp-content\/uploads\/2024\/03\/@grandesite.png","width":1080,"height":1080,"caption":"Inclusive - inclus\u00e3o e cidadania"},"image":{"@id":"https:\/\/inclusivenews.com.br\/#\/schema\/logo\/image\/"},"sameAs":["https:\/\/www.facebook.com\/agenciainclusive\/","https:\/\/www.instagram.com\/newsinclusive\/"]},{"@type":"Person","@id":"https:\/\/inclusivenews.com.br\/#\/schema\/person\/ae4ec7087559b8692fb33b6fffd2273b","name":"inclusivenews2024","image":{"@type":"ImageObject","inLanguage":"pt-PT","@id":"https:\/\/secure.gravatar.com\/avatar\/c5a7ef84c66fa914f55bc4f7ce26cfa275a3b9a1c5568b907bd184fb4dde7b40?s=96&d=mm&r=g","url":"https:\/\/secure.gravatar.com\/avatar\/c5a7ef84c66fa914f55bc4f7ce26cfa275a3b9a1c5568b907bd184fb4dde7b40?s=96&d=mm&r=g","contentUrl":"https:\/\/secure.gravatar.com\/avatar\/c5a7ef84c66fa914f55bc4f7ce26cfa275a3b9a1c5568b907bd184fb4dde7b40?s=96&d=mm&r=g","caption":"inclusivenews2024"},"sameAs":["https:\/\/inclusivenews.com.br"],"url":"https:\/\/inclusivenews.com.br\/?author=1"}]}},"_links":{"self":[{"href":"https:\/\/inclusivenews.com.br\/index.php?rest_route=\/wp\/v2\/posts\/18811","targetHints":{"allow":["GET"]}}],"collection":[{"href":"https:\/\/inclusivenews.com.br\/index.php?rest_route=\/wp\/v2\/posts"}],"about":[{"href":"https:\/\/inclusivenews.com.br\/index.php?rest_route=\/wp\/v2\/types\/post"}],"author":[{"embeddable":true,"href":"https:\/\/inclusivenews.com.br\/index.php?rest_route=\/wp\/v2\/users\/1"}],"replies":[{"embeddable":true,"href":"https:\/\/inclusivenews.com.br\/index.php?rest_route=%2Fwp%2Fv2%2Fcomments&post=18811"}],"version-history":[{"count":0,"href":"https:\/\/inclusivenews.com.br\/index.php?rest_route=\/wp\/v2\/posts\/18811\/revisions"}],"wp:attachment":[{"href":"https:\/\/inclusivenews.com.br\/index.php?rest_route=%2Fwp%2Fv2%2Fmedia&parent=18811"}],"wp:term":[{"taxonomy":"category","embeddable":true,"href":"https:\/\/inclusivenews.com.br\/index.php?rest_route=%2Fwp%2Fv2%2Fcategories&post=18811"},{"taxonomy":"post_tag","embeddable":true,"href":"https:\/\/inclusivenews.com.br\/index.php?rest_route=%2Fwp%2Fv2%2Ftags&post=18811"}],"curies":[{"name":"wp","href":"https:\/\/api.w.org\/{rel}","templated":true}]}}