{"id":18833,"date":"2011-03-24T07:32:38","date_gmt":"2011-03-24T10:32:38","guid":{"rendered":"http:\/\/www.inclusive.org.br\/?p=18833"},"modified":"2011-03-24T07:32:38","modified_gmt":"2011-03-24T10:32:38","slug":"andi-comunicacao-e-direitos","status":"publish","type":"post","link":"https:\/\/inclusivenews.com.br\/?p=18833","title":{"rendered":"ANDI \u2013 Comunica\u00e7\u00e3o e Direitos"},"content":{"rendered":"<p><span class=\"field-content\"><em><\/p>\n<figure style=\"width: 348px\" class=\"wp-caption alignleft\"><img loading=\"lazy\" decoding=\"async\" title=\"O novo logo da ANDI - Comunica\u00e7\u00e3o e Direitos\" src=\"http:\/\/www.andi.org.br\/sites\/all\/themes\/genesis_andi2\/images\/logo-site.png\" alt=\"O novo logo da ANDI - Comunica\u00e7\u00e3o e Direitos\" width=\"348\" height=\"64\" \/><figcaption class=\"wp-caption-text\"> <\/figcaption><\/figure>\n<p>O nome ANDI deixa de ser uma sigla e torna-se uma marca: ANDI \u2013 Comunica\u00e7\u00e3o e Direitos<\/p>\n<p>O lan\u00e7amento do site tamb\u00e9m formaliza um novo momento institucional da ANDI. Para al\u00e9m da constante atua\u00e7\u00e3o em <em><strong>Direitos da Inf\u00e2ncia e da Juventude<\/strong><\/em>, a organiza\u00e7\u00e3o avan\u00e7a agora em duas outras \u00e1reas de atua\u00e7\u00e3o: a de <strong><em>I<\/em><\/strong><em><strong>nclus\u00e3o e Sustentabilidade<\/strong><\/em> e a de <strong><em><strong>P<\/strong>ol\u00edticas de Comunica\u00e7\u00e3o<\/em><\/strong>. O portal conta com maior interatividade e acesso mais f\u00e1cil aos conte\u00fados\u00a0 e amplia a oferta de materiais de refer\u00eancia para jornalistas e fontes de informa\u00e7\u00e3o.<\/p>\n<p>Para melhor refletir este momento, o nome ANDI deixa de ser uma sigla e torna-se uma marca: <strong>ANDI \u2013 Comunica\u00e7\u00e3o e Direitos<\/strong>.<\/p>\n<p><\/em>De acordo com o secret\u00e1rio executivo da ANDI, Veet Vivarta, \u201co fortalecimento da agenda social nos \u00faltimos anos, especialmente ao longo desta \u00faltima d\u00e9cada, levou ao entendimento do conselho da ANDI de que dever\u00edamos consolidar outros temas\u00a0 na miss\u00e3o da organiza\u00e7\u00e3o.\u201d (a integra da entrevista <a href=\"http:\/\/www.andi.org.br\/infancia-e-juventude\/pauta\/para-veet-vivarta-novos-temas-sao-resultado-de-amadurecimento-do-trabalho\">aqui<\/a>)<\/p>\n<p>Estruturado a partir das tr\u00eas \u00e1reas de atua\u00e7\u00e3o, o portal oferece um acervo com mais de 240 publica\u00e7\u00f5es produzidas pela organiza\u00e7\u00e3o ao longo de sua trajet\u00f3ria, cerca de 200 documentos na biblioteca e mais de 100 v\u00eddeos nesses tr\u00eas segmentos de atua\u00e7\u00e3o.<\/p>\n<p><strong> Conhe\u00e7a as \u00e1reas do site<\/strong><\/p>\n<p><em><strong>I<\/strong><strong>nf\u00e2ncia e Juventude <\/strong><\/em>ganha tr\u00eas novas se\u00e7\u00f5es:<\/p>\n<ul>\n<li>Legisla\u00e7\u00e3o &#8211; mais de 40 leis e decretos<\/li>\n<li>Help desk &#8211; perguntas e respostas frequentes sobre temas da cobertura jornal\u00edstica<\/li>\n<li>Gloss\u00e1rio &#8211; cerca de 100 conceitos<\/li>\n<\/ul>\n<p>Al\u00e9m disso, os servi\u00e7os tradicionais desta \u00e1rea foram aprimorados e o novo portal disponibiliza agora:<\/p>\n<ul>\n<li>Arquivo com mais de 13 mil not\u00edcias do boletim Inf\u00e2ncia na M\u00eddia (IM), com filtros de busca por ve\u00edculo, tema ou data.<\/li>\n<li>700 pautas incluindo o boletim Direito ao Assunto e pautas de parceiros.<\/li>\n<li>Banco de fontes atualizado com aproximadamente 1.000 sugest\u00f5es de contatos de todo o Brasil.<\/li>\n<\/ul>\n<p><em><strong>I<\/strong><\/em><em><strong>n<\/strong><strong>clus\u00e3o e Sustentabilidade <\/strong><\/em>re\u00fane os principais temas que a ANDI abordou nos \u00faltimos anos, como Mudan\u00e7as Clim\u00e1ticas, G\u00eanero, Responsabilidade Social Empresarial, Ci\u00eancia e Tecnologia, entre outros.<\/p>\n<p><em><strong>P<\/strong><strong>ol\u00edticas de Comunica\u00e7\u00e3o<\/strong><\/em> disponibiliza entrevistas, artigos, publica\u00e7\u00f5es e links, al\u00e9m de uma s\u00e9rie de textos de refer\u00eancia sobre as pol\u00edticas de comunica\u00e7\u00e3o que ser\u00e3o publicados em m\u00f3dulos de forma peri\u00f3dica ao longo dos pr\u00f3ximos meses.<\/p>\n<p>A se\u00e7\u00e3o conta ainda com um boletim quinzenal em dois idiomas (portugu\u00eas e espanhol) que traz informa\u00e7\u00f5es sobre a cobertura do tema na Am\u00e9rica Latina.<\/p>\n<p>A partir de agora <strong>ANDI \u2013 <strong>C<\/strong>omunica\u00e7\u00e3o e Direitos<\/strong> entra tamb\u00e9m nas m\u00eddias sociais e estar\u00e1 presente no Twitter e no Facebook, ferramentas amplamente utilizadas por jornalistas e fontes. Neles, os nossos conte\u00fados ser\u00e3o instant\u00e2nea e amplamente reproduzidos.<br \/>\n___________<\/p>\n<p><strong>Fonte:<\/strong> <a href=\"http:\/\/www.andi.org.br\/infancia-e-juventude\/pauta\/portal-marca-um-novo-momento-da-andi\">ANDI<\/a><\/p>\n<p><\/span><\/p>\n","protected":false},"excerpt":{"rendered":"<p>Para al\u00e9m da constante atua\u00e7\u00e3o em Direitos da Inf\u00e2ncia e da Juventude, a organiza\u00e7\u00e3o avan\u00e7a agora em duas outras \u00e1reas de atua\u00e7\u00e3o: a de Inclus\u00e3o e Sustentabilidade e a de Pol\u00edticas de Comunica\u00e7\u00e3o.<\/p>\n","protected":false},"author":1,"featured_media":0,"comment_status":"open","ping_status":"open","sticky":false,"template":"","format":"standard","meta":{"site-container-style":"default","site-container-layout":"default","site-sidebar-layout":"default","disable-article-header":"default","disable-site-header":"default","disable-site-footer":"default","disable-content-area-spacing":"default","footnotes":""},"categories":[11,4],"tags":[60],"class_list":["post-18833","post","type-post","status-publish","format-standard","hentry","category-direitos-humanos","category-noticias","tag-infancia"],"yoast_head":"<!-- This site is optimized with the Yoast SEO plugin v27.4 - https:\/\/yoast.com\/product\/yoast-seo-wordpress\/ -->\n<title>ANDI \u2013 Comunica\u00e7\u00e3o e Direitos -<\/title>\n<meta name=\"robots\" content=\"index, follow, max-snippet:-1, max-image-preview:large, max-video-preview:-1\" \/>\n<link rel=\"canonical\" href=\"https:\/\/inclusivenews.com.br\/?p=18833\" \/>\n<meta property=\"og:locale\" content=\"pt_PT\" \/>\n<meta property=\"og:type\" content=\"article\" \/>\n<meta property=\"og:title\" content=\"ANDI \u2013 Comunica\u00e7\u00e3o e Direitos -\" \/>\n<meta property=\"og:description\" content=\"Para al\u00e9m da constante atua\u00e7\u00e3o em Direitos da Inf\u00e2ncia e da Juventude, a organiza\u00e7\u00e3o avan\u00e7a agora em duas outras \u00e1reas de atua\u00e7\u00e3o: a de Inclus\u00e3o e Sustentabilidade e a de Pol\u00edticas de Comunica\u00e7\u00e3o.\" \/>\n<meta property=\"og:url\" content=\"https:\/\/inclusivenews.com.br\/?p=18833\" \/>\n<meta property=\"article:publisher\" content=\"https:\/\/www.facebook.com\/agenciainclusive\/\" \/>\n<meta property=\"article:published_time\" content=\"2011-03-24T10:32:38+00:00\" \/>\n<meta property=\"og:image\" content=\"http:\/\/www.andi.org.br\/sites\/all\/themes\/genesis_andi2\/images\/logo-site.png\" \/>\n<meta name=\"author\" content=\"inclusivenews2024\" \/>\n<meta name=\"twitter:card\" content=\"summary_large_image\" \/>\n<meta name=\"twitter:label1\" content=\"Escrito por\" \/>\n\t<meta name=\"twitter:data1\" content=\"inclusivenews2024\" \/>\n\t<meta name=\"twitter:label2\" content=\"Tempo estimado de leitura\" \/>\n\t<meta name=\"twitter:data2\" content=\"2 minutos\" \/>\n<script type=\"application\/ld+json\" class=\"yoast-schema-graph\">{\"@context\":\"https:\\\/\\\/schema.org\",\"@graph\":[{\"@type\":\"Article\",\"@id\":\"https:\\\/\\\/inclusivenews.com.br\\\/?p=18833#article\",\"isPartOf\":{\"@id\":\"https:\\\/\\\/inclusivenews.com.br\\\/?p=18833\"},\"author\":{\"name\":\"inclusivenews2024\",\"@id\":\"https:\\\/\\\/inclusivenews.com.br\\\/#\\\/schema\\\/person\\\/ae4ec7087559b8692fb33b6fffd2273b\"},\"headline\":\"ANDI \u2013 Comunica\u00e7\u00e3o e Direitos\",\"datePublished\":\"2011-03-24T10:32:38+00:00\",\"mainEntityOfPage\":{\"@id\":\"https:\\\/\\\/inclusivenews.com.br\\\/?p=18833\"},\"wordCount\":503,\"commentCount\":0,\"publisher\":{\"@id\":\"https:\\\/\\\/inclusivenews.com.br\\\/#organization\"},\"image\":{\"@id\":\"https:\\\/\\\/inclusivenews.com.br\\\/?p=18833#primaryimage\"},\"thumbnailUrl\":\"http:\\\/\\\/www.andi.org.br\\\/sites\\\/all\\\/themes\\\/genesis_andi2\\\/images\\\/logo-site.png\",\"keywords\":[\"Inf\u00e2ncia\"],\"articleSection\":[\"DIREITOS HUMANOS\",\"NOT\u00cdCIAS\"],\"inLanguage\":\"pt-PT\",\"potentialAction\":[{\"@type\":\"CommentAction\",\"name\":\"Comment\",\"target\":[\"https:\\\/\\\/inclusivenews.com.br\\\/?p=18833#respond\"]}]},{\"@type\":\"WebPage\",\"@id\":\"https:\\\/\\\/inclusivenews.com.br\\\/?p=18833\",\"url\":\"https:\\\/\\\/inclusivenews.com.br\\\/?p=18833\",\"name\":\"ANDI \u2013 Comunica\u00e7\u00e3o e Direitos -\",\"isPartOf\":{\"@id\":\"https:\\\/\\\/inclusivenews.com.br\\\/#website\"},\"primaryImageOfPage\":{\"@id\":\"https:\\\/\\\/inclusivenews.com.br\\\/?p=18833#primaryimage\"},\"image\":{\"@id\":\"https:\\\/\\\/inclusivenews.com.br\\\/?p=18833#primaryimage\"},\"thumbnailUrl\":\"http:\\\/\\\/www.andi.org.br\\\/sites\\\/all\\\/themes\\\/genesis_andi2\\\/images\\\/logo-site.png\",\"datePublished\":\"2011-03-24T10:32:38+00:00\",\"breadcrumb\":{\"@id\":\"https:\\\/\\\/inclusivenews.com.br\\\/?p=18833#breadcrumb\"},\"inLanguage\":\"pt-PT\",\"potentialAction\":[{\"@type\":\"ReadAction\",\"target\":[\"https:\\\/\\\/inclusivenews.com.br\\\/?p=18833\"]}]},{\"@type\":\"ImageObject\",\"inLanguage\":\"pt-PT\",\"@id\":\"https:\\\/\\\/inclusivenews.com.br\\\/?p=18833#primaryimage\",\"url\":\"http:\\\/\\\/www.andi.org.br\\\/sites\\\/all\\\/themes\\\/genesis_andi2\\\/images\\\/logo-site.png\",\"contentUrl\":\"http:\\\/\\\/www.andi.org.br\\\/sites\\\/all\\\/themes\\\/genesis_andi2\\\/images\\\/logo-site.png\"},{\"@type\":\"BreadcrumbList\",\"@id\":\"https:\\\/\\\/inclusivenews.com.br\\\/?p=18833#breadcrumb\",\"itemListElement\":[{\"@type\":\"ListItem\",\"position\":1,\"name\":\"In\u00edcio\",\"item\":\"https:\\\/\\\/inclusivenews.com.br\\\/\"},{\"@type\":\"ListItem\",\"position\":2,\"name\":\"ANDI \u2013 Comunica\u00e7\u00e3o e Direitos\"}]},{\"@type\":\"WebSite\",\"@id\":\"https:\\\/\\\/inclusivenews.com.br\\\/#website\",\"url\":\"https:\\\/\\\/inclusivenews.com.br\\\/\",\"name\":\"Inclusive News\",\"description\":\"Inclusive News\",\"publisher\":{\"@id\":\"https:\\\/\\\/inclusivenews.com.br\\\/#organization\"},\"potentialAction\":[{\"@type\":\"SearchAction\",\"target\":{\"@type\":\"EntryPoint\",\"urlTemplate\":\"https:\\\/\\\/inclusivenews.com.br\\\/?s={search_term_string}\"},\"query-input\":{\"@type\":\"PropertyValueSpecification\",\"valueRequired\":true,\"valueName\":\"search_term_string\"}}],\"inLanguage\":\"pt-PT\"},{\"@type\":\"Organization\",\"@id\":\"https:\\\/\\\/inclusivenews.com.br\\\/#organization\",\"name\":\"Inclusive - inclus\u00e3o e cidadania\",\"url\":\"https:\\\/\\\/inclusivenews.com.br\\\/\",\"logo\":{\"@type\":\"ImageObject\",\"inLanguage\":\"pt-PT\",\"@id\":\"https:\\\/\\\/inclusivenews.com.br\\\/#\\\/schema\\\/logo\\\/image\\\/\",\"url\":\"https:\\\/\\\/inclusivenews.com.br\\\/wp-content\\\/uploads\\\/2024\\\/03\\\/@grandesite.png\",\"contentUrl\":\"https:\\\/\\\/inclusivenews.com.br\\\/wp-content\\\/uploads\\\/2024\\\/03\\\/@grandesite.png\",\"width\":1080,\"height\":1080,\"caption\":\"Inclusive - inclus\u00e3o e cidadania\"},\"image\":{\"@id\":\"https:\\\/\\\/inclusivenews.com.br\\\/#\\\/schema\\\/logo\\\/image\\\/\"},\"sameAs\":[\"https:\\\/\\\/www.facebook.com\\\/agenciainclusive\\\/\",\"https:\\\/\\\/www.instagram.com\\\/newsinclusive\\\/\"]},{\"@type\":\"Person\",\"@id\":\"https:\\\/\\\/inclusivenews.com.br\\\/#\\\/schema\\\/person\\\/ae4ec7087559b8692fb33b6fffd2273b\",\"name\":\"inclusivenews2024\",\"image\":{\"@type\":\"ImageObject\",\"inLanguage\":\"pt-PT\",\"@id\":\"https:\\\/\\\/secure.gravatar.com\\\/avatar\\\/c5a7ef84c66fa914f55bc4f7ce26cfa275a3b9a1c5568b907bd184fb4dde7b40?s=96&d=mm&r=g\",\"url\":\"https:\\\/\\\/secure.gravatar.com\\\/avatar\\\/c5a7ef84c66fa914f55bc4f7ce26cfa275a3b9a1c5568b907bd184fb4dde7b40?s=96&d=mm&r=g\",\"contentUrl\":\"https:\\\/\\\/secure.gravatar.com\\\/avatar\\\/c5a7ef84c66fa914f55bc4f7ce26cfa275a3b9a1c5568b907bd184fb4dde7b40?s=96&d=mm&r=g\",\"caption\":\"inclusivenews2024\"},\"sameAs\":[\"https:\\\/\\\/inclusivenews.com.br\"],\"url\":\"https:\\\/\\\/inclusivenews.com.br\\\/?author=1\"}]}<\/script>\n<!-- \/ Yoast SEO plugin. -->","yoast_head_json":{"title":"ANDI \u2013 Comunica\u00e7\u00e3o e Direitos -","robots":{"index":"index","follow":"follow","max-snippet":"max-snippet:-1","max-image-preview":"max-image-preview:large","max-video-preview":"max-video-preview:-1"},"canonical":"https:\/\/inclusivenews.com.br\/?p=18833","og_locale":"pt_PT","og_type":"article","og_title":"ANDI \u2013 Comunica\u00e7\u00e3o e Direitos -","og_description":"Para al\u00e9m da constante atua\u00e7\u00e3o em Direitos da Inf\u00e2ncia e da Juventude, a organiza\u00e7\u00e3o avan\u00e7a agora em duas outras \u00e1reas de atua\u00e7\u00e3o: a de Inclus\u00e3o e Sustentabilidade e a de Pol\u00edticas de Comunica\u00e7\u00e3o.","og_url":"https:\/\/inclusivenews.com.br\/?p=18833","article_publisher":"https:\/\/www.facebook.com\/agenciainclusive\/","article_published_time":"2011-03-24T10:32:38+00:00","og_image":[{"url":"http:\/\/www.andi.org.br\/sites\/all\/themes\/genesis_andi2\/images\/logo-site.png","type":"","width":"","height":""}],"author":"inclusivenews2024","twitter_card":"summary_large_image","twitter_misc":{"Escrito por":"inclusivenews2024","Tempo estimado de leitura":"2 minutos"},"schema":{"@context":"https:\/\/schema.org","@graph":[{"@type":"Article","@id":"https:\/\/inclusivenews.com.br\/?p=18833#article","isPartOf":{"@id":"https:\/\/inclusivenews.com.br\/?p=18833"},"author":{"name":"inclusivenews2024","@id":"https:\/\/inclusivenews.com.br\/#\/schema\/person\/ae4ec7087559b8692fb33b6fffd2273b"},"headline":"ANDI \u2013 Comunica\u00e7\u00e3o e Direitos","datePublished":"2011-03-24T10:32:38+00:00","mainEntityOfPage":{"@id":"https:\/\/inclusivenews.com.br\/?p=18833"},"wordCount":503,"commentCount":0,"publisher":{"@id":"https:\/\/inclusivenews.com.br\/#organization"},"image":{"@id":"https:\/\/inclusivenews.com.br\/?p=18833#primaryimage"},"thumbnailUrl":"http:\/\/www.andi.org.br\/sites\/all\/themes\/genesis_andi2\/images\/logo-site.png","keywords":["Inf\u00e2ncia"],"articleSection":["DIREITOS HUMANOS","NOT\u00cdCIAS"],"inLanguage":"pt-PT","potentialAction":[{"@type":"CommentAction","name":"Comment","target":["https:\/\/inclusivenews.com.br\/?p=18833#respond"]}]},{"@type":"WebPage","@id":"https:\/\/inclusivenews.com.br\/?p=18833","url":"https:\/\/inclusivenews.com.br\/?p=18833","name":"ANDI \u2013 Comunica\u00e7\u00e3o e Direitos -","isPartOf":{"@id":"https:\/\/inclusivenews.com.br\/#website"},"primaryImageOfPage":{"@id":"https:\/\/inclusivenews.com.br\/?p=18833#primaryimage"},"image":{"@id":"https:\/\/inclusivenews.com.br\/?p=18833#primaryimage"},"thumbnailUrl":"http:\/\/www.andi.org.br\/sites\/all\/themes\/genesis_andi2\/images\/logo-site.png","datePublished":"2011-03-24T10:32:38+00:00","breadcrumb":{"@id":"https:\/\/inclusivenews.com.br\/?p=18833#breadcrumb"},"inLanguage":"pt-PT","potentialAction":[{"@type":"ReadAction","target":["https:\/\/inclusivenews.com.br\/?p=18833"]}]},{"@type":"ImageObject","inLanguage":"pt-PT","@id":"https:\/\/inclusivenews.com.br\/?p=18833#primaryimage","url":"http:\/\/www.andi.org.br\/sites\/all\/themes\/genesis_andi2\/images\/logo-site.png","contentUrl":"http:\/\/www.andi.org.br\/sites\/all\/themes\/genesis_andi2\/images\/logo-site.png"},{"@type":"BreadcrumbList","@id":"https:\/\/inclusivenews.com.br\/?p=18833#breadcrumb","itemListElement":[{"@type":"ListItem","position":1,"name":"In\u00edcio","item":"https:\/\/inclusivenews.com.br\/"},{"@type":"ListItem","position":2,"name":"ANDI \u2013 Comunica\u00e7\u00e3o e Direitos"}]},{"@type":"WebSite","@id":"https:\/\/inclusivenews.com.br\/#website","url":"https:\/\/inclusivenews.com.br\/","name":"Inclusive News","description":"Inclusive News","publisher":{"@id":"https:\/\/inclusivenews.com.br\/#organization"},"potentialAction":[{"@type":"SearchAction","target":{"@type":"EntryPoint","urlTemplate":"https:\/\/inclusivenews.com.br\/?s={search_term_string}"},"query-input":{"@type":"PropertyValueSpecification","valueRequired":true,"valueName":"search_term_string"}}],"inLanguage":"pt-PT"},{"@type":"Organization","@id":"https:\/\/inclusivenews.com.br\/#organization","name":"Inclusive - inclus\u00e3o e cidadania","url":"https:\/\/inclusivenews.com.br\/","logo":{"@type":"ImageObject","inLanguage":"pt-PT","@id":"https:\/\/inclusivenews.com.br\/#\/schema\/logo\/image\/","url":"https:\/\/inclusivenews.com.br\/wp-content\/uploads\/2024\/03\/@grandesite.png","contentUrl":"https:\/\/inclusivenews.com.br\/wp-content\/uploads\/2024\/03\/@grandesite.png","width":1080,"height":1080,"caption":"Inclusive - inclus\u00e3o e cidadania"},"image":{"@id":"https:\/\/inclusivenews.com.br\/#\/schema\/logo\/image\/"},"sameAs":["https:\/\/www.facebook.com\/agenciainclusive\/","https:\/\/www.instagram.com\/newsinclusive\/"]},{"@type":"Person","@id":"https:\/\/inclusivenews.com.br\/#\/schema\/person\/ae4ec7087559b8692fb33b6fffd2273b","name":"inclusivenews2024","image":{"@type":"ImageObject","inLanguage":"pt-PT","@id":"https:\/\/secure.gravatar.com\/avatar\/c5a7ef84c66fa914f55bc4f7ce26cfa275a3b9a1c5568b907bd184fb4dde7b40?s=96&d=mm&r=g","url":"https:\/\/secure.gravatar.com\/avatar\/c5a7ef84c66fa914f55bc4f7ce26cfa275a3b9a1c5568b907bd184fb4dde7b40?s=96&d=mm&r=g","contentUrl":"https:\/\/secure.gravatar.com\/avatar\/c5a7ef84c66fa914f55bc4f7ce26cfa275a3b9a1c5568b907bd184fb4dde7b40?s=96&d=mm&r=g","caption":"inclusivenews2024"},"sameAs":["https:\/\/inclusivenews.com.br"],"url":"https:\/\/inclusivenews.com.br\/?author=1"}]}},"_links":{"self":[{"href":"https:\/\/inclusivenews.com.br\/index.php?rest_route=\/wp\/v2\/posts\/18833","targetHints":{"allow":["GET"]}}],"collection":[{"href":"https:\/\/inclusivenews.com.br\/index.php?rest_route=\/wp\/v2\/posts"}],"about":[{"href":"https:\/\/inclusivenews.com.br\/index.php?rest_route=\/wp\/v2\/types\/post"}],"author":[{"embeddable":true,"href":"https:\/\/inclusivenews.com.br\/index.php?rest_route=\/wp\/v2\/users\/1"}],"replies":[{"embeddable":true,"href":"https:\/\/inclusivenews.com.br\/index.php?rest_route=%2Fwp%2Fv2%2Fcomments&post=18833"}],"version-history":[{"count":0,"href":"https:\/\/inclusivenews.com.br\/index.php?rest_route=\/wp\/v2\/posts\/18833\/revisions"}],"wp:attachment":[{"href":"https:\/\/inclusivenews.com.br\/index.php?rest_route=%2Fwp%2Fv2%2Fmedia&parent=18833"}],"wp:term":[{"taxonomy":"category","embeddable":true,"href":"https:\/\/inclusivenews.com.br\/index.php?rest_route=%2Fwp%2Fv2%2Fcategories&post=18833"},{"taxonomy":"post_tag","embeddable":true,"href":"https:\/\/inclusivenews.com.br\/index.php?rest_route=%2Fwp%2Fv2%2Ftags&post=18833"}],"curies":[{"name":"wp","href":"https:\/\/api.w.org\/{rel}","templated":true}]}}