{"id":18835,"date":"2011-03-24T07:31:25","date_gmt":"2011-03-24T10:31:25","guid":{"rendered":"http:\/\/www.inclusive.org.br\/?p=18835"},"modified":"2011-03-24T07:31:25","modified_gmt":"2011-03-24T10:31:25","slug":"bolsistas-do-prouni-sofrem-preconceito-nas-universidades","status":"publish","type":"post","link":"https:\/\/inclusivenews.com.br\/?p=18835","title":{"rendered":"Bolsistas do Prouni sofrem preconceito nas Universidades"},"content":{"rendered":"<figure id=\"attachment_18714\" aria-describedby=\"caption-attachment-18714\" style=\"width: 300px\" class=\"wp-caption alignleft\"><a href=\"http:\/\/www.inclusivenews.com.br\/wp-content\/uploads\/2011\/03\/discrimanacao_e_preconceito.jpg\"><img loading=\"lazy\" decoding=\"async\" class=\"size-full wp-image-18714\" title=\"Inclusive - Discrimina\u00e7\u00e3o - Preconceito - Um boneco em vermelho aparece diante de dois grupos de bonecos grandes.\" src=\"http:\/\/inclusivenews.com.br\/wp-content\/uploads\/2011\/03\/discrimanacao_e_preconceito.jpg\" alt=\"Inclusive - Discrimina\u00e7\u00e3o - Preconceito - Um boneco em vermelho aparece diante de dois grupos de bonecos grandes.\" width=\"300\" height=\"180\" \/><\/a><figcaption id=\"caption-attachment-18714\" class=\"wp-caption-text\"> <\/figcaption><\/figure>\n<p class=\"MsoNormal\">Eles s\u00e3o submetidos a provas, depois passam pela ansiedade da espera, por entrevistas, e quando parece que tudo est\u00e1 resolvido, tem que enfrentar a situa\u00e7\u00e3o mais dif\u00edcil: o preconceito que outros alunos t\u00eam em rela\u00e7\u00e3o a bolsistas do Prouni.<\/p>\n<p class=\"MsoNormal\">Desde a cria\u00e7\u00e3o do programa, em 2004 mais de 700 mil alunos conseguiram uma bolsa de estudos para cursar o n\u00edvel superior. Seja ela parcial ou total, para muitos \u00e9 a \u00fanica chance de ingressar em uma Universidade. Alegres com a oportunidade de estudar, os contemplados nem pensam que podem sofrer preconceito mas \u00e9 o que muitos enfrentam.<\/p>\n<p class=\"MsoNormal\">Na PUC-SP uma ex-aluna do curso de direito soube que outros acad\u00eamicos a haviam chamado de \u201cvagabunda\u201d. As ofensas vieram por e-mail e por mensagens no site de relacionamento Orkut que a ofendiam por ser bolsista do Prouni e negra. A institui\u00e7\u00e3o investiga o caso.<\/p>\n<p class=\"MsoNormal\">No Paran\u00e1, uma jovem de 24 anos decidiu trocar de faculdade depois que os alunos da sua sala come\u00e7aram a trat\u00e1-la de maneira diferente por ser bolsista. Ela chegou a ouvir coment\u00e1rios dos colegas de classe criticando um outro bolsista por chegar com t\u00eanis novo.<\/p>\n<p class=\"MsoNormal\">Na Univali, em Santa Catarina a acad\u00eamica Daniela omitiu o fato de ser bolsista, mesmo achando um absurdo o preconceito dos outros.<\/p>\n<p class=\"MsoNormal\">Sabrina Moehlecke, professora de educa\u00e7\u00e3o da UFRJ (Universidade Federal do Rio de Janeiro), afirma que as universidades eram restritas a uma elite intelectual e econ\u00f4mica. A partir da democratiza\u00e7\u00e3o causada pelo crescimento de bolsas, cotas e outros benef\u00edcios, as tens\u00f5es come\u00e7aram a aparecer.<\/p>\n<p class=\"MsoNormal\">Para a professora, a institui\u00e7\u00e3o tem que se preocupar com a inclus\u00e3o social de todos os alunos.<\/p>\n<p><span style=\"font-size: 12pt; font-family: &amp;amp;quot;\">&#8211; Muitas institui\u00e7\u00f5es n\u00e3o est\u00e3o interessadas nisso. Elas t\u00eam programas de acesso , mas n\u00e3o gerenciam de uma forma que de fato inclua os alunos.<\/span><br \/>\n______________________________________<\/p>\n<p><strong>Fonte:<\/strong> <a href=\"http:\/\/midiacon.com.br\/Portal%20Universidade\">http:\/\/midiacon.com.br\/Portal Universidade<\/a><\/p>\n","protected":false},"excerpt":{"rendered":"<p>Eles s\u00e3o submetidos a provas, depois passam pela ansiedade da espera, por entrevistas, e quando parece que tudo est\u00e1 resolvido, tem que enfrentar a situa\u00e7\u00e3o mais dif\u00edcil: o preconceito que outros alunos t\u00eam em rela\u00e7\u00e3o a bolsistas do Prouni. <\/p>\n","protected":false},"author":1,"featured_media":0,"comment_status":"open","ping_status":"open","sticky":false,"template":"","format":"standard","meta":{"site-container-style":"default","site-container-layout":"default","site-sidebar-layout":"default","disable-article-header":"default","disable-site-header":"default","disable-site-footer":"default","disable-content-area-spacing":"default","footnotes":""},"categories":[4,41],"tags":[],"class_list":["post-18835","post","type-post","status-publish","format-standard","hentry","category-noticias","category-preconceito"],"yoast_head":"<!-- This site is optimized with the Yoast SEO plugin v27.4 - https:\/\/yoast.com\/product\/yoast-seo-wordpress\/ -->\n<title>Bolsistas do Prouni sofrem preconceito nas Universidades -<\/title>\n<meta name=\"robots\" content=\"index, follow, max-snippet:-1, max-image-preview:large, max-video-preview:-1\" \/>\n<link rel=\"canonical\" href=\"https:\/\/inclusivenews.com.br\/?p=18835\" \/>\n<meta property=\"og:locale\" content=\"pt_PT\" \/>\n<meta property=\"og:type\" content=\"article\" \/>\n<meta property=\"og:title\" content=\"Bolsistas do Prouni sofrem preconceito nas Universidades -\" \/>\n<meta property=\"og:description\" content=\"Eles s\u00e3o submetidos a provas, depois passam pela ansiedade da espera, por entrevistas, e quando parece que tudo est\u00e1 resolvido, tem que enfrentar a situa\u00e7\u00e3o mais dif\u00edcil: o preconceito que outros alunos t\u00eam em rela\u00e7\u00e3o a bolsistas do Prouni.\" \/>\n<meta property=\"og:url\" content=\"https:\/\/inclusivenews.com.br\/?p=18835\" \/>\n<meta property=\"article:publisher\" content=\"https:\/\/www.facebook.com\/agenciainclusive\/\" \/>\n<meta property=\"article:published_time\" content=\"2011-03-24T10:31:25+00:00\" \/>\n<meta property=\"og:image\" content=\"http:\/\/inclusivenews.com.br\/wp-content\/uploads\/2011\/03\/discrimanacao_e_preconceito.jpg\" \/>\n<meta name=\"author\" content=\"inclusivenews2024\" \/>\n<meta name=\"twitter:card\" content=\"summary_large_image\" \/>\n<meta name=\"twitter:label1\" content=\"Escrito por\" \/>\n\t<meta name=\"twitter:data1\" content=\"inclusivenews2024\" \/>\n\t<meta name=\"twitter:label2\" content=\"Tempo estimado de leitura\" \/>\n\t<meta name=\"twitter:data2\" content=\"2 minutos\" \/>\n<script type=\"application\/ld+json\" class=\"yoast-schema-graph\">{\"@context\":\"https:\\\/\\\/schema.org\",\"@graph\":[{\"@type\":\"Article\",\"@id\":\"https:\\\/\\\/inclusivenews.com.br\\\/?p=18835#article\",\"isPartOf\":{\"@id\":\"https:\\\/\\\/inclusivenews.com.br\\\/?p=18835\"},\"author\":{\"name\":\"inclusivenews2024\",\"@id\":\"https:\\\/\\\/inclusivenews.com.br\\\/#\\\/schema\\\/person\\\/ae4ec7087559b8692fb33b6fffd2273b\"},\"headline\":\"Bolsistas do Prouni sofrem preconceito nas Universidades\",\"datePublished\":\"2011-03-24T10:31:25+00:00\",\"mainEntityOfPage\":{\"@id\":\"https:\\\/\\\/inclusivenews.com.br\\\/?p=18835\"},\"wordCount\":337,\"commentCount\":0,\"publisher\":{\"@id\":\"https:\\\/\\\/inclusivenews.com.br\\\/#organization\"},\"image\":{\"@id\":\"https:\\\/\\\/inclusivenews.com.br\\\/?p=18835#primaryimage\"},\"thumbnailUrl\":\"http:\\\/\\\/inclusivenews.com.br\\\/wp-content\\\/uploads\\\/2011\\\/03\\\/discrimanacao_e_preconceito.jpg\",\"articleSection\":[\"NOT\u00cdCIAS\",\"Preconceito\"],\"inLanguage\":\"pt-PT\",\"potentialAction\":[{\"@type\":\"CommentAction\",\"name\":\"Comment\",\"target\":[\"https:\\\/\\\/inclusivenews.com.br\\\/?p=18835#respond\"]}]},{\"@type\":\"WebPage\",\"@id\":\"https:\\\/\\\/inclusivenews.com.br\\\/?p=18835\",\"url\":\"https:\\\/\\\/inclusivenews.com.br\\\/?p=18835\",\"name\":\"Bolsistas do Prouni sofrem preconceito nas Universidades -\",\"isPartOf\":{\"@id\":\"https:\\\/\\\/inclusivenews.com.br\\\/#website\"},\"primaryImageOfPage\":{\"@id\":\"https:\\\/\\\/inclusivenews.com.br\\\/?p=18835#primaryimage\"},\"image\":{\"@id\":\"https:\\\/\\\/inclusivenews.com.br\\\/?p=18835#primaryimage\"},\"thumbnailUrl\":\"http:\\\/\\\/inclusivenews.com.br\\\/wp-content\\\/uploads\\\/2011\\\/03\\\/discrimanacao_e_preconceito.jpg\",\"datePublished\":\"2011-03-24T10:31:25+00:00\",\"breadcrumb\":{\"@id\":\"https:\\\/\\\/inclusivenews.com.br\\\/?p=18835#breadcrumb\"},\"inLanguage\":\"pt-PT\",\"potentialAction\":[{\"@type\":\"ReadAction\",\"target\":[\"https:\\\/\\\/inclusivenews.com.br\\\/?p=18835\"]}]},{\"@type\":\"ImageObject\",\"inLanguage\":\"pt-PT\",\"@id\":\"https:\\\/\\\/inclusivenews.com.br\\\/?p=18835#primaryimage\",\"url\":\"\",\"contentUrl\":\"\"},{\"@type\":\"BreadcrumbList\",\"@id\":\"https:\\\/\\\/inclusivenews.com.br\\\/?p=18835#breadcrumb\",\"itemListElement\":[{\"@type\":\"ListItem\",\"position\":1,\"name\":\"In\u00edcio\",\"item\":\"https:\\\/\\\/inclusivenews.com.br\\\/\"},{\"@type\":\"ListItem\",\"position\":2,\"name\":\"Bolsistas do Prouni sofrem preconceito nas Universidades\"}]},{\"@type\":\"WebSite\",\"@id\":\"https:\\\/\\\/inclusivenews.com.br\\\/#website\",\"url\":\"https:\\\/\\\/inclusivenews.com.br\\\/\",\"name\":\"Inclusive News\",\"description\":\"Inclusive News\",\"publisher\":{\"@id\":\"https:\\\/\\\/inclusivenews.com.br\\\/#organization\"},\"potentialAction\":[{\"@type\":\"SearchAction\",\"target\":{\"@type\":\"EntryPoint\",\"urlTemplate\":\"https:\\\/\\\/inclusivenews.com.br\\\/?s={search_term_string}\"},\"query-input\":{\"@type\":\"PropertyValueSpecification\",\"valueRequired\":true,\"valueName\":\"search_term_string\"}}],\"inLanguage\":\"pt-PT\"},{\"@type\":\"Organization\",\"@id\":\"https:\\\/\\\/inclusivenews.com.br\\\/#organization\",\"name\":\"Inclusive - inclus\u00e3o e cidadania\",\"url\":\"https:\\\/\\\/inclusivenews.com.br\\\/\",\"logo\":{\"@type\":\"ImageObject\",\"inLanguage\":\"pt-PT\",\"@id\":\"https:\\\/\\\/inclusivenews.com.br\\\/#\\\/schema\\\/logo\\\/image\\\/\",\"url\":\"https:\\\/\\\/inclusivenews.com.br\\\/wp-content\\\/uploads\\\/2024\\\/03\\\/@grandesite.png\",\"contentUrl\":\"https:\\\/\\\/inclusivenews.com.br\\\/wp-content\\\/uploads\\\/2024\\\/03\\\/@grandesite.png\",\"width\":1080,\"height\":1080,\"caption\":\"Inclusive - inclus\u00e3o e cidadania\"},\"image\":{\"@id\":\"https:\\\/\\\/inclusivenews.com.br\\\/#\\\/schema\\\/logo\\\/image\\\/\"},\"sameAs\":[\"https:\\\/\\\/www.facebook.com\\\/agenciainclusive\\\/\",\"https:\\\/\\\/www.instagram.com\\\/newsinclusive\\\/\"]},{\"@type\":\"Person\",\"@id\":\"https:\\\/\\\/inclusivenews.com.br\\\/#\\\/schema\\\/person\\\/ae4ec7087559b8692fb33b6fffd2273b\",\"name\":\"inclusivenews2024\",\"image\":{\"@type\":\"ImageObject\",\"inLanguage\":\"pt-PT\",\"@id\":\"https:\\\/\\\/secure.gravatar.com\\\/avatar\\\/c5a7ef84c66fa914f55bc4f7ce26cfa275a3b9a1c5568b907bd184fb4dde7b40?s=96&d=mm&r=g\",\"url\":\"https:\\\/\\\/secure.gravatar.com\\\/avatar\\\/c5a7ef84c66fa914f55bc4f7ce26cfa275a3b9a1c5568b907bd184fb4dde7b40?s=96&d=mm&r=g\",\"contentUrl\":\"https:\\\/\\\/secure.gravatar.com\\\/avatar\\\/c5a7ef84c66fa914f55bc4f7ce26cfa275a3b9a1c5568b907bd184fb4dde7b40?s=96&d=mm&r=g\",\"caption\":\"inclusivenews2024\"},\"sameAs\":[\"https:\\\/\\\/inclusivenews.com.br\"],\"url\":\"https:\\\/\\\/inclusivenews.com.br\\\/?author=1\"}]}<\/script>\n<!-- \/ Yoast SEO plugin. -->","yoast_head_json":{"title":"Bolsistas do Prouni sofrem preconceito nas Universidades -","robots":{"index":"index","follow":"follow","max-snippet":"max-snippet:-1","max-image-preview":"max-image-preview:large","max-video-preview":"max-video-preview:-1"},"canonical":"https:\/\/inclusivenews.com.br\/?p=18835","og_locale":"pt_PT","og_type":"article","og_title":"Bolsistas do Prouni sofrem preconceito nas Universidades -","og_description":"Eles s\u00e3o submetidos a provas, depois passam pela ansiedade da espera, por entrevistas, e quando parece que tudo est\u00e1 resolvido, tem que enfrentar a situa\u00e7\u00e3o mais dif\u00edcil: o preconceito que outros alunos t\u00eam em rela\u00e7\u00e3o a bolsistas do Prouni.","og_url":"https:\/\/inclusivenews.com.br\/?p=18835","article_publisher":"https:\/\/www.facebook.com\/agenciainclusive\/","article_published_time":"2011-03-24T10:31:25+00:00","og_image":[{"url":"http:\/\/inclusivenews.com.br\/wp-content\/uploads\/2011\/03\/discrimanacao_e_preconceito.jpg","type":"","width":"","height":""}],"author":"inclusivenews2024","twitter_card":"summary_large_image","twitter_misc":{"Escrito por":"inclusivenews2024","Tempo estimado de leitura":"2 minutos"},"schema":{"@context":"https:\/\/schema.org","@graph":[{"@type":"Article","@id":"https:\/\/inclusivenews.com.br\/?p=18835#article","isPartOf":{"@id":"https:\/\/inclusivenews.com.br\/?p=18835"},"author":{"name":"inclusivenews2024","@id":"https:\/\/inclusivenews.com.br\/#\/schema\/person\/ae4ec7087559b8692fb33b6fffd2273b"},"headline":"Bolsistas do Prouni sofrem preconceito nas Universidades","datePublished":"2011-03-24T10:31:25+00:00","mainEntityOfPage":{"@id":"https:\/\/inclusivenews.com.br\/?p=18835"},"wordCount":337,"commentCount":0,"publisher":{"@id":"https:\/\/inclusivenews.com.br\/#organization"},"image":{"@id":"https:\/\/inclusivenews.com.br\/?p=18835#primaryimage"},"thumbnailUrl":"http:\/\/inclusivenews.com.br\/wp-content\/uploads\/2011\/03\/discrimanacao_e_preconceito.jpg","articleSection":["NOT\u00cdCIAS","Preconceito"],"inLanguage":"pt-PT","potentialAction":[{"@type":"CommentAction","name":"Comment","target":["https:\/\/inclusivenews.com.br\/?p=18835#respond"]}]},{"@type":"WebPage","@id":"https:\/\/inclusivenews.com.br\/?p=18835","url":"https:\/\/inclusivenews.com.br\/?p=18835","name":"Bolsistas do Prouni sofrem preconceito nas Universidades -","isPartOf":{"@id":"https:\/\/inclusivenews.com.br\/#website"},"primaryImageOfPage":{"@id":"https:\/\/inclusivenews.com.br\/?p=18835#primaryimage"},"image":{"@id":"https:\/\/inclusivenews.com.br\/?p=18835#primaryimage"},"thumbnailUrl":"http:\/\/inclusivenews.com.br\/wp-content\/uploads\/2011\/03\/discrimanacao_e_preconceito.jpg","datePublished":"2011-03-24T10:31:25+00:00","breadcrumb":{"@id":"https:\/\/inclusivenews.com.br\/?p=18835#breadcrumb"},"inLanguage":"pt-PT","potentialAction":[{"@type":"ReadAction","target":["https:\/\/inclusivenews.com.br\/?p=18835"]}]},{"@type":"ImageObject","inLanguage":"pt-PT","@id":"https:\/\/inclusivenews.com.br\/?p=18835#primaryimage","url":"","contentUrl":""},{"@type":"BreadcrumbList","@id":"https:\/\/inclusivenews.com.br\/?p=18835#breadcrumb","itemListElement":[{"@type":"ListItem","position":1,"name":"In\u00edcio","item":"https:\/\/inclusivenews.com.br\/"},{"@type":"ListItem","position":2,"name":"Bolsistas do Prouni sofrem preconceito nas Universidades"}]},{"@type":"WebSite","@id":"https:\/\/inclusivenews.com.br\/#website","url":"https:\/\/inclusivenews.com.br\/","name":"Inclusive News","description":"Inclusive News","publisher":{"@id":"https:\/\/inclusivenews.com.br\/#organization"},"potentialAction":[{"@type":"SearchAction","target":{"@type":"EntryPoint","urlTemplate":"https:\/\/inclusivenews.com.br\/?s={search_term_string}"},"query-input":{"@type":"PropertyValueSpecification","valueRequired":true,"valueName":"search_term_string"}}],"inLanguage":"pt-PT"},{"@type":"Organization","@id":"https:\/\/inclusivenews.com.br\/#organization","name":"Inclusive - inclus\u00e3o e cidadania","url":"https:\/\/inclusivenews.com.br\/","logo":{"@type":"ImageObject","inLanguage":"pt-PT","@id":"https:\/\/inclusivenews.com.br\/#\/schema\/logo\/image\/","url":"https:\/\/inclusivenews.com.br\/wp-content\/uploads\/2024\/03\/@grandesite.png","contentUrl":"https:\/\/inclusivenews.com.br\/wp-content\/uploads\/2024\/03\/@grandesite.png","width":1080,"height":1080,"caption":"Inclusive - inclus\u00e3o e cidadania"},"image":{"@id":"https:\/\/inclusivenews.com.br\/#\/schema\/logo\/image\/"},"sameAs":["https:\/\/www.facebook.com\/agenciainclusive\/","https:\/\/www.instagram.com\/newsinclusive\/"]},{"@type":"Person","@id":"https:\/\/inclusivenews.com.br\/#\/schema\/person\/ae4ec7087559b8692fb33b6fffd2273b","name":"inclusivenews2024","image":{"@type":"ImageObject","inLanguage":"pt-PT","@id":"https:\/\/secure.gravatar.com\/avatar\/c5a7ef84c66fa914f55bc4f7ce26cfa275a3b9a1c5568b907bd184fb4dde7b40?s=96&d=mm&r=g","url":"https:\/\/secure.gravatar.com\/avatar\/c5a7ef84c66fa914f55bc4f7ce26cfa275a3b9a1c5568b907bd184fb4dde7b40?s=96&d=mm&r=g","contentUrl":"https:\/\/secure.gravatar.com\/avatar\/c5a7ef84c66fa914f55bc4f7ce26cfa275a3b9a1c5568b907bd184fb4dde7b40?s=96&d=mm&r=g","caption":"inclusivenews2024"},"sameAs":["https:\/\/inclusivenews.com.br"],"url":"https:\/\/inclusivenews.com.br\/?author=1"}]}},"_links":{"self":[{"href":"https:\/\/inclusivenews.com.br\/index.php?rest_route=\/wp\/v2\/posts\/18835","targetHints":{"allow":["GET"]}}],"collection":[{"href":"https:\/\/inclusivenews.com.br\/index.php?rest_route=\/wp\/v2\/posts"}],"about":[{"href":"https:\/\/inclusivenews.com.br\/index.php?rest_route=\/wp\/v2\/types\/post"}],"author":[{"embeddable":true,"href":"https:\/\/inclusivenews.com.br\/index.php?rest_route=\/wp\/v2\/users\/1"}],"replies":[{"embeddable":true,"href":"https:\/\/inclusivenews.com.br\/index.php?rest_route=%2Fwp%2Fv2%2Fcomments&post=18835"}],"version-history":[{"count":0,"href":"https:\/\/inclusivenews.com.br\/index.php?rest_route=\/wp\/v2\/posts\/18835\/revisions"}],"wp:attachment":[{"href":"https:\/\/inclusivenews.com.br\/index.php?rest_route=%2Fwp%2Fv2%2Fmedia&parent=18835"}],"wp:term":[{"taxonomy":"category","embeddable":true,"href":"https:\/\/inclusivenews.com.br\/index.php?rest_route=%2Fwp%2Fv2%2Fcategories&post=18835"},{"taxonomy":"post_tag","embeddable":true,"href":"https:\/\/inclusivenews.com.br\/index.php?rest_route=%2Fwp%2Fv2%2Ftags&post=18835"}],"curies":[{"name":"wp","href":"https:\/\/api.w.org\/{rel}","templated":true}]}}