{"id":18843,"date":"2011-03-24T07:34:16","date_gmt":"2011-03-24T10:34:16","guid":{"rendered":"http:\/\/www.inclusive.org.br\/?p=18843"},"modified":"2011-03-24T07:34:16","modified_gmt":"2011-03-24T10:34:16","slug":"onde-denunciar-casos-de-discriminacao-racial-na-internet","status":"publish","type":"post","link":"https:\/\/inclusivenews.com.br\/?p=18843","title":{"rendered":"Onde denunciar casos de discrimina\u00e7\u00e3o racial na internet"},"content":{"rendered":"<p><em><\/p>\n<figure id=\"attachment_13398\" aria-describedby=\"caption-attachment-13398\" style=\"width: 169px\" class=\"wp-caption alignleft\"><a href=\"http:\/\/www.inclusivenews.com.br\/wp-content\/uploads\/2010\/01\/blogosfera.jpg\"><img loading=\"lazy\" decoding=\"async\" class=\"size-full wp-image-13398 \" title=\"Inclusive - blogosfera, um globo formado por um teclado de computador.\" src=\"http:\/\/inclusivenews.com.br\/wp-content\/uploads\/2010\/01\/blogosfera.jpg\" alt=\"Inclusive - blogosfera, um globo formado por um teclado de computador.\" width=\"169\" height=\"174\" \/><\/a><figcaption id=\"caption-attachment-13398\" class=\"wp-caption-text\"> <\/figcaption><\/figure>\n<p>No Dia Internacional Contra a Discrimina\u00e7\u00e3o Racial, comemorado nesta segunda-feira (21), a Pol\u00edcia Federal incentiva a den\u00fancia de crimes de \u00f3dio, entre eles o racismo, na internet.<\/p>\n<p><\/em><\/p>\n<p>Crimes de \u00f3dio s\u00e3o aqueles que envolvem qualquer tipo de preconceito ou intoler\u00e2ncia, como homofobia (preconceito contra homossexuais), xenofobia (preconceito contra estrangeiros), antisemitismo (preconceito contra judeus), entre muitos outros, e podem ser denunciados atrav\u00e9s do <em>site<\/em> da <a href=\"http:\/\/www.pf.gov.br\/institucional\/campanhas\/crimes-contra-os-direitos-humanos-na-internet\" target=\"_blank\" rel=\"noopener\">Pol\u00edcia Federal<\/a> ou pelo <em>email<\/em> <a class=\"moz-txt-link-abbreviated\" href=\"mailto:denuncia.ddh@dpf.gov.br\">denuncia.ddh@dpf.gov.br<\/a>. No mesmo dom\u00ednio, tamb\u00e9m podem ser feitas den\u00fancias sobre a fabrica\u00e7\u00e3o, venda, distribui\u00e7\u00e3o ou divulga\u00e7\u00e3o de s\u00edmbolos nazistas, pornografia infantil e tr\u00e1fico de pessoas.<\/p>\n<p>A Divis\u00e3o de Direitos Humanos (DDH) \u00e9 a respons\u00e1vel pelas investiga\u00e7\u00f5es, e caso o crime seja comprovado, um inqu\u00e9rito policial \u00e9 instaurado. Atrav\u00e9s de per\u00edcias e investiga\u00e7\u00f5es realizadas pela Divis\u00e3o de Combate aos Crimes Cibern\u00e9ticos, os acusados podem ser presos e autuados em flagrante e, dependendo da modalidade de crime cometido, as penas podem chegar a at\u00e9 5 anos de reclus\u00e3o.<\/p>\n<p>A lei que trata deste tipo de crime \u00e9 a 7.716\/89 e 9.459\/97 que diz em seu artigo 20 que: \u201cquem praticar, induzir ou incitar a discrimina\u00e7\u00e3o ou preconceito de ra\u00e7a, cor, etnia, religi\u00e3o ou proced\u00eancia nacional\u201d pode pegar pena de um a tr\u00eas anos de pris\u00e3o e \u201cquem fabricar, comercializar, distribuir ou veicular s\u00edmbolos, emblemas, ornamentos, distintivos ou propaganda que utilizem a cruz su\u00e1stica ou gamada, para fins de divulga\u00e7\u00e3o do nazismo\u201d a pena \u00e9 de dois a cinco anos. Por fim, se \u201cqualquer desses crimes for cometido por interm\u00e9dio dos meios de comunica\u00e7\u00e3o social ou publica\u00e7\u00e3o de qualquer natureza\u201d a pena \u00e9 de reclus\u00e3o de dois a cinco anos.<\/p>\n<p><strong>Hist\u00f3ria<br \/>\n<\/strong>A data do Dia Internacional Contra a Discrimina\u00e7\u00e3o Racial foi institu\u00edda pela Organiza\u00e7\u00e3o das Na\u00e7\u00f5es Unidas (ONU) em refer\u00eancia ao Massacre de Shaperville, ocorrido em 21 de mar\u00e7o de 1960 em Johanesburgo, na \u00c1frica do Sul, onde 69 pessoas morreram e 186 ficaram feridas. Elas faziam parte de uma manifesta\u00e7\u00e3o pac\u00edfica contra a Lei do Passe, que obrigava a popula\u00e7\u00e3o negra a portar um cart\u00e3o que continha os locais onde era permitida sua circula\u00e7\u00e3o, quando foram atacados pela pol\u00edcia do regime do <em>apartheid<\/em>, que abriu fogo sobre a multid\u00e3o desarmada.<br \/>\n________________<\/p>\n<p><strong>Fonte:<\/strong> <a href=\"http:\/\/ne10.uol.com.br\/canal\/cotidiano\/nacional\/noticia\/2011\/03\/21\/aprenda-onde-denunciar-casos-de-discriminacao-racial-na-internet-262317.php\">Portal NE 10<\/a><\/p>\n","protected":false},"excerpt":{"rendered":"<p>No Dia Internacional Contra a Discrimina\u00e7\u00e3o Racial, comemorado na \u00faltima segunda-feira (21), a Pol\u00edcia Federal incentiva a den\u00fancia de crimes de \u00f3dio, entre eles o racismo, na internet.<\/p>\n","protected":false},"author":1,"featured_media":0,"comment_status":"open","ping_status":"open","sticky":false,"template":"","format":"standard","meta":{"site-container-style":"default","site-container-layout":"default","site-sidebar-layout":"default","disable-article-header":"default","disable-site-header":"default","disable-site-footer":"default","disable-content-area-spacing":"default","footnotes":""},"categories":[11,39,4],"tags":[],"class_list":["post-18843","post","type-post","status-publish","format-standard","hentry","category-direitos-humanos","category-discriminacao","category-noticias"],"yoast_head":"<!-- This site is optimized with the Yoast SEO plugin v27.4 - https:\/\/yoast.com\/product\/yoast-seo-wordpress\/ -->\n<title>Onde denunciar casos de discrimina\u00e7\u00e3o racial na internet -<\/title>\n<meta name=\"robots\" content=\"index, follow, max-snippet:-1, max-image-preview:large, max-video-preview:-1\" \/>\n<link rel=\"canonical\" href=\"https:\/\/inclusivenews.com.br\/?p=18843\" \/>\n<meta property=\"og:locale\" content=\"pt_PT\" \/>\n<meta property=\"og:type\" content=\"article\" \/>\n<meta property=\"og:title\" content=\"Onde denunciar casos de discrimina\u00e7\u00e3o racial na internet -\" \/>\n<meta property=\"og:description\" content=\"No Dia Internacional Contra a Discrimina\u00e7\u00e3o Racial, comemorado na \u00faltima segunda-feira (21), a Pol\u00edcia Federal incentiva a den\u00fancia de crimes de \u00f3dio, entre eles o racismo, na internet.\" \/>\n<meta property=\"og:url\" content=\"https:\/\/inclusivenews.com.br\/?p=18843\" \/>\n<meta property=\"article:publisher\" content=\"https:\/\/www.facebook.com\/agenciainclusive\/\" \/>\n<meta property=\"article:published_time\" content=\"2011-03-24T10:34:16+00:00\" \/>\n<meta property=\"og:image\" content=\"http:\/\/inclusivenews.com.br\/wp-content\/uploads\/2010\/01\/blogosfera.jpg\" \/>\n<meta name=\"author\" content=\"inclusivenews2024\" \/>\n<meta name=\"twitter:card\" content=\"summary_large_image\" \/>\n<meta name=\"twitter:label1\" content=\"Escrito por\" \/>\n\t<meta name=\"twitter:data1\" content=\"inclusivenews2024\" \/>\n\t<meta name=\"twitter:label2\" content=\"Tempo estimado de leitura\" \/>\n\t<meta name=\"twitter:data2\" content=\"2 minutos\" \/>\n<script type=\"application\/ld+json\" class=\"yoast-schema-graph\">{\"@context\":\"https:\\\/\\\/schema.org\",\"@graph\":[{\"@type\":\"Article\",\"@id\":\"https:\\\/\\\/inclusivenews.com.br\\\/?p=18843#article\",\"isPartOf\":{\"@id\":\"https:\\\/\\\/inclusivenews.com.br\\\/?p=18843\"},\"author\":{\"name\":\"inclusivenews2024\",\"@id\":\"https:\\\/\\\/inclusivenews.com.br\\\/#\\\/schema\\\/person\\\/ae4ec7087559b8692fb33b6fffd2273b\"},\"headline\":\"Onde denunciar casos de discrimina\u00e7\u00e3o racial na internet\",\"datePublished\":\"2011-03-24T10:34:16+00:00\",\"mainEntityOfPage\":{\"@id\":\"https:\\\/\\\/inclusivenews.com.br\\\/?p=18843\"},\"wordCount\":419,\"commentCount\":2,\"publisher\":{\"@id\":\"https:\\\/\\\/inclusivenews.com.br\\\/#organization\"},\"image\":{\"@id\":\"https:\\\/\\\/inclusivenews.com.br\\\/?p=18843#primaryimage\"},\"thumbnailUrl\":\"http:\\\/\\\/inclusivenews.com.br\\\/wp-content\\\/uploads\\\/2010\\\/01\\\/blogosfera.jpg\",\"articleSection\":[\"DIREITOS HUMANOS\",\"Discrimina\u00e7\u00e3o\",\"NOT\u00cdCIAS\"],\"inLanguage\":\"pt-PT\",\"potentialAction\":[{\"@type\":\"CommentAction\",\"name\":\"Comment\",\"target\":[\"https:\\\/\\\/inclusivenews.com.br\\\/?p=18843#respond\"]}]},{\"@type\":\"WebPage\",\"@id\":\"https:\\\/\\\/inclusivenews.com.br\\\/?p=18843\",\"url\":\"https:\\\/\\\/inclusivenews.com.br\\\/?p=18843\",\"name\":\"Onde denunciar casos de discrimina\u00e7\u00e3o racial na internet -\",\"isPartOf\":{\"@id\":\"https:\\\/\\\/inclusivenews.com.br\\\/#website\"},\"primaryImageOfPage\":{\"@id\":\"https:\\\/\\\/inclusivenews.com.br\\\/?p=18843#primaryimage\"},\"image\":{\"@id\":\"https:\\\/\\\/inclusivenews.com.br\\\/?p=18843#primaryimage\"},\"thumbnailUrl\":\"http:\\\/\\\/inclusivenews.com.br\\\/wp-content\\\/uploads\\\/2010\\\/01\\\/blogosfera.jpg\",\"datePublished\":\"2011-03-24T10:34:16+00:00\",\"breadcrumb\":{\"@id\":\"https:\\\/\\\/inclusivenews.com.br\\\/?p=18843#breadcrumb\"},\"inLanguage\":\"pt-PT\",\"potentialAction\":[{\"@type\":\"ReadAction\",\"target\":[\"https:\\\/\\\/inclusivenews.com.br\\\/?p=18843\"]}]},{\"@type\":\"ImageObject\",\"inLanguage\":\"pt-PT\",\"@id\":\"https:\\\/\\\/inclusivenews.com.br\\\/?p=18843#primaryimage\",\"url\":\"\",\"contentUrl\":\"\"},{\"@type\":\"BreadcrumbList\",\"@id\":\"https:\\\/\\\/inclusivenews.com.br\\\/?p=18843#breadcrumb\",\"itemListElement\":[{\"@type\":\"ListItem\",\"position\":1,\"name\":\"In\u00edcio\",\"item\":\"https:\\\/\\\/inclusivenews.com.br\\\/\"},{\"@type\":\"ListItem\",\"position\":2,\"name\":\"Onde denunciar casos de discrimina\u00e7\u00e3o racial na internet\"}]},{\"@type\":\"WebSite\",\"@id\":\"https:\\\/\\\/inclusivenews.com.br\\\/#website\",\"url\":\"https:\\\/\\\/inclusivenews.com.br\\\/\",\"name\":\"Inclusive News\",\"description\":\"Inclusive News\",\"publisher\":{\"@id\":\"https:\\\/\\\/inclusivenews.com.br\\\/#organization\"},\"potentialAction\":[{\"@type\":\"SearchAction\",\"target\":{\"@type\":\"EntryPoint\",\"urlTemplate\":\"https:\\\/\\\/inclusivenews.com.br\\\/?s={search_term_string}\"},\"query-input\":{\"@type\":\"PropertyValueSpecification\",\"valueRequired\":true,\"valueName\":\"search_term_string\"}}],\"inLanguage\":\"pt-PT\"},{\"@type\":\"Organization\",\"@id\":\"https:\\\/\\\/inclusivenews.com.br\\\/#organization\",\"name\":\"Inclusive - inclus\u00e3o e cidadania\",\"url\":\"https:\\\/\\\/inclusivenews.com.br\\\/\",\"logo\":{\"@type\":\"ImageObject\",\"inLanguage\":\"pt-PT\",\"@id\":\"https:\\\/\\\/inclusivenews.com.br\\\/#\\\/schema\\\/logo\\\/image\\\/\",\"url\":\"https:\\\/\\\/inclusivenews.com.br\\\/wp-content\\\/uploads\\\/2024\\\/03\\\/@grandesite.png\",\"contentUrl\":\"https:\\\/\\\/inclusivenews.com.br\\\/wp-content\\\/uploads\\\/2024\\\/03\\\/@grandesite.png\",\"width\":1080,\"height\":1080,\"caption\":\"Inclusive - inclus\u00e3o e cidadania\"},\"image\":{\"@id\":\"https:\\\/\\\/inclusivenews.com.br\\\/#\\\/schema\\\/logo\\\/image\\\/\"},\"sameAs\":[\"https:\\\/\\\/www.facebook.com\\\/agenciainclusive\\\/\",\"https:\\\/\\\/www.instagram.com\\\/newsinclusive\\\/\"]},{\"@type\":\"Person\",\"@id\":\"https:\\\/\\\/inclusivenews.com.br\\\/#\\\/schema\\\/person\\\/ae4ec7087559b8692fb33b6fffd2273b\",\"name\":\"inclusivenews2024\",\"image\":{\"@type\":\"ImageObject\",\"inLanguage\":\"pt-PT\",\"@id\":\"https:\\\/\\\/secure.gravatar.com\\\/avatar\\\/c5a7ef84c66fa914f55bc4f7ce26cfa275a3b9a1c5568b907bd184fb4dde7b40?s=96&d=mm&r=g\",\"url\":\"https:\\\/\\\/secure.gravatar.com\\\/avatar\\\/c5a7ef84c66fa914f55bc4f7ce26cfa275a3b9a1c5568b907bd184fb4dde7b40?s=96&d=mm&r=g\",\"contentUrl\":\"https:\\\/\\\/secure.gravatar.com\\\/avatar\\\/c5a7ef84c66fa914f55bc4f7ce26cfa275a3b9a1c5568b907bd184fb4dde7b40?s=96&d=mm&r=g\",\"caption\":\"inclusivenews2024\"},\"sameAs\":[\"https:\\\/\\\/inclusivenews.com.br\"],\"url\":\"https:\\\/\\\/inclusivenews.com.br\\\/?author=1\"}]}<\/script>\n<!-- \/ Yoast SEO plugin. -->","yoast_head_json":{"title":"Onde denunciar casos de discrimina\u00e7\u00e3o racial na internet -","robots":{"index":"index","follow":"follow","max-snippet":"max-snippet:-1","max-image-preview":"max-image-preview:large","max-video-preview":"max-video-preview:-1"},"canonical":"https:\/\/inclusivenews.com.br\/?p=18843","og_locale":"pt_PT","og_type":"article","og_title":"Onde denunciar casos de discrimina\u00e7\u00e3o racial na internet -","og_description":"No Dia Internacional Contra a Discrimina\u00e7\u00e3o Racial, comemorado na \u00faltima segunda-feira (21), a Pol\u00edcia Federal incentiva a den\u00fancia de crimes de \u00f3dio, entre eles o racismo, na internet.","og_url":"https:\/\/inclusivenews.com.br\/?p=18843","article_publisher":"https:\/\/www.facebook.com\/agenciainclusive\/","article_published_time":"2011-03-24T10:34:16+00:00","og_image":[{"url":"http:\/\/inclusivenews.com.br\/wp-content\/uploads\/2010\/01\/blogosfera.jpg","type":"","width":"","height":""}],"author":"inclusivenews2024","twitter_card":"summary_large_image","twitter_misc":{"Escrito por":"inclusivenews2024","Tempo estimado de leitura":"2 minutos"},"schema":{"@context":"https:\/\/schema.org","@graph":[{"@type":"Article","@id":"https:\/\/inclusivenews.com.br\/?p=18843#article","isPartOf":{"@id":"https:\/\/inclusivenews.com.br\/?p=18843"},"author":{"name":"inclusivenews2024","@id":"https:\/\/inclusivenews.com.br\/#\/schema\/person\/ae4ec7087559b8692fb33b6fffd2273b"},"headline":"Onde denunciar casos de discrimina\u00e7\u00e3o racial na internet","datePublished":"2011-03-24T10:34:16+00:00","mainEntityOfPage":{"@id":"https:\/\/inclusivenews.com.br\/?p=18843"},"wordCount":419,"commentCount":2,"publisher":{"@id":"https:\/\/inclusivenews.com.br\/#organization"},"image":{"@id":"https:\/\/inclusivenews.com.br\/?p=18843#primaryimage"},"thumbnailUrl":"http:\/\/inclusivenews.com.br\/wp-content\/uploads\/2010\/01\/blogosfera.jpg","articleSection":["DIREITOS HUMANOS","Discrimina\u00e7\u00e3o","NOT\u00cdCIAS"],"inLanguage":"pt-PT","potentialAction":[{"@type":"CommentAction","name":"Comment","target":["https:\/\/inclusivenews.com.br\/?p=18843#respond"]}]},{"@type":"WebPage","@id":"https:\/\/inclusivenews.com.br\/?p=18843","url":"https:\/\/inclusivenews.com.br\/?p=18843","name":"Onde denunciar casos de discrimina\u00e7\u00e3o racial na internet -","isPartOf":{"@id":"https:\/\/inclusivenews.com.br\/#website"},"primaryImageOfPage":{"@id":"https:\/\/inclusivenews.com.br\/?p=18843#primaryimage"},"image":{"@id":"https:\/\/inclusivenews.com.br\/?p=18843#primaryimage"},"thumbnailUrl":"http:\/\/inclusivenews.com.br\/wp-content\/uploads\/2010\/01\/blogosfera.jpg","datePublished":"2011-03-24T10:34:16+00:00","breadcrumb":{"@id":"https:\/\/inclusivenews.com.br\/?p=18843#breadcrumb"},"inLanguage":"pt-PT","potentialAction":[{"@type":"ReadAction","target":["https:\/\/inclusivenews.com.br\/?p=18843"]}]},{"@type":"ImageObject","inLanguage":"pt-PT","@id":"https:\/\/inclusivenews.com.br\/?p=18843#primaryimage","url":"","contentUrl":""},{"@type":"BreadcrumbList","@id":"https:\/\/inclusivenews.com.br\/?p=18843#breadcrumb","itemListElement":[{"@type":"ListItem","position":1,"name":"In\u00edcio","item":"https:\/\/inclusivenews.com.br\/"},{"@type":"ListItem","position":2,"name":"Onde denunciar casos de discrimina\u00e7\u00e3o racial na internet"}]},{"@type":"WebSite","@id":"https:\/\/inclusivenews.com.br\/#website","url":"https:\/\/inclusivenews.com.br\/","name":"Inclusive News","description":"Inclusive News","publisher":{"@id":"https:\/\/inclusivenews.com.br\/#organization"},"potentialAction":[{"@type":"SearchAction","target":{"@type":"EntryPoint","urlTemplate":"https:\/\/inclusivenews.com.br\/?s={search_term_string}"},"query-input":{"@type":"PropertyValueSpecification","valueRequired":true,"valueName":"search_term_string"}}],"inLanguage":"pt-PT"},{"@type":"Organization","@id":"https:\/\/inclusivenews.com.br\/#organization","name":"Inclusive - inclus\u00e3o e cidadania","url":"https:\/\/inclusivenews.com.br\/","logo":{"@type":"ImageObject","inLanguage":"pt-PT","@id":"https:\/\/inclusivenews.com.br\/#\/schema\/logo\/image\/","url":"https:\/\/inclusivenews.com.br\/wp-content\/uploads\/2024\/03\/@grandesite.png","contentUrl":"https:\/\/inclusivenews.com.br\/wp-content\/uploads\/2024\/03\/@grandesite.png","width":1080,"height":1080,"caption":"Inclusive - inclus\u00e3o e cidadania"},"image":{"@id":"https:\/\/inclusivenews.com.br\/#\/schema\/logo\/image\/"},"sameAs":["https:\/\/www.facebook.com\/agenciainclusive\/","https:\/\/www.instagram.com\/newsinclusive\/"]},{"@type":"Person","@id":"https:\/\/inclusivenews.com.br\/#\/schema\/person\/ae4ec7087559b8692fb33b6fffd2273b","name":"inclusivenews2024","image":{"@type":"ImageObject","inLanguage":"pt-PT","@id":"https:\/\/secure.gravatar.com\/avatar\/c5a7ef84c66fa914f55bc4f7ce26cfa275a3b9a1c5568b907bd184fb4dde7b40?s=96&d=mm&r=g","url":"https:\/\/secure.gravatar.com\/avatar\/c5a7ef84c66fa914f55bc4f7ce26cfa275a3b9a1c5568b907bd184fb4dde7b40?s=96&d=mm&r=g","contentUrl":"https:\/\/secure.gravatar.com\/avatar\/c5a7ef84c66fa914f55bc4f7ce26cfa275a3b9a1c5568b907bd184fb4dde7b40?s=96&d=mm&r=g","caption":"inclusivenews2024"},"sameAs":["https:\/\/inclusivenews.com.br"],"url":"https:\/\/inclusivenews.com.br\/?author=1"}]}},"_links":{"self":[{"href":"https:\/\/inclusivenews.com.br\/index.php?rest_route=\/wp\/v2\/posts\/18843","targetHints":{"allow":["GET"]}}],"collection":[{"href":"https:\/\/inclusivenews.com.br\/index.php?rest_route=\/wp\/v2\/posts"}],"about":[{"href":"https:\/\/inclusivenews.com.br\/index.php?rest_route=\/wp\/v2\/types\/post"}],"author":[{"embeddable":true,"href":"https:\/\/inclusivenews.com.br\/index.php?rest_route=\/wp\/v2\/users\/1"}],"replies":[{"embeddable":true,"href":"https:\/\/inclusivenews.com.br\/index.php?rest_route=%2Fwp%2Fv2%2Fcomments&post=18843"}],"version-history":[{"count":0,"href":"https:\/\/inclusivenews.com.br\/index.php?rest_route=\/wp\/v2\/posts\/18843\/revisions"}],"wp:attachment":[{"href":"https:\/\/inclusivenews.com.br\/index.php?rest_route=%2Fwp%2Fv2%2Fmedia&parent=18843"}],"wp:term":[{"taxonomy":"category","embeddable":true,"href":"https:\/\/inclusivenews.com.br\/index.php?rest_route=%2Fwp%2Fv2%2Fcategories&post=18843"},{"taxonomy":"post_tag","embeddable":true,"href":"https:\/\/inclusivenews.com.br\/index.php?rest_route=%2Fwp%2Fv2%2Ftags&post=18843"}],"curies":[{"name":"wp","href":"https:\/\/api.w.org\/{rel}","templated":true}]}}