{"id":18845,"date":"2011-03-24T07:33:38","date_gmt":"2011-03-24T10:33:38","guid":{"rendered":"http:\/\/www.inclusive.org.br\/?p=18845"},"modified":"2011-03-24T07:33:38","modified_gmt":"2011-03-24T10:33:38","slug":"tecnologia-ajuda-o-desenvolvimento-de-criancas-com-autismo","status":"publish","type":"post","link":"https:\/\/inclusivenews.com.br\/?p=18845","title":{"rendered":"Tecnologia ajuda o desenvolvimento de crian\u00e7as com autismo"},"content":{"rendered":"<figure id=\"attachment_14702\" aria-describedby=\"caption-attachment-14702\" style=\"width: 180px\" class=\"wp-caption alignleft\"><a href=\"http:\/\/www.inclusivenews.com.br\/wp-content\/uploads\/2010\/04\/educacao_informartica_e_learning.jpeg\"><img loading=\"lazy\" decoding=\"async\" class=\"size-full wp-image-14702\" title=\"Educa\u00e7\u00e3o e inform\u00e1tica - imagem de uma pessoa diante de um computador de onde saem dois bra\u00e7os apontando o conte\u00fado dentro de um livro.\" src=\"http:\/\/inclusivenews.com.br\/wp-content\/uploads\/2010\/04\/educacao_informartica_e_learning.jpeg\" alt=\"Educa\u00e7\u00e3o e inform\u00e1tica - imagem de uma pessoa diante de um computador de onde saem dois bra\u00e7os apontando o conte\u00fado dentro de um livro.\" width=\"180\" height=\"180\" \/><\/a><figcaption id=\"caption-attachment-14702\" class=\"wp-caption-text\"> <\/figcaption><\/figure>\n<p><strong>Por Pablo Peixoto<\/strong><\/p>\n<p>O Instituto Nacional de Tecnologia (INT\/MCT), atrav\u00e9s da sua \u00e1rea de Gest\u00e3o da Produ\u00e7\u00e3o, atua em projetos visando a inclus\u00e3o de crian\u00e7as autistas na Rede P\u00fablica de Ensino. Essas iniciativas provam que, atrav\u00e9s do diagn\u00f3stico precoce aliado a tecnologias educacionais espec\u00edficas, a qualidade de vida dessas crian\u00e7as pode ser melhorada .<\/p>\n<p>A cria\u00e7\u00e3o de brinquedos educativos \u00e9 um dos pontos desenvolvidos pelo INT voltado aos alunos com autismo, realizados pela \u00e1rea de Gest\u00e3o da Produ\u00e7\u00e3o junto com a \u00e1rea de Desenho Industrial, respons\u00e1vel pelo design de cada pe\u00e7a. As cores, formas, texturas, movimentos, sequ\u00eancias l\u00f3gicas, m\u00faltiplas linguagens, sons e materiais facilitam a ativa\u00e7\u00e3o do sistema perceptivo-motor da crian\u00e7a com autismo, explica o tecnologista Saul Mizrahi, doutor em engenharia de produ\u00e7\u00e3o, com foco na gest\u00e3o estrat\u00e9gica multicultural aplicada a institui\u00e7\u00f5es de ensino.<\/p>\n<p>Segundo o site do Minist\u00e9rio da Ci\u00eancia e Tecnologia , al\u00e9m dos professores, o projeto abrange a capacita\u00e7\u00e3o de psicomotricistas, psic\u00f3logos, fonoaudi\u00f3logos, pedagogos e familiares dos alunos com autismo. A troca de experi\u00eancias e a orienta\u00e7\u00e3o multidisciplinar envolvem desde a higiene pessoal at\u00e9 os est\u00edmulos para a comunica\u00e7\u00e3o, descreve Mizrahi.<\/p>\n<p>________________<\/p>\n<p><strong>Fonte:<\/strong> <a href=\"http:\/\/br.noticias.yahoo.com\/tecnologia-ajuda-desenvolvimento-crian%C3%A7as-autismo-20110322-074913-783.html\">Geek\/Yahoo<\/a><\/p>\n","protected":false},"excerpt":{"rendered":"<p>O Instituto Nacional de Tecnologia (INT\/MCT), atrav\u00e9s da sua \u00e1rea de Gest\u00e3o da Produ\u00e7\u00e3o, atua em projetos visando a inclus\u00e3o de crian\u00e7as autistas na Rede P\u00fablica de Ensino.<\/p>\n","protected":false},"author":1,"featured_media":0,"comment_status":"open","ping_status":"open","sticky":false,"template":"","format":"standard","meta":{"site-container-style":"default","site-container-layout":"default","site-sidebar-layout":"default","disable-article-header":"default","disable-site-header":"default","disable-site-footer":"default","disable-content-area-spacing":"default","footnotes":""},"categories":[6,48,4],"tags":[34],"class_list":["post-18845","post","type-post","status-publish","format-standard","hentry","category-educacao","category-inclusao","category-noticias","tag-autismo"],"yoast_head":"<!-- This site is optimized with the Yoast SEO plugin v27.4 - https:\/\/yoast.com\/product\/yoast-seo-wordpress\/ -->\n<title>Tecnologia ajuda o desenvolvimento de crian\u00e7as com autismo -<\/title>\n<meta name=\"robots\" content=\"index, follow, max-snippet:-1, max-image-preview:large, max-video-preview:-1\" \/>\n<link rel=\"canonical\" href=\"https:\/\/inclusivenews.com.br\/?p=18845\" \/>\n<meta property=\"og:locale\" content=\"pt_PT\" \/>\n<meta property=\"og:type\" content=\"article\" \/>\n<meta property=\"og:title\" content=\"Tecnologia ajuda o desenvolvimento de crian\u00e7as com autismo -\" \/>\n<meta property=\"og:description\" content=\"O Instituto Nacional de Tecnologia (INT\/MCT), atrav\u00e9s da sua \u00e1rea de Gest\u00e3o da Produ\u00e7\u00e3o, atua em projetos visando a inclus\u00e3o de crian\u00e7as autistas na Rede P\u00fablica de Ensino.\" \/>\n<meta property=\"og:url\" content=\"https:\/\/inclusivenews.com.br\/?p=18845\" \/>\n<meta property=\"article:publisher\" content=\"https:\/\/www.facebook.com\/agenciainclusive\/\" \/>\n<meta property=\"article:published_time\" content=\"2011-03-24T10:33:38+00:00\" \/>\n<meta property=\"og:image\" content=\"http:\/\/inclusivenews.com.br\/wp-content\/uploads\/2010\/04\/educacao_informartica_e_learning.jpeg\" \/>\n<meta name=\"author\" content=\"inclusivenews2024\" \/>\n<meta name=\"twitter:card\" content=\"summary_large_image\" \/>\n<meta name=\"twitter:label1\" content=\"Escrito por\" \/>\n\t<meta name=\"twitter:data1\" content=\"inclusivenews2024\" \/>\n\t<meta name=\"twitter:label2\" content=\"Tempo estimado de leitura\" \/>\n\t<meta name=\"twitter:data2\" content=\"1 minuto\" \/>\n<script type=\"application\/ld+json\" class=\"yoast-schema-graph\">{\"@context\":\"https:\\\/\\\/schema.org\",\"@graph\":[{\"@type\":\"Article\",\"@id\":\"https:\\\/\\\/inclusivenews.com.br\\\/?p=18845#article\",\"isPartOf\":{\"@id\":\"https:\\\/\\\/inclusivenews.com.br\\\/?p=18845\"},\"author\":{\"name\":\"inclusivenews2024\",\"@id\":\"https:\\\/\\\/inclusivenews.com.br\\\/#\\\/schema\\\/person\\\/ae4ec7087559b8692fb33b6fffd2273b\"},\"headline\":\"Tecnologia ajuda o desenvolvimento de crian\u00e7as com autismo\",\"datePublished\":\"2011-03-24T10:33:38+00:00\",\"mainEntityOfPage\":{\"@id\":\"https:\\\/\\\/inclusivenews.com.br\\\/?p=18845\"},\"wordCount\":236,\"commentCount\":0,\"publisher\":{\"@id\":\"https:\\\/\\\/inclusivenews.com.br\\\/#organization\"},\"image\":{\"@id\":\"https:\\\/\\\/inclusivenews.com.br\\\/?p=18845#primaryimage\"},\"thumbnailUrl\":\"http:\\\/\\\/inclusivenews.com.br\\\/wp-content\\\/uploads\\\/2010\\\/04\\\/educacao_informartica_e_learning.jpeg\",\"keywords\":[\"Autismo\"],\"articleSection\":[\"EDUCA\u00c7\u00c3O\",\"INCLUS\u00c3O SOCIAL\",\"NOT\u00cdCIAS\"],\"inLanguage\":\"pt-PT\",\"potentialAction\":[{\"@type\":\"CommentAction\",\"name\":\"Comment\",\"target\":[\"https:\\\/\\\/inclusivenews.com.br\\\/?p=18845#respond\"]}]},{\"@type\":\"WebPage\",\"@id\":\"https:\\\/\\\/inclusivenews.com.br\\\/?p=18845\",\"url\":\"https:\\\/\\\/inclusivenews.com.br\\\/?p=18845\",\"name\":\"Tecnologia ajuda o desenvolvimento de crian\u00e7as com autismo -\",\"isPartOf\":{\"@id\":\"https:\\\/\\\/inclusivenews.com.br\\\/#website\"},\"primaryImageOfPage\":{\"@id\":\"https:\\\/\\\/inclusivenews.com.br\\\/?p=18845#primaryimage\"},\"image\":{\"@id\":\"https:\\\/\\\/inclusivenews.com.br\\\/?p=18845#primaryimage\"},\"thumbnailUrl\":\"http:\\\/\\\/inclusivenews.com.br\\\/wp-content\\\/uploads\\\/2010\\\/04\\\/educacao_informartica_e_learning.jpeg\",\"datePublished\":\"2011-03-24T10:33:38+00:00\",\"breadcrumb\":{\"@id\":\"https:\\\/\\\/inclusivenews.com.br\\\/?p=18845#breadcrumb\"},\"inLanguage\":\"pt-PT\",\"potentialAction\":[{\"@type\":\"ReadAction\",\"target\":[\"https:\\\/\\\/inclusivenews.com.br\\\/?p=18845\"]}]},{\"@type\":\"ImageObject\",\"inLanguage\":\"pt-PT\",\"@id\":\"https:\\\/\\\/inclusivenews.com.br\\\/?p=18845#primaryimage\",\"url\":\"\",\"contentUrl\":\"\"},{\"@type\":\"BreadcrumbList\",\"@id\":\"https:\\\/\\\/inclusivenews.com.br\\\/?p=18845#breadcrumb\",\"itemListElement\":[{\"@type\":\"ListItem\",\"position\":1,\"name\":\"In\u00edcio\",\"item\":\"https:\\\/\\\/inclusivenews.com.br\\\/\"},{\"@type\":\"ListItem\",\"position\":2,\"name\":\"Tecnologia ajuda o desenvolvimento de crian\u00e7as com autismo\"}]},{\"@type\":\"WebSite\",\"@id\":\"https:\\\/\\\/inclusivenews.com.br\\\/#website\",\"url\":\"https:\\\/\\\/inclusivenews.com.br\\\/\",\"name\":\"Inclusive News\",\"description\":\"Inclusive News\",\"publisher\":{\"@id\":\"https:\\\/\\\/inclusivenews.com.br\\\/#organization\"},\"potentialAction\":[{\"@type\":\"SearchAction\",\"target\":{\"@type\":\"EntryPoint\",\"urlTemplate\":\"https:\\\/\\\/inclusivenews.com.br\\\/?s={search_term_string}\"},\"query-input\":{\"@type\":\"PropertyValueSpecification\",\"valueRequired\":true,\"valueName\":\"search_term_string\"}}],\"inLanguage\":\"pt-PT\"},{\"@type\":\"Organization\",\"@id\":\"https:\\\/\\\/inclusivenews.com.br\\\/#organization\",\"name\":\"Inclusive - inclus\u00e3o e cidadania\",\"url\":\"https:\\\/\\\/inclusivenews.com.br\\\/\",\"logo\":{\"@type\":\"ImageObject\",\"inLanguage\":\"pt-PT\",\"@id\":\"https:\\\/\\\/inclusivenews.com.br\\\/#\\\/schema\\\/logo\\\/image\\\/\",\"url\":\"https:\\\/\\\/inclusivenews.com.br\\\/wp-content\\\/uploads\\\/2024\\\/03\\\/@grandesite.png\",\"contentUrl\":\"https:\\\/\\\/inclusivenews.com.br\\\/wp-content\\\/uploads\\\/2024\\\/03\\\/@grandesite.png\",\"width\":1080,\"height\":1080,\"caption\":\"Inclusive - inclus\u00e3o e cidadania\"},\"image\":{\"@id\":\"https:\\\/\\\/inclusivenews.com.br\\\/#\\\/schema\\\/logo\\\/image\\\/\"},\"sameAs\":[\"https:\\\/\\\/www.facebook.com\\\/agenciainclusive\\\/\",\"https:\\\/\\\/www.instagram.com\\\/newsinclusive\\\/\"]},{\"@type\":\"Person\",\"@id\":\"https:\\\/\\\/inclusivenews.com.br\\\/#\\\/schema\\\/person\\\/ae4ec7087559b8692fb33b6fffd2273b\",\"name\":\"inclusivenews2024\",\"image\":{\"@type\":\"ImageObject\",\"inLanguage\":\"pt-PT\",\"@id\":\"https:\\\/\\\/secure.gravatar.com\\\/avatar\\\/c5a7ef84c66fa914f55bc4f7ce26cfa275a3b9a1c5568b907bd184fb4dde7b40?s=96&d=mm&r=g\",\"url\":\"https:\\\/\\\/secure.gravatar.com\\\/avatar\\\/c5a7ef84c66fa914f55bc4f7ce26cfa275a3b9a1c5568b907bd184fb4dde7b40?s=96&d=mm&r=g\",\"contentUrl\":\"https:\\\/\\\/secure.gravatar.com\\\/avatar\\\/c5a7ef84c66fa914f55bc4f7ce26cfa275a3b9a1c5568b907bd184fb4dde7b40?s=96&d=mm&r=g\",\"caption\":\"inclusivenews2024\"},\"sameAs\":[\"https:\\\/\\\/inclusivenews.com.br\"],\"url\":\"https:\\\/\\\/inclusivenews.com.br\\\/?author=1\"}]}<\/script>\n<!-- \/ Yoast SEO plugin. -->","yoast_head_json":{"title":"Tecnologia ajuda o desenvolvimento de crian\u00e7as com autismo -","robots":{"index":"index","follow":"follow","max-snippet":"max-snippet:-1","max-image-preview":"max-image-preview:large","max-video-preview":"max-video-preview:-1"},"canonical":"https:\/\/inclusivenews.com.br\/?p=18845","og_locale":"pt_PT","og_type":"article","og_title":"Tecnologia ajuda o desenvolvimento de crian\u00e7as com autismo -","og_description":"O Instituto Nacional de Tecnologia (INT\/MCT), atrav\u00e9s da sua \u00e1rea de Gest\u00e3o da Produ\u00e7\u00e3o, atua em projetos visando a inclus\u00e3o de crian\u00e7as autistas na Rede P\u00fablica de Ensino.","og_url":"https:\/\/inclusivenews.com.br\/?p=18845","article_publisher":"https:\/\/www.facebook.com\/agenciainclusive\/","article_published_time":"2011-03-24T10:33:38+00:00","og_image":[{"url":"http:\/\/inclusivenews.com.br\/wp-content\/uploads\/2010\/04\/educacao_informartica_e_learning.jpeg","type":"","width":"","height":""}],"author":"inclusivenews2024","twitter_card":"summary_large_image","twitter_misc":{"Escrito por":"inclusivenews2024","Tempo estimado de leitura":"1 minuto"},"schema":{"@context":"https:\/\/schema.org","@graph":[{"@type":"Article","@id":"https:\/\/inclusivenews.com.br\/?p=18845#article","isPartOf":{"@id":"https:\/\/inclusivenews.com.br\/?p=18845"},"author":{"name":"inclusivenews2024","@id":"https:\/\/inclusivenews.com.br\/#\/schema\/person\/ae4ec7087559b8692fb33b6fffd2273b"},"headline":"Tecnologia ajuda o desenvolvimento de crian\u00e7as com autismo","datePublished":"2011-03-24T10:33:38+00:00","mainEntityOfPage":{"@id":"https:\/\/inclusivenews.com.br\/?p=18845"},"wordCount":236,"commentCount":0,"publisher":{"@id":"https:\/\/inclusivenews.com.br\/#organization"},"image":{"@id":"https:\/\/inclusivenews.com.br\/?p=18845#primaryimage"},"thumbnailUrl":"http:\/\/inclusivenews.com.br\/wp-content\/uploads\/2010\/04\/educacao_informartica_e_learning.jpeg","keywords":["Autismo"],"articleSection":["EDUCA\u00c7\u00c3O","INCLUS\u00c3O SOCIAL","NOT\u00cdCIAS"],"inLanguage":"pt-PT","potentialAction":[{"@type":"CommentAction","name":"Comment","target":["https:\/\/inclusivenews.com.br\/?p=18845#respond"]}]},{"@type":"WebPage","@id":"https:\/\/inclusivenews.com.br\/?p=18845","url":"https:\/\/inclusivenews.com.br\/?p=18845","name":"Tecnologia ajuda o desenvolvimento de crian\u00e7as com autismo -","isPartOf":{"@id":"https:\/\/inclusivenews.com.br\/#website"},"primaryImageOfPage":{"@id":"https:\/\/inclusivenews.com.br\/?p=18845#primaryimage"},"image":{"@id":"https:\/\/inclusivenews.com.br\/?p=18845#primaryimage"},"thumbnailUrl":"http:\/\/inclusivenews.com.br\/wp-content\/uploads\/2010\/04\/educacao_informartica_e_learning.jpeg","datePublished":"2011-03-24T10:33:38+00:00","breadcrumb":{"@id":"https:\/\/inclusivenews.com.br\/?p=18845#breadcrumb"},"inLanguage":"pt-PT","potentialAction":[{"@type":"ReadAction","target":["https:\/\/inclusivenews.com.br\/?p=18845"]}]},{"@type":"ImageObject","inLanguage":"pt-PT","@id":"https:\/\/inclusivenews.com.br\/?p=18845#primaryimage","url":"","contentUrl":""},{"@type":"BreadcrumbList","@id":"https:\/\/inclusivenews.com.br\/?p=18845#breadcrumb","itemListElement":[{"@type":"ListItem","position":1,"name":"In\u00edcio","item":"https:\/\/inclusivenews.com.br\/"},{"@type":"ListItem","position":2,"name":"Tecnologia ajuda o desenvolvimento de crian\u00e7as com autismo"}]},{"@type":"WebSite","@id":"https:\/\/inclusivenews.com.br\/#website","url":"https:\/\/inclusivenews.com.br\/","name":"Inclusive News","description":"Inclusive News","publisher":{"@id":"https:\/\/inclusivenews.com.br\/#organization"},"potentialAction":[{"@type":"SearchAction","target":{"@type":"EntryPoint","urlTemplate":"https:\/\/inclusivenews.com.br\/?s={search_term_string}"},"query-input":{"@type":"PropertyValueSpecification","valueRequired":true,"valueName":"search_term_string"}}],"inLanguage":"pt-PT"},{"@type":"Organization","@id":"https:\/\/inclusivenews.com.br\/#organization","name":"Inclusive - inclus\u00e3o e cidadania","url":"https:\/\/inclusivenews.com.br\/","logo":{"@type":"ImageObject","inLanguage":"pt-PT","@id":"https:\/\/inclusivenews.com.br\/#\/schema\/logo\/image\/","url":"https:\/\/inclusivenews.com.br\/wp-content\/uploads\/2024\/03\/@grandesite.png","contentUrl":"https:\/\/inclusivenews.com.br\/wp-content\/uploads\/2024\/03\/@grandesite.png","width":1080,"height":1080,"caption":"Inclusive - inclus\u00e3o e cidadania"},"image":{"@id":"https:\/\/inclusivenews.com.br\/#\/schema\/logo\/image\/"},"sameAs":["https:\/\/www.facebook.com\/agenciainclusive\/","https:\/\/www.instagram.com\/newsinclusive\/"]},{"@type":"Person","@id":"https:\/\/inclusivenews.com.br\/#\/schema\/person\/ae4ec7087559b8692fb33b6fffd2273b","name":"inclusivenews2024","image":{"@type":"ImageObject","inLanguage":"pt-PT","@id":"https:\/\/secure.gravatar.com\/avatar\/c5a7ef84c66fa914f55bc4f7ce26cfa275a3b9a1c5568b907bd184fb4dde7b40?s=96&d=mm&r=g","url":"https:\/\/secure.gravatar.com\/avatar\/c5a7ef84c66fa914f55bc4f7ce26cfa275a3b9a1c5568b907bd184fb4dde7b40?s=96&d=mm&r=g","contentUrl":"https:\/\/secure.gravatar.com\/avatar\/c5a7ef84c66fa914f55bc4f7ce26cfa275a3b9a1c5568b907bd184fb4dde7b40?s=96&d=mm&r=g","caption":"inclusivenews2024"},"sameAs":["https:\/\/inclusivenews.com.br"],"url":"https:\/\/inclusivenews.com.br\/?author=1"}]}},"_links":{"self":[{"href":"https:\/\/inclusivenews.com.br\/index.php?rest_route=\/wp\/v2\/posts\/18845","targetHints":{"allow":["GET"]}}],"collection":[{"href":"https:\/\/inclusivenews.com.br\/index.php?rest_route=\/wp\/v2\/posts"}],"about":[{"href":"https:\/\/inclusivenews.com.br\/index.php?rest_route=\/wp\/v2\/types\/post"}],"author":[{"embeddable":true,"href":"https:\/\/inclusivenews.com.br\/index.php?rest_route=\/wp\/v2\/users\/1"}],"replies":[{"embeddable":true,"href":"https:\/\/inclusivenews.com.br\/index.php?rest_route=%2Fwp%2Fv2%2Fcomments&post=18845"}],"version-history":[{"count":0,"href":"https:\/\/inclusivenews.com.br\/index.php?rest_route=\/wp\/v2\/posts\/18845\/revisions"}],"wp:attachment":[{"href":"https:\/\/inclusivenews.com.br\/index.php?rest_route=%2Fwp%2Fv2%2Fmedia&parent=18845"}],"wp:term":[{"taxonomy":"category","embeddable":true,"href":"https:\/\/inclusivenews.com.br\/index.php?rest_route=%2Fwp%2Fv2%2Fcategories&post=18845"},{"taxonomy":"post_tag","embeddable":true,"href":"https:\/\/inclusivenews.com.br\/index.php?rest_route=%2Fwp%2Fv2%2Ftags&post=18845"}],"curies":[{"name":"wp","href":"https:\/\/api.w.org\/{rel}","templated":true}]}}