{"id":18849,"date":"2011-03-24T07:33:22","date_gmt":"2011-03-24T10:33:22","guid":{"rendered":"http:\/\/www.inclusive.org.br\/?p=18849"},"modified":"2011-03-24T07:33:22","modified_gmt":"2011-03-24T10:33:22","slug":"estudantes-se-manifestam-por-melhorias-na-educacao","status":"publish","type":"post","link":"https:\/\/inclusivenews.com.br\/?p=18849","title":{"rendered":"Estudantes se manifestam por melhorias na educa\u00e7\u00e3o"},"content":{"rendered":"<figure id=\"attachment_13969\" aria-describedby=\"caption-attachment-13969\" style=\"width: 265px\" class=\"wp-caption alignleft\"><a href=\"http:\/\/www.inclusivenews.com.br\/wp-content\/uploads\/2010\/02\/inclusive_educacao.jpg\"><img loading=\"lazy\" decoding=\"async\" class=\"size-full wp-image-13969\" title=\"Inclusive - problemas na educa\u00e7\u00e3o. A palavra educa\u00e7\u00e3o escrita com as letras invertidas e um aluno desolado em frente ao quadro negro.\" src=\"http:\/\/inclusivenews.com.br\/wp-content\/uploads\/2010\/02\/inclusive_educacao.jpg\" alt=\"Inclusive - problemas na educa\u00e7\u00e3o. A palavra educa\u00e7\u00e3o escrita com as letras invertidas e um aluno desolado em frente ao quadro negro.\" width=\"265\" height=\"200\" \/><\/a><figcaption id=\"caption-attachment-13969\" class=\"wp-caption-text\"> <\/figcaption><\/figure>\n<p>De Norte a Sul do Brasil, estudantes de v\u00e1rios segmentos est\u00e3o protagonizando, desde o dia 21, uma s\u00e9rie de manifesta\u00e7\u00f5es que integram a Jornada Nacional de Lutas dos Estudantes. A iniciativa \u00e9 da Uni\u00e3o Nacional dos Estudantes (UNE), da Uni\u00e3o Brasileira dos Estudantes Secundaristas (UBES) e da Associa\u00e7\u00e3o Nacional dos P\u00f3s Graduandos (ANPG) e tem por objetivo chamar a aten\u00e7\u00e3o da sociedade sobre a import\u00e2ncia de se ter mais investimento na educa\u00e7\u00e3o do pa\u00eds.<\/p>\n<p>Com o tema &#8220;A educa\u00e7\u00e3o tem que ser 10 \u2013 Por um Plano Nacional de Educa\u00e7\u00e3o (PNE) a Servi\u00e7o do Brasil\u201d, uma das principais reivindica\u00e7\u00f5es da jornada deste ano \u00e9 pelo investimento dos 10% do PIB [produto interno bruto] e de 50% do fundo social do Pr\u00e9-sal para a \u00e1rea da educa\u00e7\u00e3o. Para o presidente da UNE, Augusto Chagas, \u00e9 &#8220;necess\u00e1rio e urgente priorizar a educa\u00e7\u00e3o em todas as suas etapas\u201d.<\/p>\n<p>Passeatas, protestos, atos p\u00fablicos e culturais, ocupa\u00e7\u00f5es de universidades e escolas s\u00e3o algumas das atividades da Jornada, que segue at\u00e9 a pr\u00f3xima sexta-feira (25). &#8220;\u00c9 uma s\u00e9rie de atividades por todo o pa\u00eds. S\u00e3o 40 passeatas e 120 ocupa\u00e7\u00f5es\u201d, informou o diretor da UNE, Daniel Iliesco, explicando que a ocupa\u00e7\u00e3o significa se manifestar de alguma forma dentro do ambiente escolar.<\/p>\n<p>Daniel disse ainda que al\u00e9m do cronograma previsto para a Jornada Nacional, cada estado fortalecer\u00e1 as a\u00e7\u00f5es acrescentando as demandas regionais. Segundo Daniel, as atividades est\u00e3o acontecendo dentro das expectativas e &#8220;at\u00e9 acima do esperado\u201d.<\/p>\n<p>Em S\u00e3o Paulo, por exemplo, os estudantes realizaram uma passeata hoje (23) contra o aumento abusivo nas tarifas do transporte p\u00fablico, e caminharam at\u00e9 a Assembl\u00e9ia Legislativa do estado onde tramita a Proposta Emenda Constitucional (PEC) do Pr\u00e9-sal municipal, que cria o Fundo Estadual de Desenvolvimento Econ\u00f4mico e Social. De acordo com Daniel, os manifestantes foram bem recebidos pelos parlamentares paulistas.<\/p>\n<p>No Rio Grande do Sul, os estudantes pedem que o governador Tarso Genro (PT) d\u00ea aten\u00e7\u00e3o especial \u00e0 educa\u00e7\u00e3o no estado e mantenha um di\u00e1logo permanente com os movimentos sociais. Os universit\u00e1rios ga\u00fachos tamb\u00e9m protestam contra os cortes no or\u00e7amento da educa\u00e7\u00e3o feitos pelo Governo Federal. Na quinta-feira (24), haver\u00e1 uma mobiliza\u00e7\u00e3o na cidade de Novo Hamburgo na qual os estudantes reivindicar\u00e3o melhorias no transporte p\u00fablico.<\/p>\n<p>No Piau\u00ed, as entidades estudantis realizar\u00e3o um grande ato amanh\u00e3 (23) e, assim como os ga\u00fachos, tamb\u00e9m reivindicar\u00e3o melhorias no transporte p\u00fablico, a reestrutura\u00e7\u00e3o das escolas p\u00fablicas e a contrata\u00e7\u00e3o de mais professores.<\/p>\n<p>No Rio de Janeiro, os estudantes se manifestar\u00e3o na C\u00e2mara Municipal amanh\u00e3 (23) para pedir a aprova\u00e7\u00e3o do projeto de lei que garante a meia passagem no transporte p\u00fablico aos alunos do ProUni e para os que s\u00e3o beneficiados por programas de cotas e reserva de vagas.<\/p>\n<p>Um dos momentos mais esperados da Jornada Nacional de Lutas estudantis acontecer\u00e1 na quinta-feira (24) com a grande marcha que reunir\u00e1 cerca de 10 mil estudantes em Bras\u00edlia, Distrito Federal, para entregar a pauta de reivindica\u00e7\u00f5es para a presidenta Dilma Rousseff. &#8220;Tem uma chance muito grande de a Dilma nos receber\u201d, disse Daniel, que informou j\u00e1 estar confirmado um encontro com o ministro da Educa\u00e7\u00e3o, Fernando Haddad.<\/p>\n<p>Na audi\u00eancia com a nova presidenta, os estudantes apresentar\u00e3o as 59 emendas ao Plano Nacional de Educa\u00e7\u00e3o (PNE) e discutir\u00e3o sobre o veto do ex-presidente Lula ao projeto de lei que destina 50% do fundo social do Pr\u00e9-sal para a educa\u00e7\u00e3o, e sobre os recentes cortes no or\u00e7amento que podem prejudicar o financiamento das universidades.<\/p>\n<p>Campanha<\/p>\n<p>Durante a Jornada, os estudantes tamb\u00e9m lan\u00e7am a campanha &#8220;Educa\u00e7\u00e3o tem que ser 10!\u201d, com o objetivo de criar um ambiente virtual na internet, via twitter e outras redes sociais, para que diversos setores da sociedade possam contribuir com a constru\u00e7\u00e3o do PNE. A id\u00e9ia \u00e9 tamb\u00e9m desenvolver um blog colaborativo que fique no ar durante os 10 anos de vig\u00eancia do PNE. (acompanhe: @etqs10)<\/p>\n<p>Acompanhe a Jornada pelo site: <a href=\"http:\/\/www.une.org.br\/\">http:\/\/www.une.org.br\/<\/a><\/p>\n<p>___________<\/p>\n<p><strong>Fonte: <\/strong><a href=\"http:\/\/www.adital.org.br\/site\/noticia.asp?lang=PT&amp;cat=62&amp;cod=54882\">Adital<\/a><\/p>\n","protected":false},"excerpt":{"rendered":"<p>De Norte a Sul do Brasil, estudantes de v\u00e1rios segmentos est\u00e3o protagonizando, desde ontem (21), uma s\u00e9rie de manifesta\u00e7\u00f5es que integram a Jornada Nacional de Lutas dos Estudantes. Informa\u00e7\u00e3o \u00e9 da Adital.<\/p>\n","protected":false},"author":1,"featured_media":0,"comment_status":"open","ping_status":"open","sticky":false,"template":"","format":"standard","meta":{"site-container-style":"default","site-container-layout":"default","site-sidebar-layout":"default","disable-article-header":"default","disable-site-header":"default","disable-site-footer":"default","disable-content-area-spacing":"default","footnotes":""},"categories":[6,4],"tags":[],"class_list":["post-18849","post","type-post","status-publish","format-standard","hentry","category-educacao","category-noticias"],"yoast_head":"<!-- This site is optimized with the Yoast SEO plugin v27.4 - https:\/\/yoast.com\/product\/yoast-seo-wordpress\/ -->\n<title>Estudantes se manifestam por melhorias na educa\u00e7\u00e3o -<\/title>\n<meta name=\"robots\" content=\"index, follow, max-snippet:-1, max-image-preview:large, max-video-preview:-1\" \/>\n<link rel=\"canonical\" href=\"https:\/\/inclusivenews.com.br\/?p=18849\" \/>\n<meta property=\"og:locale\" content=\"pt_PT\" \/>\n<meta property=\"og:type\" content=\"article\" \/>\n<meta property=\"og:title\" content=\"Estudantes se manifestam por melhorias na educa\u00e7\u00e3o -\" \/>\n<meta property=\"og:description\" content=\"De Norte a Sul do Brasil, estudantes de v\u00e1rios segmentos est\u00e3o protagonizando, desde ontem (21), uma s\u00e9rie de manifesta\u00e7\u00f5es que integram a Jornada Nacional de Lutas dos Estudantes. Informa\u00e7\u00e3o \u00e9 da Adital.\" \/>\n<meta property=\"og:url\" content=\"https:\/\/inclusivenews.com.br\/?p=18849\" \/>\n<meta property=\"article:publisher\" content=\"https:\/\/www.facebook.com\/agenciainclusive\/\" \/>\n<meta property=\"article:published_time\" content=\"2011-03-24T10:33:22+00:00\" \/>\n<meta property=\"og:image\" content=\"http:\/\/inclusivenews.com.br\/wp-content\/uploads\/2010\/02\/inclusive_educacao.jpg\" \/>\n<meta name=\"author\" content=\"inclusivenews2024\" \/>\n<meta name=\"twitter:card\" content=\"summary_large_image\" \/>\n<meta name=\"twitter:label1\" content=\"Escrito por\" \/>\n\t<meta name=\"twitter:data1\" content=\"inclusivenews2024\" \/>\n\t<meta name=\"twitter:label2\" content=\"Tempo estimado de leitura\" \/>\n\t<meta name=\"twitter:data2\" content=\"4 minutos\" \/>\n<script type=\"application\/ld+json\" class=\"yoast-schema-graph\">{\"@context\":\"https:\\\/\\\/schema.org\",\"@graph\":[{\"@type\":\"Article\",\"@id\":\"https:\\\/\\\/inclusivenews.com.br\\\/?p=18849#article\",\"isPartOf\":{\"@id\":\"https:\\\/\\\/inclusivenews.com.br\\\/?p=18849\"},\"author\":{\"name\":\"inclusivenews2024\",\"@id\":\"https:\\\/\\\/inclusivenews.com.br\\\/#\\\/schema\\\/person\\\/ae4ec7087559b8692fb33b6fffd2273b\"},\"headline\":\"Estudantes se manifestam por melhorias na educa\u00e7\u00e3o\",\"datePublished\":\"2011-03-24T10:33:22+00:00\",\"mainEntityOfPage\":{\"@id\":\"https:\\\/\\\/inclusivenews.com.br\\\/?p=18849\"},\"wordCount\":717,\"commentCount\":0,\"publisher\":{\"@id\":\"https:\\\/\\\/inclusivenews.com.br\\\/#organization\"},\"image\":{\"@id\":\"https:\\\/\\\/inclusivenews.com.br\\\/?p=18849#primaryimage\"},\"thumbnailUrl\":\"http:\\\/\\\/inclusivenews.com.br\\\/wp-content\\\/uploads\\\/2010\\\/02\\\/inclusive_educacao.jpg\",\"articleSection\":[\"EDUCA\u00c7\u00c3O\",\"NOT\u00cdCIAS\"],\"inLanguage\":\"pt-PT\",\"potentialAction\":[{\"@type\":\"CommentAction\",\"name\":\"Comment\",\"target\":[\"https:\\\/\\\/inclusivenews.com.br\\\/?p=18849#respond\"]}]},{\"@type\":\"WebPage\",\"@id\":\"https:\\\/\\\/inclusivenews.com.br\\\/?p=18849\",\"url\":\"https:\\\/\\\/inclusivenews.com.br\\\/?p=18849\",\"name\":\"Estudantes se manifestam por melhorias na educa\u00e7\u00e3o -\",\"isPartOf\":{\"@id\":\"https:\\\/\\\/inclusivenews.com.br\\\/#website\"},\"primaryImageOfPage\":{\"@id\":\"https:\\\/\\\/inclusivenews.com.br\\\/?p=18849#primaryimage\"},\"image\":{\"@id\":\"https:\\\/\\\/inclusivenews.com.br\\\/?p=18849#primaryimage\"},\"thumbnailUrl\":\"http:\\\/\\\/inclusivenews.com.br\\\/wp-content\\\/uploads\\\/2010\\\/02\\\/inclusive_educacao.jpg\",\"datePublished\":\"2011-03-24T10:33:22+00:00\",\"breadcrumb\":{\"@id\":\"https:\\\/\\\/inclusivenews.com.br\\\/?p=18849#breadcrumb\"},\"inLanguage\":\"pt-PT\",\"potentialAction\":[{\"@type\":\"ReadAction\",\"target\":[\"https:\\\/\\\/inclusivenews.com.br\\\/?p=18849\"]}]},{\"@type\":\"ImageObject\",\"inLanguage\":\"pt-PT\",\"@id\":\"https:\\\/\\\/inclusivenews.com.br\\\/?p=18849#primaryimage\",\"url\":\"\",\"contentUrl\":\"\"},{\"@type\":\"BreadcrumbList\",\"@id\":\"https:\\\/\\\/inclusivenews.com.br\\\/?p=18849#breadcrumb\",\"itemListElement\":[{\"@type\":\"ListItem\",\"position\":1,\"name\":\"In\u00edcio\",\"item\":\"https:\\\/\\\/inclusivenews.com.br\\\/\"},{\"@type\":\"ListItem\",\"position\":2,\"name\":\"Estudantes se manifestam por melhorias na educa\u00e7\u00e3o\"}]},{\"@type\":\"WebSite\",\"@id\":\"https:\\\/\\\/inclusivenews.com.br\\\/#website\",\"url\":\"https:\\\/\\\/inclusivenews.com.br\\\/\",\"name\":\"Inclusive News\",\"description\":\"Inclusive News\",\"publisher\":{\"@id\":\"https:\\\/\\\/inclusivenews.com.br\\\/#organization\"},\"potentialAction\":[{\"@type\":\"SearchAction\",\"target\":{\"@type\":\"EntryPoint\",\"urlTemplate\":\"https:\\\/\\\/inclusivenews.com.br\\\/?s={search_term_string}\"},\"query-input\":{\"@type\":\"PropertyValueSpecification\",\"valueRequired\":true,\"valueName\":\"search_term_string\"}}],\"inLanguage\":\"pt-PT\"},{\"@type\":\"Organization\",\"@id\":\"https:\\\/\\\/inclusivenews.com.br\\\/#organization\",\"name\":\"Inclusive - inclus\u00e3o e cidadania\",\"url\":\"https:\\\/\\\/inclusivenews.com.br\\\/\",\"logo\":{\"@type\":\"ImageObject\",\"inLanguage\":\"pt-PT\",\"@id\":\"https:\\\/\\\/inclusivenews.com.br\\\/#\\\/schema\\\/logo\\\/image\\\/\",\"url\":\"https:\\\/\\\/inclusivenews.com.br\\\/wp-content\\\/uploads\\\/2024\\\/03\\\/@grandesite.png\",\"contentUrl\":\"https:\\\/\\\/inclusivenews.com.br\\\/wp-content\\\/uploads\\\/2024\\\/03\\\/@grandesite.png\",\"width\":1080,\"height\":1080,\"caption\":\"Inclusive - inclus\u00e3o e cidadania\"},\"image\":{\"@id\":\"https:\\\/\\\/inclusivenews.com.br\\\/#\\\/schema\\\/logo\\\/image\\\/\"},\"sameAs\":[\"https:\\\/\\\/www.facebook.com\\\/agenciainclusive\\\/\",\"https:\\\/\\\/www.instagram.com\\\/newsinclusive\\\/\"]},{\"@type\":\"Person\",\"@id\":\"https:\\\/\\\/inclusivenews.com.br\\\/#\\\/schema\\\/person\\\/ae4ec7087559b8692fb33b6fffd2273b\",\"name\":\"inclusivenews2024\",\"image\":{\"@type\":\"ImageObject\",\"inLanguage\":\"pt-PT\",\"@id\":\"https:\\\/\\\/secure.gravatar.com\\\/avatar\\\/c5a7ef84c66fa914f55bc4f7ce26cfa275a3b9a1c5568b907bd184fb4dde7b40?s=96&d=mm&r=g\",\"url\":\"https:\\\/\\\/secure.gravatar.com\\\/avatar\\\/c5a7ef84c66fa914f55bc4f7ce26cfa275a3b9a1c5568b907bd184fb4dde7b40?s=96&d=mm&r=g\",\"contentUrl\":\"https:\\\/\\\/secure.gravatar.com\\\/avatar\\\/c5a7ef84c66fa914f55bc4f7ce26cfa275a3b9a1c5568b907bd184fb4dde7b40?s=96&d=mm&r=g\",\"caption\":\"inclusivenews2024\"},\"sameAs\":[\"https:\\\/\\\/inclusivenews.com.br\"],\"url\":\"https:\\\/\\\/inclusivenews.com.br\\\/?author=1\"}]}<\/script>\n<!-- \/ Yoast SEO plugin. -->","yoast_head_json":{"title":"Estudantes se manifestam por melhorias na educa\u00e7\u00e3o -","robots":{"index":"index","follow":"follow","max-snippet":"max-snippet:-1","max-image-preview":"max-image-preview:large","max-video-preview":"max-video-preview:-1"},"canonical":"https:\/\/inclusivenews.com.br\/?p=18849","og_locale":"pt_PT","og_type":"article","og_title":"Estudantes se manifestam por melhorias na educa\u00e7\u00e3o -","og_description":"De Norte a Sul do Brasil, estudantes de v\u00e1rios segmentos est\u00e3o protagonizando, desde ontem (21), uma s\u00e9rie de manifesta\u00e7\u00f5es que integram a Jornada Nacional de Lutas dos Estudantes. Informa\u00e7\u00e3o \u00e9 da Adital.","og_url":"https:\/\/inclusivenews.com.br\/?p=18849","article_publisher":"https:\/\/www.facebook.com\/agenciainclusive\/","article_published_time":"2011-03-24T10:33:22+00:00","og_image":[{"url":"http:\/\/inclusivenews.com.br\/wp-content\/uploads\/2010\/02\/inclusive_educacao.jpg","type":"","width":"","height":""}],"author":"inclusivenews2024","twitter_card":"summary_large_image","twitter_misc":{"Escrito por":"inclusivenews2024","Tempo estimado de leitura":"4 minutos"},"schema":{"@context":"https:\/\/schema.org","@graph":[{"@type":"Article","@id":"https:\/\/inclusivenews.com.br\/?p=18849#article","isPartOf":{"@id":"https:\/\/inclusivenews.com.br\/?p=18849"},"author":{"name":"inclusivenews2024","@id":"https:\/\/inclusivenews.com.br\/#\/schema\/person\/ae4ec7087559b8692fb33b6fffd2273b"},"headline":"Estudantes se manifestam por melhorias na educa\u00e7\u00e3o","datePublished":"2011-03-24T10:33:22+00:00","mainEntityOfPage":{"@id":"https:\/\/inclusivenews.com.br\/?p=18849"},"wordCount":717,"commentCount":0,"publisher":{"@id":"https:\/\/inclusivenews.com.br\/#organization"},"image":{"@id":"https:\/\/inclusivenews.com.br\/?p=18849#primaryimage"},"thumbnailUrl":"http:\/\/inclusivenews.com.br\/wp-content\/uploads\/2010\/02\/inclusive_educacao.jpg","articleSection":["EDUCA\u00c7\u00c3O","NOT\u00cdCIAS"],"inLanguage":"pt-PT","potentialAction":[{"@type":"CommentAction","name":"Comment","target":["https:\/\/inclusivenews.com.br\/?p=18849#respond"]}]},{"@type":"WebPage","@id":"https:\/\/inclusivenews.com.br\/?p=18849","url":"https:\/\/inclusivenews.com.br\/?p=18849","name":"Estudantes se manifestam por melhorias na educa\u00e7\u00e3o -","isPartOf":{"@id":"https:\/\/inclusivenews.com.br\/#website"},"primaryImageOfPage":{"@id":"https:\/\/inclusivenews.com.br\/?p=18849#primaryimage"},"image":{"@id":"https:\/\/inclusivenews.com.br\/?p=18849#primaryimage"},"thumbnailUrl":"http:\/\/inclusivenews.com.br\/wp-content\/uploads\/2010\/02\/inclusive_educacao.jpg","datePublished":"2011-03-24T10:33:22+00:00","breadcrumb":{"@id":"https:\/\/inclusivenews.com.br\/?p=18849#breadcrumb"},"inLanguage":"pt-PT","potentialAction":[{"@type":"ReadAction","target":["https:\/\/inclusivenews.com.br\/?p=18849"]}]},{"@type":"ImageObject","inLanguage":"pt-PT","@id":"https:\/\/inclusivenews.com.br\/?p=18849#primaryimage","url":"","contentUrl":""},{"@type":"BreadcrumbList","@id":"https:\/\/inclusivenews.com.br\/?p=18849#breadcrumb","itemListElement":[{"@type":"ListItem","position":1,"name":"In\u00edcio","item":"https:\/\/inclusivenews.com.br\/"},{"@type":"ListItem","position":2,"name":"Estudantes se manifestam por melhorias na educa\u00e7\u00e3o"}]},{"@type":"WebSite","@id":"https:\/\/inclusivenews.com.br\/#website","url":"https:\/\/inclusivenews.com.br\/","name":"Inclusive News","description":"Inclusive News","publisher":{"@id":"https:\/\/inclusivenews.com.br\/#organization"},"potentialAction":[{"@type":"SearchAction","target":{"@type":"EntryPoint","urlTemplate":"https:\/\/inclusivenews.com.br\/?s={search_term_string}"},"query-input":{"@type":"PropertyValueSpecification","valueRequired":true,"valueName":"search_term_string"}}],"inLanguage":"pt-PT"},{"@type":"Organization","@id":"https:\/\/inclusivenews.com.br\/#organization","name":"Inclusive - inclus\u00e3o e cidadania","url":"https:\/\/inclusivenews.com.br\/","logo":{"@type":"ImageObject","inLanguage":"pt-PT","@id":"https:\/\/inclusivenews.com.br\/#\/schema\/logo\/image\/","url":"https:\/\/inclusivenews.com.br\/wp-content\/uploads\/2024\/03\/@grandesite.png","contentUrl":"https:\/\/inclusivenews.com.br\/wp-content\/uploads\/2024\/03\/@grandesite.png","width":1080,"height":1080,"caption":"Inclusive - inclus\u00e3o e cidadania"},"image":{"@id":"https:\/\/inclusivenews.com.br\/#\/schema\/logo\/image\/"},"sameAs":["https:\/\/www.facebook.com\/agenciainclusive\/","https:\/\/www.instagram.com\/newsinclusive\/"]},{"@type":"Person","@id":"https:\/\/inclusivenews.com.br\/#\/schema\/person\/ae4ec7087559b8692fb33b6fffd2273b","name":"inclusivenews2024","image":{"@type":"ImageObject","inLanguage":"pt-PT","@id":"https:\/\/secure.gravatar.com\/avatar\/c5a7ef84c66fa914f55bc4f7ce26cfa275a3b9a1c5568b907bd184fb4dde7b40?s=96&d=mm&r=g","url":"https:\/\/secure.gravatar.com\/avatar\/c5a7ef84c66fa914f55bc4f7ce26cfa275a3b9a1c5568b907bd184fb4dde7b40?s=96&d=mm&r=g","contentUrl":"https:\/\/secure.gravatar.com\/avatar\/c5a7ef84c66fa914f55bc4f7ce26cfa275a3b9a1c5568b907bd184fb4dde7b40?s=96&d=mm&r=g","caption":"inclusivenews2024"},"sameAs":["https:\/\/inclusivenews.com.br"],"url":"https:\/\/inclusivenews.com.br\/?author=1"}]}},"_links":{"self":[{"href":"https:\/\/inclusivenews.com.br\/index.php?rest_route=\/wp\/v2\/posts\/18849","targetHints":{"allow":["GET"]}}],"collection":[{"href":"https:\/\/inclusivenews.com.br\/index.php?rest_route=\/wp\/v2\/posts"}],"about":[{"href":"https:\/\/inclusivenews.com.br\/index.php?rest_route=\/wp\/v2\/types\/post"}],"author":[{"embeddable":true,"href":"https:\/\/inclusivenews.com.br\/index.php?rest_route=\/wp\/v2\/users\/1"}],"replies":[{"embeddable":true,"href":"https:\/\/inclusivenews.com.br\/index.php?rest_route=%2Fwp%2Fv2%2Fcomments&post=18849"}],"version-history":[{"count":0,"href":"https:\/\/inclusivenews.com.br\/index.php?rest_route=\/wp\/v2\/posts\/18849\/revisions"}],"wp:attachment":[{"href":"https:\/\/inclusivenews.com.br\/index.php?rest_route=%2Fwp%2Fv2%2Fmedia&parent=18849"}],"wp:term":[{"taxonomy":"category","embeddable":true,"href":"https:\/\/inclusivenews.com.br\/index.php?rest_route=%2Fwp%2Fv2%2Fcategories&post=18849"},{"taxonomy":"post_tag","embeddable":true,"href":"https:\/\/inclusivenews.com.br\/index.php?rest_route=%2Fwp%2Fv2%2Ftags&post=18849"}],"curies":[{"name":"wp","href":"https:\/\/api.w.org\/{rel}","templated":true}]}}